{"id":21694,"date":"2011-11-30T10:18:05","date_gmt":"2011-11-30T13:18:05","guid":{"rendered":"http:\/\/www.inclusive.org.br\/?p=21694"},"modified":"2011-11-30T10:18:05","modified_gmt":"2011-11-30T13:18:05","slug":"50-leituras-sobre-o-ecocidio-de-belo-monte-1%c2%aa-parte","status":"publish","type":"post","link":"https:\/\/inclusivenews.com.br\/?p=21694","title":{"rendered":"50 leituras sobre o ecoc\u00eddio de Belo Monte, 1\u00aa parte"},"content":{"rendered":"<figure id=\"attachment_21403\" aria-describedby=\"caption-attachment-21403\" style=\"width: 261px\" class=\"wp-caption alignleft\"><img loading=\"lazy\" decoding=\"async\" class=\"size-full wp-image-21403\" title=\"Vista a\u00e9rea da \u00e1rea a ser alagada pela usina de Belo Monte\" src=\"http:\/\/inclusivenews.com.br\/wp-content\/uploads\/Belo-monte-2-652x434.jpg\" alt=\"Vista a\u00e9rea da \u00e1rea a ser alagada pela usina de Belo Monte\" width=\"261\" height=\"174\" \/><figcaption id=\"caption-attachment-21403\" class=\"wp-caption-text\"> <\/figcaption><\/figure>\n<p><strong>Por Idelber Avelar<br \/>\nno Outro Olhar<\/strong><\/p>\n<p>A bibliografia comentada que segue abaixo \u00e9 um guia para se entender melhor a gravidade do que o Brasil est\u00e1 prestes a fazer com as popula\u00e7\u00f5es ind\u00edgenas, ribeirinhas e lavradoras do Xingu, e com seu pr\u00f3prio ecossistema como um todo. Dividida por t\u00f3picos, essa bibliografia inclui estudiosos que se debru\u00e7am sobre o tema Belo Monte h\u00e1 d\u00e9cadas, como Oswaldo Sev\u00e1, da Unicamp, e C\u00e9lio Bermann, da USP, lideran\u00e7as ind\u00edgenas como Raoni Metuktire, um intelectual brasileiro que est\u00e1 entre os mais respeitados do mundo hoje, o antrop\u00f3logo Eduardo Viveiros de Castro, materiais produzidos pelo Minist\u00e9rio P\u00fablico Federal e testemunhos de movimentos populares da regi\u00e3o do Xingu. Depois de cada link, h\u00e1 um breve par\u00e1grafo de minha autoria que tenta resumir a import\u00e2ncia daquele \u00edtem. Nada substitui, claro, a leitura completa dos pr\u00f3prios textos.<\/p>\n<p>Como se ver\u00e1, v\u00e1rias das afirmativas usadas para justificar a constru\u00e7\u00e3o da usina n\u00e3o resistem \u00e0 an\u00e1lise. Quando se diz que \u201co Brasil precisa\u201d de mais energia, h\u00e1 que se questionar o que se entende aqui por \u201cBrasil\u201d e o que se entende por \u201cprecisar\u201d. Quando se fala de impacto \u201cindireto\u201d sobre uma determinada popula\u00e7\u00e3o, h\u00e1 que se interrogar o que essa palavra, \u201cindireto\u201d, esconde. Ao ouvir falar de consequ\u00eancias \u201clocais\u201d da obra, tamb\u00e9m vale a pena se perguntar o que quer dizer exatamente \u201clocal\u201d. Quando a defesa de Belo Monte se traveste da pergunta \u201cqual \u00e9 a alternativa\u201d, h\u00e1 que se saber alternativa a qu\u00ea, para quem e segundo qual modelo.<\/p>\n<p><strong>Introdu\u00e7\u00e3o<\/strong><\/p>\n<p>1. <a href=\"http:\/\/www.xinguvivo.org.br\/2010\/10\/14\/historico\/\">Cronologia do caso<\/a>: o projeto de Belo Monte foi concebido pela ditadura militar brasileira em 1975. Ele traz as marcas da geopol\u00edtica de Golbery do Couto e Silva, que v\u00ea a Amaz\u00f4nia como t\u00e1bula rasa, fonte de recursos a serem pilhados e regi\u00e3o que deve se submeter a uma moderniza\u00e7\u00e3o tecnocr\u00e1tica. Os defensores do projeto hoje argumentam que ele j\u00e1 n\u00e3o \u00e9 o mesmo da ditadura, o que \u00e9 verdade. O projeto original concebia uma \u00e1rea de alagamento maior e um n\u00famero maior de barragens. Como consequ\u00eancia das lutas dos povos do Xingu, esses elementos foram modificados, como se ver\u00e1 abaixo. Mas a cronologia mostra que a concep\u00e7\u00e3o que rege o projeto mant\u00e9m-se rigorosamente a mesma.<\/p>\n<p>2. <a href=\"http:\/\/www.xinguvivo.org.br\/2010\/10\/14\/perguntas-frequentes\/\">Perguntas frequentes sobre Belo Monte<\/a>: para quem ainda n\u00e3o entende \u201cpor que tanto barulho\u201d sobre este caso, este \u00e9 o link ideal para se come\u00e7ar. Eles traz os dados sobre realmente qual \u00e9 a quantidade de afetados pelo projeto, quantas etnias ind\u00edgenas seriam impactadas, a \u00e1rea de alagamento e outros dados essenciais.<\/p>\n<p>3. <a href=\"http:\/\/www.fem.unicamp.br\/%7Eseva\/Tenota-Mo_caps1a3_pag92.pdf\">Povos ind\u00edgenas, as cidades e os beiradeiros do Rio Xingu que a empresa de eletricidade insiste em barrar<\/a> (p\u00e1ginas 29 a 54 do pdf): este \u00e9 o principal cap\u00edtulo do livro organizado por Oswaldo Sev\u00e1 em 2005, <em>Tenot\u00e3-Mo<\/em>. Aqui, um dos maiores especialistas brasileiros em energia conta a hist\u00f3ria em detalhes, mostrando que tudo o que est\u00e1 sendo dito agora pelo governo federal sobre Belo Monte foi dito antes sobre Tucuru\u00ed, e provado falso. Sev\u00e1 mostra, por exemplo, que a empresa j\u00e1 sabia, nos anos 70, gra\u00e7as a estudos do CNEC, das popula\u00e7\u00f5es de beiradeiros em toda a Volta Grande. A Eletronorte escondeu esses dados, assim como escondeu outros e falsificou outros. Sev\u00e1 demonstra que, do ponto de vista da l\u00f3gica do investimento, n\u00e3o faz o menor sentido insistir que somente a usina de Belo Monte ser\u00e1 constru\u00edda, mesmo que o projeto inicial, de seis barragens, tenha sido formalmente engavetado. Quem est\u00e1 dizendo que Belo Monte n\u00e3o \u00e9 uma porta de abertura para outras hidrel\u00e9tricas no Xingu mente ou se ilude. \u00c9 s\u00f3 fazer as contas.<\/p>\n<p>4. <a href=\"http:\/\/belomontedeviolencias.blogspot.com\/search\/label\/hist%C3%B3rico%20judicial\">Hist\u00f3rico judicial do caso<\/a>: escrito pelo Procurador do Minist\u00e9rio P\u00fablico Federal no Par\u00e1, Fel\u00edcio Pontes, Jr., este assustador relato mostra como o projeto tem sido imposto goela abaixo da popula\u00e7\u00e3o desde o ano 2000, sem nenhuma diferen\u00e7a significativa entre os governos FHC, Lula e Dilma. Aqui voc\u00ea encontrar\u00e1 toda a hist\u00f3ria do desrespeito \u00e0 lei, incluindo-se dispensas de licita\u00e7\u00e3o legal, aus\u00eancia de oitivas \u00e0s popula\u00e7\u00f5es ind\u00edgenas afetadas (ou oitivas fict\u00edcias, marcadas em cima da hora, em lugares inapropriados, com toda a sorte de obst\u00e1culos \u00e0 participa\u00e7\u00e3o dos ind\u00edgenas), condicionantes ambientais n\u00e3o cumpridas, bizarras jabuticabas n\u00e3o existentes no marco regulat\u00f3rio (como a \u201clicen\u00e7a parcial\u201d e a \u201clicen\u00e7a tempor\u00e1ria\u201d) e intensas press\u00f5es sobre o Ibama. O relato faz pensar: por que, afinal de contas, a lei vale para alguns e n\u00e3o para outros?<\/p>\n<p><strong>O impacto humano<\/strong>:<\/p>\n<p>5. <a href=\"http:\/\/www.xinguvivo.org.br\/2010\/10\/24\/resumo-dos-impactos-sociais\/\">Resumo dos impactos sociais<\/a>: este \u00e9 um resumo bem breve, que inclui somente o impacto imediato sobre as popula\u00e7\u00f5es do Xingu. O impacto chamado \u201cindireto\u201d \u2013 palavrinha que sempre deve ser questionada aqui \u2013 vai muito al\u00e9m disso, como se ver\u00e1 abaixo.<\/p>\n<p>6. <a href=\"http:\/\/pontodepauta.wordpress.com\/2011\/10\/01\/a-fala-de-raoni-na-onu\/\">Fala do l\u00edder Raoni Metuktire na ONU<\/a> e\u00a07. <a href=\"http:\/\/www.youtube.com\/watch?v=_tz_t6HdR44&amp;feature=related\">Raoni promete: \u201cvamos lutar at\u00e9 o fim\u201d<\/a>: antes de falar de megawatts, \u201calternativas\u201d, \u00e1rea de alagamento, \u00e9 imperativo ouvir o que dizem os povos do Xingu. Nestes dois v\u00eddeos, Raoni Metuktire testemunha a contamina\u00e7\u00e3o e envenenamento do Rio Xingu pelo agroneg\u00f3cio, pela pecu\u00e1ria e pela minera\u00e7\u00e3o. Agora voc\u00ea imagine qual ser\u00e1 a situa\u00e7\u00e3o depois de um empreendimento desse gigantismo, com a migra\u00e7\u00e3o de dezenas de milhares de pessoas e o desalojamento de outros tantos milhares. No segundo v\u00eddeo, ele alerta para as mortes de peixes como consequ\u00eancia da usina \u2013 fen\u00f4meno j\u00e1 bem conhecido dos que est\u00e3o acompanhando as trag\u00e9dias no ex-Rio Tocantins. Depois da fala de Raoni, fica a pergunta: quem discute o \u201cimpacto\u201d de Belo Monte sobre os \u00edndios da regi\u00e3o dizendo que \u201cnenhuma terra ind\u00edgena ser\u00e1 alagada\u201d usa qual tipo de \u00f3leo de peroba na cara?<\/p>\n<p>8. <a href=\"http:\/\/www.xinguvivo.org.br\/2011\/09\/23\/a-verdadeira-cara-da-norte-energia-em-video\/\">A verdadeira cara da Norte Energia em v\u00eddeo<\/a>: aqui voc\u00ea tem uma ideia de como funcionam as \u201ccompensa\u00e7\u00f5es\u201d dadas pela ind\u00fastria barrageira a seus afetados: as amea\u00e7as, as desapropria\u00e7\u00f5es, os pagamentos escandalosamente abaixo do pre\u00e7o de mercado e a revolta dos moradores, donos leg\u00edtimos de seus terrenos e casas, de repente expulsos por uma empresa privada. Pergunte-se, habitante do Sul Maravilha: e se fosse na sua casa?<\/p>\n<p>9. <a href=\"http:\/\/blogdosakamoto.uol.com.br\/2011\/04\/09\/belo-monte-nao-vai-sair-porque-e-uma-grande-farsa\/\">Depoimentos de lideran\u00e7as ind\u00edgenas e ribeirinhas<\/a>: neste post, o grande jornalista Leonardo Sakamoto compila alguns testemunhos in loco. Sobre as oitivas: <em>Quem veio nas audi\u00eancias do governo, n\u00e3o teve resposta para as suas perguntas. Al\u00e9m disso, organizaram audi\u00eancias em cima da hora para n\u00e3o podermos participar<\/em>. Sobre o cemit\u00e9rio que se encontra na regi\u00e3o: <em>Perguntamos o que eles v\u00e3o fazer com o nosso cemit\u00e9rio. Eles disseram que isso \u00e9 sentimentalismo<\/em>. H\u00e1 muito mais acerca de como o povo da regi\u00e3o tem sido tratado.<\/p>\n<p>10. <a href=\"http:\/\/blogdosakamoto.uol.com.br\/2007\/06\/04\/povos-indigenas-lancam-manifesto-contra-usina-no-rio-xingu\/\">Carta aberta dos povos ind\u00edgenas<\/a>: de novo no Blog do Sakamoto, \u00e9 um texto contundente e claro, para quem tem alguma d\u00favida sobre qual \u00e9 a posi\u00e7\u00e3o dos povos ind\u00edgenas da regi\u00e3o. Aten\u00e7\u00e3o para a quantidade de povos e associa\u00e7\u00f5es que assinam a carta. Depois da leitura desses documentos, acredito ser patentemente imposs\u00edvel crer na lorota etnoc\u00eantrica de que os ind\u00edgenas s\u00e3o contra Belo Monte porque \u201ctem muita gente l\u00e1 dizendo a eles que vai ser o fim do mundo\u201d (sim, este \u00e9 um \u201cargumento\u201d frequentemente ouvido).<\/p>\n<p><strong>A l\u00f3gica predat\u00f3ria do capitalismo barrageiro<\/strong>:<\/p>\n<p>11. <a href=\"http:\/\/www.correiocidadania.com.br\/index.php?option=com_content&amp;view=article&amp;id=6161:manchete110811&amp;catid=34:manchete\">Grandes e pol\u00eamicas obras ser\u00e3o chamadas, no Brasil, a \u2018salvar\u2019 o capitalismo global<\/a>: esta entrevista com Oswaldo Sev\u00e1 talvez seja a melhor introdu\u00e7\u00e3o geral ao ecoc\u00eddio. \u00c9 uma explica\u00e7\u00e3o clara dos interesses que movem esse gigantesco neg\u00f3cio; de como funciona o Minist\u00e9rio das Minas e Energia do Brasil; da sequ\u00eancia de mentiras\u2014algumas inclusive contradit\u00f3rias umas com as outras\u2014contadas pela ind\u00fastria. Sev\u00e1 mostra tamb\u00e9m que \u201co Brasil precisa de mais energia\u201d \u00e9 uma frase que convenientemente esconde uma s\u00e9rie de fatos: que h\u00e1 folga operacional nas usinas constru\u00eddas; h\u00e1 m\u00e1quinas de reserva que podem ser acionadas; que as represas est\u00e3o cheias h\u00e1 v\u00e1rios anos; que uma enorme quantidade de energia pode ser gerada com a simples limpeza de turbinas. Em outras palavras, Sev\u00e1 demonstra cabalmente que Belo Monte est\u00e1 sendo constru\u00edda por raz\u00f5es outras que \u201co Brasil precisa de mais energia\u201d. \u00c9 a constru\u00e7\u00e3o em si que d\u00e1 um lucro tremendo, gerando, depois, energia subsidiada para as ind\u00fastrias eletrointensivas.<\/p>\n<p>12. <a href=\"http:\/\/revistaepoca.globo.com\/Sociedade\/noticia\/2011\/10\/belo-monte-nosso-dinheiro-e-o-bigode-do-sarney.html\">Belo Monte, nosso dinheiro e o bigode do Sarney<\/a>: esta entrevista de Eliane Brum com C\u00e9lio Bermann, professor da USP, detalha um pouco mais sobre a caixa preta do setor energ\u00e9tico do pa\u00eds, a fic\u00e7\u00e3o da energia a R$ 78 o megawatt-hora (que n\u00e3o pagaria nem o capital investido, demonstrando mais uma vez que \u00e9 na constru\u00e7\u00e3o que se joga o interesse econ\u00f4mico), a insanidade do modelo de gera\u00e7\u00e3o de energia el\u00e9trica para abastecer multinacionais do alum\u00ednio que empregam pouqu\u00edssima gente, a mir\u00edade de alternativas que temos para evitar o ecoc\u00eddio. Recomendad\u00edssima.<\/p>\n<p>13. <a href=\"http:\/\/revistaepoca.globo.com\/Sociedade\/noticia\/2011\/09\/um-procurador-contra-belo-monte.html\">Um procurador contra Belo Monte<\/a>: outra entrevista essencial de Eliane Brum, desta vez com Fel\u00edcio Pontes Jr., o brasileiro que mais admiro hoje. Dr. Fel\u00edcio explica tanto a luta jur\u00eddica contra o projeto como alguns de seus impactos mais devastadores: a redu\u00e7\u00e3o de 80% a 90% da vaz\u00e3o do Xingu em 100 km de sua extens\u00e3o (algo assim como a dist\u00e2ncia entre a Pra\u00e7a da S\u00e9 e o centro de Campinas), a extin\u00e7\u00e3o de 270 esp\u00e9cies de peixes e o desmatamento, companheiro fiel das hidrel\u00e9tricas na Amaz\u00f4nia, e que no caso de Belo Monte pode chegar a 5.300 km al\u00e9m da \u00e1rea alagada. \u00c9 uma leitura essencial, de um brasileiro comprometido com o povo que representa.<\/p>\n<p>14. <a href=\"http:\/\/blogdosakamoto.uol.com.br\/2011\/08\/09\/dilma-diz-que-belo-monte-nao-atingira-indigenas-ah-va\/\">Dilma diz que Belo Monte n\u00e3o atingir\u00e1 ind\u00edgenas. Ah, v\u00e1!<\/a> Do Blog do Sakamoto, este \u00e9 um texto sucinto, r\u00e1pido e perfeito para responder \u00e0 insistente equa\u00e7\u00e3o entre \u201cafetados\u201d e \u201calagados\u201d. Como n\u00e3o haver\u00e1 terras ind\u00edgenas alagadas, a ind\u00fastria barrageira e o governo sistematicamente repetem o bord\u00e3o de que os ind\u00edgenas do Xingu n\u00e3o ser\u00e3o afetados. Ora, a preocupa\u00e7\u00e3o \u00e9 justamente a contr\u00e1ria, o fato de que 100 km da Volta Grande v\u00e3o praticamente secar, afetando n\u00e3o s\u00f3 a navegabilidade como extinguindo fauna e flora e provocando inseguran\u00e7a alimentar. Para n\u00e3o falar, claro, dos milh\u00f5es de po\u00e7as d\u2019\u00e1gua parada, criadores de mosquitos da mal\u00e1ria.<\/p>\n<p><strong>15. <\/strong><a href=\"http:\/\/www.correiocidadania.com.br\/index.php?option=com_content&amp;view=article&amp;id=4045:belomonte091209&amp;catid=69:especial-belo-monte&amp;Itemid=179\">A mentira energ\u00e9tica, o embrulho dos dados econ\u00f4mico-financeiros, e a \u201cficha suja\u201d de quem inventou e promoveu o projeto<\/a>. Aqui neste texto de Oswaldo Sev\u00e1, voc\u00ea v\u00ea toda a maquiagem dos n\u00fameros: a mui mal contada hist\u00f3ria dos 11.000 MW de energia; a bizarra multiplica\u00e7\u00e3o do custo do projeto, que come\u00e7a em 4,5 bilh\u00f5es e j\u00e1 se encontra em 30 bilh\u00f5es; a escandalosa discrep\u00e2ncia entre c\u00e1lculos do governo e os c\u00e1lculos do empresariado, feitos simultaneamente. Lembrando que 80% desse investimento \u00e9 dinheiro p\u00fablico (a juros bem m\u00f3dicos e com longos prazos de amortiza\u00e7\u00e3o) e que pelo menos 10 bilh\u00f5es s\u00e3o diretamente pagos com dinheiro do trabalhador, fica a pergunta: voc\u00ea, que paga impostos a\u00ed no Brasil, se n\u00e3o se importa com ind\u00edgenas, ribeirinhos, fauna, flora e futuro do planeta, ser\u00e1 que poderia se importar um pouco com o seu dinheiro?<\/p>\n<p><strong>16. <\/strong><a href=\"http:\/\/www.correiocidadania.com.br\/index.php?option=com_content&amp;view=article&amp;id=4038:belomonte091209&amp;catid=69:especial-belo-monte&amp;Itemid=179\">Trinta anos de manobras estranhas, omiss\u00e3o de informa\u00e7\u00f5es cruciais, e algumas mentiras grossas<\/a>. Oswaldo Sev\u00e1 repassa a hist\u00f3ria das oculta\u00e7\u00f5es e mentiras da ind\u00fastria barrageira: a manipula\u00e7\u00e3o do artigo 231 da Constitui\u00e7\u00e3o, a desqualifica\u00e7\u00e3o dos \u00edndios que vivem fora das aldeias e a oculta\u00e7\u00e3o do fato de que n\u00e3o havia qualquer plano de reassentamento das popula\u00e7\u00f5es, entre muitas outras.<\/p>\n<p><strong>17. <\/strong><a href=\"http:\/\/www.correiocidadania.com.br\/index.php?option=com_content&amp;view=article&amp;id=4039:belomonte091209&amp;catid=69:especial-belo-monte&amp;Itemid=179\">O \u201cnovo\u201d invent\u00e1rio hidrel\u00e9trico, que recuou sem dizer porque\u2026 e a nova decis\u00e3o, \u201cpara a plat\u00e9ia\u201d, de fazer somente uma das quatro grandes usinas<\/a>. \u00c9 um texto de an\u00e1lise do credo do Deus barragista: todo rio deve ser barrado para fazer hidrel\u00e9trica. Mostra claramente, \u00e0 luz da hist\u00f3ria das mentiras da ind\u00fastria, que \u00e9 ing\u00eanuo ou mal intencionado quem cr\u00ea que Belo Monte ser\u00e1 a \u00fanica UHE feita no Rio Xingu, apesar da \u201cresolu\u00e7\u00e3o\u201d do fantasmag\u00f3rico CNPE (Conselho Nacional de Pol\u00edtica Energ\u00e9tica) afirmando o contr\u00e1rio. Na verdade, \u00e9 o pr\u00f3prio diretor-presidente da ANEEL, Jerson Kelman, quem disse que a Resolu\u00e7\u00e3o do CNPE \u201cfoi essencialmente pol\u00edtica\u2026Tecnicamente, n\u00e3o h\u00e1 raz\u00e3o para n\u00e3o fazer as outras usinas (\u2026) faz parte do jogo democr\u00e1tico tentar agradar a todos os interessados. (\u2026) \u00c9 o t\u00edpico caso de dar os an\u00e9is para ficar com os dedos\u201d.<\/p>\n<p><strong>A farsa do licenciamento ambiental e a manipula\u00e7\u00e3o dos impactos:<\/strong><\/p>\n<p>18. <a href=\"http:\/\/www.youtube.com\/watch?v=npoLn9pzJ5E\">Profa. Andr\u00e9a Zhouri fala sobre a concep\u00e7\u00e3o de licenciamento ambiental que rege o desenvolvimentismo<\/a>. Esta \u00e9 uma aula magistral e um dos itens mais importantes desta biblio-videografia. A Prof. Zhouri, que estuda licenciamentos ambientais h\u00e1 12 anos, detalha claramente qual \u00e9 a concep\u00e7\u00e3o que rege a rela\u00e7\u00e3o do desenvolvimentismo com as popula\u00e7\u00f5es afetadas. Mostra como as audi\u00eancias s\u00e3o processos unilaterais, em que a popula\u00e7\u00e3o n\u00e3o tem respostas a suas queixas e para as quais nunca h\u00e1 continua\u00e7\u00e3o. Mostra como os EIA-RIMA (Estudos de Impacto Ambiental \u2013 Relat\u00f3rios de Impacto sobre o Meio Ambiente) s\u00e3o, hoje em dia, <em>templates<\/em> comprados prontos, que \u00e0s vezes se repetem <em>ipsis literis<\/em> de um projeto para outro, com os mesmos chav\u00f5es e o mesmo descaso com a vida humana. Zhouri demonstra, em outras palavras, que para o barragismo o licenciamento ambiental \u00e9 um mero obst\u00e1culo\u2014que, como veremos, vem sendo simplesmente removido sem cumprimento no caso de Belo Monte. A aula da Dra. Zhouri \u00e9 uma explana\u00e7\u00e3o emocionante e bem informada de quem sabe o que diz: <em>N\u00e3o se questiona aqui o desenvolvimento em si, mas o autoritarismo de um planejamento sem di\u00e1logo com a sociedade, e sem abertura para a incorpora\u00e7\u00e3o de outras formas<\/em><em>\ufeff <\/em><em>de viver, ser e fazer que fazem parte efetivamente disso que chamamos de Brasil.<\/em><\/p>\n<p>19. <a href=\"http:\/\/www.correiocidadania.com.br\/index.php?option=com_content&amp;view=article&amp;id=4041:belomonte091209&amp;catid=69:especial-belo-monte&amp;Itemid=179\">O malabarismo do c\u00e1lculo do n\u00famero de atingidos<\/a>: At\u00e9 frases como \u201cs\u00e3o s\u00f3 200 \u00edndios\u201d s\u00e3o ouvidas na defesa do projeto de Belo Monte. Oswaldo Sev\u00e1 aqui detalha como se manipulam, quantitativa e qualitativamente, o universo dos atingidos por um mega-projeto capitalista como este. Os autores do pr\u00f3prio Estudo de Impacto Ambiental reconheceram que deveriam resolver o problema de 19.242 indiv\u00edduos, n\u00famero encontrado depois de suspeit\u00edssimo recenseamento. O texto de Sev\u00e1 \u00e9 de 2009. De l\u00e1 para c\u00e1, a situa\u00e7\u00e3o em Altamira piorou dramaticamente, como se ver\u00e1 abaixo. A ind\u00fastria continua n\u00e3o dando qualquer resposta dialogada com a popula\u00e7\u00e3o.<\/p>\n<p>20. <a href=\"http:\/\/www.correiocidadania.com.br\/index.php?option=com_content&amp;view=article&amp;id=4043:belomonte091209&amp;catid=69:especial-belo-monte&amp;Itemid=179\">O subestimado n\u00famero de 19.242 pessoas a se deslocar<\/a>: o que se prev\u00ea aqui neste texto de 2009 \u00e9 o que j\u00e1 est\u00e1 acontecendo na regi\u00e3o. O n\u00famero de 19.242 pessoas atingidas \u00e9 ridiculamente subestimado, e n\u00e3o inclui moradores de Altamira, Vitoria do Xingu, Senador Jose Porf\u00edrio e Anapu que ter\u00e3o suas posses afetadas. N\u00e3o inclui moradores do trecho seco do rio, que teriam suas vidas completamente bagun\u00e7adas pelo fim da navegabilidade do Xingu naquele trecho e pela extin\u00e7\u00e3o de flora e fauna. Na verdade, o texto de Sev\u00e1 \u00e9 prof\u00e9tico. As not\u00edcias de 2011 j\u00e1 confirmam seu progn\u00f3stico de 2009 (que era tamb\u00e9m, diga-se, o progn\u00f3stico das lideran\u00e7as ind\u00edgenas da regi\u00e3o) e desmentem mais uma vez a ind\u00fastria barrageira.<\/p>\n<p>21. <a href=\"http:\/\/www.correiocidadania.com.br\/index.php?option=com_content&amp;view=article&amp;id=4046:belomonte091209&amp;catid=69:especial-belo-monte&amp;Itemid=179\">A safadeza do licenciamento obrigat\u00f3rio<\/a>: O que a Prof. Zhouri demonstra em termos gerais, o Prof. Sev\u00e1 detalha para o caso de Belo Monte: Estudo de Impacto Ambiental pronto antes do estudo de campo ser conclu\u00eddo; o licenciamento com data marcada para ser concedido; as \u201cconsultas \u00e0 popula\u00e7\u00e3o\u201d armadas como um teatro para ser encenado e esquecido; as jabuticabas da \u201clicen\u00e7a parcial\u201d e da \u201clicen\u00e7a tempor\u00e1ria\u201d\u2013coisas inexistentes no marco regulat\u00f3rio\u2014entre outras ilegalidades.<\/p>\n<p><strong>As viola\u00e7\u00f5es dos direitos humanos e as condicionantes n\u00e3o cumpridas: <\/strong><\/p>\n<p>22. <a href=\"http:\/\/www.xinguvivo.org.br\/wp-content\/uploads\/2010\/10\/Relatorio-da-Plataforma-DHESCA-sobre-viola%C3%A7%C3%B5es-dos-direitos-humanos-do-projeto-Belo-Monte.pdf\">Relat\u00f3rio da Plataforma DHESCA sobre viola\u00e7\u00f5es dos direitos humanos<\/a>: S\u00e3o 81 p\u00e1ginas de puro horror e eu realmente recomendo que voc\u00ea as leia antes de concordar calado que seu dinheiro seja usado para financiar esse ecoc\u00eddio. O relat\u00f3rio da Miss\u00e3o Xingu detalha: a perda irrevers\u00edvel de biodiversidade; o risco de prolifera\u00e7\u00e3o de doen\u00e7as end\u00eamicas; o subdimensionamento das emiss\u00f5es de metano; a an\u00e1lise insuficiente sobre os riscos de migra\u00e7\u00e3o e invas\u00e3o de terras ind\u00edgenas; a amea\u00e7a de extin\u00e7\u00e3o de esp\u00e9cies no Trecho de Vaz\u00e3o Reduzida; o subdimensionamento da popula\u00e7\u00e3o atingida, entre outros componentes do ecoc\u00eddio.<\/p>\n<p>23. <a href=\"http:\/\/dl.dropbox.com\/u\/9598808\/Belo_Monte_Philip.pdf\">O Novo Eia-Rima: Justificativas Goela Abaixo<\/a>: \u00e9 a contribui\u00e7\u00e3o de Philip Fernside, do Instituto Nacional de Pesquisas da Amaz\u00f4nia, a um trabalho de mais de 40 pesquisadores com experi\u00eancia no bioma amaz\u00f4nico e em hidrel\u00e9tricas. Ele mostra v\u00e1rios problemas no EIA-RIMA: omiss\u00e3o das emiss\u00f5es das turbinas e vertedouros; manipula\u00e7\u00e3o dos custos; distor\u00e7\u00f5es no detalhamento dos benefici\u00e1rios. \u00c9 mais uma demonstra\u00e7\u00e3o, por um painel de pesquisadores independentes, de como o projeto de Belo Monte tem sido embrulhado em mentiras desde seu come\u00e7o.<\/p>\n<p>24. <a href=\"http:\/\/siscom.ibama.gov.br\/licenciamento_ambiental\/UHE%20PCH\/Belo%20Monte\/Audi%C3%AAncias%20-%20Esclarescimentos\/Ata%20Audiencia%20Vitoria%2012.09.09.pdf\">Ata da audi\u00eancia p\u00fablica de Discuss\u00e3o do Impacto Ambiental de Belo Monte, Bel\u00e9m 2009<\/a>: Se voc\u00ea quiser ver a mentirada em a\u00e7\u00e3o, \u00e9 s\u00f3 ler esta ata da \u201caudi\u00eancia\u201d realizada em Bel\u00e9m, em 2009. Lembremos que o local desta audi\u00eancia foi mudado em cima da hora. Recordemos que muita gente ficou do lado de fora. Sublinhemos que todos os obst\u00e1culos poss\u00edveis foram colocados \u00e0 participa\u00e7\u00e3o popular. Mesmo assim, a s\u00e9rie de questionamentos dos atingidos recebeu, como resposta, um elenco de promessas. Para ver se elas foram cumpridas, basta conferir o notici\u00e1rio atual. O representante do governo do Par\u00e1 nesta \u201caudi\u00eancia\u201d foi o Secret\u00e1rio Claudio Puty, da ent\u00e3o governadora petista Ana J\u00falia Carepa.<\/p>\n<p>25. <a href=\"http:\/\/www.xinguvivo.org.br\/wp-content\/uploads\/2010\/10\/ANPPAS_2010_BeloMonte_Wilson_final.pdf\">An\u00e1lise de riscos socioecon\u00f4micos e ambientais do Complexo Hidrel\u00e9trico de Belo Monte<\/a>: esta an\u00e1lise demonstra que, mesmo sem mexer em nada na nossa matriz energ\u00e9tica, mesmo continuando com os obscenos subs\u00eddios \u00e0s ind\u00fastrias eletrointensivas, mesmo sem investimentos extra em energia e\u00f3lica ou solar, mesmo, enfim, continuando na mesma l\u00f3gica predat\u00f3ria do capitalismo agroexportador, o Brasil poderia postergar em 20 anos a constru\u00e7\u00e3o de Belo Monte. \u00c9 mais uma demonstra\u00e7\u00e3o de que o grande motivo por tr\u00e1s da constru\u00e7\u00e3o dessa usina n\u00e3o \u00e9 a energia em si, mas o lucro advindo da pr\u00f3pria constru\u00e7\u00e3o.<\/p>\n<p>Na segunda parte, publicarei as not\u00edcias atuais que confirmam os pesquisadores, jornalistas e lideran\u00e7as populares citados acima, e mais alguns textos que o convidar\u00e3o a refletir sobre o ecoc\u00eddio.<\/p>\n<p>Fonte: Outro Olhar<\/p>\n","protected":false},"excerpt":{"rendered":"<p>Por Idelber Avelar. A bibliografia comentada que segue abaixo \u00e9 um guia para se entender melhor a gravidade do que o Brasil est\u00e1 prestes a fazer com as popula\u00e7\u00f5es ind\u00edgenas, ribeirinhas e lavradoras do Xingu, e com seu pr\u00f3prio ecossistema como um todo.<\/p>\n","protected":false},"author":1,"featured_media":0,"comment_status":"open","ping_status":"open","sticky":false,"template":"","format":"standard","meta":{"site-container-style":"default","site-container-layout":"default","site-sidebar-layout":"default","disable-article-header":"default","disable-site-header":"default","disable-site-footer":"default","disable-content-area-spacing":"default","footnotes":""},"categories":[11,4],"tags":[],"class_list":["post-21694","post","type-post","status-publish","format-standard","hentry","category-direitos-humanos","category-noticias"],"yoast_head":"<!-- This site is optimized with the Yoast SEO plugin v27.4 - https:\/\/yoast.com\/product\/yoast-seo-wordpress\/ -->\n<title>50 leituras sobre o ecoc\u00eddio de Belo Monte, 1\u00aa parte -<\/title>\n<meta name=\"robots\" content=\"index, follow, max-snippet:-1, max-image-preview:large, max-video-preview:-1\" \/>\n<link rel=\"canonical\" href=\"https:\/\/inclusivenews.com.br\/?p=21694\" \/>\n<meta property=\"og:locale\" content=\"pt_PT\" \/>\n<meta property=\"og:type\" content=\"article\" \/>\n<meta property=\"og:title\" content=\"50 leituras sobre o ecoc\u00eddio de Belo Monte, 1\u00aa parte -\" \/>\n<meta property=\"og:description\" content=\"Por Idelber Avelar. A bibliografia comentada que segue abaixo \u00e9 um guia para se entender melhor a gravidade do que o Brasil est\u00e1 prestes a fazer com as popula\u00e7\u00f5es ind\u00edgenas, ribeirinhas e lavradoras do Xingu, e com seu pr\u00f3prio ecossistema como um todo.\" \/>\n<meta property=\"og:url\" content=\"https:\/\/inclusivenews.com.br\/?p=21694\" \/>\n<meta property=\"article:publisher\" content=\"https:\/\/www.facebook.com\/agenciainclusive\/\" \/>\n<meta property=\"article:published_time\" content=\"2011-11-30T13:18:05+00:00\" \/>\n<meta property=\"og:image\" content=\"http:\/\/inclusivenews.com.br\/wp-content\/uploads\/Belo-monte-2-652x434.jpg\" \/>\n<meta name=\"author\" content=\"inclusivenews2024\" \/>\n<meta name=\"twitter:card\" content=\"summary_large_image\" \/>\n<meta name=\"twitter:label1\" content=\"Escrito por\" \/>\n\t<meta name=\"twitter:data1\" content=\"inclusivenews2024\" \/>\n\t<meta name=\"twitter:label2\" content=\"Tempo estimado de leitura\" \/>\n\t<meta name=\"twitter:data2\" content=\"16 minutos\" \/>\n<script type=\"application\/ld+json\" class=\"yoast-schema-graph\">{\"@context\":\"https:\\\/\\\/schema.org\",\"@graph\":[{\"@type\":\"Article\",\"@id\":\"https:\\\/\\\/inclusivenews.com.br\\\/?p=21694#article\",\"isPartOf\":{\"@id\":\"https:\\\/\\\/inclusivenews.com.br\\\/?p=21694\"},\"author\":{\"name\":\"inclusivenews2024\",\"@id\":\"https:\\\/\\\/inclusivenews.com.br\\\/#\\\/schema\\\/person\\\/ae4ec7087559b8692fb33b6fffd2273b\"},\"headline\":\"50 leituras sobre o ecoc\u00eddio de Belo Monte, 1\u00aa parte\",\"datePublished\":\"2011-11-30T13:18:05+00:00\",\"mainEntityOfPage\":{\"@id\":\"https:\\\/\\\/inclusivenews.com.br\\\/?p=21694\"},\"wordCount\":3216,\"commentCount\":0,\"publisher\":{\"@id\":\"https:\\\/\\\/inclusivenews.com.br\\\/#organization\"},\"image\":{\"@id\":\"https:\\\/\\\/inclusivenews.com.br\\\/?p=21694#primaryimage\"},\"thumbnailUrl\":\"http:\\\/\\\/inclusivenews.com.br\\\/wp-content\\\/uploads\\\/Belo-monte-2-652x434.jpg\",\"articleSection\":[\"DIREITOS HUMANOS\",\"NOT\u00cdCIAS\"],\"inLanguage\":\"pt-PT\",\"potentialAction\":[{\"@type\":\"CommentAction\",\"name\":\"Comment\",\"target\":[\"https:\\\/\\\/inclusivenews.com.br\\\/?p=21694#respond\"]}]},{\"@type\":\"WebPage\",\"@id\":\"https:\\\/\\\/inclusivenews.com.br\\\/?p=21694\",\"url\":\"https:\\\/\\\/inclusivenews.com.br\\\/?p=21694\",\"name\":\"50 leituras sobre o ecoc\u00eddio de Belo Monte, 1\u00aa parte -\",\"isPartOf\":{\"@id\":\"https:\\\/\\\/inclusivenews.com.br\\\/#website\"},\"primaryImageOfPage\":{\"@id\":\"https:\\\/\\\/inclusivenews.com.br\\\/?p=21694#primaryimage\"},\"image\":{\"@id\":\"https:\\\/\\\/inclusivenews.com.br\\\/?p=21694#primaryimage\"},\"thumbnailUrl\":\"http:\\\/\\\/inclusivenews.com.br\\\/wp-content\\\/uploads\\\/Belo-monte-2-652x434.jpg\",\"datePublished\":\"2011-11-30T13:18:05+00:00\",\"breadcrumb\":{\"@id\":\"https:\\\/\\\/inclusivenews.com.br\\\/?p=21694#breadcrumb\"},\"inLanguage\":\"pt-PT\",\"potentialAction\":[{\"@type\":\"ReadAction\",\"target\":[\"https:\\\/\\\/inclusivenews.com.br\\\/?p=21694\"]}]},{\"@type\":\"ImageObject\",\"inLanguage\":\"pt-PT\",\"@id\":\"https:\\\/\\\/inclusivenews.com.br\\\/?p=21694#primaryimage\",\"url\":\"\",\"contentUrl\":\"\"},{\"@type\":\"BreadcrumbList\",\"@id\":\"https:\\\/\\\/inclusivenews.com.br\\\/?p=21694#breadcrumb\",\"itemListElement\":[{\"@type\":\"ListItem\",\"position\":1,\"name\":\"In\u00edcio\",\"item\":\"https:\\\/\\\/inclusivenews.com.br\\\/\"},{\"@type\":\"ListItem\",\"position\":2,\"name\":\"50 leituras sobre o ecoc\u00eddio de Belo Monte, 1\u00aa parte\"}]},{\"@type\":\"WebSite\",\"@id\":\"https:\\\/\\\/inclusivenews.com.br\\\/#website\",\"url\":\"https:\\\/\\\/inclusivenews.com.br\\\/\",\"name\":\"Inclusive News\",\"description\":\"Inclusive News\",\"publisher\":{\"@id\":\"https:\\\/\\\/inclusivenews.com.br\\\/#organization\"},\"potentialAction\":[{\"@type\":\"SearchAction\",\"target\":{\"@type\":\"EntryPoint\",\"urlTemplate\":\"https:\\\/\\\/inclusivenews.com.br\\\/?s={search_term_string}\"},\"query-input\":{\"@type\":\"PropertyValueSpecification\",\"valueRequired\":true,\"valueName\":\"search_term_string\"}}],\"inLanguage\":\"pt-PT\"},{\"@type\":\"Organization\",\"@id\":\"https:\\\/\\\/inclusivenews.com.br\\\/#organization\",\"name\":\"Inclusive - inclus\u00e3o e cidadania\",\"url\":\"https:\\\/\\\/inclusivenews.com.br\\\/\",\"logo\":{\"@type\":\"ImageObject\",\"inLanguage\":\"pt-PT\",\"@id\":\"https:\\\/\\\/inclusivenews.com.br\\\/#\\\/schema\\\/logo\\\/image\\\/\",\"url\":\"https:\\\/\\\/inclusivenews.com.br\\\/wp-content\\\/uploads\\\/2024\\\/03\\\/@grandesite.png\",\"contentUrl\":\"https:\\\/\\\/inclusivenews.com.br\\\/wp-content\\\/uploads\\\/2024\\\/03\\\/@grandesite.png\",\"width\":1080,\"height\":1080,\"caption\":\"Inclusive - inclus\u00e3o e cidadania\"},\"image\":{\"@id\":\"https:\\\/\\\/inclusivenews.com.br\\\/#\\\/schema\\\/logo\\\/image\\\/\"},\"sameAs\":[\"https:\\\/\\\/www.facebook.com\\\/agenciainclusive\\\/\",\"https:\\\/\\\/www.instagram.com\\\/newsinclusive\\\/\"]},{\"@type\":\"Person\",\"@id\":\"https:\\\/\\\/inclusivenews.com.br\\\/#\\\/schema\\\/person\\\/ae4ec7087559b8692fb33b6fffd2273b\",\"name\":\"inclusivenews2024\",\"image\":{\"@type\":\"ImageObject\",\"inLanguage\":\"pt-PT\",\"@id\":\"https:\\\/\\\/secure.gravatar.com\\\/avatar\\\/c5a7ef84c66fa914f55bc4f7ce26cfa275a3b9a1c5568b907bd184fb4dde7b40?s=96&d=mm&r=g\",\"url\":\"https:\\\/\\\/secure.gravatar.com\\\/avatar\\\/c5a7ef84c66fa914f55bc4f7ce26cfa275a3b9a1c5568b907bd184fb4dde7b40?s=96&d=mm&r=g\",\"contentUrl\":\"https:\\\/\\\/secure.gravatar.com\\\/avatar\\\/c5a7ef84c66fa914f55bc4f7ce26cfa275a3b9a1c5568b907bd184fb4dde7b40?s=96&d=mm&r=g\",\"caption\":\"inclusivenews2024\"},\"sameAs\":[\"https:\\\/\\\/inclusivenews.com.br\"],\"url\":\"https:\\\/\\\/inclusivenews.com.br\\\/?author=1\"}]}<\/script>\n<!-- \/ Yoast SEO plugin. -->","yoast_head_json":{"title":"50 leituras sobre o ecoc\u00eddio de Belo Monte, 1\u00aa parte -","robots":{"index":"index","follow":"follow","max-snippet":"max-snippet:-1","max-image-preview":"max-image-preview:large","max-video-preview":"max-video-preview:-1"},"canonical":"https:\/\/inclusivenews.com.br\/?p=21694","og_locale":"pt_PT","og_type":"article","og_title":"50 leituras sobre o ecoc\u00eddio de Belo Monte, 1\u00aa parte -","og_description":"Por Idelber Avelar. A bibliografia comentada que segue abaixo \u00e9 um guia para se entender melhor a gravidade do que o Brasil est\u00e1 prestes a fazer com as popula\u00e7\u00f5es ind\u00edgenas, ribeirinhas e lavradoras do Xingu, e com seu pr\u00f3prio ecossistema como um todo.","og_url":"https:\/\/inclusivenews.com.br\/?p=21694","article_publisher":"https:\/\/www.facebook.com\/agenciainclusive\/","article_published_time":"2011-11-30T13:18:05+00:00","og_image":[{"url":"http:\/\/inclusivenews.com.br\/wp-content\/uploads\/Belo-monte-2-652x434.jpg","type":"","width":"","height":""}],"author":"inclusivenews2024","twitter_card":"summary_large_image","twitter_misc":{"Escrito por":"inclusivenews2024","Tempo estimado de leitura":"16 minutos"},"schema":{"@context":"https:\/\/schema.org","@graph":[{"@type":"Article","@id":"https:\/\/inclusivenews.com.br\/?p=21694#article","isPartOf":{"@id":"https:\/\/inclusivenews.com.br\/?p=21694"},"author":{"name":"inclusivenews2024","@id":"https:\/\/inclusivenews.com.br\/#\/schema\/person\/ae4ec7087559b8692fb33b6fffd2273b"},"headline":"50 leituras sobre o ecoc\u00eddio de Belo Monte, 1\u00aa parte","datePublished":"2011-11-30T13:18:05+00:00","mainEntityOfPage":{"@id":"https:\/\/inclusivenews.com.br\/?p=21694"},"wordCount":3216,"commentCount":0,"publisher":{"@id":"https:\/\/inclusivenews.com.br\/#organization"},"image":{"@id":"https:\/\/inclusivenews.com.br\/?p=21694#primaryimage"},"thumbnailUrl":"http:\/\/inclusivenews.com.br\/wp-content\/uploads\/Belo-monte-2-652x434.jpg","articleSection":["DIREITOS HUMANOS","NOT\u00cdCIAS"],"inLanguage":"pt-PT","potentialAction":[{"@type":"CommentAction","name":"Comment","target":["https:\/\/inclusivenews.com.br\/?p=21694#respond"]}]},{"@type":"WebPage","@id":"https:\/\/inclusivenews.com.br\/?p=21694","url":"https:\/\/inclusivenews.com.br\/?p=21694","name":"50 leituras sobre o ecoc\u00eddio de Belo Monte, 1\u00aa parte -","isPartOf":{"@id":"https:\/\/inclusivenews.com.br\/#website"},"primaryImageOfPage":{"@id":"https:\/\/inclusivenews.com.br\/?p=21694#primaryimage"},"image":{"@id":"https:\/\/inclusivenews.com.br\/?p=21694#primaryimage"},"thumbnailUrl":"http:\/\/inclusivenews.com.br\/wp-content\/uploads\/Belo-monte-2-652x434.jpg","datePublished":"2011-11-30T13:18:05+00:00","breadcrumb":{"@id":"https:\/\/inclusivenews.com.br\/?p=21694#breadcrumb"},"inLanguage":"pt-PT","potentialAction":[{"@type":"ReadAction","target":["https:\/\/inclusivenews.com.br\/?p=21694"]}]},{"@type":"ImageObject","inLanguage":"pt-PT","@id":"https:\/\/inclusivenews.com.br\/?p=21694#primaryimage","url":"","contentUrl":""},{"@type":"BreadcrumbList","@id":"https:\/\/inclusivenews.com.br\/?p=21694#breadcrumb","itemListElement":[{"@type":"ListItem","position":1,"name":"In\u00edcio","item":"https:\/\/inclusivenews.com.br\/"},{"@type":"ListItem","position":2,"name":"50 leituras sobre o ecoc\u00eddio de Belo Monte, 1\u00aa parte"}]},{"@type":"WebSite","@id":"https:\/\/inclusivenews.com.br\/#website","url":"https:\/\/inclusivenews.com.br\/","name":"Inclusive News","description":"Inclusive News","publisher":{"@id":"https:\/\/inclusivenews.com.br\/#organization"},"potentialAction":[{"@type":"SearchAction","target":{"@type":"EntryPoint","urlTemplate":"https:\/\/inclusivenews.com.br\/?s={search_term_string}"},"query-input":{"@type":"PropertyValueSpecification","valueRequired":true,"valueName":"search_term_string"}}],"inLanguage":"pt-PT"},{"@type":"Organization","@id":"https:\/\/inclusivenews.com.br\/#organization","name":"Inclusive - inclus\u00e3o e cidadania","url":"https:\/\/inclusivenews.com.br\/","logo":{"@type":"ImageObject","inLanguage":"pt-PT","@id":"https:\/\/inclusivenews.com.br\/#\/schema\/logo\/image\/","url":"https:\/\/inclusivenews.com.br\/wp-content\/uploads\/2024\/03\/@grandesite.png","contentUrl":"https:\/\/inclusivenews.com.br\/wp-content\/uploads\/2024\/03\/@grandesite.png","width":1080,"height":1080,"caption":"Inclusive - inclus\u00e3o e cidadania"},"image":{"@id":"https:\/\/inclusivenews.com.br\/#\/schema\/logo\/image\/"},"sameAs":["https:\/\/www.facebook.com\/agenciainclusive\/","https:\/\/www.instagram.com\/newsinclusive\/"]},{"@type":"Person","@id":"https:\/\/inclusivenews.com.br\/#\/schema\/person\/ae4ec7087559b8692fb33b6fffd2273b","name":"inclusivenews2024","image":{"@type":"ImageObject","inLanguage":"pt-PT","@id":"https:\/\/secure.gravatar.com\/avatar\/c5a7ef84c66fa914f55bc4f7ce26cfa275a3b9a1c5568b907bd184fb4dde7b40?s=96&d=mm&r=g","url":"https:\/\/secure.gravatar.com\/avatar\/c5a7ef84c66fa914f55bc4f7ce26cfa275a3b9a1c5568b907bd184fb4dde7b40?s=96&d=mm&r=g","contentUrl":"https:\/\/secure.gravatar.com\/avatar\/c5a7ef84c66fa914f55bc4f7ce26cfa275a3b9a1c5568b907bd184fb4dde7b40?s=96&d=mm&r=g","caption":"inclusivenews2024"},"sameAs":["https:\/\/inclusivenews.com.br"],"url":"https:\/\/inclusivenews.com.br\/?author=1"}]}},"_links":{"self":[{"href":"https:\/\/inclusivenews.com.br\/index.php?rest_route=\/wp\/v2\/posts\/21694","targetHints":{"allow":["GET"]}}],"collection":[{"href":"https:\/\/inclusivenews.com.br\/index.php?rest_route=\/wp\/v2\/posts"}],"about":[{"href":"https:\/\/inclusivenews.com.br\/index.php?rest_route=\/wp\/v2\/types\/post"}],"author":[{"embeddable":true,"href":"https:\/\/inclusivenews.com.br\/index.php?rest_route=\/wp\/v2\/users\/1"}],"replies":[{"embeddable":true,"href":"https:\/\/inclusivenews.com.br\/index.php?rest_route=%2Fwp%2Fv2%2Fcomments&post=21694"}],"version-history":[{"count":0,"href":"https:\/\/inclusivenews.com.br\/index.php?rest_route=\/wp\/v2\/posts\/21694\/revisions"}],"wp:attachment":[{"href":"https:\/\/inclusivenews.com.br\/index.php?rest_route=%2Fwp%2Fv2%2Fmedia&parent=21694"}],"wp:term":[{"taxonomy":"category","embeddable":true,"href":"https:\/\/inclusivenews.com.br\/index.php?rest_route=%2Fwp%2Fv2%2Fcategories&post=21694"},{"taxonomy":"post_tag","embeddable":true,"href":"https:\/\/inclusivenews.com.br\/index.php?rest_route=%2Fwp%2Fv2%2Ftags&post=21694"}],"curies":[{"name":"wp","href":"https:\/\/api.w.org\/{rel}","templated":true}]}}