{"id":21717,"date":"2011-12-03T13:54:31","date_gmt":"2011-12-03T16:54:31","guid":{"rendered":"http:\/\/www.inclusive.org.br\/?p=21717"},"modified":"2011-12-03T13:54:31","modified_gmt":"2011-12-03T16:54:31","slug":"bale-quebra-nozes-com-audiodescricao-dia-1212-em-sao-paulo","status":"publish","type":"post","link":"https:\/\/inclusivenews.com.br\/?p=21717","title":{"rendered":"Bal\u00e9 Quebra-Nozes com audiodescri\u00e7\u00e3o dia 12\/12 em S\u00e3o Paulo"},"content":{"rendered":"<p><strong><img loading=\"lazy\" decoding=\"async\" class=\"alignleft size-full wp-image-21718\" title=\"securedownload-6\" src=\"http:\/\/inclusivenews.com.br\/wp-content\/uploads\/securedownload-6.jpg\" alt=\"Cartaz da Peca O Quebra-Nozes com Audiodescricao.  Descricao na imagem no corpo da materia.\" width=\"408\" height=\"574\" \/>Descri\u00e7\u00e3o do convite do bal\u00e9\u00a0<em>O Quebra Nozes<\/em> da Cia. Cisne Negro.<\/strong><strong> <\/strong><\/p>\n<p><strong> <\/strong><\/p>\n<p>O convite \u00e9 composto por uma foto de uma cena do bal\u00e9, onde a personagem Clara &#8211; a protagonista da pe\u00e7a &#8211; est\u00e1 sentada em uma cadeira de balan\u00e7o no centro do palco. Ela est\u00e1 adormecida, segurando nas m\u00e3os um soldadinho de brinquedo de cal\u00e7a branca, farda vermelha com detalhes em amarelo e um chap\u00e9u com um penacho branco, tamb\u00e9m vermelho. Clara usa um vestido branco e sapatilhas de bal\u00e9. Em p\u00e9 e atr\u00e1s da cadeira est\u00e1 o Rei dos Camundongos &#8211; um bailarino usando capa preta e uma enorme cabe\u00e7a de rato, com uma coroa dourada sobre ela. O fundo da foto \u00e9 escuro, por\u00e9m nota-se a presen\u00e7a de uma grande cortina vermelha e alguns pequenos pontos brancos, que lembram flocos de neve ou luzes de Natal. Sobre esta foto, escrito em branco e de cima para baixo est\u00e3o os letreiros:<\/p>\n<p>No topo: &#8220;O Teatro Alfa oferece audiodescri\u00e7\u00e3o para espectadores com defici\u00eancia visual para o tradicional bal\u00e9 de Natal &#8211; O Quebra Nozes&#8221;. Logo abaixo o logotipo: &#8220;Cisne Negro companhia de dan\u00e7a em: O Quebra Nozes&#8221; &#8211; m\u00fasica de Tchaikovsky.<\/p>\n<p>Mais abaixo e ao lado dos personagens acima descritos est\u00e3o as informa\u00e7\u00f5es:<\/p>\n<p>&#8220;Sess\u00e3o com audiodescri\u00e7\u00e3o, dia doze de dezembro &#8211; segunda-feira \u00e0s vinte e uma horas. Dura\u00e7\u00e3o cento e vinte minutos. Classifica\u00e7\u00e3o livre&#8221;.<\/p>\n<p>Ingressos: inteira, quarenta e cinco reais. Meia-entrada, vinte e dois e cinquenta.<\/p>\n<p>Estar\u00e3o dispon\u00edveis cinquenta fones de audiodescri\u00e7\u00e3o nesta data. Favor reservar o fone no ato da compra de ingresso.<\/p>\n<p>Os ingressos podem ser adquiridos na bilheteria do teatro, pelos telefones: 11 5693-4000 e 0300-789-3377, ou pessoalmente.<\/p>\n<p>De segunda a s\u00e1bado das onze \u00e0s dezenove horas e domingos das onze \u00e0s dezessete horas.<\/p>\n<p>No rodap\u00e9 do convite h\u00e1 uma faixa preta onde est\u00e3o o logotipo do Teatro Alfa &#8211; Arte em todos os sentidos &#8211;\u00a0 e o endere\u00e7o: Rua Bento Branco de Andrade Filho, 722.<\/p>\n<p>Demais informa\u00e7\u00f5es:<\/p>\n<p>Telefones da bilheteria: 11 5693-4000 e 0300 789 3377.<\/p>\n<p><a rel=\"nofollow noopener\" href=\"http:\/\/www.teatroalfa.com.br\/\" target=\"_blank\">www.teatroalfa.com.br<\/a><\/p>\n<p>Facebook: teatroalfa<\/p>\n<p>twitter: @teatroalfa<\/p>\n<p>Logo abaixo est\u00e3o os logotipos da Lei de Incentivo a Cultura e do patrocinador &#8211; Banco Alfa.<\/p>\n<p>Apoio Institucional: Prefeitura do Munic\u00edpio de S\u00e3o Paulo \u2013 Lei n\u00famero 10.923\/90<\/p>\n<p>Realiza\u00e7\u00e3o: Instituto Alfa de Cultura e Cisne Negro Cia de Dan\u00e7a.<\/p>\n<p>Minist\u00e9rio da Cultura e Governo do Brasil.<\/p>\n<p>Paula Chang A. Marques<\/p>\n<p>Patroc\u00ednios e Parcerias<br \/>\nTeatro Alfa &#8211; Instituto Alfa de Cultura<br \/>\n<a rel=\"nofollow noopener\" href=\"mailto:patrocinios@teatroalfa.com.br\" target=\"_blank\">patrocinios@teatroalfa.com.br<\/a><br \/>\n<a rel=\"nofollow noopener\" href=\"http:\/\/www.teatroalfa.com.br\/\" target=\"_blank\">www.teatroalfa.com.br<\/a><\/p>\n","protected":false},"excerpt":{"rendered":"<p>Estar\u00e3o dispon\u00edveis cinquenta fones de audiodescri\u00e7\u00e3o nesta data. Favor reservar o fone no ato da compra de ingresso.<\/p>\n","protected":false},"author":1,"featured_media":0,"comment_status":"open","ping_status":"open","sticky":false,"template":"","format":"standard","meta":{"site-container-style":"default","site-container-layout":"default","site-sidebar-layout":"default","disable-article-header":"default","disable-site-header":"default","disable-site-footer":"default","disable-content-area-spacing":"default","footnotes":""},"categories":[29,12,4],"tags":[],"class_list":["post-21717","post","type-post","status-publish","format-standard","hentry","category-cultura","category-cursos-e-eventos","category-noticias"],"yoast_head":"<!-- This site is optimized with the Yoast SEO plugin v27.4 - https:\/\/yoast.com\/product\/yoast-seo-wordpress\/ -->\n<title>Bal\u00e9 Quebra-Nozes com audiodescri\u00e7\u00e3o dia 12\/12 em S\u00e3o Paulo -<\/title>\n<meta name=\"robots\" content=\"index, follow, max-snippet:-1, max-image-preview:large, max-video-preview:-1\" \/>\n<link rel=\"canonical\" href=\"https:\/\/inclusivenews.com.br\/?p=21717\" \/>\n<meta property=\"og:locale\" content=\"pt_PT\" \/>\n<meta property=\"og:type\" content=\"article\" \/>\n<meta property=\"og:title\" content=\"Bal\u00e9 Quebra-Nozes com audiodescri\u00e7\u00e3o dia 12\/12 em S\u00e3o Paulo -\" \/>\n<meta property=\"og:description\" content=\"Estar\u00e3o dispon\u00edveis cinquenta fones de audiodescri\u00e7\u00e3o nesta data. Favor reservar o fone no ato da compra de ingresso.\" \/>\n<meta property=\"og:url\" content=\"https:\/\/inclusivenews.com.br\/?p=21717\" \/>\n<meta property=\"article:publisher\" content=\"https:\/\/www.facebook.com\/agenciainclusive\/\" \/>\n<meta property=\"article:published_time\" content=\"2011-12-03T16:54:31+00:00\" \/>\n<meta property=\"og:image\" content=\"http:\/\/inclusivenews.com.br\/wp-content\/uploads\/securedownload-6.jpg\" \/>\n<meta name=\"author\" content=\"inclusivenews2024\" \/>\n<meta name=\"twitter:card\" content=\"summary_large_image\" \/>\n<meta name=\"twitter:label1\" content=\"Escrito por\" \/>\n\t<meta name=\"twitter:data1\" content=\"inclusivenews2024\" \/>\n\t<meta name=\"twitter:label2\" content=\"Tempo estimado de leitura\" \/>\n\t<meta name=\"twitter:data2\" content=\"2 minutos\" \/>\n<script type=\"application\/ld+json\" class=\"yoast-schema-graph\">{\"@context\":\"https:\\\/\\\/schema.org\",\"@graph\":[{\"@type\":\"Article\",\"@id\":\"https:\\\/\\\/inclusivenews.com.br\\\/?p=21717#article\",\"isPartOf\":{\"@id\":\"https:\\\/\\\/inclusivenews.com.br\\\/?p=21717\"},\"author\":{\"name\":\"inclusivenews2024\",\"@id\":\"https:\\\/\\\/inclusivenews.com.br\\\/#\\\/schema\\\/person\\\/ae4ec7087559b8692fb33b6fffd2273b\"},\"headline\":\"Bal\u00e9 Quebra-Nozes com audiodescri\u00e7\u00e3o dia 12\\\/12 em S\u00e3o Paulo\",\"datePublished\":\"2011-12-03T16:54:31+00:00\",\"mainEntityOfPage\":{\"@id\":\"https:\\\/\\\/inclusivenews.com.br\\\/?p=21717\"},\"wordCount\":447,\"commentCount\":1,\"publisher\":{\"@id\":\"https:\\\/\\\/inclusivenews.com.br\\\/#organization\"},\"image\":{\"@id\":\"https:\\\/\\\/inclusivenews.com.br\\\/?p=21717#primaryimage\"},\"thumbnailUrl\":\"http:\\\/\\\/inclusivenews.com.br\\\/wp-content\\\/uploads\\\/securedownload-6.jpg\",\"articleSection\":[\"Cultura\",\"Cursos e eventos\",\"NOT\u00cdCIAS\"],\"inLanguage\":\"pt-PT\",\"potentialAction\":[{\"@type\":\"CommentAction\",\"name\":\"Comment\",\"target\":[\"https:\\\/\\\/inclusivenews.com.br\\\/?p=21717#respond\"]}]},{\"@type\":\"WebPage\",\"@id\":\"https:\\\/\\\/inclusivenews.com.br\\\/?p=21717\",\"url\":\"https:\\\/\\\/inclusivenews.com.br\\\/?p=21717\",\"name\":\"Bal\u00e9 Quebra-Nozes com audiodescri\u00e7\u00e3o dia 12\\\/12 em S\u00e3o Paulo -\",\"isPartOf\":{\"@id\":\"https:\\\/\\\/inclusivenews.com.br\\\/#website\"},\"primaryImageOfPage\":{\"@id\":\"https:\\\/\\\/inclusivenews.com.br\\\/?p=21717#primaryimage\"},\"image\":{\"@id\":\"https:\\\/\\\/inclusivenews.com.br\\\/?p=21717#primaryimage\"},\"thumbnailUrl\":\"http:\\\/\\\/inclusivenews.com.br\\\/wp-content\\\/uploads\\\/securedownload-6.jpg\",\"datePublished\":\"2011-12-03T16:54:31+00:00\",\"breadcrumb\":{\"@id\":\"https:\\\/\\\/inclusivenews.com.br\\\/?p=21717#breadcrumb\"},\"inLanguage\":\"pt-PT\",\"potentialAction\":[{\"@type\":\"ReadAction\",\"target\":[\"https:\\\/\\\/inclusivenews.com.br\\\/?p=21717\"]}]},{\"@type\":\"ImageObject\",\"inLanguage\":\"pt-PT\",\"@id\":\"https:\\\/\\\/inclusivenews.com.br\\\/?p=21717#primaryimage\",\"url\":\"\",\"contentUrl\":\"\"},{\"@type\":\"BreadcrumbList\",\"@id\":\"https:\\\/\\\/inclusivenews.com.br\\\/?p=21717#breadcrumb\",\"itemListElement\":[{\"@type\":\"ListItem\",\"position\":1,\"name\":\"In\u00edcio\",\"item\":\"https:\\\/\\\/inclusivenews.com.br\\\/\"},{\"@type\":\"ListItem\",\"position\":2,\"name\":\"Bal\u00e9 Quebra-Nozes com audiodescri\u00e7\u00e3o dia 12\\\/12 em S\u00e3o Paulo\"}]},{\"@type\":\"WebSite\",\"@id\":\"https:\\\/\\\/inclusivenews.com.br\\\/#website\",\"url\":\"https:\\\/\\\/inclusivenews.com.br\\\/\",\"name\":\"Inclusive News\",\"description\":\"Inclusive News\",\"publisher\":{\"@id\":\"https:\\\/\\\/inclusivenews.com.br\\\/#organization\"},\"potentialAction\":[{\"@type\":\"SearchAction\",\"target\":{\"@type\":\"EntryPoint\",\"urlTemplate\":\"https:\\\/\\\/inclusivenews.com.br\\\/?s={search_term_string}\"},\"query-input\":{\"@type\":\"PropertyValueSpecification\",\"valueRequired\":true,\"valueName\":\"search_term_string\"}}],\"inLanguage\":\"pt-PT\"},{\"@type\":\"Organization\",\"@id\":\"https:\\\/\\\/inclusivenews.com.br\\\/#organization\",\"name\":\"Inclusive - inclus\u00e3o e cidadania\",\"url\":\"https:\\\/\\\/inclusivenews.com.br\\\/\",\"logo\":{\"@type\":\"ImageObject\",\"inLanguage\":\"pt-PT\",\"@id\":\"https:\\\/\\\/inclusivenews.com.br\\\/#\\\/schema\\\/logo\\\/image\\\/\",\"url\":\"https:\\\/\\\/inclusivenews.com.br\\\/wp-content\\\/uploads\\\/2024\\\/03\\\/@grandesite.png\",\"contentUrl\":\"https:\\\/\\\/inclusivenews.com.br\\\/wp-content\\\/uploads\\\/2024\\\/03\\\/@grandesite.png\",\"width\":1080,\"height\":1080,\"caption\":\"Inclusive - inclus\u00e3o e cidadania\"},\"image\":{\"@id\":\"https:\\\/\\\/inclusivenews.com.br\\\/#\\\/schema\\\/logo\\\/image\\\/\"},\"sameAs\":[\"https:\\\/\\\/www.facebook.com\\\/agenciainclusive\\\/\",\"https:\\\/\\\/www.instagram.com\\\/newsinclusive\\\/\"]},{\"@type\":\"Person\",\"@id\":\"https:\\\/\\\/inclusivenews.com.br\\\/#\\\/schema\\\/person\\\/ae4ec7087559b8692fb33b6fffd2273b\",\"name\":\"inclusivenews2024\",\"image\":{\"@type\":\"ImageObject\",\"inLanguage\":\"pt-PT\",\"@id\":\"https:\\\/\\\/secure.gravatar.com\\\/avatar\\\/c5a7ef84c66fa914f55bc4f7ce26cfa275a3b9a1c5568b907bd184fb4dde7b40?s=96&d=mm&r=g\",\"url\":\"https:\\\/\\\/secure.gravatar.com\\\/avatar\\\/c5a7ef84c66fa914f55bc4f7ce26cfa275a3b9a1c5568b907bd184fb4dde7b40?s=96&d=mm&r=g\",\"contentUrl\":\"https:\\\/\\\/secure.gravatar.com\\\/avatar\\\/c5a7ef84c66fa914f55bc4f7ce26cfa275a3b9a1c5568b907bd184fb4dde7b40?s=96&d=mm&r=g\",\"caption\":\"inclusivenews2024\"},\"sameAs\":[\"https:\\\/\\\/inclusivenews.com.br\"],\"url\":\"https:\\\/\\\/inclusivenews.com.br\\\/?author=1\"}]}<\/script>\n<!-- \/ Yoast SEO plugin. -->","yoast_head_json":{"title":"Bal\u00e9 Quebra-Nozes com audiodescri\u00e7\u00e3o dia 12\/12 em S\u00e3o Paulo -","robots":{"index":"index","follow":"follow","max-snippet":"max-snippet:-1","max-image-preview":"max-image-preview:large","max-video-preview":"max-video-preview:-1"},"canonical":"https:\/\/inclusivenews.com.br\/?p=21717","og_locale":"pt_PT","og_type":"article","og_title":"Bal\u00e9 Quebra-Nozes com audiodescri\u00e7\u00e3o dia 12\/12 em S\u00e3o Paulo -","og_description":"Estar\u00e3o dispon\u00edveis cinquenta fones de audiodescri\u00e7\u00e3o nesta data. Favor reservar o fone no ato da compra de ingresso.","og_url":"https:\/\/inclusivenews.com.br\/?p=21717","article_publisher":"https:\/\/www.facebook.com\/agenciainclusive\/","article_published_time":"2011-12-03T16:54:31+00:00","og_image":[{"url":"http:\/\/inclusivenews.com.br\/wp-content\/uploads\/securedownload-6.jpg","type":"","width":"","height":""}],"author":"inclusivenews2024","twitter_card":"summary_large_image","twitter_misc":{"Escrito por":"inclusivenews2024","Tempo estimado de leitura":"2 minutos"},"schema":{"@context":"https:\/\/schema.org","@graph":[{"@type":"Article","@id":"https:\/\/inclusivenews.com.br\/?p=21717#article","isPartOf":{"@id":"https:\/\/inclusivenews.com.br\/?p=21717"},"author":{"name":"inclusivenews2024","@id":"https:\/\/inclusivenews.com.br\/#\/schema\/person\/ae4ec7087559b8692fb33b6fffd2273b"},"headline":"Bal\u00e9 Quebra-Nozes com audiodescri\u00e7\u00e3o dia 12\/12 em S\u00e3o Paulo","datePublished":"2011-12-03T16:54:31+00:00","mainEntityOfPage":{"@id":"https:\/\/inclusivenews.com.br\/?p=21717"},"wordCount":447,"commentCount":1,"publisher":{"@id":"https:\/\/inclusivenews.com.br\/#organization"},"image":{"@id":"https:\/\/inclusivenews.com.br\/?p=21717#primaryimage"},"thumbnailUrl":"http:\/\/inclusivenews.com.br\/wp-content\/uploads\/securedownload-6.jpg","articleSection":["Cultura","Cursos e eventos","NOT\u00cdCIAS"],"inLanguage":"pt-PT","potentialAction":[{"@type":"CommentAction","name":"Comment","target":["https:\/\/inclusivenews.com.br\/?p=21717#respond"]}]},{"@type":"WebPage","@id":"https:\/\/inclusivenews.com.br\/?p=21717","url":"https:\/\/inclusivenews.com.br\/?p=21717","name":"Bal\u00e9 Quebra-Nozes com audiodescri\u00e7\u00e3o dia 12\/12 em S\u00e3o Paulo -","isPartOf":{"@id":"https:\/\/inclusivenews.com.br\/#website"},"primaryImageOfPage":{"@id":"https:\/\/inclusivenews.com.br\/?p=21717#primaryimage"},"image":{"@id":"https:\/\/inclusivenews.com.br\/?p=21717#primaryimage"},"thumbnailUrl":"http:\/\/inclusivenews.com.br\/wp-content\/uploads\/securedownload-6.jpg","datePublished":"2011-12-03T16:54:31+00:00","breadcrumb":{"@id":"https:\/\/inclusivenews.com.br\/?p=21717#breadcrumb"},"inLanguage":"pt-PT","potentialAction":[{"@type":"ReadAction","target":["https:\/\/inclusivenews.com.br\/?p=21717"]}]},{"@type":"ImageObject","inLanguage":"pt-PT","@id":"https:\/\/inclusivenews.com.br\/?p=21717#primaryimage","url":"","contentUrl":""},{"@type":"BreadcrumbList","@id":"https:\/\/inclusivenews.com.br\/?p=21717#breadcrumb","itemListElement":[{"@type":"ListItem","position":1,"name":"In\u00edcio","item":"https:\/\/inclusivenews.com.br\/"},{"@type":"ListItem","position":2,"name":"Bal\u00e9 Quebra-Nozes com audiodescri\u00e7\u00e3o dia 12\/12 em S\u00e3o Paulo"}]},{"@type":"WebSite","@id":"https:\/\/inclusivenews.com.br\/#website","url":"https:\/\/inclusivenews.com.br\/","name":"Inclusive News","description":"Inclusive News","publisher":{"@id":"https:\/\/inclusivenews.com.br\/#organization"},"potentialAction":[{"@type":"SearchAction","target":{"@type":"EntryPoint","urlTemplate":"https:\/\/inclusivenews.com.br\/?s={search_term_string}"},"query-input":{"@type":"PropertyValueSpecification","valueRequired":true,"valueName":"search_term_string"}}],"inLanguage":"pt-PT"},{"@type":"Organization","@id":"https:\/\/inclusivenews.com.br\/#organization","name":"Inclusive - inclus\u00e3o e cidadania","url":"https:\/\/inclusivenews.com.br\/","logo":{"@type":"ImageObject","inLanguage":"pt-PT","@id":"https:\/\/inclusivenews.com.br\/#\/schema\/logo\/image\/","url":"https:\/\/inclusivenews.com.br\/wp-content\/uploads\/2024\/03\/@grandesite.png","contentUrl":"https:\/\/inclusivenews.com.br\/wp-content\/uploads\/2024\/03\/@grandesite.png","width":1080,"height":1080,"caption":"Inclusive - inclus\u00e3o e cidadania"},"image":{"@id":"https:\/\/inclusivenews.com.br\/#\/schema\/logo\/image\/"},"sameAs":["https:\/\/www.facebook.com\/agenciainclusive\/","https:\/\/www.instagram.com\/newsinclusive\/"]},{"@type":"Person","@id":"https:\/\/inclusivenews.com.br\/#\/schema\/person\/ae4ec7087559b8692fb33b6fffd2273b","name":"inclusivenews2024","image":{"@type":"ImageObject","inLanguage":"pt-PT","@id":"https:\/\/secure.gravatar.com\/avatar\/c5a7ef84c66fa914f55bc4f7ce26cfa275a3b9a1c5568b907bd184fb4dde7b40?s=96&d=mm&r=g","url":"https:\/\/secure.gravatar.com\/avatar\/c5a7ef84c66fa914f55bc4f7ce26cfa275a3b9a1c5568b907bd184fb4dde7b40?s=96&d=mm&r=g","contentUrl":"https:\/\/secure.gravatar.com\/avatar\/c5a7ef84c66fa914f55bc4f7ce26cfa275a3b9a1c5568b907bd184fb4dde7b40?s=96&d=mm&r=g","caption":"inclusivenews2024"},"sameAs":["https:\/\/inclusivenews.com.br"],"url":"https:\/\/inclusivenews.com.br\/?author=1"}]}},"_links":{"self":[{"href":"https:\/\/inclusivenews.com.br\/index.php?rest_route=\/wp\/v2\/posts\/21717","targetHints":{"allow":["GET"]}}],"collection":[{"href":"https:\/\/inclusivenews.com.br\/index.php?rest_route=\/wp\/v2\/posts"}],"about":[{"href":"https:\/\/inclusivenews.com.br\/index.php?rest_route=\/wp\/v2\/types\/post"}],"author":[{"embeddable":true,"href":"https:\/\/inclusivenews.com.br\/index.php?rest_route=\/wp\/v2\/users\/1"}],"replies":[{"embeddable":true,"href":"https:\/\/inclusivenews.com.br\/index.php?rest_route=%2Fwp%2Fv2%2Fcomments&post=21717"}],"version-history":[{"count":0,"href":"https:\/\/inclusivenews.com.br\/index.php?rest_route=\/wp\/v2\/posts\/21717\/revisions"}],"wp:attachment":[{"href":"https:\/\/inclusivenews.com.br\/index.php?rest_route=%2Fwp%2Fv2%2Fmedia&parent=21717"}],"wp:term":[{"taxonomy":"category","embeddable":true,"href":"https:\/\/inclusivenews.com.br\/index.php?rest_route=%2Fwp%2Fv2%2Fcategories&post=21717"},{"taxonomy":"post_tag","embeddable":true,"href":"https:\/\/inclusivenews.com.br\/index.php?rest_route=%2Fwp%2Fv2%2Ftags&post=21717"}],"curies":[{"name":"wp","href":"https:\/\/api.w.org\/{rel}","templated":true}]}}