{"id":21723,"date":"2011-12-05T13:32:35","date_gmt":"2011-12-05T16:32:35","guid":{"rendered":"http:\/\/www.inclusive.org.br\/?p=21723"},"modified":"2011-12-05T13:32:35","modified_gmt":"2011-12-05T16:32:35","slug":"forum-de-arte-inclusiva-promove-discussoes-sobre-questoes-artisticas-das-p-essoas-com-deficiencia-em-salvador","status":"publish","type":"post","link":"https:\/\/inclusivenews.com.br\/?p=21723","title":{"rendered":"F\u00f3rum de Arte Inclusiva promove discuss\u00f5es sobre quest\u00f5es art\u00edsticas das p essoas com defici\u00eancia em Salvador"},"content":{"rendered":"<p><img loading=\"lazy\" decoding=\"async\" class=\"alignleft size-full wp-image-18995\" title=\"Inclusive - inclus\u00e3o - v\u00e1rias figuras multicoloridas de m\u00e3os dadas: um cadeirante, um muito alto, um muito baixo e outros olhando para dire\u00e7\u00f5es diversas\" src=\"http:\/\/inclusivenews.com.br\/wp-content\/uploads\/2011\/04\/inclusive_inclusao.jpg\" alt=\"Inclusive - inclus\u00e3o - v\u00e1rias figuras multicoloridas de m\u00e3os dadas: um cadeirante, um muito alto, um muito baixo e outros olhando para dire\u00e7\u00f5es diversas\" width=\"232\" height=\"126\" \/>No dia 06 de dezembro acontecer\u00e1 o F\u00f3rum de Arte Inclusiva, no Teatro UNEB, das 08:00 \u00e0s 18:00; o Arte Inclusiva em Foco faz parte do projeto F\u00f3rum Permanente de Forma\u00e7\u00e3o em Educa\u00e7\u00e3o Inclusiva do N\u00facleo de Educa\u00e7\u00e3o Especial da UNEB (NEDE \/ UNEB), de autoria da prof\u00aa Jaciete B. dos Santos.<\/p>\n<p>Na ocasi\u00e3o, comemoraremos o Dia Internacional da Pessoa com Defici\u00eancia (que \u00e9 celebrado em todo dia 03 de dezembro por v\u00e1rios pa\u00edses). Esse dia foi escolhido pela comiss\u00e3o de Direitos Humanos das Na\u00e7\u00f5es Unidas com o intuito de gerar conscientiza\u00e7\u00e3o, compromisso e a\u00e7\u00f5es que transformem a situa\u00e7\u00e3o das pessoas com defici\u00eancia no mundo.<\/p>\n<p>O F\u00f3rum em quest\u00e3o objetiva problematizar as pol\u00edticas p\u00fablicas referentes \u00e0 arte e inclus\u00e3o, bem como a profissionaliza\u00e7\u00e3o das pessoas com defici\u00eancia (PcD\u00b4s) no contexto art\u00edstico. Pretende, ainda, refletir sobre acessibilidade e inclus\u00e3o s\u00f3cio-art\u00edstico-cultural de PcD\u00b4s na contemporaneidade; debater sobre o preconceito contra as produ\u00e7\u00f5es art\u00edsticas das PcD\u00b4s no contexto midi\u00e1tico.<\/p>\n<p>O evento acontecer\u00e1 em dois turnos: pela manh\u00e3 com uma mesa sobre Pol\u00edticas P\u00fablicas Culturais para pessoas com defici\u00eancia \u2013 \u201cEu sou uma Pessoa: Todo o Artista tem que ir aonde o povo est\u00e1\u201d &#8211; com Aline Camilla Rom\u00e3o Mesquita (MinC), Taiane Fernandes (SECULT\/ BA), Alexandre Baroni (SUDEF), Fernando Marinho (SATED\/BA). E, na parte da tarde, a discuss\u00e3o ser\u00e1 voltada para o papel da m\u00eddia na divulga\u00e7\u00e3o dos trabalhos art\u00edsticos criados e desenvolvidos por pessoas com defici\u00eancia \u2013 Eu sou uma Pessoa: M\u00eddia e Preconceito \u2013 com P\u00f3la Ribeiro (IRDEB), Juliana Ribeiro, Edu O., Ninfa Cunha (Organiza\u00e7\u00e3o Perspectivas em Movimento).<\/p>\n<p>A programa\u00e7\u00e3o contar\u00e1 tamb\u00e9m com diversas apresenta\u00e7\u00f5es art\u00edsticas:<\/p>\n<p>Performance AUTOBIOGRAFIA &#8212; Ana Rita Ferraz e Ninfa Cunha (Organiza\u00e7\u00e3o Perspectivas em Movimento); \u201cSamba: Quem bossa?\u201d &#8212; Grupo Samba Quem Bossa (Samba de raiz) e F\u00e1bio Martins &amp; Iracema Vilaronga (Dan\u00e7a de sal\u00e3o); Grupo de Percuss\u00e3o (Espa\u00e7o Via Ponte e Associa\u00e7\u00e3o Amiga); Dal\u00e9ty Souza &amp; J\u00falio Cerqueira \u2013 Voz e viol\u00e3o Lu Encena \u2013 \u201cMon\u00f3logos\u201d &#8211; (UESB\/Jequi\u00e9\/Bahia); DJ Zig &amp; Lula Dut \u2013 \u201c180\u00ba\u201d\u2013 Projeto Mergulho Cidad\u00e3o D\u00e9o Carvalho &amp; Ninfa Cunha \u2013 Coreografia \u201cFogo\u201d \u2013 Companhia de Dan\u00e7a Inclusiva Rodart Ademilton Ferreira \u2013 \u201cTambores em Cena\u201d \u2013 APAE \u2013 Associa\u00e7\u00e3o de Pais e Amigos dos Excepcionais de Salvador Marcus Welby \u2013 MPB voz e viol\u00e3o.<\/p>\n<p>Todo o evento ser\u00e1 transmitido por videoconfer\u00eancia para todos os campus da UNEB.<\/p>\n<p>As inscri\u00e7\u00f5es ser\u00e3o feitas via online, atrav\u00e9s do site da UNEB (Universidade do Estado da Bahia).<\/p>\n<p>Maiores informa\u00e7\u00f5es: NEDE: (71) 3117.2331 Iracema Vilaronga: (71) 8880.3166 Ninfa Cunha: (71) 8744.2378 \/ 8104.8884<\/p>\n","protected":false},"excerpt":{"rendered":"<p>O F\u00f3rum objetiva problematizar as pol\u00edticas p\u00fablicas referentes \u00e0 arte e inclus\u00e3o, bem como a profissionaliza\u00e7\u00e3o das pessoas com defici\u00eancia no contexto art\u00edstico.<\/p>\n","protected":false},"author":1,"featured_media":0,"comment_status":"open","ping_status":"open","sticky":false,"template":"","format":"standard","meta":{"site-container-style":"default","site-container-layout":"default","site-sidebar-layout":"default","disable-article-header":"default","disable-site-header":"default","disable-site-footer":"default","disable-content-area-spacing":"default","footnotes":""},"categories":[29,12,38,48,4],"tags":[],"class_list":["post-21723","post","type-post","status-publish","format-standard","hentry","category-cultura","category-cursos-e-eventos","category-deficiencia","category-inclusao","category-noticias"],"yoast_head":"<!-- This site is optimized with the Yoast SEO plugin v27.4 - https:\/\/yoast.com\/product\/yoast-seo-wordpress\/ -->\n<title>F\u00f3rum de Arte Inclusiva promove discuss\u00f5es sobre quest\u00f5es art\u00edsticas das p essoas com defici\u00eancia em Salvador -<\/title>\n<meta name=\"robots\" content=\"index, follow, max-snippet:-1, max-image-preview:large, max-video-preview:-1\" \/>\n<link rel=\"canonical\" href=\"https:\/\/inclusivenews.com.br\/?p=21723\" \/>\n<meta property=\"og:locale\" content=\"pt_PT\" \/>\n<meta property=\"og:type\" content=\"article\" \/>\n<meta property=\"og:title\" content=\"F\u00f3rum de Arte Inclusiva promove discuss\u00f5es sobre quest\u00f5es art\u00edsticas das p essoas com defici\u00eancia em Salvador -\" \/>\n<meta property=\"og:description\" content=\"O F\u00f3rum objetiva problematizar as pol\u00edticas p\u00fablicas referentes \u00e0 arte e inclus\u00e3o, bem como a profissionaliza\u00e7\u00e3o das pessoas com defici\u00eancia no contexto art\u00edstico.\" \/>\n<meta property=\"og:url\" content=\"https:\/\/inclusivenews.com.br\/?p=21723\" \/>\n<meta property=\"article:publisher\" content=\"https:\/\/www.facebook.com\/agenciainclusive\/\" \/>\n<meta property=\"article:published_time\" content=\"2011-12-05T16:32:35+00:00\" \/>\n<meta property=\"og:image\" content=\"http:\/\/inclusivenews.com.br\/wp-content\/uploads\/2011\/04\/inclusive_inclusao.jpg\" \/>\n<meta name=\"author\" content=\"inclusivenews2024\" \/>\n<meta name=\"twitter:card\" content=\"summary_large_image\" \/>\n<meta name=\"twitter:label1\" content=\"Escrito por\" \/>\n\t<meta name=\"twitter:data1\" content=\"inclusivenews2024\" \/>\n\t<meta name=\"twitter:label2\" content=\"Tempo estimado de leitura\" \/>\n\t<meta name=\"twitter:data2\" content=\"2 minutos\" \/>\n<script type=\"application\/ld+json\" class=\"yoast-schema-graph\">{\"@context\":\"https:\\\/\\\/schema.org\",\"@graph\":[{\"@type\":\"Article\",\"@id\":\"https:\\\/\\\/inclusivenews.com.br\\\/?p=21723#article\",\"isPartOf\":{\"@id\":\"https:\\\/\\\/inclusivenews.com.br\\\/?p=21723\"},\"author\":{\"name\":\"inclusivenews2024\",\"@id\":\"https:\\\/\\\/inclusivenews.com.br\\\/#\\\/schema\\\/person\\\/ae4ec7087559b8692fb33b6fffd2273b\"},\"headline\":\"F\u00f3rum de Arte Inclusiva promove discuss\u00f5es sobre quest\u00f5es art\u00edsticas das p essoas com defici\u00eancia em Salvador\",\"datePublished\":\"2011-12-05T16:32:35+00:00\",\"mainEntityOfPage\":{\"@id\":\"https:\\\/\\\/inclusivenews.com.br\\\/?p=21723\"},\"wordCount\":480,\"commentCount\":0,\"publisher\":{\"@id\":\"https:\\\/\\\/inclusivenews.com.br\\\/#organization\"},\"image\":{\"@id\":\"https:\\\/\\\/inclusivenews.com.br\\\/?p=21723#primaryimage\"},\"thumbnailUrl\":\"http:\\\/\\\/inclusivenews.com.br\\\/wp-content\\\/uploads\\\/2011\\\/04\\\/inclusive_inclusao.jpg\",\"articleSection\":[\"Cultura\",\"Cursos e eventos\",\"Defici\u00eancia\",\"INCLUS\u00c3O SOCIAL\",\"NOT\u00cdCIAS\"],\"inLanguage\":\"pt-PT\",\"potentialAction\":[{\"@type\":\"CommentAction\",\"name\":\"Comment\",\"target\":[\"https:\\\/\\\/inclusivenews.com.br\\\/?p=21723#respond\"]}]},{\"@type\":\"WebPage\",\"@id\":\"https:\\\/\\\/inclusivenews.com.br\\\/?p=21723\",\"url\":\"https:\\\/\\\/inclusivenews.com.br\\\/?p=21723\",\"name\":\"F\u00f3rum de Arte Inclusiva promove discuss\u00f5es sobre quest\u00f5es art\u00edsticas das p essoas com defici\u00eancia em Salvador -\",\"isPartOf\":{\"@id\":\"https:\\\/\\\/inclusivenews.com.br\\\/#website\"},\"primaryImageOfPage\":{\"@id\":\"https:\\\/\\\/inclusivenews.com.br\\\/?p=21723#primaryimage\"},\"image\":{\"@id\":\"https:\\\/\\\/inclusivenews.com.br\\\/?p=21723#primaryimage\"},\"thumbnailUrl\":\"http:\\\/\\\/inclusivenews.com.br\\\/wp-content\\\/uploads\\\/2011\\\/04\\\/inclusive_inclusao.jpg\",\"datePublished\":\"2011-12-05T16:32:35+00:00\",\"breadcrumb\":{\"@id\":\"https:\\\/\\\/inclusivenews.com.br\\\/?p=21723#breadcrumb\"},\"inLanguage\":\"pt-PT\",\"potentialAction\":[{\"@type\":\"ReadAction\",\"target\":[\"https:\\\/\\\/inclusivenews.com.br\\\/?p=21723\"]}]},{\"@type\":\"ImageObject\",\"inLanguage\":\"pt-PT\",\"@id\":\"https:\\\/\\\/inclusivenews.com.br\\\/?p=21723#primaryimage\",\"url\":\"\",\"contentUrl\":\"\"},{\"@type\":\"BreadcrumbList\",\"@id\":\"https:\\\/\\\/inclusivenews.com.br\\\/?p=21723#breadcrumb\",\"itemListElement\":[{\"@type\":\"ListItem\",\"position\":1,\"name\":\"In\u00edcio\",\"item\":\"https:\\\/\\\/inclusivenews.com.br\\\/\"},{\"@type\":\"ListItem\",\"position\":2,\"name\":\"F\u00f3rum de Arte Inclusiva promove discuss\u00f5es sobre quest\u00f5es art\u00edsticas das p essoas com defici\u00eancia em Salvador\"}]},{\"@type\":\"WebSite\",\"@id\":\"https:\\\/\\\/inclusivenews.com.br\\\/#website\",\"url\":\"https:\\\/\\\/inclusivenews.com.br\\\/\",\"name\":\"Inclusive News\",\"description\":\"Inclusive News\",\"publisher\":{\"@id\":\"https:\\\/\\\/inclusivenews.com.br\\\/#organization\"},\"potentialAction\":[{\"@type\":\"SearchAction\",\"target\":{\"@type\":\"EntryPoint\",\"urlTemplate\":\"https:\\\/\\\/inclusivenews.com.br\\\/?s={search_term_string}\"},\"query-input\":{\"@type\":\"PropertyValueSpecification\",\"valueRequired\":true,\"valueName\":\"search_term_string\"}}],\"inLanguage\":\"pt-PT\"},{\"@type\":\"Organization\",\"@id\":\"https:\\\/\\\/inclusivenews.com.br\\\/#organization\",\"name\":\"Inclusive - inclus\u00e3o e cidadania\",\"url\":\"https:\\\/\\\/inclusivenews.com.br\\\/\",\"logo\":{\"@type\":\"ImageObject\",\"inLanguage\":\"pt-PT\",\"@id\":\"https:\\\/\\\/inclusivenews.com.br\\\/#\\\/schema\\\/logo\\\/image\\\/\",\"url\":\"https:\\\/\\\/inclusivenews.com.br\\\/wp-content\\\/uploads\\\/2024\\\/03\\\/@grandesite.png\",\"contentUrl\":\"https:\\\/\\\/inclusivenews.com.br\\\/wp-content\\\/uploads\\\/2024\\\/03\\\/@grandesite.png\",\"width\":1080,\"height\":1080,\"caption\":\"Inclusive - inclus\u00e3o e cidadania\"},\"image\":{\"@id\":\"https:\\\/\\\/inclusivenews.com.br\\\/#\\\/schema\\\/logo\\\/image\\\/\"},\"sameAs\":[\"https:\\\/\\\/www.facebook.com\\\/agenciainclusive\\\/\",\"https:\\\/\\\/www.instagram.com\\\/newsinclusive\\\/\"]},{\"@type\":\"Person\",\"@id\":\"https:\\\/\\\/inclusivenews.com.br\\\/#\\\/schema\\\/person\\\/ae4ec7087559b8692fb33b6fffd2273b\",\"name\":\"inclusivenews2024\",\"image\":{\"@type\":\"ImageObject\",\"inLanguage\":\"pt-PT\",\"@id\":\"https:\\\/\\\/secure.gravatar.com\\\/avatar\\\/c5a7ef84c66fa914f55bc4f7ce26cfa275a3b9a1c5568b907bd184fb4dde7b40?s=96&d=mm&r=g\",\"url\":\"https:\\\/\\\/secure.gravatar.com\\\/avatar\\\/c5a7ef84c66fa914f55bc4f7ce26cfa275a3b9a1c5568b907bd184fb4dde7b40?s=96&d=mm&r=g\",\"contentUrl\":\"https:\\\/\\\/secure.gravatar.com\\\/avatar\\\/c5a7ef84c66fa914f55bc4f7ce26cfa275a3b9a1c5568b907bd184fb4dde7b40?s=96&d=mm&r=g\",\"caption\":\"inclusivenews2024\"},\"sameAs\":[\"https:\\\/\\\/inclusivenews.com.br\"],\"url\":\"https:\\\/\\\/inclusivenews.com.br\\\/?author=1\"}]}<\/script>\n<!-- \/ Yoast SEO plugin. -->","yoast_head_json":{"title":"F\u00f3rum de Arte Inclusiva promove discuss\u00f5es sobre quest\u00f5es art\u00edsticas das p essoas com defici\u00eancia em Salvador -","robots":{"index":"index","follow":"follow","max-snippet":"max-snippet:-1","max-image-preview":"max-image-preview:large","max-video-preview":"max-video-preview:-1"},"canonical":"https:\/\/inclusivenews.com.br\/?p=21723","og_locale":"pt_PT","og_type":"article","og_title":"F\u00f3rum de Arte Inclusiva promove discuss\u00f5es sobre quest\u00f5es art\u00edsticas das p essoas com defici\u00eancia em Salvador -","og_description":"O F\u00f3rum objetiva problematizar as pol\u00edticas p\u00fablicas referentes \u00e0 arte e inclus\u00e3o, bem como a profissionaliza\u00e7\u00e3o das pessoas com defici\u00eancia no contexto art\u00edstico.","og_url":"https:\/\/inclusivenews.com.br\/?p=21723","article_publisher":"https:\/\/www.facebook.com\/agenciainclusive\/","article_published_time":"2011-12-05T16:32:35+00:00","og_image":[{"url":"http:\/\/inclusivenews.com.br\/wp-content\/uploads\/2011\/04\/inclusive_inclusao.jpg","type":"","width":"","height":""}],"author":"inclusivenews2024","twitter_card":"summary_large_image","twitter_misc":{"Escrito por":"inclusivenews2024","Tempo estimado de leitura":"2 minutos"},"schema":{"@context":"https:\/\/schema.org","@graph":[{"@type":"Article","@id":"https:\/\/inclusivenews.com.br\/?p=21723#article","isPartOf":{"@id":"https:\/\/inclusivenews.com.br\/?p=21723"},"author":{"name":"inclusivenews2024","@id":"https:\/\/inclusivenews.com.br\/#\/schema\/person\/ae4ec7087559b8692fb33b6fffd2273b"},"headline":"F\u00f3rum de Arte Inclusiva promove discuss\u00f5es sobre quest\u00f5es art\u00edsticas das p essoas com defici\u00eancia em Salvador","datePublished":"2011-12-05T16:32:35+00:00","mainEntityOfPage":{"@id":"https:\/\/inclusivenews.com.br\/?p=21723"},"wordCount":480,"commentCount":0,"publisher":{"@id":"https:\/\/inclusivenews.com.br\/#organization"},"image":{"@id":"https:\/\/inclusivenews.com.br\/?p=21723#primaryimage"},"thumbnailUrl":"http:\/\/inclusivenews.com.br\/wp-content\/uploads\/2011\/04\/inclusive_inclusao.jpg","articleSection":["Cultura","Cursos e eventos","Defici\u00eancia","INCLUS\u00c3O SOCIAL","NOT\u00cdCIAS"],"inLanguage":"pt-PT","potentialAction":[{"@type":"CommentAction","name":"Comment","target":["https:\/\/inclusivenews.com.br\/?p=21723#respond"]}]},{"@type":"WebPage","@id":"https:\/\/inclusivenews.com.br\/?p=21723","url":"https:\/\/inclusivenews.com.br\/?p=21723","name":"F\u00f3rum de Arte Inclusiva promove discuss\u00f5es sobre quest\u00f5es art\u00edsticas das p essoas com defici\u00eancia em Salvador -","isPartOf":{"@id":"https:\/\/inclusivenews.com.br\/#website"},"primaryImageOfPage":{"@id":"https:\/\/inclusivenews.com.br\/?p=21723#primaryimage"},"image":{"@id":"https:\/\/inclusivenews.com.br\/?p=21723#primaryimage"},"thumbnailUrl":"http:\/\/inclusivenews.com.br\/wp-content\/uploads\/2011\/04\/inclusive_inclusao.jpg","datePublished":"2011-12-05T16:32:35+00:00","breadcrumb":{"@id":"https:\/\/inclusivenews.com.br\/?p=21723#breadcrumb"},"inLanguage":"pt-PT","potentialAction":[{"@type":"ReadAction","target":["https:\/\/inclusivenews.com.br\/?p=21723"]}]},{"@type":"ImageObject","inLanguage":"pt-PT","@id":"https:\/\/inclusivenews.com.br\/?p=21723#primaryimage","url":"","contentUrl":""},{"@type":"BreadcrumbList","@id":"https:\/\/inclusivenews.com.br\/?p=21723#breadcrumb","itemListElement":[{"@type":"ListItem","position":1,"name":"In\u00edcio","item":"https:\/\/inclusivenews.com.br\/"},{"@type":"ListItem","position":2,"name":"F\u00f3rum de Arte Inclusiva promove discuss\u00f5es sobre quest\u00f5es art\u00edsticas das p essoas com defici\u00eancia em Salvador"}]},{"@type":"WebSite","@id":"https:\/\/inclusivenews.com.br\/#website","url":"https:\/\/inclusivenews.com.br\/","name":"Inclusive News","description":"Inclusive News","publisher":{"@id":"https:\/\/inclusivenews.com.br\/#organization"},"potentialAction":[{"@type":"SearchAction","target":{"@type":"EntryPoint","urlTemplate":"https:\/\/inclusivenews.com.br\/?s={search_term_string}"},"query-input":{"@type":"PropertyValueSpecification","valueRequired":true,"valueName":"search_term_string"}}],"inLanguage":"pt-PT"},{"@type":"Organization","@id":"https:\/\/inclusivenews.com.br\/#organization","name":"Inclusive - inclus\u00e3o e cidadania","url":"https:\/\/inclusivenews.com.br\/","logo":{"@type":"ImageObject","inLanguage":"pt-PT","@id":"https:\/\/inclusivenews.com.br\/#\/schema\/logo\/image\/","url":"https:\/\/inclusivenews.com.br\/wp-content\/uploads\/2024\/03\/@grandesite.png","contentUrl":"https:\/\/inclusivenews.com.br\/wp-content\/uploads\/2024\/03\/@grandesite.png","width":1080,"height":1080,"caption":"Inclusive - inclus\u00e3o e cidadania"},"image":{"@id":"https:\/\/inclusivenews.com.br\/#\/schema\/logo\/image\/"},"sameAs":["https:\/\/www.facebook.com\/agenciainclusive\/","https:\/\/www.instagram.com\/newsinclusive\/"]},{"@type":"Person","@id":"https:\/\/inclusivenews.com.br\/#\/schema\/person\/ae4ec7087559b8692fb33b6fffd2273b","name":"inclusivenews2024","image":{"@type":"ImageObject","inLanguage":"pt-PT","@id":"https:\/\/secure.gravatar.com\/avatar\/c5a7ef84c66fa914f55bc4f7ce26cfa275a3b9a1c5568b907bd184fb4dde7b40?s=96&d=mm&r=g","url":"https:\/\/secure.gravatar.com\/avatar\/c5a7ef84c66fa914f55bc4f7ce26cfa275a3b9a1c5568b907bd184fb4dde7b40?s=96&d=mm&r=g","contentUrl":"https:\/\/secure.gravatar.com\/avatar\/c5a7ef84c66fa914f55bc4f7ce26cfa275a3b9a1c5568b907bd184fb4dde7b40?s=96&d=mm&r=g","caption":"inclusivenews2024"},"sameAs":["https:\/\/inclusivenews.com.br"],"url":"https:\/\/inclusivenews.com.br\/?author=1"}]}},"_links":{"self":[{"href":"https:\/\/inclusivenews.com.br\/index.php?rest_route=\/wp\/v2\/posts\/21723","targetHints":{"allow":["GET"]}}],"collection":[{"href":"https:\/\/inclusivenews.com.br\/index.php?rest_route=\/wp\/v2\/posts"}],"about":[{"href":"https:\/\/inclusivenews.com.br\/index.php?rest_route=\/wp\/v2\/types\/post"}],"author":[{"embeddable":true,"href":"https:\/\/inclusivenews.com.br\/index.php?rest_route=\/wp\/v2\/users\/1"}],"replies":[{"embeddable":true,"href":"https:\/\/inclusivenews.com.br\/index.php?rest_route=%2Fwp%2Fv2%2Fcomments&post=21723"}],"version-history":[{"count":0,"href":"https:\/\/inclusivenews.com.br\/index.php?rest_route=\/wp\/v2\/posts\/21723\/revisions"}],"wp:attachment":[{"href":"https:\/\/inclusivenews.com.br\/index.php?rest_route=%2Fwp%2Fv2%2Fmedia&parent=21723"}],"wp:term":[{"taxonomy":"category","embeddable":true,"href":"https:\/\/inclusivenews.com.br\/index.php?rest_route=%2Fwp%2Fv2%2Fcategories&post=21723"},{"taxonomy":"post_tag","embeddable":true,"href":"https:\/\/inclusivenews.com.br\/index.php?rest_route=%2Fwp%2Fv2%2Ftags&post=21723"}],"curies":[{"name":"wp","href":"https:\/\/api.w.org\/{rel}","templated":true}]}}