{"id":21727,"date":"2011-12-05T18:04:02","date_gmt":"2011-12-05T21:04:02","guid":{"rendered":"http:\/\/www.inclusive.org.br\/?p=21727"},"modified":"2011-12-05T18:04:02","modified_gmt":"2011-12-05T21:04:02","slug":"nova-politica-para-atendimento-centralizado-da-comunidade-lgbt-no-sus","status":"publish","type":"post","link":"https:\/\/inclusivenews.com.br\/?p=21727","title":{"rendered":"Nova pol\u00edtica para atendimento centralizado da comunidade LGBT no SUS"},"content":{"rendered":"<figure id=\"attachment_13222\" aria-describedby=\"caption-attachment-13222\" style=\"width: 300px\" class=\"wp-caption alignleft\"><img loading=\"lazy\" decoding=\"async\" class=\"size-medium wp-image-13222\" title=\"bandeira-gay\" src=\"http:\/\/inclusivenews.com.br\/wp-content\/uploads\/2009\/12\/bandeira-gay1-300x213.jpg\" alt=\"Bandeira com arco-iris\" width=\"300\" height=\"213\" \/><figcaption id=\"caption-attachment-13222\" class=\"wp-caption-text\">Bandeira com arco-iris<\/figcaption><\/figure>\n<p>O ministro da Sa\u00fade, Alexandre Padilha,  assinou nesta quinta-feira (1\u00ba) portaria que cria a Pol\u00edtica Nacional de  Sa\u00fade Integral de L\u00e9sbicas, Gays, Bissexuais, Travestis e Transexuais  (LGBT) no Sistema \u00danico de Sa\u00fade (SUS).<\/p>\n<p>A  pol\u00edtica prev\u00ea, entre outras a\u00e7\u00f5es, acesso a t\u00e9cnicas modernas para o  processo transexualizador (mudan\u00e7a de sexo), redu\u00e7\u00e3o de problemas  causados pelo uso prolongado de horm\u00f4nios femininos e masculinos para  travestis e transexuais, preven\u00e7\u00e3o de c\u00e2ncer de mama e \u00fatero entre  l\u00e9sbicas e mulheres bissexuais e diminui\u00e7\u00e3o dos casos de c\u00e2ncer de  pr\u00f3stata entre gays, homens bissexuais, travestis e transexuais.<\/p>\n<p>A  rede p\u00fablica j\u00e1 oferece esses servi\u00e7os, por\u00e9m de maneira  descentralizada \u2013 agora ser\u00e3o reunidos em uma \u00fanica pol\u00edtica. \u201cSe a  sociedade brasileira ainda vive o preconceito, o SUS n\u00e3o pode admitir  preconceito\u201d, disse Padilha, durante a abertura da 14\u00ba Confer\u00eancia  Nacional de Sa\u00fade, que re\u00fane autoridades de sa\u00fade e representantes da  sociedade civil at\u00e9 domingo (4).<\/p>\n<p>O  tema ser\u00e1 amplamente abordado na 2\u00aa Confer\u00eancia Nacional de Pol\u00edticas  P\u00fablicas e Direitos Humanos de LGBT \u201cPor um pa\u00eds livre da pobreza e da  discrimina\u00e7\u00e3o: Promovendo a cidadania de l\u00e9sbicas, gays, bissexuais,  travestis e transexuais \u2013 LGBT\u201d, que acontecer\u00e1 em Bras\u00edlia, de 15 a 18  de dezembro. Representantes do Minist\u00e9rio da Sa\u00fade participar\u00e3o do  painel Pol\u00edticas P\u00fablicas e Direitos da popula\u00e7\u00e3o LGBT e de Grupo de  Trabalho que tratar\u00e1 da tem\u00e1tica.<\/p>\n<p><strong>HIV &#8211; <\/strong>O  governo tamb\u00e9m lan\u00e7ou, nesta quinta-feira, a Campanha Nacional de  Combate \u00e0 Aids, com foco em jovens gays de 15 a 24 anos. No \u00faltimo ano, a  taxa de infec\u00e7\u00e3o nesse grupo cresceu 10,1%. Para cada 10 heterossexuais  dessa faixa et\u00e1ria com a doen\u00e7a, existem 16 homossexuais. A campanha  aposta nas redes sociais e na internet para alertar o p\u00fablico gay sobre a  preven\u00e7\u00e3o.<\/p>\n<p>O lan\u00e7amento coincide com  o Dia Mundial de Luta Contra a Aids. Existem 34 milh\u00f5es de pessoas no  mundo com aids, 17% a mais em compara\u00e7\u00e3o a 2001, segundo o Programa das  Na\u00e7\u00f5es Unidas para Aids (Unaids).<\/p>\n<p>No  entanto, o \u00f3rg\u00e3o aponta queda de 21% nas mortes \u2013 que ca\u00edram de 2,2  milh\u00f5es, em 2000, para 1,8 milh\u00e3o em 2010 \u2013 e redu\u00e7\u00e3o de 15% nas novas  infec\u00e7\u00f5es nos \u00faltimos dez anos, que somaram 1,2 milh\u00e3o no ano passado.  Na Am\u00e9rica Latina, a doen\u00e7a permanece est\u00e1vel, conforme o relat\u00f3rio. Dos  adultos infectados que vivem na regi\u00e3o, 36% s\u00e3o mulheres.<\/p>\n<p>Fonte: Ag\u00eancia Brasil<\/p>\n","protected":false},"excerpt":{"rendered":"<p>Foi lan\u00e7ada tamb\u00e9m a Campanha Nacional de Combate \u00e0 Aids, com foco em jovens gays de 15 a 24 anos.<\/p>\n","protected":false},"author":1,"featured_media":0,"comment_status":"open","ping_status":"open","sticky":false,"template":"","format":"standard","meta":{"site-container-style":"default","site-container-layout":"default","site-sidebar-layout":"default","disable-article-header":"default","disable-site-header":"default","disable-site-footer":"default","disable-content-area-spacing":"default","footnotes":""},"categories":[11,39,48,4,41,37],"tags":[],"class_list":["post-21727","post","type-post","status-publish","format-standard","hentry","category-direitos-humanos","category-discriminacao","category-inclusao","category-noticias","category-preconceito","category-saude"],"yoast_head":"<!-- This site is optimized with the Yoast SEO plugin v27.4 - https:\/\/yoast.com\/product\/yoast-seo-wordpress\/ -->\n<title>Nova pol\u00edtica para atendimento centralizado da comunidade LGBT no SUS -<\/title>\n<meta name=\"robots\" content=\"index, follow, max-snippet:-1, max-image-preview:large, max-video-preview:-1\" \/>\n<link rel=\"canonical\" href=\"https:\/\/inclusivenews.com.br\/?p=21727\" \/>\n<meta property=\"og:locale\" content=\"pt_PT\" \/>\n<meta property=\"og:type\" content=\"article\" \/>\n<meta property=\"og:title\" content=\"Nova pol\u00edtica para atendimento centralizado da comunidade LGBT no SUS -\" \/>\n<meta property=\"og:description\" content=\"Foi lan\u00e7ada tamb\u00e9m a Campanha Nacional de Combate \u00e0 Aids, com foco em jovens gays de 15 a 24 anos.\" \/>\n<meta property=\"og:url\" content=\"https:\/\/inclusivenews.com.br\/?p=21727\" \/>\n<meta property=\"article:publisher\" content=\"https:\/\/www.facebook.com\/agenciainclusive\/\" \/>\n<meta property=\"article:published_time\" content=\"2011-12-05T21:04:02+00:00\" \/>\n<meta property=\"og:image\" content=\"http:\/\/inclusivenews.com.br\/wp-content\/uploads\/2009\/12\/bandeira-gay1-300x213.jpg\" \/>\n<meta name=\"author\" content=\"inclusivenews2024\" \/>\n<meta name=\"twitter:card\" content=\"summary_large_image\" \/>\n<meta name=\"twitter:label1\" content=\"Escrito por\" \/>\n\t<meta name=\"twitter:data1\" content=\"inclusivenews2024\" \/>\n\t<meta name=\"twitter:label2\" content=\"Tempo estimado de leitura\" \/>\n\t<meta name=\"twitter:data2\" content=\"2 minutos\" \/>\n<script type=\"application\/ld+json\" class=\"yoast-schema-graph\">{\"@context\":\"https:\\\/\\\/schema.org\",\"@graph\":[{\"@type\":\"Article\",\"@id\":\"https:\\\/\\\/inclusivenews.com.br\\\/?p=21727#article\",\"isPartOf\":{\"@id\":\"https:\\\/\\\/inclusivenews.com.br\\\/?p=21727\"},\"author\":{\"name\":\"inclusivenews2024\",\"@id\":\"https:\\\/\\\/inclusivenews.com.br\\\/#\\\/schema\\\/person\\\/ae4ec7087559b8692fb33b6fffd2273b\"},\"headline\":\"Nova pol\u00edtica para atendimento centralizado da comunidade LGBT no SUS\",\"datePublished\":\"2011-12-05T21:04:02+00:00\",\"mainEntityOfPage\":{\"@id\":\"https:\\\/\\\/inclusivenews.com.br\\\/?p=21727\"},\"wordCount\":451,\"commentCount\":2,\"publisher\":{\"@id\":\"https:\\\/\\\/inclusivenews.com.br\\\/#organization\"},\"image\":{\"@id\":\"https:\\\/\\\/inclusivenews.com.br\\\/?p=21727#primaryimage\"},\"thumbnailUrl\":\"http:\\\/\\\/inclusivenews.com.br\\\/wp-content\\\/uploads\\\/2009\\\/12\\\/bandeira-gay1-300x213.jpg\",\"articleSection\":[\"DIREITOS HUMANOS\",\"Discrimina\u00e7\u00e3o\",\"INCLUS\u00c3O SOCIAL\",\"NOT\u00cdCIAS\",\"Preconceito\",\"Sa\u00fade\"],\"inLanguage\":\"pt-PT\",\"potentialAction\":[{\"@type\":\"CommentAction\",\"name\":\"Comment\",\"target\":[\"https:\\\/\\\/inclusivenews.com.br\\\/?p=21727#respond\"]}]},{\"@type\":\"WebPage\",\"@id\":\"https:\\\/\\\/inclusivenews.com.br\\\/?p=21727\",\"url\":\"https:\\\/\\\/inclusivenews.com.br\\\/?p=21727\",\"name\":\"Nova pol\u00edtica para atendimento centralizado da comunidade LGBT no SUS -\",\"isPartOf\":{\"@id\":\"https:\\\/\\\/inclusivenews.com.br\\\/#website\"},\"primaryImageOfPage\":{\"@id\":\"https:\\\/\\\/inclusivenews.com.br\\\/?p=21727#primaryimage\"},\"image\":{\"@id\":\"https:\\\/\\\/inclusivenews.com.br\\\/?p=21727#primaryimage\"},\"thumbnailUrl\":\"http:\\\/\\\/inclusivenews.com.br\\\/wp-content\\\/uploads\\\/2009\\\/12\\\/bandeira-gay1-300x213.jpg\",\"datePublished\":\"2011-12-05T21:04:02+00:00\",\"breadcrumb\":{\"@id\":\"https:\\\/\\\/inclusivenews.com.br\\\/?p=21727#breadcrumb\"},\"inLanguage\":\"pt-PT\",\"potentialAction\":[{\"@type\":\"ReadAction\",\"target\":[\"https:\\\/\\\/inclusivenews.com.br\\\/?p=21727\"]}]},{\"@type\":\"ImageObject\",\"inLanguage\":\"pt-PT\",\"@id\":\"https:\\\/\\\/inclusivenews.com.br\\\/?p=21727#primaryimage\",\"url\":\"\",\"contentUrl\":\"\"},{\"@type\":\"BreadcrumbList\",\"@id\":\"https:\\\/\\\/inclusivenews.com.br\\\/?p=21727#breadcrumb\",\"itemListElement\":[{\"@type\":\"ListItem\",\"position\":1,\"name\":\"In\u00edcio\",\"item\":\"https:\\\/\\\/inclusivenews.com.br\\\/\"},{\"@type\":\"ListItem\",\"position\":2,\"name\":\"Nova pol\u00edtica para atendimento centralizado da comunidade LGBT no SUS\"}]},{\"@type\":\"WebSite\",\"@id\":\"https:\\\/\\\/inclusivenews.com.br\\\/#website\",\"url\":\"https:\\\/\\\/inclusivenews.com.br\\\/\",\"name\":\"Inclusive News\",\"description\":\"Inclusive News\",\"publisher\":{\"@id\":\"https:\\\/\\\/inclusivenews.com.br\\\/#organization\"},\"potentialAction\":[{\"@type\":\"SearchAction\",\"target\":{\"@type\":\"EntryPoint\",\"urlTemplate\":\"https:\\\/\\\/inclusivenews.com.br\\\/?s={search_term_string}\"},\"query-input\":{\"@type\":\"PropertyValueSpecification\",\"valueRequired\":true,\"valueName\":\"search_term_string\"}}],\"inLanguage\":\"pt-PT\"},{\"@type\":\"Organization\",\"@id\":\"https:\\\/\\\/inclusivenews.com.br\\\/#organization\",\"name\":\"Inclusive - inclus\u00e3o e cidadania\",\"url\":\"https:\\\/\\\/inclusivenews.com.br\\\/\",\"logo\":{\"@type\":\"ImageObject\",\"inLanguage\":\"pt-PT\",\"@id\":\"https:\\\/\\\/inclusivenews.com.br\\\/#\\\/schema\\\/logo\\\/image\\\/\",\"url\":\"https:\\\/\\\/inclusivenews.com.br\\\/wp-content\\\/uploads\\\/2024\\\/03\\\/@grandesite.png\",\"contentUrl\":\"https:\\\/\\\/inclusivenews.com.br\\\/wp-content\\\/uploads\\\/2024\\\/03\\\/@grandesite.png\",\"width\":1080,\"height\":1080,\"caption\":\"Inclusive - inclus\u00e3o e cidadania\"},\"image\":{\"@id\":\"https:\\\/\\\/inclusivenews.com.br\\\/#\\\/schema\\\/logo\\\/image\\\/\"},\"sameAs\":[\"https:\\\/\\\/www.facebook.com\\\/agenciainclusive\\\/\",\"https:\\\/\\\/www.instagram.com\\\/newsinclusive\\\/\"]},{\"@type\":\"Person\",\"@id\":\"https:\\\/\\\/inclusivenews.com.br\\\/#\\\/schema\\\/person\\\/ae4ec7087559b8692fb33b6fffd2273b\",\"name\":\"inclusivenews2024\",\"image\":{\"@type\":\"ImageObject\",\"inLanguage\":\"pt-PT\",\"@id\":\"https:\\\/\\\/secure.gravatar.com\\\/avatar\\\/c5a7ef84c66fa914f55bc4f7ce26cfa275a3b9a1c5568b907bd184fb4dde7b40?s=96&d=mm&r=g\",\"url\":\"https:\\\/\\\/secure.gravatar.com\\\/avatar\\\/c5a7ef84c66fa914f55bc4f7ce26cfa275a3b9a1c5568b907bd184fb4dde7b40?s=96&d=mm&r=g\",\"contentUrl\":\"https:\\\/\\\/secure.gravatar.com\\\/avatar\\\/c5a7ef84c66fa914f55bc4f7ce26cfa275a3b9a1c5568b907bd184fb4dde7b40?s=96&d=mm&r=g\",\"caption\":\"inclusivenews2024\"},\"sameAs\":[\"https:\\\/\\\/inclusivenews.com.br\"],\"url\":\"https:\\\/\\\/inclusivenews.com.br\\\/?author=1\"}]}<\/script>\n<!-- \/ Yoast SEO plugin. -->","yoast_head_json":{"title":"Nova pol\u00edtica para atendimento centralizado da comunidade LGBT no SUS -","robots":{"index":"index","follow":"follow","max-snippet":"max-snippet:-1","max-image-preview":"max-image-preview:large","max-video-preview":"max-video-preview:-1"},"canonical":"https:\/\/inclusivenews.com.br\/?p=21727","og_locale":"pt_PT","og_type":"article","og_title":"Nova pol\u00edtica para atendimento centralizado da comunidade LGBT no SUS -","og_description":"Foi lan\u00e7ada tamb\u00e9m a Campanha Nacional de Combate \u00e0 Aids, com foco em jovens gays de 15 a 24 anos.","og_url":"https:\/\/inclusivenews.com.br\/?p=21727","article_publisher":"https:\/\/www.facebook.com\/agenciainclusive\/","article_published_time":"2011-12-05T21:04:02+00:00","og_image":[{"url":"http:\/\/inclusivenews.com.br\/wp-content\/uploads\/2009\/12\/bandeira-gay1-300x213.jpg","type":"","width":"","height":""}],"author":"inclusivenews2024","twitter_card":"summary_large_image","twitter_misc":{"Escrito por":"inclusivenews2024","Tempo estimado de leitura":"2 minutos"},"schema":{"@context":"https:\/\/schema.org","@graph":[{"@type":"Article","@id":"https:\/\/inclusivenews.com.br\/?p=21727#article","isPartOf":{"@id":"https:\/\/inclusivenews.com.br\/?p=21727"},"author":{"name":"inclusivenews2024","@id":"https:\/\/inclusivenews.com.br\/#\/schema\/person\/ae4ec7087559b8692fb33b6fffd2273b"},"headline":"Nova pol\u00edtica para atendimento centralizado da comunidade LGBT no SUS","datePublished":"2011-12-05T21:04:02+00:00","mainEntityOfPage":{"@id":"https:\/\/inclusivenews.com.br\/?p=21727"},"wordCount":451,"commentCount":2,"publisher":{"@id":"https:\/\/inclusivenews.com.br\/#organization"},"image":{"@id":"https:\/\/inclusivenews.com.br\/?p=21727#primaryimage"},"thumbnailUrl":"http:\/\/inclusivenews.com.br\/wp-content\/uploads\/2009\/12\/bandeira-gay1-300x213.jpg","articleSection":["DIREITOS HUMANOS","Discrimina\u00e7\u00e3o","INCLUS\u00c3O SOCIAL","NOT\u00cdCIAS","Preconceito","Sa\u00fade"],"inLanguage":"pt-PT","potentialAction":[{"@type":"CommentAction","name":"Comment","target":["https:\/\/inclusivenews.com.br\/?p=21727#respond"]}]},{"@type":"WebPage","@id":"https:\/\/inclusivenews.com.br\/?p=21727","url":"https:\/\/inclusivenews.com.br\/?p=21727","name":"Nova pol\u00edtica para atendimento centralizado da comunidade LGBT no SUS -","isPartOf":{"@id":"https:\/\/inclusivenews.com.br\/#website"},"primaryImageOfPage":{"@id":"https:\/\/inclusivenews.com.br\/?p=21727#primaryimage"},"image":{"@id":"https:\/\/inclusivenews.com.br\/?p=21727#primaryimage"},"thumbnailUrl":"http:\/\/inclusivenews.com.br\/wp-content\/uploads\/2009\/12\/bandeira-gay1-300x213.jpg","datePublished":"2011-12-05T21:04:02+00:00","breadcrumb":{"@id":"https:\/\/inclusivenews.com.br\/?p=21727#breadcrumb"},"inLanguage":"pt-PT","potentialAction":[{"@type":"ReadAction","target":["https:\/\/inclusivenews.com.br\/?p=21727"]}]},{"@type":"ImageObject","inLanguage":"pt-PT","@id":"https:\/\/inclusivenews.com.br\/?p=21727#primaryimage","url":"","contentUrl":""},{"@type":"BreadcrumbList","@id":"https:\/\/inclusivenews.com.br\/?p=21727#breadcrumb","itemListElement":[{"@type":"ListItem","position":1,"name":"In\u00edcio","item":"https:\/\/inclusivenews.com.br\/"},{"@type":"ListItem","position":2,"name":"Nova pol\u00edtica para atendimento centralizado da comunidade LGBT no SUS"}]},{"@type":"WebSite","@id":"https:\/\/inclusivenews.com.br\/#website","url":"https:\/\/inclusivenews.com.br\/","name":"Inclusive News","description":"Inclusive News","publisher":{"@id":"https:\/\/inclusivenews.com.br\/#organization"},"potentialAction":[{"@type":"SearchAction","target":{"@type":"EntryPoint","urlTemplate":"https:\/\/inclusivenews.com.br\/?s={search_term_string}"},"query-input":{"@type":"PropertyValueSpecification","valueRequired":true,"valueName":"search_term_string"}}],"inLanguage":"pt-PT"},{"@type":"Organization","@id":"https:\/\/inclusivenews.com.br\/#organization","name":"Inclusive - inclus\u00e3o e cidadania","url":"https:\/\/inclusivenews.com.br\/","logo":{"@type":"ImageObject","inLanguage":"pt-PT","@id":"https:\/\/inclusivenews.com.br\/#\/schema\/logo\/image\/","url":"https:\/\/inclusivenews.com.br\/wp-content\/uploads\/2024\/03\/@grandesite.png","contentUrl":"https:\/\/inclusivenews.com.br\/wp-content\/uploads\/2024\/03\/@grandesite.png","width":1080,"height":1080,"caption":"Inclusive - inclus\u00e3o e cidadania"},"image":{"@id":"https:\/\/inclusivenews.com.br\/#\/schema\/logo\/image\/"},"sameAs":["https:\/\/www.facebook.com\/agenciainclusive\/","https:\/\/www.instagram.com\/newsinclusive\/"]},{"@type":"Person","@id":"https:\/\/inclusivenews.com.br\/#\/schema\/person\/ae4ec7087559b8692fb33b6fffd2273b","name":"inclusivenews2024","image":{"@type":"ImageObject","inLanguage":"pt-PT","@id":"https:\/\/secure.gravatar.com\/avatar\/c5a7ef84c66fa914f55bc4f7ce26cfa275a3b9a1c5568b907bd184fb4dde7b40?s=96&d=mm&r=g","url":"https:\/\/secure.gravatar.com\/avatar\/c5a7ef84c66fa914f55bc4f7ce26cfa275a3b9a1c5568b907bd184fb4dde7b40?s=96&d=mm&r=g","contentUrl":"https:\/\/secure.gravatar.com\/avatar\/c5a7ef84c66fa914f55bc4f7ce26cfa275a3b9a1c5568b907bd184fb4dde7b40?s=96&d=mm&r=g","caption":"inclusivenews2024"},"sameAs":["https:\/\/inclusivenews.com.br"],"url":"https:\/\/inclusivenews.com.br\/?author=1"}]}},"_links":{"self":[{"href":"https:\/\/inclusivenews.com.br\/index.php?rest_route=\/wp\/v2\/posts\/21727","targetHints":{"allow":["GET"]}}],"collection":[{"href":"https:\/\/inclusivenews.com.br\/index.php?rest_route=\/wp\/v2\/posts"}],"about":[{"href":"https:\/\/inclusivenews.com.br\/index.php?rest_route=\/wp\/v2\/types\/post"}],"author":[{"embeddable":true,"href":"https:\/\/inclusivenews.com.br\/index.php?rest_route=\/wp\/v2\/users\/1"}],"replies":[{"embeddable":true,"href":"https:\/\/inclusivenews.com.br\/index.php?rest_route=%2Fwp%2Fv2%2Fcomments&post=21727"}],"version-history":[{"count":0,"href":"https:\/\/inclusivenews.com.br\/index.php?rest_route=\/wp\/v2\/posts\/21727\/revisions"}],"wp:attachment":[{"href":"https:\/\/inclusivenews.com.br\/index.php?rest_route=%2Fwp%2Fv2%2Fmedia&parent=21727"}],"wp:term":[{"taxonomy":"category","embeddable":true,"href":"https:\/\/inclusivenews.com.br\/index.php?rest_route=%2Fwp%2Fv2%2Fcategories&post=21727"},{"taxonomy":"post_tag","embeddable":true,"href":"https:\/\/inclusivenews.com.br\/index.php?rest_route=%2Fwp%2Fv2%2Ftags&post=21727"}],"curies":[{"name":"wp","href":"https:\/\/api.w.org\/{rel}","templated":true}]}}