{"id":21730,"date":"2011-12-07T15:30:01","date_gmt":"2011-12-07T18:30:01","guid":{"rendered":"http:\/\/www.inclusive.org.br\/?p=21730"},"modified":"2011-12-07T15:30:01","modified_gmt":"2011-12-07T18:30:01","slug":"unesco-lidera-nova-iniciativa-anti-bullying-contra-pessoas-lgbt","status":"publish","type":"post","link":"https:\/\/inclusivenews.com.br\/?p=21730","title":{"rendered":"UNESCO lidera nova iniciativa anti-bullying contra pessoas LGBT"},"content":{"rendered":"<figure id=\"attachment_12758\" aria-describedby=\"caption-attachment-12758\" style=\"width: 150px\" class=\"wp-caption alignleft\"><img loading=\"lazy\" decoding=\"async\" class=\"size-thumbnail wp-image-12758\" title=\"Bandeira s\u00edmbolo do movimento GLBT contra a homofobia. A cor vermelha imita um sangramento.\" src=\"http:\/\/inclusivenews.com.br\/wp-content\/uploads\/2009\/11\/bandeira-150x122.jpg\" alt=\"Bandeira s\u00edmbolo do movimento GLBT contra a homofobia. A cor vermelha imita um sangramento.\" width=\"150\" height=\"122\" \/><figcaption id=\"caption-attachment-12758\" class=\"wp-caption-text\"> <\/figcaption><\/figure>\n<p class=\"MsoNormal\" style=\"margin: 0cm 0cm 0pt;\">\n<p class=\"MsoNormal\" style=\"margin: 0cm 0cm 0pt;\"><span style=\"font-family: 'Times New Roman','serif'; font-size: 12pt;\">A UNESCO lan\u00e7ou a primeira consulta internacional das Na\u00e7\u00f5es Unidas para lidar com o bullying contra alunos LGBT (l\u00e9sbicas, gays, bissexuais e transg\u00eaneros), nas escolas e nas universidades. Estudos recentes, tais como o Discrimina\u00e7\u00e3o em raz\u00e3o da Orienta\u00e7\u00e3o Sexual e da Identidade de G\u00eanero na Europa, do Conselho da Europa, identificaram atitudes homof\u00f3bicas e transf\u00f3bicas persistentes, em todo o mundo, o que deixa pessoas LGBT vulner\u00e1veis a taxas alarmantes de crimes de \u00f3dio, discrimina\u00e7\u00e3o e viol\u00eancia por causa de sua orienta\u00e7\u00e3o sexual.<\/span><\/p>\n<p class=\"MsoNormal\" style=\"margin: 0cm 0cm 0pt;\"><span style=\"font-family: 'Times New Roman','serif'; font-size: 12pt;\"> <\/span><\/p>\n<p class=\"MsoNormal\" style=\"margin: 0cm 0cm 0pt;\"><span style=\"font-family: 'Times New Roman','serif'; font-size: 12pt;\">A consulta ocorre entre 6 e 9 de dezembro, no Rio de Janeiro, Brasil (Hotel Golden Tulip Regent, Av. Atl\u00e2ntica, 3176, Copacabana). Ela explorar\u00e1 como melhor apoiar alunos e professores LGBT, prevenir e combater o bullying e a discrimina\u00e7\u00e3o homof\u00f3bica e transf\u00f3bica nas escolas, e assegurar ambientes de aprendizagem LGBT-seguro. <\/span><\/p>\n<p class=\"MsoNormal\" style=\"margin: 0cm 0cm 0pt; background: white none repeat scroll 0%; -moz-background-clip: -moz-initial; -moz-background-origin: -moz-initial; -moz-background-inline-policy: -moz-initial;\"><span style=\"font-family: 'Times New Roman','serif'; font-size: 12pt;\"> <\/span><\/p>\n<p class=\"MsoNormal\" style=\"margin: 0cm 0cm 0pt; background: white none repeat scroll 0%; -moz-background-clip: -moz-initial; -moz-background-origin: -moz-initial; -moz-background-inline-policy: -moz-initial;\"><span style=\"font-family: 'Times New Roman','serif'; font-size: 12pt;\">Participaram da cerim\u00f4nia de abertura Pedro Chequer, Coordenador do Unaids no Brasil (Programa Conjunto das Na\u00e7\u00f5es Unidas sobre HIV\/Aids); Dida Figueiredo, representando a Secretaria de Direitos Humanos da Presid\u00eancia da Rep\u00fablica, Cl\u00e1udio Nascimento, Superintendente de Direitos Individuais, Coletivos e Difusos da Secretaria de Assist\u00eancia Social e Direitos Humanos do Governo do Estado do Rio de Janeiro, F\u00e1bio Cl\u00e9ber, representando a Rede Nacional de Jovens Vivendo com HIV\/Aids e Mark Richmond, Coordenador Global da <\/span><span style=\"font-family: 'Times New Roman','serif'; font-size: 12pt;\">UNESCO para HIV e Aids e Diretor da Divis\u00e3o de Educa\u00e7\u00e3o pela Paz e pelo Desenvolvimento Sustent\u00e1vel <\/span><span style=\"font-family: 'Times New Roman','serif'; font-size: 12pt;\"> <\/span><\/p>\n<p class=\"MsoNormal\" style=\"margin: 0cm 0cm 0pt;\"><span style=\"font-family: 'Times New Roman','serif'; font-size: 12pt;\"> <\/span><\/p>\n<p class=\"MsoNormal\" style=\"margin: 0cm 0cm 0pt;\"><span style=\"font-family: 'Times New Roman','serif'; font-size: 12pt;\">Essa iniciativa avalia programas e pol\u00edticas existentes em todo o mundo a fim de compartilhar as melhores pr\u00e1ticas com os minist\u00e9rios da educa\u00e7\u00e3o.<\/span><\/p>\n<p class=\"MsoNormal\" style=\"margin: 0cm 0cm 0pt;\"><span style=\"font-family: 'Times New Roman','serif'; font-size: 12pt;\"> <\/span><\/p>\n<p class=\"MsoNormal\" style=\"margin: 0cm 0cm 0pt;\"><span style=\"font-family: 'Times New Roman','serif'; font-size: 12pt;\">Nos Estados Unidos, mais de 90% dos estudantes LGBT afirmam ter sido v\u00edtimas de ass\u00e9dio homof\u00f3bico; na Nova Zel\u00e2ndia, 98% das pessoas LGBT afirmam que j\u00e1 foram verbal ou fisicamente abusadas na escola. Essa viol\u00eancia homof\u00f3bica viola o direito dos jovens \u00e0 educa\u00e7\u00e3o e a ambientes de aprendizagem seguros.<\/span><\/p>\n<p class=\"MsoNormal\" style=\"margin: 0cm 0cm 0pt;\"><span style=\"font-family: 'Times New Roman','serif'; font-size: 12pt;\"> <\/span><\/p>\n<p class=\"MsoNormal\" style=\"margin: 0cm 0cm 0pt;\"><span style=\"font-family: 'Times New Roman','serif'; font-size: 12pt;\">Como resultado do estigma e da discrimina\u00e7\u00e3o na escola, jovens submetidos a ass\u00e9dio homof\u00f3bico s\u00e3o mais propensos a abandonar os estudos. Tamb\u00e9m s\u00e3o mais propensos a contemplar a automutila\u00e7\u00e3o, cometer suic\u00eddio e se engajar em atividades ou comportamentos que apresentam um risco \u00e0 sa\u00fade.<\/span><\/p>\n<p class=\"MsoNormal\" style=\"margin: 0cm 0cm 0pt;\"><span style=\"font-family: 'Times New Roman','serif'; font-size: 12pt;\"> <\/span><\/p>\n<p class=\"MsoNormal\" style=\"margin: 0cm 0cm 0pt;\"><span style=\"font-family: 'Times New Roman','serif'; font-size: 12pt;\">Est\u00e3o participando da consulta especialistas de 25 pa\u00edses Austr\u00e1lia, B\u00e9lgica, Litu\u00e2nia, Camar\u00f5es, China, Col\u00f4mbia, Dinamarca, El Salvador, Maced\u00f4nia, Inglaterra, Pa\u00eds de Gales, Esc\u00f3cia, Irlanda, Israel, Jamaica, M\u00e9xico, Nam\u00edbia, Holanda, Peru, Samoa, \u00c1frica do Sul, Su\u00e9cia, Turquia, EUA e Brasil.<\/span><\/p>\n<p class=\"MsoNormal\" style=\"margin: 0cm 0cm 0pt;\"><span style=\"font-family: 'Times New Roman','serif'; font-size: 12pt;\"> <\/span><\/p>\n<p class=\"MsoNormal\" style=\"margin: 0cm 0cm 0pt;\"><span style=\"font-family: 'Times New Roman','serif'; font-size: 12pt;\">Fonte: <\/span><a href=\"http:\/\/www.unesco.org\/new\/pt\/brasilia\/about-this-office\/single-view\/news\/unesco_leads_new_anti_bullying_initiative-1\/\" target=\"_blank\" rel=\"noopener\"><span style=\"font-family: 'Times New Roman','serif'; color: windowtext; font-size: 12pt;\">UNESCO<\/span><\/a><\/p>\n","protected":false},"excerpt":{"rendered":"<p>A consulta ocorre entre 6 e 9 de dezembro, no Rio de Janeiro, Brasil (Hotel Golden Tulip Regent, Av. Atl\u00e2ntica, 3176, Copacabana). Ela explorar\u00e1 como melhor apoiar alunos e professores LGBT, prevenir e combater o bullying e a discrimina\u00e7\u00e3o homof\u00f3bica e transf\u00f3bica nas escolas, e assegurar ambientes de aprendizagem LGBT-seguro.<\/p>\n","protected":false},"author":1,"featured_media":0,"comment_status":"open","ping_status":"open","sticky":false,"template":"","format":"standard","meta":{"site-container-style":"default","site-container-layout":"default","site-sidebar-layout":"default","disable-article-header":"default","disable-site-header":"default","disable-site-footer":"default","disable-content-area-spacing":"default","footnotes":""},"categories":[11,4],"tags":[178],"class_list":["post-21730","post","type-post","status-publish","format-standard","hentry","category-direitos-humanos","category-noticias","tag-bullyig"],"yoast_head":"<!-- This site is optimized with the Yoast SEO plugin v27.4 - https:\/\/yoast.com\/product\/yoast-seo-wordpress\/ -->\n<title>UNESCO lidera nova iniciativa anti-bullying contra pessoas LGBT -<\/title>\n<meta name=\"robots\" content=\"index, follow, max-snippet:-1, max-image-preview:large, max-video-preview:-1\" \/>\n<link rel=\"canonical\" href=\"https:\/\/inclusivenews.com.br\/?p=21730\" \/>\n<meta property=\"og:locale\" content=\"pt_PT\" \/>\n<meta property=\"og:type\" content=\"article\" \/>\n<meta property=\"og:title\" content=\"UNESCO lidera nova iniciativa anti-bullying contra pessoas LGBT -\" \/>\n<meta property=\"og:description\" content=\"A consulta ocorre entre 6 e 9 de dezembro, no Rio de Janeiro, Brasil (Hotel Golden Tulip Regent, Av. Atl\u00e2ntica, 3176, Copacabana). Ela explorar\u00e1 como melhor apoiar alunos e professores LGBT, prevenir e combater o bullying e a discrimina\u00e7\u00e3o homof\u00f3bica e transf\u00f3bica nas escolas, e assegurar ambientes de aprendizagem LGBT-seguro.\" \/>\n<meta property=\"og:url\" content=\"https:\/\/inclusivenews.com.br\/?p=21730\" \/>\n<meta property=\"article:publisher\" content=\"https:\/\/www.facebook.com\/agenciainclusive\/\" \/>\n<meta property=\"article:published_time\" content=\"2011-12-07T18:30:01+00:00\" \/>\n<meta property=\"og:image\" content=\"http:\/\/inclusivenews.com.br\/wp-content\/uploads\/2009\/11\/bandeira-150x122.jpg\" \/>\n<meta name=\"author\" content=\"inclusivenews2024\" \/>\n<meta name=\"twitter:card\" content=\"summary_large_image\" \/>\n<meta name=\"twitter:label1\" content=\"Escrito por\" \/>\n\t<meta name=\"twitter:data1\" content=\"inclusivenews2024\" \/>\n\t<meta name=\"twitter:label2\" content=\"Tempo estimado de leitura\" \/>\n\t<meta name=\"twitter:data2\" content=\"2 minutos\" \/>\n<script type=\"application\/ld+json\" class=\"yoast-schema-graph\">{\"@context\":\"https:\\\/\\\/schema.org\",\"@graph\":[{\"@type\":\"Article\",\"@id\":\"https:\\\/\\\/inclusivenews.com.br\\\/?p=21730#article\",\"isPartOf\":{\"@id\":\"https:\\\/\\\/inclusivenews.com.br\\\/?p=21730\"},\"author\":{\"name\":\"inclusivenews2024\",\"@id\":\"https:\\\/\\\/inclusivenews.com.br\\\/#\\\/schema\\\/person\\\/ae4ec7087559b8692fb33b6fffd2273b\"},\"headline\":\"UNESCO lidera nova iniciativa anti-bullying contra pessoas LGBT\",\"datePublished\":\"2011-12-07T18:30:01+00:00\",\"mainEntityOfPage\":{\"@id\":\"https:\\\/\\\/inclusivenews.com.br\\\/?p=21730\"},\"wordCount\":451,\"commentCount\":0,\"publisher\":{\"@id\":\"https:\\\/\\\/inclusivenews.com.br\\\/#organization\"},\"image\":{\"@id\":\"https:\\\/\\\/inclusivenews.com.br\\\/?p=21730#primaryimage\"},\"thumbnailUrl\":\"http:\\\/\\\/inclusivenews.com.br\\\/wp-content\\\/uploads\\\/2009\\\/11\\\/bandeira-150x122.jpg\",\"keywords\":[\"bullyig\"],\"articleSection\":[\"DIREITOS HUMANOS\",\"NOT\u00cdCIAS\"],\"inLanguage\":\"pt-PT\",\"potentialAction\":[{\"@type\":\"CommentAction\",\"name\":\"Comment\",\"target\":[\"https:\\\/\\\/inclusivenews.com.br\\\/?p=21730#respond\"]}]},{\"@type\":\"WebPage\",\"@id\":\"https:\\\/\\\/inclusivenews.com.br\\\/?p=21730\",\"url\":\"https:\\\/\\\/inclusivenews.com.br\\\/?p=21730\",\"name\":\"UNESCO lidera nova iniciativa anti-bullying contra pessoas LGBT -\",\"isPartOf\":{\"@id\":\"https:\\\/\\\/inclusivenews.com.br\\\/#website\"},\"primaryImageOfPage\":{\"@id\":\"https:\\\/\\\/inclusivenews.com.br\\\/?p=21730#primaryimage\"},\"image\":{\"@id\":\"https:\\\/\\\/inclusivenews.com.br\\\/?p=21730#primaryimage\"},\"thumbnailUrl\":\"http:\\\/\\\/inclusivenews.com.br\\\/wp-content\\\/uploads\\\/2009\\\/11\\\/bandeira-150x122.jpg\",\"datePublished\":\"2011-12-07T18:30:01+00:00\",\"breadcrumb\":{\"@id\":\"https:\\\/\\\/inclusivenews.com.br\\\/?p=21730#breadcrumb\"},\"inLanguage\":\"pt-PT\",\"potentialAction\":[{\"@type\":\"ReadAction\",\"target\":[\"https:\\\/\\\/inclusivenews.com.br\\\/?p=21730\"]}]},{\"@type\":\"ImageObject\",\"inLanguage\":\"pt-PT\",\"@id\":\"https:\\\/\\\/inclusivenews.com.br\\\/?p=21730#primaryimage\",\"url\":\"https:\\\/\\\/inclusivenews.com.br\\\/wp-content\\\/uploads\\\/2009\\\/11\\\/bandeira.jpg\",\"contentUrl\":\"https:\\\/\\\/inclusivenews.com.br\\\/wp-content\\\/uploads\\\/2009\\\/11\\\/bandeira.jpg\",\"width\":161,\"height\":122,\"caption\":\"Bandeira s\u00edmbolo do movimento GLBT contra a homofobia. A cor vermelha imita um sangramento.\"},{\"@type\":\"BreadcrumbList\",\"@id\":\"https:\\\/\\\/inclusivenews.com.br\\\/?p=21730#breadcrumb\",\"itemListElement\":[{\"@type\":\"ListItem\",\"position\":1,\"name\":\"In\u00edcio\",\"item\":\"https:\\\/\\\/inclusivenews.com.br\\\/\"},{\"@type\":\"ListItem\",\"position\":2,\"name\":\"UNESCO lidera nova iniciativa anti-bullying contra pessoas LGBT\"}]},{\"@type\":\"WebSite\",\"@id\":\"https:\\\/\\\/inclusivenews.com.br\\\/#website\",\"url\":\"https:\\\/\\\/inclusivenews.com.br\\\/\",\"name\":\"Inclusive News\",\"description\":\"Inclusive News\",\"publisher\":{\"@id\":\"https:\\\/\\\/inclusivenews.com.br\\\/#organization\"},\"potentialAction\":[{\"@type\":\"SearchAction\",\"target\":{\"@type\":\"EntryPoint\",\"urlTemplate\":\"https:\\\/\\\/inclusivenews.com.br\\\/?s={search_term_string}\"},\"query-input\":{\"@type\":\"PropertyValueSpecification\",\"valueRequired\":true,\"valueName\":\"search_term_string\"}}],\"inLanguage\":\"pt-PT\"},{\"@type\":\"Organization\",\"@id\":\"https:\\\/\\\/inclusivenews.com.br\\\/#organization\",\"name\":\"Inclusive - inclus\u00e3o e cidadania\",\"url\":\"https:\\\/\\\/inclusivenews.com.br\\\/\",\"logo\":{\"@type\":\"ImageObject\",\"inLanguage\":\"pt-PT\",\"@id\":\"https:\\\/\\\/inclusivenews.com.br\\\/#\\\/schema\\\/logo\\\/image\\\/\",\"url\":\"https:\\\/\\\/inclusivenews.com.br\\\/wp-content\\\/uploads\\\/2024\\\/03\\\/@grandesite.png\",\"contentUrl\":\"https:\\\/\\\/inclusivenews.com.br\\\/wp-content\\\/uploads\\\/2024\\\/03\\\/@grandesite.png\",\"width\":1080,\"height\":1080,\"caption\":\"Inclusive - inclus\u00e3o e cidadania\"},\"image\":{\"@id\":\"https:\\\/\\\/inclusivenews.com.br\\\/#\\\/schema\\\/logo\\\/image\\\/\"},\"sameAs\":[\"https:\\\/\\\/www.facebook.com\\\/agenciainclusive\\\/\",\"https:\\\/\\\/www.instagram.com\\\/newsinclusive\\\/\"]},{\"@type\":\"Person\",\"@id\":\"https:\\\/\\\/inclusivenews.com.br\\\/#\\\/schema\\\/person\\\/ae4ec7087559b8692fb33b6fffd2273b\",\"name\":\"inclusivenews2024\",\"image\":{\"@type\":\"ImageObject\",\"inLanguage\":\"pt-PT\",\"@id\":\"https:\\\/\\\/secure.gravatar.com\\\/avatar\\\/c5a7ef84c66fa914f55bc4f7ce26cfa275a3b9a1c5568b907bd184fb4dde7b40?s=96&d=mm&r=g\",\"url\":\"https:\\\/\\\/secure.gravatar.com\\\/avatar\\\/c5a7ef84c66fa914f55bc4f7ce26cfa275a3b9a1c5568b907bd184fb4dde7b40?s=96&d=mm&r=g\",\"contentUrl\":\"https:\\\/\\\/secure.gravatar.com\\\/avatar\\\/c5a7ef84c66fa914f55bc4f7ce26cfa275a3b9a1c5568b907bd184fb4dde7b40?s=96&d=mm&r=g\",\"caption\":\"inclusivenews2024\"},\"sameAs\":[\"https:\\\/\\\/inclusivenews.com.br\"],\"url\":\"https:\\\/\\\/inclusivenews.com.br\\\/?author=1\"}]}<\/script>\n<!-- \/ Yoast SEO plugin. -->","yoast_head_json":{"title":"UNESCO lidera nova iniciativa anti-bullying contra pessoas LGBT -","robots":{"index":"index","follow":"follow","max-snippet":"max-snippet:-1","max-image-preview":"max-image-preview:large","max-video-preview":"max-video-preview:-1"},"canonical":"https:\/\/inclusivenews.com.br\/?p=21730","og_locale":"pt_PT","og_type":"article","og_title":"UNESCO lidera nova iniciativa anti-bullying contra pessoas LGBT -","og_description":"A consulta ocorre entre 6 e 9 de dezembro, no Rio de Janeiro, Brasil (Hotel Golden Tulip Regent, Av. Atl\u00e2ntica, 3176, Copacabana). Ela explorar\u00e1 como melhor apoiar alunos e professores LGBT, prevenir e combater o bullying e a discrimina\u00e7\u00e3o homof\u00f3bica e transf\u00f3bica nas escolas, e assegurar ambientes de aprendizagem LGBT-seguro.","og_url":"https:\/\/inclusivenews.com.br\/?p=21730","article_publisher":"https:\/\/www.facebook.com\/agenciainclusive\/","article_published_time":"2011-12-07T18:30:01+00:00","og_image":[{"url":"http:\/\/inclusivenews.com.br\/wp-content\/uploads\/2009\/11\/bandeira-150x122.jpg","type":"","width":"","height":""}],"author":"inclusivenews2024","twitter_card":"summary_large_image","twitter_misc":{"Escrito por":"inclusivenews2024","Tempo estimado de leitura":"2 minutos"},"schema":{"@context":"https:\/\/schema.org","@graph":[{"@type":"Article","@id":"https:\/\/inclusivenews.com.br\/?p=21730#article","isPartOf":{"@id":"https:\/\/inclusivenews.com.br\/?p=21730"},"author":{"name":"inclusivenews2024","@id":"https:\/\/inclusivenews.com.br\/#\/schema\/person\/ae4ec7087559b8692fb33b6fffd2273b"},"headline":"UNESCO lidera nova iniciativa anti-bullying contra pessoas LGBT","datePublished":"2011-12-07T18:30:01+00:00","mainEntityOfPage":{"@id":"https:\/\/inclusivenews.com.br\/?p=21730"},"wordCount":451,"commentCount":0,"publisher":{"@id":"https:\/\/inclusivenews.com.br\/#organization"},"image":{"@id":"https:\/\/inclusivenews.com.br\/?p=21730#primaryimage"},"thumbnailUrl":"http:\/\/inclusivenews.com.br\/wp-content\/uploads\/2009\/11\/bandeira-150x122.jpg","keywords":["bullyig"],"articleSection":["DIREITOS HUMANOS","NOT\u00cdCIAS"],"inLanguage":"pt-PT","potentialAction":[{"@type":"CommentAction","name":"Comment","target":["https:\/\/inclusivenews.com.br\/?p=21730#respond"]}]},{"@type":"WebPage","@id":"https:\/\/inclusivenews.com.br\/?p=21730","url":"https:\/\/inclusivenews.com.br\/?p=21730","name":"UNESCO lidera nova iniciativa anti-bullying contra pessoas LGBT -","isPartOf":{"@id":"https:\/\/inclusivenews.com.br\/#website"},"primaryImageOfPage":{"@id":"https:\/\/inclusivenews.com.br\/?p=21730#primaryimage"},"image":{"@id":"https:\/\/inclusivenews.com.br\/?p=21730#primaryimage"},"thumbnailUrl":"http:\/\/inclusivenews.com.br\/wp-content\/uploads\/2009\/11\/bandeira-150x122.jpg","datePublished":"2011-12-07T18:30:01+00:00","breadcrumb":{"@id":"https:\/\/inclusivenews.com.br\/?p=21730#breadcrumb"},"inLanguage":"pt-PT","potentialAction":[{"@type":"ReadAction","target":["https:\/\/inclusivenews.com.br\/?p=21730"]}]},{"@type":"ImageObject","inLanguage":"pt-PT","@id":"https:\/\/inclusivenews.com.br\/?p=21730#primaryimage","url":"https:\/\/inclusivenews.com.br\/wp-content\/uploads\/2009\/11\/bandeira.jpg","contentUrl":"https:\/\/inclusivenews.com.br\/wp-content\/uploads\/2009\/11\/bandeira.jpg","width":161,"height":122,"caption":"Bandeira s\u00edmbolo do movimento GLBT contra a homofobia. A cor vermelha imita um sangramento."},{"@type":"BreadcrumbList","@id":"https:\/\/inclusivenews.com.br\/?p=21730#breadcrumb","itemListElement":[{"@type":"ListItem","position":1,"name":"In\u00edcio","item":"https:\/\/inclusivenews.com.br\/"},{"@type":"ListItem","position":2,"name":"UNESCO lidera nova iniciativa anti-bullying contra pessoas LGBT"}]},{"@type":"WebSite","@id":"https:\/\/inclusivenews.com.br\/#website","url":"https:\/\/inclusivenews.com.br\/","name":"Inclusive News","description":"Inclusive News","publisher":{"@id":"https:\/\/inclusivenews.com.br\/#organization"},"potentialAction":[{"@type":"SearchAction","target":{"@type":"EntryPoint","urlTemplate":"https:\/\/inclusivenews.com.br\/?s={search_term_string}"},"query-input":{"@type":"PropertyValueSpecification","valueRequired":true,"valueName":"search_term_string"}}],"inLanguage":"pt-PT"},{"@type":"Organization","@id":"https:\/\/inclusivenews.com.br\/#organization","name":"Inclusive - inclus\u00e3o e cidadania","url":"https:\/\/inclusivenews.com.br\/","logo":{"@type":"ImageObject","inLanguage":"pt-PT","@id":"https:\/\/inclusivenews.com.br\/#\/schema\/logo\/image\/","url":"https:\/\/inclusivenews.com.br\/wp-content\/uploads\/2024\/03\/@grandesite.png","contentUrl":"https:\/\/inclusivenews.com.br\/wp-content\/uploads\/2024\/03\/@grandesite.png","width":1080,"height":1080,"caption":"Inclusive - inclus\u00e3o e cidadania"},"image":{"@id":"https:\/\/inclusivenews.com.br\/#\/schema\/logo\/image\/"},"sameAs":["https:\/\/www.facebook.com\/agenciainclusive\/","https:\/\/www.instagram.com\/newsinclusive\/"]},{"@type":"Person","@id":"https:\/\/inclusivenews.com.br\/#\/schema\/person\/ae4ec7087559b8692fb33b6fffd2273b","name":"inclusivenews2024","image":{"@type":"ImageObject","inLanguage":"pt-PT","@id":"https:\/\/secure.gravatar.com\/avatar\/c5a7ef84c66fa914f55bc4f7ce26cfa275a3b9a1c5568b907bd184fb4dde7b40?s=96&d=mm&r=g","url":"https:\/\/secure.gravatar.com\/avatar\/c5a7ef84c66fa914f55bc4f7ce26cfa275a3b9a1c5568b907bd184fb4dde7b40?s=96&d=mm&r=g","contentUrl":"https:\/\/secure.gravatar.com\/avatar\/c5a7ef84c66fa914f55bc4f7ce26cfa275a3b9a1c5568b907bd184fb4dde7b40?s=96&d=mm&r=g","caption":"inclusivenews2024"},"sameAs":["https:\/\/inclusivenews.com.br"],"url":"https:\/\/inclusivenews.com.br\/?author=1"}]}},"_links":{"self":[{"href":"https:\/\/inclusivenews.com.br\/index.php?rest_route=\/wp\/v2\/posts\/21730","targetHints":{"allow":["GET"]}}],"collection":[{"href":"https:\/\/inclusivenews.com.br\/index.php?rest_route=\/wp\/v2\/posts"}],"about":[{"href":"https:\/\/inclusivenews.com.br\/index.php?rest_route=\/wp\/v2\/types\/post"}],"author":[{"embeddable":true,"href":"https:\/\/inclusivenews.com.br\/index.php?rest_route=\/wp\/v2\/users\/1"}],"replies":[{"embeddable":true,"href":"https:\/\/inclusivenews.com.br\/index.php?rest_route=%2Fwp%2Fv2%2Fcomments&post=21730"}],"version-history":[{"count":0,"href":"https:\/\/inclusivenews.com.br\/index.php?rest_route=\/wp\/v2\/posts\/21730\/revisions"}],"wp:attachment":[{"href":"https:\/\/inclusivenews.com.br\/index.php?rest_route=%2Fwp%2Fv2%2Fmedia&parent=21730"}],"wp:term":[{"taxonomy":"category","embeddable":true,"href":"https:\/\/inclusivenews.com.br\/index.php?rest_route=%2Fwp%2Fv2%2Fcategories&post=21730"},{"taxonomy":"post_tag","embeddable":true,"href":"https:\/\/inclusivenews.com.br\/index.php?rest_route=%2Fwp%2Fv2%2Ftags&post=21730"}],"curies":[{"name":"wp","href":"https:\/\/api.w.org\/{rel}","templated":true}]}}