{"id":21732,"date":"2011-12-07T15:51:31","date_gmt":"2011-12-07T18:51:31","guid":{"rendered":"http:\/\/www.inclusive.org.br\/?p=21732"},"modified":"2011-12-07T15:51:31","modified_gmt":"2011-12-07T18:51:31","slug":"lei-de-cotas-para-deficientes-nao-deve-ser-flexibilizada-defende-cut","status":"publish","type":"post","link":"https:\/\/inclusivenews.com.br\/?p=21732","title":{"rendered":"Lei de cotas para deficientes n\u00e3o deve ser flexibilizada, defende CUT"},"content":{"rendered":"<p><span id=\"parent-fieldname-title\"><img loading=\"lazy\" decoding=\"async\" class=\"alignleft size-full wp-image-14137\" title=\"Carteira de trabalho\" src=\"http:\/\/inclusivenews.com.br\/wp-content\/uploads\/2010\/02\/cart-trabalho.jpg\" alt=\"Carteira de trabalho\" width=\"154\" height=\"181\" \/><strong>Por Let\u00edcia Cruz<br \/>\nda Rede Brasil Atual<\/strong><span id=\"parent-fieldname-description\">Empresas querem que regras para contrata\u00e7\u00e3o de trabalhadores deficientes sejam mudadas, alegando dificuldade em encontrar m\u00e3o de obra qualificada. Criada h\u00e1 20 anos, a lei que prev\u00ea a contrata\u00e7\u00e3o obrigat\u00f3ria de funcion\u00e1rios com defici\u00eancia f\u00edsica n\u00e3o pode retroceder, defende o secret\u00e1rio nacional de Pol\u00edticas Sociais da Central \u00danica dos Trabalhadores (CUT), Expedito Solaney. Na semana passada, empres\u00e1rios e parlamentares debateram em audi\u00eancia p\u00fablica na Comiss\u00e3o de Trabalho, de Administra\u00e7\u00e3o e Servi\u00e7o P\u00fablico da C\u00e2mara dos Deputados a possibilidade de flexibilizar a legisla\u00e7\u00e3o.<\/p>\n<p><\/span><\/p>\n<p><\/span><\/p>\n<p>A Lei 8.213\/1991 (Lei de Benef\u00edcios da Previd\u00eancia Social) prev\u00ea que empresas com mais de 100 funcion\u00e1rios devem abrir, no m\u00ednimo, 2% de vagas a deficientes. O percentual aumenta conforme o tamanho do quadro de funcion\u00e1rios, alcan\u00e7ando 5% para companhias com mais de mil trabalhadores contratados. O n\u00famero exato depende da quantidade total de funcion\u00e1rios.<\/p>\n<p>O setor patronal, no entanto, afirma que n\u00e3o consegue cumprir a regra por enfrentar dificuldades para encontrar m\u00e3o de obra qualificada. &#8220;\u00c9 totalmente injustific\u00e1vel. A nossa posi\u00e7\u00e3o foi muito clara de que n\u00e3o vamos retroceder de forma nenhuma na lei&#8221;, disse Solaney. Por\u00e9m, segundo ele, nenhum representante dos trabalhadores participou da mesa de discuss\u00e3o. Ser\u00e1 realizada nova audi\u00eancia, ainda sem data prevista, com sindicalistas e o Minist\u00e9rio P\u00fablico do Trabalho (MPT).<\/p>\n<p>Segundo dados do Censo 2010 do Instituto Brasileiro de Geografia e Estat\u00edstica (IBGE), 45,6 milh\u00f5es de pessoas declararam-se com algum tipo de defici\u00eancia. Por\u00e9m, nem 1% dos trabalhadores com v\u00ednculos empregat\u00edcios s\u00e3o deficientes. Solaney afirmou que, caso nada seja feito quanto \u00e0 inclus\u00e3o desses trabalhadores no mercado por meio de qualifica\u00e7\u00e3o, o aumento da desigualdade social ser\u00e1 inevit\u00e1vel. &#8220;N\u00f3s vamos argumentar (na pr\u00f3xima audi\u00eancia) com muita seguran\u00e7a e sustentar com dados. Existem deficientes que t\u00eam tudo para ser admitidos&#8221;, disse.<\/p>\n<p>Em pa\u00edses como a Fran\u00e7a, a cada 20 trabalhadores a empresa \u00e9 obrigada a separar 5% para esse tipo de vaga. No Brasil, com 2% a cada 100, as queixas s\u00e3o, principalmente, de setores de transporte e terceirizados. Os problemas s\u00e3o adapta\u00e7\u00e3o dos equipamentos e o argumento da impossibilidade da dispensa dos funcion\u00e1rios deficientes ap\u00f3s o final do contrato. Um representante de empresa, na audi\u00eancia, mencionou o custo de adapta\u00e7\u00e3o das m\u00e1quinas. &#8220;Disseram que \u00e9 muito caro e \u00e9 prefer\u00edvel pagar multa&#8221;, lamentou o dirigente da CUT.<\/p>\n<p>Falta de empenho<\/p>\n<p>O procurador do MPT Fl\u00e1vio Gondim tamb\u00e9m discorda que a lei precise ser mudada. Ele garante que um grande n\u00famero de empresas se esconde atr\u00e1s desse discurso da falta de disponibilidade de m\u00e3o de obra qualificada e n\u00e3o se empenha como deveria para cumprir a cota. No entanto, admite que o Benef\u00edcio de Presta\u00e7\u00e3o Continuada (BPC) \u2013 previsto na Lei 8.742, que garante assist\u00eancia da seguridade social a deficientes e idosos, pode ser um entrave.<\/p>\n<p>A solu\u00e7\u00e3o, segundo Gondim, seria suspender o benef\u00edcio enquanto o deficiente est\u00e1 trabalhando. Para as outras quest\u00f5es, como a falta de contrata\u00e7\u00e3o, s\u00f3 o debate entre empresas e representantes dos trabalhadores pode conciliar. \u201cEm especial, precisamos que as entidades representativas de deficientes se mobilizem e cooperem para aumentar o n\u00famero de contrata\u00e7\u00f5es, o que n\u00e3o tem ocorrido\u201d, disse.<\/p>\n<p>O deputado La\u00e9rcio Oliveira (PR-SE), que convocou a discuss\u00e3o na C\u00e2mara, sugeriu que &#8220;um novo projeto seja encaminhado para que, de fato, as empresas consigam inserir pessoas com defici\u00eancia no mercado de trabalho&#8221;. O parlamentar \u00e9 tamb\u00e9m vice-presidente da Confedera\u00e7\u00e3o Nacional do Com\u00e9rcio de Bens, Servi\u00e7os e Turismo (CNC).<\/p>\n<p>Fonte: <a href=\"http:\/\/www.redebrasilatual.com.br\/temas\/trabalho\/2011\/12\/lei-de-cotas-para-deficientes-nao-deve-ser-flexibilizada-diz-cut\">Rede Brasil Atual<\/a><\/p>\n","protected":false},"excerpt":{"rendered":"<p>Criada h\u00e1 20 anos, a lei que prev\u00ea a contrata\u00e7\u00e3o obrigat\u00f3ria de funcion\u00e1rios com defici\u00eancia f\u00edsica n\u00e3o pode retroceder, defende o secret\u00e1rio nacional de Pol\u00edticas Sociais da Central \u00danica dos Trabalhadores (CUT), Expedito Solaney.<\/p>\n","protected":false},"author":1,"featured_media":0,"comment_status":"open","ping_status":"open","sticky":false,"template":"","format":"standard","meta":{"site-container-style":"default","site-container-layout":"default","site-sidebar-layout":"default","disable-article-header":"default","disable-site-header":"default","disable-site-footer":"default","disable-content-area-spacing":"default","footnotes":""},"categories":[38,48,46,4],"tags":[],"class_list":["post-21732","post","type-post","status-publish","format-standard","hentry","category-deficiencia","category-inclusao","category-mercado-de-trabalho","category-noticias"],"yoast_head":"<!-- This site is optimized with the Yoast SEO plugin v27.4 - https:\/\/yoast.com\/product\/yoast-seo-wordpress\/ -->\n<title>Lei de cotas para deficientes n\u00e3o deve ser flexibilizada, defende CUT -<\/title>\n<meta name=\"robots\" content=\"index, follow, max-snippet:-1, max-image-preview:large, max-video-preview:-1\" \/>\n<link rel=\"canonical\" href=\"https:\/\/inclusivenews.com.br\/?p=21732\" \/>\n<meta property=\"og:locale\" content=\"pt_PT\" \/>\n<meta property=\"og:type\" content=\"article\" \/>\n<meta property=\"og:title\" content=\"Lei de cotas para deficientes n\u00e3o deve ser flexibilizada, defende CUT -\" \/>\n<meta property=\"og:description\" content=\"Criada h\u00e1 20 anos, a lei que prev\u00ea a contrata\u00e7\u00e3o obrigat\u00f3ria de funcion\u00e1rios com defici\u00eancia f\u00edsica n\u00e3o pode retroceder, defende o secret\u00e1rio nacional de Pol\u00edticas Sociais da Central \u00danica dos Trabalhadores (CUT), Expedito Solaney.\" \/>\n<meta property=\"og:url\" content=\"https:\/\/inclusivenews.com.br\/?p=21732\" \/>\n<meta property=\"article:publisher\" content=\"https:\/\/www.facebook.com\/agenciainclusive\/\" \/>\n<meta property=\"article:published_time\" content=\"2011-12-07T18:51:31+00:00\" \/>\n<meta property=\"og:image\" content=\"http:\/\/inclusivenews.com.br\/wp-content\/uploads\/2010\/02\/cart-trabalho.jpg\" \/>\n<meta name=\"author\" content=\"inclusivenews2024\" \/>\n<meta name=\"twitter:card\" content=\"summary_large_image\" \/>\n<meta name=\"twitter:label1\" content=\"Escrito por\" \/>\n\t<meta name=\"twitter:data1\" content=\"inclusivenews2024\" \/>\n\t<meta name=\"twitter:label2\" content=\"Tempo estimado de leitura\" \/>\n\t<meta name=\"twitter:data2\" content=\"3 minutos\" \/>\n<script type=\"application\/ld+json\" class=\"yoast-schema-graph\">{\"@context\":\"https:\\\/\\\/schema.org\",\"@graph\":[{\"@type\":\"Article\",\"@id\":\"https:\\\/\\\/inclusivenews.com.br\\\/?p=21732#article\",\"isPartOf\":{\"@id\":\"https:\\\/\\\/inclusivenews.com.br\\\/?p=21732\"},\"author\":{\"name\":\"inclusivenews2024\",\"@id\":\"https:\\\/\\\/inclusivenews.com.br\\\/#\\\/schema\\\/person\\\/ae4ec7087559b8692fb33b6fffd2273b\"},\"headline\":\"Lei de cotas para deficientes n\u00e3o deve ser flexibilizada, defende CUT\",\"datePublished\":\"2011-12-07T18:51:31+00:00\",\"mainEntityOfPage\":{\"@id\":\"https:\\\/\\\/inclusivenews.com.br\\\/?p=21732\"},\"wordCount\":651,\"commentCount\":3,\"publisher\":{\"@id\":\"https:\\\/\\\/inclusivenews.com.br\\\/#organization\"},\"image\":{\"@id\":\"https:\\\/\\\/inclusivenews.com.br\\\/?p=21732#primaryimage\"},\"thumbnailUrl\":\"http:\\\/\\\/inclusivenews.com.br\\\/wp-content\\\/uploads\\\/2010\\\/02\\\/cart-trabalho.jpg\",\"articleSection\":[\"Defici\u00eancia\",\"INCLUS\u00c3O SOCIAL\",\"Mercado de Trabalho\",\"NOT\u00cdCIAS\"],\"inLanguage\":\"pt-PT\",\"potentialAction\":[{\"@type\":\"CommentAction\",\"name\":\"Comment\",\"target\":[\"https:\\\/\\\/inclusivenews.com.br\\\/?p=21732#respond\"]}]},{\"@type\":\"WebPage\",\"@id\":\"https:\\\/\\\/inclusivenews.com.br\\\/?p=21732\",\"url\":\"https:\\\/\\\/inclusivenews.com.br\\\/?p=21732\",\"name\":\"Lei de cotas para deficientes n\u00e3o deve ser flexibilizada, defende CUT -\",\"isPartOf\":{\"@id\":\"https:\\\/\\\/inclusivenews.com.br\\\/#website\"},\"primaryImageOfPage\":{\"@id\":\"https:\\\/\\\/inclusivenews.com.br\\\/?p=21732#primaryimage\"},\"image\":{\"@id\":\"https:\\\/\\\/inclusivenews.com.br\\\/?p=21732#primaryimage\"},\"thumbnailUrl\":\"http:\\\/\\\/inclusivenews.com.br\\\/wp-content\\\/uploads\\\/2010\\\/02\\\/cart-trabalho.jpg\",\"datePublished\":\"2011-12-07T18:51:31+00:00\",\"breadcrumb\":{\"@id\":\"https:\\\/\\\/inclusivenews.com.br\\\/?p=21732#breadcrumb\"},\"inLanguage\":\"pt-PT\",\"potentialAction\":[{\"@type\":\"ReadAction\",\"target\":[\"https:\\\/\\\/inclusivenews.com.br\\\/?p=21732\"]}]},{\"@type\":\"ImageObject\",\"inLanguage\":\"pt-PT\",\"@id\":\"https:\\\/\\\/inclusivenews.com.br\\\/?p=21732#primaryimage\",\"url\":\"\",\"contentUrl\":\"\"},{\"@type\":\"BreadcrumbList\",\"@id\":\"https:\\\/\\\/inclusivenews.com.br\\\/?p=21732#breadcrumb\",\"itemListElement\":[{\"@type\":\"ListItem\",\"position\":1,\"name\":\"In\u00edcio\",\"item\":\"https:\\\/\\\/inclusivenews.com.br\\\/\"},{\"@type\":\"ListItem\",\"position\":2,\"name\":\"Lei de cotas para deficientes n\u00e3o deve ser flexibilizada, defende CUT\"}]},{\"@type\":\"WebSite\",\"@id\":\"https:\\\/\\\/inclusivenews.com.br\\\/#website\",\"url\":\"https:\\\/\\\/inclusivenews.com.br\\\/\",\"name\":\"Inclusive News\",\"description\":\"Inclusive News\",\"publisher\":{\"@id\":\"https:\\\/\\\/inclusivenews.com.br\\\/#organization\"},\"potentialAction\":[{\"@type\":\"SearchAction\",\"target\":{\"@type\":\"EntryPoint\",\"urlTemplate\":\"https:\\\/\\\/inclusivenews.com.br\\\/?s={search_term_string}\"},\"query-input\":{\"@type\":\"PropertyValueSpecification\",\"valueRequired\":true,\"valueName\":\"search_term_string\"}}],\"inLanguage\":\"pt-PT\"},{\"@type\":\"Organization\",\"@id\":\"https:\\\/\\\/inclusivenews.com.br\\\/#organization\",\"name\":\"Inclusive - inclus\u00e3o e cidadania\",\"url\":\"https:\\\/\\\/inclusivenews.com.br\\\/\",\"logo\":{\"@type\":\"ImageObject\",\"inLanguage\":\"pt-PT\",\"@id\":\"https:\\\/\\\/inclusivenews.com.br\\\/#\\\/schema\\\/logo\\\/image\\\/\",\"url\":\"https:\\\/\\\/inclusivenews.com.br\\\/wp-content\\\/uploads\\\/2024\\\/03\\\/@grandesite.png\",\"contentUrl\":\"https:\\\/\\\/inclusivenews.com.br\\\/wp-content\\\/uploads\\\/2024\\\/03\\\/@grandesite.png\",\"width\":1080,\"height\":1080,\"caption\":\"Inclusive - inclus\u00e3o e cidadania\"},\"image\":{\"@id\":\"https:\\\/\\\/inclusivenews.com.br\\\/#\\\/schema\\\/logo\\\/image\\\/\"},\"sameAs\":[\"https:\\\/\\\/www.facebook.com\\\/agenciainclusive\\\/\",\"https:\\\/\\\/www.instagram.com\\\/newsinclusive\\\/\"]},{\"@type\":\"Person\",\"@id\":\"https:\\\/\\\/inclusivenews.com.br\\\/#\\\/schema\\\/person\\\/ae4ec7087559b8692fb33b6fffd2273b\",\"name\":\"inclusivenews2024\",\"image\":{\"@type\":\"ImageObject\",\"inLanguage\":\"pt-PT\",\"@id\":\"https:\\\/\\\/secure.gravatar.com\\\/avatar\\\/c5a7ef84c66fa914f55bc4f7ce26cfa275a3b9a1c5568b907bd184fb4dde7b40?s=96&d=mm&r=g\",\"url\":\"https:\\\/\\\/secure.gravatar.com\\\/avatar\\\/c5a7ef84c66fa914f55bc4f7ce26cfa275a3b9a1c5568b907bd184fb4dde7b40?s=96&d=mm&r=g\",\"contentUrl\":\"https:\\\/\\\/secure.gravatar.com\\\/avatar\\\/c5a7ef84c66fa914f55bc4f7ce26cfa275a3b9a1c5568b907bd184fb4dde7b40?s=96&d=mm&r=g\",\"caption\":\"inclusivenews2024\"},\"sameAs\":[\"https:\\\/\\\/inclusivenews.com.br\"],\"url\":\"https:\\\/\\\/inclusivenews.com.br\\\/?author=1\"}]}<\/script>\n<!-- \/ Yoast SEO plugin. -->","yoast_head_json":{"title":"Lei de cotas para deficientes n\u00e3o deve ser flexibilizada, defende CUT -","robots":{"index":"index","follow":"follow","max-snippet":"max-snippet:-1","max-image-preview":"max-image-preview:large","max-video-preview":"max-video-preview:-1"},"canonical":"https:\/\/inclusivenews.com.br\/?p=21732","og_locale":"pt_PT","og_type":"article","og_title":"Lei de cotas para deficientes n\u00e3o deve ser flexibilizada, defende CUT -","og_description":"Criada h\u00e1 20 anos, a lei que prev\u00ea a contrata\u00e7\u00e3o obrigat\u00f3ria de funcion\u00e1rios com defici\u00eancia f\u00edsica n\u00e3o pode retroceder, defende o secret\u00e1rio nacional de Pol\u00edticas Sociais da Central \u00danica dos Trabalhadores (CUT), Expedito Solaney.","og_url":"https:\/\/inclusivenews.com.br\/?p=21732","article_publisher":"https:\/\/www.facebook.com\/agenciainclusive\/","article_published_time":"2011-12-07T18:51:31+00:00","og_image":[{"url":"http:\/\/inclusivenews.com.br\/wp-content\/uploads\/2010\/02\/cart-trabalho.jpg","type":"","width":"","height":""}],"author":"inclusivenews2024","twitter_card":"summary_large_image","twitter_misc":{"Escrito por":"inclusivenews2024","Tempo estimado de leitura":"3 minutos"},"schema":{"@context":"https:\/\/schema.org","@graph":[{"@type":"Article","@id":"https:\/\/inclusivenews.com.br\/?p=21732#article","isPartOf":{"@id":"https:\/\/inclusivenews.com.br\/?p=21732"},"author":{"name":"inclusivenews2024","@id":"https:\/\/inclusivenews.com.br\/#\/schema\/person\/ae4ec7087559b8692fb33b6fffd2273b"},"headline":"Lei de cotas para deficientes n\u00e3o deve ser flexibilizada, defende CUT","datePublished":"2011-12-07T18:51:31+00:00","mainEntityOfPage":{"@id":"https:\/\/inclusivenews.com.br\/?p=21732"},"wordCount":651,"commentCount":3,"publisher":{"@id":"https:\/\/inclusivenews.com.br\/#organization"},"image":{"@id":"https:\/\/inclusivenews.com.br\/?p=21732#primaryimage"},"thumbnailUrl":"http:\/\/inclusivenews.com.br\/wp-content\/uploads\/2010\/02\/cart-trabalho.jpg","articleSection":["Defici\u00eancia","INCLUS\u00c3O SOCIAL","Mercado de Trabalho","NOT\u00cdCIAS"],"inLanguage":"pt-PT","potentialAction":[{"@type":"CommentAction","name":"Comment","target":["https:\/\/inclusivenews.com.br\/?p=21732#respond"]}]},{"@type":"WebPage","@id":"https:\/\/inclusivenews.com.br\/?p=21732","url":"https:\/\/inclusivenews.com.br\/?p=21732","name":"Lei de cotas para deficientes n\u00e3o deve ser flexibilizada, defende CUT -","isPartOf":{"@id":"https:\/\/inclusivenews.com.br\/#website"},"primaryImageOfPage":{"@id":"https:\/\/inclusivenews.com.br\/?p=21732#primaryimage"},"image":{"@id":"https:\/\/inclusivenews.com.br\/?p=21732#primaryimage"},"thumbnailUrl":"http:\/\/inclusivenews.com.br\/wp-content\/uploads\/2010\/02\/cart-trabalho.jpg","datePublished":"2011-12-07T18:51:31+00:00","breadcrumb":{"@id":"https:\/\/inclusivenews.com.br\/?p=21732#breadcrumb"},"inLanguage":"pt-PT","potentialAction":[{"@type":"ReadAction","target":["https:\/\/inclusivenews.com.br\/?p=21732"]}]},{"@type":"ImageObject","inLanguage":"pt-PT","@id":"https:\/\/inclusivenews.com.br\/?p=21732#primaryimage","url":"","contentUrl":""},{"@type":"BreadcrumbList","@id":"https:\/\/inclusivenews.com.br\/?p=21732#breadcrumb","itemListElement":[{"@type":"ListItem","position":1,"name":"In\u00edcio","item":"https:\/\/inclusivenews.com.br\/"},{"@type":"ListItem","position":2,"name":"Lei de cotas para deficientes n\u00e3o deve ser flexibilizada, defende CUT"}]},{"@type":"WebSite","@id":"https:\/\/inclusivenews.com.br\/#website","url":"https:\/\/inclusivenews.com.br\/","name":"Inclusive News","description":"Inclusive News","publisher":{"@id":"https:\/\/inclusivenews.com.br\/#organization"},"potentialAction":[{"@type":"SearchAction","target":{"@type":"EntryPoint","urlTemplate":"https:\/\/inclusivenews.com.br\/?s={search_term_string}"},"query-input":{"@type":"PropertyValueSpecification","valueRequired":true,"valueName":"search_term_string"}}],"inLanguage":"pt-PT"},{"@type":"Organization","@id":"https:\/\/inclusivenews.com.br\/#organization","name":"Inclusive - inclus\u00e3o e cidadania","url":"https:\/\/inclusivenews.com.br\/","logo":{"@type":"ImageObject","inLanguage":"pt-PT","@id":"https:\/\/inclusivenews.com.br\/#\/schema\/logo\/image\/","url":"https:\/\/inclusivenews.com.br\/wp-content\/uploads\/2024\/03\/@grandesite.png","contentUrl":"https:\/\/inclusivenews.com.br\/wp-content\/uploads\/2024\/03\/@grandesite.png","width":1080,"height":1080,"caption":"Inclusive - inclus\u00e3o e cidadania"},"image":{"@id":"https:\/\/inclusivenews.com.br\/#\/schema\/logo\/image\/"},"sameAs":["https:\/\/www.facebook.com\/agenciainclusive\/","https:\/\/www.instagram.com\/newsinclusive\/"]},{"@type":"Person","@id":"https:\/\/inclusivenews.com.br\/#\/schema\/person\/ae4ec7087559b8692fb33b6fffd2273b","name":"inclusivenews2024","image":{"@type":"ImageObject","inLanguage":"pt-PT","@id":"https:\/\/secure.gravatar.com\/avatar\/c5a7ef84c66fa914f55bc4f7ce26cfa275a3b9a1c5568b907bd184fb4dde7b40?s=96&d=mm&r=g","url":"https:\/\/secure.gravatar.com\/avatar\/c5a7ef84c66fa914f55bc4f7ce26cfa275a3b9a1c5568b907bd184fb4dde7b40?s=96&d=mm&r=g","contentUrl":"https:\/\/secure.gravatar.com\/avatar\/c5a7ef84c66fa914f55bc4f7ce26cfa275a3b9a1c5568b907bd184fb4dde7b40?s=96&d=mm&r=g","caption":"inclusivenews2024"},"sameAs":["https:\/\/inclusivenews.com.br"],"url":"https:\/\/inclusivenews.com.br\/?author=1"}]}},"_links":{"self":[{"href":"https:\/\/inclusivenews.com.br\/index.php?rest_route=\/wp\/v2\/posts\/21732","targetHints":{"allow":["GET"]}}],"collection":[{"href":"https:\/\/inclusivenews.com.br\/index.php?rest_route=\/wp\/v2\/posts"}],"about":[{"href":"https:\/\/inclusivenews.com.br\/index.php?rest_route=\/wp\/v2\/types\/post"}],"author":[{"embeddable":true,"href":"https:\/\/inclusivenews.com.br\/index.php?rest_route=\/wp\/v2\/users\/1"}],"replies":[{"embeddable":true,"href":"https:\/\/inclusivenews.com.br\/index.php?rest_route=%2Fwp%2Fv2%2Fcomments&post=21732"}],"version-history":[{"count":0,"href":"https:\/\/inclusivenews.com.br\/index.php?rest_route=\/wp\/v2\/posts\/21732\/revisions"}],"wp:attachment":[{"href":"https:\/\/inclusivenews.com.br\/index.php?rest_route=%2Fwp%2Fv2%2Fmedia&parent=21732"}],"wp:term":[{"taxonomy":"category","embeddable":true,"href":"https:\/\/inclusivenews.com.br\/index.php?rest_route=%2Fwp%2Fv2%2Fcategories&post=21732"},{"taxonomy":"post_tag","embeddable":true,"href":"https:\/\/inclusivenews.com.br\/index.php?rest_route=%2Fwp%2Fv2%2Ftags&post=21732"}],"curies":[{"name":"wp","href":"https:\/\/api.w.org\/{rel}","templated":true}]}}