{"id":21734,"date":"2011-12-07T15:21:38","date_gmt":"2011-12-07T18:21:38","guid":{"rendered":"http:\/\/www.inclusive.org.br\/?p=21734"},"modified":"2011-12-07T15:21:38","modified_gmt":"2011-12-07T18:21:38","slug":"estudo-diz-que-brasil-usa-metodos-de-alfabetizacao-ineficientes-e-superados","status":"publish","type":"post","link":"https:\/\/inclusivenews.com.br\/?p=21734","title":{"rendered":"Estudo diz que Brasil usa m\u00e9todos de alfabetiza\u00e7\u00e3o ineficientes e superados"},"content":{"rendered":"<figure id=\"attachment_13969\" aria-describedby=\"caption-attachment-13969\" style=\"width: 150px\" class=\"wp-caption alignleft\"><img loading=\"lazy\" decoding=\"async\" class=\"size-thumbnail wp-image-13969\" title=\"Inclusive - problemas na educa\u00e7\u00e3o. A palavra educa\u00e7\u00e3o escrita com as letras invertidas e um aluno desolado em frente ao quadro negro.\" src=\"http:\/\/inclusivenews.com.br\/wp-content\/uploads\/2010\/02\/inclusive_educacao-150x150.jpg\" alt=\"Inclusive - problemas na educa\u00e7\u00e3o. A palavra educa\u00e7\u00e3o escrita com as letras invertidas e um aluno desolado em frente ao quadro negro.\" width=\"150\" height=\"150\" \/><figcaption id=\"caption-attachment-13969\" class=\"wp-caption-text\"> <\/figcaption><\/figure>\n<p style=\"text-align: justify;\">O modo como as escolas brasileiras ensinam as crian\u00e7as a ler e a escrever est\u00e1 ultrapassado. Essa \u00e9 a conclus\u00e3o de pesquisadores da Associa\u00e7\u00e3o Brasileira de Ci\u00eancias, depois de cinco anos de pesquisa. As metodologias utilizadas no Brasil, segundo o levantamento, tiveram a inefic\u00e1cia comprovada por estudos internacionais que serviram de base para mudan\u00e7as nas pol\u00edticas de alfabetiza\u00e7\u00e3o em v\u00e1rios pa\u00edses. Para os especialistas, os m\u00e9todos f\u00f4nicos \u2014 que associam diretamente grafemas (letras) e fonemas (sons) \u2014 s\u00e3o comprovadamente os mais eficazes na inicia\u00e7\u00e3o dos pequenos no mundo das letras.<\/p>\n<p style=\"text-align: justify;\">Para Jo\u00e3o Batista Oliveira, um dos pesquisadores respons\u00e1veis pela parte do trabalho que trata especificamente da alfabetiza\u00e7\u00e3o, nem mesmo a amplia\u00e7\u00e3o do ensino fundamental de oito para nove anos, em 2007, melhorou as condi\u00e7\u00f5es de ensino. \u201cMais tempo de estudo s\u00f3 adianta se for bom\u201d, afirma.<\/p>\n<p style=\"text-align: justify;\">Na opini\u00e3o da professora de pedagogia da Universidade de Bras\u00edlia (UnB) Norma L\u00facia Neris Queiroz, o m\u00e9todo f\u00f4nico pode ser complicado para alguns alunos. \u201cA crian\u00e7a precisa lidar com o som dos fonemas, o que n\u00e3o \u00e9 uma coisa f\u00e1cil\u201d, destaca. Ela afirma que iniciar a alfabetiza\u00e7\u00e3o utilizando textos interessantes para os alunos pode ser uma forma de melhorar a qualidade da aprendizagem. \u201cMas n\u00e3o pode ser uma publica\u00e7\u00e3o comum, de cartilha. \u00c9 preciso escolher uma parlenda, uma f\u00e1bula, algo com o que as crian\u00e7as possam brincar.\u201d<\/p>\n<p style=\"text-align: justify;\">Independentemente da forma de ensino adotada, Oliveira e a docente da UnB concordam que a forma\u00e7\u00e3o de professores no pa\u00eds \u00e9 deficiente e que isso influencia diretamente o desempenho dos alunos. Al\u00e9m disso, um problema que atinge as escolas p\u00fablicas \u00e9 a falta de formaliza\u00e7\u00e3o de um plano de ensino. Na pr\u00e1tica, cada professor adota um m\u00e9todo em sala de aula, ainda que o Minist\u00e9rio da Educa\u00e7\u00e3o (MEC) desenvolva manuais para orient\u00e1-los.<\/p>\n<p style=\"text-align: justify;\">Nas institui\u00e7\u00f5es privadas, por outro lado, a metodologia \u00e9 definida pelo pr\u00f3prio col\u00e9gio. \u201c\u00c9 uma injusti\u00e7a que, na escola particular, o ensino seja de um jeito e, na p\u00fablica, de outro\u201d, afirma Jo\u00e3o Batista Oliveira. \u201cS\u00f3 depois de alfabetizado, o aluno consegue aprender outras coisas.\u201d<\/p>\n<p style=\"text-align: justify;\"><strong> <\/strong>Fonte: <a href=\"http:\/\/www.correiobraziliense.com.br\/app\/noticia\/cidades\/2011\/11\/27\/interna_cidadesdf,280344\/estudo-diz-que-brasil-usa-metodos-de-alfabetizacao-ineficientes-e-superados.shtml\">Correio Braziliense<\/a><\/p>\n","protected":false},"excerpt":{"rendered":"<p>Para os especialistas, os m\u00e9todos f\u00f4nicos \u2014 que associam diretamente grafemas (letras) e fonemas (sons) \u2014 s\u00e3o comprovadamente os mais eficazes na inicia\u00e7\u00e3o dos pequenos no mundo das letras. Reportagem \u00e9 do Correio Braziliense.<\/p>\n","protected":false},"author":1,"featured_media":0,"comment_status":"open","ping_status":"open","sticky":false,"template":"","format":"standard","meta":{"site-container-style":"default","site-container-layout":"default","site-sidebar-layout":"default","disable-article-header":"default","disable-site-header":"default","disable-site-footer":"default","disable-content-area-spacing":"default","footnotes":""},"categories":[6,4,33],"tags":[],"class_list":["post-21734","post","type-post","status-publish","format-standard","hentry","category-educacao","category-noticias","category-reportagem"],"yoast_head":"<!-- This site is optimized with the Yoast SEO plugin v27.4 - https:\/\/yoast.com\/product\/yoast-seo-wordpress\/ -->\n<title>Estudo diz que Brasil usa m\u00e9todos de alfabetiza\u00e7\u00e3o ineficientes e superados -<\/title>\n<meta name=\"robots\" content=\"index, follow, max-snippet:-1, max-image-preview:large, max-video-preview:-1\" \/>\n<link rel=\"canonical\" href=\"https:\/\/inclusivenews.com.br\/?p=21734\" \/>\n<meta property=\"og:locale\" content=\"pt_PT\" \/>\n<meta property=\"og:type\" content=\"article\" \/>\n<meta property=\"og:title\" content=\"Estudo diz que Brasil usa m\u00e9todos de alfabetiza\u00e7\u00e3o ineficientes e superados -\" \/>\n<meta property=\"og:description\" content=\"Para os especialistas, os m\u00e9todos f\u00f4nicos \u2014 que associam diretamente grafemas (letras) e fonemas (sons) \u2014 s\u00e3o comprovadamente os mais eficazes na inicia\u00e7\u00e3o dos pequenos no mundo das letras. Reportagem \u00e9 do Correio Braziliense.\" \/>\n<meta property=\"og:url\" content=\"https:\/\/inclusivenews.com.br\/?p=21734\" \/>\n<meta property=\"article:publisher\" content=\"https:\/\/www.facebook.com\/agenciainclusive\/\" \/>\n<meta property=\"article:published_time\" content=\"2011-12-07T18:21:38+00:00\" \/>\n<meta property=\"og:image\" content=\"http:\/\/inclusivenews.com.br\/wp-content\/uploads\/2010\/02\/inclusive_educacao-150x150.jpg\" \/>\n<meta name=\"author\" content=\"inclusivenews2024\" \/>\n<meta name=\"twitter:card\" content=\"summary_large_image\" \/>\n<meta name=\"twitter:label1\" content=\"Escrito por\" \/>\n\t<meta name=\"twitter:data1\" content=\"inclusivenews2024\" \/>\n\t<meta name=\"twitter:label2\" content=\"Tempo estimado de leitura\" \/>\n\t<meta name=\"twitter:data2\" content=\"2 minutos\" \/>\n<script type=\"application\/ld+json\" class=\"yoast-schema-graph\">{\"@context\":\"https:\\\/\\\/schema.org\",\"@graph\":[{\"@type\":\"Article\",\"@id\":\"https:\\\/\\\/inclusivenews.com.br\\\/?p=21734#article\",\"isPartOf\":{\"@id\":\"https:\\\/\\\/inclusivenews.com.br\\\/?p=21734\"},\"author\":{\"name\":\"inclusivenews2024\",\"@id\":\"https:\\\/\\\/inclusivenews.com.br\\\/#\\\/schema\\\/person\\\/ae4ec7087559b8692fb33b6fffd2273b\"},\"headline\":\"Estudo diz que Brasil usa m\u00e9todos de alfabetiza\u00e7\u00e3o ineficientes e superados\",\"datePublished\":\"2011-12-07T18:21:38+00:00\",\"mainEntityOfPage\":{\"@id\":\"https:\\\/\\\/inclusivenews.com.br\\\/?p=21734\"},\"wordCount\":402,\"commentCount\":2,\"publisher\":{\"@id\":\"https:\\\/\\\/inclusivenews.com.br\\\/#organization\"},\"image\":{\"@id\":\"https:\\\/\\\/inclusivenews.com.br\\\/?p=21734#primaryimage\"},\"thumbnailUrl\":\"http:\\\/\\\/inclusivenews.com.br\\\/wp-content\\\/uploads\\\/2010\\\/02\\\/inclusive_educacao-150x150.jpg\",\"articleSection\":[\"EDUCA\u00c7\u00c3O\",\"NOT\u00cdCIAS\",\"Reportagem\"],\"inLanguage\":\"pt-PT\",\"potentialAction\":[{\"@type\":\"CommentAction\",\"name\":\"Comment\",\"target\":[\"https:\\\/\\\/inclusivenews.com.br\\\/?p=21734#respond\"]}]},{\"@type\":\"WebPage\",\"@id\":\"https:\\\/\\\/inclusivenews.com.br\\\/?p=21734\",\"url\":\"https:\\\/\\\/inclusivenews.com.br\\\/?p=21734\",\"name\":\"Estudo diz que Brasil usa m\u00e9todos de alfabetiza\u00e7\u00e3o ineficientes e superados -\",\"isPartOf\":{\"@id\":\"https:\\\/\\\/inclusivenews.com.br\\\/#website\"},\"primaryImageOfPage\":{\"@id\":\"https:\\\/\\\/inclusivenews.com.br\\\/?p=21734#primaryimage\"},\"image\":{\"@id\":\"https:\\\/\\\/inclusivenews.com.br\\\/?p=21734#primaryimage\"},\"thumbnailUrl\":\"http:\\\/\\\/inclusivenews.com.br\\\/wp-content\\\/uploads\\\/2010\\\/02\\\/inclusive_educacao-150x150.jpg\",\"datePublished\":\"2011-12-07T18:21:38+00:00\",\"breadcrumb\":{\"@id\":\"https:\\\/\\\/inclusivenews.com.br\\\/?p=21734#breadcrumb\"},\"inLanguage\":\"pt-PT\",\"potentialAction\":[{\"@type\":\"ReadAction\",\"target\":[\"https:\\\/\\\/inclusivenews.com.br\\\/?p=21734\"]}]},{\"@type\":\"ImageObject\",\"inLanguage\":\"pt-PT\",\"@id\":\"https:\\\/\\\/inclusivenews.com.br\\\/?p=21734#primaryimage\",\"url\":\"\",\"contentUrl\":\"\"},{\"@type\":\"BreadcrumbList\",\"@id\":\"https:\\\/\\\/inclusivenews.com.br\\\/?p=21734#breadcrumb\",\"itemListElement\":[{\"@type\":\"ListItem\",\"position\":1,\"name\":\"In\u00edcio\",\"item\":\"https:\\\/\\\/inclusivenews.com.br\\\/\"},{\"@type\":\"ListItem\",\"position\":2,\"name\":\"Estudo diz que Brasil usa m\u00e9todos de alfabetiza\u00e7\u00e3o ineficientes e superados\"}]},{\"@type\":\"WebSite\",\"@id\":\"https:\\\/\\\/inclusivenews.com.br\\\/#website\",\"url\":\"https:\\\/\\\/inclusivenews.com.br\\\/\",\"name\":\"Inclusive News\",\"description\":\"Inclusive News\",\"publisher\":{\"@id\":\"https:\\\/\\\/inclusivenews.com.br\\\/#organization\"},\"potentialAction\":[{\"@type\":\"SearchAction\",\"target\":{\"@type\":\"EntryPoint\",\"urlTemplate\":\"https:\\\/\\\/inclusivenews.com.br\\\/?s={search_term_string}\"},\"query-input\":{\"@type\":\"PropertyValueSpecification\",\"valueRequired\":true,\"valueName\":\"search_term_string\"}}],\"inLanguage\":\"pt-PT\"},{\"@type\":\"Organization\",\"@id\":\"https:\\\/\\\/inclusivenews.com.br\\\/#organization\",\"name\":\"Inclusive - inclus\u00e3o e cidadania\",\"url\":\"https:\\\/\\\/inclusivenews.com.br\\\/\",\"logo\":{\"@type\":\"ImageObject\",\"inLanguage\":\"pt-PT\",\"@id\":\"https:\\\/\\\/inclusivenews.com.br\\\/#\\\/schema\\\/logo\\\/image\\\/\",\"url\":\"https:\\\/\\\/inclusivenews.com.br\\\/wp-content\\\/uploads\\\/2024\\\/03\\\/@grandesite.png\",\"contentUrl\":\"https:\\\/\\\/inclusivenews.com.br\\\/wp-content\\\/uploads\\\/2024\\\/03\\\/@grandesite.png\",\"width\":1080,\"height\":1080,\"caption\":\"Inclusive - inclus\u00e3o e cidadania\"},\"image\":{\"@id\":\"https:\\\/\\\/inclusivenews.com.br\\\/#\\\/schema\\\/logo\\\/image\\\/\"},\"sameAs\":[\"https:\\\/\\\/www.facebook.com\\\/agenciainclusive\\\/\",\"https:\\\/\\\/www.instagram.com\\\/newsinclusive\\\/\"]},{\"@type\":\"Person\",\"@id\":\"https:\\\/\\\/inclusivenews.com.br\\\/#\\\/schema\\\/person\\\/ae4ec7087559b8692fb33b6fffd2273b\",\"name\":\"inclusivenews2024\",\"image\":{\"@type\":\"ImageObject\",\"inLanguage\":\"pt-PT\",\"@id\":\"https:\\\/\\\/secure.gravatar.com\\\/avatar\\\/c5a7ef84c66fa914f55bc4f7ce26cfa275a3b9a1c5568b907bd184fb4dde7b40?s=96&d=mm&r=g\",\"url\":\"https:\\\/\\\/secure.gravatar.com\\\/avatar\\\/c5a7ef84c66fa914f55bc4f7ce26cfa275a3b9a1c5568b907bd184fb4dde7b40?s=96&d=mm&r=g\",\"contentUrl\":\"https:\\\/\\\/secure.gravatar.com\\\/avatar\\\/c5a7ef84c66fa914f55bc4f7ce26cfa275a3b9a1c5568b907bd184fb4dde7b40?s=96&d=mm&r=g\",\"caption\":\"inclusivenews2024\"},\"sameAs\":[\"https:\\\/\\\/inclusivenews.com.br\"],\"url\":\"https:\\\/\\\/inclusivenews.com.br\\\/?author=1\"}]}<\/script>\n<!-- \/ Yoast SEO plugin. -->","yoast_head_json":{"title":"Estudo diz que Brasil usa m\u00e9todos de alfabetiza\u00e7\u00e3o ineficientes e superados -","robots":{"index":"index","follow":"follow","max-snippet":"max-snippet:-1","max-image-preview":"max-image-preview:large","max-video-preview":"max-video-preview:-1"},"canonical":"https:\/\/inclusivenews.com.br\/?p=21734","og_locale":"pt_PT","og_type":"article","og_title":"Estudo diz que Brasil usa m\u00e9todos de alfabetiza\u00e7\u00e3o ineficientes e superados -","og_description":"Para os especialistas, os m\u00e9todos f\u00f4nicos \u2014 que associam diretamente grafemas (letras) e fonemas (sons) \u2014 s\u00e3o comprovadamente os mais eficazes na inicia\u00e7\u00e3o dos pequenos no mundo das letras. Reportagem \u00e9 do Correio Braziliense.","og_url":"https:\/\/inclusivenews.com.br\/?p=21734","article_publisher":"https:\/\/www.facebook.com\/agenciainclusive\/","article_published_time":"2011-12-07T18:21:38+00:00","og_image":[{"url":"http:\/\/inclusivenews.com.br\/wp-content\/uploads\/2010\/02\/inclusive_educacao-150x150.jpg","type":"","width":"","height":""}],"author":"inclusivenews2024","twitter_card":"summary_large_image","twitter_misc":{"Escrito por":"inclusivenews2024","Tempo estimado de leitura":"2 minutos"},"schema":{"@context":"https:\/\/schema.org","@graph":[{"@type":"Article","@id":"https:\/\/inclusivenews.com.br\/?p=21734#article","isPartOf":{"@id":"https:\/\/inclusivenews.com.br\/?p=21734"},"author":{"name":"inclusivenews2024","@id":"https:\/\/inclusivenews.com.br\/#\/schema\/person\/ae4ec7087559b8692fb33b6fffd2273b"},"headline":"Estudo diz que Brasil usa m\u00e9todos de alfabetiza\u00e7\u00e3o ineficientes e superados","datePublished":"2011-12-07T18:21:38+00:00","mainEntityOfPage":{"@id":"https:\/\/inclusivenews.com.br\/?p=21734"},"wordCount":402,"commentCount":2,"publisher":{"@id":"https:\/\/inclusivenews.com.br\/#organization"},"image":{"@id":"https:\/\/inclusivenews.com.br\/?p=21734#primaryimage"},"thumbnailUrl":"http:\/\/inclusivenews.com.br\/wp-content\/uploads\/2010\/02\/inclusive_educacao-150x150.jpg","articleSection":["EDUCA\u00c7\u00c3O","NOT\u00cdCIAS","Reportagem"],"inLanguage":"pt-PT","potentialAction":[{"@type":"CommentAction","name":"Comment","target":["https:\/\/inclusivenews.com.br\/?p=21734#respond"]}]},{"@type":"WebPage","@id":"https:\/\/inclusivenews.com.br\/?p=21734","url":"https:\/\/inclusivenews.com.br\/?p=21734","name":"Estudo diz que Brasil usa m\u00e9todos de alfabetiza\u00e7\u00e3o ineficientes e superados -","isPartOf":{"@id":"https:\/\/inclusivenews.com.br\/#website"},"primaryImageOfPage":{"@id":"https:\/\/inclusivenews.com.br\/?p=21734#primaryimage"},"image":{"@id":"https:\/\/inclusivenews.com.br\/?p=21734#primaryimage"},"thumbnailUrl":"http:\/\/inclusivenews.com.br\/wp-content\/uploads\/2010\/02\/inclusive_educacao-150x150.jpg","datePublished":"2011-12-07T18:21:38+00:00","breadcrumb":{"@id":"https:\/\/inclusivenews.com.br\/?p=21734#breadcrumb"},"inLanguage":"pt-PT","potentialAction":[{"@type":"ReadAction","target":["https:\/\/inclusivenews.com.br\/?p=21734"]}]},{"@type":"ImageObject","inLanguage":"pt-PT","@id":"https:\/\/inclusivenews.com.br\/?p=21734#primaryimage","url":"","contentUrl":""},{"@type":"BreadcrumbList","@id":"https:\/\/inclusivenews.com.br\/?p=21734#breadcrumb","itemListElement":[{"@type":"ListItem","position":1,"name":"In\u00edcio","item":"https:\/\/inclusivenews.com.br\/"},{"@type":"ListItem","position":2,"name":"Estudo diz que Brasil usa m\u00e9todos de alfabetiza\u00e7\u00e3o ineficientes e superados"}]},{"@type":"WebSite","@id":"https:\/\/inclusivenews.com.br\/#website","url":"https:\/\/inclusivenews.com.br\/","name":"Inclusive News","description":"Inclusive News","publisher":{"@id":"https:\/\/inclusivenews.com.br\/#organization"},"potentialAction":[{"@type":"SearchAction","target":{"@type":"EntryPoint","urlTemplate":"https:\/\/inclusivenews.com.br\/?s={search_term_string}"},"query-input":{"@type":"PropertyValueSpecification","valueRequired":true,"valueName":"search_term_string"}}],"inLanguage":"pt-PT"},{"@type":"Organization","@id":"https:\/\/inclusivenews.com.br\/#organization","name":"Inclusive - inclus\u00e3o e cidadania","url":"https:\/\/inclusivenews.com.br\/","logo":{"@type":"ImageObject","inLanguage":"pt-PT","@id":"https:\/\/inclusivenews.com.br\/#\/schema\/logo\/image\/","url":"https:\/\/inclusivenews.com.br\/wp-content\/uploads\/2024\/03\/@grandesite.png","contentUrl":"https:\/\/inclusivenews.com.br\/wp-content\/uploads\/2024\/03\/@grandesite.png","width":1080,"height":1080,"caption":"Inclusive - inclus\u00e3o e cidadania"},"image":{"@id":"https:\/\/inclusivenews.com.br\/#\/schema\/logo\/image\/"},"sameAs":["https:\/\/www.facebook.com\/agenciainclusive\/","https:\/\/www.instagram.com\/newsinclusive\/"]},{"@type":"Person","@id":"https:\/\/inclusivenews.com.br\/#\/schema\/person\/ae4ec7087559b8692fb33b6fffd2273b","name":"inclusivenews2024","image":{"@type":"ImageObject","inLanguage":"pt-PT","@id":"https:\/\/secure.gravatar.com\/avatar\/c5a7ef84c66fa914f55bc4f7ce26cfa275a3b9a1c5568b907bd184fb4dde7b40?s=96&d=mm&r=g","url":"https:\/\/secure.gravatar.com\/avatar\/c5a7ef84c66fa914f55bc4f7ce26cfa275a3b9a1c5568b907bd184fb4dde7b40?s=96&d=mm&r=g","contentUrl":"https:\/\/secure.gravatar.com\/avatar\/c5a7ef84c66fa914f55bc4f7ce26cfa275a3b9a1c5568b907bd184fb4dde7b40?s=96&d=mm&r=g","caption":"inclusivenews2024"},"sameAs":["https:\/\/inclusivenews.com.br"],"url":"https:\/\/inclusivenews.com.br\/?author=1"}]}},"_links":{"self":[{"href":"https:\/\/inclusivenews.com.br\/index.php?rest_route=\/wp\/v2\/posts\/21734","targetHints":{"allow":["GET"]}}],"collection":[{"href":"https:\/\/inclusivenews.com.br\/index.php?rest_route=\/wp\/v2\/posts"}],"about":[{"href":"https:\/\/inclusivenews.com.br\/index.php?rest_route=\/wp\/v2\/types\/post"}],"author":[{"embeddable":true,"href":"https:\/\/inclusivenews.com.br\/index.php?rest_route=\/wp\/v2\/users\/1"}],"replies":[{"embeddable":true,"href":"https:\/\/inclusivenews.com.br\/index.php?rest_route=%2Fwp%2Fv2%2Fcomments&post=21734"}],"version-history":[{"count":0,"href":"https:\/\/inclusivenews.com.br\/index.php?rest_route=\/wp\/v2\/posts\/21734\/revisions"}],"wp:attachment":[{"href":"https:\/\/inclusivenews.com.br\/index.php?rest_route=%2Fwp%2Fv2%2Fmedia&parent=21734"}],"wp:term":[{"taxonomy":"category","embeddable":true,"href":"https:\/\/inclusivenews.com.br\/index.php?rest_route=%2Fwp%2Fv2%2Fcategories&post=21734"},{"taxonomy":"post_tag","embeddable":true,"href":"https:\/\/inclusivenews.com.br\/index.php?rest_route=%2Fwp%2Fv2%2Ftags&post=21734"}],"curies":[{"name":"wp","href":"https:\/\/api.w.org\/{rel}","templated":true}]}}