{"id":21736,"date":"2011-12-07T15:23:14","date_gmt":"2011-12-07T18:23:14","guid":{"rendered":"http:\/\/www.inclusive.org.br\/?p=21736"},"modified":"2011-12-07T15:23:14","modified_gmt":"2011-12-07T18:23:14","slug":"deficientes-visuais-superam-obstaculos-e-criam-webradio","status":"publish","type":"post","link":"https:\/\/inclusivenews.com.br\/?p=21736","title":{"rendered":"Pessoas defici\u00eancia visual superam obst\u00e1culos e criam webr\u00e1dio"},"content":{"rendered":"<figure style=\"width: 294px\" class=\"wp-caption alignleft\"><a class=\"moz-txt-link-freetext\" href=\"http:\/\/www.boanoticia.org.br\/arquivos\/Image\/noticias\/carlosantoniopaulinoviana.jpg\"><img loading=\"lazy\" decoding=\"async\" src=\"http:\/\/www.boanoticia.org.br\/arquivos\/Image\/noticias\/carlosantoniopaulinoviana.jpg\" alt=\"\" width=\"294\" height=\"221\" \/><\/a><figcaption class=\"wp-caption-text\"> Carlos Antonio Paulino Viana<\/figcaption><\/figure>\n<p>A m\u00fasica \u00e9 um elemento aglutinador. Ela refor\u00e7a la\u00e7os e re\u00fane pessoas que compartilham o mesmo gosto. Para os deficientes visuais, a m\u00fasica ganha um status diferenciado. A falta da vis\u00e3o estimula outros sentidos como a audi\u00e7\u00e3o. A partir dessa concep\u00e7\u00e3o, o caminho para a cria\u00e7\u00e3o de uma webr\u00e1dio por um grupo de amigos deficientes visuais parece at\u00e9 previsto, levando em considera\u00e7\u00e3o que os jovens, com defici\u00eancia ou n\u00e3o, est\u00e3o cada vez mais conectados.<\/p>\n<p>H\u00e1 sete meses, o auxiliar administrativo, Carlos Antonio Paulino Viana, 25 anos, colocava no ar a Nossa R\u00e1dio (<a href=\"http:\/\/www.nossaradioce.com\">www.nossaradioce.com<\/a>). Com uma interface simples, a emissora online, embora muito popular entre as comunidades de deficientes visuais, atrai ouvintes \u201cn\u00e3o cegos\u201d, como diz Viana. A webradio tem uma programa\u00e7\u00e3o refinada, com boa m\u00fasica, informa\u00e7\u00e3o e programas para todos os gostos. \u201cA r\u00e1dio \u00e9 feita por cegos, mas n\u00e3o \u00e9, necessariamente, para cegos\u201d, argumenta o idealizador da webradio.<\/p>\n<p>&#8220;Eu sempre gostei de r\u00e1dio. Por isso, cultivo a vontade de trabalhar neste ramo. A melhor forma que eu encontrei para fazer isso foi atrav\u00e9s da internet&#8221;, explicou Viana. Al\u00e9m dele, juntaram-se os amigos Kleber Salles, Pedro Abel e Dirceu Salm, que est\u00e3o em diferentes partes do pa\u00eds.<\/p>\n<p>Eles dividem a responsabilidade da programa\u00e7\u00e3o. O melhor da m\u00fasica nacional e internacional rom\u00e2ntica pode ser encontrado no programa Momentos de Amor, com Dirceu Salm. J\u00e1 Kleber Salles apresenta o Flash Hits e o Pop Rock Brasil. Viana prefere a produ\u00e7\u00e3o t\u00e9cnica da r\u00e1dio. Cabe a ele, inclusive, a manuten\u00e7\u00e3o do site. Ele construiu a p\u00e1gina usando os meios convencionais, digitando todos os c\u00f3digos da linguagem de HTML. \u201cA Nossa R\u00e1dio veio para mostrar que mesmo com a defici\u00eancia, conseguimos desenvolver uma r\u00e1dio para qualquer ouvinte\u201d, explica Viana.<\/p>\n<p>Para manter a emissora no ar, os jovens utilizam, em seus computadores pessoais, tr\u00eas programas: o primeiro informa para eles o que est\u00e1 na tela, o outro faz a edi\u00e7\u00e3o do programa e o terceiro realiza a transmiss\u00e3o para a internet. A divulga\u00e7\u00e3o \u00e9 realizada atrav\u00e9s das redes sociais.<\/p>\n<p>Hoje, o site contabiliza mais de 300 acessos por dia. Uma mensagem recebida de uma cearense radicada na It\u00e1lia surpreendeu Carlos Viana. \u201cEla (ouvinte) nos escreveu dizendo que gostou muito da r\u00e1dio, mas n\u00e3o tenho ideia como ela nos descobriu\u201d, revela ele, ainda surpreso com a repercuss\u00e3o, pois a programa\u00e7\u00e3o online \u00e9 ouvida em diferentes pa\u00edses.<\/p>\n<p>Mais informa\u00e7\u00f5es: <a href=\"http:\/\/www.nossaradioce.com\">www.nossaradioce.com<\/a><\/p>\n<p>Fonte: <a href=\"http:\/\/www.boanoticia.org.br\/noticias_detalhes.asp?Cod=3414\">Ag\u00eancia da Boa Not\u00edcia<\/a> \u2013 (fone: 85 3224 5509)<\/p>\n","protected":false},"excerpt":{"rendered":"<p>Com uma interface simples, a emissora online, embora muito popular entre as comunidades de deficientes visuais, atrai ouvintes \u201cn\u00e3o cegos\u201d, como diz Viana. A webradio tem uma programa\u00e7\u00e3o refinada, com boa m\u00fasica, informa\u00e7\u00e3o e programas para todos os gostos. <\/p>\n","protected":false},"author":1,"featured_media":0,"comment_status":"open","ping_status":"open","sticky":false,"template":"","format":"standard","meta":{"site-container-style":"default","site-container-layout":"default","site-sidebar-layout":"default","disable-article-header":"default","disable-site-header":"default","disable-site-footer":"default","disable-content-area-spacing":"default","footnotes":""},"categories":[4],"tags":[],"class_list":["post-21736","post","type-post","status-publish","format-standard","hentry","category-noticias"],"yoast_head":"<!-- This site is optimized with the Yoast SEO plugin v27.4 - https:\/\/yoast.com\/product\/yoast-seo-wordpress\/ -->\n<title>Pessoas defici\u00eancia visual superam obst\u00e1culos e criam webr\u00e1dio -<\/title>\n<meta name=\"robots\" content=\"index, follow, max-snippet:-1, max-image-preview:large, max-video-preview:-1\" \/>\n<link rel=\"canonical\" href=\"https:\/\/inclusivenews.com.br\/?p=21736\" \/>\n<meta property=\"og:locale\" content=\"pt_PT\" \/>\n<meta property=\"og:type\" content=\"article\" \/>\n<meta property=\"og:title\" content=\"Pessoas defici\u00eancia visual superam obst\u00e1culos e criam webr\u00e1dio -\" \/>\n<meta property=\"og:description\" content=\"Com uma interface simples, a emissora online, embora muito popular entre as comunidades de deficientes visuais, atrai ouvintes \u201cn\u00e3o cegos\u201d, como diz Viana. A webradio tem uma programa\u00e7\u00e3o refinada, com boa m\u00fasica, informa\u00e7\u00e3o e programas para todos os gostos.\" \/>\n<meta property=\"og:url\" content=\"https:\/\/inclusivenews.com.br\/?p=21736\" \/>\n<meta property=\"article:publisher\" content=\"https:\/\/www.facebook.com\/agenciainclusive\/\" \/>\n<meta property=\"article:published_time\" content=\"2011-12-07T18:23:14+00:00\" \/>\n<meta property=\"og:image\" content=\"http:\/\/www.boanoticia.org.br\/arquivos\/Image\/noticias\/carlosantoniopaulinoviana.jpg\" \/>\n<meta name=\"author\" content=\"inclusivenews2024\" \/>\n<meta name=\"twitter:card\" content=\"summary_large_image\" \/>\n<meta name=\"twitter:label1\" content=\"Escrito por\" \/>\n\t<meta name=\"twitter:data1\" content=\"inclusivenews2024\" \/>\n\t<meta name=\"twitter:label2\" content=\"Tempo estimado de leitura\" \/>\n\t<meta name=\"twitter:data2\" content=\"2 minutos\" \/>\n<script type=\"application\/ld+json\" class=\"yoast-schema-graph\">{\"@context\":\"https:\\\/\\\/schema.org\",\"@graph\":[{\"@type\":\"Article\",\"@id\":\"https:\\\/\\\/inclusivenews.com.br\\\/?p=21736#article\",\"isPartOf\":{\"@id\":\"https:\\\/\\\/inclusivenews.com.br\\\/?p=21736\"},\"author\":{\"name\":\"inclusivenews2024\",\"@id\":\"https:\\\/\\\/inclusivenews.com.br\\\/#\\\/schema\\\/person\\\/ae4ec7087559b8692fb33b6fffd2273b\"},\"headline\":\"Pessoas defici\u00eancia visual superam obst\u00e1culos e criam webr\u00e1dio\",\"datePublished\":\"2011-12-07T18:23:14+00:00\",\"mainEntityOfPage\":{\"@id\":\"https:\\\/\\\/inclusivenews.com.br\\\/?p=21736\"},\"wordCount\":470,\"commentCount\":0,\"publisher\":{\"@id\":\"https:\\\/\\\/inclusivenews.com.br\\\/#organization\"},\"image\":{\"@id\":\"https:\\\/\\\/inclusivenews.com.br\\\/?p=21736#primaryimage\"},\"thumbnailUrl\":\"http:\\\/\\\/www.boanoticia.org.br\\\/arquivos\\\/Image\\\/noticias\\\/carlosantoniopaulinoviana.jpg\",\"articleSection\":[\"NOT\u00cdCIAS\"],\"inLanguage\":\"pt-PT\",\"potentialAction\":[{\"@type\":\"CommentAction\",\"name\":\"Comment\",\"target\":[\"https:\\\/\\\/inclusivenews.com.br\\\/?p=21736#respond\"]}]},{\"@type\":\"WebPage\",\"@id\":\"https:\\\/\\\/inclusivenews.com.br\\\/?p=21736\",\"url\":\"https:\\\/\\\/inclusivenews.com.br\\\/?p=21736\",\"name\":\"Pessoas defici\u00eancia visual superam obst\u00e1culos e criam webr\u00e1dio -\",\"isPartOf\":{\"@id\":\"https:\\\/\\\/inclusivenews.com.br\\\/#website\"},\"primaryImageOfPage\":{\"@id\":\"https:\\\/\\\/inclusivenews.com.br\\\/?p=21736#primaryimage\"},\"image\":{\"@id\":\"https:\\\/\\\/inclusivenews.com.br\\\/?p=21736#primaryimage\"},\"thumbnailUrl\":\"http:\\\/\\\/www.boanoticia.org.br\\\/arquivos\\\/Image\\\/noticias\\\/carlosantoniopaulinoviana.jpg\",\"datePublished\":\"2011-12-07T18:23:14+00:00\",\"breadcrumb\":{\"@id\":\"https:\\\/\\\/inclusivenews.com.br\\\/?p=21736#breadcrumb\"},\"inLanguage\":\"pt-PT\",\"potentialAction\":[{\"@type\":\"ReadAction\",\"target\":[\"https:\\\/\\\/inclusivenews.com.br\\\/?p=21736\"]}]},{\"@type\":\"ImageObject\",\"inLanguage\":\"pt-PT\",\"@id\":\"https:\\\/\\\/inclusivenews.com.br\\\/?p=21736#primaryimage\",\"url\":\"http:\\\/\\\/www.boanoticia.org.br\\\/arquivos\\\/Image\\\/noticias\\\/carlosantoniopaulinoviana.jpg\",\"contentUrl\":\"http:\\\/\\\/www.boanoticia.org.br\\\/arquivos\\\/Image\\\/noticias\\\/carlosantoniopaulinoviana.jpg\"},{\"@type\":\"BreadcrumbList\",\"@id\":\"https:\\\/\\\/inclusivenews.com.br\\\/?p=21736#breadcrumb\",\"itemListElement\":[{\"@type\":\"ListItem\",\"position\":1,\"name\":\"In\u00edcio\",\"item\":\"https:\\\/\\\/inclusivenews.com.br\\\/\"},{\"@type\":\"ListItem\",\"position\":2,\"name\":\"Pessoas defici\u00eancia visual superam obst\u00e1culos e criam webr\u00e1dio\"}]},{\"@type\":\"WebSite\",\"@id\":\"https:\\\/\\\/inclusivenews.com.br\\\/#website\",\"url\":\"https:\\\/\\\/inclusivenews.com.br\\\/\",\"name\":\"Inclusive News\",\"description\":\"Inclusive News\",\"publisher\":{\"@id\":\"https:\\\/\\\/inclusivenews.com.br\\\/#organization\"},\"potentialAction\":[{\"@type\":\"SearchAction\",\"target\":{\"@type\":\"EntryPoint\",\"urlTemplate\":\"https:\\\/\\\/inclusivenews.com.br\\\/?s={search_term_string}\"},\"query-input\":{\"@type\":\"PropertyValueSpecification\",\"valueRequired\":true,\"valueName\":\"search_term_string\"}}],\"inLanguage\":\"pt-PT\"},{\"@type\":\"Organization\",\"@id\":\"https:\\\/\\\/inclusivenews.com.br\\\/#organization\",\"name\":\"Inclusive - inclus\u00e3o e cidadania\",\"url\":\"https:\\\/\\\/inclusivenews.com.br\\\/\",\"logo\":{\"@type\":\"ImageObject\",\"inLanguage\":\"pt-PT\",\"@id\":\"https:\\\/\\\/inclusivenews.com.br\\\/#\\\/schema\\\/logo\\\/image\\\/\",\"url\":\"https:\\\/\\\/inclusivenews.com.br\\\/wp-content\\\/uploads\\\/2024\\\/03\\\/@grandesite.png\",\"contentUrl\":\"https:\\\/\\\/inclusivenews.com.br\\\/wp-content\\\/uploads\\\/2024\\\/03\\\/@grandesite.png\",\"width\":1080,\"height\":1080,\"caption\":\"Inclusive - inclus\u00e3o e cidadania\"},\"image\":{\"@id\":\"https:\\\/\\\/inclusivenews.com.br\\\/#\\\/schema\\\/logo\\\/image\\\/\"},\"sameAs\":[\"https:\\\/\\\/www.facebook.com\\\/agenciainclusive\\\/\",\"https:\\\/\\\/www.instagram.com\\\/newsinclusive\\\/\"]},{\"@type\":\"Person\",\"@id\":\"https:\\\/\\\/inclusivenews.com.br\\\/#\\\/schema\\\/person\\\/ae4ec7087559b8692fb33b6fffd2273b\",\"name\":\"inclusivenews2024\",\"image\":{\"@type\":\"ImageObject\",\"inLanguage\":\"pt-PT\",\"@id\":\"https:\\\/\\\/secure.gravatar.com\\\/avatar\\\/c5a7ef84c66fa914f55bc4f7ce26cfa275a3b9a1c5568b907bd184fb4dde7b40?s=96&d=mm&r=g\",\"url\":\"https:\\\/\\\/secure.gravatar.com\\\/avatar\\\/c5a7ef84c66fa914f55bc4f7ce26cfa275a3b9a1c5568b907bd184fb4dde7b40?s=96&d=mm&r=g\",\"contentUrl\":\"https:\\\/\\\/secure.gravatar.com\\\/avatar\\\/c5a7ef84c66fa914f55bc4f7ce26cfa275a3b9a1c5568b907bd184fb4dde7b40?s=96&d=mm&r=g\",\"caption\":\"inclusivenews2024\"},\"sameAs\":[\"https:\\\/\\\/inclusivenews.com.br\"],\"url\":\"https:\\\/\\\/inclusivenews.com.br\\\/?author=1\"}]}<\/script>\n<!-- \/ Yoast SEO plugin. -->","yoast_head_json":{"title":"Pessoas defici\u00eancia visual superam obst\u00e1culos e criam webr\u00e1dio -","robots":{"index":"index","follow":"follow","max-snippet":"max-snippet:-1","max-image-preview":"max-image-preview:large","max-video-preview":"max-video-preview:-1"},"canonical":"https:\/\/inclusivenews.com.br\/?p=21736","og_locale":"pt_PT","og_type":"article","og_title":"Pessoas defici\u00eancia visual superam obst\u00e1culos e criam webr\u00e1dio -","og_description":"Com uma interface simples, a emissora online, embora muito popular entre as comunidades de deficientes visuais, atrai ouvintes \u201cn\u00e3o cegos\u201d, como diz Viana. A webradio tem uma programa\u00e7\u00e3o refinada, com boa m\u00fasica, informa\u00e7\u00e3o e programas para todos os gostos.","og_url":"https:\/\/inclusivenews.com.br\/?p=21736","article_publisher":"https:\/\/www.facebook.com\/agenciainclusive\/","article_published_time":"2011-12-07T18:23:14+00:00","og_image":[{"url":"http:\/\/www.boanoticia.org.br\/arquivos\/Image\/noticias\/carlosantoniopaulinoviana.jpg","type":"","width":"","height":""}],"author":"inclusivenews2024","twitter_card":"summary_large_image","twitter_misc":{"Escrito por":"inclusivenews2024","Tempo estimado de leitura":"2 minutos"},"schema":{"@context":"https:\/\/schema.org","@graph":[{"@type":"Article","@id":"https:\/\/inclusivenews.com.br\/?p=21736#article","isPartOf":{"@id":"https:\/\/inclusivenews.com.br\/?p=21736"},"author":{"name":"inclusivenews2024","@id":"https:\/\/inclusivenews.com.br\/#\/schema\/person\/ae4ec7087559b8692fb33b6fffd2273b"},"headline":"Pessoas defici\u00eancia visual superam obst\u00e1culos e criam webr\u00e1dio","datePublished":"2011-12-07T18:23:14+00:00","mainEntityOfPage":{"@id":"https:\/\/inclusivenews.com.br\/?p=21736"},"wordCount":470,"commentCount":0,"publisher":{"@id":"https:\/\/inclusivenews.com.br\/#organization"},"image":{"@id":"https:\/\/inclusivenews.com.br\/?p=21736#primaryimage"},"thumbnailUrl":"http:\/\/www.boanoticia.org.br\/arquivos\/Image\/noticias\/carlosantoniopaulinoviana.jpg","articleSection":["NOT\u00cdCIAS"],"inLanguage":"pt-PT","potentialAction":[{"@type":"CommentAction","name":"Comment","target":["https:\/\/inclusivenews.com.br\/?p=21736#respond"]}]},{"@type":"WebPage","@id":"https:\/\/inclusivenews.com.br\/?p=21736","url":"https:\/\/inclusivenews.com.br\/?p=21736","name":"Pessoas defici\u00eancia visual superam obst\u00e1culos e criam webr\u00e1dio -","isPartOf":{"@id":"https:\/\/inclusivenews.com.br\/#website"},"primaryImageOfPage":{"@id":"https:\/\/inclusivenews.com.br\/?p=21736#primaryimage"},"image":{"@id":"https:\/\/inclusivenews.com.br\/?p=21736#primaryimage"},"thumbnailUrl":"http:\/\/www.boanoticia.org.br\/arquivos\/Image\/noticias\/carlosantoniopaulinoviana.jpg","datePublished":"2011-12-07T18:23:14+00:00","breadcrumb":{"@id":"https:\/\/inclusivenews.com.br\/?p=21736#breadcrumb"},"inLanguage":"pt-PT","potentialAction":[{"@type":"ReadAction","target":["https:\/\/inclusivenews.com.br\/?p=21736"]}]},{"@type":"ImageObject","inLanguage":"pt-PT","@id":"https:\/\/inclusivenews.com.br\/?p=21736#primaryimage","url":"http:\/\/www.boanoticia.org.br\/arquivos\/Image\/noticias\/carlosantoniopaulinoviana.jpg","contentUrl":"http:\/\/www.boanoticia.org.br\/arquivos\/Image\/noticias\/carlosantoniopaulinoviana.jpg"},{"@type":"BreadcrumbList","@id":"https:\/\/inclusivenews.com.br\/?p=21736#breadcrumb","itemListElement":[{"@type":"ListItem","position":1,"name":"In\u00edcio","item":"https:\/\/inclusivenews.com.br\/"},{"@type":"ListItem","position":2,"name":"Pessoas defici\u00eancia visual superam obst\u00e1culos e criam webr\u00e1dio"}]},{"@type":"WebSite","@id":"https:\/\/inclusivenews.com.br\/#website","url":"https:\/\/inclusivenews.com.br\/","name":"Inclusive News","description":"Inclusive News","publisher":{"@id":"https:\/\/inclusivenews.com.br\/#organization"},"potentialAction":[{"@type":"SearchAction","target":{"@type":"EntryPoint","urlTemplate":"https:\/\/inclusivenews.com.br\/?s={search_term_string}"},"query-input":{"@type":"PropertyValueSpecification","valueRequired":true,"valueName":"search_term_string"}}],"inLanguage":"pt-PT"},{"@type":"Organization","@id":"https:\/\/inclusivenews.com.br\/#organization","name":"Inclusive - inclus\u00e3o e cidadania","url":"https:\/\/inclusivenews.com.br\/","logo":{"@type":"ImageObject","inLanguage":"pt-PT","@id":"https:\/\/inclusivenews.com.br\/#\/schema\/logo\/image\/","url":"https:\/\/inclusivenews.com.br\/wp-content\/uploads\/2024\/03\/@grandesite.png","contentUrl":"https:\/\/inclusivenews.com.br\/wp-content\/uploads\/2024\/03\/@grandesite.png","width":1080,"height":1080,"caption":"Inclusive - inclus\u00e3o e cidadania"},"image":{"@id":"https:\/\/inclusivenews.com.br\/#\/schema\/logo\/image\/"},"sameAs":["https:\/\/www.facebook.com\/agenciainclusive\/","https:\/\/www.instagram.com\/newsinclusive\/"]},{"@type":"Person","@id":"https:\/\/inclusivenews.com.br\/#\/schema\/person\/ae4ec7087559b8692fb33b6fffd2273b","name":"inclusivenews2024","image":{"@type":"ImageObject","inLanguage":"pt-PT","@id":"https:\/\/secure.gravatar.com\/avatar\/c5a7ef84c66fa914f55bc4f7ce26cfa275a3b9a1c5568b907bd184fb4dde7b40?s=96&d=mm&r=g","url":"https:\/\/secure.gravatar.com\/avatar\/c5a7ef84c66fa914f55bc4f7ce26cfa275a3b9a1c5568b907bd184fb4dde7b40?s=96&d=mm&r=g","contentUrl":"https:\/\/secure.gravatar.com\/avatar\/c5a7ef84c66fa914f55bc4f7ce26cfa275a3b9a1c5568b907bd184fb4dde7b40?s=96&d=mm&r=g","caption":"inclusivenews2024"},"sameAs":["https:\/\/inclusivenews.com.br"],"url":"https:\/\/inclusivenews.com.br\/?author=1"}]}},"_links":{"self":[{"href":"https:\/\/inclusivenews.com.br\/index.php?rest_route=\/wp\/v2\/posts\/21736","targetHints":{"allow":["GET"]}}],"collection":[{"href":"https:\/\/inclusivenews.com.br\/index.php?rest_route=\/wp\/v2\/posts"}],"about":[{"href":"https:\/\/inclusivenews.com.br\/index.php?rest_route=\/wp\/v2\/types\/post"}],"author":[{"embeddable":true,"href":"https:\/\/inclusivenews.com.br\/index.php?rest_route=\/wp\/v2\/users\/1"}],"replies":[{"embeddable":true,"href":"https:\/\/inclusivenews.com.br\/index.php?rest_route=%2Fwp%2Fv2%2Fcomments&post=21736"}],"version-history":[{"count":0,"href":"https:\/\/inclusivenews.com.br\/index.php?rest_route=\/wp\/v2\/posts\/21736\/revisions"}],"wp:attachment":[{"href":"https:\/\/inclusivenews.com.br\/index.php?rest_route=%2Fwp%2Fv2%2Fmedia&parent=21736"}],"wp:term":[{"taxonomy":"category","embeddable":true,"href":"https:\/\/inclusivenews.com.br\/index.php?rest_route=%2Fwp%2Fv2%2Fcategories&post=21736"},{"taxonomy":"post_tag","embeddable":true,"href":"https:\/\/inclusivenews.com.br\/index.php?rest_route=%2Fwp%2Fv2%2Ftags&post=21736"}],"curies":[{"name":"wp","href":"https:\/\/api.w.org\/{rel}","templated":true}]}}