{"id":21738,"date":"2011-12-07T15:17:27","date_gmt":"2011-12-07T18:17:27","guid":{"rendered":"http:\/\/www.inclusive.org.br\/?p=21738"},"modified":"2011-12-07T15:17:27","modified_gmt":"2011-12-07T18:17:27","slug":"abn-divulga-o-regulamento-do-premio-gandhi-de-comunicacao-2012","status":"publish","type":"post","link":"https:\/\/inclusivenews.com.br\/?p=21738","title":{"rendered":"ABN divulga o regulamento do Pr\u00eamio Gandhi de Comunica\u00e7\u00e3o 2012"},"content":{"rendered":"<figure style=\"width: 273px\" class=\"wp-caption alignleft\"><img loading=\"lazy\" decoding=\"async\" title=\"Gandhi\" src=\"http:\/\/www.boanoticia.org.br\/arquivos\/Image\/noticias\/premiogandhi2012.JPG\" alt=\"\" width=\"273\" height=\"415\" \/><figcaption class=\"wp-caption-text\"> <\/figcaption><\/figure>\n<p>Quem divulga a paz ganha pr\u00eamio! A Ag\u00eancia da Boa Not\u00edcia abre neste 1\u00ba de dezembro as inscri\u00e7\u00f5es para Pr\u00eamio Gandhi de Comunica\u00e7\u00e3o 2012. Ser\u00e3o distribu\u00eddos R$ 35 mil entre os vencedores em nove categorias. Profissionais e estudantes de Jornalismo e Publicidade &amp; Propaganda podem inscrever, at\u00e9 10 de agosto de 2012, reportagens (r\u00e1dio, TV e impresso), fotografia, an\u00fancios e campanhas enfocando Cultura de Paz. Valem trabalhos veiculados ou apresentados no per\u00edodo de 1\u00ba de junho de 2011 a 30 de junho de 2012.<\/p>\n<p>Como no ano passado, a dire\u00e7\u00e3o da Ag\u00eancia da Boa Not\u00edcia decidiu\u00a0 fazer o lan\u00e7amento de forma descentralizada. O Presidente da ABN, Prof. Francisco Souto Paulino, e diretores da institui\u00e7\u00e3o cumprir\u00e3o uma agenda de visitas \u00e0s reda\u00e7\u00f5es, ag\u00eancias e cursos de Comunica\u00e7\u00e3o para conversar sobre os objetivos do Pr\u00eamio Gandhi e esclarecer d\u00favidas dos potenciais candidatos. Ser\u00e1 uma forma de aproximar ainda mais a Ag\u00eancia dos profissionais e estudantes de Comunica\u00e7\u00e3o.<\/p>\n<p>De acordo com o Regulamento, poder\u00e3o inscrever-se jornalistas, publicit\u00e1rios e estudantes de gradua\u00e7\u00e3o em Comunica\u00e7\u00e3o Social, com atua\u00e7\u00e3o no Estado do Cear\u00e1 ou em outros Estados, desde que os trabalhos inscritos sejam sobre a\u00e7\u00f5es e fatos do Estado do Cear\u00e1. Os participantes de outras cidades do Cear\u00e1 ou outros Estados devem enviar o material pelos Correios com data de postagem at\u00e9 o \u00faltimo dia de inscri\u00e7\u00e3o, com confirma\u00e7\u00e3o via e-mail. O regulamento e a ficha de inscri\u00e7\u00e3o est\u00e3o dispon\u00edveis no site da entidade &#8211; <a href=\"http:\/\/www.boanoticia.org.br\">www.boanoticia.org.br<\/a> \u2013 e na sede da Ag\u00eancia da Boa Not\u00edcia, na Avenida Desembargador Moreira 2120, sala 1307 &#8211; Aldeota &#8211; CEP 60170-002 &#8211; Fortaleza \u2013 Cear\u00e1. O funcionamento \u00e9 de segunda a sexta-feira, de 8h \u00e0s 12h e de 14h \u00e0s 18h.<\/p>\n<p><strong>PREMIA\u00c7\u00c3O<\/strong><\/p>\n<p>O pr\u00eamio global de\u00a0 R$ 35 mil e certificados ser\u00e3o distribu\u00eddos assim:<\/p>\n<p>* Vencedor em reportagem de jornal ou revista: R$ 5 mil para a equipe premiada e certificados individuais para cada integrante;<\/p>\n<p>* Vencedor em reportagem para televis\u00e3o: R$ 5 mil para a equipe premiada e certificados individuais para cada integrante;<\/p>\n<p>* Vencedor em reportagem para r\u00e1dio: R$ 5 mil para a equipe premiada e certificados individuais para cada integrante;<\/p>\n<p>* Vencedor em fotojornalismo: R$ 5mil para o autor do ensaio ou reportagem e certificado;<\/p>\n<p>* Vencedor em campanha ou pe\u00e7a publicit\u00e1ria: R$ 5mil para o autor da campanha e certificado;<\/p>\n<p>* Vencedor do Trabalho de Conclus\u00e3o de Curso de Gradua\u00e7\u00e3o em Comunica\u00e7\u00e3o Social: R$ 2.500,00 e certificado para o autor;<\/p>\n<p>* \u00a0Vencedor em trabalho em m\u00eddia impressa de estudante de Jornalismo: R$ 2.500;<\/p>\n<p>* Vencedor em trabalho em m\u00eddia eletr\u00f4nica de estudante de Jornalismo: R$ 2.500,00;<\/p>\n<p>*Vencedor em trabalho de estudante de Publicidade &amp; Propaganda: R$ 2.500,00.<\/p>\n<p>Na avalia\u00e7\u00e3o do Prof. Souto Paulino, nas quatro edi\u00e7\u00f5es o Pr\u00eamio Gandhi veio atingindo seu objetivo, \u201cvisto que a cada ano aumenta o n\u00famero de participantes no concurso com melhores textos, pesquisas, linguagens, imagens que atendem \u00e0 proposta de dissemina\u00e7\u00e3o da cultura de paz\u201d. Ele considera que o Pr\u00eamio tamb\u00e9m tem fortalecido as rela\u00e7\u00f5es da ABN com profissionais e estudantes de comunica\u00e7\u00e3o, com as empresas de jornalismo e publicidade e institui\u00e7\u00f5es de ensino da Comunica\u00e7\u00e3o. Por extens\u00e3o, por meio do concurso, o p\u00fablico tem a oportunidade de ter mais conhecimentos de bons conte\u00fados jornal\u00edsticos e publicit\u00e1rios.<\/p>\n<p>Fonte: <a href=\"http:\/\/www.boanoticia.org.br\/noticias_detalhes.asp?Cod=3447\">Ag\u00eancia da Boa Not\u00edcia<\/a> &#8211; (fone: 85 3224 5509)<\/p>\n","protected":false},"excerpt":{"rendered":"<p>Quem divulga a paz ganha pr\u00eamio! A Ag\u00eancia da Boa Not\u00edcia abre neste 1\u00ba de dezembro as inscri\u00e7\u00f5es para Pr\u00eamio Gandhi de Comunica\u00e7\u00e3o 2012.<\/p>\n","protected":false},"author":1,"featured_media":0,"comment_status":"open","ping_status":"open","sticky":false,"template":"","format":"standard","meta":{"site-container-style":"default","site-container-layout":"default","site-sidebar-layout":"default","disable-article-header":"default","disable-site-header":"default","disable-site-footer":"default","disable-content-area-spacing":"default","footnotes":""},"categories":[11,4],"tags":[],"class_list":["post-21738","post","type-post","status-publish","format-standard","hentry","category-direitos-humanos","category-noticias"],"yoast_head":"<!-- This site is optimized with the Yoast SEO plugin v27.4 - https:\/\/yoast.com\/product\/yoast-seo-wordpress\/ -->\n<title>ABN divulga o regulamento do Pr\u00eamio Gandhi de Comunica\u00e7\u00e3o 2012 -<\/title>\n<meta name=\"robots\" content=\"index, follow, max-snippet:-1, max-image-preview:large, max-video-preview:-1\" \/>\n<link rel=\"canonical\" href=\"https:\/\/inclusivenews.com.br\/?p=21738\" \/>\n<meta property=\"og:locale\" content=\"pt_PT\" \/>\n<meta property=\"og:type\" content=\"article\" \/>\n<meta property=\"og:title\" content=\"ABN divulga o regulamento do Pr\u00eamio Gandhi de Comunica\u00e7\u00e3o 2012 -\" \/>\n<meta property=\"og:description\" content=\"Quem divulga a paz ganha pr\u00eamio! A Ag\u00eancia da Boa Not\u00edcia abre neste 1\u00ba de dezembro as inscri\u00e7\u00f5es para Pr\u00eamio Gandhi de Comunica\u00e7\u00e3o 2012.\" \/>\n<meta property=\"og:url\" content=\"https:\/\/inclusivenews.com.br\/?p=21738\" \/>\n<meta property=\"article:publisher\" content=\"https:\/\/www.facebook.com\/agenciainclusive\/\" \/>\n<meta property=\"article:published_time\" content=\"2011-12-07T18:17:27+00:00\" \/>\n<meta property=\"og:image\" content=\"http:\/\/www.boanoticia.org.br\/arquivos\/Image\/noticias\/premiogandhi2012.JPG\" \/>\n<meta name=\"author\" content=\"inclusivenews2024\" \/>\n<meta name=\"twitter:card\" content=\"summary_large_image\" \/>\n<meta name=\"twitter:label1\" content=\"Escrito por\" \/>\n\t<meta name=\"twitter:data1\" content=\"inclusivenews2024\" \/>\n\t<meta name=\"twitter:label2\" content=\"Tempo estimado de leitura\" \/>\n\t<meta name=\"twitter:data2\" content=\"3 minutos\" \/>\n<script type=\"application\/ld+json\" class=\"yoast-schema-graph\">{\"@context\":\"https:\\\/\\\/schema.org\",\"@graph\":[{\"@type\":\"Article\",\"@id\":\"https:\\\/\\\/inclusivenews.com.br\\\/?p=21738#article\",\"isPartOf\":{\"@id\":\"https:\\\/\\\/inclusivenews.com.br\\\/?p=21738\"},\"author\":{\"name\":\"inclusivenews2024\",\"@id\":\"https:\\\/\\\/inclusivenews.com.br\\\/#\\\/schema\\\/person\\\/ae4ec7087559b8692fb33b6fffd2273b\"},\"headline\":\"ABN divulga o regulamento do Pr\u00eamio Gandhi de Comunica\u00e7\u00e3o 2012\",\"datePublished\":\"2011-12-07T18:17:27+00:00\",\"mainEntityOfPage\":{\"@id\":\"https:\\\/\\\/inclusivenews.com.br\\\/?p=21738\"},\"wordCount\":603,\"commentCount\":0,\"publisher\":{\"@id\":\"https:\\\/\\\/inclusivenews.com.br\\\/#organization\"},\"image\":{\"@id\":\"https:\\\/\\\/inclusivenews.com.br\\\/?p=21738#primaryimage\"},\"thumbnailUrl\":\"http:\\\/\\\/www.boanoticia.org.br\\\/arquivos\\\/Image\\\/noticias\\\/premiogandhi2012.JPG\",\"articleSection\":[\"DIREITOS HUMANOS\",\"NOT\u00cdCIAS\"],\"inLanguage\":\"pt-PT\",\"potentialAction\":[{\"@type\":\"CommentAction\",\"name\":\"Comment\",\"target\":[\"https:\\\/\\\/inclusivenews.com.br\\\/?p=21738#respond\"]}]},{\"@type\":\"WebPage\",\"@id\":\"https:\\\/\\\/inclusivenews.com.br\\\/?p=21738\",\"url\":\"https:\\\/\\\/inclusivenews.com.br\\\/?p=21738\",\"name\":\"ABN divulga o regulamento do Pr\u00eamio Gandhi de Comunica\u00e7\u00e3o 2012 -\",\"isPartOf\":{\"@id\":\"https:\\\/\\\/inclusivenews.com.br\\\/#website\"},\"primaryImageOfPage\":{\"@id\":\"https:\\\/\\\/inclusivenews.com.br\\\/?p=21738#primaryimage\"},\"image\":{\"@id\":\"https:\\\/\\\/inclusivenews.com.br\\\/?p=21738#primaryimage\"},\"thumbnailUrl\":\"http:\\\/\\\/www.boanoticia.org.br\\\/arquivos\\\/Image\\\/noticias\\\/premiogandhi2012.JPG\",\"datePublished\":\"2011-12-07T18:17:27+00:00\",\"breadcrumb\":{\"@id\":\"https:\\\/\\\/inclusivenews.com.br\\\/?p=21738#breadcrumb\"},\"inLanguage\":\"pt-PT\",\"potentialAction\":[{\"@type\":\"ReadAction\",\"target\":[\"https:\\\/\\\/inclusivenews.com.br\\\/?p=21738\"]}]},{\"@type\":\"ImageObject\",\"inLanguage\":\"pt-PT\",\"@id\":\"https:\\\/\\\/inclusivenews.com.br\\\/?p=21738#primaryimage\",\"url\":\"http:\\\/\\\/www.boanoticia.org.br\\\/arquivos\\\/Image\\\/noticias\\\/premiogandhi2012.JPG\",\"contentUrl\":\"http:\\\/\\\/www.boanoticia.org.br\\\/arquivos\\\/Image\\\/noticias\\\/premiogandhi2012.JPG\"},{\"@type\":\"BreadcrumbList\",\"@id\":\"https:\\\/\\\/inclusivenews.com.br\\\/?p=21738#breadcrumb\",\"itemListElement\":[{\"@type\":\"ListItem\",\"position\":1,\"name\":\"In\u00edcio\",\"item\":\"https:\\\/\\\/inclusivenews.com.br\\\/\"},{\"@type\":\"ListItem\",\"position\":2,\"name\":\"ABN divulga o regulamento do Pr\u00eamio Gandhi de Comunica\u00e7\u00e3o 2012\"}]},{\"@type\":\"WebSite\",\"@id\":\"https:\\\/\\\/inclusivenews.com.br\\\/#website\",\"url\":\"https:\\\/\\\/inclusivenews.com.br\\\/\",\"name\":\"Inclusive News\",\"description\":\"Inclusive News\",\"publisher\":{\"@id\":\"https:\\\/\\\/inclusivenews.com.br\\\/#organization\"},\"potentialAction\":[{\"@type\":\"SearchAction\",\"target\":{\"@type\":\"EntryPoint\",\"urlTemplate\":\"https:\\\/\\\/inclusivenews.com.br\\\/?s={search_term_string}\"},\"query-input\":{\"@type\":\"PropertyValueSpecification\",\"valueRequired\":true,\"valueName\":\"search_term_string\"}}],\"inLanguage\":\"pt-PT\"},{\"@type\":\"Organization\",\"@id\":\"https:\\\/\\\/inclusivenews.com.br\\\/#organization\",\"name\":\"Inclusive - inclus\u00e3o e cidadania\",\"url\":\"https:\\\/\\\/inclusivenews.com.br\\\/\",\"logo\":{\"@type\":\"ImageObject\",\"inLanguage\":\"pt-PT\",\"@id\":\"https:\\\/\\\/inclusivenews.com.br\\\/#\\\/schema\\\/logo\\\/image\\\/\",\"url\":\"https:\\\/\\\/inclusivenews.com.br\\\/wp-content\\\/uploads\\\/2024\\\/03\\\/@grandesite.png\",\"contentUrl\":\"https:\\\/\\\/inclusivenews.com.br\\\/wp-content\\\/uploads\\\/2024\\\/03\\\/@grandesite.png\",\"width\":1080,\"height\":1080,\"caption\":\"Inclusive - inclus\u00e3o e cidadania\"},\"image\":{\"@id\":\"https:\\\/\\\/inclusivenews.com.br\\\/#\\\/schema\\\/logo\\\/image\\\/\"},\"sameAs\":[\"https:\\\/\\\/www.facebook.com\\\/agenciainclusive\\\/\",\"https:\\\/\\\/www.instagram.com\\\/newsinclusive\\\/\"]},{\"@type\":\"Person\",\"@id\":\"https:\\\/\\\/inclusivenews.com.br\\\/#\\\/schema\\\/person\\\/ae4ec7087559b8692fb33b6fffd2273b\",\"name\":\"inclusivenews2024\",\"image\":{\"@type\":\"ImageObject\",\"inLanguage\":\"pt-PT\",\"@id\":\"https:\\\/\\\/secure.gravatar.com\\\/avatar\\\/c5a7ef84c66fa914f55bc4f7ce26cfa275a3b9a1c5568b907bd184fb4dde7b40?s=96&d=mm&r=g\",\"url\":\"https:\\\/\\\/secure.gravatar.com\\\/avatar\\\/c5a7ef84c66fa914f55bc4f7ce26cfa275a3b9a1c5568b907bd184fb4dde7b40?s=96&d=mm&r=g\",\"contentUrl\":\"https:\\\/\\\/secure.gravatar.com\\\/avatar\\\/c5a7ef84c66fa914f55bc4f7ce26cfa275a3b9a1c5568b907bd184fb4dde7b40?s=96&d=mm&r=g\",\"caption\":\"inclusivenews2024\"},\"sameAs\":[\"https:\\\/\\\/inclusivenews.com.br\"],\"url\":\"https:\\\/\\\/inclusivenews.com.br\\\/?author=1\"}]}<\/script>\n<!-- \/ Yoast SEO plugin. -->","yoast_head_json":{"title":"ABN divulga o regulamento do Pr\u00eamio Gandhi de Comunica\u00e7\u00e3o 2012 -","robots":{"index":"index","follow":"follow","max-snippet":"max-snippet:-1","max-image-preview":"max-image-preview:large","max-video-preview":"max-video-preview:-1"},"canonical":"https:\/\/inclusivenews.com.br\/?p=21738","og_locale":"pt_PT","og_type":"article","og_title":"ABN divulga o regulamento do Pr\u00eamio Gandhi de Comunica\u00e7\u00e3o 2012 -","og_description":"Quem divulga a paz ganha pr\u00eamio! A Ag\u00eancia da Boa Not\u00edcia abre neste 1\u00ba de dezembro as inscri\u00e7\u00f5es para Pr\u00eamio Gandhi de Comunica\u00e7\u00e3o 2012.","og_url":"https:\/\/inclusivenews.com.br\/?p=21738","article_publisher":"https:\/\/www.facebook.com\/agenciainclusive\/","article_published_time":"2011-12-07T18:17:27+00:00","og_image":[{"url":"http:\/\/www.boanoticia.org.br\/arquivos\/Image\/noticias\/premiogandhi2012.JPG","type":"","width":"","height":""}],"author":"inclusivenews2024","twitter_card":"summary_large_image","twitter_misc":{"Escrito por":"inclusivenews2024","Tempo estimado de leitura":"3 minutos"},"schema":{"@context":"https:\/\/schema.org","@graph":[{"@type":"Article","@id":"https:\/\/inclusivenews.com.br\/?p=21738#article","isPartOf":{"@id":"https:\/\/inclusivenews.com.br\/?p=21738"},"author":{"name":"inclusivenews2024","@id":"https:\/\/inclusivenews.com.br\/#\/schema\/person\/ae4ec7087559b8692fb33b6fffd2273b"},"headline":"ABN divulga o regulamento do Pr\u00eamio Gandhi de Comunica\u00e7\u00e3o 2012","datePublished":"2011-12-07T18:17:27+00:00","mainEntityOfPage":{"@id":"https:\/\/inclusivenews.com.br\/?p=21738"},"wordCount":603,"commentCount":0,"publisher":{"@id":"https:\/\/inclusivenews.com.br\/#organization"},"image":{"@id":"https:\/\/inclusivenews.com.br\/?p=21738#primaryimage"},"thumbnailUrl":"http:\/\/www.boanoticia.org.br\/arquivos\/Image\/noticias\/premiogandhi2012.JPG","articleSection":["DIREITOS HUMANOS","NOT\u00cdCIAS"],"inLanguage":"pt-PT","potentialAction":[{"@type":"CommentAction","name":"Comment","target":["https:\/\/inclusivenews.com.br\/?p=21738#respond"]}]},{"@type":"WebPage","@id":"https:\/\/inclusivenews.com.br\/?p=21738","url":"https:\/\/inclusivenews.com.br\/?p=21738","name":"ABN divulga o regulamento do Pr\u00eamio Gandhi de Comunica\u00e7\u00e3o 2012 -","isPartOf":{"@id":"https:\/\/inclusivenews.com.br\/#website"},"primaryImageOfPage":{"@id":"https:\/\/inclusivenews.com.br\/?p=21738#primaryimage"},"image":{"@id":"https:\/\/inclusivenews.com.br\/?p=21738#primaryimage"},"thumbnailUrl":"http:\/\/www.boanoticia.org.br\/arquivos\/Image\/noticias\/premiogandhi2012.JPG","datePublished":"2011-12-07T18:17:27+00:00","breadcrumb":{"@id":"https:\/\/inclusivenews.com.br\/?p=21738#breadcrumb"},"inLanguage":"pt-PT","potentialAction":[{"@type":"ReadAction","target":["https:\/\/inclusivenews.com.br\/?p=21738"]}]},{"@type":"ImageObject","inLanguage":"pt-PT","@id":"https:\/\/inclusivenews.com.br\/?p=21738#primaryimage","url":"http:\/\/www.boanoticia.org.br\/arquivos\/Image\/noticias\/premiogandhi2012.JPG","contentUrl":"http:\/\/www.boanoticia.org.br\/arquivos\/Image\/noticias\/premiogandhi2012.JPG"},{"@type":"BreadcrumbList","@id":"https:\/\/inclusivenews.com.br\/?p=21738#breadcrumb","itemListElement":[{"@type":"ListItem","position":1,"name":"In\u00edcio","item":"https:\/\/inclusivenews.com.br\/"},{"@type":"ListItem","position":2,"name":"ABN divulga o regulamento do Pr\u00eamio Gandhi de Comunica\u00e7\u00e3o 2012"}]},{"@type":"WebSite","@id":"https:\/\/inclusivenews.com.br\/#website","url":"https:\/\/inclusivenews.com.br\/","name":"Inclusive News","description":"Inclusive News","publisher":{"@id":"https:\/\/inclusivenews.com.br\/#organization"},"potentialAction":[{"@type":"SearchAction","target":{"@type":"EntryPoint","urlTemplate":"https:\/\/inclusivenews.com.br\/?s={search_term_string}"},"query-input":{"@type":"PropertyValueSpecification","valueRequired":true,"valueName":"search_term_string"}}],"inLanguage":"pt-PT"},{"@type":"Organization","@id":"https:\/\/inclusivenews.com.br\/#organization","name":"Inclusive - inclus\u00e3o e cidadania","url":"https:\/\/inclusivenews.com.br\/","logo":{"@type":"ImageObject","inLanguage":"pt-PT","@id":"https:\/\/inclusivenews.com.br\/#\/schema\/logo\/image\/","url":"https:\/\/inclusivenews.com.br\/wp-content\/uploads\/2024\/03\/@grandesite.png","contentUrl":"https:\/\/inclusivenews.com.br\/wp-content\/uploads\/2024\/03\/@grandesite.png","width":1080,"height":1080,"caption":"Inclusive - inclus\u00e3o e cidadania"},"image":{"@id":"https:\/\/inclusivenews.com.br\/#\/schema\/logo\/image\/"},"sameAs":["https:\/\/www.facebook.com\/agenciainclusive\/","https:\/\/www.instagram.com\/newsinclusive\/"]},{"@type":"Person","@id":"https:\/\/inclusivenews.com.br\/#\/schema\/person\/ae4ec7087559b8692fb33b6fffd2273b","name":"inclusivenews2024","image":{"@type":"ImageObject","inLanguage":"pt-PT","@id":"https:\/\/secure.gravatar.com\/avatar\/c5a7ef84c66fa914f55bc4f7ce26cfa275a3b9a1c5568b907bd184fb4dde7b40?s=96&d=mm&r=g","url":"https:\/\/secure.gravatar.com\/avatar\/c5a7ef84c66fa914f55bc4f7ce26cfa275a3b9a1c5568b907bd184fb4dde7b40?s=96&d=mm&r=g","contentUrl":"https:\/\/secure.gravatar.com\/avatar\/c5a7ef84c66fa914f55bc4f7ce26cfa275a3b9a1c5568b907bd184fb4dde7b40?s=96&d=mm&r=g","caption":"inclusivenews2024"},"sameAs":["https:\/\/inclusivenews.com.br"],"url":"https:\/\/inclusivenews.com.br\/?author=1"}]}},"_links":{"self":[{"href":"https:\/\/inclusivenews.com.br\/index.php?rest_route=\/wp\/v2\/posts\/21738","targetHints":{"allow":["GET"]}}],"collection":[{"href":"https:\/\/inclusivenews.com.br\/index.php?rest_route=\/wp\/v2\/posts"}],"about":[{"href":"https:\/\/inclusivenews.com.br\/index.php?rest_route=\/wp\/v2\/types\/post"}],"author":[{"embeddable":true,"href":"https:\/\/inclusivenews.com.br\/index.php?rest_route=\/wp\/v2\/users\/1"}],"replies":[{"embeddable":true,"href":"https:\/\/inclusivenews.com.br\/index.php?rest_route=%2Fwp%2Fv2%2Fcomments&post=21738"}],"version-history":[{"count":0,"href":"https:\/\/inclusivenews.com.br\/index.php?rest_route=\/wp\/v2\/posts\/21738\/revisions"}],"wp:attachment":[{"href":"https:\/\/inclusivenews.com.br\/index.php?rest_route=%2Fwp%2Fv2%2Fmedia&parent=21738"}],"wp:term":[{"taxonomy":"category","embeddable":true,"href":"https:\/\/inclusivenews.com.br\/index.php?rest_route=%2Fwp%2Fv2%2Fcategories&post=21738"},{"taxonomy":"post_tag","embeddable":true,"href":"https:\/\/inclusivenews.com.br\/index.php?rest_route=%2Fwp%2Fv2%2Ftags&post=21738"}],"curies":[{"name":"wp","href":"https:\/\/api.w.org\/{rel}","templated":true}]}}