{"id":21740,"date":"2011-12-07T15:41:47","date_gmt":"2011-12-07T18:41:47","guid":{"rendered":"http:\/\/www.inclusive.org.br\/?p=21740"},"modified":"2011-12-07T15:41:47","modified_gmt":"2011-12-07T18:41:47","slug":"resultados-do-17%c2%aa-edicao-do-premio-direitos-humanos","status":"publish","type":"post","link":"https:\/\/inclusivenews.com.br\/?p=21740","title":{"rendered":"Resultados do 17\u00aa Edi\u00e7\u00e3o do Pr\u00eamio Direitos Humanos"},"content":{"rendered":"<figure style=\"width: 308px\" class=\"wp-caption alignleft\"><img loading=\"lazy\" decoding=\"async\" title=\"Pr\u00eamio Direitos Humanos 2011\" src=\"http:\/\/api.ning.com\/files\/kNSiphbBL3-rSg5yQhQzYQXOuBxFF7esEpE3FLpoBGwjlmSmW0IwP4HxV2wiP1ip-AysTi*8aRY7kOVtl*ZkOyh9cvsya0H0\/Destaque_premio.png\" alt=\"\" width=\"308\" height=\"155\" \/><figcaption class=\"wp-caption-text\"> <\/figcaption><\/figure>\n<p>A Comiss\u00e3o de Julgadora da 17\u00aa Edi\u00e7\u00e3o do Pr\u00eamio Direitos Humanos elegeu na \u00faltima semana as pessoas f\u00edsicas ou jur\u00eddicas agraciadas em cada uma das categorias do Pr\u00eamio. Presidida pela ministra Maria do Ros\u00e1rio, da Secretaria de Direitos Humanos da Presid\u00eancia da Rep\u00fablica (SDH\/PR), a comiss\u00e3o \u00e9 constitu\u00edda por personalidades nacionais ou indiv\u00edduos com not\u00f3rios servi\u00e7os prestados \u00e0 causa dos Direitos Humanos no Brasil.<\/p>\n<p>O Pr\u00eamio Direitos Humanos \u00e9 a mais alta condecora\u00e7\u00e3o do Governo Brasileiro a pessoas e entidades que se destacaram na defesa, na promo\u00e7\u00e3o e no enfrentamento e combate \u00e0s viola\u00e7\u00f5es dos Direitos Humanos no pa\u00eds.<\/p>\n<p>O Pr\u00eamio busca contemplar a universalidade dos Direitos Humanos em suas diversas categorias. Neste ano, foram inclu\u00eddas tr\u00eas novas categorias: Centros de Refer\u00eancia em Direitos Humanos, Garantia dos Direitos da Popula\u00e7\u00e3o em Situa\u00e7\u00e3o de Rua e Diversidade Religiosa.<\/p>\n<p>Os agraciados receber\u00e3o um certificado assinado pela presidenta da Rep\u00fablica, Dilma Rousseff e um trof\u00e9u que representa as tem\u00e1ticas definidas e promovidas pela SDH. A cerim\u00f4nia de entrega do Pr\u00eamio ser\u00e1 realizada no dia 9 de dezembro, \u00e0s 10 horas, no Pal\u00e1cio do Planalto, com a presen\u00e7a da presidenta.<\/p>\n<p>Conhe\u00e7a os premiados de 2011:<\/p>\n<p><strong>1 \u2013 Dorothy Stang<\/strong><\/p>\n<p>Geralda Magela da Fonseca<\/p>\n<p><strong>2 \u2013 Educa\u00e7\u00e3o em Direitos Humanos<\/strong><\/p>\n<p>Rita Gomes do Nascimento<\/p>\n<p><strong>3 \u2013 M\u00eddia e Direitos Humanos<\/strong><\/p>\n<p>Ag\u00eancia da Boa Not\u00edcia Guajuviras<\/p>\n<p><strong>4 \u2013 Centros de Refer\u00eancia em Direitos Humanos<\/strong><\/p>\n<p>Centro de Defesa dos Direitos Humanos Mar\u00e7al de Souza Tup\u00e3-i<\/p>\n<p><strong>5 \u2013 Enfrentamento \u00e0 Pobreza<\/strong><\/p>\n<p>Jo\u00e3o Batista Frota<\/p>\n<p><strong>6 \u2013 Garantia dos Direitos da Popula\u00e7\u00e3o em Situa\u00e7\u00e3o de Rua<\/strong><\/p>\n<p>Anderson Lopes Miranda<\/p>\n<p><strong>7 \u2013 Enfrentamento \u00e0 Viol\u00eancia<\/strong><\/p>\n<p>Patr\u00edcia Lourival Acioli<\/p>\n<p><strong>8 \u2013 Seguran\u00e7a P\u00fablica<\/strong><\/p>\n<p>Ricardo Brisolla Balestreri<\/p>\n<p><strong>9 \u2013 Enfrentamento \u00e0 Tortura<\/strong><\/p>\n<p>F\u00f3rum da Luta Antimanicomial de Sorocaba (FLAMAS)<\/p>\n<p><strong>10 \u2013 Direito \u00e0 Mem\u00f3ria e \u00e0 Verdade<\/strong><\/p>\n<p>Instituto Vladimir Herzog<\/p>\n<p><strong>11 \u2013 Diversidade Religiosa<\/strong><\/p>\n<p>Fl\u00e1via da Silva Pinto<\/p>\n<p><strong>12 \u2013 Igualdade Racial<\/strong><\/p>\n<p>Creuza Maria Oliveira<\/p>\n<p><strong>13 \u2013 Igualdade de G\u00eanero<\/strong><\/p>\n<p>Berenice Bento<\/p>\n<p><strong>14 \u2013 Garantia dos Direitos da Popula\u00e7\u00e3o de LGBT<\/strong><\/p>\n<p>Carlos Augusto Ayres de Freitas Britto<\/p>\n<p><strong>15 \u2013 Santa Quit\u00e9ria do Maranh\u00e3o<\/strong><\/p>\n<p>Defensoria P\u00fablica do Estado do Par\u00e1<\/p>\n<p><strong>16 \u2013 Erradica\u00e7\u00e3o do Trabalho Escravo<\/strong><\/p>\n<p>Antonio Jos\u00e9 Ferreira Lima Filho<\/p>\n<p><strong>17 \u2013 Garantia dos Direitos da Crian\u00e7a e do Adolescente<\/strong><\/p>\n<p>Wanderlino Nogueira Neto<\/p>\n<p><strong>18 \u2013 Garantia dos Direitos da Pessoa Idosa<\/strong><\/p>\n<p>Maria Lu\u00edza Teixeira<\/p>\n<p><strong>19 \u2013 Garantia dos Direitos das Pessoas com Defici\u00eancia<\/strong><\/p>\n<p>Escola de Gente \u2013 Comunica\u00e7\u00e3o em Inclus\u00e3o<\/p>\n<p><strong>20 \u2013 Garantia dos Direitos dos Povos Ind\u00edgenas<\/strong><\/p>\n<p>Comunidade ind\u00edgena F\u00e1g Nhim- Etnia Kaingang<\/p>\n<p><strong>21 \u2013 Categoria Livre<\/strong><\/p>\n<p>Antonio Augusto Can\u00e7ado Trindade<\/p>\n","protected":false},"excerpt":{"rendered":"<p>Os agraciados receber\u00e3o um certificado assinado pela presidenta da Rep\u00fablica, Dilma Rousseff e um trof\u00e9u que representa as tem\u00e1ticas definidas e promovidas pela SDH. A cerim\u00f4nia de entrega do Pr\u00eamio ser\u00e1 realizada no dia 9 de dezembro, \u00e0s 10 horas, no Pal\u00e1cio do Planalto, com a presen\u00e7a da presidenta.<\/p>\n","protected":false},"author":1,"featured_media":0,"comment_status":"open","ping_status":"open","sticky":false,"template":"","format":"standard","meta":{"site-container-style":"default","site-container-layout":"default","site-sidebar-layout":"default","disable-article-header":"default","disable-site-header":"default","disable-site-footer":"default","disable-content-area-spacing":"default","footnotes":""},"categories":[11,4],"tags":[],"class_list":["post-21740","post","type-post","status-publish","format-standard","hentry","category-direitos-humanos","category-noticias"],"yoast_head":"<!-- This site is optimized with the Yoast SEO plugin v27.4 - https:\/\/yoast.com\/product\/yoast-seo-wordpress\/ -->\n<title>Resultados do 17\u00aa Edi\u00e7\u00e3o do Pr\u00eamio Direitos Humanos -<\/title>\n<meta name=\"robots\" content=\"index, follow, max-snippet:-1, max-image-preview:large, max-video-preview:-1\" \/>\n<link rel=\"canonical\" href=\"https:\/\/inclusivenews.com.br\/?p=21740\" \/>\n<meta property=\"og:locale\" content=\"pt_PT\" \/>\n<meta property=\"og:type\" content=\"article\" \/>\n<meta property=\"og:title\" content=\"Resultados do 17\u00aa Edi\u00e7\u00e3o do Pr\u00eamio Direitos Humanos -\" \/>\n<meta property=\"og:description\" content=\"Os agraciados receber\u00e3o um certificado assinado pela presidenta da Rep\u00fablica, Dilma Rousseff e um trof\u00e9u que representa as tem\u00e1ticas definidas e promovidas pela SDH. A cerim\u00f4nia de entrega do Pr\u00eamio ser\u00e1 realizada no dia 9 de dezembro, \u00e0s 10 horas, no Pal\u00e1cio do Planalto, com a presen\u00e7a da presidenta.\" \/>\n<meta property=\"og:url\" content=\"https:\/\/inclusivenews.com.br\/?p=21740\" \/>\n<meta property=\"article:publisher\" content=\"https:\/\/www.facebook.com\/agenciainclusive\/\" \/>\n<meta property=\"article:published_time\" content=\"2011-12-07T18:41:47+00:00\" \/>\n<meta property=\"og:image\" content=\"http:\/\/api.ning.com\/files\/kNSiphbBL3-rSg5yQhQzYQXOuBxFF7esEpE3FLpoBGwjlmSmW0IwP4HxV2wiP1ip-AysTi*8aRY7kOVtl*ZkOyh9cvsya0H0\/Destaque_premio.png\" \/>\n<meta name=\"author\" content=\"inclusivenews2024\" \/>\n<meta name=\"twitter:card\" content=\"summary_large_image\" \/>\n<meta name=\"twitter:label1\" content=\"Escrito por\" \/>\n\t<meta name=\"twitter:data1\" content=\"inclusivenews2024\" \/>\n\t<meta name=\"twitter:label2\" content=\"Tempo estimado de leitura\" \/>\n\t<meta name=\"twitter:data2\" content=\"2 minutos\" \/>\n<script type=\"application\/ld+json\" class=\"yoast-schema-graph\">{\"@context\":\"https:\\\/\\\/schema.org\",\"@graph\":[{\"@type\":\"Article\",\"@id\":\"https:\\\/\\\/inclusivenews.com.br\\\/?p=21740#article\",\"isPartOf\":{\"@id\":\"https:\\\/\\\/inclusivenews.com.br\\\/?p=21740\"},\"author\":{\"name\":\"inclusivenews2024\",\"@id\":\"https:\\\/\\\/inclusivenews.com.br\\\/#\\\/schema\\\/person\\\/ae4ec7087559b8692fb33b6fffd2273b\"},\"headline\":\"Resultados do 17\u00aa Edi\u00e7\u00e3o do Pr\u00eamio Direitos Humanos\",\"datePublished\":\"2011-12-07T18:41:47+00:00\",\"mainEntityOfPage\":{\"@id\":\"https:\\\/\\\/inclusivenews.com.br\\\/?p=21740\"},\"wordCount\":448,\"commentCount\":0,\"publisher\":{\"@id\":\"https:\\\/\\\/inclusivenews.com.br\\\/#organization\"},\"image\":{\"@id\":\"https:\\\/\\\/inclusivenews.com.br\\\/?p=21740#primaryimage\"},\"thumbnailUrl\":\"http:\\\/\\\/api.ning.com\\\/files\\\/kNSiphbBL3-rSg5yQhQzYQXOuBxFF7esEpE3FLpoBGwjlmSmW0IwP4HxV2wiP1ip-AysTi*8aRY7kOVtl*ZkOyh9cvsya0H0\\\/Destaque_premio.png\",\"articleSection\":[\"DIREITOS HUMANOS\",\"NOT\u00cdCIAS\"],\"inLanguage\":\"pt-PT\",\"potentialAction\":[{\"@type\":\"CommentAction\",\"name\":\"Comment\",\"target\":[\"https:\\\/\\\/inclusivenews.com.br\\\/?p=21740#respond\"]}]},{\"@type\":\"WebPage\",\"@id\":\"https:\\\/\\\/inclusivenews.com.br\\\/?p=21740\",\"url\":\"https:\\\/\\\/inclusivenews.com.br\\\/?p=21740\",\"name\":\"Resultados do 17\u00aa Edi\u00e7\u00e3o do Pr\u00eamio Direitos Humanos -\",\"isPartOf\":{\"@id\":\"https:\\\/\\\/inclusivenews.com.br\\\/#website\"},\"primaryImageOfPage\":{\"@id\":\"https:\\\/\\\/inclusivenews.com.br\\\/?p=21740#primaryimage\"},\"image\":{\"@id\":\"https:\\\/\\\/inclusivenews.com.br\\\/?p=21740#primaryimage\"},\"thumbnailUrl\":\"http:\\\/\\\/api.ning.com\\\/files\\\/kNSiphbBL3-rSg5yQhQzYQXOuBxFF7esEpE3FLpoBGwjlmSmW0IwP4HxV2wiP1ip-AysTi*8aRY7kOVtl*ZkOyh9cvsya0H0\\\/Destaque_premio.png\",\"datePublished\":\"2011-12-07T18:41:47+00:00\",\"breadcrumb\":{\"@id\":\"https:\\\/\\\/inclusivenews.com.br\\\/?p=21740#breadcrumb\"},\"inLanguage\":\"pt-PT\",\"potentialAction\":[{\"@type\":\"ReadAction\",\"target\":[\"https:\\\/\\\/inclusivenews.com.br\\\/?p=21740\"]}]},{\"@type\":\"ImageObject\",\"inLanguage\":\"pt-PT\",\"@id\":\"https:\\\/\\\/inclusivenews.com.br\\\/?p=21740#primaryimage\",\"url\":\"http:\\\/\\\/api.ning.com\\\/files\\\/kNSiphbBL3-rSg5yQhQzYQXOuBxFF7esEpE3FLpoBGwjlmSmW0IwP4HxV2wiP1ip-AysTi*8aRY7kOVtl*ZkOyh9cvsya0H0\\\/Destaque_premio.png\",\"contentUrl\":\"http:\\\/\\\/api.ning.com\\\/files\\\/kNSiphbBL3-rSg5yQhQzYQXOuBxFF7esEpE3FLpoBGwjlmSmW0IwP4HxV2wiP1ip-AysTi*8aRY7kOVtl*ZkOyh9cvsya0H0\\\/Destaque_premio.png\"},{\"@type\":\"BreadcrumbList\",\"@id\":\"https:\\\/\\\/inclusivenews.com.br\\\/?p=21740#breadcrumb\",\"itemListElement\":[{\"@type\":\"ListItem\",\"position\":1,\"name\":\"In\u00edcio\",\"item\":\"https:\\\/\\\/inclusivenews.com.br\\\/\"},{\"@type\":\"ListItem\",\"position\":2,\"name\":\"Resultados do 17\u00aa Edi\u00e7\u00e3o do Pr\u00eamio Direitos Humanos\"}]},{\"@type\":\"WebSite\",\"@id\":\"https:\\\/\\\/inclusivenews.com.br\\\/#website\",\"url\":\"https:\\\/\\\/inclusivenews.com.br\\\/\",\"name\":\"Inclusive News\",\"description\":\"Inclusive News\",\"publisher\":{\"@id\":\"https:\\\/\\\/inclusivenews.com.br\\\/#organization\"},\"potentialAction\":[{\"@type\":\"SearchAction\",\"target\":{\"@type\":\"EntryPoint\",\"urlTemplate\":\"https:\\\/\\\/inclusivenews.com.br\\\/?s={search_term_string}\"},\"query-input\":{\"@type\":\"PropertyValueSpecification\",\"valueRequired\":true,\"valueName\":\"search_term_string\"}}],\"inLanguage\":\"pt-PT\"},{\"@type\":\"Organization\",\"@id\":\"https:\\\/\\\/inclusivenews.com.br\\\/#organization\",\"name\":\"Inclusive - inclus\u00e3o e cidadania\",\"url\":\"https:\\\/\\\/inclusivenews.com.br\\\/\",\"logo\":{\"@type\":\"ImageObject\",\"inLanguage\":\"pt-PT\",\"@id\":\"https:\\\/\\\/inclusivenews.com.br\\\/#\\\/schema\\\/logo\\\/image\\\/\",\"url\":\"https:\\\/\\\/inclusivenews.com.br\\\/wp-content\\\/uploads\\\/2024\\\/03\\\/@grandesite.png\",\"contentUrl\":\"https:\\\/\\\/inclusivenews.com.br\\\/wp-content\\\/uploads\\\/2024\\\/03\\\/@grandesite.png\",\"width\":1080,\"height\":1080,\"caption\":\"Inclusive - inclus\u00e3o e cidadania\"},\"image\":{\"@id\":\"https:\\\/\\\/inclusivenews.com.br\\\/#\\\/schema\\\/logo\\\/image\\\/\"},\"sameAs\":[\"https:\\\/\\\/www.facebook.com\\\/agenciainclusive\\\/\",\"https:\\\/\\\/www.instagram.com\\\/newsinclusive\\\/\"]},{\"@type\":\"Person\",\"@id\":\"https:\\\/\\\/inclusivenews.com.br\\\/#\\\/schema\\\/person\\\/ae4ec7087559b8692fb33b6fffd2273b\",\"name\":\"inclusivenews2024\",\"image\":{\"@type\":\"ImageObject\",\"inLanguage\":\"pt-PT\",\"@id\":\"https:\\\/\\\/secure.gravatar.com\\\/avatar\\\/c5a7ef84c66fa914f55bc4f7ce26cfa275a3b9a1c5568b907bd184fb4dde7b40?s=96&d=mm&r=g\",\"url\":\"https:\\\/\\\/secure.gravatar.com\\\/avatar\\\/c5a7ef84c66fa914f55bc4f7ce26cfa275a3b9a1c5568b907bd184fb4dde7b40?s=96&d=mm&r=g\",\"contentUrl\":\"https:\\\/\\\/secure.gravatar.com\\\/avatar\\\/c5a7ef84c66fa914f55bc4f7ce26cfa275a3b9a1c5568b907bd184fb4dde7b40?s=96&d=mm&r=g\",\"caption\":\"inclusivenews2024\"},\"sameAs\":[\"https:\\\/\\\/inclusivenews.com.br\"],\"url\":\"https:\\\/\\\/inclusivenews.com.br\\\/?author=1\"}]}<\/script>\n<!-- \/ Yoast SEO plugin. -->","yoast_head_json":{"title":"Resultados do 17\u00aa Edi\u00e7\u00e3o do Pr\u00eamio Direitos Humanos -","robots":{"index":"index","follow":"follow","max-snippet":"max-snippet:-1","max-image-preview":"max-image-preview:large","max-video-preview":"max-video-preview:-1"},"canonical":"https:\/\/inclusivenews.com.br\/?p=21740","og_locale":"pt_PT","og_type":"article","og_title":"Resultados do 17\u00aa Edi\u00e7\u00e3o do Pr\u00eamio Direitos Humanos -","og_description":"Os agraciados receber\u00e3o um certificado assinado pela presidenta da Rep\u00fablica, Dilma Rousseff e um trof\u00e9u que representa as tem\u00e1ticas definidas e promovidas pela SDH. A cerim\u00f4nia de entrega do Pr\u00eamio ser\u00e1 realizada no dia 9 de dezembro, \u00e0s 10 horas, no Pal\u00e1cio do Planalto, com a presen\u00e7a da presidenta.","og_url":"https:\/\/inclusivenews.com.br\/?p=21740","article_publisher":"https:\/\/www.facebook.com\/agenciainclusive\/","article_published_time":"2011-12-07T18:41:47+00:00","og_image":[{"url":"http:\/\/api.ning.com\/files\/kNSiphbBL3-rSg5yQhQzYQXOuBxFF7esEpE3FLpoBGwjlmSmW0IwP4HxV2wiP1ip-AysTi*8aRY7kOVtl*ZkOyh9cvsya0H0\/Destaque_premio.png","type":"","width":"","height":""}],"author":"inclusivenews2024","twitter_card":"summary_large_image","twitter_misc":{"Escrito por":"inclusivenews2024","Tempo estimado de leitura":"2 minutos"},"schema":{"@context":"https:\/\/schema.org","@graph":[{"@type":"Article","@id":"https:\/\/inclusivenews.com.br\/?p=21740#article","isPartOf":{"@id":"https:\/\/inclusivenews.com.br\/?p=21740"},"author":{"name":"inclusivenews2024","@id":"https:\/\/inclusivenews.com.br\/#\/schema\/person\/ae4ec7087559b8692fb33b6fffd2273b"},"headline":"Resultados do 17\u00aa Edi\u00e7\u00e3o do Pr\u00eamio Direitos Humanos","datePublished":"2011-12-07T18:41:47+00:00","mainEntityOfPage":{"@id":"https:\/\/inclusivenews.com.br\/?p=21740"},"wordCount":448,"commentCount":0,"publisher":{"@id":"https:\/\/inclusivenews.com.br\/#organization"},"image":{"@id":"https:\/\/inclusivenews.com.br\/?p=21740#primaryimage"},"thumbnailUrl":"http:\/\/api.ning.com\/files\/kNSiphbBL3-rSg5yQhQzYQXOuBxFF7esEpE3FLpoBGwjlmSmW0IwP4HxV2wiP1ip-AysTi*8aRY7kOVtl*ZkOyh9cvsya0H0\/Destaque_premio.png","articleSection":["DIREITOS HUMANOS","NOT\u00cdCIAS"],"inLanguage":"pt-PT","potentialAction":[{"@type":"CommentAction","name":"Comment","target":["https:\/\/inclusivenews.com.br\/?p=21740#respond"]}]},{"@type":"WebPage","@id":"https:\/\/inclusivenews.com.br\/?p=21740","url":"https:\/\/inclusivenews.com.br\/?p=21740","name":"Resultados do 17\u00aa Edi\u00e7\u00e3o do Pr\u00eamio Direitos Humanos -","isPartOf":{"@id":"https:\/\/inclusivenews.com.br\/#website"},"primaryImageOfPage":{"@id":"https:\/\/inclusivenews.com.br\/?p=21740#primaryimage"},"image":{"@id":"https:\/\/inclusivenews.com.br\/?p=21740#primaryimage"},"thumbnailUrl":"http:\/\/api.ning.com\/files\/kNSiphbBL3-rSg5yQhQzYQXOuBxFF7esEpE3FLpoBGwjlmSmW0IwP4HxV2wiP1ip-AysTi*8aRY7kOVtl*ZkOyh9cvsya0H0\/Destaque_premio.png","datePublished":"2011-12-07T18:41:47+00:00","breadcrumb":{"@id":"https:\/\/inclusivenews.com.br\/?p=21740#breadcrumb"},"inLanguage":"pt-PT","potentialAction":[{"@type":"ReadAction","target":["https:\/\/inclusivenews.com.br\/?p=21740"]}]},{"@type":"ImageObject","inLanguage":"pt-PT","@id":"https:\/\/inclusivenews.com.br\/?p=21740#primaryimage","url":"http:\/\/api.ning.com\/files\/kNSiphbBL3-rSg5yQhQzYQXOuBxFF7esEpE3FLpoBGwjlmSmW0IwP4HxV2wiP1ip-AysTi*8aRY7kOVtl*ZkOyh9cvsya0H0\/Destaque_premio.png","contentUrl":"http:\/\/api.ning.com\/files\/kNSiphbBL3-rSg5yQhQzYQXOuBxFF7esEpE3FLpoBGwjlmSmW0IwP4HxV2wiP1ip-AysTi*8aRY7kOVtl*ZkOyh9cvsya0H0\/Destaque_premio.png"},{"@type":"BreadcrumbList","@id":"https:\/\/inclusivenews.com.br\/?p=21740#breadcrumb","itemListElement":[{"@type":"ListItem","position":1,"name":"In\u00edcio","item":"https:\/\/inclusivenews.com.br\/"},{"@type":"ListItem","position":2,"name":"Resultados do 17\u00aa Edi\u00e7\u00e3o do Pr\u00eamio Direitos Humanos"}]},{"@type":"WebSite","@id":"https:\/\/inclusivenews.com.br\/#website","url":"https:\/\/inclusivenews.com.br\/","name":"Inclusive News","description":"Inclusive News","publisher":{"@id":"https:\/\/inclusivenews.com.br\/#organization"},"potentialAction":[{"@type":"SearchAction","target":{"@type":"EntryPoint","urlTemplate":"https:\/\/inclusivenews.com.br\/?s={search_term_string}"},"query-input":{"@type":"PropertyValueSpecification","valueRequired":true,"valueName":"search_term_string"}}],"inLanguage":"pt-PT"},{"@type":"Organization","@id":"https:\/\/inclusivenews.com.br\/#organization","name":"Inclusive - inclus\u00e3o e cidadania","url":"https:\/\/inclusivenews.com.br\/","logo":{"@type":"ImageObject","inLanguage":"pt-PT","@id":"https:\/\/inclusivenews.com.br\/#\/schema\/logo\/image\/","url":"https:\/\/inclusivenews.com.br\/wp-content\/uploads\/2024\/03\/@grandesite.png","contentUrl":"https:\/\/inclusivenews.com.br\/wp-content\/uploads\/2024\/03\/@grandesite.png","width":1080,"height":1080,"caption":"Inclusive - inclus\u00e3o e cidadania"},"image":{"@id":"https:\/\/inclusivenews.com.br\/#\/schema\/logo\/image\/"},"sameAs":["https:\/\/www.facebook.com\/agenciainclusive\/","https:\/\/www.instagram.com\/newsinclusive\/"]},{"@type":"Person","@id":"https:\/\/inclusivenews.com.br\/#\/schema\/person\/ae4ec7087559b8692fb33b6fffd2273b","name":"inclusivenews2024","image":{"@type":"ImageObject","inLanguage":"pt-PT","@id":"https:\/\/secure.gravatar.com\/avatar\/c5a7ef84c66fa914f55bc4f7ce26cfa275a3b9a1c5568b907bd184fb4dde7b40?s=96&d=mm&r=g","url":"https:\/\/secure.gravatar.com\/avatar\/c5a7ef84c66fa914f55bc4f7ce26cfa275a3b9a1c5568b907bd184fb4dde7b40?s=96&d=mm&r=g","contentUrl":"https:\/\/secure.gravatar.com\/avatar\/c5a7ef84c66fa914f55bc4f7ce26cfa275a3b9a1c5568b907bd184fb4dde7b40?s=96&d=mm&r=g","caption":"inclusivenews2024"},"sameAs":["https:\/\/inclusivenews.com.br"],"url":"https:\/\/inclusivenews.com.br\/?author=1"}]}},"_links":{"self":[{"href":"https:\/\/inclusivenews.com.br\/index.php?rest_route=\/wp\/v2\/posts\/21740","targetHints":{"allow":["GET"]}}],"collection":[{"href":"https:\/\/inclusivenews.com.br\/index.php?rest_route=\/wp\/v2\/posts"}],"about":[{"href":"https:\/\/inclusivenews.com.br\/index.php?rest_route=\/wp\/v2\/types\/post"}],"author":[{"embeddable":true,"href":"https:\/\/inclusivenews.com.br\/index.php?rest_route=\/wp\/v2\/users\/1"}],"replies":[{"embeddable":true,"href":"https:\/\/inclusivenews.com.br\/index.php?rest_route=%2Fwp%2Fv2%2Fcomments&post=21740"}],"version-history":[{"count":0,"href":"https:\/\/inclusivenews.com.br\/index.php?rest_route=\/wp\/v2\/posts\/21740\/revisions"}],"wp:attachment":[{"href":"https:\/\/inclusivenews.com.br\/index.php?rest_route=%2Fwp%2Fv2%2Fmedia&parent=21740"}],"wp:term":[{"taxonomy":"category","embeddable":true,"href":"https:\/\/inclusivenews.com.br\/index.php?rest_route=%2Fwp%2Fv2%2Fcategories&post=21740"},{"taxonomy":"post_tag","embeddable":true,"href":"https:\/\/inclusivenews.com.br\/index.php?rest_route=%2Fwp%2Fv2%2Ftags&post=21740"}],"curies":[{"name":"wp","href":"https:\/\/api.w.org\/{rel}","templated":true}]}}