{"id":21742,"date":"2011-12-07T15:36:23","date_gmt":"2011-12-07T18:36:23","guid":{"rendered":"http:\/\/www.inclusive.org.br\/?p=21742"},"modified":"2011-12-07T15:36:23","modified_gmt":"2011-12-07T18:36:23","slug":"jovem-rico-erra-menor-pobre-comete-crime","status":"publish","type":"post","link":"https:\/\/inclusivenews.com.br\/?p=21742","title":{"rendered":"Jovem rico erra. \u201cMenor\u201d pobre comete crime"},"content":{"rendered":"<figure id=\"attachment_12403\" aria-describedby=\"caption-attachment-12403\" style=\"width: 214px\" class=\"wp-caption alignleft\"><img loading=\"lazy\" decoding=\"async\" class=\"size-full wp-image-12403\" title=\"Inclusive - Diferente - s\u00edmbolo matem\u00e1tico da diferen\u00e7a. Dois tra\u00e7os paralelos cortados na diagonal por outro tra\u00e7o.\" src=\"http:\/\/inclusivenews.com.br\/wp-content\/uploads\/2009\/11\/diferente.jpg\" alt=\"Inclusive - Diferente - s\u00edmbolo matem\u00e1tico da diferen\u00e7a. Dois tra\u00e7os paralelos cortados na diagonal por outro tra\u00e7o.\" width=\"214\" height=\"149\" srcset=\"https:\/\/inclusivenews.com.br\/wp-content\/uploads\/2009\/11\/diferente.jpg 356w, https:\/\/inclusivenews.com.br\/wp-content\/uploads\/2009\/11\/diferente-300x210.jpg 300w\" sizes=\"auto, (max-width: 214px) 100vw, 214px\" \/><figcaption id=\"caption-attachment-12403\" class=\"wp-caption-text\"> <\/figcaption><\/figure>\n<p><strong>Por Leonardo Sakamoto<br \/>\nno Blog do Sakamoto<\/strong><\/p>\n<p>Os repetidos casos de viol\u00eancia gerados por jovens da classe m\u00e9dia alta brasileira e a forma aviltante com a qual t\u00eam sido tratados adolescentes pobres no processo de ocupa\u00e7\u00e3o policial de comunidades no Rio de Janeiro me deixam duplamente incomodado. Primeiro, \u00e9 claro, pelo fato em si. Segundo, pela forma como a sociedade se comporta diante disso.<\/p>\n<p>Sabemos que \u00e9 mais f\u00e1cil uma pessoa que roubou um xampu, um litro de leite ou meia d\u00fazia de coxinhas ir amargar uma temporada no xilindr\u00f3 \u2013 como mostram diversos casos que j\u00e1 trouxe aqui \u2013 do que um empres\u00e1rio que corrompeu ou um pol\u00edtico que foi corrompido passarem uma temporada fora de circula\u00e7\u00e3o.<\/p>\n<p>N\u00e3o que o princ\u00edpio da insignific\u00e2ncia (que pode ser aplicado quando o caso n\u00e3o representa riscos \u00e0 sociedade e n\u00e3o tenha causado les\u00e3o ou ofensa grave) n\u00e3o seja conhecido pelo Judici\u00e1rio. Insiginificante mesmo \u00e9 quem n\u00e3o tem um bom advogado, muito menos sangue azul ou imunidade pol\u00edtica.<\/p>\n<p>Tempos atr\u00e1s, a seguinte not\u00edcia veio a p\u00fablico:<\/p>\n<p>&#8220;A empregada dom\u00e9stica Sirley Dias de Carvalho Pinto, de 32 anos, teve a bolsa roubada e foi espancada por cinco jovens moradores de condom\u00ednios de classe m\u00e9dia da Barra da Tijuca, na madrugada de s\u00e1bado. Os golpes foram todos direcionados \u00e0 sua cabe\u00e7a. Presos por policiais da 16\u00aa DP (Barra), tr\u00eas dos rapazes (&#8230;) confessaram o crime e ser\u00e3o levados para a Polinter. Como justificativa para o que fizeram alegaram ter confundido a v\u00edtima com uma prostituta.&#8221;<\/p>\n<p>Os rapazes n\u00e3o eram da ral\u00e9. Se eles fossem de classe social mais baixa, certamente o texto seria sutilmente diferente:<\/p>\n<p>&#8220;A empregada dom\u00e9stica Sirley Dias de Carvalho Pinto, de 32 anos, teve a bolsa roubada e foi espancada por cinco moradores da favela da Rocinha, na madrugada de s\u00e1bado. Os golpes foram todos direcionados \u00e0 sua cabe\u00e7a. Presos por policiais da 16\u00aa DP (Barra), tr\u00eas dos bandidos (&#8230;) confessaram o crime e est\u00e3o presos. Como justificativa para o que fizeram alegaram ter confundido a v\u00edtima com uma prostituta.&#8221;<\/p>\n<p>Rico \u00e9 jovem, pobre \u00e9 bandido. Um \u00e9 crian\u00e7a que fez coisa errada, o outro um monstro que deve ser encarcerado. Lembro que o pai de um deles, num momento de desespero, justificou a atitude do filho como sendo perdo\u00e1vel. Da mesma forma, o pai de um dos jovens que agrediram homossexuais com l\u00e2mpadas fluorescentes na avenida Paulista, em S\u00e3o Paulo, pediu condescend\u00eancia. Afinal, isso n\u00e3o condiz com a cria\u00e7\u00e3o que tiveram. Bem, s\u00e3o pais, \u00e9 direito deles. O incr\u00edvel \u00e9 como a sociedade encara o tema, com uma diferencia\u00e7\u00e3o claramente causada pela origem social.<\/p>\n<p>Tenho minhas d\u00favidas se a not\u00edcia sairia se fosse o segundo caso. Provavelmente, na hora em que o estagi\u00e1rio que faz a checagem das delegacias chegasse com a informa\u00e7\u00e3o, ouviria algo assim na reda\u00e7\u00e3o: &#8220;Pobre batendo em pobre? Ah, acontece todo dia, n\u00e3o \u00e9 not\u00edcia. Al\u00e9m disso, \u00e9 coisa deles com eles. Ent\u00e3o, deixem que resolvam&#8221;.<\/p>\n<p>Amigos que trabalharam em uma r\u00e1dio grande de S\u00e3o Paulo, pertencente a um grupo de comunica\u00e7\u00e3o, j\u00e1 ouviram algo muito parecido, mas mais cruel&#8230; \u00c9 triste verificar mais uma vez que o conceito de not\u00edcia depende de qual classe social pertencem os protagonistas. Somos lenientes com os nossos semelhantes, com aqueles que poderiam ser nossos primos e irm\u00e1os, e duros com os outros.<\/p>\n<p>A justificativa dos espancadores tamb\u00e9m \u00e9 bastante esclarecedora. Ou seja, &#8220;puta&#8221; e &#8220;bicha&#8221; pode. Assim como \u00edndio e &#8220;mendigo&#8221;. Lembram-se do Galdino, que morreu queimado por jovens da classe m\u00e9dia brasiliense enquanto dormia em um ponto de \u00f4nibus? Ou a popula\u00e7\u00e3o de rua do Centro de S\u00e3o Paulo, que vira e mexe, \u00e9 morta a pauladas tamb\u00e9m enquanto descansa? At\u00e9 onde sabemos, apesar dos incendi\u00e1rios brasilienses terem sido presos, eles possu\u00edam regalias, como sair da cadeia para passear. E na capital paulista, crimes contra populac\u00e3o de rua tendem a ser punidos com a mesma celeridade que agress\u00f5es contra ind\u00edgenas no Mato Grosso do Sul.<\/p>\n<p>Na pr\u00e1tica, as pessoas envolvidas nesses casos apenas colocaram em pr\u00e1tica o que devem ter ouvido a vida inteira: putas, bichas, \u00edndios e mendigos s\u00e3o a corja da sociedade e agem para corromper os seus valores morais e tornar a vida dos cidad\u00e3os de bem um inferno. Seres descart\u00e1veis, que vivem na penumbra e nos amea\u00e7am com sua exist\u00eancia, que n\u00e3o se encaixa nos padr\u00f5es estabelecidos. E por que n\u00e3o incluir nesse caldo as empregadas dom\u00e9sticas, que existem para servir? Se eles soubessem a profiss\u00e3o de Sirley, teria feito diferen\u00e7a?<\/p>\n<p>A sociedade tem uma parcela grande de culpa em atos como esse e os dos jovens que se tornam soldados do tr\u00e1fico por falta de op\u00e7\u00f5es e na busca por dignidade, fugindo da viol\u00eancia do Estado e do nosso desprezo. A culpa n\u00e3o \u00e9 s\u00f3 deles.<\/p>\n<p>A diferen\u00e7a \u00e9 que para os da classe m\u00e9dia e alta, passamos a m\u00e3o na cabe\u00e7a. Afinal, s\u00e3o &#8220;jovens&#8221;. Para os pobres, os &#8220;menores&#8221;, passamos bala.<\/p>\n<p>Fonte: <a href=\"http:\/\/blogdosakamoto.uol.com.br\/2011\/12\/04\/jovem-rico-erra-menor-pobre-comete-crime\/\" target=\"_blank\" rel=\"noopener\">Blog do Sakamoto<\/a><\/p>\n","protected":false},"excerpt":{"rendered":"<p>Por Leonardo Sakamoto. &#8220;A diferen\u00e7a \u00e9 que para os da classe m\u00e9dia e alta, passamos a m\u00e3o na cabe\u00e7a. Afinal, s\u00e3o &#8220;jovens&#8221;. Para os pobres, os &#8220;menores&#8221;, passamos bala.&#8221;<\/p>\n","protected":false},"author":1,"featured_media":0,"comment_status":"open","ping_status":"open","sticky":false,"template":"","format":"standard","meta":{"site-container-style":"default","site-container-layout":"default","site-sidebar-layout":"default","disable-article-header":"default","disable-site-header":"default","disable-site-footer":"default","disable-content-area-spacing":"default","footnotes":""},"categories":[11,8],"tags":[],"class_list":["post-21742","post","type-post","status-publish","format-standard","hentry","category-direitos-humanos","category-textos-e-artigos"],"yoast_head":"<!-- This site is optimized with the Yoast SEO plugin v27.4 - https:\/\/yoast.com\/product\/yoast-seo-wordpress\/ -->\n<title>Jovem rico erra. \u201cMenor\u201d pobre comete crime -<\/title>\n<meta name=\"robots\" content=\"index, follow, max-snippet:-1, max-image-preview:large, max-video-preview:-1\" \/>\n<link rel=\"canonical\" href=\"https:\/\/inclusivenews.com.br\/?p=21742\" \/>\n<meta property=\"og:locale\" content=\"pt_PT\" \/>\n<meta property=\"og:type\" content=\"article\" \/>\n<meta property=\"og:title\" content=\"Jovem rico erra. \u201cMenor\u201d pobre comete crime -\" \/>\n<meta property=\"og:description\" content=\"Por Leonardo Sakamoto. &quot;A diferen\u00e7a \u00e9 que para os da classe m\u00e9dia e alta, passamos a m\u00e3o na cabe\u00e7a. Afinal, s\u00e3o &quot;jovens&quot;. Para os pobres, os &quot;menores&quot;, passamos bala.&quot;\" \/>\n<meta property=\"og:url\" content=\"https:\/\/inclusivenews.com.br\/?p=21742\" \/>\n<meta property=\"article:publisher\" content=\"https:\/\/www.facebook.com\/agenciainclusive\/\" \/>\n<meta property=\"article:published_time\" content=\"2011-12-07T18:36:23+00:00\" \/>\n<meta property=\"og:image\" content=\"http:\/\/inclusivenews.com.br\/wp-content\/uploads\/2009\/11\/diferente.jpg\" \/>\n<meta name=\"author\" content=\"inclusivenews2024\" \/>\n<meta name=\"twitter:card\" content=\"summary_large_image\" \/>\n<meta name=\"twitter:label1\" content=\"Escrito por\" \/>\n\t<meta name=\"twitter:data1\" content=\"inclusivenews2024\" \/>\n\t<meta name=\"twitter:label2\" content=\"Tempo estimado de leitura\" \/>\n\t<meta name=\"twitter:data2\" content=\"4 minutos\" \/>\n<script type=\"application\/ld+json\" class=\"yoast-schema-graph\">{\"@context\":\"https:\\\/\\\/schema.org\",\"@graph\":[{\"@type\":\"Article\",\"@id\":\"https:\\\/\\\/inclusivenews.com.br\\\/?p=21742#article\",\"isPartOf\":{\"@id\":\"https:\\\/\\\/inclusivenews.com.br\\\/?p=21742\"},\"author\":{\"name\":\"inclusivenews2024\",\"@id\":\"https:\\\/\\\/inclusivenews.com.br\\\/#\\\/schema\\\/person\\\/ae4ec7087559b8692fb33b6fffd2273b\"},\"headline\":\"Jovem rico erra. \u201cMenor\u201d pobre comete crime\",\"datePublished\":\"2011-12-07T18:36:23+00:00\",\"mainEntityOfPage\":{\"@id\":\"https:\\\/\\\/inclusivenews.com.br\\\/?p=21742\"},\"wordCount\":904,\"commentCount\":0,\"publisher\":{\"@id\":\"https:\\\/\\\/inclusivenews.com.br\\\/#organization\"},\"image\":{\"@id\":\"https:\\\/\\\/inclusivenews.com.br\\\/?p=21742#primaryimage\"},\"thumbnailUrl\":\"http:\\\/\\\/inclusivenews.com.br\\\/wp-content\\\/uploads\\\/2009\\\/11\\\/diferente.jpg\",\"articleSection\":[\"DIREITOS HUMANOS\",\"OPINI\u00c3O\"],\"inLanguage\":\"pt-PT\",\"potentialAction\":[{\"@type\":\"CommentAction\",\"name\":\"Comment\",\"target\":[\"https:\\\/\\\/inclusivenews.com.br\\\/?p=21742#respond\"]}]},{\"@type\":\"WebPage\",\"@id\":\"https:\\\/\\\/inclusivenews.com.br\\\/?p=21742\",\"url\":\"https:\\\/\\\/inclusivenews.com.br\\\/?p=21742\",\"name\":\"Jovem rico erra. \u201cMenor\u201d pobre comete crime -\",\"isPartOf\":{\"@id\":\"https:\\\/\\\/inclusivenews.com.br\\\/#website\"},\"primaryImageOfPage\":{\"@id\":\"https:\\\/\\\/inclusivenews.com.br\\\/?p=21742#primaryimage\"},\"image\":{\"@id\":\"https:\\\/\\\/inclusivenews.com.br\\\/?p=21742#primaryimage\"},\"thumbnailUrl\":\"http:\\\/\\\/inclusivenews.com.br\\\/wp-content\\\/uploads\\\/2009\\\/11\\\/diferente.jpg\",\"datePublished\":\"2011-12-07T18:36:23+00:00\",\"breadcrumb\":{\"@id\":\"https:\\\/\\\/inclusivenews.com.br\\\/?p=21742#breadcrumb\"},\"inLanguage\":\"pt-PT\",\"potentialAction\":[{\"@type\":\"ReadAction\",\"target\":[\"https:\\\/\\\/inclusivenews.com.br\\\/?p=21742\"]}]},{\"@type\":\"ImageObject\",\"inLanguage\":\"pt-PT\",\"@id\":\"https:\\\/\\\/inclusivenews.com.br\\\/?p=21742#primaryimage\",\"url\":\"https:\\\/\\\/inclusivenews.com.br\\\/wp-content\\\/uploads\\\/2009\\\/11\\\/diferente.jpg\",\"contentUrl\":\"https:\\\/\\\/inclusivenews.com.br\\\/wp-content\\\/uploads\\\/2009\\\/11\\\/diferente.jpg\",\"width\":356,\"height\":249,\"caption\":\"Inclusive - Diferente - s\u00edmbolo matem\u00e1tico da diferen\u00e7a. Dois tra\u00e7os paralelos cortados na diagonal por outro tra\u00e7o.\"},{\"@type\":\"BreadcrumbList\",\"@id\":\"https:\\\/\\\/inclusivenews.com.br\\\/?p=21742#breadcrumb\",\"itemListElement\":[{\"@type\":\"ListItem\",\"position\":1,\"name\":\"In\u00edcio\",\"item\":\"https:\\\/\\\/inclusivenews.com.br\\\/\"},{\"@type\":\"ListItem\",\"position\":2,\"name\":\"Jovem rico erra. \u201cMenor\u201d pobre comete crime\"}]},{\"@type\":\"WebSite\",\"@id\":\"https:\\\/\\\/inclusivenews.com.br\\\/#website\",\"url\":\"https:\\\/\\\/inclusivenews.com.br\\\/\",\"name\":\"Inclusive News\",\"description\":\"Inclusive News\",\"publisher\":{\"@id\":\"https:\\\/\\\/inclusivenews.com.br\\\/#organization\"},\"potentialAction\":[{\"@type\":\"SearchAction\",\"target\":{\"@type\":\"EntryPoint\",\"urlTemplate\":\"https:\\\/\\\/inclusivenews.com.br\\\/?s={search_term_string}\"},\"query-input\":{\"@type\":\"PropertyValueSpecification\",\"valueRequired\":true,\"valueName\":\"search_term_string\"}}],\"inLanguage\":\"pt-PT\"},{\"@type\":\"Organization\",\"@id\":\"https:\\\/\\\/inclusivenews.com.br\\\/#organization\",\"name\":\"Inclusive - inclus\u00e3o e cidadania\",\"url\":\"https:\\\/\\\/inclusivenews.com.br\\\/\",\"logo\":{\"@type\":\"ImageObject\",\"inLanguage\":\"pt-PT\",\"@id\":\"https:\\\/\\\/inclusivenews.com.br\\\/#\\\/schema\\\/logo\\\/image\\\/\",\"url\":\"https:\\\/\\\/inclusivenews.com.br\\\/wp-content\\\/uploads\\\/2024\\\/03\\\/@grandesite.png\",\"contentUrl\":\"https:\\\/\\\/inclusivenews.com.br\\\/wp-content\\\/uploads\\\/2024\\\/03\\\/@grandesite.png\",\"width\":1080,\"height\":1080,\"caption\":\"Inclusive - inclus\u00e3o e cidadania\"},\"image\":{\"@id\":\"https:\\\/\\\/inclusivenews.com.br\\\/#\\\/schema\\\/logo\\\/image\\\/\"},\"sameAs\":[\"https:\\\/\\\/www.facebook.com\\\/agenciainclusive\\\/\",\"https:\\\/\\\/www.instagram.com\\\/newsinclusive\\\/\"]},{\"@type\":\"Person\",\"@id\":\"https:\\\/\\\/inclusivenews.com.br\\\/#\\\/schema\\\/person\\\/ae4ec7087559b8692fb33b6fffd2273b\",\"name\":\"inclusivenews2024\",\"image\":{\"@type\":\"ImageObject\",\"inLanguage\":\"pt-PT\",\"@id\":\"https:\\\/\\\/secure.gravatar.com\\\/avatar\\\/c5a7ef84c66fa914f55bc4f7ce26cfa275a3b9a1c5568b907bd184fb4dde7b40?s=96&d=mm&r=g\",\"url\":\"https:\\\/\\\/secure.gravatar.com\\\/avatar\\\/c5a7ef84c66fa914f55bc4f7ce26cfa275a3b9a1c5568b907bd184fb4dde7b40?s=96&d=mm&r=g\",\"contentUrl\":\"https:\\\/\\\/secure.gravatar.com\\\/avatar\\\/c5a7ef84c66fa914f55bc4f7ce26cfa275a3b9a1c5568b907bd184fb4dde7b40?s=96&d=mm&r=g\",\"caption\":\"inclusivenews2024\"},\"sameAs\":[\"https:\\\/\\\/inclusivenews.com.br\"],\"url\":\"https:\\\/\\\/inclusivenews.com.br\\\/?author=1\"}]}<\/script>\n<!-- \/ Yoast SEO plugin. -->","yoast_head_json":{"title":"Jovem rico erra. \u201cMenor\u201d pobre comete crime -","robots":{"index":"index","follow":"follow","max-snippet":"max-snippet:-1","max-image-preview":"max-image-preview:large","max-video-preview":"max-video-preview:-1"},"canonical":"https:\/\/inclusivenews.com.br\/?p=21742","og_locale":"pt_PT","og_type":"article","og_title":"Jovem rico erra. \u201cMenor\u201d pobre comete crime -","og_description":"Por Leonardo Sakamoto. \"A diferen\u00e7a \u00e9 que para os da classe m\u00e9dia e alta, passamos a m\u00e3o na cabe\u00e7a. Afinal, s\u00e3o \"jovens\". Para os pobres, os \"menores\", passamos bala.\"","og_url":"https:\/\/inclusivenews.com.br\/?p=21742","article_publisher":"https:\/\/www.facebook.com\/agenciainclusive\/","article_published_time":"2011-12-07T18:36:23+00:00","og_image":[{"url":"http:\/\/inclusivenews.com.br\/wp-content\/uploads\/2009\/11\/diferente.jpg","type":"","width":"","height":""}],"author":"inclusivenews2024","twitter_card":"summary_large_image","twitter_misc":{"Escrito por":"inclusivenews2024","Tempo estimado de leitura":"4 minutos"},"schema":{"@context":"https:\/\/schema.org","@graph":[{"@type":"Article","@id":"https:\/\/inclusivenews.com.br\/?p=21742#article","isPartOf":{"@id":"https:\/\/inclusivenews.com.br\/?p=21742"},"author":{"name":"inclusivenews2024","@id":"https:\/\/inclusivenews.com.br\/#\/schema\/person\/ae4ec7087559b8692fb33b6fffd2273b"},"headline":"Jovem rico erra. \u201cMenor\u201d pobre comete crime","datePublished":"2011-12-07T18:36:23+00:00","mainEntityOfPage":{"@id":"https:\/\/inclusivenews.com.br\/?p=21742"},"wordCount":904,"commentCount":0,"publisher":{"@id":"https:\/\/inclusivenews.com.br\/#organization"},"image":{"@id":"https:\/\/inclusivenews.com.br\/?p=21742#primaryimage"},"thumbnailUrl":"http:\/\/inclusivenews.com.br\/wp-content\/uploads\/2009\/11\/diferente.jpg","articleSection":["DIREITOS HUMANOS","OPINI\u00c3O"],"inLanguage":"pt-PT","potentialAction":[{"@type":"CommentAction","name":"Comment","target":["https:\/\/inclusivenews.com.br\/?p=21742#respond"]}]},{"@type":"WebPage","@id":"https:\/\/inclusivenews.com.br\/?p=21742","url":"https:\/\/inclusivenews.com.br\/?p=21742","name":"Jovem rico erra. \u201cMenor\u201d pobre comete crime -","isPartOf":{"@id":"https:\/\/inclusivenews.com.br\/#website"},"primaryImageOfPage":{"@id":"https:\/\/inclusivenews.com.br\/?p=21742#primaryimage"},"image":{"@id":"https:\/\/inclusivenews.com.br\/?p=21742#primaryimage"},"thumbnailUrl":"http:\/\/inclusivenews.com.br\/wp-content\/uploads\/2009\/11\/diferente.jpg","datePublished":"2011-12-07T18:36:23+00:00","breadcrumb":{"@id":"https:\/\/inclusivenews.com.br\/?p=21742#breadcrumb"},"inLanguage":"pt-PT","potentialAction":[{"@type":"ReadAction","target":["https:\/\/inclusivenews.com.br\/?p=21742"]}]},{"@type":"ImageObject","inLanguage":"pt-PT","@id":"https:\/\/inclusivenews.com.br\/?p=21742#primaryimage","url":"https:\/\/inclusivenews.com.br\/wp-content\/uploads\/2009\/11\/diferente.jpg","contentUrl":"https:\/\/inclusivenews.com.br\/wp-content\/uploads\/2009\/11\/diferente.jpg","width":356,"height":249,"caption":"Inclusive - Diferente - s\u00edmbolo matem\u00e1tico da diferen\u00e7a. Dois tra\u00e7os paralelos cortados na diagonal por outro tra\u00e7o."},{"@type":"BreadcrumbList","@id":"https:\/\/inclusivenews.com.br\/?p=21742#breadcrumb","itemListElement":[{"@type":"ListItem","position":1,"name":"In\u00edcio","item":"https:\/\/inclusivenews.com.br\/"},{"@type":"ListItem","position":2,"name":"Jovem rico erra. \u201cMenor\u201d pobre comete crime"}]},{"@type":"WebSite","@id":"https:\/\/inclusivenews.com.br\/#website","url":"https:\/\/inclusivenews.com.br\/","name":"Inclusive News","description":"Inclusive News","publisher":{"@id":"https:\/\/inclusivenews.com.br\/#organization"},"potentialAction":[{"@type":"SearchAction","target":{"@type":"EntryPoint","urlTemplate":"https:\/\/inclusivenews.com.br\/?s={search_term_string}"},"query-input":{"@type":"PropertyValueSpecification","valueRequired":true,"valueName":"search_term_string"}}],"inLanguage":"pt-PT"},{"@type":"Organization","@id":"https:\/\/inclusivenews.com.br\/#organization","name":"Inclusive - inclus\u00e3o e cidadania","url":"https:\/\/inclusivenews.com.br\/","logo":{"@type":"ImageObject","inLanguage":"pt-PT","@id":"https:\/\/inclusivenews.com.br\/#\/schema\/logo\/image\/","url":"https:\/\/inclusivenews.com.br\/wp-content\/uploads\/2024\/03\/@grandesite.png","contentUrl":"https:\/\/inclusivenews.com.br\/wp-content\/uploads\/2024\/03\/@grandesite.png","width":1080,"height":1080,"caption":"Inclusive - inclus\u00e3o e cidadania"},"image":{"@id":"https:\/\/inclusivenews.com.br\/#\/schema\/logo\/image\/"},"sameAs":["https:\/\/www.facebook.com\/agenciainclusive\/","https:\/\/www.instagram.com\/newsinclusive\/"]},{"@type":"Person","@id":"https:\/\/inclusivenews.com.br\/#\/schema\/person\/ae4ec7087559b8692fb33b6fffd2273b","name":"inclusivenews2024","image":{"@type":"ImageObject","inLanguage":"pt-PT","@id":"https:\/\/secure.gravatar.com\/avatar\/c5a7ef84c66fa914f55bc4f7ce26cfa275a3b9a1c5568b907bd184fb4dde7b40?s=96&d=mm&r=g","url":"https:\/\/secure.gravatar.com\/avatar\/c5a7ef84c66fa914f55bc4f7ce26cfa275a3b9a1c5568b907bd184fb4dde7b40?s=96&d=mm&r=g","contentUrl":"https:\/\/secure.gravatar.com\/avatar\/c5a7ef84c66fa914f55bc4f7ce26cfa275a3b9a1c5568b907bd184fb4dde7b40?s=96&d=mm&r=g","caption":"inclusivenews2024"},"sameAs":["https:\/\/inclusivenews.com.br"],"url":"https:\/\/inclusivenews.com.br\/?author=1"}]}},"_links":{"self":[{"href":"https:\/\/inclusivenews.com.br\/index.php?rest_route=\/wp\/v2\/posts\/21742","targetHints":{"allow":["GET"]}}],"collection":[{"href":"https:\/\/inclusivenews.com.br\/index.php?rest_route=\/wp\/v2\/posts"}],"about":[{"href":"https:\/\/inclusivenews.com.br\/index.php?rest_route=\/wp\/v2\/types\/post"}],"author":[{"embeddable":true,"href":"https:\/\/inclusivenews.com.br\/index.php?rest_route=\/wp\/v2\/users\/1"}],"replies":[{"embeddable":true,"href":"https:\/\/inclusivenews.com.br\/index.php?rest_route=%2Fwp%2Fv2%2Fcomments&post=21742"}],"version-history":[{"count":0,"href":"https:\/\/inclusivenews.com.br\/index.php?rest_route=\/wp\/v2\/posts\/21742\/revisions"}],"wp:attachment":[{"href":"https:\/\/inclusivenews.com.br\/index.php?rest_route=%2Fwp%2Fv2%2Fmedia&parent=21742"}],"wp:term":[{"taxonomy":"category","embeddable":true,"href":"https:\/\/inclusivenews.com.br\/index.php?rest_route=%2Fwp%2Fv2%2Fcategories&post=21742"},{"taxonomy":"post_tag","embeddable":true,"href":"https:\/\/inclusivenews.com.br\/index.php?rest_route=%2Fwp%2Fv2%2Ftags&post=21742"}],"curies":[{"name":"wp","href":"https:\/\/api.w.org\/{rel}","templated":true}]}}