{"id":21746,"date":"2011-12-07T15:14:57","date_gmt":"2011-12-07T18:14:57","guid":{"rendered":"http:\/\/www.inclusive.org.br\/?p=21746"},"modified":"2011-12-07T15:14:57","modified_gmt":"2011-12-07T18:14:57","slug":"situacao-da-adolescencia-brasileira","status":"publish","type":"post","link":"https:\/\/inclusivenews.com.br\/?p=21746","title":{"rendered":"Situa\u00e7\u00e3o da adolesc\u00eancia brasileira"},"content":{"rendered":"<p><span id=\"dnn_ctr582_ViewConteudo_lblTextoNoticia\"><\/p>\n<figure id=\"attachment_13106\" aria-describedby=\"caption-attachment-13106\" style=\"width: 150px\" class=\"wp-caption alignleft\"><img loading=\"lazy\" decoding=\"async\" class=\"size-thumbnail wp-image-13106\" title=\"Inclusive - diversidade.\" src=\"http:\/\/inclusivenews.com.br\/wp-content\/uploads\/2009\/12\/1171701005_diversidade-150x150.jpg\" alt=\"Inclusive - diversidade.\" width=\"150\" height=\"150\" \/><figcaption id=\"caption-attachment-13106\" class=\"wp-caption-text\"> <\/figcaption><\/figure>\n<p><em>A publica\u00e7\u00e3o revela como vivem e o que pensam os adolescentes e como o Brasil pode garantir aos seus cidad\u00e3os de 12 a 17 anos o direito de ser adolescente<\/em><\/p>\n<p><span id=\"dnn_ctr582_ViewConteudo_lblTextoNoticia\"><a href=\"http:\/\/www.unicef.org\/brazil\/pt\/br_sabrep11.pdf\" target=\"_blank\" rel=\"noopener\">Leia o relat\u00f3rio Situa\u00e7\u00e3o da Adolesc\u00eancia Brasileira 2011 na \u00edntegra<\/a><\/p>\n<p><\/span><\/p>\n<p>O Fundo das Na\u00e7\u00f5es Unidas para a Inf\u00e2ncia (UNICEF) lan\u00e7ou, nesta quarta-feira (30\/11), o relat\u00f3rio Situa\u00e7\u00e3o da Adolesc\u00eancia Brasileira 2011 \u2013 O direito de ser adolescente: Oportunidade para reduzir vulnerabilidades e superar desigualdades.<\/p>\n<p>O lan\u00e7amento do relat\u00f3rio aconteceu em Bras\u00edlia com a presen\u00e7a dos adolescentes Mariana Ros\u00e1rio, Israel Victor Melo e Danilo Urapin\u00e3 Patax\u00f3; da representante do UNICEF no Brasil, Marie-Pierre Poirier; e do novo representante da organiza\u00e7\u00e3o no Brasil, Gary Stahl. No final deste ano, Marie-Pierre ser\u00e1 a nova diretora regional do UNICEF para os pa\u00edses da Europa Central e Oriental.<\/p>\n<p>O relat\u00f3rio analisa a situa\u00e7\u00e3o de meninas e meninos de 12 a 17 anos a partir da evolu\u00e7\u00e3o de 10 indicadores entre 2004 e 2009. O documento tamb\u00e9m traz uma an\u00e1lise das pol\u00edticas p\u00fablicas desenvolvidas no Brasil e prop\u00f5e ainda um conjunto de a\u00e7\u00f5es a serem tomadas para garantir a realiza\u00e7\u00e3o dos direitos de todos e de cada adolescente.<\/p>\n<p>Vivem hoje no Brasil 21 milh\u00f5es de meninos e meninas entre 12 e 18 anos (incompletos), o que equivale a 11% da popula\u00e7\u00e3o brasileira. As proje\u00e7\u00f5es demogr\u00e1ficas mostram que o Brasil n\u00e3o voltar\u00e1 a ter uma participa\u00e7\u00e3o percentual t\u00e3o significativa dos adolescentes no total da popula\u00e7\u00e3o.<\/p>\n<p>Ainda que esse fato represente uma grande oportunidade para o Pa\u00eds, o preconceito faz com que esse grupo populacional seja visto como problema, criando barreiras para o desenvolvimento pleno do potencial desses meninos e meninas.<\/p>\n<p>O relat\u00f3rio alerta ainda que os adolescentes t\u00eam alguns de seus direitos mais violados do que outros grupos et\u00e1rios da popula\u00e7\u00e3o.<\/p>\n<p>Dos 10 indicadores avaliados entre 2004 e 2009, oito registraram avan\u00e7os, um deles (extrema pobreza) apresentou um ligeiro retrocesso e outro (homic\u00eddios) manteve-se est\u00e1vel em um patamar preocupante.<\/p>\n<p>O indicador da extrema pobreza entre os adolescentes, por exemplo, registrou um pequeno aumento, enquanto a tend\u00eancia na popula\u00e7\u00e3o geral \u00e9 de queda. Isso significa que houve um aumento da representa\u00e7\u00e3o dos adolescentes na popula\u00e7\u00e3o pobre.<\/p>\n<p>No caso dos homic\u00eddios, em 2009, a taxa de mortalidade entre adolescentes de 15 a 19 anos era de 43,2 para cada grupo de 100 mil adolescentes, enquanto a m\u00e9dia para a popula\u00e7\u00e3o como um todo era de 20 homic\u00eddios\/100 mil.<\/p>\n<p>No caso da educa\u00e7\u00e3o, os indicadores apontam importantes avan\u00e7os no per\u00edodo analisado, mas o Brasil ainda enfrenta desafios nessa \u00e1rea. Entre os adolescentes entre 15 e 17 anos de idade, 14,8% est\u00e3o fora da escola, enquanto o percentual \u00e9 de menos de 3% no grupo entre 6 e 14 anos de idade.<\/p>\n<p>O documento tamb\u00e9m aponta que, entre os adolescentes, alguns sofrem essas viola\u00e7\u00f5es de forma mais severa. Isso faz com que um adolescente negro tenha quase quatro vezes mais risco de ser assassinado do que um adolescente branco. Tamb\u00e9m mostra que um adolescente ind\u00edgena tem tr\u00eas vezes mais possibilidade de ser analfabeto do que os adolescentes em geral.<\/p>\n<p>\u201cN\u00f3s estamos aqui para desconstruir um preconceito\u201d, disse Marie-Pierre Poirier, representante do UNICEF no Brasil. \u201cO UNICEF quer propor um novo olhar. Um olhar que reconhe\u00e7a que os adolescentes s\u00e3o um grupo em si. Ou seja, n\u00e3o s\u00e3o crian\u00e7as grandes, nem futuros adultos. S\u00e3o sujeitos, com direitos espec\u00edficos, vivendo uma fase extraordin\u00e1ria de sua vida.\u201d<\/p>\n<p>Com o relat\u00f3rio, o UNICEF prop\u00f5e a\u00e7\u00f5es imediatas e de m\u00e9dio prazo para a desconstru\u00e7\u00e3o dos preconceitos e das barreiras que afetam a vida dos adolescentes brasileiros.<\/p>\n<p>Em rela\u00e7\u00e3o \u00e0s a\u00e7\u00f5es de m\u00e9dio prazo, o documento sugere o fortalecimento das pol\u00edticas p\u00fablicas universais com foco espec\u00edfico na adolesc\u00eancia e um foco ainda mais espec\u00edfico nos adolescentes mais desfavorecidos (adolescentes afro-brasileiros, ind\u00edgenas, adolescentes com defici\u00eancia e aqueles que vivem nas comunidades populares das grandes cidades, no Semi\u00e1rido e na Amaz\u00f4nia).<\/p>\n<p>Tamb\u00e9m recomenda que seja dada especial aten\u00e7\u00e3o a quatro grupos: adolescentes v\u00edtimas da explora\u00e7\u00e3o sexual; as meninas m\u00e3es; adolescentes chefes de fam\u00edlias; e meninos e meninas que vivem nas ruas.<\/p>\n<p>Entre as a\u00e7\u00f5es imediatas, prop\u00f5e a cria\u00e7\u00e3o de uma pol\u00edtica p\u00fablica multissetorial para p\u00f4r fim aos homic\u00eddios de adolescentes; o estabelecimento de um plano espec\u00edfico no Plano Nacional de Educa\u00e7\u00e3o para os adolescentes fora da escola, em risco de evas\u00e3o ou retidos no ensino fundamental; e a produ\u00e7\u00e3o de dados, estat\u00edsticas e informa\u00e7\u00f5es desagregados sobre o grupo de 12 a 17 anos de idade.<\/p>\n<p>Participa\u00e7\u00e3o cidad\u00e3 \u2013 O UNICEF acredita que a constru\u00e7\u00e3o de solu\u00e7\u00f5es para os problemas que afetam a vida dos adolescentes apenas ser\u00e1 efetiva se contar com a participa\u00e7\u00e3o cidad\u00e3 dos pr\u00f3prios adolescentes. Por isso, convidou representantes de adolescentes de redes e grupos organizados a participar da elabora\u00e7\u00e3o do relat\u00f3rio. Eles deram depoimentos sobre temas abordados e realizaram algumas das entrevistas com autoridades e especialistas.<\/p>\n<p>A vers\u00e3o final do documento foi apresentada para representantes dessas redes em um encontro nacional realizado entre os dias 27 e 29 de outubro, em Bras\u00edlia. As principais conclus\u00f5es dessa reuni\u00e3o foram apresentadas na coletiva por tr\u00eas adolescentes escolhidos para representar o grupo: Mariana Ros\u00e1rio, 17 anos, Israel Victor Melo, 16 anos, e Danilo Urapin\u00e3 Patax\u00f3, 16 anos.<\/p>\n<p>O encontro foi realizado pelo UNICEF e IIDAC, com apoio da Santa F\u00e9 Id\u00e9ias, e contou com participa\u00e7\u00e3o de adolescentes do Semi\u00e1rido, da Amaz\u00f4nia, de comunidades quilombolas, de aldeias ind\u00edgenas, dos centros urbanos, de \u00e1reas rurais e de redes de participa\u00e7\u00e3o.<\/p>\n<p>Fonte: UNICEF Brasil<\/p>\n<p><\/span><\/p>\n","protected":false},"excerpt":{"rendered":"<p>A publica\u00e7\u00e3o revela como vivem e o que pensam os adolescentes e como o Brasil pode garantir aos seus cidad\u00e3os de 12 a 17 anos o direito de ser adolescente. Leia o relat\u00f3rio na \u00edntegra (dispon\u00edvel para download).<\/p>\n","protected":false},"author":1,"featured_media":0,"comment_status":"open","ping_status":"open","sticky":false,"template":"","format":"standard","meta":{"site-container-style":"default","site-container-layout":"default","site-sidebar-layout":"default","disable-article-header":"default","disable-site-header":"default","disable-site-footer":"default","disable-content-area-spacing":"default","footnotes":""},"categories":[52,4,117],"tags":[159],"class_list":["post-21746","post","type-post","status-publish","format-standard","hentry","category-downloadables","category-noticias","category-relatorios","tag-juventude"],"yoast_head":"<!-- This site is optimized with the Yoast SEO plugin v27.4 - https:\/\/yoast.com\/product\/yoast-seo-wordpress\/ -->\n<title>Situa\u00e7\u00e3o da adolesc\u00eancia brasileira -<\/title>\n<meta name=\"robots\" content=\"index, follow, max-snippet:-1, max-image-preview:large, max-video-preview:-1\" \/>\n<link rel=\"canonical\" href=\"https:\/\/inclusivenews.com.br\/?p=21746\" \/>\n<meta property=\"og:locale\" content=\"pt_PT\" \/>\n<meta property=\"og:type\" content=\"article\" \/>\n<meta property=\"og:title\" content=\"Situa\u00e7\u00e3o da adolesc\u00eancia brasileira -\" \/>\n<meta property=\"og:description\" content=\"A publica\u00e7\u00e3o revela como vivem e o que pensam os adolescentes e como o Brasil pode garantir aos seus cidad\u00e3os de 12 a 17 anos o direito de ser adolescente. Leia o relat\u00f3rio na \u00edntegra (dispon\u00edvel para download).\" \/>\n<meta property=\"og:url\" content=\"https:\/\/inclusivenews.com.br\/?p=21746\" \/>\n<meta property=\"article:publisher\" content=\"https:\/\/www.facebook.com\/agenciainclusive\/\" \/>\n<meta property=\"article:published_time\" content=\"2011-12-07T18:14:57+00:00\" \/>\n<meta property=\"og:image\" content=\"http:\/\/inclusivenews.com.br\/wp-content\/uploads\/2009\/12\/1171701005_diversidade-150x150.jpg\" \/>\n<meta name=\"author\" content=\"inclusivenews2024\" \/>\n<meta name=\"twitter:card\" content=\"summary_large_image\" \/>\n<meta name=\"twitter:label1\" content=\"Escrito por\" \/>\n\t<meta name=\"twitter:data1\" content=\"inclusivenews2024\" \/>\n\t<meta name=\"twitter:label2\" content=\"Tempo estimado de leitura\" \/>\n\t<meta name=\"twitter:data2\" content=\"5 minutos\" \/>\n<script type=\"application\/ld+json\" class=\"yoast-schema-graph\">{\"@context\":\"https:\\\/\\\/schema.org\",\"@graph\":[{\"@type\":\"Article\",\"@id\":\"https:\\\/\\\/inclusivenews.com.br\\\/?p=21746#article\",\"isPartOf\":{\"@id\":\"https:\\\/\\\/inclusivenews.com.br\\\/?p=21746\"},\"author\":{\"name\":\"inclusivenews2024\",\"@id\":\"https:\\\/\\\/inclusivenews.com.br\\\/#\\\/schema\\\/person\\\/ae4ec7087559b8692fb33b6fffd2273b\"},\"headline\":\"Situa\u00e7\u00e3o da adolesc\u00eancia brasileira\",\"datePublished\":\"2011-12-07T18:14:57+00:00\",\"mainEntityOfPage\":{\"@id\":\"https:\\\/\\\/inclusivenews.com.br\\\/?p=21746\"},\"wordCount\":1000,\"commentCount\":0,\"publisher\":{\"@id\":\"https:\\\/\\\/inclusivenews.com.br\\\/#organization\"},\"image\":{\"@id\":\"https:\\\/\\\/inclusivenews.com.br\\\/?p=21746#primaryimage\"},\"thumbnailUrl\":\"http:\\\/\\\/inclusivenews.com.br\\\/wp-content\\\/uploads\\\/2009\\\/12\\\/1171701005_diversidade-150x150.jpg\",\"keywords\":[\"Juventude\"],\"articleSection\":[\"Downloadables\",\"NOT\u00cdCIAS\",\"Relat\u00f3rios\"],\"inLanguage\":\"pt-PT\",\"potentialAction\":[{\"@type\":\"CommentAction\",\"name\":\"Comment\",\"target\":[\"https:\\\/\\\/inclusivenews.com.br\\\/?p=21746#respond\"]}]},{\"@type\":\"WebPage\",\"@id\":\"https:\\\/\\\/inclusivenews.com.br\\\/?p=21746\",\"url\":\"https:\\\/\\\/inclusivenews.com.br\\\/?p=21746\",\"name\":\"Situa\u00e7\u00e3o da adolesc\u00eancia brasileira -\",\"isPartOf\":{\"@id\":\"https:\\\/\\\/inclusivenews.com.br\\\/#website\"},\"primaryImageOfPage\":{\"@id\":\"https:\\\/\\\/inclusivenews.com.br\\\/?p=21746#primaryimage\"},\"image\":{\"@id\":\"https:\\\/\\\/inclusivenews.com.br\\\/?p=21746#primaryimage\"},\"thumbnailUrl\":\"http:\\\/\\\/inclusivenews.com.br\\\/wp-content\\\/uploads\\\/2009\\\/12\\\/1171701005_diversidade-150x150.jpg\",\"datePublished\":\"2011-12-07T18:14:57+00:00\",\"breadcrumb\":{\"@id\":\"https:\\\/\\\/inclusivenews.com.br\\\/?p=21746#breadcrumb\"},\"inLanguage\":\"pt-PT\",\"potentialAction\":[{\"@type\":\"ReadAction\",\"target\":[\"https:\\\/\\\/inclusivenews.com.br\\\/?p=21746\"]}]},{\"@type\":\"ImageObject\",\"inLanguage\":\"pt-PT\",\"@id\":\"https:\\\/\\\/inclusivenews.com.br\\\/?p=21746#primaryimage\",\"url\":\"\",\"contentUrl\":\"\"},{\"@type\":\"BreadcrumbList\",\"@id\":\"https:\\\/\\\/inclusivenews.com.br\\\/?p=21746#breadcrumb\",\"itemListElement\":[{\"@type\":\"ListItem\",\"position\":1,\"name\":\"In\u00edcio\",\"item\":\"https:\\\/\\\/inclusivenews.com.br\\\/\"},{\"@type\":\"ListItem\",\"position\":2,\"name\":\"Situa\u00e7\u00e3o da adolesc\u00eancia brasileira\"}]},{\"@type\":\"WebSite\",\"@id\":\"https:\\\/\\\/inclusivenews.com.br\\\/#website\",\"url\":\"https:\\\/\\\/inclusivenews.com.br\\\/\",\"name\":\"Inclusive News\",\"description\":\"Inclusive News\",\"publisher\":{\"@id\":\"https:\\\/\\\/inclusivenews.com.br\\\/#organization\"},\"potentialAction\":[{\"@type\":\"SearchAction\",\"target\":{\"@type\":\"EntryPoint\",\"urlTemplate\":\"https:\\\/\\\/inclusivenews.com.br\\\/?s={search_term_string}\"},\"query-input\":{\"@type\":\"PropertyValueSpecification\",\"valueRequired\":true,\"valueName\":\"search_term_string\"}}],\"inLanguage\":\"pt-PT\"},{\"@type\":\"Organization\",\"@id\":\"https:\\\/\\\/inclusivenews.com.br\\\/#organization\",\"name\":\"Inclusive - inclus\u00e3o e cidadania\",\"url\":\"https:\\\/\\\/inclusivenews.com.br\\\/\",\"logo\":{\"@type\":\"ImageObject\",\"inLanguage\":\"pt-PT\",\"@id\":\"https:\\\/\\\/inclusivenews.com.br\\\/#\\\/schema\\\/logo\\\/image\\\/\",\"url\":\"https:\\\/\\\/inclusivenews.com.br\\\/wp-content\\\/uploads\\\/2024\\\/03\\\/@grandesite.png\",\"contentUrl\":\"https:\\\/\\\/inclusivenews.com.br\\\/wp-content\\\/uploads\\\/2024\\\/03\\\/@grandesite.png\",\"width\":1080,\"height\":1080,\"caption\":\"Inclusive - inclus\u00e3o e cidadania\"},\"image\":{\"@id\":\"https:\\\/\\\/inclusivenews.com.br\\\/#\\\/schema\\\/logo\\\/image\\\/\"},\"sameAs\":[\"https:\\\/\\\/www.facebook.com\\\/agenciainclusive\\\/\",\"https:\\\/\\\/www.instagram.com\\\/newsinclusive\\\/\"]},{\"@type\":\"Person\",\"@id\":\"https:\\\/\\\/inclusivenews.com.br\\\/#\\\/schema\\\/person\\\/ae4ec7087559b8692fb33b6fffd2273b\",\"name\":\"inclusivenews2024\",\"image\":{\"@type\":\"ImageObject\",\"inLanguage\":\"pt-PT\",\"@id\":\"https:\\\/\\\/secure.gravatar.com\\\/avatar\\\/c5a7ef84c66fa914f55bc4f7ce26cfa275a3b9a1c5568b907bd184fb4dde7b40?s=96&d=mm&r=g\",\"url\":\"https:\\\/\\\/secure.gravatar.com\\\/avatar\\\/c5a7ef84c66fa914f55bc4f7ce26cfa275a3b9a1c5568b907bd184fb4dde7b40?s=96&d=mm&r=g\",\"contentUrl\":\"https:\\\/\\\/secure.gravatar.com\\\/avatar\\\/c5a7ef84c66fa914f55bc4f7ce26cfa275a3b9a1c5568b907bd184fb4dde7b40?s=96&d=mm&r=g\",\"caption\":\"inclusivenews2024\"},\"sameAs\":[\"https:\\\/\\\/inclusivenews.com.br\"],\"url\":\"https:\\\/\\\/inclusivenews.com.br\\\/?author=1\"}]}<\/script>\n<!-- \/ Yoast SEO plugin. -->","yoast_head_json":{"title":"Situa\u00e7\u00e3o da adolesc\u00eancia brasileira -","robots":{"index":"index","follow":"follow","max-snippet":"max-snippet:-1","max-image-preview":"max-image-preview:large","max-video-preview":"max-video-preview:-1"},"canonical":"https:\/\/inclusivenews.com.br\/?p=21746","og_locale":"pt_PT","og_type":"article","og_title":"Situa\u00e7\u00e3o da adolesc\u00eancia brasileira -","og_description":"A publica\u00e7\u00e3o revela como vivem e o que pensam os adolescentes e como o Brasil pode garantir aos seus cidad\u00e3os de 12 a 17 anos o direito de ser adolescente. Leia o relat\u00f3rio na \u00edntegra (dispon\u00edvel para download).","og_url":"https:\/\/inclusivenews.com.br\/?p=21746","article_publisher":"https:\/\/www.facebook.com\/agenciainclusive\/","article_published_time":"2011-12-07T18:14:57+00:00","og_image":[{"url":"http:\/\/inclusivenews.com.br\/wp-content\/uploads\/2009\/12\/1171701005_diversidade-150x150.jpg","type":"","width":"","height":""}],"author":"inclusivenews2024","twitter_card":"summary_large_image","twitter_misc":{"Escrito por":"inclusivenews2024","Tempo estimado de leitura":"5 minutos"},"schema":{"@context":"https:\/\/schema.org","@graph":[{"@type":"Article","@id":"https:\/\/inclusivenews.com.br\/?p=21746#article","isPartOf":{"@id":"https:\/\/inclusivenews.com.br\/?p=21746"},"author":{"name":"inclusivenews2024","@id":"https:\/\/inclusivenews.com.br\/#\/schema\/person\/ae4ec7087559b8692fb33b6fffd2273b"},"headline":"Situa\u00e7\u00e3o da adolesc\u00eancia brasileira","datePublished":"2011-12-07T18:14:57+00:00","mainEntityOfPage":{"@id":"https:\/\/inclusivenews.com.br\/?p=21746"},"wordCount":1000,"commentCount":0,"publisher":{"@id":"https:\/\/inclusivenews.com.br\/#organization"},"image":{"@id":"https:\/\/inclusivenews.com.br\/?p=21746#primaryimage"},"thumbnailUrl":"http:\/\/inclusivenews.com.br\/wp-content\/uploads\/2009\/12\/1171701005_diversidade-150x150.jpg","keywords":["Juventude"],"articleSection":["Downloadables","NOT\u00cdCIAS","Relat\u00f3rios"],"inLanguage":"pt-PT","potentialAction":[{"@type":"CommentAction","name":"Comment","target":["https:\/\/inclusivenews.com.br\/?p=21746#respond"]}]},{"@type":"WebPage","@id":"https:\/\/inclusivenews.com.br\/?p=21746","url":"https:\/\/inclusivenews.com.br\/?p=21746","name":"Situa\u00e7\u00e3o da adolesc\u00eancia brasileira -","isPartOf":{"@id":"https:\/\/inclusivenews.com.br\/#website"},"primaryImageOfPage":{"@id":"https:\/\/inclusivenews.com.br\/?p=21746#primaryimage"},"image":{"@id":"https:\/\/inclusivenews.com.br\/?p=21746#primaryimage"},"thumbnailUrl":"http:\/\/inclusivenews.com.br\/wp-content\/uploads\/2009\/12\/1171701005_diversidade-150x150.jpg","datePublished":"2011-12-07T18:14:57+00:00","breadcrumb":{"@id":"https:\/\/inclusivenews.com.br\/?p=21746#breadcrumb"},"inLanguage":"pt-PT","potentialAction":[{"@type":"ReadAction","target":["https:\/\/inclusivenews.com.br\/?p=21746"]}]},{"@type":"ImageObject","inLanguage":"pt-PT","@id":"https:\/\/inclusivenews.com.br\/?p=21746#primaryimage","url":"","contentUrl":""},{"@type":"BreadcrumbList","@id":"https:\/\/inclusivenews.com.br\/?p=21746#breadcrumb","itemListElement":[{"@type":"ListItem","position":1,"name":"In\u00edcio","item":"https:\/\/inclusivenews.com.br\/"},{"@type":"ListItem","position":2,"name":"Situa\u00e7\u00e3o da adolesc\u00eancia brasileira"}]},{"@type":"WebSite","@id":"https:\/\/inclusivenews.com.br\/#website","url":"https:\/\/inclusivenews.com.br\/","name":"Inclusive News","description":"Inclusive News","publisher":{"@id":"https:\/\/inclusivenews.com.br\/#organization"},"potentialAction":[{"@type":"SearchAction","target":{"@type":"EntryPoint","urlTemplate":"https:\/\/inclusivenews.com.br\/?s={search_term_string}"},"query-input":{"@type":"PropertyValueSpecification","valueRequired":true,"valueName":"search_term_string"}}],"inLanguage":"pt-PT"},{"@type":"Organization","@id":"https:\/\/inclusivenews.com.br\/#organization","name":"Inclusive - inclus\u00e3o e cidadania","url":"https:\/\/inclusivenews.com.br\/","logo":{"@type":"ImageObject","inLanguage":"pt-PT","@id":"https:\/\/inclusivenews.com.br\/#\/schema\/logo\/image\/","url":"https:\/\/inclusivenews.com.br\/wp-content\/uploads\/2024\/03\/@grandesite.png","contentUrl":"https:\/\/inclusivenews.com.br\/wp-content\/uploads\/2024\/03\/@grandesite.png","width":1080,"height":1080,"caption":"Inclusive - inclus\u00e3o e cidadania"},"image":{"@id":"https:\/\/inclusivenews.com.br\/#\/schema\/logo\/image\/"},"sameAs":["https:\/\/www.facebook.com\/agenciainclusive\/","https:\/\/www.instagram.com\/newsinclusive\/"]},{"@type":"Person","@id":"https:\/\/inclusivenews.com.br\/#\/schema\/person\/ae4ec7087559b8692fb33b6fffd2273b","name":"inclusivenews2024","image":{"@type":"ImageObject","inLanguage":"pt-PT","@id":"https:\/\/secure.gravatar.com\/avatar\/c5a7ef84c66fa914f55bc4f7ce26cfa275a3b9a1c5568b907bd184fb4dde7b40?s=96&d=mm&r=g","url":"https:\/\/secure.gravatar.com\/avatar\/c5a7ef84c66fa914f55bc4f7ce26cfa275a3b9a1c5568b907bd184fb4dde7b40?s=96&d=mm&r=g","contentUrl":"https:\/\/secure.gravatar.com\/avatar\/c5a7ef84c66fa914f55bc4f7ce26cfa275a3b9a1c5568b907bd184fb4dde7b40?s=96&d=mm&r=g","caption":"inclusivenews2024"},"sameAs":["https:\/\/inclusivenews.com.br"],"url":"https:\/\/inclusivenews.com.br\/?author=1"}]}},"_links":{"self":[{"href":"https:\/\/inclusivenews.com.br\/index.php?rest_route=\/wp\/v2\/posts\/21746","targetHints":{"allow":["GET"]}}],"collection":[{"href":"https:\/\/inclusivenews.com.br\/index.php?rest_route=\/wp\/v2\/posts"}],"about":[{"href":"https:\/\/inclusivenews.com.br\/index.php?rest_route=\/wp\/v2\/types\/post"}],"author":[{"embeddable":true,"href":"https:\/\/inclusivenews.com.br\/index.php?rest_route=\/wp\/v2\/users\/1"}],"replies":[{"embeddable":true,"href":"https:\/\/inclusivenews.com.br\/index.php?rest_route=%2Fwp%2Fv2%2Fcomments&post=21746"}],"version-history":[{"count":0,"href":"https:\/\/inclusivenews.com.br\/index.php?rest_route=\/wp\/v2\/posts\/21746\/revisions"}],"wp:attachment":[{"href":"https:\/\/inclusivenews.com.br\/index.php?rest_route=%2Fwp%2Fv2%2Fmedia&parent=21746"}],"wp:term":[{"taxonomy":"category","embeddable":true,"href":"https:\/\/inclusivenews.com.br\/index.php?rest_route=%2Fwp%2Fv2%2Fcategories&post=21746"},{"taxonomy":"post_tag","embeddable":true,"href":"https:\/\/inclusivenews.com.br\/index.php?rest_route=%2Fwp%2Fv2%2Ftags&post=21746"}],"curies":[{"name":"wp","href":"https:\/\/api.w.org\/{rel}","templated":true}]}}