{"id":21758,"date":"2011-12-07T15:46:35","date_gmt":"2011-12-07T18:46:35","guid":{"rendered":"http:\/\/www.inclusive.org.br\/?p=21758"},"modified":"2011-12-07T15:46:35","modified_gmt":"2011-12-07T18:46:35","slug":"escola-de-gente-conquista-o-premio-direitos-humanos-2011","status":"publish","type":"post","link":"https:\/\/inclusivenews.com.br\/?p=21758","title":{"rendered":"Escola de Gente conquista o Pr\u00eamio Direitos Humanos 2011"},"content":{"rendered":"<figure style=\"width: 222px\" class=\"wp-caption alignleft\"><img loading=\"lazy\" decoding=\"async\" title=\"Logo da Escola de Gente - a letra e e g sustentadas pelo corpo de uma pessoa\" src=\"http:\/\/www.infojovem.org.br\/wp-content\/uploads\/2010\/09\/EscoladeGenteLogo.jpg\" alt=\"Logo da Escola de Gente - a letra e e g sustentadas pelo corpo de uma pessoa\" width=\"222\" height=\"222\" \/><figcaption class=\"wp-caption-text\"> <\/figcaption><\/figure>\n<p>Na pr\u00f3xima sexta-feira, dia 9, a ONG Escola de Gente \u2013 Comunica\u00e7\u00e3o em Inclus\u00e3o recebe, da ministra Maria do Ros\u00e1rio e da presidente Dilma Roussef, em cerim\u00f4nia no Pal\u00e1cio do Planalto, o Pr\u00eamio Direitos Humanos 2011, na categoria &#8220;Garantia dos Direitos das Pessoas com Defici\u00eancia&#8221;. Concedido pela Secretaria de Direitos Humanos, da Presid\u00eancia da Rep\u00fablica, o pr\u00eamio \u00e9 considerado a mais alta condecora\u00e7\u00e3o do governo brasileiro a pessoas e entidades que combatem as viola\u00e7\u00f5es dos Direitos Humanos no pa\u00eds. Para a Escola de Gente, a conquista \u00e9 um reconhecimento pelo trabalho de quase 10 anos dedicados a criar, monitorar e praticar pol\u00edticas p\u00fablicas inclusivas para pessoas com defici\u00eancia. Fundadora da Escola de Gente e pioneira na dissemina\u00e7\u00e3o do conceito de sociedade inclusiva, a jornalista e escritora Claudia Werneck, o superintendente geral da organiza\u00e7\u00e3o, H\u00e9rcules Soares e a coordenadora t\u00e9cnica Claudia Maia estar\u00e3o em Bras\u00edlia para receber o pr\u00eamio, com outros integrantes da equipe.<\/p>\n<p>Para a fundadora da Escola de Gente, essa premia\u00e7\u00e3o coroa um duplo esfor\u00e7o da ONG nessa \u00faltima d\u00e9cada.<\/p>\n<p>\u201cA Escola de Gente se sente reconhecida pela forma como cuidou de sua miss\u00e3o e de sua gest\u00e3o. Num momento em que se questiona o sentido e a seriedade das ONGs ganhar esse pr\u00eamio nos qualifica como uma organiza\u00e7\u00e3o transparente e  compromissada com a excel\u00eancia de sua governan\u00e7a, para al\u00e9m da causa pela qual lutamos. Fazer uma boa gest\u00e3o para que possamos fazer uma boa inclus\u00e3o, \u00e9 o lema de nosso superintendente geral, H\u00e9rcules Soares, totalmente apoiado por nosso presidente, Durval Soledade, e nosso vice-presidente, Gabriel Stoliar\u201d, conclui Claudia Werneck.<\/p>\n<p>Ainda na capital federal, a Escola de Gente participa, esta semana, da 2\u00ba Confer\u00eancia Nacional de Juventude, que ser\u00e1 realizada entre os dias 9 e 12 de dezembro, como parte integrante da Comiss\u00e3o Organizadora da Confer\u00eancia. Desde 2005, a Escola de Gente integra o Conselho Nacional de Juventude, representando justamente a \u00e1rea pela qual ganhou o Pr\u00eamio, jovens com defici\u00eancia, estando no seu terceiro mandato.<\/p>\n<p>Fundada em abril de 2002, a Escola de Gente trabalha a favor da inclus\u00e3o de grupos em situa\u00e7\u00e3o de vulnerabilidade na sociedade, especialmente crian\u00e7as, adolescentes e jovens com defici\u00eancia.  Atrav\u00e9s de a\u00e7\u00f5es de Comunica\u00e7\u00e3o, Cultura e Educa\u00e7\u00e3o, a ONG tem como objetivo democratizar o conceito e a pr\u00e1tica da sociedade inclusiva. A organiza\u00e7\u00e3o incide em pol\u00edticas p\u00fablicas e integra, al\u00e9m do Conselho Nacional de Juventude, o F\u00f3rum de Juventudes do Rio de Janeiro e a Campanha Nacional pelo Direito \u00e0 Educa\u00e7\u00e3o, entre outras redes.<\/p>\n<p>Este ano, a Escola de Gente deu in\u00edcio \u00e0s comemora\u00e7\u00f5es de seus 10 anos. No \u00e2mbito cultural, lan\u00e7ou duas campanhas: \u201cTodas as Pessoas t\u00eam o Direito de Conhecer Todas as Hist\u00f3rias\u201d; e \u201cTeatro acess\u00edvel. Arte, prazer e direitos&#8221;, ambas com o objetivo de mobilizar governo, empresas e sociedade civil ao cumprimento das leis de acessibilidade em toda e qualquer iniciativa cultural. A campanha \u201cTodas as Pessoas t\u00eam o Direito de Conhecer Todas as Hist\u00f3rias\u201d foi lan\u00e7ada no \u00faltimo dia 04 de dezembro, com o lan\u00e7amento do livro infantil Sonhos do Dia, de Claudia Werneck, publicado em oito formatos acess\u00edveis. A campanha \u201cTeatro acess\u00edvel. Arte, prazer e direitos&#8221; foi marcada pela estreia da pe\u00e7a Um Amigo Diferente?, em junho de 2011, o primeiro espet\u00e1culo para crian\u00e7as e jovens do Brasil com ampla e diversificada oferta de acessibilidade. Al\u00e9m disso, a organiza\u00e7\u00e3o promoveu em cidades do Nordeste e do estado do Rio de Janeiro turn\u00eas com o espet\u00e1culo de esquetes Ningu\u00e9m mais vai ser bonzinho, que teve como refer\u00eancia obra escrita por Claudia Werneck, cujo tema principal \u00e9 a sociedade inclusiva. Tamb\u00e9m este ano, a Escola de Gente refor\u00e7ou o seu lema Comunica\u00e7\u00e3o em Inclus\u00e3o, lan\u00e7ando o projeto Agentes de Promo\u00e7\u00e3o da Acessibilidade, um dos vencedores do Programa Oi Novos Brasis, do Oi Futuro.  Com este projeto, a organiza\u00e7\u00e3o passou a atuar em comunidades do Rio de Janeiro, em parceria com a Secretaria Municipal de Sa\u00fade e Defesa Civil e o RAP da Sa\u00fade (Rede de Adolescentes Promotores da Sa\u00fade), realizando oficinas para a forma\u00e7\u00e3o de jovens, com e sem defici\u00eancia, em m\u00eddias acess\u00edveis.<\/p>\n<p>Em quase uma d\u00e9cada, a Escola de Gente j\u00e1 atuou em 16 pa\u00edses da \u00c1frica, Europa, Am\u00e9rica do Norte e Am\u00e9rica do Sul e em todas as regi\u00f5es do Brasil, sensibilizando diretamente 400 mil pessoas e mais de 1 milh\u00e3o indiretamente, ao defender um conjunto de princ\u00edpios, reflex\u00f5es e conte\u00fados que se transformaram em estudos e metodologias premiadas e confirmam a sua miss\u00e3o institucional: \u201ctrabalhar para que pol\u00edticas p\u00fablicas sejam inclusivas\u201d. \u201cPol\u00edticas p\u00fablicas inclusivas s\u00e3o aquelas que, simultaneamente, buscam solu\u00e7\u00f5es para a desigualdade social, ratificam a diversidade como um valor inquestion\u00e1vel e garantem direitos humanos, desde a inf\u00e2ncia, para pessoas com e sem defici\u00eancia\u201d, explica Claudia Werneck.  \u201cAtuamos no sentido de romper com a confort\u00e1vel ilus\u00e3o de que tudo que precisamos fazer em rela\u00e7\u00e3o a pessoas com defici\u00eancia \u00e9 admitir, finalmente, que existem; e permitir, caridosamente, que vivam. Como se a garantia de direitos, de todos os direitos &#8211; e n\u00e3o apenas daqueles que escolhemos &#8211; a crian\u00e7as e adolescentes com defici\u00eancia fosse uma debate secund\u00e1rio e, portanto, adi\u00e1vel. Para a Escola de Gente n\u00e3o \u00e9. E nunca ser\u00e1\u201d, completa.<\/p>\n<p>Para viabilizar os in\u00fameros projetos desenvolvidos nos \u00faltimos 10 anos, a Escola de Gente seguiu uma de suas principais diretrizes, as alian\u00e7as intersetoriais. E atribui seus n\u00fameros e excelentes resultados \u00e0s m\u00faltiplas parcerias que estabeleceu com governos, coopera\u00e7\u00e3o internacional \u2013 Ashoka Empreendedores Sociais, Funda\u00e7\u00e3o Avina, Save the Children Suecia e Banco Mundial &#8211; Minist\u00e9rio P\u00fablico da Uni\u00e3o, redes diversas &#8211; como a Campanha Nacional pelo Direito \u00e0 Educa\u00e7\u00e3o &#8211; e o apoio de empresas e institutos de funda\u00e7\u00f5es como Vale, MRS Log\u00edstica, Oi, White Martins, Petrobras, Instituto C&amp;A, Chesf, Fosf\u00e9rtil, Metr\u00f4 Rio, Wilson, Sons, entre outras.<\/p>\n<p>Mais informa\u00e7\u00f5es:<\/p>\n<p>Trevo Efervesc\u00eancia Comunicativa \u2013 Tel: 21 25446203<br \/>\nSylvia Lima (sylvia.lima@trevocomunicativa.com.br)<br \/>\nPaulline Martins (paulline.martins@trevocomunicativa.com.br)<\/p>\n","protected":false},"excerpt":{"rendered":"<p>Fundada em abril de 2002, a Escola de Gente trabalha a favor da inclus\u00e3o de grupos em situa\u00e7\u00e3o de vulnerabilidade na sociedade, especialmente crian\u00e7as, adolescentes e jovens com defici\u00eancia. Atrav\u00e9s de a\u00e7\u00f5es de Comunica\u00e7\u00e3o, Cultura e Educa\u00e7\u00e3o, a ONG tem como objetivo democratizar o conceito e a pr\u00e1tica da sociedade inclusiva. A organiza\u00e7\u00e3o incide em pol\u00edticas p\u00fablicas e integra, al\u00e9m do Conselho Nacional de Juventude, o F\u00f3rum de Juventudes do Rio de Janeiro e a Campanha Nacional pelo Direito \u00e0 Educa\u00e7\u00e3o, entre outras redes. <\/p>\n","protected":false},"author":1,"featured_media":0,"comment_status":"open","ping_status":"open","sticky":false,"template":"","format":"standard","meta":{"site-container-style":"default","site-container-layout":"default","site-sidebar-layout":"default","disable-article-header":"default","disable-site-header":"default","disable-site-footer":"default","disable-content-area-spacing":"default","footnotes":""},"categories":[11,4],"tags":[],"class_list":["post-21758","post","type-post","status-publish","format-standard","hentry","category-direitos-humanos","category-noticias"],"yoast_head":"<!-- This site is optimized with the Yoast SEO plugin v27.4 - https:\/\/yoast.com\/product\/yoast-seo-wordpress\/ -->\n<title>Escola de Gente conquista o Pr\u00eamio Direitos Humanos 2011 -<\/title>\n<meta name=\"robots\" content=\"index, follow, max-snippet:-1, max-image-preview:large, max-video-preview:-1\" \/>\n<link rel=\"canonical\" href=\"https:\/\/inclusivenews.com.br\/?p=21758\" \/>\n<meta property=\"og:locale\" content=\"pt_PT\" \/>\n<meta property=\"og:type\" content=\"article\" \/>\n<meta property=\"og:title\" content=\"Escola de Gente conquista o Pr\u00eamio Direitos Humanos 2011 -\" \/>\n<meta property=\"og:description\" content=\"Fundada em abril de 2002, a Escola de Gente trabalha a favor da inclus\u00e3o de grupos em situa\u00e7\u00e3o de vulnerabilidade na sociedade, especialmente crian\u00e7as, adolescentes e jovens com defici\u00eancia. Atrav\u00e9s de a\u00e7\u00f5es de Comunica\u00e7\u00e3o, Cultura e Educa\u00e7\u00e3o, a ONG tem como objetivo democratizar o conceito e a pr\u00e1tica da sociedade inclusiva. A organiza\u00e7\u00e3o incide em pol\u00edticas p\u00fablicas e integra, al\u00e9m do Conselho Nacional de Juventude, o F\u00f3rum de Juventudes do Rio de Janeiro e a Campanha Nacional pelo Direito \u00e0 Educa\u00e7\u00e3o, entre outras redes.\" \/>\n<meta property=\"og:url\" content=\"https:\/\/inclusivenews.com.br\/?p=21758\" \/>\n<meta property=\"article:publisher\" content=\"https:\/\/www.facebook.com\/agenciainclusive\/\" \/>\n<meta property=\"article:published_time\" content=\"2011-12-07T18:46:35+00:00\" \/>\n<meta property=\"og:image\" content=\"http:\/\/www.infojovem.org.br\/wp-content\/uploads\/2010\/09\/EscoladeGenteLogo.jpg\" \/>\n<meta name=\"author\" content=\"inclusivenews2024\" \/>\n<meta name=\"twitter:card\" content=\"summary_large_image\" \/>\n<meta name=\"twitter:label1\" content=\"Escrito por\" \/>\n\t<meta name=\"twitter:data1\" content=\"inclusivenews2024\" \/>\n\t<meta name=\"twitter:label2\" content=\"Tempo estimado de leitura\" \/>\n\t<meta name=\"twitter:data2\" content=\"5 minutos\" \/>\n<script type=\"application\/ld+json\" class=\"yoast-schema-graph\">{\"@context\":\"https:\\\/\\\/schema.org\",\"@graph\":[{\"@type\":\"Article\",\"@id\":\"https:\\\/\\\/inclusivenews.com.br\\\/?p=21758#article\",\"isPartOf\":{\"@id\":\"https:\\\/\\\/inclusivenews.com.br\\\/?p=21758\"},\"author\":{\"name\":\"inclusivenews2024\",\"@id\":\"https:\\\/\\\/inclusivenews.com.br\\\/#\\\/schema\\\/person\\\/ae4ec7087559b8692fb33b6fffd2273b\"},\"headline\":\"Escola de Gente conquista o Pr\u00eamio Direitos Humanos 2011\",\"datePublished\":\"2011-12-07T18:46:35+00:00\",\"mainEntityOfPage\":{\"@id\":\"https:\\\/\\\/inclusivenews.com.br\\\/?p=21758\"},\"wordCount\":1097,\"commentCount\":0,\"publisher\":{\"@id\":\"https:\\\/\\\/inclusivenews.com.br\\\/#organization\"},\"image\":{\"@id\":\"https:\\\/\\\/inclusivenews.com.br\\\/?p=21758#primaryimage\"},\"thumbnailUrl\":\"http:\\\/\\\/www.infojovem.org.br\\\/wp-content\\\/uploads\\\/2010\\\/09\\\/EscoladeGenteLogo.jpg\",\"articleSection\":[\"DIREITOS HUMANOS\",\"NOT\u00cdCIAS\"],\"inLanguage\":\"pt-PT\",\"potentialAction\":[{\"@type\":\"CommentAction\",\"name\":\"Comment\",\"target\":[\"https:\\\/\\\/inclusivenews.com.br\\\/?p=21758#respond\"]}]},{\"@type\":\"WebPage\",\"@id\":\"https:\\\/\\\/inclusivenews.com.br\\\/?p=21758\",\"url\":\"https:\\\/\\\/inclusivenews.com.br\\\/?p=21758\",\"name\":\"Escola de Gente conquista o Pr\u00eamio Direitos Humanos 2011 -\",\"isPartOf\":{\"@id\":\"https:\\\/\\\/inclusivenews.com.br\\\/#website\"},\"primaryImageOfPage\":{\"@id\":\"https:\\\/\\\/inclusivenews.com.br\\\/?p=21758#primaryimage\"},\"image\":{\"@id\":\"https:\\\/\\\/inclusivenews.com.br\\\/?p=21758#primaryimage\"},\"thumbnailUrl\":\"http:\\\/\\\/www.infojovem.org.br\\\/wp-content\\\/uploads\\\/2010\\\/09\\\/EscoladeGenteLogo.jpg\",\"datePublished\":\"2011-12-07T18:46:35+00:00\",\"breadcrumb\":{\"@id\":\"https:\\\/\\\/inclusivenews.com.br\\\/?p=21758#breadcrumb\"},\"inLanguage\":\"pt-PT\",\"potentialAction\":[{\"@type\":\"ReadAction\",\"target\":[\"https:\\\/\\\/inclusivenews.com.br\\\/?p=21758\"]}]},{\"@type\":\"ImageObject\",\"inLanguage\":\"pt-PT\",\"@id\":\"https:\\\/\\\/inclusivenews.com.br\\\/?p=21758#primaryimage\",\"url\":\"http:\\\/\\\/www.infojovem.org.br\\\/wp-content\\\/uploads\\\/2010\\\/09\\\/EscoladeGenteLogo.jpg\",\"contentUrl\":\"http:\\\/\\\/www.infojovem.org.br\\\/wp-content\\\/uploads\\\/2010\\\/09\\\/EscoladeGenteLogo.jpg\"},{\"@type\":\"BreadcrumbList\",\"@id\":\"https:\\\/\\\/inclusivenews.com.br\\\/?p=21758#breadcrumb\",\"itemListElement\":[{\"@type\":\"ListItem\",\"position\":1,\"name\":\"In\u00edcio\",\"item\":\"https:\\\/\\\/inclusivenews.com.br\\\/\"},{\"@type\":\"ListItem\",\"position\":2,\"name\":\"Escola de Gente conquista o Pr\u00eamio Direitos Humanos 2011\"}]},{\"@type\":\"WebSite\",\"@id\":\"https:\\\/\\\/inclusivenews.com.br\\\/#website\",\"url\":\"https:\\\/\\\/inclusivenews.com.br\\\/\",\"name\":\"Inclusive News\",\"description\":\"Inclusive News\",\"publisher\":{\"@id\":\"https:\\\/\\\/inclusivenews.com.br\\\/#organization\"},\"potentialAction\":[{\"@type\":\"SearchAction\",\"target\":{\"@type\":\"EntryPoint\",\"urlTemplate\":\"https:\\\/\\\/inclusivenews.com.br\\\/?s={search_term_string}\"},\"query-input\":{\"@type\":\"PropertyValueSpecification\",\"valueRequired\":true,\"valueName\":\"search_term_string\"}}],\"inLanguage\":\"pt-PT\"},{\"@type\":\"Organization\",\"@id\":\"https:\\\/\\\/inclusivenews.com.br\\\/#organization\",\"name\":\"Inclusive - inclus\u00e3o e cidadania\",\"url\":\"https:\\\/\\\/inclusivenews.com.br\\\/\",\"logo\":{\"@type\":\"ImageObject\",\"inLanguage\":\"pt-PT\",\"@id\":\"https:\\\/\\\/inclusivenews.com.br\\\/#\\\/schema\\\/logo\\\/image\\\/\",\"url\":\"https:\\\/\\\/inclusivenews.com.br\\\/wp-content\\\/uploads\\\/2024\\\/03\\\/@grandesite.png\",\"contentUrl\":\"https:\\\/\\\/inclusivenews.com.br\\\/wp-content\\\/uploads\\\/2024\\\/03\\\/@grandesite.png\",\"width\":1080,\"height\":1080,\"caption\":\"Inclusive - inclus\u00e3o e cidadania\"},\"image\":{\"@id\":\"https:\\\/\\\/inclusivenews.com.br\\\/#\\\/schema\\\/logo\\\/image\\\/\"},\"sameAs\":[\"https:\\\/\\\/www.facebook.com\\\/agenciainclusive\\\/\",\"https:\\\/\\\/www.instagram.com\\\/newsinclusive\\\/\"]},{\"@type\":\"Person\",\"@id\":\"https:\\\/\\\/inclusivenews.com.br\\\/#\\\/schema\\\/person\\\/ae4ec7087559b8692fb33b6fffd2273b\",\"name\":\"inclusivenews2024\",\"image\":{\"@type\":\"ImageObject\",\"inLanguage\":\"pt-PT\",\"@id\":\"https:\\\/\\\/secure.gravatar.com\\\/avatar\\\/c5a7ef84c66fa914f55bc4f7ce26cfa275a3b9a1c5568b907bd184fb4dde7b40?s=96&d=mm&r=g\",\"url\":\"https:\\\/\\\/secure.gravatar.com\\\/avatar\\\/c5a7ef84c66fa914f55bc4f7ce26cfa275a3b9a1c5568b907bd184fb4dde7b40?s=96&d=mm&r=g\",\"contentUrl\":\"https:\\\/\\\/secure.gravatar.com\\\/avatar\\\/c5a7ef84c66fa914f55bc4f7ce26cfa275a3b9a1c5568b907bd184fb4dde7b40?s=96&d=mm&r=g\",\"caption\":\"inclusivenews2024\"},\"sameAs\":[\"https:\\\/\\\/inclusivenews.com.br\"],\"url\":\"https:\\\/\\\/inclusivenews.com.br\\\/?author=1\"}]}<\/script>\n<!-- \/ Yoast SEO plugin. -->","yoast_head_json":{"title":"Escola de Gente conquista o Pr\u00eamio Direitos Humanos 2011 -","robots":{"index":"index","follow":"follow","max-snippet":"max-snippet:-1","max-image-preview":"max-image-preview:large","max-video-preview":"max-video-preview:-1"},"canonical":"https:\/\/inclusivenews.com.br\/?p=21758","og_locale":"pt_PT","og_type":"article","og_title":"Escola de Gente conquista o Pr\u00eamio Direitos Humanos 2011 -","og_description":"Fundada em abril de 2002, a Escola de Gente trabalha a favor da inclus\u00e3o de grupos em situa\u00e7\u00e3o de vulnerabilidade na sociedade, especialmente crian\u00e7as, adolescentes e jovens com defici\u00eancia. Atrav\u00e9s de a\u00e7\u00f5es de Comunica\u00e7\u00e3o, Cultura e Educa\u00e7\u00e3o, a ONG tem como objetivo democratizar o conceito e a pr\u00e1tica da sociedade inclusiva. A organiza\u00e7\u00e3o incide em pol\u00edticas p\u00fablicas e integra, al\u00e9m do Conselho Nacional de Juventude, o F\u00f3rum de Juventudes do Rio de Janeiro e a Campanha Nacional pelo Direito \u00e0 Educa\u00e7\u00e3o, entre outras redes.","og_url":"https:\/\/inclusivenews.com.br\/?p=21758","article_publisher":"https:\/\/www.facebook.com\/agenciainclusive\/","article_published_time":"2011-12-07T18:46:35+00:00","og_image":[{"url":"http:\/\/www.infojovem.org.br\/wp-content\/uploads\/2010\/09\/EscoladeGenteLogo.jpg","type":"","width":"","height":""}],"author":"inclusivenews2024","twitter_card":"summary_large_image","twitter_misc":{"Escrito por":"inclusivenews2024","Tempo estimado de leitura":"5 minutos"},"schema":{"@context":"https:\/\/schema.org","@graph":[{"@type":"Article","@id":"https:\/\/inclusivenews.com.br\/?p=21758#article","isPartOf":{"@id":"https:\/\/inclusivenews.com.br\/?p=21758"},"author":{"name":"inclusivenews2024","@id":"https:\/\/inclusivenews.com.br\/#\/schema\/person\/ae4ec7087559b8692fb33b6fffd2273b"},"headline":"Escola de Gente conquista o Pr\u00eamio Direitos Humanos 2011","datePublished":"2011-12-07T18:46:35+00:00","mainEntityOfPage":{"@id":"https:\/\/inclusivenews.com.br\/?p=21758"},"wordCount":1097,"commentCount":0,"publisher":{"@id":"https:\/\/inclusivenews.com.br\/#organization"},"image":{"@id":"https:\/\/inclusivenews.com.br\/?p=21758#primaryimage"},"thumbnailUrl":"http:\/\/www.infojovem.org.br\/wp-content\/uploads\/2010\/09\/EscoladeGenteLogo.jpg","articleSection":["DIREITOS HUMANOS","NOT\u00cdCIAS"],"inLanguage":"pt-PT","potentialAction":[{"@type":"CommentAction","name":"Comment","target":["https:\/\/inclusivenews.com.br\/?p=21758#respond"]}]},{"@type":"WebPage","@id":"https:\/\/inclusivenews.com.br\/?p=21758","url":"https:\/\/inclusivenews.com.br\/?p=21758","name":"Escola de Gente conquista o Pr\u00eamio Direitos Humanos 2011 -","isPartOf":{"@id":"https:\/\/inclusivenews.com.br\/#website"},"primaryImageOfPage":{"@id":"https:\/\/inclusivenews.com.br\/?p=21758#primaryimage"},"image":{"@id":"https:\/\/inclusivenews.com.br\/?p=21758#primaryimage"},"thumbnailUrl":"http:\/\/www.infojovem.org.br\/wp-content\/uploads\/2010\/09\/EscoladeGenteLogo.jpg","datePublished":"2011-12-07T18:46:35+00:00","breadcrumb":{"@id":"https:\/\/inclusivenews.com.br\/?p=21758#breadcrumb"},"inLanguage":"pt-PT","potentialAction":[{"@type":"ReadAction","target":["https:\/\/inclusivenews.com.br\/?p=21758"]}]},{"@type":"ImageObject","inLanguage":"pt-PT","@id":"https:\/\/inclusivenews.com.br\/?p=21758#primaryimage","url":"http:\/\/www.infojovem.org.br\/wp-content\/uploads\/2010\/09\/EscoladeGenteLogo.jpg","contentUrl":"http:\/\/www.infojovem.org.br\/wp-content\/uploads\/2010\/09\/EscoladeGenteLogo.jpg"},{"@type":"BreadcrumbList","@id":"https:\/\/inclusivenews.com.br\/?p=21758#breadcrumb","itemListElement":[{"@type":"ListItem","position":1,"name":"In\u00edcio","item":"https:\/\/inclusivenews.com.br\/"},{"@type":"ListItem","position":2,"name":"Escola de Gente conquista o Pr\u00eamio Direitos Humanos 2011"}]},{"@type":"WebSite","@id":"https:\/\/inclusivenews.com.br\/#website","url":"https:\/\/inclusivenews.com.br\/","name":"Inclusive News","description":"Inclusive News","publisher":{"@id":"https:\/\/inclusivenews.com.br\/#organization"},"potentialAction":[{"@type":"SearchAction","target":{"@type":"EntryPoint","urlTemplate":"https:\/\/inclusivenews.com.br\/?s={search_term_string}"},"query-input":{"@type":"PropertyValueSpecification","valueRequired":true,"valueName":"search_term_string"}}],"inLanguage":"pt-PT"},{"@type":"Organization","@id":"https:\/\/inclusivenews.com.br\/#organization","name":"Inclusive - inclus\u00e3o e cidadania","url":"https:\/\/inclusivenews.com.br\/","logo":{"@type":"ImageObject","inLanguage":"pt-PT","@id":"https:\/\/inclusivenews.com.br\/#\/schema\/logo\/image\/","url":"https:\/\/inclusivenews.com.br\/wp-content\/uploads\/2024\/03\/@grandesite.png","contentUrl":"https:\/\/inclusivenews.com.br\/wp-content\/uploads\/2024\/03\/@grandesite.png","width":1080,"height":1080,"caption":"Inclusive - inclus\u00e3o e cidadania"},"image":{"@id":"https:\/\/inclusivenews.com.br\/#\/schema\/logo\/image\/"},"sameAs":["https:\/\/www.facebook.com\/agenciainclusive\/","https:\/\/www.instagram.com\/newsinclusive\/"]},{"@type":"Person","@id":"https:\/\/inclusivenews.com.br\/#\/schema\/person\/ae4ec7087559b8692fb33b6fffd2273b","name":"inclusivenews2024","image":{"@type":"ImageObject","inLanguage":"pt-PT","@id":"https:\/\/secure.gravatar.com\/avatar\/c5a7ef84c66fa914f55bc4f7ce26cfa275a3b9a1c5568b907bd184fb4dde7b40?s=96&d=mm&r=g","url":"https:\/\/secure.gravatar.com\/avatar\/c5a7ef84c66fa914f55bc4f7ce26cfa275a3b9a1c5568b907bd184fb4dde7b40?s=96&d=mm&r=g","contentUrl":"https:\/\/secure.gravatar.com\/avatar\/c5a7ef84c66fa914f55bc4f7ce26cfa275a3b9a1c5568b907bd184fb4dde7b40?s=96&d=mm&r=g","caption":"inclusivenews2024"},"sameAs":["https:\/\/inclusivenews.com.br"],"url":"https:\/\/inclusivenews.com.br\/?author=1"}]}},"_links":{"self":[{"href":"https:\/\/inclusivenews.com.br\/index.php?rest_route=\/wp\/v2\/posts\/21758","targetHints":{"allow":["GET"]}}],"collection":[{"href":"https:\/\/inclusivenews.com.br\/index.php?rest_route=\/wp\/v2\/posts"}],"about":[{"href":"https:\/\/inclusivenews.com.br\/index.php?rest_route=\/wp\/v2\/types\/post"}],"author":[{"embeddable":true,"href":"https:\/\/inclusivenews.com.br\/index.php?rest_route=\/wp\/v2\/users\/1"}],"replies":[{"embeddable":true,"href":"https:\/\/inclusivenews.com.br\/index.php?rest_route=%2Fwp%2Fv2%2Fcomments&post=21758"}],"version-history":[{"count":0,"href":"https:\/\/inclusivenews.com.br\/index.php?rest_route=\/wp\/v2\/posts\/21758\/revisions"}],"wp:attachment":[{"href":"https:\/\/inclusivenews.com.br\/index.php?rest_route=%2Fwp%2Fv2%2Fmedia&parent=21758"}],"wp:term":[{"taxonomy":"category","embeddable":true,"href":"https:\/\/inclusivenews.com.br\/index.php?rest_route=%2Fwp%2Fv2%2Fcategories&post=21758"},{"taxonomy":"post_tag","embeddable":true,"href":"https:\/\/inclusivenews.com.br\/index.php?rest_route=%2Fwp%2Fv2%2Ftags&post=21758"}],"curies":[{"name":"wp","href":"https:\/\/api.w.org\/{rel}","templated":true}]}}