{"id":21825,"date":"2011-12-22T18:03:44","date_gmt":"2011-12-22T21:03:44","guid":{"rendered":"http:\/\/www.inclusive.org.br\/?p=21825"},"modified":"2011-12-22T18:03:44","modified_gmt":"2011-12-22T21:03:44","slug":"unesco-contrata-consultor-para-capacitacao-de-agentes-governamentais-no-haiti","status":"publish","type":"post","link":"https:\/\/inclusivenews.com.br\/?p=21825","title":{"rendered":"UNESCO contrata consultor para capacita\u00e7\u00e3o de agentes governamentais no Haiti"},"content":{"rendered":"<p>UNESCO &#8211; Representac\u0327a\u0303o no Brasil<\/p>\n<p>CONTRATA CONSULTOR NA MODALIDADE PRODUTO<\/p>\n<p>PROJETO 914BRA3034<\/p>\n<p>EDITAL No 016\/2011<\/p>\n<figure id=\"attachment_13445\" aria-describedby=\"caption-attachment-13445\" style=\"width: 150px\" class=\"wp-caption alignleft\"><img loading=\"lazy\" decoding=\"async\" class=\"size-full wp-image-13445\" title=\"Logotipo da UNESCO.\" src=\"http:\/\/inclusivenews.com.br\/wp-content\/uploads\/2010\/01\/unesco.jpg\" alt=\"Logotipo da UNESCO.\" width=\"150\" height=\"114\" \/><figcaption id=\"caption-attachment-13445\" class=\"wp-caption-text\">Logotipo da UNESCO.<\/figcaption><\/figure>\n<p>Profissional com Graduac\u0327a\u0303o em qualquer a\u0301rea de formac\u0327a\u0303o com experie\u0302ncia em direitos humanos preferencialmente na a\u0301rea da pessoa com deficie\u0302ncia, para elaborac\u0327a\u0303o de metodologia de capacitac\u0327a\u0303o de agentes governamentais do Haiti, que tera\u0301 como objetivo promover o conhecimento sobre a realidade das pessoas com deficie\u0302ncia e sobre os principais instrumentos internacionais que tratam de seus direitos, bem como compartilhar a experie\u0302ncia pra\u0301tica que o Brasil tem na construc\u0327a\u0303o de poli\u0301ticas pu\u0301blicas voltadas para as pessoas com deficie\u0302ncia., cuja(s) vaga(s) esta\u0301(a\u0303o) disponi\u0301vel (is) na pa\u0301gina da UNESCO, <a href=\"www.brasilia.unesco.org\/vagasprojetos\">www.brasilia.unesco.org\/vagasprojetos<\/a> e na pa\u0301gina da Secretaria de Direitos Humanos da Preside\u0302ncia da Repu\u0301blica, <a href=\"http:\/\/www.direitoshumanos.gov.br\/sobre\/apoiproj\/id_Editais\">http:\/\/www.direitoshumanos.gov.br\/sobre\/apoiproj\/id_Editais<\/a><br \/>\nOs interessados devera\u0303o enviar o CV do dia 22\/12\/2011 ate\u0301 o dia 30\/12\/2011 \u00e0s 18h no seguinte enderec\u0327o:\u00a0\u00a0 \u00a0Caixa Postal 3841 &#8211; Brasi\u0301lia\/DF. CEP 70.089-970, indicando NECESSARIAMENTE o Co\u0301digo do Projeto (914BRA3034) e o nu\u0301mero do Edital (Edital n\u00b0 16\/2011). Sera\u0303o desconsiderados os Curri\u0301culos remetidos apo\u0301s a data indicada e que na\u0303o apresentem no envelope a data da postagem, o nu\u0301mero do edital e o co\u0301digo do Projeto.<br \/>\nEm atenc\u0327a\u0303o a\u0300s disposic\u0327o\u0303es do decreto no 5.151, de 22\/07\/2004, e\u0301 vedada a contratac\u0327a\u0303o, a qualquer ti\u0301tulo, de servidores ativos da Administrac\u0327a\u0303o Pu\u0301blica Federal, Estadual, do Distrito Federal ou Municipal, direta ou indireta, bem como empregados de suas subsidia\u0301rias ou controladas, no a\u0302mbito dos projetos de cooperac\u0327a\u0303o te\u0301cnica internacional.<\/p>\n","protected":false},"excerpt":{"rendered":"<p>O profissional dever\u00e1 ter graduac\u0327a\u0303o em qualquer a\u0301rea de formac\u0327a\u0303o com experie\u0302ncia em direitos humanos preferencialmente na a\u0301rea da pessoa com deficie\u0302ncia,<\/p>\n","protected":false},"author":1,"featured_media":0,"comment_status":"open","ping_status":"open","sticky":false,"template":"","format":"standard","meta":{"site-container-style":"default","site-container-layout":"default","site-sidebar-layout":"default","disable-article-header":"default","disable-site-header":"default","disable-site-footer":"default","disable-content-area-spacing":"default","footnotes":""},"categories":[38,11,48,46],"tags":[],"class_list":["post-21825","post","type-post","status-publish","format-standard","hentry","category-deficiencia","category-direitos-humanos","category-inclusao","category-mercado-de-trabalho"],"yoast_head":"<!-- This site is optimized with the Yoast SEO plugin v27.5 - https:\/\/yoast.com\/product\/yoast-seo-wordpress\/ -->\n<title>UNESCO contrata consultor para capacita\u00e7\u00e3o de agentes governamentais no Haiti -<\/title>\n<meta name=\"robots\" content=\"index, follow, max-snippet:-1, max-image-preview:large, max-video-preview:-1\" \/>\n<link rel=\"canonical\" href=\"https:\/\/inclusivenews.com.br\/?p=21825\" \/>\n<meta property=\"og:locale\" content=\"pt_PT\" \/>\n<meta property=\"og:type\" content=\"article\" \/>\n<meta property=\"og:title\" content=\"UNESCO contrata consultor para capacita\u00e7\u00e3o de agentes governamentais no Haiti -\" \/>\n<meta property=\"og:description\" content=\"O profissional dever\u00e1 ter graduac\u0327a\u0303o em qualquer a\u0301rea de formac\u0327a\u0303o com experie\u0302ncia em direitos humanos preferencialmente na a\u0301rea da pessoa com deficie\u0302ncia,\" \/>\n<meta property=\"og:url\" content=\"https:\/\/inclusivenews.com.br\/?p=21825\" \/>\n<meta property=\"article:publisher\" content=\"https:\/\/www.facebook.com\/agenciainclusive\/\" \/>\n<meta property=\"article:published_time\" content=\"2011-12-22T21:03:44+00:00\" \/>\n<meta property=\"og:image\" content=\"http:\/\/inclusivenews.com.br\/wp-content\/uploads\/2010\/01\/unesco.jpg\" \/>\n<meta name=\"author\" content=\"inclusivenews2024\" \/>\n<meta name=\"twitter:card\" content=\"summary_large_image\" \/>\n<meta name=\"twitter:label1\" content=\"Escrito por\" \/>\n\t<meta name=\"twitter:data1\" content=\"inclusivenews2024\" \/>\n\t<meta name=\"twitter:label2\" content=\"Tempo estimado de leitura\" \/>\n\t<meta name=\"twitter:data2\" content=\"2 minutos\" \/>\n<script type=\"application\/ld+json\" class=\"yoast-schema-graph\">{\"@context\":\"https:\\\/\\\/schema.org\",\"@graph\":[{\"@type\":\"Article\",\"@id\":\"https:\\\/\\\/inclusivenews.com.br\\\/?p=21825#article\",\"isPartOf\":{\"@id\":\"https:\\\/\\\/inclusivenews.com.br\\\/?p=21825\"},\"author\":{\"name\":\"inclusivenews2024\",\"@id\":\"https:\\\/\\\/inclusivenews.com.br\\\/#\\\/schema\\\/person\\\/ae4ec7087559b8692fb33b6fffd2273b\"},\"headline\":\"UNESCO contrata consultor para capacita\u00e7\u00e3o de agentes governamentais no Haiti\",\"datePublished\":\"2011-12-22T21:03:44+00:00\",\"mainEntityOfPage\":{\"@id\":\"https:\\\/\\\/inclusivenews.com.br\\\/?p=21825\"},\"wordCount\":318,\"commentCount\":0,\"publisher\":{\"@id\":\"https:\\\/\\\/inclusivenews.com.br\\\/#organization\"},\"image\":{\"@id\":\"https:\\\/\\\/inclusivenews.com.br\\\/?p=21825#primaryimage\"},\"thumbnailUrl\":\"http:\\\/\\\/inclusivenews.com.br\\\/wp-content\\\/uploads\\\/2010\\\/01\\\/unesco.jpg\",\"articleSection\":[\"Defici\u00eancia\",\"DIREITOS HUMANOS\",\"INCLUS\u00c3O SOCIAL\",\"Mercado de Trabalho\"],\"inLanguage\":\"pt-PT\",\"potentialAction\":[{\"@type\":\"CommentAction\",\"name\":\"Comment\",\"target\":[\"https:\\\/\\\/inclusivenews.com.br\\\/?p=21825#respond\"]}]},{\"@type\":\"WebPage\",\"@id\":\"https:\\\/\\\/inclusivenews.com.br\\\/?p=21825\",\"url\":\"https:\\\/\\\/inclusivenews.com.br\\\/?p=21825\",\"name\":\"UNESCO contrata consultor para capacita\u00e7\u00e3o de agentes governamentais no Haiti -\",\"isPartOf\":{\"@id\":\"https:\\\/\\\/inclusivenews.com.br\\\/#website\"},\"primaryImageOfPage\":{\"@id\":\"https:\\\/\\\/inclusivenews.com.br\\\/?p=21825#primaryimage\"},\"image\":{\"@id\":\"https:\\\/\\\/inclusivenews.com.br\\\/?p=21825#primaryimage\"},\"thumbnailUrl\":\"http:\\\/\\\/inclusivenews.com.br\\\/wp-content\\\/uploads\\\/2010\\\/01\\\/unesco.jpg\",\"datePublished\":\"2011-12-22T21:03:44+00:00\",\"breadcrumb\":{\"@id\":\"https:\\\/\\\/inclusivenews.com.br\\\/?p=21825#breadcrumb\"},\"inLanguage\":\"pt-PT\",\"potentialAction\":[{\"@type\":\"ReadAction\",\"target\":[\"https:\\\/\\\/inclusivenews.com.br\\\/?p=21825\"]}]},{\"@type\":\"ImageObject\",\"inLanguage\":\"pt-PT\",\"@id\":\"https:\\\/\\\/inclusivenews.com.br\\\/?p=21825#primaryimage\",\"url\":\"\",\"contentUrl\":\"\"},{\"@type\":\"BreadcrumbList\",\"@id\":\"https:\\\/\\\/inclusivenews.com.br\\\/?p=21825#breadcrumb\",\"itemListElement\":[{\"@type\":\"ListItem\",\"position\":1,\"name\":\"In\u00edcio\",\"item\":\"https:\\\/\\\/inclusivenews.com.br\\\/\"},{\"@type\":\"ListItem\",\"position\":2,\"name\":\"UNESCO contrata consultor para capacita\u00e7\u00e3o de agentes governamentais no Haiti\"}]},{\"@type\":\"WebSite\",\"@id\":\"https:\\\/\\\/inclusivenews.com.br\\\/#website\",\"url\":\"https:\\\/\\\/inclusivenews.com.br\\\/\",\"name\":\"Inclusive News\",\"description\":\"Inclusive News\",\"publisher\":{\"@id\":\"https:\\\/\\\/inclusivenews.com.br\\\/#organization\"},\"potentialAction\":[{\"@type\":\"SearchAction\",\"target\":{\"@type\":\"EntryPoint\",\"urlTemplate\":\"https:\\\/\\\/inclusivenews.com.br\\\/?s={search_term_string}\"},\"query-input\":{\"@type\":\"PropertyValueSpecification\",\"valueRequired\":true,\"valueName\":\"search_term_string\"}}],\"inLanguage\":\"pt-PT\"},{\"@type\":\"Organization\",\"@id\":\"https:\\\/\\\/inclusivenews.com.br\\\/#organization\",\"name\":\"Inclusive - inclus\u00e3o e cidadania\",\"url\":\"https:\\\/\\\/inclusivenews.com.br\\\/\",\"logo\":{\"@type\":\"ImageObject\",\"inLanguage\":\"pt-PT\",\"@id\":\"https:\\\/\\\/inclusivenews.com.br\\\/#\\\/schema\\\/logo\\\/image\\\/\",\"url\":\"https:\\\/\\\/inclusivenews.com.br\\\/wp-content\\\/uploads\\\/2024\\\/03\\\/@grandesite.png\",\"contentUrl\":\"https:\\\/\\\/inclusivenews.com.br\\\/wp-content\\\/uploads\\\/2024\\\/03\\\/@grandesite.png\",\"width\":1080,\"height\":1080,\"caption\":\"Inclusive - inclus\u00e3o e cidadania\"},\"image\":{\"@id\":\"https:\\\/\\\/inclusivenews.com.br\\\/#\\\/schema\\\/logo\\\/image\\\/\"},\"sameAs\":[\"https:\\\/\\\/www.facebook.com\\\/agenciainclusive\\\/\",\"https:\\\/\\\/www.instagram.com\\\/newsinclusive\\\/\"]},{\"@type\":\"Person\",\"@id\":\"https:\\\/\\\/inclusivenews.com.br\\\/#\\\/schema\\\/person\\\/ae4ec7087559b8692fb33b6fffd2273b\",\"name\":\"inclusivenews2024\",\"image\":{\"@type\":\"ImageObject\",\"inLanguage\":\"pt-PT\",\"@id\":\"https:\\\/\\\/secure.gravatar.com\\\/avatar\\\/c5a7ef84c66fa914f55bc4f7ce26cfa275a3b9a1c5568b907bd184fb4dde7b40?s=96&d=mm&r=g\",\"url\":\"https:\\\/\\\/secure.gravatar.com\\\/avatar\\\/c5a7ef84c66fa914f55bc4f7ce26cfa275a3b9a1c5568b907bd184fb4dde7b40?s=96&d=mm&r=g\",\"contentUrl\":\"https:\\\/\\\/secure.gravatar.com\\\/avatar\\\/c5a7ef84c66fa914f55bc4f7ce26cfa275a3b9a1c5568b907bd184fb4dde7b40?s=96&d=mm&r=g\",\"caption\":\"inclusivenews2024\"},\"sameAs\":[\"https:\\\/\\\/inclusivenews.com.br\"],\"url\":\"https:\\\/\\\/inclusivenews.com.br\\\/?author=1\"}]}<\/script>\n<!-- \/ Yoast SEO plugin. -->","yoast_head_json":{"title":"UNESCO contrata consultor para capacita\u00e7\u00e3o de agentes governamentais no Haiti -","robots":{"index":"index","follow":"follow","max-snippet":"max-snippet:-1","max-image-preview":"max-image-preview:large","max-video-preview":"max-video-preview:-1"},"canonical":"https:\/\/inclusivenews.com.br\/?p=21825","og_locale":"pt_PT","og_type":"article","og_title":"UNESCO contrata consultor para capacita\u00e7\u00e3o de agentes governamentais no Haiti -","og_description":"O profissional dever\u00e1 ter graduac\u0327a\u0303o em qualquer a\u0301rea de formac\u0327a\u0303o com experie\u0302ncia em direitos humanos preferencialmente na a\u0301rea da pessoa com deficie\u0302ncia,","og_url":"https:\/\/inclusivenews.com.br\/?p=21825","article_publisher":"https:\/\/www.facebook.com\/agenciainclusive\/","article_published_time":"2011-12-22T21:03:44+00:00","og_image":[{"url":"http:\/\/inclusivenews.com.br\/wp-content\/uploads\/2010\/01\/unesco.jpg","type":"","width":"","height":""}],"author":"inclusivenews2024","twitter_card":"summary_large_image","twitter_misc":{"Escrito por":"inclusivenews2024","Tempo estimado de leitura":"2 minutos"},"schema":{"@context":"https:\/\/schema.org","@graph":[{"@type":"Article","@id":"https:\/\/inclusivenews.com.br\/?p=21825#article","isPartOf":{"@id":"https:\/\/inclusivenews.com.br\/?p=21825"},"author":{"name":"inclusivenews2024","@id":"https:\/\/inclusivenews.com.br\/#\/schema\/person\/ae4ec7087559b8692fb33b6fffd2273b"},"headline":"UNESCO contrata consultor para capacita\u00e7\u00e3o de agentes governamentais no Haiti","datePublished":"2011-12-22T21:03:44+00:00","mainEntityOfPage":{"@id":"https:\/\/inclusivenews.com.br\/?p=21825"},"wordCount":318,"commentCount":0,"publisher":{"@id":"https:\/\/inclusivenews.com.br\/#organization"},"image":{"@id":"https:\/\/inclusivenews.com.br\/?p=21825#primaryimage"},"thumbnailUrl":"http:\/\/inclusivenews.com.br\/wp-content\/uploads\/2010\/01\/unesco.jpg","articleSection":["Defici\u00eancia","DIREITOS HUMANOS","INCLUS\u00c3O SOCIAL","Mercado de Trabalho"],"inLanguage":"pt-PT","potentialAction":[{"@type":"CommentAction","name":"Comment","target":["https:\/\/inclusivenews.com.br\/?p=21825#respond"]}]},{"@type":"WebPage","@id":"https:\/\/inclusivenews.com.br\/?p=21825","url":"https:\/\/inclusivenews.com.br\/?p=21825","name":"UNESCO contrata consultor para capacita\u00e7\u00e3o de agentes governamentais no Haiti -","isPartOf":{"@id":"https:\/\/inclusivenews.com.br\/#website"},"primaryImageOfPage":{"@id":"https:\/\/inclusivenews.com.br\/?p=21825#primaryimage"},"image":{"@id":"https:\/\/inclusivenews.com.br\/?p=21825#primaryimage"},"thumbnailUrl":"http:\/\/inclusivenews.com.br\/wp-content\/uploads\/2010\/01\/unesco.jpg","datePublished":"2011-12-22T21:03:44+00:00","breadcrumb":{"@id":"https:\/\/inclusivenews.com.br\/?p=21825#breadcrumb"},"inLanguage":"pt-PT","potentialAction":[{"@type":"ReadAction","target":["https:\/\/inclusivenews.com.br\/?p=21825"]}]},{"@type":"ImageObject","inLanguage":"pt-PT","@id":"https:\/\/inclusivenews.com.br\/?p=21825#primaryimage","url":"","contentUrl":""},{"@type":"BreadcrumbList","@id":"https:\/\/inclusivenews.com.br\/?p=21825#breadcrumb","itemListElement":[{"@type":"ListItem","position":1,"name":"In\u00edcio","item":"https:\/\/inclusivenews.com.br\/"},{"@type":"ListItem","position":2,"name":"UNESCO contrata consultor para capacita\u00e7\u00e3o de agentes governamentais no Haiti"}]},{"@type":"WebSite","@id":"https:\/\/inclusivenews.com.br\/#website","url":"https:\/\/inclusivenews.com.br\/","name":"Inclusive News","description":"Inclusive News","publisher":{"@id":"https:\/\/inclusivenews.com.br\/#organization"},"potentialAction":[{"@type":"SearchAction","target":{"@type":"EntryPoint","urlTemplate":"https:\/\/inclusivenews.com.br\/?s={search_term_string}"},"query-input":{"@type":"PropertyValueSpecification","valueRequired":true,"valueName":"search_term_string"}}],"inLanguage":"pt-PT"},{"@type":"Organization","@id":"https:\/\/inclusivenews.com.br\/#organization","name":"Inclusive - inclus\u00e3o e cidadania","url":"https:\/\/inclusivenews.com.br\/","logo":{"@type":"ImageObject","inLanguage":"pt-PT","@id":"https:\/\/inclusivenews.com.br\/#\/schema\/logo\/image\/","url":"https:\/\/inclusivenews.com.br\/wp-content\/uploads\/2024\/03\/@grandesite.png","contentUrl":"https:\/\/inclusivenews.com.br\/wp-content\/uploads\/2024\/03\/@grandesite.png","width":1080,"height":1080,"caption":"Inclusive - inclus\u00e3o e cidadania"},"image":{"@id":"https:\/\/inclusivenews.com.br\/#\/schema\/logo\/image\/"},"sameAs":["https:\/\/www.facebook.com\/agenciainclusive\/","https:\/\/www.instagram.com\/newsinclusive\/"]},{"@type":"Person","@id":"https:\/\/inclusivenews.com.br\/#\/schema\/person\/ae4ec7087559b8692fb33b6fffd2273b","name":"inclusivenews2024","image":{"@type":"ImageObject","inLanguage":"pt-PT","@id":"https:\/\/secure.gravatar.com\/avatar\/c5a7ef84c66fa914f55bc4f7ce26cfa275a3b9a1c5568b907bd184fb4dde7b40?s=96&d=mm&r=g","url":"https:\/\/secure.gravatar.com\/avatar\/c5a7ef84c66fa914f55bc4f7ce26cfa275a3b9a1c5568b907bd184fb4dde7b40?s=96&d=mm&r=g","contentUrl":"https:\/\/secure.gravatar.com\/avatar\/c5a7ef84c66fa914f55bc4f7ce26cfa275a3b9a1c5568b907bd184fb4dde7b40?s=96&d=mm&r=g","caption":"inclusivenews2024"},"sameAs":["https:\/\/inclusivenews.com.br"],"url":"https:\/\/inclusivenews.com.br\/?author=1"}]}},"_links":{"self":[{"href":"https:\/\/inclusivenews.com.br\/index.php?rest_route=\/wp\/v2\/posts\/21825","targetHints":{"allow":["GET"]}}],"collection":[{"href":"https:\/\/inclusivenews.com.br\/index.php?rest_route=\/wp\/v2\/posts"}],"about":[{"href":"https:\/\/inclusivenews.com.br\/index.php?rest_route=\/wp\/v2\/types\/post"}],"author":[{"embeddable":true,"href":"https:\/\/inclusivenews.com.br\/index.php?rest_route=\/wp\/v2\/users\/1"}],"replies":[{"embeddable":true,"href":"https:\/\/inclusivenews.com.br\/index.php?rest_route=%2Fwp%2Fv2%2Fcomments&post=21825"}],"version-history":[{"count":0,"href":"https:\/\/inclusivenews.com.br\/index.php?rest_route=\/wp\/v2\/posts\/21825\/revisions"}],"wp:attachment":[{"href":"https:\/\/inclusivenews.com.br\/index.php?rest_route=%2Fwp%2Fv2%2Fmedia&parent=21825"}],"wp:term":[{"taxonomy":"category","embeddable":true,"href":"https:\/\/inclusivenews.com.br\/index.php?rest_route=%2Fwp%2Fv2%2Fcategories&post=21825"},{"taxonomy":"post_tag","embeddable":true,"href":"https:\/\/inclusivenews.com.br\/index.php?rest_route=%2Fwp%2Fv2%2Ftags&post=21825"}],"curies":[{"name":"wp","href":"https:\/\/api.w.org\/{rel}","templated":true}]}}