{"id":21828,"date":"2011-12-27T06:12:10","date_gmt":"2011-12-27T09:12:10","guid":{"rendered":"http:\/\/www.inclusive.org.br\/?p=21828"},"modified":"2011-12-27T06:12:10","modified_gmt":"2011-12-27T09:12:10","slug":"acessibilidade-sera-considerada-como-pontuacao-em-financiamento-para-projetos-culturais","status":"publish","type":"post","link":"https:\/\/inclusivenews.com.br\/?p=21828","title":{"rendered":"Acessibilidade ser\u00e1 considerada como pontua\u00e7\u00e3o em financiamento para projetos culturais"},"content":{"rendered":"<p><img loading=\"lazy\" decoding=\"async\" class=\"alignleft size-medium wp-image-21033\" title=\"acessibilidade\" src=\"http:\/\/inclusivenews.com.br\/wp-content\/uploads\/acessibilidade-300x261.jpg\" alt=\"S\u00edmbolo da acessibilidade em tela de computador ligeiramente inclinada para a esquerda.\" width=\"300\" height=\"261\" \/><\/p>\n<p>Hoje, a Lei n\u00ba 8.313 \/91, conhecida como Lei Rouanet, completa 20 anos de exist\u00eancia. Em duas d\u00e9cadas, por meio de ren\u00fancia fiscal, o Minist\u00e9rio da Cultura apoiou 31.125 projetos, investindo R$ 9,1 bilh\u00f5es (dados at\u00e9 22\/12\/11). Neste per\u00edodo, ao mesmo tempo em que aprimorou a lei \u2013 com diversas instru\u00e7\u00f5es normativas \u2013 o MinC tamb\u00e9m buscou propor uma nova legisla\u00e7\u00e3o, ap\u00f3s amplo debate com a sociedade.<\/p>\n<p>O projeto de lei do Procultura (PL 6.722\/10) encontra-se na C\u00e2mara dos Deputados, na Comiss\u00e3o de Finan\u00e7as e Tributa\u00e7\u00e3o. A expectativa \u00e9 que seja aprovado no pr\u00f3ximo ano.<\/p>\n<p>&#8220;A cultura se desenvolveu tanto que j\u00e1 n\u00e3o cabe na lei atual, em dimens\u00e3o e em diversidade&#8221;, diz Henilton Menezes, secret\u00e1rio de Fomento e Incentivo \u00e0 Cultura do MinC.<\/p>\n<p><strong>Concentra\u00e7\u00e3o: Sudeste e C\u00eanicas<\/strong><\/p>\n<p>Segundo ele, o modo como a lei atual foi desenhado acabou por concentrar recursos em segmentos culturais \u2013 naqueles cuja ren\u00fancia chega a 100% \u2013 e em regi\u00f5es que s\u00e3o p\u00f3los econ\u00f4micos, sobretudo o eixo Rio-S\u00e3o Paulo, que det\u00e9m a maior parte do Produto Interno Bruto (PIB) brasileiro. &#8220;A nova lei tem de buscar a corre\u00e7\u00e3o destas distor\u00e7\u00f5es&#8221;, avalia Menezes.<\/p>\n<p>No ano passado, por exemplo, dos R$ 1,16 bilh\u00e3o captado, 77% ficaram no Sudeste, enquanto o Norte do pa\u00eds ficou com apenas 2,3%. Em 20 anos, 67,3% dos projetos que conseguiram captar recursos da lei tiveram origem nesta regi\u00e3o. Assim como houve concentra\u00e7\u00e3o em uma das regi\u00f5es brasileiras, o mesmo ocorreu nos segmentos culturais. Em 20 anos, as Artes C\u00eanicas foram as que mais tiveram projetos (6.704) com capta\u00e7\u00e3o de recursos, enquanto a \u00e1rea de Artes Visuais foi a com menor quantidade (2.324).<\/p>\n<p>Menezes explica que a lei atual continuar\u00e1 sendo aperfei\u00e7oada. &#8220;em janeiro o MinC deve publicar nova IN com algumas mudan\u00e7as \u2013 at\u00e9 o Procultura entrar em vigor. Depois de a nova lei ser sancionada, o MinC tem 180 dias para regulament\u00e1-la. \u201cAperfei\u00e7oamos uma, enquanto paralelamente discutimos a outra&#8221;, diz. Na sua avalia\u00e7\u00e3o, a transi\u00e7\u00e3o entre uma e outra lei dever\u00e1 levar entre tr\u00eas e cinco anos, em raz\u00e3o da quantidade de projetos em execu\u00e7\u00e3o, cerca de 12 mil.<\/p>\n<p><strong>\u00danica bala<\/strong><\/p>\n<p>Quando a lei foi criada, em 1991, o Minist\u00e9rio da Cultura havia sido extinto e se transformado em uma secretaria \u2013 assim como outras institui\u00e7\u00f5es. O investimento em cultura, por meio de ren\u00fancia fiscal, era praticamente a \u00fanica pol\u00edtica de Estado para a \u00e1rea. No primeiro ano da exist\u00eancia da lei foram apresentados 32 projetos culturais e 11 autorizados a captar recursos. N\u00e3o houve capta\u00e7\u00e3o de recursos pelos projetos em 1992. No ano seguinte, em 1993, conseguiram captar recursos apenas dois projetos culturais, no valor total de R$ 21.212,78.<\/p>\n<p>Com o governo Lula, a partir de 2003, e a amplia\u00e7\u00e3o do conceito de cultura \u2013 considerada sob tr\u00eas dimens\u00f5es (cidad\u00e3, simb\u00f3lica e econ\u00f4mica), houve um boom de investimento no setor, pois o espectro das \u00e1reas pass\u00edveis de receberem investimento com ren\u00fancia fiscal aumentou. No primeiro ano do governo Lula, por exemplo, foram captados R$ 430,8 milh\u00f5es. No ano passado, o volume chegou a R$ 1,16 bilh\u00e3o.<\/p>\n<p><strong>Procultura: melhor distribui\u00e7\u00e3o<\/strong><\/p>\n<p>Menezes diz que h\u00e1 um sentimento, errado, de que a lei deveria atender apenas aos pequenos \u2013 o que n\u00e3o est\u00e1 escrito em seus objetivos. &#8220;A lei \u00e9 para todos, o que deveria haver \u00e9 uma pontua\u00e7\u00e3o de que ganhasse mais ren\u00fancia fiscal aquele que desse maior retorno \u00e0 sociedade&#8221;, avalia.<\/p>\n<p>Segundo ele, a proposta do Procultura \u00e9 que, para diminuir as distor\u00e7\u00f5es atuais, o percentual de ren\u00fancia n\u00e3o seja por segmento cultural e, sim, por um sistema de pontua\u00e7\u00e3o, cujos crit\u00e9rios poderiam ser gratuidade, realiza\u00e7\u00e3o das a\u00e7\u00f5es em v\u00e1rios estados (e n\u00e3o apenas no estado de origem do recurso), promo\u00e7\u00e3o de forma\u00e7\u00e3o continuada, possibilidade de troca de experi\u00eancias e outros crit\u00e9rios que promovam retorno a todos os brasileiros. Ou seja, quanto maior o impacto no meio cultural, maior ser\u00e1 o incentivo oferecido pelo governo.<\/p>\n<p>Desde modo, conseguiria a ren\u00fancia de 100% aqueles que tivessem uma pontua\u00e7\u00e3o alta. Assim, quanto menos pontos, menor tamb\u00e9m seria a ren\u00fancia \u2013 independente do segmento cultural. Com isso, segundo Menezes, n\u00e3o s\u00f3 haveria uma melhor distribui\u00e7\u00e3o por segmentos e regi\u00f5es, mas tamb\u00e9m uma possibilidade de apresenta\u00e7\u00e3o de projetos que ir\u00e3o ao encontro da demanda da sociedade brasileira.<\/p>\n<p><strong>Ele cita como exemplo um espet\u00e1culo, que pode ser levado a regi\u00f5es de dif\u00edcil acesso, que tenha tradu\u00e7\u00e3o em libras (a linguagem dos sinais) ou audiodescri\u00e7\u00e3o, que culmine com debates em escolas. Ou seja, que n\u00e3o fique restrito ao circuito corriqueiro de uma produ\u00e7\u00e3o cultural.<\/strong><\/p>\n<p>Os crit\u00e9rios de pontua\u00e7\u00e3o est\u00e3o sendo discutidos no Congresso Nacional \u2013 h\u00e1 aqueles que acreditam que devam estar na lei e outros, que devem ser normatizados pelo MinC.<\/p>\n<p><strong>Refor\u00e7o do Fundo<\/strong><\/p>\n<p>Outra mudan\u00e7a proposta com o Procultura \u00e9 que um percentual da ren\u00fancia fiscal componha o Fundo Nacional da Cultura (FNC), de modo que o Minist\u00e9rio da Cultura pudesse ent\u00e3o investir anualmente em projetos ligados \u00e0s prioridades da pol\u00edtica cultural. Em 2011, por exemplo, o FNC &#8211; sem este recurso &#8211; n\u00e3o ultrapassou os R$ 300 milh\u00f5es, enquanto a Lei Rouanet investiu R$ 1,35 bilh\u00e3o.<\/p>\n<p>Menezes explica que, teoricamente, quando a lei foi criada, o FNC atenderia aos projetos que n\u00e3o conseguissem ser contemplados pela ren\u00fancia fiscal. No ano passado, o que foi captado pelo incentivo fiscal atendeu apenas 24,61% de toda a demanda brasileira por esses incentivos, que atingiu o montante de R$ 4,7 bilh\u00f5es. Nesse mesmo ano, o MinC recebeu 10.256 de a\u00e7\u00f5es em busca de recursos, vindo de todos os estados brasileiros.<\/p>\n<p>O secret\u00e1rio lembra ainda que, s\u00f3 ano passado, a ren\u00fancia fiscal brasileira somou R$ 77 bilh\u00f5es e apenas R$ 1,16 bilh\u00e3o foi para a cultura. Ele acrescenta, ainda, que a Lei Rouanet \u00e9 o mais transparente mecanismo de incentivo fiscal do Brasil. Todos os projetos s\u00e3o p\u00fablicos, o processo de an\u00e1lise tem participa\u00e7\u00e3o ativa da sociedade, o acompanhamento \u00e9 feito pelo MinC durante a realiza\u00e7\u00e3o das a\u00e7\u00f5es e a presta\u00e7\u00e3o de contas \u00e9 obrigat\u00f3ria para aqueles que recebem o incentivo. Al\u00e9m disso, todos os n\u00fameros est\u00e3o \u00e0 disposi\u00e7\u00e3o de qualquer brasileiro, em qualquer lugar, pois est\u00e3o na p\u00e1gina eletr\u00f4nica do minist\u00e9rio, para consulta p\u00fablica.<\/p>\n<p>Fonte: <a rel=\"nofollow noopener\" href=\"http:\/\/www.pautasocial.com.br\/pauta.asp?idPauta=37523\" target=\"_blank\">Pauta Social<\/a><\/p>\n","protected":false},"excerpt":{"rendered":"<p>Ele cita como exemplo um espet\u00e1culo, que pode ser levado a regi\u00f5es de dif\u00edcil acesso, que tenha tradu\u00e7\u00e3o em libras (a linguagem dos sinais) ou audiodescri\u00e7\u00e3o, que culmine com debates em escolas. Ou seja, que n\u00e3o fique restrito ao circuito corriqueiro de uma produ\u00e7\u00e3o cultural.<\/p>\n","protected":false},"author":1,"featured_media":0,"comment_status":"open","ping_status":"open","sticky":false,"template":"","format":"standard","meta":{"site-container-style":"default","site-container-layout":"default","site-sidebar-layout":"default","disable-article-header":"default","disable-site-header":"default","disable-site-footer":"default","disable-content-area-spacing":"default","footnotes":""},"categories":[44,29,48,4],"tags":[],"class_list":["post-21828","post","type-post","status-publish","format-standard","hentry","category-acessibilidade","category-cultura","category-inclusao","category-noticias"],"yoast_head":"<!-- This site is optimized with the Yoast SEO plugin v27.5 - https:\/\/yoast.com\/product\/yoast-seo-wordpress\/ -->\n<title>Acessibilidade ser\u00e1 considerada como pontua\u00e7\u00e3o em financiamento para projetos culturais -<\/title>\n<meta name=\"robots\" content=\"index, follow, max-snippet:-1, max-image-preview:large, max-video-preview:-1\" \/>\n<link rel=\"canonical\" href=\"https:\/\/inclusivenews.com.br\/?p=21828\" \/>\n<meta property=\"og:locale\" content=\"pt_PT\" \/>\n<meta property=\"og:type\" content=\"article\" \/>\n<meta property=\"og:title\" content=\"Acessibilidade ser\u00e1 considerada como pontua\u00e7\u00e3o em financiamento para projetos culturais -\" \/>\n<meta property=\"og:description\" content=\"Ele cita como exemplo um espet\u00e1culo, que pode ser levado a regi\u00f5es de dif\u00edcil acesso, que tenha tradu\u00e7\u00e3o em libras (a linguagem dos sinais) ou audiodescri\u00e7\u00e3o, que culmine com debates em escolas. Ou seja, que n\u00e3o fique restrito ao circuito corriqueiro de uma produ\u00e7\u00e3o cultural.\" \/>\n<meta property=\"og:url\" content=\"https:\/\/inclusivenews.com.br\/?p=21828\" \/>\n<meta property=\"article:publisher\" content=\"https:\/\/www.facebook.com\/agenciainclusive\/\" \/>\n<meta property=\"article:published_time\" content=\"2011-12-27T09:12:10+00:00\" \/>\n<meta property=\"og:image\" content=\"http:\/\/inclusivenews.com.br\/wp-content\/uploads\/acessibilidade-300x261.jpg\" \/>\n<meta name=\"author\" content=\"inclusivenews2024\" \/>\n<meta name=\"twitter:card\" content=\"summary_large_image\" \/>\n<meta name=\"twitter:label1\" content=\"Escrito por\" \/>\n\t<meta name=\"twitter:data1\" content=\"inclusivenews2024\" \/>\n\t<meta name=\"twitter:label2\" content=\"Tempo estimado de leitura\" \/>\n\t<meta name=\"twitter:data2\" content=\"5 minutos\" \/>\n<script type=\"application\/ld+json\" class=\"yoast-schema-graph\">{\"@context\":\"https:\\\/\\\/schema.org\",\"@graph\":[{\"@type\":\"Article\",\"@id\":\"https:\\\/\\\/inclusivenews.com.br\\\/?p=21828#article\",\"isPartOf\":{\"@id\":\"https:\\\/\\\/inclusivenews.com.br\\\/?p=21828\"},\"author\":{\"name\":\"inclusivenews2024\",\"@id\":\"https:\\\/\\\/inclusivenews.com.br\\\/#\\\/schema\\\/person\\\/ae4ec7087559b8692fb33b6fffd2273b\"},\"headline\":\"Acessibilidade ser\u00e1 considerada como pontua\u00e7\u00e3o em financiamento para projetos culturais\",\"datePublished\":\"2011-12-27T09:12:10+00:00\",\"mainEntityOfPage\":{\"@id\":\"https:\\\/\\\/inclusivenews.com.br\\\/?p=21828\"},\"wordCount\":1106,\"commentCount\":0,\"publisher\":{\"@id\":\"https:\\\/\\\/inclusivenews.com.br\\\/#organization\"},\"image\":{\"@id\":\"https:\\\/\\\/inclusivenews.com.br\\\/?p=21828#primaryimage\"},\"thumbnailUrl\":\"http:\\\/\\\/inclusivenews.com.br\\\/wp-content\\\/uploads\\\/acessibilidade-300x261.jpg\",\"articleSection\":[\"ACESSIBILIDADE\",\"Cultura\",\"INCLUS\u00c3O SOCIAL\",\"NOT\u00cdCIAS\"],\"inLanguage\":\"pt-PT\",\"potentialAction\":[{\"@type\":\"CommentAction\",\"name\":\"Comment\",\"target\":[\"https:\\\/\\\/inclusivenews.com.br\\\/?p=21828#respond\"]}]},{\"@type\":\"WebPage\",\"@id\":\"https:\\\/\\\/inclusivenews.com.br\\\/?p=21828\",\"url\":\"https:\\\/\\\/inclusivenews.com.br\\\/?p=21828\",\"name\":\"Acessibilidade ser\u00e1 considerada como pontua\u00e7\u00e3o em financiamento para projetos culturais -\",\"isPartOf\":{\"@id\":\"https:\\\/\\\/inclusivenews.com.br\\\/#website\"},\"primaryImageOfPage\":{\"@id\":\"https:\\\/\\\/inclusivenews.com.br\\\/?p=21828#primaryimage\"},\"image\":{\"@id\":\"https:\\\/\\\/inclusivenews.com.br\\\/?p=21828#primaryimage\"},\"thumbnailUrl\":\"http:\\\/\\\/inclusivenews.com.br\\\/wp-content\\\/uploads\\\/acessibilidade-300x261.jpg\",\"datePublished\":\"2011-12-27T09:12:10+00:00\",\"breadcrumb\":{\"@id\":\"https:\\\/\\\/inclusivenews.com.br\\\/?p=21828#breadcrumb\"},\"inLanguage\":\"pt-PT\",\"potentialAction\":[{\"@type\":\"ReadAction\",\"target\":[\"https:\\\/\\\/inclusivenews.com.br\\\/?p=21828\"]}]},{\"@type\":\"ImageObject\",\"inLanguage\":\"pt-PT\",\"@id\":\"https:\\\/\\\/inclusivenews.com.br\\\/?p=21828#primaryimage\",\"url\":\"\",\"contentUrl\":\"\"},{\"@type\":\"BreadcrumbList\",\"@id\":\"https:\\\/\\\/inclusivenews.com.br\\\/?p=21828#breadcrumb\",\"itemListElement\":[{\"@type\":\"ListItem\",\"position\":1,\"name\":\"In\u00edcio\",\"item\":\"https:\\\/\\\/inclusivenews.com.br\\\/\"},{\"@type\":\"ListItem\",\"position\":2,\"name\":\"Acessibilidade ser\u00e1 considerada como pontua\u00e7\u00e3o em financiamento para projetos culturais\"}]},{\"@type\":\"WebSite\",\"@id\":\"https:\\\/\\\/inclusivenews.com.br\\\/#website\",\"url\":\"https:\\\/\\\/inclusivenews.com.br\\\/\",\"name\":\"Inclusive News\",\"description\":\"Inclusive News\",\"publisher\":{\"@id\":\"https:\\\/\\\/inclusivenews.com.br\\\/#organization\"},\"potentialAction\":[{\"@type\":\"SearchAction\",\"target\":{\"@type\":\"EntryPoint\",\"urlTemplate\":\"https:\\\/\\\/inclusivenews.com.br\\\/?s={search_term_string}\"},\"query-input\":{\"@type\":\"PropertyValueSpecification\",\"valueRequired\":true,\"valueName\":\"search_term_string\"}}],\"inLanguage\":\"pt-PT\"},{\"@type\":\"Organization\",\"@id\":\"https:\\\/\\\/inclusivenews.com.br\\\/#organization\",\"name\":\"Inclusive - inclus\u00e3o e cidadania\",\"url\":\"https:\\\/\\\/inclusivenews.com.br\\\/\",\"logo\":{\"@type\":\"ImageObject\",\"inLanguage\":\"pt-PT\",\"@id\":\"https:\\\/\\\/inclusivenews.com.br\\\/#\\\/schema\\\/logo\\\/image\\\/\",\"url\":\"https:\\\/\\\/inclusivenews.com.br\\\/wp-content\\\/uploads\\\/2024\\\/03\\\/@grandesite.png\",\"contentUrl\":\"https:\\\/\\\/inclusivenews.com.br\\\/wp-content\\\/uploads\\\/2024\\\/03\\\/@grandesite.png\",\"width\":1080,\"height\":1080,\"caption\":\"Inclusive - inclus\u00e3o e cidadania\"},\"image\":{\"@id\":\"https:\\\/\\\/inclusivenews.com.br\\\/#\\\/schema\\\/logo\\\/image\\\/\"},\"sameAs\":[\"https:\\\/\\\/www.facebook.com\\\/agenciainclusive\\\/\",\"https:\\\/\\\/www.instagram.com\\\/newsinclusive\\\/\"]},{\"@type\":\"Person\",\"@id\":\"https:\\\/\\\/inclusivenews.com.br\\\/#\\\/schema\\\/person\\\/ae4ec7087559b8692fb33b6fffd2273b\",\"name\":\"inclusivenews2024\",\"image\":{\"@type\":\"ImageObject\",\"inLanguage\":\"pt-PT\",\"@id\":\"https:\\\/\\\/secure.gravatar.com\\\/avatar\\\/c5a7ef84c66fa914f55bc4f7ce26cfa275a3b9a1c5568b907bd184fb4dde7b40?s=96&d=mm&r=g\",\"url\":\"https:\\\/\\\/secure.gravatar.com\\\/avatar\\\/c5a7ef84c66fa914f55bc4f7ce26cfa275a3b9a1c5568b907bd184fb4dde7b40?s=96&d=mm&r=g\",\"contentUrl\":\"https:\\\/\\\/secure.gravatar.com\\\/avatar\\\/c5a7ef84c66fa914f55bc4f7ce26cfa275a3b9a1c5568b907bd184fb4dde7b40?s=96&d=mm&r=g\",\"caption\":\"inclusivenews2024\"},\"sameAs\":[\"https:\\\/\\\/inclusivenews.com.br\"],\"url\":\"https:\\\/\\\/inclusivenews.com.br\\\/?author=1\"}]}<\/script>\n<!-- \/ Yoast SEO plugin. -->","yoast_head_json":{"title":"Acessibilidade ser\u00e1 considerada como pontua\u00e7\u00e3o em financiamento para projetos culturais -","robots":{"index":"index","follow":"follow","max-snippet":"max-snippet:-1","max-image-preview":"max-image-preview:large","max-video-preview":"max-video-preview:-1"},"canonical":"https:\/\/inclusivenews.com.br\/?p=21828","og_locale":"pt_PT","og_type":"article","og_title":"Acessibilidade ser\u00e1 considerada como pontua\u00e7\u00e3o em financiamento para projetos culturais -","og_description":"Ele cita como exemplo um espet\u00e1culo, que pode ser levado a regi\u00f5es de dif\u00edcil acesso, que tenha tradu\u00e7\u00e3o em libras (a linguagem dos sinais) ou audiodescri\u00e7\u00e3o, que culmine com debates em escolas. Ou seja, que n\u00e3o fique restrito ao circuito corriqueiro de uma produ\u00e7\u00e3o cultural.","og_url":"https:\/\/inclusivenews.com.br\/?p=21828","article_publisher":"https:\/\/www.facebook.com\/agenciainclusive\/","article_published_time":"2011-12-27T09:12:10+00:00","og_image":[{"url":"http:\/\/inclusivenews.com.br\/wp-content\/uploads\/acessibilidade-300x261.jpg","type":"","width":"","height":""}],"author":"inclusivenews2024","twitter_card":"summary_large_image","twitter_misc":{"Escrito por":"inclusivenews2024","Tempo estimado de leitura":"5 minutos"},"schema":{"@context":"https:\/\/schema.org","@graph":[{"@type":"Article","@id":"https:\/\/inclusivenews.com.br\/?p=21828#article","isPartOf":{"@id":"https:\/\/inclusivenews.com.br\/?p=21828"},"author":{"name":"inclusivenews2024","@id":"https:\/\/inclusivenews.com.br\/#\/schema\/person\/ae4ec7087559b8692fb33b6fffd2273b"},"headline":"Acessibilidade ser\u00e1 considerada como pontua\u00e7\u00e3o em financiamento para projetos culturais","datePublished":"2011-12-27T09:12:10+00:00","mainEntityOfPage":{"@id":"https:\/\/inclusivenews.com.br\/?p=21828"},"wordCount":1106,"commentCount":0,"publisher":{"@id":"https:\/\/inclusivenews.com.br\/#organization"},"image":{"@id":"https:\/\/inclusivenews.com.br\/?p=21828#primaryimage"},"thumbnailUrl":"http:\/\/inclusivenews.com.br\/wp-content\/uploads\/acessibilidade-300x261.jpg","articleSection":["ACESSIBILIDADE","Cultura","INCLUS\u00c3O SOCIAL","NOT\u00cdCIAS"],"inLanguage":"pt-PT","potentialAction":[{"@type":"CommentAction","name":"Comment","target":["https:\/\/inclusivenews.com.br\/?p=21828#respond"]}]},{"@type":"WebPage","@id":"https:\/\/inclusivenews.com.br\/?p=21828","url":"https:\/\/inclusivenews.com.br\/?p=21828","name":"Acessibilidade ser\u00e1 considerada como pontua\u00e7\u00e3o em financiamento para projetos culturais -","isPartOf":{"@id":"https:\/\/inclusivenews.com.br\/#website"},"primaryImageOfPage":{"@id":"https:\/\/inclusivenews.com.br\/?p=21828#primaryimage"},"image":{"@id":"https:\/\/inclusivenews.com.br\/?p=21828#primaryimage"},"thumbnailUrl":"http:\/\/inclusivenews.com.br\/wp-content\/uploads\/acessibilidade-300x261.jpg","datePublished":"2011-12-27T09:12:10+00:00","breadcrumb":{"@id":"https:\/\/inclusivenews.com.br\/?p=21828#breadcrumb"},"inLanguage":"pt-PT","potentialAction":[{"@type":"ReadAction","target":["https:\/\/inclusivenews.com.br\/?p=21828"]}]},{"@type":"ImageObject","inLanguage":"pt-PT","@id":"https:\/\/inclusivenews.com.br\/?p=21828#primaryimage","url":"","contentUrl":""},{"@type":"BreadcrumbList","@id":"https:\/\/inclusivenews.com.br\/?p=21828#breadcrumb","itemListElement":[{"@type":"ListItem","position":1,"name":"In\u00edcio","item":"https:\/\/inclusivenews.com.br\/"},{"@type":"ListItem","position":2,"name":"Acessibilidade ser\u00e1 considerada como pontua\u00e7\u00e3o em financiamento para projetos culturais"}]},{"@type":"WebSite","@id":"https:\/\/inclusivenews.com.br\/#website","url":"https:\/\/inclusivenews.com.br\/","name":"Inclusive News","description":"Inclusive News","publisher":{"@id":"https:\/\/inclusivenews.com.br\/#organization"},"potentialAction":[{"@type":"SearchAction","target":{"@type":"EntryPoint","urlTemplate":"https:\/\/inclusivenews.com.br\/?s={search_term_string}"},"query-input":{"@type":"PropertyValueSpecification","valueRequired":true,"valueName":"search_term_string"}}],"inLanguage":"pt-PT"},{"@type":"Organization","@id":"https:\/\/inclusivenews.com.br\/#organization","name":"Inclusive - inclus\u00e3o e cidadania","url":"https:\/\/inclusivenews.com.br\/","logo":{"@type":"ImageObject","inLanguage":"pt-PT","@id":"https:\/\/inclusivenews.com.br\/#\/schema\/logo\/image\/","url":"https:\/\/inclusivenews.com.br\/wp-content\/uploads\/2024\/03\/@grandesite.png","contentUrl":"https:\/\/inclusivenews.com.br\/wp-content\/uploads\/2024\/03\/@grandesite.png","width":1080,"height":1080,"caption":"Inclusive - inclus\u00e3o e cidadania"},"image":{"@id":"https:\/\/inclusivenews.com.br\/#\/schema\/logo\/image\/"},"sameAs":["https:\/\/www.facebook.com\/agenciainclusive\/","https:\/\/www.instagram.com\/newsinclusive\/"]},{"@type":"Person","@id":"https:\/\/inclusivenews.com.br\/#\/schema\/person\/ae4ec7087559b8692fb33b6fffd2273b","name":"inclusivenews2024","image":{"@type":"ImageObject","inLanguage":"pt-PT","@id":"https:\/\/secure.gravatar.com\/avatar\/c5a7ef84c66fa914f55bc4f7ce26cfa275a3b9a1c5568b907bd184fb4dde7b40?s=96&d=mm&r=g","url":"https:\/\/secure.gravatar.com\/avatar\/c5a7ef84c66fa914f55bc4f7ce26cfa275a3b9a1c5568b907bd184fb4dde7b40?s=96&d=mm&r=g","contentUrl":"https:\/\/secure.gravatar.com\/avatar\/c5a7ef84c66fa914f55bc4f7ce26cfa275a3b9a1c5568b907bd184fb4dde7b40?s=96&d=mm&r=g","caption":"inclusivenews2024"},"sameAs":["https:\/\/inclusivenews.com.br"],"url":"https:\/\/inclusivenews.com.br\/?author=1"}]}},"_links":{"self":[{"href":"https:\/\/inclusivenews.com.br\/index.php?rest_route=\/wp\/v2\/posts\/21828","targetHints":{"allow":["GET"]}}],"collection":[{"href":"https:\/\/inclusivenews.com.br\/index.php?rest_route=\/wp\/v2\/posts"}],"about":[{"href":"https:\/\/inclusivenews.com.br\/index.php?rest_route=\/wp\/v2\/types\/post"}],"author":[{"embeddable":true,"href":"https:\/\/inclusivenews.com.br\/index.php?rest_route=\/wp\/v2\/users\/1"}],"replies":[{"embeddable":true,"href":"https:\/\/inclusivenews.com.br\/index.php?rest_route=%2Fwp%2Fv2%2Fcomments&post=21828"}],"version-history":[{"count":0,"href":"https:\/\/inclusivenews.com.br\/index.php?rest_route=\/wp\/v2\/posts\/21828\/revisions"}],"wp:attachment":[{"href":"https:\/\/inclusivenews.com.br\/index.php?rest_route=%2Fwp%2Fv2%2Fmedia&parent=21828"}],"wp:term":[{"taxonomy":"category","embeddable":true,"href":"https:\/\/inclusivenews.com.br\/index.php?rest_route=%2Fwp%2Fv2%2Fcategories&post=21828"},{"taxonomy":"post_tag","embeddable":true,"href":"https:\/\/inclusivenews.com.br\/index.php?rest_route=%2Fwp%2Fv2%2Ftags&post=21828"}],"curies":[{"name":"wp","href":"https:\/\/api.w.org\/{rel}","templated":true}]}}