{"id":21830,"date":"2011-12-27T06:14:08","date_gmt":"2011-12-27T09:14:08","guid":{"rendered":"http:\/\/www.inclusive.org.br\/?p=21830"},"modified":"2011-12-27T06:14:08","modified_gmt":"2011-12-27T09:14:08","slug":"emocao-na-formatura-do-ensino-medio","status":"publish","type":"post","link":"https:\/\/inclusivenews.com.br\/?p=21830","title":{"rendered":"Emo\u00e7\u00e3o na formatura do ensino m\u00e9dio"},"content":{"rendered":"<p><img loading=\"lazy\" decoding=\"async\" class=\"alignleft size-medium wp-image-21848\" title=\"diploma1\" src=\"http:\/\/inclusivenews.com.br\/wp-content\/uploads\/diploma1-300x199.jpg\" alt=\"Diploma enrolado amarrado com fita vermelha.\" width=\"300\" height=\"199\" \/><br \/>\nAs estudantes Julliane Andreyse Martins Rodrigues, 32 anos, de S\u00e3o Manoel do PR e Francieli Daiana Bordin, 23 anos, de Japur\u00e1, est\u00e3o comemorando a formatura do Ensino M\u00e9dio. O fato seria comum se elas n\u00e3o tivessem a s\u00edndrome de Down. As mesmas driblaram o preconceito e venceram com m\u00e9rito.<\/p>\n<p>Segundo Maur\u00edlio Beraldo, Diretor do Col\u00e9gio Estadual Duque de Caxias \u2013 EFM, de S\u00e3o Manoel do Paran\u00e1, os profissionais da educa\u00e7\u00e3o, para atender e responder efetivamente \u00e0s necessidades educacionais especiais da estudante Julliane no seu processo de aprender e construir conhecimentos, modificaram seus procedimentos de ensino, tanto introduzindo atividades alternativas \u00e0s previstas, como tamb\u00e9m atividades complementares, atrav\u00e9s da flexibiliza\u00e7\u00e3o curricular.<\/p>\n<p>Para Cleide Rodrigues de Godoy Quental, m\u00e3e de Julliane, a escola al\u00e9m de proporcionar o conhecimento cient\u00edfico \u00e0 filha, mesmo com todos os seus limites, fez com que ela adquirisse responsabilidades, se organizasse com facilidade, sabendo o que quer e discutindo diversos assuntos. Quando Julliane l\u00ea ou ouve palavras diferentes sempre pergunta: o que \u00e9? O que quer dizer? A escola foi primordial para seu desenvolvimento e com certeza, ela ir\u00e1 sentir muitas saudades de todos pois n\u00e3o gostava de f\u00e9rias longas.<\/p>\n<p>A amiga de turma, Sabrina Soares Santos, 17 anos, enfatizou: &#8220;Estudar com a Julliane foi especial no sentido de que n\u00f3s aprendemos na pr\u00e1tica o significado do conceito de diversidade humana, acredito que o processo \u00e9 normal e o especial mesmo \u00e9 o resultado, nossa formatura!&#8221;<\/p>\n<p>A Diretora do Col\u00e9gio Estadual Rui Barbosa \u2013 Ensino M\u00e9dio, de Japur\u00e1, declarou: &#8221; Esta conquista \u00e9 parte de uma decis\u00e3o que a \u00e1rea Educacional de Japur\u00e1 n\u00e3o demorou a tomar, pois sabemos que o tempo passa e as crian\u00e7as crescem. Por isto, definimos as a\u00e7\u00f5es e percebemos que n\u00e3o pod\u00edamos continuar nos apoiando nas desculpas, na defici\u00eancia, ent\u00e3o optamos olhar por outra perspectiva, arranjando meios de driblar os aspectos biol\u00f3gicos, por meio do processo cultural&#8221;. Declarou ainda, que para os professores, equipe pedag\u00f3gica, dire\u00e7\u00e3o e funcion\u00e1rios em geral, foi uma realiza\u00e7\u00e3o trabalhar com a estudante Francieli.<\/p>\n<p>Para a Pedagoga Ad\u00e9lia Taira Marcuz, a aluna Francieli teve um bom relacionamento em sala de aula, realizou as atividades individuais e em grupos e os demais alunos foram amigos, companheiros e comprometidos com ela. Demonstrou tamb\u00e9m, interesse pelos conte\u00fados de todas as disciplinas, compromisso e iniciativas. Durante o processo de ensino aprendizagem, os professores perceberam que ela n\u00e3o conseguia acumular muitas informa\u00e7\u00f5es ao mesmo tempo e necessitava de atendimento individualizado no dia a dia. O incr\u00edvel \u00e9 que, por muitas vezes, ela demonstrou mais interesse para aprender que os demais alunos da sala de aula.<\/p>\n<p>Diante das coloca\u00e7\u00f5es acima, a Professora Ana Floripes Berbert Gentilin, T\u00e9cnica Pedag\u00f3gica do NRE de Cianorte, ratificou as palavras ensinadas pela sua Orientadora do PDE, Professora Doutora Sonia Mari Shima Barroco, da UEM: &#8221; A defici\u00eancia, o d\u00e9ficit ou defeito biol\u00f3gico s\u00f3 ter\u00e1 o estatuto de impedimento se assim a sociedade o reconhecer&#8221;. Afinal, tal condi\u00e7\u00e3o implica apenas em um modo diferenciado de desenvolvimento e n\u00e3o um fator impeditivo deste, pois a quest\u00e3o n\u00e3o \u00e9 o problema biol\u00f3gico ou intelectual em si, e sim as repercuss\u00f5es sociais que causa. Ainda lnformou que, a primeira estudante com s\u00edndrome de Down a se formar no Ensino M\u00e9dio, na jurisdi\u00e7\u00e3o do NRE de Cianorte foi Eid Maria Ara\u00fajo, de Tapejara, no ano de 2007.<\/p>\n<p>O NRE de Cianorte parabeniza as alunas e a toda Comunidade Escolar dos munic\u00edpios de Japur\u00e1 e S\u00e3o Manoel do PR pelo sucesso educacional alcan\u00e7ado.<\/p>\n<p>Fonte: <a href=\"http:\/\/www.diaadia.pr.gov.br\/nre\/cianorte\/modules\/noticias\/article.php?storyid=304\">Dia a Dia<\/a><\/p>\n","protected":false},"excerpt":{"rendered":"<p>As estudantes Julliane Andreyse Martins Rodrigues, 32 anos, de S\u00e3o Manoel do PR e Francieli Daiana Bordin, 23 anos, de Japur\u00e1, est\u00e3o comemorando a formatura do Ensino M\u00e9dio. O fato seria comum se elas n\u00e3o tivessem a s\u00edndrome de Down. As mesmas driblaram o preconceito e venceram com m\u00e9rito.<\/p>\n","protected":false},"author":1,"featured_media":0,"comment_status":"open","ping_status":"open","sticky":false,"template":"","format":"standard","meta":{"site-container-style":"default","site-container-layout":"default","site-sidebar-layout":"default","disable-article-header":"default","disable-site-header":"default","disable-site-footer":"default","disable-content-area-spacing":"default","footnotes":""},"categories":[38,6,48,4],"tags":[],"class_list":["post-21830","post","type-post","status-publish","format-standard","hentry","category-deficiencia","category-educacao","category-inclusao","category-noticias"],"yoast_head":"<!-- This site is optimized with the Yoast SEO plugin v27.5 - https:\/\/yoast.com\/product\/yoast-seo-wordpress\/ -->\n<title>Emo\u00e7\u00e3o na formatura do ensino m\u00e9dio -<\/title>\n<meta name=\"robots\" content=\"index, follow, max-snippet:-1, max-image-preview:large, max-video-preview:-1\" \/>\n<link rel=\"canonical\" href=\"https:\/\/inclusivenews.com.br\/?p=21830\" \/>\n<meta property=\"og:locale\" content=\"pt_PT\" \/>\n<meta property=\"og:type\" content=\"article\" \/>\n<meta property=\"og:title\" content=\"Emo\u00e7\u00e3o na formatura do ensino m\u00e9dio -\" \/>\n<meta property=\"og:description\" content=\"As estudantes Julliane Andreyse Martins Rodrigues, 32 anos, de S\u00e3o Manoel do PR e Francieli Daiana Bordin, 23 anos, de Japur\u00e1, est\u00e3o comemorando a formatura do Ensino M\u00e9dio. O fato seria comum se elas n\u00e3o tivessem a s\u00edndrome de Down. As mesmas driblaram o preconceito e venceram com m\u00e9rito.\" \/>\n<meta property=\"og:url\" content=\"https:\/\/inclusivenews.com.br\/?p=21830\" \/>\n<meta property=\"article:publisher\" content=\"https:\/\/www.facebook.com\/agenciainclusive\/\" \/>\n<meta property=\"article:published_time\" content=\"2011-12-27T09:14:08+00:00\" \/>\n<meta property=\"og:image\" content=\"http:\/\/inclusivenews.com.br\/wp-content\/uploads\/diploma1-300x199.jpg\" \/>\n<meta name=\"author\" content=\"inclusivenews2024\" \/>\n<meta name=\"twitter:card\" content=\"summary_large_image\" \/>\n<meta name=\"twitter:label1\" content=\"Escrito por\" \/>\n\t<meta name=\"twitter:data1\" content=\"inclusivenews2024\" \/>\n\t<meta name=\"twitter:label2\" content=\"Tempo estimado de leitura\" \/>\n\t<meta name=\"twitter:data2\" content=\"3 minutos\" \/>\n<script type=\"application\/ld+json\" class=\"yoast-schema-graph\">{\"@context\":\"https:\\\/\\\/schema.org\",\"@graph\":[{\"@type\":\"Article\",\"@id\":\"https:\\\/\\\/inclusivenews.com.br\\\/?p=21830#article\",\"isPartOf\":{\"@id\":\"https:\\\/\\\/inclusivenews.com.br\\\/?p=21830\"},\"author\":{\"name\":\"inclusivenews2024\",\"@id\":\"https:\\\/\\\/inclusivenews.com.br\\\/#\\\/schema\\\/person\\\/ae4ec7087559b8692fb33b6fffd2273b\"},\"headline\":\"Emo\u00e7\u00e3o na formatura do ensino m\u00e9dio\",\"datePublished\":\"2011-12-27T09:14:08+00:00\",\"mainEntityOfPage\":{\"@id\":\"https:\\\/\\\/inclusivenews.com.br\\\/?p=21830\"},\"wordCount\":633,\"commentCount\":2,\"publisher\":{\"@id\":\"https:\\\/\\\/inclusivenews.com.br\\\/#organization\"},\"image\":{\"@id\":\"https:\\\/\\\/inclusivenews.com.br\\\/?p=21830#primaryimage\"},\"thumbnailUrl\":\"http:\\\/\\\/inclusivenews.com.br\\\/wp-content\\\/uploads\\\/diploma1-300x199.jpg\",\"articleSection\":[\"Defici\u00eancia\",\"EDUCA\u00c7\u00c3O\",\"INCLUS\u00c3O SOCIAL\",\"NOT\u00cdCIAS\"],\"inLanguage\":\"pt-PT\",\"potentialAction\":[{\"@type\":\"CommentAction\",\"name\":\"Comment\",\"target\":[\"https:\\\/\\\/inclusivenews.com.br\\\/?p=21830#respond\"]}]},{\"@type\":\"WebPage\",\"@id\":\"https:\\\/\\\/inclusivenews.com.br\\\/?p=21830\",\"url\":\"https:\\\/\\\/inclusivenews.com.br\\\/?p=21830\",\"name\":\"Emo\u00e7\u00e3o na formatura do ensino m\u00e9dio -\",\"isPartOf\":{\"@id\":\"https:\\\/\\\/inclusivenews.com.br\\\/#website\"},\"primaryImageOfPage\":{\"@id\":\"https:\\\/\\\/inclusivenews.com.br\\\/?p=21830#primaryimage\"},\"image\":{\"@id\":\"https:\\\/\\\/inclusivenews.com.br\\\/?p=21830#primaryimage\"},\"thumbnailUrl\":\"http:\\\/\\\/inclusivenews.com.br\\\/wp-content\\\/uploads\\\/diploma1-300x199.jpg\",\"datePublished\":\"2011-12-27T09:14:08+00:00\",\"breadcrumb\":{\"@id\":\"https:\\\/\\\/inclusivenews.com.br\\\/?p=21830#breadcrumb\"},\"inLanguage\":\"pt-PT\",\"potentialAction\":[{\"@type\":\"ReadAction\",\"target\":[\"https:\\\/\\\/inclusivenews.com.br\\\/?p=21830\"]}]},{\"@type\":\"ImageObject\",\"inLanguage\":\"pt-PT\",\"@id\":\"https:\\\/\\\/inclusivenews.com.br\\\/?p=21830#primaryimage\",\"url\":\"\",\"contentUrl\":\"\"},{\"@type\":\"BreadcrumbList\",\"@id\":\"https:\\\/\\\/inclusivenews.com.br\\\/?p=21830#breadcrumb\",\"itemListElement\":[{\"@type\":\"ListItem\",\"position\":1,\"name\":\"In\u00edcio\",\"item\":\"https:\\\/\\\/inclusivenews.com.br\\\/\"},{\"@type\":\"ListItem\",\"position\":2,\"name\":\"Emo\u00e7\u00e3o na formatura do ensino m\u00e9dio\"}]},{\"@type\":\"WebSite\",\"@id\":\"https:\\\/\\\/inclusivenews.com.br\\\/#website\",\"url\":\"https:\\\/\\\/inclusivenews.com.br\\\/\",\"name\":\"Inclusive News\",\"description\":\"Inclusive News\",\"publisher\":{\"@id\":\"https:\\\/\\\/inclusivenews.com.br\\\/#organization\"},\"potentialAction\":[{\"@type\":\"SearchAction\",\"target\":{\"@type\":\"EntryPoint\",\"urlTemplate\":\"https:\\\/\\\/inclusivenews.com.br\\\/?s={search_term_string}\"},\"query-input\":{\"@type\":\"PropertyValueSpecification\",\"valueRequired\":true,\"valueName\":\"search_term_string\"}}],\"inLanguage\":\"pt-PT\"},{\"@type\":\"Organization\",\"@id\":\"https:\\\/\\\/inclusivenews.com.br\\\/#organization\",\"name\":\"Inclusive - inclus\u00e3o e cidadania\",\"url\":\"https:\\\/\\\/inclusivenews.com.br\\\/\",\"logo\":{\"@type\":\"ImageObject\",\"inLanguage\":\"pt-PT\",\"@id\":\"https:\\\/\\\/inclusivenews.com.br\\\/#\\\/schema\\\/logo\\\/image\\\/\",\"url\":\"https:\\\/\\\/inclusivenews.com.br\\\/wp-content\\\/uploads\\\/2024\\\/03\\\/@grandesite.png\",\"contentUrl\":\"https:\\\/\\\/inclusivenews.com.br\\\/wp-content\\\/uploads\\\/2024\\\/03\\\/@grandesite.png\",\"width\":1080,\"height\":1080,\"caption\":\"Inclusive - inclus\u00e3o e cidadania\"},\"image\":{\"@id\":\"https:\\\/\\\/inclusivenews.com.br\\\/#\\\/schema\\\/logo\\\/image\\\/\"},\"sameAs\":[\"https:\\\/\\\/www.facebook.com\\\/agenciainclusive\\\/\",\"https:\\\/\\\/www.instagram.com\\\/newsinclusive\\\/\"]},{\"@type\":\"Person\",\"@id\":\"https:\\\/\\\/inclusivenews.com.br\\\/#\\\/schema\\\/person\\\/ae4ec7087559b8692fb33b6fffd2273b\",\"name\":\"inclusivenews2024\",\"image\":{\"@type\":\"ImageObject\",\"inLanguage\":\"pt-PT\",\"@id\":\"https:\\\/\\\/secure.gravatar.com\\\/avatar\\\/c5a7ef84c66fa914f55bc4f7ce26cfa275a3b9a1c5568b907bd184fb4dde7b40?s=96&d=mm&r=g\",\"url\":\"https:\\\/\\\/secure.gravatar.com\\\/avatar\\\/c5a7ef84c66fa914f55bc4f7ce26cfa275a3b9a1c5568b907bd184fb4dde7b40?s=96&d=mm&r=g\",\"contentUrl\":\"https:\\\/\\\/secure.gravatar.com\\\/avatar\\\/c5a7ef84c66fa914f55bc4f7ce26cfa275a3b9a1c5568b907bd184fb4dde7b40?s=96&d=mm&r=g\",\"caption\":\"inclusivenews2024\"},\"sameAs\":[\"https:\\\/\\\/inclusivenews.com.br\"],\"url\":\"https:\\\/\\\/inclusivenews.com.br\\\/?author=1\"}]}<\/script>\n<!-- \/ Yoast SEO plugin. -->","yoast_head_json":{"title":"Emo\u00e7\u00e3o na formatura do ensino m\u00e9dio -","robots":{"index":"index","follow":"follow","max-snippet":"max-snippet:-1","max-image-preview":"max-image-preview:large","max-video-preview":"max-video-preview:-1"},"canonical":"https:\/\/inclusivenews.com.br\/?p=21830","og_locale":"pt_PT","og_type":"article","og_title":"Emo\u00e7\u00e3o na formatura do ensino m\u00e9dio -","og_description":"As estudantes Julliane Andreyse Martins Rodrigues, 32 anos, de S\u00e3o Manoel do PR e Francieli Daiana Bordin, 23 anos, de Japur\u00e1, est\u00e3o comemorando a formatura do Ensino M\u00e9dio. O fato seria comum se elas n\u00e3o tivessem a s\u00edndrome de Down. As mesmas driblaram o preconceito e venceram com m\u00e9rito.","og_url":"https:\/\/inclusivenews.com.br\/?p=21830","article_publisher":"https:\/\/www.facebook.com\/agenciainclusive\/","article_published_time":"2011-12-27T09:14:08+00:00","og_image":[{"url":"http:\/\/inclusivenews.com.br\/wp-content\/uploads\/diploma1-300x199.jpg","type":"","width":"","height":""}],"author":"inclusivenews2024","twitter_card":"summary_large_image","twitter_misc":{"Escrito por":"inclusivenews2024","Tempo estimado de leitura":"3 minutos"},"schema":{"@context":"https:\/\/schema.org","@graph":[{"@type":"Article","@id":"https:\/\/inclusivenews.com.br\/?p=21830#article","isPartOf":{"@id":"https:\/\/inclusivenews.com.br\/?p=21830"},"author":{"name":"inclusivenews2024","@id":"https:\/\/inclusivenews.com.br\/#\/schema\/person\/ae4ec7087559b8692fb33b6fffd2273b"},"headline":"Emo\u00e7\u00e3o na formatura do ensino m\u00e9dio","datePublished":"2011-12-27T09:14:08+00:00","mainEntityOfPage":{"@id":"https:\/\/inclusivenews.com.br\/?p=21830"},"wordCount":633,"commentCount":2,"publisher":{"@id":"https:\/\/inclusivenews.com.br\/#organization"},"image":{"@id":"https:\/\/inclusivenews.com.br\/?p=21830#primaryimage"},"thumbnailUrl":"http:\/\/inclusivenews.com.br\/wp-content\/uploads\/diploma1-300x199.jpg","articleSection":["Defici\u00eancia","EDUCA\u00c7\u00c3O","INCLUS\u00c3O SOCIAL","NOT\u00cdCIAS"],"inLanguage":"pt-PT","potentialAction":[{"@type":"CommentAction","name":"Comment","target":["https:\/\/inclusivenews.com.br\/?p=21830#respond"]}]},{"@type":"WebPage","@id":"https:\/\/inclusivenews.com.br\/?p=21830","url":"https:\/\/inclusivenews.com.br\/?p=21830","name":"Emo\u00e7\u00e3o na formatura do ensino m\u00e9dio -","isPartOf":{"@id":"https:\/\/inclusivenews.com.br\/#website"},"primaryImageOfPage":{"@id":"https:\/\/inclusivenews.com.br\/?p=21830#primaryimage"},"image":{"@id":"https:\/\/inclusivenews.com.br\/?p=21830#primaryimage"},"thumbnailUrl":"http:\/\/inclusivenews.com.br\/wp-content\/uploads\/diploma1-300x199.jpg","datePublished":"2011-12-27T09:14:08+00:00","breadcrumb":{"@id":"https:\/\/inclusivenews.com.br\/?p=21830#breadcrumb"},"inLanguage":"pt-PT","potentialAction":[{"@type":"ReadAction","target":["https:\/\/inclusivenews.com.br\/?p=21830"]}]},{"@type":"ImageObject","inLanguage":"pt-PT","@id":"https:\/\/inclusivenews.com.br\/?p=21830#primaryimage","url":"","contentUrl":""},{"@type":"BreadcrumbList","@id":"https:\/\/inclusivenews.com.br\/?p=21830#breadcrumb","itemListElement":[{"@type":"ListItem","position":1,"name":"In\u00edcio","item":"https:\/\/inclusivenews.com.br\/"},{"@type":"ListItem","position":2,"name":"Emo\u00e7\u00e3o na formatura do ensino m\u00e9dio"}]},{"@type":"WebSite","@id":"https:\/\/inclusivenews.com.br\/#website","url":"https:\/\/inclusivenews.com.br\/","name":"Inclusive News","description":"Inclusive News","publisher":{"@id":"https:\/\/inclusivenews.com.br\/#organization"},"potentialAction":[{"@type":"SearchAction","target":{"@type":"EntryPoint","urlTemplate":"https:\/\/inclusivenews.com.br\/?s={search_term_string}"},"query-input":{"@type":"PropertyValueSpecification","valueRequired":true,"valueName":"search_term_string"}}],"inLanguage":"pt-PT"},{"@type":"Organization","@id":"https:\/\/inclusivenews.com.br\/#organization","name":"Inclusive - inclus\u00e3o e cidadania","url":"https:\/\/inclusivenews.com.br\/","logo":{"@type":"ImageObject","inLanguage":"pt-PT","@id":"https:\/\/inclusivenews.com.br\/#\/schema\/logo\/image\/","url":"https:\/\/inclusivenews.com.br\/wp-content\/uploads\/2024\/03\/@grandesite.png","contentUrl":"https:\/\/inclusivenews.com.br\/wp-content\/uploads\/2024\/03\/@grandesite.png","width":1080,"height":1080,"caption":"Inclusive - inclus\u00e3o e cidadania"},"image":{"@id":"https:\/\/inclusivenews.com.br\/#\/schema\/logo\/image\/"},"sameAs":["https:\/\/www.facebook.com\/agenciainclusive\/","https:\/\/www.instagram.com\/newsinclusive\/"]},{"@type":"Person","@id":"https:\/\/inclusivenews.com.br\/#\/schema\/person\/ae4ec7087559b8692fb33b6fffd2273b","name":"inclusivenews2024","image":{"@type":"ImageObject","inLanguage":"pt-PT","@id":"https:\/\/secure.gravatar.com\/avatar\/c5a7ef84c66fa914f55bc4f7ce26cfa275a3b9a1c5568b907bd184fb4dde7b40?s=96&d=mm&r=g","url":"https:\/\/secure.gravatar.com\/avatar\/c5a7ef84c66fa914f55bc4f7ce26cfa275a3b9a1c5568b907bd184fb4dde7b40?s=96&d=mm&r=g","contentUrl":"https:\/\/secure.gravatar.com\/avatar\/c5a7ef84c66fa914f55bc4f7ce26cfa275a3b9a1c5568b907bd184fb4dde7b40?s=96&d=mm&r=g","caption":"inclusivenews2024"},"sameAs":["https:\/\/inclusivenews.com.br"],"url":"https:\/\/inclusivenews.com.br\/?author=1"}]}},"_links":{"self":[{"href":"https:\/\/inclusivenews.com.br\/index.php?rest_route=\/wp\/v2\/posts\/21830","targetHints":{"allow":["GET"]}}],"collection":[{"href":"https:\/\/inclusivenews.com.br\/index.php?rest_route=\/wp\/v2\/posts"}],"about":[{"href":"https:\/\/inclusivenews.com.br\/index.php?rest_route=\/wp\/v2\/types\/post"}],"author":[{"embeddable":true,"href":"https:\/\/inclusivenews.com.br\/index.php?rest_route=\/wp\/v2\/users\/1"}],"replies":[{"embeddable":true,"href":"https:\/\/inclusivenews.com.br\/index.php?rest_route=%2Fwp%2Fv2%2Fcomments&post=21830"}],"version-history":[{"count":0,"href":"https:\/\/inclusivenews.com.br\/index.php?rest_route=\/wp\/v2\/posts\/21830\/revisions"}],"wp:attachment":[{"href":"https:\/\/inclusivenews.com.br\/index.php?rest_route=%2Fwp%2Fv2%2Fmedia&parent=21830"}],"wp:term":[{"taxonomy":"category","embeddable":true,"href":"https:\/\/inclusivenews.com.br\/index.php?rest_route=%2Fwp%2Fv2%2Fcategories&post=21830"},{"taxonomy":"post_tag","embeddable":true,"href":"https:\/\/inclusivenews.com.br\/index.php?rest_route=%2Fwp%2Fv2%2Ftags&post=21830"}],"curies":[{"name":"wp","href":"https:\/\/api.w.org\/{rel}","templated":true}]}}