{"id":21835,"date":"2011-12-28T13:17:34","date_gmt":"2011-12-28T16:17:34","guid":{"rendered":"http:\/\/www.inclusive.org.br\/?p=21835"},"modified":"2011-12-28T13:17:34","modified_gmt":"2011-12-28T16:17:34","slug":"copa-de-graca","status":"publish","type":"post","link":"https:\/\/inclusivenews.com.br\/?p=21835","title":{"rendered":"Copa de gra\u00e7a?"},"content":{"rendered":"<p><img loading=\"lazy\" decoding=\"async\" class=\"alignleft size-medium wp-image-21839\" title=\"copa-2014\" src=\"http:\/\/inclusivenews.com.br\/wp-content\/uploads\/copa-2014-260x300.jpg\" alt=\"Papagaio verde e amarelo - logotipo da Copa do Brasil 2014 - Fifa World Cup\" width=\"260\" height=\"300\" \/>Quanto custa a dignidade das pessoas com defici\u00eancia?<\/p>\n<p>Estou passando as f\u00e9rias de fim de ano com minha fam\u00edlia e amigos na Fl\u00f3rida. Um dos objetivos principais da viagem \u00e9 levar minha filha mais nova Amanda, de 7 anos, que tem s\u00edndrome de Down, nos parques da Disney.<\/p>\n<p>Daqui leio pela internet uma not\u00edcia em todos os jornais: Rom\u00e1rio e Ronaldo anunciam a doa\u00e7\u00e3o de 32 mil ingressos para deficientes.<\/p>\n<p>O primeiro pensamento que me vem a mente \u00e9 que legal! Mas logo depois, um sabor amargo come\u00e7a a vir \u00e0 boca&#8230;<\/p>\n<p>Como militante do movimento das pessoas com defici\u00eancia, desde o nascimento da minha filha tenho me empenhado para que essa parcela da popula\u00e7\u00e3o tenha garantidos os mesmos direitos que qualquer cidad\u00e3o, em igualdade de condi\u00e7\u00f5es.<\/p>\n<p>Ou seja, se toda popula\u00e7\u00e3o pode assistir a uma partida de futebol em um est\u00e1dio, esse est\u00e1dio tem que estar apto a receber qualquer pessoa. Para isso tem que ter as condi\u00e7\u00f5es de acessibilidade que permitam a um usu\u00e1rio de cadeira de rodas, por exemplo, se locomover at\u00e9 a arquibancada, cadeiras, ou onde quer que ele tenha adquirido o seu ingresso.<\/p>\n<p>H\u00e1 pouco tempo, outra <a href=\"http:\/\/turismoadaptado.wordpress.com\/2011\/04\/26\/projetos-de-estadios-para-a-copa-2014-nao-atendem-decreto-sobre-acessibilidade\/\">not\u00edcia relacionando defici\u00eancia e Copa<\/a> n\u00e3o recebeu tanto destaque. alegando limita\u00e7\u00f5es de tempo e recursos, os respons\u00e1veis pelas obras dos novos est\u00e1dios que est\u00e3o sendo constru\u00eddos para a Copa de 2014 querem reduzir os crit\u00e9rios de acessibilidade, contrariando legisla\u00e7\u00e3o que diz que todos os espa\u00e7os p\u00fablicos devem obedecer ao desenho universal.<\/p>\n<p>Em meio a esse cen\u00e1rio, a CBF &#8220;concede&#8221; ao Deputado Rom\u00e1rio, a gratuidade de ingressos para os jogos da Copa a 32 mil torcedores com defici\u00eancia. O sabor na boca vai ficando cada vez mais amargo&#8230; Em nosso pa\u00eds temos, segundo o Censo 2010, 45 milh\u00f5es de brasileiros com defici\u00eancia&#8230;<\/p>\n<p>Mesmo acreditando que o Deputado Rom\u00e1rio n\u00e3o vai esmorecer na cobran\u00e7a dos crit\u00e9rios de acessibilidade dos est\u00e1dios, como vem fazendo at\u00e9 agora, e n\u00e3o tendo d\u00favidas sobre suas boas inten\u00e7\u00f5es, gestos como estes fazem muito mais mal do que bem ao ideal de igualdade que tanto almejamos.<\/p>\n<p>A imagem que fica, a mensagem que \u00e9 refor\u00e7ada, \u00e9 de que os \u201cdeficientes\u201d s\u00e3o coitadinhos, que n\u00e3o t\u00eam condi\u00e7\u00f5es de comprar ingressos para assistir aos jogos da Copa e que se contentam com migalhas. \u00c9 o popular \u201ccala a boca\u201d, que tanto tem servido para empurrar problemas com a barriga em nosso pa\u00eds e que, lamentavelmente, ainda s\u00e3o aceitos com profundos agradecimentos e l\u00e1grimas nos olhos.<\/p>\n<p>N\u00e3o h\u00e1 como n\u00e3o sentir o brio ferido pela esmola dissimulada, o assistencialismo disfar\u00e7ado, a atitude paternalista que nos esfor\u00e7amos para combater.<\/p>\n<p>Enquanto isso, aqui na Disney, paguei o ingresso como qualquer pessoa para minha filha que tem s\u00edndrome de Down. Na entrada do parque digo que ela tem defici\u00eancia e que precisa de alguns ajustes para aproveitar o parque. Aviso que ela tem dificuldade de esperar por muito tempo e que com isso pode se tornar agitada.<\/p>\n<p>O rapaz que nos atende nos d\u00e1 uma etiqueta para colocar no carrinho para, dessa maneira, termos prioridade nas filas e levarmos o carrinho at\u00e9 \u00e0 entrada das atra\u00e7\u00f5es, mesmo onde isso n\u00e3o \u00e9 permitido a outras pessoas. At\u00e9 6 pessoas que est\u00e3o em nosso grupo podem acompanh\u00e1-la.<\/p>\n<p>H\u00e1 v\u00e1rios funcion\u00e1rios com defici\u00eancia trabalhando na Disney. Todos os recepcionistas dos brinquedos est\u00e3o capacitados para atender visitantes com todos os tipos de necessidade. Todos os parques s\u00e3o acess\u00edveis a cadeiras de rodas (e carrinhos).<\/p>\n<p>Passamos dias felizes e satisfeitos, sem nem nos lembrarmos de que a Amanda tem s\u00edndrome de Down, pois as adapta\u00e7\u00f5es oferecidas a colocam em igualdade de condi\u00e7\u00f5es \u00e0s crian\u00e7as sem defici\u00eancia, assim como diz a Conven\u00e7\u00e3o sobre os Direitos das Pessoas com Defici\u00eancia.<\/p>\n<p>Mas minha filha n\u00e3o faz parte da m\u00e9dia dos brasileiros com defici\u00eancia. Ao contr\u00e1rio dos mais de oitenta por cento que vivem abaixo da linha da pobreza, conforme estimativa do Banco Mundial para pa\u00edses em desenvolvimento. Ela nasceu em uma fam\u00edlia de classe m\u00e9dia alta e n\u00e3o depende da caridade de ningu\u00e9m para comprar ingressos para um parque ou assistir a uma partida de futebol, ao contr\u00e1rio dos outros 44.975.000 torcedores com defici\u00eancia que n\u00e3o v\u00e3o ganhar um ingresso gratuito.<\/p>\n<p>\u00c9 por isso que precisamos muito da ajuda de todos os parlamentares. Mas ela ser\u00e1 muito mais bem-vinda se for para implementar a Conven\u00e7\u00e3o sobre os Direitos das Pessoas com Defici\u00eancia em sua totalidade, garantindo a todos os cidad\u00e3os com defici\u00eancia servi\u00e7os de sa\u00fade, educa\u00e7\u00e3o inclusiva de qualidade capacita\u00e7\u00e3o profissional e acesso ao mercado de trabalho, entre outros.<\/p>\n<p>Assim, TODOS poder\u00e3o adquirir ingressos, com dignidade e assistir os jogos em est\u00e1dios acess\u00edveis, torcendo pelo Brasil como qualquer brasileiro.<\/p>\n<p>Patricia Almeida, Coordenadora da Inclusive &#8211; Inclus\u00e3o e Cidadania<\/p>\n","protected":false},"excerpt":{"rendered":"<p>Quanto custa a dignidade das pessoas com defici\u00eancia?<\/p>\n","protected":false},"author":1,"featured_media":0,"comment_status":"open","ping_status":"open","sticky":false,"template":"","format":"standard","meta":{"site-container-style":"default","site-container-layout":"default","site-sidebar-layout":"default","disable-article-header":"default","disable-site-header":"default","disable-site-footer":"default","disable-content-area-spacing":"default","footnotes":""},"categories":[35,8],"tags":[],"class_list":["post-21835","post","type-post","status-publish","format-standard","hentry","category-de-nossa-parte","category-textos-e-artigos"],"yoast_head":"<!-- This site is optimized with the Yoast SEO plugin v27.5 - https:\/\/yoast.com\/product\/yoast-seo-wordpress\/ -->\n<title>Copa de gra\u00e7a? -<\/title>\n<meta name=\"robots\" content=\"index, follow, max-snippet:-1, max-image-preview:large, max-video-preview:-1\" \/>\n<link rel=\"canonical\" href=\"https:\/\/inclusivenews.com.br\/?p=21835\" \/>\n<meta property=\"og:locale\" content=\"pt_PT\" \/>\n<meta property=\"og:type\" content=\"article\" \/>\n<meta property=\"og:title\" content=\"Copa de gra\u00e7a? -\" \/>\n<meta property=\"og:description\" content=\"Quanto custa a dignidade das pessoas com defici\u00eancia?\" \/>\n<meta property=\"og:url\" content=\"https:\/\/inclusivenews.com.br\/?p=21835\" \/>\n<meta property=\"article:publisher\" content=\"https:\/\/www.facebook.com\/agenciainclusive\/\" \/>\n<meta property=\"article:published_time\" content=\"2011-12-28T16:17:34+00:00\" \/>\n<meta property=\"og:image\" content=\"http:\/\/inclusivenews.com.br\/wp-content\/uploads\/copa-2014-260x300.jpg\" \/>\n<meta name=\"author\" content=\"inclusivenews2024\" \/>\n<meta name=\"twitter:card\" content=\"summary_large_image\" \/>\n<meta name=\"twitter:label1\" content=\"Escrito por\" \/>\n\t<meta name=\"twitter:data1\" content=\"inclusivenews2024\" \/>\n\t<meta name=\"twitter:label2\" content=\"Tempo estimado de leitura\" \/>\n\t<meta name=\"twitter:data2\" content=\"4 minutos\" \/>\n<script type=\"application\/ld+json\" class=\"yoast-schema-graph\">{\"@context\":\"https:\\\/\\\/schema.org\",\"@graph\":[{\"@type\":\"Article\",\"@id\":\"https:\\\/\\\/inclusivenews.com.br\\\/?p=21835#article\",\"isPartOf\":{\"@id\":\"https:\\\/\\\/inclusivenews.com.br\\\/?p=21835\"},\"author\":{\"name\":\"inclusivenews2024\",\"@id\":\"https:\\\/\\\/inclusivenews.com.br\\\/#\\\/schema\\\/person\\\/ae4ec7087559b8692fb33b6fffd2273b\"},\"headline\":\"Copa de gra\u00e7a?\",\"datePublished\":\"2011-12-28T16:17:34+00:00\",\"mainEntityOfPage\":{\"@id\":\"https:\\\/\\\/inclusivenews.com.br\\\/?p=21835\"},\"wordCount\":865,\"commentCount\":12,\"publisher\":{\"@id\":\"https:\\\/\\\/inclusivenews.com.br\\\/#organization\"},\"image\":{\"@id\":\"https:\\\/\\\/inclusivenews.com.br\\\/?p=21835#primaryimage\"},\"thumbnailUrl\":\"http:\\\/\\\/inclusivenews.com.br\\\/wp-content\\\/uploads\\\/copa-2014-260x300.jpg\",\"articleSection\":[\"+ De nossa parte\",\"OPINI\u00c3O\"],\"inLanguage\":\"pt-PT\",\"potentialAction\":[{\"@type\":\"CommentAction\",\"name\":\"Comment\",\"target\":[\"https:\\\/\\\/inclusivenews.com.br\\\/?p=21835#respond\"]}]},{\"@type\":\"WebPage\",\"@id\":\"https:\\\/\\\/inclusivenews.com.br\\\/?p=21835\",\"url\":\"https:\\\/\\\/inclusivenews.com.br\\\/?p=21835\",\"name\":\"Copa de gra\u00e7a? -\",\"isPartOf\":{\"@id\":\"https:\\\/\\\/inclusivenews.com.br\\\/#website\"},\"primaryImageOfPage\":{\"@id\":\"https:\\\/\\\/inclusivenews.com.br\\\/?p=21835#primaryimage\"},\"image\":{\"@id\":\"https:\\\/\\\/inclusivenews.com.br\\\/?p=21835#primaryimage\"},\"thumbnailUrl\":\"http:\\\/\\\/inclusivenews.com.br\\\/wp-content\\\/uploads\\\/copa-2014-260x300.jpg\",\"datePublished\":\"2011-12-28T16:17:34+00:00\",\"breadcrumb\":{\"@id\":\"https:\\\/\\\/inclusivenews.com.br\\\/?p=21835#breadcrumb\"},\"inLanguage\":\"pt-PT\",\"potentialAction\":[{\"@type\":\"ReadAction\",\"target\":[\"https:\\\/\\\/inclusivenews.com.br\\\/?p=21835\"]}]},{\"@type\":\"ImageObject\",\"inLanguage\":\"pt-PT\",\"@id\":\"https:\\\/\\\/inclusivenews.com.br\\\/?p=21835#primaryimage\",\"url\":\"\",\"contentUrl\":\"\"},{\"@type\":\"BreadcrumbList\",\"@id\":\"https:\\\/\\\/inclusivenews.com.br\\\/?p=21835#breadcrumb\",\"itemListElement\":[{\"@type\":\"ListItem\",\"position\":1,\"name\":\"In\u00edcio\",\"item\":\"https:\\\/\\\/inclusivenews.com.br\\\/\"},{\"@type\":\"ListItem\",\"position\":2,\"name\":\"Copa de gra\u00e7a?\"}]},{\"@type\":\"WebSite\",\"@id\":\"https:\\\/\\\/inclusivenews.com.br\\\/#website\",\"url\":\"https:\\\/\\\/inclusivenews.com.br\\\/\",\"name\":\"Inclusive News\",\"description\":\"Inclusive News\",\"publisher\":{\"@id\":\"https:\\\/\\\/inclusivenews.com.br\\\/#organization\"},\"potentialAction\":[{\"@type\":\"SearchAction\",\"target\":{\"@type\":\"EntryPoint\",\"urlTemplate\":\"https:\\\/\\\/inclusivenews.com.br\\\/?s={search_term_string}\"},\"query-input\":{\"@type\":\"PropertyValueSpecification\",\"valueRequired\":true,\"valueName\":\"search_term_string\"}}],\"inLanguage\":\"pt-PT\"},{\"@type\":\"Organization\",\"@id\":\"https:\\\/\\\/inclusivenews.com.br\\\/#organization\",\"name\":\"Inclusive - inclus\u00e3o e cidadania\",\"url\":\"https:\\\/\\\/inclusivenews.com.br\\\/\",\"logo\":{\"@type\":\"ImageObject\",\"inLanguage\":\"pt-PT\",\"@id\":\"https:\\\/\\\/inclusivenews.com.br\\\/#\\\/schema\\\/logo\\\/image\\\/\",\"url\":\"https:\\\/\\\/inclusivenews.com.br\\\/wp-content\\\/uploads\\\/2024\\\/03\\\/@grandesite.png\",\"contentUrl\":\"https:\\\/\\\/inclusivenews.com.br\\\/wp-content\\\/uploads\\\/2024\\\/03\\\/@grandesite.png\",\"width\":1080,\"height\":1080,\"caption\":\"Inclusive - inclus\u00e3o e cidadania\"},\"image\":{\"@id\":\"https:\\\/\\\/inclusivenews.com.br\\\/#\\\/schema\\\/logo\\\/image\\\/\"},\"sameAs\":[\"https:\\\/\\\/www.facebook.com\\\/agenciainclusive\\\/\",\"https:\\\/\\\/www.instagram.com\\\/newsinclusive\\\/\"]},{\"@type\":\"Person\",\"@id\":\"https:\\\/\\\/inclusivenews.com.br\\\/#\\\/schema\\\/person\\\/ae4ec7087559b8692fb33b6fffd2273b\",\"name\":\"inclusivenews2024\",\"image\":{\"@type\":\"ImageObject\",\"inLanguage\":\"pt-PT\",\"@id\":\"https:\\\/\\\/secure.gravatar.com\\\/avatar\\\/c5a7ef84c66fa914f55bc4f7ce26cfa275a3b9a1c5568b907bd184fb4dde7b40?s=96&d=mm&r=g\",\"url\":\"https:\\\/\\\/secure.gravatar.com\\\/avatar\\\/c5a7ef84c66fa914f55bc4f7ce26cfa275a3b9a1c5568b907bd184fb4dde7b40?s=96&d=mm&r=g\",\"contentUrl\":\"https:\\\/\\\/secure.gravatar.com\\\/avatar\\\/c5a7ef84c66fa914f55bc4f7ce26cfa275a3b9a1c5568b907bd184fb4dde7b40?s=96&d=mm&r=g\",\"caption\":\"inclusivenews2024\"},\"sameAs\":[\"https:\\\/\\\/inclusivenews.com.br\"],\"url\":\"https:\\\/\\\/inclusivenews.com.br\\\/?author=1\"}]}<\/script>\n<!-- \/ Yoast SEO plugin. -->","yoast_head_json":{"title":"Copa de gra\u00e7a? -","robots":{"index":"index","follow":"follow","max-snippet":"max-snippet:-1","max-image-preview":"max-image-preview:large","max-video-preview":"max-video-preview:-1"},"canonical":"https:\/\/inclusivenews.com.br\/?p=21835","og_locale":"pt_PT","og_type":"article","og_title":"Copa de gra\u00e7a? -","og_description":"Quanto custa a dignidade das pessoas com defici\u00eancia?","og_url":"https:\/\/inclusivenews.com.br\/?p=21835","article_publisher":"https:\/\/www.facebook.com\/agenciainclusive\/","article_published_time":"2011-12-28T16:17:34+00:00","og_image":[{"url":"http:\/\/inclusivenews.com.br\/wp-content\/uploads\/copa-2014-260x300.jpg","type":"","width":"","height":""}],"author":"inclusivenews2024","twitter_card":"summary_large_image","twitter_misc":{"Escrito por":"inclusivenews2024","Tempo estimado de leitura":"4 minutos"},"schema":{"@context":"https:\/\/schema.org","@graph":[{"@type":"Article","@id":"https:\/\/inclusivenews.com.br\/?p=21835#article","isPartOf":{"@id":"https:\/\/inclusivenews.com.br\/?p=21835"},"author":{"name":"inclusivenews2024","@id":"https:\/\/inclusivenews.com.br\/#\/schema\/person\/ae4ec7087559b8692fb33b6fffd2273b"},"headline":"Copa de gra\u00e7a?","datePublished":"2011-12-28T16:17:34+00:00","mainEntityOfPage":{"@id":"https:\/\/inclusivenews.com.br\/?p=21835"},"wordCount":865,"commentCount":12,"publisher":{"@id":"https:\/\/inclusivenews.com.br\/#organization"},"image":{"@id":"https:\/\/inclusivenews.com.br\/?p=21835#primaryimage"},"thumbnailUrl":"http:\/\/inclusivenews.com.br\/wp-content\/uploads\/copa-2014-260x300.jpg","articleSection":["+ De nossa parte","OPINI\u00c3O"],"inLanguage":"pt-PT","potentialAction":[{"@type":"CommentAction","name":"Comment","target":["https:\/\/inclusivenews.com.br\/?p=21835#respond"]}]},{"@type":"WebPage","@id":"https:\/\/inclusivenews.com.br\/?p=21835","url":"https:\/\/inclusivenews.com.br\/?p=21835","name":"Copa de gra\u00e7a? -","isPartOf":{"@id":"https:\/\/inclusivenews.com.br\/#website"},"primaryImageOfPage":{"@id":"https:\/\/inclusivenews.com.br\/?p=21835#primaryimage"},"image":{"@id":"https:\/\/inclusivenews.com.br\/?p=21835#primaryimage"},"thumbnailUrl":"http:\/\/inclusivenews.com.br\/wp-content\/uploads\/copa-2014-260x300.jpg","datePublished":"2011-12-28T16:17:34+00:00","breadcrumb":{"@id":"https:\/\/inclusivenews.com.br\/?p=21835#breadcrumb"},"inLanguage":"pt-PT","potentialAction":[{"@type":"ReadAction","target":["https:\/\/inclusivenews.com.br\/?p=21835"]}]},{"@type":"ImageObject","inLanguage":"pt-PT","@id":"https:\/\/inclusivenews.com.br\/?p=21835#primaryimage","url":"","contentUrl":""},{"@type":"BreadcrumbList","@id":"https:\/\/inclusivenews.com.br\/?p=21835#breadcrumb","itemListElement":[{"@type":"ListItem","position":1,"name":"In\u00edcio","item":"https:\/\/inclusivenews.com.br\/"},{"@type":"ListItem","position":2,"name":"Copa de gra\u00e7a?"}]},{"@type":"WebSite","@id":"https:\/\/inclusivenews.com.br\/#website","url":"https:\/\/inclusivenews.com.br\/","name":"Inclusive News","description":"Inclusive News","publisher":{"@id":"https:\/\/inclusivenews.com.br\/#organization"},"potentialAction":[{"@type":"SearchAction","target":{"@type":"EntryPoint","urlTemplate":"https:\/\/inclusivenews.com.br\/?s={search_term_string}"},"query-input":{"@type":"PropertyValueSpecification","valueRequired":true,"valueName":"search_term_string"}}],"inLanguage":"pt-PT"},{"@type":"Organization","@id":"https:\/\/inclusivenews.com.br\/#organization","name":"Inclusive - inclus\u00e3o e cidadania","url":"https:\/\/inclusivenews.com.br\/","logo":{"@type":"ImageObject","inLanguage":"pt-PT","@id":"https:\/\/inclusivenews.com.br\/#\/schema\/logo\/image\/","url":"https:\/\/inclusivenews.com.br\/wp-content\/uploads\/2024\/03\/@grandesite.png","contentUrl":"https:\/\/inclusivenews.com.br\/wp-content\/uploads\/2024\/03\/@grandesite.png","width":1080,"height":1080,"caption":"Inclusive - inclus\u00e3o e cidadania"},"image":{"@id":"https:\/\/inclusivenews.com.br\/#\/schema\/logo\/image\/"},"sameAs":["https:\/\/www.facebook.com\/agenciainclusive\/","https:\/\/www.instagram.com\/newsinclusive\/"]},{"@type":"Person","@id":"https:\/\/inclusivenews.com.br\/#\/schema\/person\/ae4ec7087559b8692fb33b6fffd2273b","name":"inclusivenews2024","image":{"@type":"ImageObject","inLanguage":"pt-PT","@id":"https:\/\/secure.gravatar.com\/avatar\/c5a7ef84c66fa914f55bc4f7ce26cfa275a3b9a1c5568b907bd184fb4dde7b40?s=96&d=mm&r=g","url":"https:\/\/secure.gravatar.com\/avatar\/c5a7ef84c66fa914f55bc4f7ce26cfa275a3b9a1c5568b907bd184fb4dde7b40?s=96&d=mm&r=g","contentUrl":"https:\/\/secure.gravatar.com\/avatar\/c5a7ef84c66fa914f55bc4f7ce26cfa275a3b9a1c5568b907bd184fb4dde7b40?s=96&d=mm&r=g","caption":"inclusivenews2024"},"sameAs":["https:\/\/inclusivenews.com.br"],"url":"https:\/\/inclusivenews.com.br\/?author=1"}]}},"_links":{"self":[{"href":"https:\/\/inclusivenews.com.br\/index.php?rest_route=\/wp\/v2\/posts\/21835","targetHints":{"allow":["GET"]}}],"collection":[{"href":"https:\/\/inclusivenews.com.br\/index.php?rest_route=\/wp\/v2\/posts"}],"about":[{"href":"https:\/\/inclusivenews.com.br\/index.php?rest_route=\/wp\/v2\/types\/post"}],"author":[{"embeddable":true,"href":"https:\/\/inclusivenews.com.br\/index.php?rest_route=\/wp\/v2\/users\/1"}],"replies":[{"embeddable":true,"href":"https:\/\/inclusivenews.com.br\/index.php?rest_route=%2Fwp%2Fv2%2Fcomments&post=21835"}],"version-history":[{"count":0,"href":"https:\/\/inclusivenews.com.br\/index.php?rest_route=\/wp\/v2\/posts\/21835\/revisions"}],"wp:attachment":[{"href":"https:\/\/inclusivenews.com.br\/index.php?rest_route=%2Fwp%2Fv2%2Fmedia&parent=21835"}],"wp:term":[{"taxonomy":"category","embeddable":true,"href":"https:\/\/inclusivenews.com.br\/index.php?rest_route=%2Fwp%2Fv2%2Fcategories&post=21835"},{"taxonomy":"post_tag","embeddable":true,"href":"https:\/\/inclusivenews.com.br\/index.php?rest_route=%2Fwp%2Fv2%2Ftags&post=21835"}],"curies":[{"name":"wp","href":"https:\/\/api.w.org\/{rel}","templated":true}]}}