{"id":21838,"date":"2011-12-30T07:19:37","date_gmt":"2011-12-30T10:19:37","guid":{"rendered":"http:\/\/www.inclusive.org.br\/?p=21838"},"modified":"2011-12-30T07:19:37","modified_gmt":"2011-12-30T10:19:37","slug":"o-dialogo-impossivel-com-o-conservadorismo-antidemocratico","status":"publish","type":"post","link":"https:\/\/inclusivenews.com.br\/?p=21838","title":{"rendered":"O di\u00e1logo imposs\u00edvel com o conservadorismo antidemocr\u00e1tico"},"content":{"rendered":"<figure id=\"attachment_19938\" aria-describedby=\"caption-attachment-19938\" style=\"width: 219px\" class=\"wp-caption alignleft\"><img loading=\"lazy\" decoding=\"async\" class=\"size-medium wp-image-19938 \" title=\"exclus\u00e3o\" src=\"http:\/\/inclusivenews.com.br\/wp-content\/uploads\/exclus\u00e3o-219x300.jpg\" alt=\"5 bonecos de papel fazem roda enquanto um boneco fica de fora.\" width=\"219\" height=\"300\" \/><figcaption id=\"caption-attachment-19938\" class=\"wp-caption-text\"> <\/figcaption><\/figure>\n<p><strong>Por Fabiano Camilo<br \/>\nno Amalgama<br \/>\n<\/strong><\/p>\n<p>Um fato reteve minha aten\u00e7\u00e3o durante a sess\u00e3o da Comiss\u00e3o de Direitos Humanos \u2013 CDH do Senado em que foi discutido o PLC n. 122\/06, o qual terminou n\u00e3o sendo votado, porque a relatora, a senadora Marta Suplicy (PT-SP), o retirou para reexame: a presen\u00e7a de uma crian\u00e7a, um menino de idade entre 8 e 10 anos, que ora aplaudia entusiasticamente as falas contr\u00e1rias \u00e0 criminaliza\u00e7\u00e3o da homofobia, ora vaiava as falas favor\u00e1veis. \u00c0s vezes, ele erguia um cartaz, o qual era, sem d\u00favida, o mais idiota dentre todos os confeccionados pelos crist\u00e3os fundamentalistas que lotavam o plen\u00e1rio: \u201cVoc\u00ea s\u00f3 existe porque essa lei n\u00e3o existia\u201d. Aparentemente, n\u00e3o sabia o criador da frase que os senadores estavam reunidos para discutir a criminaliza\u00e7\u00e3o da homofobia, n\u00e3o um absurdo e inconstitucional projeto que institu\u00edsse a homossexualidade compuls\u00f3ria e proibisse a reprodu\u00e7\u00e3o humana no Brasil. Um dos problemas que inviabilizam o debate com os setores conservadores \u00e9 certamente o reduzido n\u00edvel intelectual do conservadorismo brasileiro. Ignoram e distorcem os fatos; insistem em repetir incansavelmente argumentos il\u00f3gicos h\u00e1 muito refutados; n\u00e3o respondem perguntas; n\u00e3o tentam, porque n\u00e3o conseguem, contestar os argumentos contr\u00e1rios \u2013 quando n\u00e3o usam e abusam do cinismo.<\/p>\n<p>O garoto homof\u00f3bico provavelmente se tornar\u00e1 um homem homof\u00f3bico. Quando praticar a homofobia na vida adulta, n\u00e3o faltar\u00e1 algu\u00e9m que, em ao menos uma ocasi\u00e3o, o acusar\u00e1 de ser um homossexual enrustido, esquecendo ou ignorando que, no mesmo processo em que foi compelido a se tornar heterossexual, ele aprendeu tamb\u00e9m a odiar todas as formas de manifesta\u00e7\u00e3o de g\u00eanero e de sexualidade contr\u00e1rias \u00e0 heterossexualidade normativa. Recentemente, um amigo me contou que cresceu em uma pequena cidade pr\u00f3xima a uma aldeia de \u00edndios Kaingang, onde as crian\u00e7as n\u00e3o \u00edndias aprendiam muito cedo a ofender umas \u00e0s outras xingando-se de \u201cseu \u00edndio\u201d. O \u00f3dio ao outro \u00e9 uma educa\u00e7\u00e3o.<\/p>\n<p>Terminou ontem a 2\u00aa Confer\u00eancia Nacional de Pol\u00edticas P\u00fablicas e Direitos Humanos de LGBT, promovida pela Secretaria de Direitos Humanos. Em 2008, o presidente Lula discursou na abertura da 1\u00aa Confer\u00eancia. Em 2011, a presidenta Dilma Rousseff n\u00e3o compareceu ao evento, encarregando tr\u00eas ministros da fun\u00e7\u00e3o de represent\u00e1-la, ato simb\u00f3lico da desimport\u00e2ncia da quest\u00e3o queer na agenda do atual governo. Ironicamente, o homem nascido em Caet\u00e9s, que por muitos anos viveu em ambientes intensamente sexistas e homof\u00f3bicos \u2013 a cidadezinha do interior de Pernambuco, a f\u00e1brica metal\u00fargica, o sindicato \u2013 e que fez declara\u00e7\u00f5es p\u00fablicas homof\u00f3bicas, foi capaz de refletir sobre suas representa\u00e7\u00f5es e seus valores, de se autocriticar, de se recriar. Jamais esperei que Dilma enviasse ao Congresso Nacional um projeto de lei propondo a institui\u00e7\u00e3o do casamento igualit\u00e1rio. Contudo, nunca imaginei o retrocesso que est\u00e1 ocorrendo nos direitos e nas pol\u00edticas p\u00fablicas da popula\u00e7\u00e3o gay, l\u00e9sbica, bissexual, travesti e transexual, neste governo. Ou melhor, lan\u00e7ando um olhar para fora do gueto, nunca poderia imaginar o retrocesso em curso nos direitos humanos. \u00c9 sintom\u00e1tico da pol\u00edtica de direitos humanos do governo Dilma que a presidenta n\u00e3o tenha participado de nenhuma das confer\u00eancias nacionais realizadas este ano, exceto da 3\u00aa Confer\u00eancia Nacional de Pol\u00edticas para as Mulheres. Os direitos socioambientais, os direitos dos povos ind\u00edgenas, os direitos das comunidades tradicionais certamente s\u00e3o os que est\u00e3o sendo sistematicamente violados, quando n\u00e3o por omiss\u00e3o do Estado, pela a\u00e7\u00e3o do pr\u00f3prio Estado, em um governo em que prevalece uma ideologia desenvolvimentista, para a qual tudo o que se apresenta como um entrave para a consecu\u00e7\u00e3o do objetivo redentor, o desenvolvimento, que em nenhum momento \u00e9 objeto de uma reflex\u00e3o cr\u00edtica, \u00e9 considerado uma evid\u00eancia do atraso que necessita ser superado a qualquer custo.<\/p>\n<p>Do Executivo ao Legislativo a situa\u00e7\u00e3o n\u00e3o \u00e9 melhor. Tramitam no Congresso oito projetos que visam a proibir o reconhecimento legal das uni\u00f5es homoafetivas, propugnando que seja tornada sem efeito a decis\u00e3o do Supremo Tribunal Federal que equiparou a uni\u00e3o est\u00e1vel entre pessoas do mesmo g\u00eanero \u00e0 entidade familiar. No come\u00e7o do ano, a senadora Marta Suplicy (PT-SP) desarquivou o PLC n. 122\/06. No intuito de tentar assegurar a aprova\u00e7\u00e3o, efetuou altera\u00e7\u00f5es que comprometeram n\u00e3o apenas a letra, mas o esp\u00edrito do texto. O deputado federal Jean Wyllys (PSOL-RJ) criticou as concess\u00f5es de Marta \u00e0s bancadas cat\u00f3lica e evang\u00e9lica, cujos senadores, entretanto, permaneceram irredut\u00edveis: \u201cO que voc\u00eas achariam de um parlamentar afro-americano que negociasse uma lei antirracismo n\u00e3o com o movimento negro, mas com a Ku Klux Klan?\u201d.* Houve quem considerasse a compara\u00e7\u00e3o exagerada e injusta. A compara\u00e7\u00e3o, que n\u00e3o desmerece a trajet\u00f3ria passada de Marta em defesa das pessoas glbt\u2019s, me parece procedente: como a Ku Klux Klan, que se opunha e continua se opondo a todos os direitos da popula\u00e7\u00e3o negra dos Estados Unidos, os crist\u00e3os fundamentalistas brasileiros n\u00e3o aceitam a concess\u00e3o de nenhum direito \u00e0 popula\u00e7\u00e3o glbt, como evidencia o deputado federal Eduardo Cunha (PMDB-RJ), integrante da Frente Parlamentar Evang\u00e9lica da C\u00e2mara dos Deputados: \u201cA gente respeita, mas o \u00fanico problema \u00e9 que n\u00e3o concordamos com o reconhecimento [da uni\u00e3o entre pessoas do mesmo g\u00eanero] como fam\u00edlia. A sociedade n\u00e3o concorda e n\u00e3o aceita. \u00c9 uma minoria querendo impor \u00e0 maioria a op\u00e7\u00e3o deles. Por exemplo, a gente n\u00e3o concorda que uma crian\u00e7a seja criada por um casal homossexual. Isso \u00e9 substituir a fam\u00edlia\u201d. Acerca da criminaliza\u00e7\u00e3o da homofobia, ele assevera: \u201cN\u00e3o h\u00e1 necessidade de fazer projeto. A pena \u00e9 a mesma se voc\u00ea agride um homossexual ou um heterossexual. Voc\u00ea agrediu um ser humano. O Congresso representa a sociedade, se temos n\u00famero e nos articulamos, \u00e9 porque a maioria do pa\u00eds n\u00e3o concorda\u201d.<\/p>\n<p>N\u00e3o olvidemos que as palavras do deputado s\u00e3o polidas se comparadas \u00e0s de congressistas como Jair Bolsonaro (PP-RJ), Jo\u00e3o Campos (PSDB-GO) e Magno Malta (PR-ES). Se est\u00e1 convencido de sua posi\u00e7\u00e3o, Cunha deveria propor imediatamente um projeto de lei que revogasse na \u00edntegra a Lei n. 7.716\/89, que pune \u201cos crimes resultantes de discrimina\u00e7\u00e3o ou preconceito de ra\u00e7a, cor, etnia, religi\u00e3o ou proced\u00eancia nacional\u201d. Se n\u00e3o h\u00e1 necessidade de se criminalizar a homofobia, tampouco \u00e9 necess\u00e1rio que se mantenha a criminaliza\u00e7\u00e3o do preconceito e da discrimina\u00e7\u00e3o religiosos, bem como do racismo e da xenofobia.<\/p>\n<p>Na sess\u00e3o da CDH que discutiu o PLC n. 122\/06, a ex-senadora Marinor Brito (PSOL-PA), ecoando as palavras de Jean Wyllys e criticando a postura de Marta, sustentou que n\u00e3o h\u00e1 possibilidade de media\u00e7\u00e3o com quem, como o senador Magno Malta, afirma que n\u00e3o existe homofobia no Brasil. Com efeito, n\u00e3o somente n\u00e3o h\u00e1 como n\u00e3o \u00e9 nem necess\u00e1ria nem almej\u00e1vel. Toda tentativa de converg\u00eancia de interesses com quem nega a exist\u00eancia da homofobia, bem como do sexismo e do racismo, na sociedade brasileira \u00e9 torpe, vil. Significa uma tentativa de obten\u00e7\u00e3o de um consenso (inexequ\u00edvel) com homof\u00f3bicos, mas tamb\u00e9m com defensores da ditadura militar, corruptos e corruptores, promotores do obscurantismo e exploradores da f\u00e9, opositores dos direitos femininos, dos direitos reprodutivos e do aborto, das pesquisas com c\u00e9lulas-tronco embrion\u00e1rias.<\/p>\n<p>N\u00e3o obstante, a gravidade do problema \u2013 do qual a quest\u00e3o queer, assegurada sua especificidade, se configura como um exemplo \u2013 \u00e9 maior. Estamos vivenciado nos \u00faltimos anos no Brasil um recrudescimento dos ataques \u00e0 democracia, que os setores conservadores se esfor\u00e7am para que se degenere em uma ditadura da maioria, e aos direitos humanos, o qual ultrapassa o terreno das pr\u00e1ticas cotidianas, onde convivemos com os antigos desrespeitos costumeiros \u2013 nas ruas e avenidas de S\u00e3o Paulo onde glbt\u2019s s\u00e3o espancados; nos campos e nos territ\u00f3rios ind\u00edgenas do Mato Grosso do Sul; na floresta Amaz\u00f4nica; nas cidades que sediar\u00e3o os grandes eventos esportivos de 2014 e 2016, onde milhares de fam\u00edlias est\u00e3o sendo expulsas de seus lares e recebendo, quando recebem, indeniza\u00e7\u00f5es miser\u00e1veis \u2013, avan\u00e7ando sobre o terreno da legisla\u00e7\u00e3o. Naquela sess\u00e3o da CDH, ouvi os crist\u00e3os fundamentalistas entoarem em coro, contra o PLC n. 122\/06: \u201cA Constitui\u00e7\u00e3o n\u00e3o \u00e9 maior do que a B\u00edblia\u201d.<\/p>\n<p>O projeto conservador, que n\u00e3o apresenta somente um fundamento religioso, envolve tanto a denega\u00e7\u00e3o como a diminui\u00e7\u00e3o da prote\u00e7\u00e3o legal a diversos grupos sociais, como os povos ind\u00edgenas. N\u00e3o h\u00e1 possibilidade de discuss\u00e3o, a qual, como argumentei, n\u00e3o \u00e9 nem sequer um horizonte ao qual se deva aspirar, porque os conservadores se utilizam instrumentalmente da democracia para combater fundamentos (a dignidade da pessoa humana), objetivos (a constru\u00e7\u00e3o de uma sociedade livre, justa e solid\u00e1ria; a promo\u00e7\u00e3o do bem de todos, sem preconceitos de origem, ra\u00e7a, sexo, cor, idade e quaisquer outras formas de discrimina\u00e7\u00e3o) e direitos individuais e coletivos da Rep\u00fablica Federativa do Brasil, constitu\u00edda como Estado Democr\u00e1tico de Direito. O que est\u00e1 em causa n\u00e3o s\u00e3o apenas os direitos de tal ou qual grupo minorit\u00e1rio \u2013 glbt\u2019s, mulheres, povos ind\u00edgenas, quilombolas, comunidades tradicionais \u2013, mas a pr\u00f3pria democracia e os direitos humanos, a laicidade e a pluralidade, a justi\u00e7a social.<\/p>\n<p>* Na discuss\u00e3o que op\u00f4s a senadora e o deputado, podem ser feitas cr\u00edticas a Jean Wyllys tamb\u00e9m. Se ela, movida por nobres inten\u00e7\u00f5es, se equivoca, parece se alhear da realidade e estabelece acordos esp\u00farios, ele, ao reagir \u00e0 acusa\u00e7\u00e3o de que se conduzia com m\u00e1-f\u00e9, se arrogou um papel para o qual n\u00e3o foi eleito, como demonstra este tweet, datado de 8 de dezembro: \u201c\u00c9 dif\u00edcil para a senadora compreender que se ela \u00e9 uma aliada hist\u00f3rica, eu sou um homossexual que conhece no corpo o peso da homofobia\u201d. \u00c0 parte o fato de que heterossexuais tamb\u00e9m s\u00e3o v\u00edtimas de homofobia, como quando assumem uma posi\u00e7\u00e3o pol\u00edtica em defesa dos direitos da popula\u00e7\u00e3o glbt, \u00e9 dif\u00edcil para Wyllys compreender que a circunst\u00e2ncia de ser homossexual n\u00e3o lhe confere nenhuma posi\u00e7\u00e3o privilegiada para discutir a homofobia, dentro ou fora do Congresso. Importa t\u00e3o-somente seus argumentos, n\u00e3o sua orienta\u00e7\u00e3o sexual. Ele pode se apropriar de sua experi\u00eancia pessoal para pensar a homofobia, um problema social, mas de nada valer\u00e1 a poss\u00edvel for\u00e7a de sua experi\u00eancia se seu pensamento for fraco. Ele n\u00e3o possui uma autoridade enunciativa superior a de nenhum homem ou mulher heterossexual. Marta n\u00e3o \u00e9 aliada de ningu\u00e9m. N\u00e3o existem aliados da quest\u00e3o queer. Existem defensores dos direitos glbt\u2019s, que podem ser gays, l\u00e9sbicas, bissexuais, travestis, transexuais e, tamb\u00e9m, heterossexuais \u2013 simplesmente porque n\u00e3o existem aliados dos direitos humanos, mas apenas defensores ou opositores. A defesa dos direitos glbt\u2019s \u00e9 uma defesa dos direitos humanos.<\/p>\n<p>Fonte: <a href=\"http:\/\/www.amalgama.blog.br\/12\/2011\/o-dialogo-impossivel-com-o-conservadorismo-antidemocratico\/\">Amalgama<\/a><\/p>\n","protected":false},"excerpt":{"rendered":"<p>Por Fabiano Camilo, no Amalgama. O que est\u00e1 em causa n\u00e3o s\u00e3o apenas os direitos de tal ou qual grupo minorit\u00e1rio \u2013 glbt\u2019s, mulheres, povos ind\u00edgenas, quilombolas, comunidades tradicionais \u2013, mas a pr\u00f3pria democracia e os direitos humanos, a laicidade e a pluralidade, a justi\u00e7a social.<\/p>\n","protected":false},"author":1,"featured_media":0,"comment_status":"open","ping_status":"open","sticky":false,"template":"","format":"standard","meta":{"site-container-style":"default","site-container-layout":"default","site-sidebar-layout":"default","disable-article-header":"default","disable-site-header":"default","disable-site-footer":"default","disable-content-area-spacing":"default","footnotes":""},"categories":[11,26,8,41],"tags":[],"class_list":["post-21838","post","type-post","status-publish","format-standard","hentry","category-direitos-humanos","category-legislacao","category-textos-e-artigos","category-preconceito"],"yoast_head":"<!-- This site is optimized with the Yoast SEO plugin v27.5 - https:\/\/yoast.com\/product\/yoast-seo-wordpress\/ -->\n<title>O di\u00e1logo imposs\u00edvel com o conservadorismo antidemocr\u00e1tico -<\/title>\n<meta name=\"robots\" content=\"index, follow, max-snippet:-1, max-image-preview:large, max-video-preview:-1\" \/>\n<link rel=\"canonical\" href=\"https:\/\/inclusivenews.com.br\/?p=21838\" \/>\n<meta property=\"og:locale\" content=\"pt_PT\" \/>\n<meta property=\"og:type\" content=\"article\" \/>\n<meta property=\"og:title\" content=\"O di\u00e1logo imposs\u00edvel com o conservadorismo antidemocr\u00e1tico -\" \/>\n<meta property=\"og:description\" content=\"Por Fabiano Camilo, no Amalgama. O que est\u00e1 em causa n\u00e3o s\u00e3o apenas os direitos de tal ou qual grupo minorit\u00e1rio \u2013 glbt\u2019s, mulheres, povos ind\u00edgenas, quilombolas, comunidades tradicionais \u2013, mas a pr\u00f3pria democracia e os direitos humanos, a laicidade e a pluralidade, a justi\u00e7a social.\" \/>\n<meta property=\"og:url\" content=\"https:\/\/inclusivenews.com.br\/?p=21838\" \/>\n<meta property=\"article:publisher\" content=\"https:\/\/www.facebook.com\/agenciainclusive\/\" \/>\n<meta property=\"article:published_time\" content=\"2011-12-30T10:19:37+00:00\" \/>\n<meta name=\"author\" content=\"inclusivenews2024\" \/>\n<meta name=\"twitter:card\" content=\"summary_large_image\" \/>\n<meta name=\"twitter:label1\" content=\"Escrito por\" \/>\n\t<meta name=\"twitter:data1\" content=\"inclusivenews2024\" \/>\n\t<meta name=\"twitter:label2\" content=\"Tempo estimado de leitura\" \/>\n\t<meta name=\"twitter:data2\" content=\"9 minutos\" \/>\n<script type=\"application\/ld+json\" class=\"yoast-schema-graph\">{\"@context\":\"https:\\\/\\\/schema.org\",\"@graph\":[{\"@type\":\"Article\",\"@id\":\"https:\\\/\\\/inclusivenews.com.br\\\/?p=21838#article\",\"isPartOf\":{\"@id\":\"https:\\\/\\\/inclusivenews.com.br\\\/?p=21838\"},\"author\":{\"name\":\"inclusivenews2024\",\"@id\":\"https:\\\/\\\/inclusivenews.com.br\\\/#\\\/schema\\\/person\\\/ae4ec7087559b8692fb33b6fffd2273b\"},\"headline\":\"O di\u00e1logo imposs\u00edvel com o conservadorismo antidemocr\u00e1tico\",\"datePublished\":\"2011-12-30T10:19:37+00:00\",\"mainEntityOfPage\":{\"@id\":\"https:\\\/\\\/inclusivenews.com.br\\\/?p=21838\"},\"wordCount\":1895,\"commentCount\":0,\"publisher\":{\"@id\":\"https:\\\/\\\/inclusivenews.com.br\\\/#organization\"},\"articleSection\":[\"DIREITOS HUMANOS\",\"Legisla\u00e7\u00e3o ...\",\"OPINI\u00c3O\",\"Preconceito\"],\"inLanguage\":\"pt-PT\",\"potentialAction\":[{\"@type\":\"CommentAction\",\"name\":\"Comment\",\"target\":[\"https:\\\/\\\/inclusivenews.com.br\\\/?p=21838#respond\"]}]},{\"@type\":\"WebPage\",\"@id\":\"https:\\\/\\\/inclusivenews.com.br\\\/?p=21838\",\"url\":\"https:\\\/\\\/inclusivenews.com.br\\\/?p=21838\",\"name\":\"O di\u00e1logo imposs\u00edvel com o conservadorismo antidemocr\u00e1tico -\",\"isPartOf\":{\"@id\":\"https:\\\/\\\/inclusivenews.com.br\\\/#website\"},\"datePublished\":\"2011-12-30T10:19:37+00:00\",\"breadcrumb\":{\"@id\":\"https:\\\/\\\/inclusivenews.com.br\\\/?p=21838#breadcrumb\"},\"inLanguage\":\"pt-PT\",\"potentialAction\":[{\"@type\":\"ReadAction\",\"target\":[\"https:\\\/\\\/inclusivenews.com.br\\\/?p=21838\"]}]},{\"@type\":\"BreadcrumbList\",\"@id\":\"https:\\\/\\\/inclusivenews.com.br\\\/?p=21838#breadcrumb\",\"itemListElement\":[{\"@type\":\"ListItem\",\"position\":1,\"name\":\"In\u00edcio\",\"item\":\"https:\\\/\\\/inclusivenews.com.br\\\/\"},{\"@type\":\"ListItem\",\"position\":2,\"name\":\"O di\u00e1logo imposs\u00edvel com o conservadorismo antidemocr\u00e1tico\"}]},{\"@type\":\"WebSite\",\"@id\":\"https:\\\/\\\/inclusivenews.com.br\\\/#website\",\"url\":\"https:\\\/\\\/inclusivenews.com.br\\\/\",\"name\":\"Inclusive News\",\"description\":\"Inclusive News\",\"publisher\":{\"@id\":\"https:\\\/\\\/inclusivenews.com.br\\\/#organization\"},\"potentialAction\":[{\"@type\":\"SearchAction\",\"target\":{\"@type\":\"EntryPoint\",\"urlTemplate\":\"https:\\\/\\\/inclusivenews.com.br\\\/?s={search_term_string}\"},\"query-input\":{\"@type\":\"PropertyValueSpecification\",\"valueRequired\":true,\"valueName\":\"search_term_string\"}}],\"inLanguage\":\"pt-PT\"},{\"@type\":\"Organization\",\"@id\":\"https:\\\/\\\/inclusivenews.com.br\\\/#organization\",\"name\":\"Inclusive - inclus\u00e3o e cidadania\",\"url\":\"https:\\\/\\\/inclusivenews.com.br\\\/\",\"logo\":{\"@type\":\"ImageObject\",\"inLanguage\":\"pt-PT\",\"@id\":\"https:\\\/\\\/inclusivenews.com.br\\\/#\\\/schema\\\/logo\\\/image\\\/\",\"url\":\"https:\\\/\\\/inclusivenews.com.br\\\/wp-content\\\/uploads\\\/2024\\\/03\\\/@grandesite.png\",\"contentUrl\":\"https:\\\/\\\/inclusivenews.com.br\\\/wp-content\\\/uploads\\\/2024\\\/03\\\/@grandesite.png\",\"width\":1080,\"height\":1080,\"caption\":\"Inclusive - inclus\u00e3o e cidadania\"},\"image\":{\"@id\":\"https:\\\/\\\/inclusivenews.com.br\\\/#\\\/schema\\\/logo\\\/image\\\/\"},\"sameAs\":[\"https:\\\/\\\/www.facebook.com\\\/agenciainclusive\\\/\",\"https:\\\/\\\/www.instagram.com\\\/newsinclusive\\\/\"]},{\"@type\":\"Person\",\"@id\":\"https:\\\/\\\/inclusivenews.com.br\\\/#\\\/schema\\\/person\\\/ae4ec7087559b8692fb33b6fffd2273b\",\"name\":\"inclusivenews2024\",\"image\":{\"@type\":\"ImageObject\",\"inLanguage\":\"pt-PT\",\"@id\":\"https:\\\/\\\/secure.gravatar.com\\\/avatar\\\/c5a7ef84c66fa914f55bc4f7ce26cfa275a3b9a1c5568b907bd184fb4dde7b40?s=96&d=mm&r=g\",\"url\":\"https:\\\/\\\/secure.gravatar.com\\\/avatar\\\/c5a7ef84c66fa914f55bc4f7ce26cfa275a3b9a1c5568b907bd184fb4dde7b40?s=96&d=mm&r=g\",\"contentUrl\":\"https:\\\/\\\/secure.gravatar.com\\\/avatar\\\/c5a7ef84c66fa914f55bc4f7ce26cfa275a3b9a1c5568b907bd184fb4dde7b40?s=96&d=mm&r=g\",\"caption\":\"inclusivenews2024\"},\"sameAs\":[\"https:\\\/\\\/inclusivenews.com.br\"],\"url\":\"https:\\\/\\\/inclusivenews.com.br\\\/?author=1\"}]}<\/script>\n<!-- \/ Yoast SEO plugin. -->","yoast_head_json":{"title":"O di\u00e1logo imposs\u00edvel com o conservadorismo antidemocr\u00e1tico -","robots":{"index":"index","follow":"follow","max-snippet":"max-snippet:-1","max-image-preview":"max-image-preview:large","max-video-preview":"max-video-preview:-1"},"canonical":"https:\/\/inclusivenews.com.br\/?p=21838","og_locale":"pt_PT","og_type":"article","og_title":"O di\u00e1logo imposs\u00edvel com o conservadorismo antidemocr\u00e1tico -","og_description":"Por Fabiano Camilo, no Amalgama. O que est\u00e1 em causa n\u00e3o s\u00e3o apenas os direitos de tal ou qual grupo minorit\u00e1rio \u2013 glbt\u2019s, mulheres, povos ind\u00edgenas, quilombolas, comunidades tradicionais \u2013, mas a pr\u00f3pria democracia e os direitos humanos, a laicidade e a pluralidade, a justi\u00e7a social.","og_url":"https:\/\/inclusivenews.com.br\/?p=21838","article_publisher":"https:\/\/www.facebook.com\/agenciainclusive\/","article_published_time":"2011-12-30T10:19:37+00:00","author":"inclusivenews2024","twitter_card":"summary_large_image","twitter_misc":{"Escrito por":"inclusivenews2024","Tempo estimado de leitura":"9 minutos"},"schema":{"@context":"https:\/\/schema.org","@graph":[{"@type":"Article","@id":"https:\/\/inclusivenews.com.br\/?p=21838#article","isPartOf":{"@id":"https:\/\/inclusivenews.com.br\/?p=21838"},"author":{"name":"inclusivenews2024","@id":"https:\/\/inclusivenews.com.br\/#\/schema\/person\/ae4ec7087559b8692fb33b6fffd2273b"},"headline":"O di\u00e1logo imposs\u00edvel com o conservadorismo antidemocr\u00e1tico","datePublished":"2011-12-30T10:19:37+00:00","mainEntityOfPage":{"@id":"https:\/\/inclusivenews.com.br\/?p=21838"},"wordCount":1895,"commentCount":0,"publisher":{"@id":"https:\/\/inclusivenews.com.br\/#organization"},"articleSection":["DIREITOS HUMANOS","Legisla\u00e7\u00e3o ...","OPINI\u00c3O","Preconceito"],"inLanguage":"pt-PT","potentialAction":[{"@type":"CommentAction","name":"Comment","target":["https:\/\/inclusivenews.com.br\/?p=21838#respond"]}]},{"@type":"WebPage","@id":"https:\/\/inclusivenews.com.br\/?p=21838","url":"https:\/\/inclusivenews.com.br\/?p=21838","name":"O di\u00e1logo imposs\u00edvel com o conservadorismo antidemocr\u00e1tico -","isPartOf":{"@id":"https:\/\/inclusivenews.com.br\/#website"},"datePublished":"2011-12-30T10:19:37+00:00","breadcrumb":{"@id":"https:\/\/inclusivenews.com.br\/?p=21838#breadcrumb"},"inLanguage":"pt-PT","potentialAction":[{"@type":"ReadAction","target":["https:\/\/inclusivenews.com.br\/?p=21838"]}]},{"@type":"BreadcrumbList","@id":"https:\/\/inclusivenews.com.br\/?p=21838#breadcrumb","itemListElement":[{"@type":"ListItem","position":1,"name":"In\u00edcio","item":"https:\/\/inclusivenews.com.br\/"},{"@type":"ListItem","position":2,"name":"O di\u00e1logo imposs\u00edvel com o conservadorismo antidemocr\u00e1tico"}]},{"@type":"WebSite","@id":"https:\/\/inclusivenews.com.br\/#website","url":"https:\/\/inclusivenews.com.br\/","name":"Inclusive News","description":"Inclusive News","publisher":{"@id":"https:\/\/inclusivenews.com.br\/#organization"},"potentialAction":[{"@type":"SearchAction","target":{"@type":"EntryPoint","urlTemplate":"https:\/\/inclusivenews.com.br\/?s={search_term_string}"},"query-input":{"@type":"PropertyValueSpecification","valueRequired":true,"valueName":"search_term_string"}}],"inLanguage":"pt-PT"},{"@type":"Organization","@id":"https:\/\/inclusivenews.com.br\/#organization","name":"Inclusive - inclus\u00e3o e cidadania","url":"https:\/\/inclusivenews.com.br\/","logo":{"@type":"ImageObject","inLanguage":"pt-PT","@id":"https:\/\/inclusivenews.com.br\/#\/schema\/logo\/image\/","url":"https:\/\/inclusivenews.com.br\/wp-content\/uploads\/2024\/03\/@grandesite.png","contentUrl":"https:\/\/inclusivenews.com.br\/wp-content\/uploads\/2024\/03\/@grandesite.png","width":1080,"height":1080,"caption":"Inclusive - inclus\u00e3o e cidadania"},"image":{"@id":"https:\/\/inclusivenews.com.br\/#\/schema\/logo\/image\/"},"sameAs":["https:\/\/www.facebook.com\/agenciainclusive\/","https:\/\/www.instagram.com\/newsinclusive\/"]},{"@type":"Person","@id":"https:\/\/inclusivenews.com.br\/#\/schema\/person\/ae4ec7087559b8692fb33b6fffd2273b","name":"inclusivenews2024","image":{"@type":"ImageObject","inLanguage":"pt-PT","@id":"https:\/\/secure.gravatar.com\/avatar\/c5a7ef84c66fa914f55bc4f7ce26cfa275a3b9a1c5568b907bd184fb4dde7b40?s=96&d=mm&r=g","url":"https:\/\/secure.gravatar.com\/avatar\/c5a7ef84c66fa914f55bc4f7ce26cfa275a3b9a1c5568b907bd184fb4dde7b40?s=96&d=mm&r=g","contentUrl":"https:\/\/secure.gravatar.com\/avatar\/c5a7ef84c66fa914f55bc4f7ce26cfa275a3b9a1c5568b907bd184fb4dde7b40?s=96&d=mm&r=g","caption":"inclusivenews2024"},"sameAs":["https:\/\/inclusivenews.com.br"],"url":"https:\/\/inclusivenews.com.br\/?author=1"}]}},"_links":{"self":[{"href":"https:\/\/inclusivenews.com.br\/index.php?rest_route=\/wp\/v2\/posts\/21838","targetHints":{"allow":["GET"]}}],"collection":[{"href":"https:\/\/inclusivenews.com.br\/index.php?rest_route=\/wp\/v2\/posts"}],"about":[{"href":"https:\/\/inclusivenews.com.br\/index.php?rest_route=\/wp\/v2\/types\/post"}],"author":[{"embeddable":true,"href":"https:\/\/inclusivenews.com.br\/index.php?rest_route=\/wp\/v2\/users\/1"}],"replies":[{"embeddable":true,"href":"https:\/\/inclusivenews.com.br\/index.php?rest_route=%2Fwp%2Fv2%2Fcomments&post=21838"}],"version-history":[{"count":0,"href":"https:\/\/inclusivenews.com.br\/index.php?rest_route=\/wp\/v2\/posts\/21838\/revisions"}],"wp:attachment":[{"href":"https:\/\/inclusivenews.com.br\/index.php?rest_route=%2Fwp%2Fv2%2Fmedia&parent=21838"}],"wp:term":[{"taxonomy":"category","embeddable":true,"href":"https:\/\/inclusivenews.com.br\/index.php?rest_route=%2Fwp%2Fv2%2Fcategories&post=21838"},{"taxonomy":"post_tag","embeddable":true,"href":"https:\/\/inclusivenews.com.br\/index.php?rest_route=%2Fwp%2Fv2%2Ftags&post=21838"}],"curies":[{"name":"wp","href":"https:\/\/api.w.org\/{rel}","templated":true}]}}