{"id":21842,"date":"2011-12-30T07:21:35","date_gmt":"2011-12-30T10:21:35","guid":{"rendered":"http:\/\/www.inclusive.org.br\/?p=21842"},"modified":"2011-12-30T07:21:35","modified_gmt":"2011-12-30T10:21:35","slug":"prisao-perpetua-dos-doentes-mentais-descaso-da-sociedade","status":"publish","type":"post","link":"https:\/\/inclusivenews.com.br\/?p=21842","title":{"rendered":"Pris\u00e3o perp\u00e9tua dos doentes mentais \u2013 Descaso da sociedade"},"content":{"rendered":"<figure id=\"attachment_21164\" aria-describedby=\"caption-attachment-21164\" style=\"width: 225px\" class=\"wp-caption alignleft\"><img loading=\"lazy\" decoding=\"async\" class=\"size-full wp-image-21164\" title=\"Exclus\u00e3o - um c\u00edrculo de prendedores de roupas iguais deixa de fora um diferente\" src=\"http:\/\/inclusivenews.com.br\/wp-content\/uploads\/exclusao.png\" alt=\"Exclus\u00e3o - um c\u00edrculo de prendedores de roupas iguais deixa de fora um diferente\" width=\"225\" height=\"169\" \/><figcaption id=\"caption-attachment-21164\" class=\"wp-caption-text\"> <\/figcaption><\/figure>\n<p><strong>Por Marcus Vinicius Furtado Co\u00ealho<\/strong><\/p>\n<p>O discurso do respeito aos direitos humanos se apresenta como uma triste  ret\u00f3rica quando se verifica a situa\u00e7\u00e3o dos manic\u00f4mios judici\u00e1rios no  Brasil.<\/p>\n<p>Relat\u00f3rio do Minist\u00e9rio da Justi\u00e7a anuncia o desolador quadro. Existe  apenas a porta de entrada, pois o doente mental n\u00e3o consegue sair da  &#8220;pris\u00e3o&#8221; em que se encontra, seja por aus\u00eancia de regular avalia\u00e7\u00e3o  psicol\u00f3gica, seja pela omiss\u00e3o do Judici\u00e1rio em autorizar ou, at\u00e9 mesmo,  pela falta de pol\u00edtica estatal de inser\u00e7\u00e3o desses seres humanos na  sociedade.<\/p>\n<p>Trinta e cinco por cento das pessoas que permanecem submetidas a medidas  de seguran\u00e7a em manic\u00f4mio judicial j\u00e1 possuem exame atestando que  cessou a periculosidade. A manuten\u00e7\u00e3o dessas pessoas &#8220;segregadas&#8221; se  constitui em uma viol\u00eancia aos direitos e garantias constitucionais.<\/p>\n<p>A consequ\u00eancia vis\u00edvel \u00e9 constatada no fato de esses seres humanos  responderem na pr\u00e1tica a restri\u00e7\u00e3o punitiva em per\u00edodo maior do que  muitos criminosos de alta periculosidade. A medida que foi idealizada  para tratar de forma especial os inimput\u00e1veis acaba por se transformar  em um pesadelo que, infelizmente, significa toda a exist\u00eancia de  in\u00fameros humanos.<\/p>\n<p>A Constitui\u00e7\u00e3o Federal veda a pris\u00e3o perp\u00e9tua ou degradante. A situa\u00e7\u00e3o  dos manic\u00f4mios judiciais, pomposamente denominados hospitais de cust\u00f3dia  e tratamento psiqui\u00e1trico &#8211; um amb\u00edguo lugar com crise de identidade  entre ser pris\u00e3o ou ser casa de tratamento -, revela frontal agress\u00e3o ao  texto constitucional. Um pa\u00eds que se ocupa de tantos est\u00e1dios para a  Copa poderia se dedicar minimamente ao humanit\u00e1rio trabalho de resgate  da cidadania desses nacionais abandonados e tratados como cidad\u00e3os de  \u00faltima classe.<\/p>\n<p>No fundo, persiste a l\u00f3gica vigente nos s\u00e9culos 19 e 20, quando se tinha  uma \u00fanica solu\u00e7\u00e3o para o considerado louco: o afastamento da sociedade,  sem qualquer atitude ou preocupa\u00e7\u00e3o no sentido de trat\u00e1-lo ou diminuir  seu sofrimento.<\/p>\n<p>Os \u00f3rg\u00e3os estatais e as entidades representativas da sociedade civil  devem cuidar desse tema com a relev\u00e2ncia que \u00e9 merecida, por simbolizar a  resist\u00eancia de uma na\u00e7\u00e3o contra as amarras do preconceito e do  despreparo.<\/p>\n<p>O Estado possui raz\u00e3o de ser, e fundamento de exist\u00eancia, na constante  busca da realiza\u00e7\u00e3o plena do ser humano, sujeito de direito, a quem n\u00e3o  se deve negar a garantia de ser feliz.<\/p>\n<p>Respeitar o outro com a dignidade inerente a todo ser humano \u00e9 requisito  de uma civiliza\u00e7\u00e3o. O tratamento dispensado pelo sistema de manic\u00f4mio  judicial, objetivando unicamente a aparta\u00e7\u00e3o social, exp\u00f5e com nitidez &#8211;  e \u00e9 exemplo eloquente de &#8211; um pa\u00eds que mant\u00e9m como promessa  constitucional irrealizada a constru\u00e7\u00e3o de uma sociedade justa, fraterna  e solid\u00e1ria.<\/p>\n<p>Fonte: <a href=\"http:\/\/www.domtotal.com\/colunas\/detalhes.php?artId=2428\">domtotal<\/a><\/p>\n","protected":false},"excerpt":{"rendered":"<p>Por Marcus Vinicius Furtado Co\u00ealho. &#8220;O discurso do respeito aos direitos humanos se apresenta como uma triste ret\u00f3rica quando se verifica a situa\u00e7\u00e3o dos manic\u00f4mios judici\u00e1rios no Brasil.&#8221;<\/p>\n","protected":false},"author":1,"featured_media":0,"comment_status":"open","ping_status":"open","sticky":false,"template":"","format":"standard","meta":{"site-container-style":"default","site-container-layout":"default","site-sidebar-layout":"default","disable-article-header":"default","disable-site-header":"default","disable-site-footer":"default","disable-content-area-spacing":"default","footnotes":""},"categories":[11,8],"tags":[],"class_list":["post-21842","post","type-post","status-publish","format-standard","hentry","category-direitos-humanos","category-textos-e-artigos"],"yoast_head":"<!-- This site is optimized with the Yoast SEO plugin v27.5 - https:\/\/yoast.com\/product\/yoast-seo-wordpress\/ -->\n<title>Pris\u00e3o perp\u00e9tua dos doentes mentais \u2013 Descaso da sociedade -<\/title>\n<meta name=\"robots\" content=\"index, follow, max-snippet:-1, max-image-preview:large, max-video-preview:-1\" \/>\n<link rel=\"canonical\" href=\"https:\/\/inclusivenews.com.br\/?p=21842\" \/>\n<meta property=\"og:locale\" content=\"pt_PT\" \/>\n<meta property=\"og:type\" content=\"article\" \/>\n<meta property=\"og:title\" content=\"Pris\u00e3o perp\u00e9tua dos doentes mentais \u2013 Descaso da sociedade -\" \/>\n<meta property=\"og:description\" content=\"Por Marcus Vinicius Furtado Co\u00ealho. &quot;O discurso do respeito aos direitos humanos se apresenta como uma triste ret\u00f3rica quando se verifica a situa\u00e7\u00e3o dos manic\u00f4mios judici\u00e1rios no Brasil.&quot;\" \/>\n<meta property=\"og:url\" content=\"https:\/\/inclusivenews.com.br\/?p=21842\" \/>\n<meta property=\"article:publisher\" content=\"https:\/\/www.facebook.com\/agenciainclusive\/\" \/>\n<meta property=\"article:published_time\" content=\"2011-12-30T10:21:35+00:00\" \/>\n<meta property=\"og:image\" content=\"http:\/\/inclusivenews.com.br\/wp-content\/uploads\/exclusao.png\" \/>\n<meta name=\"author\" content=\"inclusivenews2024\" \/>\n<meta name=\"twitter:card\" content=\"summary_large_image\" \/>\n<meta name=\"twitter:label1\" content=\"Escrito por\" \/>\n\t<meta name=\"twitter:data1\" content=\"inclusivenews2024\" \/>\n\t<meta name=\"twitter:label2\" content=\"Tempo estimado de leitura\" \/>\n\t<meta name=\"twitter:data2\" content=\"2 minutos\" \/>\n<script type=\"application\/ld+json\" class=\"yoast-schema-graph\">{\"@context\":\"https:\\\/\\\/schema.org\",\"@graph\":[{\"@type\":\"Article\",\"@id\":\"https:\\\/\\\/inclusivenews.com.br\\\/?p=21842#article\",\"isPartOf\":{\"@id\":\"https:\\\/\\\/inclusivenews.com.br\\\/?p=21842\"},\"author\":{\"name\":\"inclusivenews2024\",\"@id\":\"https:\\\/\\\/inclusivenews.com.br\\\/#\\\/schema\\\/person\\\/ae4ec7087559b8692fb33b6fffd2273b\"},\"headline\":\"Pris\u00e3o perp\u00e9tua dos doentes mentais \u2013 Descaso da sociedade\",\"datePublished\":\"2011-12-30T10:21:35+00:00\",\"mainEntityOfPage\":{\"@id\":\"https:\\\/\\\/inclusivenews.com.br\\\/?p=21842\"},\"wordCount\":497,\"commentCount\":0,\"publisher\":{\"@id\":\"https:\\\/\\\/inclusivenews.com.br\\\/#organization\"},\"image\":{\"@id\":\"https:\\\/\\\/inclusivenews.com.br\\\/?p=21842#primaryimage\"},\"thumbnailUrl\":\"http:\\\/\\\/inclusivenews.com.br\\\/wp-content\\\/uploads\\\/exclusao.png\",\"articleSection\":[\"DIREITOS HUMANOS\",\"OPINI\u00c3O\"],\"inLanguage\":\"pt-PT\",\"potentialAction\":[{\"@type\":\"CommentAction\",\"name\":\"Comment\",\"target\":[\"https:\\\/\\\/inclusivenews.com.br\\\/?p=21842#respond\"]}]},{\"@type\":\"WebPage\",\"@id\":\"https:\\\/\\\/inclusivenews.com.br\\\/?p=21842\",\"url\":\"https:\\\/\\\/inclusivenews.com.br\\\/?p=21842\",\"name\":\"Pris\u00e3o perp\u00e9tua dos doentes mentais \u2013 Descaso da sociedade -\",\"isPartOf\":{\"@id\":\"https:\\\/\\\/inclusivenews.com.br\\\/#website\"},\"primaryImageOfPage\":{\"@id\":\"https:\\\/\\\/inclusivenews.com.br\\\/?p=21842#primaryimage\"},\"image\":{\"@id\":\"https:\\\/\\\/inclusivenews.com.br\\\/?p=21842#primaryimage\"},\"thumbnailUrl\":\"http:\\\/\\\/inclusivenews.com.br\\\/wp-content\\\/uploads\\\/exclusao.png\",\"datePublished\":\"2011-12-30T10:21:35+00:00\",\"breadcrumb\":{\"@id\":\"https:\\\/\\\/inclusivenews.com.br\\\/?p=21842#breadcrumb\"},\"inLanguage\":\"pt-PT\",\"potentialAction\":[{\"@type\":\"ReadAction\",\"target\":[\"https:\\\/\\\/inclusivenews.com.br\\\/?p=21842\"]}]},{\"@type\":\"ImageObject\",\"inLanguage\":\"pt-PT\",\"@id\":\"https:\\\/\\\/inclusivenews.com.br\\\/?p=21842#primaryimage\",\"url\":\"\",\"contentUrl\":\"\"},{\"@type\":\"BreadcrumbList\",\"@id\":\"https:\\\/\\\/inclusivenews.com.br\\\/?p=21842#breadcrumb\",\"itemListElement\":[{\"@type\":\"ListItem\",\"position\":1,\"name\":\"In\u00edcio\",\"item\":\"https:\\\/\\\/inclusivenews.com.br\\\/\"},{\"@type\":\"ListItem\",\"position\":2,\"name\":\"Pris\u00e3o perp\u00e9tua dos doentes mentais \u2013 Descaso da sociedade\"}]},{\"@type\":\"WebSite\",\"@id\":\"https:\\\/\\\/inclusivenews.com.br\\\/#website\",\"url\":\"https:\\\/\\\/inclusivenews.com.br\\\/\",\"name\":\"Inclusive News\",\"description\":\"Inclusive News\",\"publisher\":{\"@id\":\"https:\\\/\\\/inclusivenews.com.br\\\/#organization\"},\"potentialAction\":[{\"@type\":\"SearchAction\",\"target\":{\"@type\":\"EntryPoint\",\"urlTemplate\":\"https:\\\/\\\/inclusivenews.com.br\\\/?s={search_term_string}\"},\"query-input\":{\"@type\":\"PropertyValueSpecification\",\"valueRequired\":true,\"valueName\":\"search_term_string\"}}],\"inLanguage\":\"pt-PT\"},{\"@type\":\"Organization\",\"@id\":\"https:\\\/\\\/inclusivenews.com.br\\\/#organization\",\"name\":\"Inclusive - inclus\u00e3o e cidadania\",\"url\":\"https:\\\/\\\/inclusivenews.com.br\\\/\",\"logo\":{\"@type\":\"ImageObject\",\"inLanguage\":\"pt-PT\",\"@id\":\"https:\\\/\\\/inclusivenews.com.br\\\/#\\\/schema\\\/logo\\\/image\\\/\",\"url\":\"https:\\\/\\\/inclusivenews.com.br\\\/wp-content\\\/uploads\\\/2024\\\/03\\\/@grandesite.png\",\"contentUrl\":\"https:\\\/\\\/inclusivenews.com.br\\\/wp-content\\\/uploads\\\/2024\\\/03\\\/@grandesite.png\",\"width\":1080,\"height\":1080,\"caption\":\"Inclusive - inclus\u00e3o e cidadania\"},\"image\":{\"@id\":\"https:\\\/\\\/inclusivenews.com.br\\\/#\\\/schema\\\/logo\\\/image\\\/\"},\"sameAs\":[\"https:\\\/\\\/www.facebook.com\\\/agenciainclusive\\\/\",\"https:\\\/\\\/www.instagram.com\\\/newsinclusive\\\/\"]},{\"@type\":\"Person\",\"@id\":\"https:\\\/\\\/inclusivenews.com.br\\\/#\\\/schema\\\/person\\\/ae4ec7087559b8692fb33b6fffd2273b\",\"name\":\"inclusivenews2024\",\"image\":{\"@type\":\"ImageObject\",\"inLanguage\":\"pt-PT\",\"@id\":\"https:\\\/\\\/secure.gravatar.com\\\/avatar\\\/c5a7ef84c66fa914f55bc4f7ce26cfa275a3b9a1c5568b907bd184fb4dde7b40?s=96&d=mm&r=g\",\"url\":\"https:\\\/\\\/secure.gravatar.com\\\/avatar\\\/c5a7ef84c66fa914f55bc4f7ce26cfa275a3b9a1c5568b907bd184fb4dde7b40?s=96&d=mm&r=g\",\"contentUrl\":\"https:\\\/\\\/secure.gravatar.com\\\/avatar\\\/c5a7ef84c66fa914f55bc4f7ce26cfa275a3b9a1c5568b907bd184fb4dde7b40?s=96&d=mm&r=g\",\"caption\":\"inclusivenews2024\"},\"sameAs\":[\"https:\\\/\\\/inclusivenews.com.br\"],\"url\":\"https:\\\/\\\/inclusivenews.com.br\\\/?author=1\"}]}<\/script>\n<!-- \/ Yoast SEO plugin. -->","yoast_head_json":{"title":"Pris\u00e3o perp\u00e9tua dos doentes mentais \u2013 Descaso da sociedade -","robots":{"index":"index","follow":"follow","max-snippet":"max-snippet:-1","max-image-preview":"max-image-preview:large","max-video-preview":"max-video-preview:-1"},"canonical":"https:\/\/inclusivenews.com.br\/?p=21842","og_locale":"pt_PT","og_type":"article","og_title":"Pris\u00e3o perp\u00e9tua dos doentes mentais \u2013 Descaso da sociedade -","og_description":"Por Marcus Vinicius Furtado Co\u00ealho. \"O discurso do respeito aos direitos humanos se apresenta como uma triste ret\u00f3rica quando se verifica a situa\u00e7\u00e3o dos manic\u00f4mios judici\u00e1rios no Brasil.\"","og_url":"https:\/\/inclusivenews.com.br\/?p=21842","article_publisher":"https:\/\/www.facebook.com\/agenciainclusive\/","article_published_time":"2011-12-30T10:21:35+00:00","og_image":[{"url":"http:\/\/inclusivenews.com.br\/wp-content\/uploads\/exclusao.png","type":"","width":"","height":""}],"author":"inclusivenews2024","twitter_card":"summary_large_image","twitter_misc":{"Escrito por":"inclusivenews2024","Tempo estimado de leitura":"2 minutos"},"schema":{"@context":"https:\/\/schema.org","@graph":[{"@type":"Article","@id":"https:\/\/inclusivenews.com.br\/?p=21842#article","isPartOf":{"@id":"https:\/\/inclusivenews.com.br\/?p=21842"},"author":{"name":"inclusivenews2024","@id":"https:\/\/inclusivenews.com.br\/#\/schema\/person\/ae4ec7087559b8692fb33b6fffd2273b"},"headline":"Pris\u00e3o perp\u00e9tua dos doentes mentais \u2013 Descaso da sociedade","datePublished":"2011-12-30T10:21:35+00:00","mainEntityOfPage":{"@id":"https:\/\/inclusivenews.com.br\/?p=21842"},"wordCount":497,"commentCount":0,"publisher":{"@id":"https:\/\/inclusivenews.com.br\/#organization"},"image":{"@id":"https:\/\/inclusivenews.com.br\/?p=21842#primaryimage"},"thumbnailUrl":"http:\/\/inclusivenews.com.br\/wp-content\/uploads\/exclusao.png","articleSection":["DIREITOS HUMANOS","OPINI\u00c3O"],"inLanguage":"pt-PT","potentialAction":[{"@type":"CommentAction","name":"Comment","target":["https:\/\/inclusivenews.com.br\/?p=21842#respond"]}]},{"@type":"WebPage","@id":"https:\/\/inclusivenews.com.br\/?p=21842","url":"https:\/\/inclusivenews.com.br\/?p=21842","name":"Pris\u00e3o perp\u00e9tua dos doentes mentais \u2013 Descaso da sociedade -","isPartOf":{"@id":"https:\/\/inclusivenews.com.br\/#website"},"primaryImageOfPage":{"@id":"https:\/\/inclusivenews.com.br\/?p=21842#primaryimage"},"image":{"@id":"https:\/\/inclusivenews.com.br\/?p=21842#primaryimage"},"thumbnailUrl":"http:\/\/inclusivenews.com.br\/wp-content\/uploads\/exclusao.png","datePublished":"2011-12-30T10:21:35+00:00","breadcrumb":{"@id":"https:\/\/inclusivenews.com.br\/?p=21842#breadcrumb"},"inLanguage":"pt-PT","potentialAction":[{"@type":"ReadAction","target":["https:\/\/inclusivenews.com.br\/?p=21842"]}]},{"@type":"ImageObject","inLanguage":"pt-PT","@id":"https:\/\/inclusivenews.com.br\/?p=21842#primaryimage","url":"","contentUrl":""},{"@type":"BreadcrumbList","@id":"https:\/\/inclusivenews.com.br\/?p=21842#breadcrumb","itemListElement":[{"@type":"ListItem","position":1,"name":"In\u00edcio","item":"https:\/\/inclusivenews.com.br\/"},{"@type":"ListItem","position":2,"name":"Pris\u00e3o perp\u00e9tua dos doentes mentais \u2013 Descaso da sociedade"}]},{"@type":"WebSite","@id":"https:\/\/inclusivenews.com.br\/#website","url":"https:\/\/inclusivenews.com.br\/","name":"Inclusive News","description":"Inclusive News","publisher":{"@id":"https:\/\/inclusivenews.com.br\/#organization"},"potentialAction":[{"@type":"SearchAction","target":{"@type":"EntryPoint","urlTemplate":"https:\/\/inclusivenews.com.br\/?s={search_term_string}"},"query-input":{"@type":"PropertyValueSpecification","valueRequired":true,"valueName":"search_term_string"}}],"inLanguage":"pt-PT"},{"@type":"Organization","@id":"https:\/\/inclusivenews.com.br\/#organization","name":"Inclusive - inclus\u00e3o e cidadania","url":"https:\/\/inclusivenews.com.br\/","logo":{"@type":"ImageObject","inLanguage":"pt-PT","@id":"https:\/\/inclusivenews.com.br\/#\/schema\/logo\/image\/","url":"https:\/\/inclusivenews.com.br\/wp-content\/uploads\/2024\/03\/@grandesite.png","contentUrl":"https:\/\/inclusivenews.com.br\/wp-content\/uploads\/2024\/03\/@grandesite.png","width":1080,"height":1080,"caption":"Inclusive - inclus\u00e3o e cidadania"},"image":{"@id":"https:\/\/inclusivenews.com.br\/#\/schema\/logo\/image\/"},"sameAs":["https:\/\/www.facebook.com\/agenciainclusive\/","https:\/\/www.instagram.com\/newsinclusive\/"]},{"@type":"Person","@id":"https:\/\/inclusivenews.com.br\/#\/schema\/person\/ae4ec7087559b8692fb33b6fffd2273b","name":"inclusivenews2024","image":{"@type":"ImageObject","inLanguage":"pt-PT","@id":"https:\/\/secure.gravatar.com\/avatar\/c5a7ef84c66fa914f55bc4f7ce26cfa275a3b9a1c5568b907bd184fb4dde7b40?s=96&d=mm&r=g","url":"https:\/\/secure.gravatar.com\/avatar\/c5a7ef84c66fa914f55bc4f7ce26cfa275a3b9a1c5568b907bd184fb4dde7b40?s=96&d=mm&r=g","contentUrl":"https:\/\/secure.gravatar.com\/avatar\/c5a7ef84c66fa914f55bc4f7ce26cfa275a3b9a1c5568b907bd184fb4dde7b40?s=96&d=mm&r=g","caption":"inclusivenews2024"},"sameAs":["https:\/\/inclusivenews.com.br"],"url":"https:\/\/inclusivenews.com.br\/?author=1"}]}},"_links":{"self":[{"href":"https:\/\/inclusivenews.com.br\/index.php?rest_route=\/wp\/v2\/posts\/21842","targetHints":{"allow":["GET"]}}],"collection":[{"href":"https:\/\/inclusivenews.com.br\/index.php?rest_route=\/wp\/v2\/posts"}],"about":[{"href":"https:\/\/inclusivenews.com.br\/index.php?rest_route=\/wp\/v2\/types\/post"}],"author":[{"embeddable":true,"href":"https:\/\/inclusivenews.com.br\/index.php?rest_route=\/wp\/v2\/users\/1"}],"replies":[{"embeddable":true,"href":"https:\/\/inclusivenews.com.br\/index.php?rest_route=%2Fwp%2Fv2%2Fcomments&post=21842"}],"version-history":[{"count":0,"href":"https:\/\/inclusivenews.com.br\/index.php?rest_route=\/wp\/v2\/posts\/21842\/revisions"}],"wp:attachment":[{"href":"https:\/\/inclusivenews.com.br\/index.php?rest_route=%2Fwp%2Fv2%2Fmedia&parent=21842"}],"wp:term":[{"taxonomy":"category","embeddable":true,"href":"https:\/\/inclusivenews.com.br\/index.php?rest_route=%2Fwp%2Fv2%2Fcategories&post=21842"},{"taxonomy":"post_tag","embeddable":true,"href":"https:\/\/inclusivenews.com.br\/index.php?rest_route=%2Fwp%2Fv2%2Ftags&post=21842"}],"curies":[{"name":"wp","href":"https:\/\/api.w.org\/{rel}","templated":true}]}}