{"id":21857,"date":"2012-01-05T17:41:03","date_gmt":"2012-01-05T20:41:03","guid":{"rendered":"http:\/\/www.inclusive.org.br\/?p=21857"},"modified":"2012-01-05T17:41:03","modified_gmt":"2012-01-05T20:41:03","slug":"cidadania-e-etica-podem-integrar-curriculo-obrigatorio","status":"publish","type":"post","link":"https:\/\/inclusivenews.com.br\/?p=21857","title":{"rendered":"Cidadania e \u00e9tica podem integrar curr\u00edculo obrigat\u00f3rio"},"content":{"rendered":"<p><span class=\"field-content\"> <\/span><\/p>\n<figure id=\"attachment_21179\" aria-describedby=\"caption-attachment-21179\" style=\"width: 270px\" class=\"wp-caption alignleft\"><img loading=\"lazy\" decoding=\"async\" class=\"size-medium wp-image-21179\" title=\"\u00c9tica - uma pessoa equlibrada em uma corda bamba suspensa em duas m\u00e3os, uma em sinal de positivo e outra em sinal de negativo\" src=\"http:\/\/inclusivenews.com.br\/wp-content\/uploads\/etica-300x182.jpg\" alt=\"\u00c9tica - uma pessoa equlibrada em uma corda bamba suspensa em duas m\u00e3os, uma em sinal de positivo e outra em sinal de negativo\" width=\"270\" height=\"164\" \/><figcaption id=\"caption-attachment-21179\" class=\"wp-caption-text\"> <\/figcaption><\/figure>\n<p>O ensino m\u00e9dio pode passar a ter, em sua grade curricular, a disciplina \u00c9tica Social e Pol\u00edtica, enquanto o ensino fundamental pode incluir estudos de Cidadania, Moral e \u00c9tica. A proposta \u00e9 do senador S\u00e9rgio Souza (PMDB-PR) no primeiro projeto apresentado no Senado em 2012. Recebido pela Secretaria-Geral da Mesa no dia 2 de janeiro de 2012, a proposta s\u00f3 receber\u00e1 numera\u00e7\u00e3o no rein\u00edcio dos trabalhos parlamentares, em 2 de fevereiro.<\/p>\n<p>O projeto modifica a Lei de Diretrizes e Bases da Educa\u00e7\u00e3o (LDB) para reintroduzir no ensino uma disciplina semelhante \u00e0s antigas Educa\u00e7\u00e3o Moral e C\u00edvica (EMC), ministrada aos alunos nos primeiros anos escolares, e Organiza\u00e7\u00e3o Social e Pol\u00edtica Brasileira (OSPB), dirigida aos estudantes de n\u00edvel m\u00e9dio.<\/p>\n<p>\u201cEstou convencido que, dessa forma, estaremos oferecendo \u00e0 sociedade instrumentos para o fortalecimento da forma\u00e7\u00e3o de \u2018um melhor\u2019 cidad\u00e3o brasileiro: por um lado, pela forma\u00e7\u00e3o moral, ensinando conceitos que se fundamentam na obedi\u00eancia a normas, costumes ou mandamentos culturais, hier\u00e1rquicos ou religiosos; de outro, pela forma\u00e7\u00e3o \u00e9tica, ensinando conceitos que se fundamentam no exame de h\u00e1bitos de viver e do modo adequado da conduta em comunidade, solidificando a forma\u00e7\u00e3o do car\u00e1ter\u201d, afirmou o parlamentar.<\/p>\n<p>Atualmente, o ensino de \u00e9tica encontra-se entre os chamados temas transversais dos Par\u00e2metros Curriculares Nacionais (PCN), como parte de um conjunto de assuntos que perpassam todas as disciplinas.<\/p>\n<p>S\u00e9rgio Souza avalia, por\u00e9m, que as novas disciplinas contribuir\u00e3o para sedimentar uma vis\u00e3o cr\u00edtica dos principais fatos sociais e pol\u00edticos, oferecendo ao jovem no\u00e7\u00f5es de democracia sem car\u00e1ter ideol\u00f3gico e ensinando como construir um pensamento pol\u00edtico pr\u00f3prio.<\/p>\n<p><strong>Outras propostas<\/strong><br \/>\nEm 2006, o senador Pedro Simon (PMDB-RS) apresentou proposta de teor semelhante. O projeto de Simon acrescenta e altera dispositivos na Lei 9.394, de 20 de dezembro de 1996, para incluir no ensino fundamental e m\u00e9dio, e nos cursos de forma\u00e7\u00e3o de professores da educa\u00e7\u00e3o b\u00e1sica, componente curricular dedicado ao desenvolvimento de valores \u00e9ticos e de cidadania.<\/p>\n<p>Aprovada em car\u00e1ter terminativo pela Comiss\u00e3o de Educa\u00e7\u00e3o (CE), o projeto de Simon foi posteriormente arquivado pelo Plen\u00e1rio da C\u00e2mara, juntamente a um projeto do deputado Paes Landim (PTB-PI), ao qual fora apensado.<\/p>\n<p>Mais recentemente, o Projeto de Lei da C\u00e2mara (PLC) 3.993\/2008, do deputado Humberto Souto (PPS-MG), tamb\u00e9m foi apensado ao PLC 1.399\/2000, do deputado Paes Landim, do qual resultou um substitutivo que desde ent\u00e3o se encontra em exame na Comiss\u00e3o de Finan\u00e7as e Tributa\u00e7\u00e3o.<\/p>\n<p>A proposta do deputado inclui na grade curricular obrigat\u00f3ria a mat\u00e9ria \u201c\u00c9tica e Cidadania\u201d, contemplando \u201ca transmiss\u00e3o e desenvolvimento dos conceitos de \u00e9tica e de valores morais, como reflex\u00e3o da conduta humana; o estudo dos direitos e deveres do cidad\u00e3o; o est\u00edmulo \u00e0 a\u00e7\u00e3o comunit\u00e1ria e participa\u00e7\u00e3o democr\u00e1tica, embasada em valores como respeito m\u00fatuo, justi\u00e7a e solidariedade\u201d.<\/p>\n<p>Fonte: Ag\u00eancia Senado<\/p>\n","protected":false},"excerpt":{"rendered":"<p>O ensino m\u00e9dio pode passar a ter, em sua grade curricular, a disciplina \u00c9tica Social e Pol\u00edtica, enquanto o ensino fundamental pode incluir estudos de Cidadania, Moral e \u00c9tica. Da Ag\u00eancia Senado.<\/p>\n","protected":false},"author":1,"featured_media":0,"comment_status":"open","ping_status":"open","sticky":false,"template":"","format":"standard","meta":{"site-container-style":"default","site-container-layout":"default","site-sidebar-layout":"default","disable-article-header":"default","disable-site-header":"default","disable-site-footer":"default","disable-content-area-spacing":"default","footnotes":""},"categories":[6,4],"tags":[],"class_list":["post-21857","post","type-post","status-publish","format-standard","hentry","category-educacao","category-noticias"],"yoast_head":"<!-- This site is optimized with the Yoast SEO plugin v27.5 - https:\/\/yoast.com\/product\/yoast-seo-wordpress\/ -->\n<title>Cidadania e \u00e9tica podem integrar curr\u00edculo obrigat\u00f3rio -<\/title>\n<meta name=\"robots\" content=\"index, follow, max-snippet:-1, max-image-preview:large, max-video-preview:-1\" \/>\n<link rel=\"canonical\" href=\"https:\/\/inclusivenews.com.br\/?p=21857\" \/>\n<meta property=\"og:locale\" content=\"pt_PT\" \/>\n<meta property=\"og:type\" content=\"article\" \/>\n<meta property=\"og:title\" content=\"Cidadania e \u00e9tica podem integrar curr\u00edculo obrigat\u00f3rio -\" \/>\n<meta property=\"og:description\" content=\"O ensino m\u00e9dio pode passar a ter, em sua grade curricular, a disciplina \u00c9tica Social e Pol\u00edtica, enquanto o ensino fundamental pode incluir estudos de Cidadania, Moral e \u00c9tica. Da Ag\u00eancia Senado.\" \/>\n<meta property=\"og:url\" content=\"https:\/\/inclusivenews.com.br\/?p=21857\" \/>\n<meta property=\"article:publisher\" content=\"https:\/\/www.facebook.com\/agenciainclusive\/\" \/>\n<meta property=\"article:published_time\" content=\"2012-01-05T20:41:03+00:00\" \/>\n<meta property=\"og:image\" content=\"http:\/\/inclusivenews.com.br\/wp-content\/uploads\/etica-300x182.jpg\" \/>\n<meta name=\"author\" content=\"inclusivenews2024\" \/>\n<meta name=\"twitter:card\" content=\"summary_large_image\" \/>\n<meta name=\"twitter:label1\" content=\"Escrito por\" \/>\n\t<meta name=\"twitter:data1\" content=\"inclusivenews2024\" \/>\n\t<meta name=\"twitter:label2\" content=\"Tempo estimado de leitura\" \/>\n\t<meta name=\"twitter:data2\" content=\"3 minutos\" \/>\n<script type=\"application\/ld+json\" class=\"yoast-schema-graph\">{\"@context\":\"https:\\\/\\\/schema.org\",\"@graph\":[{\"@type\":\"Article\",\"@id\":\"https:\\\/\\\/inclusivenews.com.br\\\/?p=21857#article\",\"isPartOf\":{\"@id\":\"https:\\\/\\\/inclusivenews.com.br\\\/?p=21857\"},\"author\":{\"name\":\"inclusivenews2024\",\"@id\":\"https:\\\/\\\/inclusivenews.com.br\\\/#\\\/schema\\\/person\\\/ae4ec7087559b8692fb33b6fffd2273b\"},\"headline\":\"Cidadania e \u00e9tica podem integrar curr\u00edculo obrigat\u00f3rio\",\"datePublished\":\"2012-01-05T20:41:03+00:00\",\"mainEntityOfPage\":{\"@id\":\"https:\\\/\\\/inclusivenews.com.br\\\/?p=21857\"},\"wordCount\":516,\"commentCount\":0,\"publisher\":{\"@id\":\"https:\\\/\\\/inclusivenews.com.br\\\/#organization\"},\"image\":{\"@id\":\"https:\\\/\\\/inclusivenews.com.br\\\/?p=21857#primaryimage\"},\"thumbnailUrl\":\"http:\\\/\\\/inclusivenews.com.br\\\/wp-content\\\/uploads\\\/etica-300x182.jpg\",\"articleSection\":[\"EDUCA\u00c7\u00c3O\",\"NOT\u00cdCIAS\"],\"inLanguage\":\"pt-PT\",\"potentialAction\":[{\"@type\":\"CommentAction\",\"name\":\"Comment\",\"target\":[\"https:\\\/\\\/inclusivenews.com.br\\\/?p=21857#respond\"]}]},{\"@type\":\"WebPage\",\"@id\":\"https:\\\/\\\/inclusivenews.com.br\\\/?p=21857\",\"url\":\"https:\\\/\\\/inclusivenews.com.br\\\/?p=21857\",\"name\":\"Cidadania e \u00e9tica podem integrar curr\u00edculo obrigat\u00f3rio -\",\"isPartOf\":{\"@id\":\"https:\\\/\\\/inclusivenews.com.br\\\/#website\"},\"primaryImageOfPage\":{\"@id\":\"https:\\\/\\\/inclusivenews.com.br\\\/?p=21857#primaryimage\"},\"image\":{\"@id\":\"https:\\\/\\\/inclusivenews.com.br\\\/?p=21857#primaryimage\"},\"thumbnailUrl\":\"http:\\\/\\\/inclusivenews.com.br\\\/wp-content\\\/uploads\\\/etica-300x182.jpg\",\"datePublished\":\"2012-01-05T20:41:03+00:00\",\"breadcrumb\":{\"@id\":\"https:\\\/\\\/inclusivenews.com.br\\\/?p=21857#breadcrumb\"},\"inLanguage\":\"pt-PT\",\"potentialAction\":[{\"@type\":\"ReadAction\",\"target\":[\"https:\\\/\\\/inclusivenews.com.br\\\/?p=21857\"]}]},{\"@type\":\"ImageObject\",\"inLanguage\":\"pt-PT\",\"@id\":\"https:\\\/\\\/inclusivenews.com.br\\\/?p=21857#primaryimage\",\"url\":\"\",\"contentUrl\":\"\"},{\"@type\":\"BreadcrumbList\",\"@id\":\"https:\\\/\\\/inclusivenews.com.br\\\/?p=21857#breadcrumb\",\"itemListElement\":[{\"@type\":\"ListItem\",\"position\":1,\"name\":\"In\u00edcio\",\"item\":\"https:\\\/\\\/inclusivenews.com.br\\\/\"},{\"@type\":\"ListItem\",\"position\":2,\"name\":\"Cidadania e \u00e9tica podem integrar curr\u00edculo obrigat\u00f3rio\"}]},{\"@type\":\"WebSite\",\"@id\":\"https:\\\/\\\/inclusivenews.com.br\\\/#website\",\"url\":\"https:\\\/\\\/inclusivenews.com.br\\\/\",\"name\":\"Inclusive News\",\"description\":\"Inclusive News\",\"publisher\":{\"@id\":\"https:\\\/\\\/inclusivenews.com.br\\\/#organization\"},\"potentialAction\":[{\"@type\":\"SearchAction\",\"target\":{\"@type\":\"EntryPoint\",\"urlTemplate\":\"https:\\\/\\\/inclusivenews.com.br\\\/?s={search_term_string}\"},\"query-input\":{\"@type\":\"PropertyValueSpecification\",\"valueRequired\":true,\"valueName\":\"search_term_string\"}}],\"inLanguage\":\"pt-PT\"},{\"@type\":\"Organization\",\"@id\":\"https:\\\/\\\/inclusivenews.com.br\\\/#organization\",\"name\":\"Inclusive - inclus\u00e3o e cidadania\",\"url\":\"https:\\\/\\\/inclusivenews.com.br\\\/\",\"logo\":{\"@type\":\"ImageObject\",\"inLanguage\":\"pt-PT\",\"@id\":\"https:\\\/\\\/inclusivenews.com.br\\\/#\\\/schema\\\/logo\\\/image\\\/\",\"url\":\"https:\\\/\\\/inclusivenews.com.br\\\/wp-content\\\/uploads\\\/2024\\\/03\\\/@grandesite.png\",\"contentUrl\":\"https:\\\/\\\/inclusivenews.com.br\\\/wp-content\\\/uploads\\\/2024\\\/03\\\/@grandesite.png\",\"width\":1080,\"height\":1080,\"caption\":\"Inclusive - inclus\u00e3o e cidadania\"},\"image\":{\"@id\":\"https:\\\/\\\/inclusivenews.com.br\\\/#\\\/schema\\\/logo\\\/image\\\/\"},\"sameAs\":[\"https:\\\/\\\/www.facebook.com\\\/agenciainclusive\\\/\",\"https:\\\/\\\/www.instagram.com\\\/newsinclusive\\\/\"]},{\"@type\":\"Person\",\"@id\":\"https:\\\/\\\/inclusivenews.com.br\\\/#\\\/schema\\\/person\\\/ae4ec7087559b8692fb33b6fffd2273b\",\"name\":\"inclusivenews2024\",\"image\":{\"@type\":\"ImageObject\",\"inLanguage\":\"pt-PT\",\"@id\":\"https:\\\/\\\/secure.gravatar.com\\\/avatar\\\/c5a7ef84c66fa914f55bc4f7ce26cfa275a3b9a1c5568b907bd184fb4dde7b40?s=96&d=mm&r=g\",\"url\":\"https:\\\/\\\/secure.gravatar.com\\\/avatar\\\/c5a7ef84c66fa914f55bc4f7ce26cfa275a3b9a1c5568b907bd184fb4dde7b40?s=96&d=mm&r=g\",\"contentUrl\":\"https:\\\/\\\/secure.gravatar.com\\\/avatar\\\/c5a7ef84c66fa914f55bc4f7ce26cfa275a3b9a1c5568b907bd184fb4dde7b40?s=96&d=mm&r=g\",\"caption\":\"inclusivenews2024\"},\"sameAs\":[\"https:\\\/\\\/inclusivenews.com.br\"],\"url\":\"https:\\\/\\\/inclusivenews.com.br\\\/?author=1\"}]}<\/script>\n<!-- \/ Yoast SEO plugin. -->","yoast_head_json":{"title":"Cidadania e \u00e9tica podem integrar curr\u00edculo obrigat\u00f3rio -","robots":{"index":"index","follow":"follow","max-snippet":"max-snippet:-1","max-image-preview":"max-image-preview:large","max-video-preview":"max-video-preview:-1"},"canonical":"https:\/\/inclusivenews.com.br\/?p=21857","og_locale":"pt_PT","og_type":"article","og_title":"Cidadania e \u00e9tica podem integrar curr\u00edculo obrigat\u00f3rio -","og_description":"O ensino m\u00e9dio pode passar a ter, em sua grade curricular, a disciplina \u00c9tica Social e Pol\u00edtica, enquanto o ensino fundamental pode incluir estudos de Cidadania, Moral e \u00c9tica. Da Ag\u00eancia Senado.","og_url":"https:\/\/inclusivenews.com.br\/?p=21857","article_publisher":"https:\/\/www.facebook.com\/agenciainclusive\/","article_published_time":"2012-01-05T20:41:03+00:00","og_image":[{"url":"http:\/\/inclusivenews.com.br\/wp-content\/uploads\/etica-300x182.jpg","type":"","width":"","height":""}],"author":"inclusivenews2024","twitter_card":"summary_large_image","twitter_misc":{"Escrito por":"inclusivenews2024","Tempo estimado de leitura":"3 minutos"},"schema":{"@context":"https:\/\/schema.org","@graph":[{"@type":"Article","@id":"https:\/\/inclusivenews.com.br\/?p=21857#article","isPartOf":{"@id":"https:\/\/inclusivenews.com.br\/?p=21857"},"author":{"name":"inclusivenews2024","@id":"https:\/\/inclusivenews.com.br\/#\/schema\/person\/ae4ec7087559b8692fb33b6fffd2273b"},"headline":"Cidadania e \u00e9tica podem integrar curr\u00edculo obrigat\u00f3rio","datePublished":"2012-01-05T20:41:03+00:00","mainEntityOfPage":{"@id":"https:\/\/inclusivenews.com.br\/?p=21857"},"wordCount":516,"commentCount":0,"publisher":{"@id":"https:\/\/inclusivenews.com.br\/#organization"},"image":{"@id":"https:\/\/inclusivenews.com.br\/?p=21857#primaryimage"},"thumbnailUrl":"http:\/\/inclusivenews.com.br\/wp-content\/uploads\/etica-300x182.jpg","articleSection":["EDUCA\u00c7\u00c3O","NOT\u00cdCIAS"],"inLanguage":"pt-PT","potentialAction":[{"@type":"CommentAction","name":"Comment","target":["https:\/\/inclusivenews.com.br\/?p=21857#respond"]}]},{"@type":"WebPage","@id":"https:\/\/inclusivenews.com.br\/?p=21857","url":"https:\/\/inclusivenews.com.br\/?p=21857","name":"Cidadania e \u00e9tica podem integrar curr\u00edculo obrigat\u00f3rio -","isPartOf":{"@id":"https:\/\/inclusivenews.com.br\/#website"},"primaryImageOfPage":{"@id":"https:\/\/inclusivenews.com.br\/?p=21857#primaryimage"},"image":{"@id":"https:\/\/inclusivenews.com.br\/?p=21857#primaryimage"},"thumbnailUrl":"http:\/\/inclusivenews.com.br\/wp-content\/uploads\/etica-300x182.jpg","datePublished":"2012-01-05T20:41:03+00:00","breadcrumb":{"@id":"https:\/\/inclusivenews.com.br\/?p=21857#breadcrumb"},"inLanguage":"pt-PT","potentialAction":[{"@type":"ReadAction","target":["https:\/\/inclusivenews.com.br\/?p=21857"]}]},{"@type":"ImageObject","inLanguage":"pt-PT","@id":"https:\/\/inclusivenews.com.br\/?p=21857#primaryimage","url":"","contentUrl":""},{"@type":"BreadcrumbList","@id":"https:\/\/inclusivenews.com.br\/?p=21857#breadcrumb","itemListElement":[{"@type":"ListItem","position":1,"name":"In\u00edcio","item":"https:\/\/inclusivenews.com.br\/"},{"@type":"ListItem","position":2,"name":"Cidadania e \u00e9tica podem integrar curr\u00edculo obrigat\u00f3rio"}]},{"@type":"WebSite","@id":"https:\/\/inclusivenews.com.br\/#website","url":"https:\/\/inclusivenews.com.br\/","name":"Inclusive News","description":"Inclusive News","publisher":{"@id":"https:\/\/inclusivenews.com.br\/#organization"},"potentialAction":[{"@type":"SearchAction","target":{"@type":"EntryPoint","urlTemplate":"https:\/\/inclusivenews.com.br\/?s={search_term_string}"},"query-input":{"@type":"PropertyValueSpecification","valueRequired":true,"valueName":"search_term_string"}}],"inLanguage":"pt-PT"},{"@type":"Organization","@id":"https:\/\/inclusivenews.com.br\/#organization","name":"Inclusive - inclus\u00e3o e cidadania","url":"https:\/\/inclusivenews.com.br\/","logo":{"@type":"ImageObject","inLanguage":"pt-PT","@id":"https:\/\/inclusivenews.com.br\/#\/schema\/logo\/image\/","url":"https:\/\/inclusivenews.com.br\/wp-content\/uploads\/2024\/03\/@grandesite.png","contentUrl":"https:\/\/inclusivenews.com.br\/wp-content\/uploads\/2024\/03\/@grandesite.png","width":1080,"height":1080,"caption":"Inclusive - inclus\u00e3o e cidadania"},"image":{"@id":"https:\/\/inclusivenews.com.br\/#\/schema\/logo\/image\/"},"sameAs":["https:\/\/www.facebook.com\/agenciainclusive\/","https:\/\/www.instagram.com\/newsinclusive\/"]},{"@type":"Person","@id":"https:\/\/inclusivenews.com.br\/#\/schema\/person\/ae4ec7087559b8692fb33b6fffd2273b","name":"inclusivenews2024","image":{"@type":"ImageObject","inLanguage":"pt-PT","@id":"https:\/\/secure.gravatar.com\/avatar\/c5a7ef84c66fa914f55bc4f7ce26cfa275a3b9a1c5568b907bd184fb4dde7b40?s=96&d=mm&r=g","url":"https:\/\/secure.gravatar.com\/avatar\/c5a7ef84c66fa914f55bc4f7ce26cfa275a3b9a1c5568b907bd184fb4dde7b40?s=96&d=mm&r=g","contentUrl":"https:\/\/secure.gravatar.com\/avatar\/c5a7ef84c66fa914f55bc4f7ce26cfa275a3b9a1c5568b907bd184fb4dde7b40?s=96&d=mm&r=g","caption":"inclusivenews2024"},"sameAs":["https:\/\/inclusivenews.com.br"],"url":"https:\/\/inclusivenews.com.br\/?author=1"}]}},"_links":{"self":[{"href":"https:\/\/inclusivenews.com.br\/index.php?rest_route=\/wp\/v2\/posts\/21857","targetHints":{"allow":["GET"]}}],"collection":[{"href":"https:\/\/inclusivenews.com.br\/index.php?rest_route=\/wp\/v2\/posts"}],"about":[{"href":"https:\/\/inclusivenews.com.br\/index.php?rest_route=\/wp\/v2\/types\/post"}],"author":[{"embeddable":true,"href":"https:\/\/inclusivenews.com.br\/index.php?rest_route=\/wp\/v2\/users\/1"}],"replies":[{"embeddable":true,"href":"https:\/\/inclusivenews.com.br\/index.php?rest_route=%2Fwp%2Fv2%2Fcomments&post=21857"}],"version-history":[{"count":0,"href":"https:\/\/inclusivenews.com.br\/index.php?rest_route=\/wp\/v2\/posts\/21857\/revisions"}],"wp:attachment":[{"href":"https:\/\/inclusivenews.com.br\/index.php?rest_route=%2Fwp%2Fv2%2Fmedia&parent=21857"}],"wp:term":[{"taxonomy":"category","embeddable":true,"href":"https:\/\/inclusivenews.com.br\/index.php?rest_route=%2Fwp%2Fv2%2Fcategories&post=21857"},{"taxonomy":"post_tag","embeddable":true,"href":"https:\/\/inclusivenews.com.br\/index.php?rest_route=%2Fwp%2Fv2%2Ftags&post=21857"}],"curies":[{"name":"wp","href":"https:\/\/api.w.org\/{rel}","templated":true}]}}