{"id":21859,"date":"2012-01-05T17:39:15","date_gmt":"2012-01-05T20:39:15","guid":{"rendered":"http:\/\/www.inclusive.org.br\/?p=21859"},"modified":"2012-01-05T17:39:15","modified_gmt":"2012-01-05T20:39:15","slug":"inscricoes-para-o-forum-social-tematico-2012","status":"publish","type":"post","link":"https:\/\/inclusivenews.com.br\/?p=21859","title":{"rendered":"Inscri\u00e7\u00f5es para o F\u00f3rum Social Tem\u00e1tico 2012"},"content":{"rendered":"<p><img loading=\"lazy\" decoding=\"async\" class=\"alignleft\" title=\"F\u00f3rum Social Mundial Tem\u00e1tico 2012\" src=\"http:\/\/www.ciranda.net\/local\/cache-vignettes\/L400xH304\/arton5995-ba8d2.png\" alt=\"\" width=\"240\" height=\"182\" \/><\/p>\n<p>As inscri\u00e7\u00f5es de atividades autogestionadas para o F\u00f3rum Social Mundial Tem\u00e1tico de 2012, que ser\u00e1 realizado no m\u00eas de janeiro de 2012 em Porto Alegre, j\u00e1 podem ser feitas pelo <a href=\"http:\/\/www.fstematico2012.org.br\/\" target=\"_blank\" rel=\"noopener\">site do F\u00f3rum<\/a> ou pelo e-mail <a href=\"mailto:fstematico2012@gmail.com\" target=\"_blank\" rel=\"noopener\">fstematico2012@gmail.com<\/a>.<\/p>\n<p>Essas atividades s\u00e3o livremente organizadas, mas neste F\u00f3rum elas t\u00eam que estar ligadas \u00e0 tem\u00e1tica da Crise Capitalista, Justi\u00e7a Social e Ambiental.<\/p>\n<p>As reuni\u00f5es autogestionadas s\u00e3o eventos pontuais dentro do f\u00f3rum e n\u00e3o contar\u00e3o com discuss\u00e3o online pr\u00e9via, como \u00e9 o caso dos Grupos Tem\u00e1ticos.<\/p>\n<p>Para maiores informa\u00e7\u00f5es sobre os Grupos Tem\u00e1ticos, acesse <a href=\"http:\/\/www.dialogos2012.org\/\" target=\"_blank\" rel=\"noopener\">www.dialogos2012.org<\/a> ou escreva para <a href=\"mailto:grupostematicosfst@gmail.com\" target=\"_blank\" rel=\"noopener\">grupostematicosfst@gmail.com<\/a>.<\/p>\n","protected":false},"excerpt":{"rendered":"<p>As inscri\u00e7\u00f5es de atividades autogestionadas para o F\u00f3rum Social Mundial Tem\u00e1tico de 2012, que ser\u00e1 realizado no m\u00eas de janeiro de 2012 em Porto Alegre, j\u00e1 podem ser feitas pelo site do F\u00f3rum ou pelo e-mail fstematico2012@gmail.com.<\/p>\n","protected":false},"author":1,"featured_media":0,"comment_status":"open","ping_status":"open","sticky":false,"template":"","format":"standard","meta":{"site-container-style":"default","site-container-layout":"default","site-sidebar-layout":"default","disable-article-header":"default","disable-site-header":"default","disable-site-footer":"default","disable-content-area-spacing":"default","footnotes":""},"categories":[4],"tags":[],"class_list":["post-21859","post","type-post","status-publish","format-standard","hentry","category-noticias"],"yoast_head":"<!-- This site is optimized with the Yoast SEO plugin v27.5 - https:\/\/yoast.com\/product\/yoast-seo-wordpress\/ -->\n<title>Inscri\u00e7\u00f5es para o F\u00f3rum Social Tem\u00e1tico 2012 -<\/title>\n<meta name=\"robots\" content=\"index, follow, max-snippet:-1, max-image-preview:large, max-video-preview:-1\" \/>\n<link rel=\"canonical\" href=\"https:\/\/inclusivenews.com.br\/?p=21859\" \/>\n<meta property=\"og:locale\" content=\"pt_PT\" \/>\n<meta property=\"og:type\" content=\"article\" \/>\n<meta property=\"og:title\" content=\"Inscri\u00e7\u00f5es para o F\u00f3rum Social Tem\u00e1tico 2012 -\" \/>\n<meta property=\"og:description\" content=\"As inscri\u00e7\u00f5es de atividades autogestionadas para o F\u00f3rum Social Mundial Tem\u00e1tico de 2012, que ser\u00e1 realizado no m\u00eas de janeiro de 2012 em Porto Alegre, j\u00e1 podem ser feitas pelo site do F\u00f3rum ou pelo e-mail fstematico2012@gmail.com.\" \/>\n<meta property=\"og:url\" content=\"https:\/\/inclusivenews.com.br\/?p=21859\" \/>\n<meta property=\"article:publisher\" content=\"https:\/\/www.facebook.com\/agenciainclusive\/\" \/>\n<meta property=\"article:published_time\" content=\"2012-01-05T20:39:15+00:00\" \/>\n<meta property=\"og:image\" content=\"http:\/\/www.ciranda.net\/local\/cache-vignettes\/L400xH304\/arton5995-ba8d2.png\" \/>\n<meta name=\"author\" content=\"inclusivenews2024\" \/>\n<meta name=\"twitter:card\" content=\"summary_large_image\" \/>\n<meta name=\"twitter:label1\" content=\"Escrito por\" \/>\n\t<meta name=\"twitter:data1\" content=\"inclusivenews2024\" \/>\n\t<meta name=\"twitter:label2\" content=\"Tempo estimado de leitura\" \/>\n\t<meta name=\"twitter:data2\" content=\"1 minuto\" \/>\n<script type=\"application\/ld+json\" class=\"yoast-schema-graph\">{\"@context\":\"https:\\\/\\\/schema.org\",\"@graph\":[{\"@type\":\"Article\",\"@id\":\"https:\\\/\\\/inclusivenews.com.br\\\/?p=21859#article\",\"isPartOf\":{\"@id\":\"https:\\\/\\\/inclusivenews.com.br\\\/?p=21859\"},\"author\":{\"name\":\"inclusivenews2024\",\"@id\":\"https:\\\/\\\/inclusivenews.com.br\\\/#\\\/schema\\\/person\\\/ae4ec7087559b8692fb33b6fffd2273b\"},\"headline\":\"Inscri\u00e7\u00f5es para o F\u00f3rum Social Tem\u00e1tico 2012\",\"datePublished\":\"2012-01-05T20:39:15+00:00\",\"mainEntityOfPage\":{\"@id\":\"https:\\\/\\\/inclusivenews.com.br\\\/?p=21859\"},\"wordCount\":126,\"commentCount\":0,\"publisher\":{\"@id\":\"https:\\\/\\\/inclusivenews.com.br\\\/#organization\"},\"image\":{\"@id\":\"https:\\\/\\\/inclusivenews.com.br\\\/?p=21859#primaryimage\"},\"thumbnailUrl\":\"http:\\\/\\\/www.ciranda.net\\\/local\\\/cache-vignettes\\\/L400xH304\\\/arton5995-ba8d2.png\",\"articleSection\":[\"NOT\u00cdCIAS\"],\"inLanguage\":\"pt-PT\",\"potentialAction\":[{\"@type\":\"CommentAction\",\"name\":\"Comment\",\"target\":[\"https:\\\/\\\/inclusivenews.com.br\\\/?p=21859#respond\"]}]},{\"@type\":\"WebPage\",\"@id\":\"https:\\\/\\\/inclusivenews.com.br\\\/?p=21859\",\"url\":\"https:\\\/\\\/inclusivenews.com.br\\\/?p=21859\",\"name\":\"Inscri\u00e7\u00f5es para o F\u00f3rum Social Tem\u00e1tico 2012 -\",\"isPartOf\":{\"@id\":\"https:\\\/\\\/inclusivenews.com.br\\\/#website\"},\"primaryImageOfPage\":{\"@id\":\"https:\\\/\\\/inclusivenews.com.br\\\/?p=21859#primaryimage\"},\"image\":{\"@id\":\"https:\\\/\\\/inclusivenews.com.br\\\/?p=21859#primaryimage\"},\"thumbnailUrl\":\"http:\\\/\\\/www.ciranda.net\\\/local\\\/cache-vignettes\\\/L400xH304\\\/arton5995-ba8d2.png\",\"datePublished\":\"2012-01-05T20:39:15+00:00\",\"breadcrumb\":{\"@id\":\"https:\\\/\\\/inclusivenews.com.br\\\/?p=21859#breadcrumb\"},\"inLanguage\":\"pt-PT\",\"potentialAction\":[{\"@type\":\"ReadAction\",\"target\":[\"https:\\\/\\\/inclusivenews.com.br\\\/?p=21859\"]}]},{\"@type\":\"ImageObject\",\"inLanguage\":\"pt-PT\",\"@id\":\"https:\\\/\\\/inclusivenews.com.br\\\/?p=21859#primaryimage\",\"url\":\"http:\\\/\\\/www.ciranda.net\\\/local\\\/cache-vignettes\\\/L400xH304\\\/arton5995-ba8d2.png\",\"contentUrl\":\"http:\\\/\\\/www.ciranda.net\\\/local\\\/cache-vignettes\\\/L400xH304\\\/arton5995-ba8d2.png\"},{\"@type\":\"BreadcrumbList\",\"@id\":\"https:\\\/\\\/inclusivenews.com.br\\\/?p=21859#breadcrumb\",\"itemListElement\":[{\"@type\":\"ListItem\",\"position\":1,\"name\":\"In\u00edcio\",\"item\":\"https:\\\/\\\/inclusivenews.com.br\\\/\"},{\"@type\":\"ListItem\",\"position\":2,\"name\":\"Inscri\u00e7\u00f5es para o F\u00f3rum Social Tem\u00e1tico 2012\"}]},{\"@type\":\"WebSite\",\"@id\":\"https:\\\/\\\/inclusivenews.com.br\\\/#website\",\"url\":\"https:\\\/\\\/inclusivenews.com.br\\\/\",\"name\":\"Inclusive News\",\"description\":\"Inclusive News\",\"publisher\":{\"@id\":\"https:\\\/\\\/inclusivenews.com.br\\\/#organization\"},\"potentialAction\":[{\"@type\":\"SearchAction\",\"target\":{\"@type\":\"EntryPoint\",\"urlTemplate\":\"https:\\\/\\\/inclusivenews.com.br\\\/?s={search_term_string}\"},\"query-input\":{\"@type\":\"PropertyValueSpecification\",\"valueRequired\":true,\"valueName\":\"search_term_string\"}}],\"inLanguage\":\"pt-PT\"},{\"@type\":\"Organization\",\"@id\":\"https:\\\/\\\/inclusivenews.com.br\\\/#organization\",\"name\":\"Inclusive - inclus\u00e3o e cidadania\",\"url\":\"https:\\\/\\\/inclusivenews.com.br\\\/\",\"logo\":{\"@type\":\"ImageObject\",\"inLanguage\":\"pt-PT\",\"@id\":\"https:\\\/\\\/inclusivenews.com.br\\\/#\\\/schema\\\/logo\\\/image\\\/\",\"url\":\"https:\\\/\\\/inclusivenews.com.br\\\/wp-content\\\/uploads\\\/2024\\\/03\\\/@grandesite.png\",\"contentUrl\":\"https:\\\/\\\/inclusivenews.com.br\\\/wp-content\\\/uploads\\\/2024\\\/03\\\/@grandesite.png\",\"width\":1080,\"height\":1080,\"caption\":\"Inclusive - inclus\u00e3o e cidadania\"},\"image\":{\"@id\":\"https:\\\/\\\/inclusivenews.com.br\\\/#\\\/schema\\\/logo\\\/image\\\/\"},\"sameAs\":[\"https:\\\/\\\/www.facebook.com\\\/agenciainclusive\\\/\",\"https:\\\/\\\/www.instagram.com\\\/newsinclusive\\\/\"]},{\"@type\":\"Person\",\"@id\":\"https:\\\/\\\/inclusivenews.com.br\\\/#\\\/schema\\\/person\\\/ae4ec7087559b8692fb33b6fffd2273b\",\"name\":\"inclusivenews2024\",\"image\":{\"@type\":\"ImageObject\",\"inLanguage\":\"pt-PT\",\"@id\":\"https:\\\/\\\/secure.gravatar.com\\\/avatar\\\/c5a7ef84c66fa914f55bc4f7ce26cfa275a3b9a1c5568b907bd184fb4dde7b40?s=96&d=mm&r=g\",\"url\":\"https:\\\/\\\/secure.gravatar.com\\\/avatar\\\/c5a7ef84c66fa914f55bc4f7ce26cfa275a3b9a1c5568b907bd184fb4dde7b40?s=96&d=mm&r=g\",\"contentUrl\":\"https:\\\/\\\/secure.gravatar.com\\\/avatar\\\/c5a7ef84c66fa914f55bc4f7ce26cfa275a3b9a1c5568b907bd184fb4dde7b40?s=96&d=mm&r=g\",\"caption\":\"inclusivenews2024\"},\"sameAs\":[\"https:\\\/\\\/inclusivenews.com.br\"],\"url\":\"https:\\\/\\\/inclusivenews.com.br\\\/?author=1\"}]}<\/script>\n<!-- \/ Yoast SEO plugin. -->","yoast_head_json":{"title":"Inscri\u00e7\u00f5es para o F\u00f3rum Social Tem\u00e1tico 2012 -","robots":{"index":"index","follow":"follow","max-snippet":"max-snippet:-1","max-image-preview":"max-image-preview:large","max-video-preview":"max-video-preview:-1"},"canonical":"https:\/\/inclusivenews.com.br\/?p=21859","og_locale":"pt_PT","og_type":"article","og_title":"Inscri\u00e7\u00f5es para o F\u00f3rum Social Tem\u00e1tico 2012 -","og_description":"As inscri\u00e7\u00f5es de atividades autogestionadas para o F\u00f3rum Social Mundial Tem\u00e1tico de 2012, que ser\u00e1 realizado no m\u00eas de janeiro de 2012 em Porto Alegre, j\u00e1 podem ser feitas pelo site do F\u00f3rum ou pelo e-mail fstematico2012@gmail.com.","og_url":"https:\/\/inclusivenews.com.br\/?p=21859","article_publisher":"https:\/\/www.facebook.com\/agenciainclusive\/","article_published_time":"2012-01-05T20:39:15+00:00","og_image":[{"url":"http:\/\/www.ciranda.net\/local\/cache-vignettes\/L400xH304\/arton5995-ba8d2.png","type":"","width":"","height":""}],"author":"inclusivenews2024","twitter_card":"summary_large_image","twitter_misc":{"Escrito por":"inclusivenews2024","Tempo estimado de leitura":"1 minuto"},"schema":{"@context":"https:\/\/schema.org","@graph":[{"@type":"Article","@id":"https:\/\/inclusivenews.com.br\/?p=21859#article","isPartOf":{"@id":"https:\/\/inclusivenews.com.br\/?p=21859"},"author":{"name":"inclusivenews2024","@id":"https:\/\/inclusivenews.com.br\/#\/schema\/person\/ae4ec7087559b8692fb33b6fffd2273b"},"headline":"Inscri\u00e7\u00f5es para o F\u00f3rum Social Tem\u00e1tico 2012","datePublished":"2012-01-05T20:39:15+00:00","mainEntityOfPage":{"@id":"https:\/\/inclusivenews.com.br\/?p=21859"},"wordCount":126,"commentCount":0,"publisher":{"@id":"https:\/\/inclusivenews.com.br\/#organization"},"image":{"@id":"https:\/\/inclusivenews.com.br\/?p=21859#primaryimage"},"thumbnailUrl":"http:\/\/www.ciranda.net\/local\/cache-vignettes\/L400xH304\/arton5995-ba8d2.png","articleSection":["NOT\u00cdCIAS"],"inLanguage":"pt-PT","potentialAction":[{"@type":"CommentAction","name":"Comment","target":["https:\/\/inclusivenews.com.br\/?p=21859#respond"]}]},{"@type":"WebPage","@id":"https:\/\/inclusivenews.com.br\/?p=21859","url":"https:\/\/inclusivenews.com.br\/?p=21859","name":"Inscri\u00e7\u00f5es para o F\u00f3rum Social Tem\u00e1tico 2012 -","isPartOf":{"@id":"https:\/\/inclusivenews.com.br\/#website"},"primaryImageOfPage":{"@id":"https:\/\/inclusivenews.com.br\/?p=21859#primaryimage"},"image":{"@id":"https:\/\/inclusivenews.com.br\/?p=21859#primaryimage"},"thumbnailUrl":"http:\/\/www.ciranda.net\/local\/cache-vignettes\/L400xH304\/arton5995-ba8d2.png","datePublished":"2012-01-05T20:39:15+00:00","breadcrumb":{"@id":"https:\/\/inclusivenews.com.br\/?p=21859#breadcrumb"},"inLanguage":"pt-PT","potentialAction":[{"@type":"ReadAction","target":["https:\/\/inclusivenews.com.br\/?p=21859"]}]},{"@type":"ImageObject","inLanguage":"pt-PT","@id":"https:\/\/inclusivenews.com.br\/?p=21859#primaryimage","url":"http:\/\/www.ciranda.net\/local\/cache-vignettes\/L400xH304\/arton5995-ba8d2.png","contentUrl":"http:\/\/www.ciranda.net\/local\/cache-vignettes\/L400xH304\/arton5995-ba8d2.png"},{"@type":"BreadcrumbList","@id":"https:\/\/inclusivenews.com.br\/?p=21859#breadcrumb","itemListElement":[{"@type":"ListItem","position":1,"name":"In\u00edcio","item":"https:\/\/inclusivenews.com.br\/"},{"@type":"ListItem","position":2,"name":"Inscri\u00e7\u00f5es para o F\u00f3rum Social Tem\u00e1tico 2012"}]},{"@type":"WebSite","@id":"https:\/\/inclusivenews.com.br\/#website","url":"https:\/\/inclusivenews.com.br\/","name":"Inclusive News","description":"Inclusive News","publisher":{"@id":"https:\/\/inclusivenews.com.br\/#organization"},"potentialAction":[{"@type":"SearchAction","target":{"@type":"EntryPoint","urlTemplate":"https:\/\/inclusivenews.com.br\/?s={search_term_string}"},"query-input":{"@type":"PropertyValueSpecification","valueRequired":true,"valueName":"search_term_string"}}],"inLanguage":"pt-PT"},{"@type":"Organization","@id":"https:\/\/inclusivenews.com.br\/#organization","name":"Inclusive - inclus\u00e3o e cidadania","url":"https:\/\/inclusivenews.com.br\/","logo":{"@type":"ImageObject","inLanguage":"pt-PT","@id":"https:\/\/inclusivenews.com.br\/#\/schema\/logo\/image\/","url":"https:\/\/inclusivenews.com.br\/wp-content\/uploads\/2024\/03\/@grandesite.png","contentUrl":"https:\/\/inclusivenews.com.br\/wp-content\/uploads\/2024\/03\/@grandesite.png","width":1080,"height":1080,"caption":"Inclusive - inclus\u00e3o e cidadania"},"image":{"@id":"https:\/\/inclusivenews.com.br\/#\/schema\/logo\/image\/"},"sameAs":["https:\/\/www.facebook.com\/agenciainclusive\/","https:\/\/www.instagram.com\/newsinclusive\/"]},{"@type":"Person","@id":"https:\/\/inclusivenews.com.br\/#\/schema\/person\/ae4ec7087559b8692fb33b6fffd2273b","name":"inclusivenews2024","image":{"@type":"ImageObject","inLanguage":"pt-PT","@id":"https:\/\/secure.gravatar.com\/avatar\/c5a7ef84c66fa914f55bc4f7ce26cfa275a3b9a1c5568b907bd184fb4dde7b40?s=96&d=mm&r=g","url":"https:\/\/secure.gravatar.com\/avatar\/c5a7ef84c66fa914f55bc4f7ce26cfa275a3b9a1c5568b907bd184fb4dde7b40?s=96&d=mm&r=g","contentUrl":"https:\/\/secure.gravatar.com\/avatar\/c5a7ef84c66fa914f55bc4f7ce26cfa275a3b9a1c5568b907bd184fb4dde7b40?s=96&d=mm&r=g","caption":"inclusivenews2024"},"sameAs":["https:\/\/inclusivenews.com.br"],"url":"https:\/\/inclusivenews.com.br\/?author=1"}]}},"_links":{"self":[{"href":"https:\/\/inclusivenews.com.br\/index.php?rest_route=\/wp\/v2\/posts\/21859","targetHints":{"allow":["GET"]}}],"collection":[{"href":"https:\/\/inclusivenews.com.br\/index.php?rest_route=\/wp\/v2\/posts"}],"about":[{"href":"https:\/\/inclusivenews.com.br\/index.php?rest_route=\/wp\/v2\/types\/post"}],"author":[{"embeddable":true,"href":"https:\/\/inclusivenews.com.br\/index.php?rest_route=\/wp\/v2\/users\/1"}],"replies":[{"embeddable":true,"href":"https:\/\/inclusivenews.com.br\/index.php?rest_route=%2Fwp%2Fv2%2Fcomments&post=21859"}],"version-history":[{"count":0,"href":"https:\/\/inclusivenews.com.br\/index.php?rest_route=\/wp\/v2\/posts\/21859\/revisions"}],"wp:attachment":[{"href":"https:\/\/inclusivenews.com.br\/index.php?rest_route=%2Fwp%2Fv2%2Fmedia&parent=21859"}],"wp:term":[{"taxonomy":"category","embeddable":true,"href":"https:\/\/inclusivenews.com.br\/index.php?rest_route=%2Fwp%2Fv2%2Fcategories&post=21859"},{"taxonomy":"post_tag","embeddable":true,"href":"https:\/\/inclusivenews.com.br\/index.php?rest_route=%2Fwp%2Fv2%2Ftags&post=21859"}],"curies":[{"name":"wp","href":"https:\/\/api.w.org\/{rel}","templated":true}]}}