{"id":21861,"date":"2012-01-05T17:46:39","date_gmt":"2012-01-05T20:46:39","guid":{"rendered":"http:\/\/www.inclusive.org.br\/?p=21861"},"modified":"2012-01-05T17:46:39","modified_gmt":"2012-01-05T20:46:39","slug":"forum-mundial-de-educacao","status":"publish","type":"post","link":"https:\/\/inclusivenews.com.br\/?p=21861","title":{"rendered":"F\u00f3rum Mundial de Educa\u00e7\u00e3o"},"content":{"rendered":"<figure style=\"width: 227px\" class=\"wp-caption alignleft\"><img loading=\"lazy\" decoding=\"async\" title=\"F\u00f3rum mundial da educa\u00e7\u00e3o\" src=\"http:\/\/fmejsa.forummundialeducacao.org\/wp-content\/themes\/RevolutionTribune\/images\/logo.png\" alt=\"\" width=\"227\" height=\"102\" \/><figcaption class=\"wp-caption-text\"> <\/figcaption><\/figure>\n<p><a class=\"moz-txt-link-freetext\" href=\"http:\/\/fmejsa.forummundialeducacao.org\/wp-content\/themes\/RevolutionTribune\/images\/logo.png\"><\/a><\/p>\n<p><a href=\"http:\/\/www.fstematico2012.org.br\/imprensa\/geral\/noticias\/Programa_FME_A4_hmp.jpg\">Clique para ver a programa\u00e7\u00e3o.<\/a><\/p>\n<p>H\u00e1 20 anos, organiza\u00e7\u00f5es e movimentos da sociedade civil brasileiros, apoiados por movimentos e redes internacionais, uniram-se no desafio de promover o F\u00f3rum Global 92, um real f\u00f3rum global da cidadania, que deu espa\u00e7o e visibilidade aos atores sociais no debate e no controle social dos temas ent\u00e3o emergentes do RIO-92.<\/p>\n<p>Esta \u00e9poca marcou o in\u00edcio de um ciclo de Conferencias da ONU sobre Desenvolvimento Sustent\u00e1vel, fruto dos alertas e das demandas de um movimento socioambiental que se tornara planet\u00e1rio.<\/p>\n<p>O momento que vive o planeta e a popula\u00e7\u00e3o mundial \u00e9 grave. Persistem e se reproduzem a pobreza e a mis\u00e9ria e a desigualdade, potencializados cada vez mais pelas crises ambiental e clim\u00e1tica. \u00c0 espolia\u00e7\u00e3o do planeta se junta \u00e0 marginaliza\u00e7\u00e3o e a extermina\u00e7\u00e3o de numerosos povos e grupos sociais. Enquanto estamos vivenciando uma crise civilizat\u00f3ria, governos e amplos setores das sociedades nacionais, presos ao imediato e cegos ao futuro, agarram-se a um modelo de economia, de governan\u00e7a e de valores ultrapassados e paralisantes.<\/p>\n<p>O evento oficial Rio+20, prop\u00f5e-se a debater a economia verde e a governan\u00e7a internacional para o desenvolvimento sustent\u00e1vel. Est\u00e1 mais que na hora para que sistemas econ\u00f4micos incorporem princ\u00edpios, valores e instrumentos que assegurem a justi\u00e7a e equidade social e a sustentabilidade e integridade ambiental.<\/p>\n<p>O Comit\u00ea Facilitador da Sociedade Civil Brasileira para Rio+20, que agrega diferentes redes e organiza\u00e7\u00f5es n\u00e3o governamentais e movimentos sociais brasileiros de diferentes \u00e1reas de atua\u00e7\u00e3o, incluindo ambientalistas, trabalhadoras\/es rurais e urbanos, jovens, movimentos populares, empreendedoras\/es de economia solid\u00e1ria, entre outras\/os, t\u00eam convocado as organiza\u00e7\u00f5es da sociedade civil, os movimentos sociais e populares de todo mundo para participar do processo que levar\u00e1 \u00e0 realiza\u00e7\u00e3o, em\u00a0 Junho de 2012, do evento aut\u00f4nomo e plural, a <strong>C\u00fapula dos Povos para o Desenvolvimento Sustent\u00e1vel \u2013 Rio+20, <\/strong>paralela \u00e0 <strong>Confer\u00eancia da ONU sobre o Desenvolvimento Sustent\u00e1vel \u2013<\/strong> <strong>UNCSD 2012<\/strong>, tamb\u00e9m chamada <strong>Rio+20.<\/strong><\/p>\n<p><strong> <\/strong>Respondendo a esta chamada, vai ocorrer na Regi\u00e3o Metropolitana de Porto Alegre o <strong>FSM \u201cCRISE CAPITALISTA, JUSTI\u00c7A SOCIAL E AMBIENTAL\u201d, <\/strong>em cujo Comit\u00ea Organizador (CO) a Secretaria Executiva do Conselho Internacional do <strong> <\/strong>F\u00f3rum Mundial de Educa\u00e7\u00e3o(SE CI FME) decidiu incorporar-se, pois considerou tamb\u00e9m a necessidade de realizar conjuntamente uma edi\u00e7\u00e3o do <strong>FME <\/strong>com a mesma tem\u00e1tica a partir do \u00e2mbito educativo. Esta edi\u00e7\u00e3o celebrar-se-\u00e1 nas mesmas datas que o FSM na cidade de <strong>Gravata\u00ed<\/strong>.<\/p>\n<p><strong>3. OBJETIVOS DO FMEJSA<\/strong><\/p>\n<p>O objetivo do f\u00f3rum \u00e9 fazer poss\u00edvel um amplo debate e a elabora\u00e7\u00e3o de alternativas, na qual participem os diferentes setores sociais da comunidade educativa e os que se relacionem com ela, com a finalidade de incluir o m\u00e1ximo de perspectivas e posicionar a educa\u00e7\u00e3o nesse avan\u00e7o rumo a uma sociedade mais justa e sustent\u00e1vel, como uma prioridade e responsabilidade de toda a sociedade.<\/p>\n<p>E nesse sentido, nos dirigimos \u00e0s organiza\u00e7\u00f5es e pessoas relacionadas com a educa\u00e7\u00e3o formal e n\u00e3o formal reafirmando a Declara\u00e7\u00e3o de Dakar 2011:<\/p>\n<p>1 \u2013 O direito a educa\u00e7\u00e3o como direito humano fundamental e inter-relacionado com os\u00a0 direitos econ\u00f4micos, sociais, pol\u00edticos, culturais e ambientais (enfoque transversal);<\/p>\n<p>2 \u2013 o reconhecimento das\u00a0lutas por uma educa\u00e7\u00e3o cidad\u00e3, pela democracia, pelos novos desafios do trabalho, pela justi\u00e7a social e a igualdade na perspectiva da educa\u00e7\u00e3o ao longo da vida;<\/p>\n<p>3 \u2013 uma\u00a0 educa\u00e7\u00e3o p\u00fablica\u00a0 como responsabilidade do Estado, laica e gratuita, da educa\u00e7\u00e3o infantil \u00e0 universidade e ao longo de toda a vida, e pela qual estamos lutando a partir das perspectivas sindicais, das associa\u00e7\u00f5es de m\u00e3es e pais, de estudantes e, em geral, da sociedade civil organizada;<\/p>\n<p>4 \u2013 a educa\u00e7\u00e3o inclusiva de todas as diversidades \u00e9tnicas, as de g\u00eanero, geracional, territorial, de orienta\u00e7\u00e3o sexual, de necessidades especiais, incluindo a educa\u00e7\u00e3o no meio rural, etc.;<\/p>\n<p>5 \u2013 a reivindica\u00e7\u00e3o da pedagogia de Paulo Freire e outras teorias pedag\u00f3gicas baseadas no reconhecimento dos saberes locais, na educa\u00e7\u00e3o popular, cidad\u00e3, educa\u00e7\u00e3o para a paz e a recupera\u00e7\u00e3o da hist\u00f3ria dos povos;<\/p>\n<p>6 \u2013 o desenvolvimento de estrat\u00e9gias de enfrentamento a governos locais, nacionais e organismos internacionais, contra a privatiza\u00e7\u00e3o e a mercantiliza\u00e7\u00e3o da educa\u00e7\u00e3o, a partir da perspectiva da educa\u00e7\u00e3o como direito humano inalien\u00e1vel;<\/p>\n<p>7 \u2013 o fortalecimento dos movimentos sociais que lutam pela educa\u00e7\u00e3o como direito;<\/p>\n<p>8 \u2013 nosso rep\u00fadio \u00e0 impertin\u00eancia da educa\u00e7\u00e3o colonialista, especialmente nos pa\u00edses africanos, que desconhece e despreza os saberes e hist\u00f3rias locais;<\/p>\n<p>9 \u2013 a produ\u00e7\u00e3o de conhecimento aplic\u00e1vel, significativo que responda\u00a0 aos contextos locais, em quest\u00f5es tais como migra\u00e7\u00e3o, deslocamento, guerra, e toda forma de discrimina\u00e7\u00e3o, o que inclui o direito \u00e1 educar-se na pr\u00f3pria l\u00edngua;<\/p>\n<p>10 \u2013 a solicita\u00e7\u00e3o expressa de atendimento a alunos\/as e professores\/as que vivem em\u00a0 condi\u00e7\u00e3o de guerra, exigindo a prote\u00e7\u00e3o \u00e0s suas vidas e o respeito aos seus direitos humanos;<\/p>\n<p>11 \u2013 o fortalecimento da luta pela garantia de melhores condi\u00e7\u00f5es de trabalho docente, considerando a deteriora\u00e7\u00e3o observada em muitos lugares das condi\u00e7\u00f5es de trabalho dos trabalhadores\/as em educa\u00e7\u00e3o e das condi\u00e7\u00f5es do ensino;<\/p>\n<p>12 \u2013 as exig\u00eancias para atender as situa\u00e7\u00f5es ligadas ao pertencimento (l\u00edngua pr\u00f3pria, curr\u00edculos), o acesso (instala\u00e7\u00f5es adequadas), qualidade (educa\u00e7\u00e3o centrada nas potencialidades humanas e em harmonia com a natureza);<\/p>\n<p>13 \u2013 a necessidade de situar a luta\u00a0 pelo direito \u00e1 educa\u00e7\u00e3o no contexto da crise do modelo civilizat\u00f3rio, promovendo a cidadania ativa e a resist\u00eancia ao modelo imposto pelos organismos internacionais.\u00a0 Reconhecer que a democratiza\u00e7\u00e3o do saber \u00e9 um modelo b\u00e1sico na democratiza\u00e7\u00e3o da sociedade;<\/p>\n<p>14 \u2013 a urg\u00eancia em dotar de conte\u00fados significativos e significantes ao conceito de qualidade da educa\u00e7\u00e3o, acess\u00edvel a todas e todos sem discrimina\u00e7\u00e3o, solid\u00e1ria e\u00a0 ao longo da vida.<\/p>\n<p>Como o FSM, tamb\u00e9m s\u00e3o nossos objetivos os de:<\/p>\n<ul>\n<li>Refletir estrategicamente sobre os desafios \u00e9ticos, cient\u00edficos e pol\u00edticos para organiza\u00e7\u00f5es da sociedade civil, parlamentos e governos, empresas, povos inteiros visando a sustentabilidade da vida e do planeta.<\/li>\n<li>Sistematizar os temas e as quest\u00f5es sobre sustentabilidade que demandam an\u00e1lise, debate e propostas e definir plano de trabalho tendo em vista o processo preparat\u00f3rio e a incid\u00eancia na pr\u00f3pria Confer\u00eancia Rio + 20.<\/li>\n<\/ul>\n","protected":false},"excerpt":{"rendered":"<p>O F\u00f3rum acontece em Porto Alegre, em janeiro, e j\u00e1 conta com a programa\u00e7\u00e3o dispon\u00edvel.<\/p>\n","protected":false},"author":1,"featured_media":0,"comment_status":"open","ping_status":"open","sticky":false,"template":"","format":"standard","meta":{"site-container-style":"default","site-container-layout":"default","site-sidebar-layout":"default","disable-article-header":"default","disable-site-header":"default","disable-site-footer":"default","disable-content-area-spacing":"default","footnotes":""},"categories":[6,4],"tags":[],"class_list":["post-21861","post","type-post","status-publish","format-standard","hentry","category-educacao","category-noticias"],"yoast_head":"<!-- This site is optimized with the Yoast SEO plugin v27.5 - https:\/\/yoast.com\/product\/yoast-seo-wordpress\/ -->\n<title>F\u00f3rum Mundial de Educa\u00e7\u00e3o -<\/title>\n<meta name=\"robots\" content=\"index, follow, max-snippet:-1, max-image-preview:large, max-video-preview:-1\" \/>\n<link rel=\"canonical\" href=\"https:\/\/inclusivenews.com.br\/?p=21861\" \/>\n<meta property=\"og:locale\" content=\"pt_PT\" \/>\n<meta property=\"og:type\" content=\"article\" \/>\n<meta property=\"og:title\" content=\"F\u00f3rum Mundial de Educa\u00e7\u00e3o -\" \/>\n<meta property=\"og:description\" content=\"O F\u00f3rum acontece em Porto Alegre, em janeiro, e j\u00e1 conta com a programa\u00e7\u00e3o dispon\u00edvel.\" \/>\n<meta property=\"og:url\" content=\"https:\/\/inclusivenews.com.br\/?p=21861\" \/>\n<meta property=\"article:publisher\" content=\"https:\/\/www.facebook.com\/agenciainclusive\/\" \/>\n<meta property=\"article:published_time\" content=\"2012-01-05T20:46:39+00:00\" \/>\n<meta property=\"og:image\" content=\"http:\/\/fmejsa.forummundialeducacao.org\/wp-content\/themes\/RevolutionTribune\/images\/logo.png\" \/>\n<meta name=\"author\" content=\"inclusivenews2024\" \/>\n<meta name=\"twitter:card\" content=\"summary_large_image\" \/>\n<meta name=\"twitter:label1\" content=\"Escrito por\" \/>\n\t<meta name=\"twitter:data1\" content=\"inclusivenews2024\" \/>\n\t<meta name=\"twitter:label2\" content=\"Tempo estimado de leitura\" \/>\n\t<meta name=\"twitter:data2\" content=\"5 minutos\" \/>\n<script type=\"application\/ld+json\" class=\"yoast-schema-graph\">{\"@context\":\"https:\\\/\\\/schema.org\",\"@graph\":[{\"@type\":\"Article\",\"@id\":\"https:\\\/\\\/inclusivenews.com.br\\\/?p=21861#article\",\"isPartOf\":{\"@id\":\"https:\\\/\\\/inclusivenews.com.br\\\/?p=21861\"},\"author\":{\"name\":\"inclusivenews2024\",\"@id\":\"https:\\\/\\\/inclusivenews.com.br\\\/#\\\/schema\\\/person\\\/ae4ec7087559b8692fb33b6fffd2273b\"},\"headline\":\"F\u00f3rum Mundial de Educa\u00e7\u00e3o\",\"datePublished\":\"2012-01-05T20:46:39+00:00\",\"mainEntityOfPage\":{\"@id\":\"https:\\\/\\\/inclusivenews.com.br\\\/?p=21861\"},\"wordCount\":1090,\"commentCount\":0,\"publisher\":{\"@id\":\"https:\\\/\\\/inclusivenews.com.br\\\/#organization\"},\"image\":{\"@id\":\"https:\\\/\\\/inclusivenews.com.br\\\/?p=21861#primaryimage\"},\"thumbnailUrl\":\"http:\\\/\\\/fmejsa.forummundialeducacao.org\\\/wp-content\\\/themes\\\/RevolutionTribune\\\/images\\\/logo.png\",\"articleSection\":[\"EDUCA\u00c7\u00c3O\",\"NOT\u00cdCIAS\"],\"inLanguage\":\"pt-PT\",\"potentialAction\":[{\"@type\":\"CommentAction\",\"name\":\"Comment\",\"target\":[\"https:\\\/\\\/inclusivenews.com.br\\\/?p=21861#respond\"]}]},{\"@type\":\"WebPage\",\"@id\":\"https:\\\/\\\/inclusivenews.com.br\\\/?p=21861\",\"url\":\"https:\\\/\\\/inclusivenews.com.br\\\/?p=21861\",\"name\":\"F\u00f3rum Mundial de Educa\u00e7\u00e3o -\",\"isPartOf\":{\"@id\":\"https:\\\/\\\/inclusivenews.com.br\\\/#website\"},\"primaryImageOfPage\":{\"@id\":\"https:\\\/\\\/inclusivenews.com.br\\\/?p=21861#primaryimage\"},\"image\":{\"@id\":\"https:\\\/\\\/inclusivenews.com.br\\\/?p=21861#primaryimage\"},\"thumbnailUrl\":\"http:\\\/\\\/fmejsa.forummundialeducacao.org\\\/wp-content\\\/themes\\\/RevolutionTribune\\\/images\\\/logo.png\",\"datePublished\":\"2012-01-05T20:46:39+00:00\",\"breadcrumb\":{\"@id\":\"https:\\\/\\\/inclusivenews.com.br\\\/?p=21861#breadcrumb\"},\"inLanguage\":\"pt-PT\",\"potentialAction\":[{\"@type\":\"ReadAction\",\"target\":[\"https:\\\/\\\/inclusivenews.com.br\\\/?p=21861\"]}]},{\"@type\":\"ImageObject\",\"inLanguage\":\"pt-PT\",\"@id\":\"https:\\\/\\\/inclusivenews.com.br\\\/?p=21861#primaryimage\",\"url\":\"http:\\\/\\\/fmejsa.forummundialeducacao.org\\\/wp-content\\\/themes\\\/RevolutionTribune\\\/images\\\/logo.png\",\"contentUrl\":\"http:\\\/\\\/fmejsa.forummundialeducacao.org\\\/wp-content\\\/themes\\\/RevolutionTribune\\\/images\\\/logo.png\"},{\"@type\":\"BreadcrumbList\",\"@id\":\"https:\\\/\\\/inclusivenews.com.br\\\/?p=21861#breadcrumb\",\"itemListElement\":[{\"@type\":\"ListItem\",\"position\":1,\"name\":\"In\u00edcio\",\"item\":\"https:\\\/\\\/inclusivenews.com.br\\\/\"},{\"@type\":\"ListItem\",\"position\":2,\"name\":\"F\u00f3rum Mundial de Educa\u00e7\u00e3o\"}]},{\"@type\":\"WebSite\",\"@id\":\"https:\\\/\\\/inclusivenews.com.br\\\/#website\",\"url\":\"https:\\\/\\\/inclusivenews.com.br\\\/\",\"name\":\"Inclusive News\",\"description\":\"Inclusive News\",\"publisher\":{\"@id\":\"https:\\\/\\\/inclusivenews.com.br\\\/#organization\"},\"potentialAction\":[{\"@type\":\"SearchAction\",\"target\":{\"@type\":\"EntryPoint\",\"urlTemplate\":\"https:\\\/\\\/inclusivenews.com.br\\\/?s={search_term_string}\"},\"query-input\":{\"@type\":\"PropertyValueSpecification\",\"valueRequired\":true,\"valueName\":\"search_term_string\"}}],\"inLanguage\":\"pt-PT\"},{\"@type\":\"Organization\",\"@id\":\"https:\\\/\\\/inclusivenews.com.br\\\/#organization\",\"name\":\"Inclusive - inclus\u00e3o e cidadania\",\"url\":\"https:\\\/\\\/inclusivenews.com.br\\\/\",\"logo\":{\"@type\":\"ImageObject\",\"inLanguage\":\"pt-PT\",\"@id\":\"https:\\\/\\\/inclusivenews.com.br\\\/#\\\/schema\\\/logo\\\/image\\\/\",\"url\":\"https:\\\/\\\/inclusivenews.com.br\\\/wp-content\\\/uploads\\\/2024\\\/03\\\/@grandesite.png\",\"contentUrl\":\"https:\\\/\\\/inclusivenews.com.br\\\/wp-content\\\/uploads\\\/2024\\\/03\\\/@grandesite.png\",\"width\":1080,\"height\":1080,\"caption\":\"Inclusive - inclus\u00e3o e cidadania\"},\"image\":{\"@id\":\"https:\\\/\\\/inclusivenews.com.br\\\/#\\\/schema\\\/logo\\\/image\\\/\"},\"sameAs\":[\"https:\\\/\\\/www.facebook.com\\\/agenciainclusive\\\/\",\"https:\\\/\\\/www.instagram.com\\\/newsinclusive\\\/\"]},{\"@type\":\"Person\",\"@id\":\"https:\\\/\\\/inclusivenews.com.br\\\/#\\\/schema\\\/person\\\/ae4ec7087559b8692fb33b6fffd2273b\",\"name\":\"inclusivenews2024\",\"image\":{\"@type\":\"ImageObject\",\"inLanguage\":\"pt-PT\",\"@id\":\"https:\\\/\\\/secure.gravatar.com\\\/avatar\\\/c5a7ef84c66fa914f55bc4f7ce26cfa275a3b9a1c5568b907bd184fb4dde7b40?s=96&d=mm&r=g\",\"url\":\"https:\\\/\\\/secure.gravatar.com\\\/avatar\\\/c5a7ef84c66fa914f55bc4f7ce26cfa275a3b9a1c5568b907bd184fb4dde7b40?s=96&d=mm&r=g\",\"contentUrl\":\"https:\\\/\\\/secure.gravatar.com\\\/avatar\\\/c5a7ef84c66fa914f55bc4f7ce26cfa275a3b9a1c5568b907bd184fb4dde7b40?s=96&d=mm&r=g\",\"caption\":\"inclusivenews2024\"},\"sameAs\":[\"https:\\\/\\\/inclusivenews.com.br\"],\"url\":\"https:\\\/\\\/inclusivenews.com.br\\\/?author=1\"}]}<\/script>\n<!-- \/ Yoast SEO plugin. -->","yoast_head_json":{"title":"F\u00f3rum Mundial de Educa\u00e7\u00e3o -","robots":{"index":"index","follow":"follow","max-snippet":"max-snippet:-1","max-image-preview":"max-image-preview:large","max-video-preview":"max-video-preview:-1"},"canonical":"https:\/\/inclusivenews.com.br\/?p=21861","og_locale":"pt_PT","og_type":"article","og_title":"F\u00f3rum Mundial de Educa\u00e7\u00e3o -","og_description":"O F\u00f3rum acontece em Porto Alegre, em janeiro, e j\u00e1 conta com a programa\u00e7\u00e3o dispon\u00edvel.","og_url":"https:\/\/inclusivenews.com.br\/?p=21861","article_publisher":"https:\/\/www.facebook.com\/agenciainclusive\/","article_published_time":"2012-01-05T20:46:39+00:00","og_image":[{"url":"http:\/\/fmejsa.forummundialeducacao.org\/wp-content\/themes\/RevolutionTribune\/images\/logo.png","type":"","width":"","height":""}],"author":"inclusivenews2024","twitter_card":"summary_large_image","twitter_misc":{"Escrito por":"inclusivenews2024","Tempo estimado de leitura":"5 minutos"},"schema":{"@context":"https:\/\/schema.org","@graph":[{"@type":"Article","@id":"https:\/\/inclusivenews.com.br\/?p=21861#article","isPartOf":{"@id":"https:\/\/inclusivenews.com.br\/?p=21861"},"author":{"name":"inclusivenews2024","@id":"https:\/\/inclusivenews.com.br\/#\/schema\/person\/ae4ec7087559b8692fb33b6fffd2273b"},"headline":"F\u00f3rum Mundial de Educa\u00e7\u00e3o","datePublished":"2012-01-05T20:46:39+00:00","mainEntityOfPage":{"@id":"https:\/\/inclusivenews.com.br\/?p=21861"},"wordCount":1090,"commentCount":0,"publisher":{"@id":"https:\/\/inclusivenews.com.br\/#organization"},"image":{"@id":"https:\/\/inclusivenews.com.br\/?p=21861#primaryimage"},"thumbnailUrl":"http:\/\/fmejsa.forummundialeducacao.org\/wp-content\/themes\/RevolutionTribune\/images\/logo.png","articleSection":["EDUCA\u00c7\u00c3O","NOT\u00cdCIAS"],"inLanguage":"pt-PT","potentialAction":[{"@type":"CommentAction","name":"Comment","target":["https:\/\/inclusivenews.com.br\/?p=21861#respond"]}]},{"@type":"WebPage","@id":"https:\/\/inclusivenews.com.br\/?p=21861","url":"https:\/\/inclusivenews.com.br\/?p=21861","name":"F\u00f3rum Mundial de Educa\u00e7\u00e3o -","isPartOf":{"@id":"https:\/\/inclusivenews.com.br\/#website"},"primaryImageOfPage":{"@id":"https:\/\/inclusivenews.com.br\/?p=21861#primaryimage"},"image":{"@id":"https:\/\/inclusivenews.com.br\/?p=21861#primaryimage"},"thumbnailUrl":"http:\/\/fmejsa.forummundialeducacao.org\/wp-content\/themes\/RevolutionTribune\/images\/logo.png","datePublished":"2012-01-05T20:46:39+00:00","breadcrumb":{"@id":"https:\/\/inclusivenews.com.br\/?p=21861#breadcrumb"},"inLanguage":"pt-PT","potentialAction":[{"@type":"ReadAction","target":["https:\/\/inclusivenews.com.br\/?p=21861"]}]},{"@type":"ImageObject","inLanguage":"pt-PT","@id":"https:\/\/inclusivenews.com.br\/?p=21861#primaryimage","url":"http:\/\/fmejsa.forummundialeducacao.org\/wp-content\/themes\/RevolutionTribune\/images\/logo.png","contentUrl":"http:\/\/fmejsa.forummundialeducacao.org\/wp-content\/themes\/RevolutionTribune\/images\/logo.png"},{"@type":"BreadcrumbList","@id":"https:\/\/inclusivenews.com.br\/?p=21861#breadcrumb","itemListElement":[{"@type":"ListItem","position":1,"name":"In\u00edcio","item":"https:\/\/inclusivenews.com.br\/"},{"@type":"ListItem","position":2,"name":"F\u00f3rum Mundial de Educa\u00e7\u00e3o"}]},{"@type":"WebSite","@id":"https:\/\/inclusivenews.com.br\/#website","url":"https:\/\/inclusivenews.com.br\/","name":"Inclusive News","description":"Inclusive News","publisher":{"@id":"https:\/\/inclusivenews.com.br\/#organization"},"potentialAction":[{"@type":"SearchAction","target":{"@type":"EntryPoint","urlTemplate":"https:\/\/inclusivenews.com.br\/?s={search_term_string}"},"query-input":{"@type":"PropertyValueSpecification","valueRequired":true,"valueName":"search_term_string"}}],"inLanguage":"pt-PT"},{"@type":"Organization","@id":"https:\/\/inclusivenews.com.br\/#organization","name":"Inclusive - inclus\u00e3o e cidadania","url":"https:\/\/inclusivenews.com.br\/","logo":{"@type":"ImageObject","inLanguage":"pt-PT","@id":"https:\/\/inclusivenews.com.br\/#\/schema\/logo\/image\/","url":"https:\/\/inclusivenews.com.br\/wp-content\/uploads\/2024\/03\/@grandesite.png","contentUrl":"https:\/\/inclusivenews.com.br\/wp-content\/uploads\/2024\/03\/@grandesite.png","width":1080,"height":1080,"caption":"Inclusive - inclus\u00e3o e cidadania"},"image":{"@id":"https:\/\/inclusivenews.com.br\/#\/schema\/logo\/image\/"},"sameAs":["https:\/\/www.facebook.com\/agenciainclusive\/","https:\/\/www.instagram.com\/newsinclusive\/"]},{"@type":"Person","@id":"https:\/\/inclusivenews.com.br\/#\/schema\/person\/ae4ec7087559b8692fb33b6fffd2273b","name":"inclusivenews2024","image":{"@type":"ImageObject","inLanguage":"pt-PT","@id":"https:\/\/secure.gravatar.com\/avatar\/c5a7ef84c66fa914f55bc4f7ce26cfa275a3b9a1c5568b907bd184fb4dde7b40?s=96&d=mm&r=g","url":"https:\/\/secure.gravatar.com\/avatar\/c5a7ef84c66fa914f55bc4f7ce26cfa275a3b9a1c5568b907bd184fb4dde7b40?s=96&d=mm&r=g","contentUrl":"https:\/\/secure.gravatar.com\/avatar\/c5a7ef84c66fa914f55bc4f7ce26cfa275a3b9a1c5568b907bd184fb4dde7b40?s=96&d=mm&r=g","caption":"inclusivenews2024"},"sameAs":["https:\/\/inclusivenews.com.br"],"url":"https:\/\/inclusivenews.com.br\/?author=1"}]}},"_links":{"self":[{"href":"https:\/\/inclusivenews.com.br\/index.php?rest_route=\/wp\/v2\/posts\/21861","targetHints":{"allow":["GET"]}}],"collection":[{"href":"https:\/\/inclusivenews.com.br\/index.php?rest_route=\/wp\/v2\/posts"}],"about":[{"href":"https:\/\/inclusivenews.com.br\/index.php?rest_route=\/wp\/v2\/types\/post"}],"author":[{"embeddable":true,"href":"https:\/\/inclusivenews.com.br\/index.php?rest_route=\/wp\/v2\/users\/1"}],"replies":[{"embeddable":true,"href":"https:\/\/inclusivenews.com.br\/index.php?rest_route=%2Fwp%2Fv2%2Fcomments&post=21861"}],"version-history":[{"count":0,"href":"https:\/\/inclusivenews.com.br\/index.php?rest_route=\/wp\/v2\/posts\/21861\/revisions"}],"wp:attachment":[{"href":"https:\/\/inclusivenews.com.br\/index.php?rest_route=%2Fwp%2Fv2%2Fmedia&parent=21861"}],"wp:term":[{"taxonomy":"category","embeddable":true,"href":"https:\/\/inclusivenews.com.br\/index.php?rest_route=%2Fwp%2Fv2%2Fcategories&post=21861"},{"taxonomy":"post_tag","embeddable":true,"href":"https:\/\/inclusivenews.com.br\/index.php?rest_route=%2Fwp%2Fv2%2Ftags&post=21861"}],"curies":[{"name":"wp","href":"https:\/\/api.w.org\/{rel}","templated":true}]}}