{"id":21872,"date":"2012-01-18T23:50:34","date_gmt":"2012-01-19T02:50:34","guid":{"rendered":"http:\/\/www.inclusive.org.br\/?p=21872"},"modified":"2012-01-18T23:50:34","modified_gmt":"2012-01-19T02:50:34","slug":"racismo-no-restaurante-nono-paollo-abre-feridas-e-deixa-profundas-licoes","status":"publish","type":"post","link":"https:\/\/inclusivenews.com.br\/?p=21872","title":{"rendered":"Racismo no restaurante Nono Paollo abre feridas e deixa profundas li\u00e7\u00f5es"},"content":{"rendered":"<figure id=\"attachment_18488\" aria-describedby=\"caption-attachment-18488\" style=\"width: 250px\" class=\"wp-caption alignleft\"><img loading=\"lazy\" decoding=\"async\" class=\"size-full wp-image-18488\" title=\"racismo\" src=\"http:\/\/inclusivenews.com.br\/wp-content\/uploads\/2011\/02\/racismo.jpg\" alt=\"Ao fundo pe\u00e7as brancas de jogo de xadrez, em primeiro plano, um pe\u00e3o preto.\" width=\"250\" height=\"168\" \/><figcaption id=\"caption-attachment-18488\" class=\"wp-caption-text\">Ao fundo pe\u00e7as brancas de jogo de xadrez, em primeiro plano, um pe\u00e3o preto.<\/figcaption><\/figure>\n<p>Por Sueli Carneiro<\/p>\n<p>H\u00e1 coisas essenciais sobre o racismo no epis\u00f3dio ocorrido no restaurante Nonno Paolo com um menino negro.<\/p>\n<p>Eu n\u00e3o estava l\u00e1, mas pela rea\u00e7\u00e3o de  indigna\u00e7\u00e3o da m\u00e3e da crian\u00e7a e seus amigos \u00e9 l\u00edcito supor que a crian\u00e7a  em quest\u00e3o, seja amada e bem cuidada, portanto, n\u00e3o estava suja e  maltrapilha como costumam estar as crian\u00e7as de rua que encontramos  cotidianamente na cidade de S\u00e3o Paulo.<\/p>\n<p>Ent\u00e3o, a \u201cconfus\u00e3o\u201d de quem a tomou, em  princ\u00edpio, por mais uma crian\u00e7a pedinte se deveu ao \u00fanico tra\u00e7o com o  qual a define a mentalidade racista: a sua negritude. Presumivelmente, o  menino negro era o \u00fanico \u201cponto escuro\u201d entre os clientes do  restaurante e, para esse \u201cponto escuro\u201d, h\u00e1 lugares socialmente  predeterminados dos quais restaurantes de \u00e1reas consideradas \u201cnobres\u201d da  cidade de S\u00e3o Paulo est\u00e3o exclu\u00eddos.<\/p>\n<p>Para o racista, a negritude chega sempre  na frente dos signos de prest\u00edgio social. Por isso, Janu\u00e1rio Alves de  Santana foi brutalmente espancado por n\u00e3o ser admiss\u00edvel para os  seguran\u00e7as do supermercado Carrefour que ele fosse propriet\u00e1rio de um  Ecosport, dentro do qual se encontrava no estacionamento a espera de sua  mulher que realizava compras. Por isso, a cantora Thalma de Freitas foi  arbitrariamente revistada e levada em cambur\u00e3o para uma delegacia por  ser considerada suspeita enquanto, como ela disse na ocasi\u00e3o, \u201cporque a  loura que estava sendo revistada antes de mim n\u00e3o veio para c\u00e1?\u201d. Por  isso, Seu Jorge, al\u00e9m de m\u00faltiplas humilha\u00e7\u00f5es sofridas na It\u00e1lia, foi  impedido, em dia de frio europeu, de entrar em uma loja com o carrinho  no qual estava a sua filha, \u201cconfundido\u201d como um monte de lixo. S\u00e3o  apenas alguns exemplos de uma lista intermin\u00e1vel de situa\u00e7\u00f5es em que s\u00e3o  endere\u00e7adas para pessoas negras mensagens que t\u00eam um duplo sentido:  reiterar o lugar social subalterno da negritude, bem como desencorajar  os negros a ousarem sair dos lugares que, desde a aboli\u00e7\u00e3o, lhes foi  destinado: as sarjetas do pa\u00eds.<\/p>\n<p>O epis\u00f3dio indica, portanto, que uma  crian\u00e7a, em sendo negra e, por consequ\u00eancia \u201cnatural\u201d , pobre e pedinte,  pode \u201clegitimamente\u201d ser atirada \u00e0 rua, sem cerim\u00f4nia. \u00c9, devolv\u00ea-la ao  seu devido lugar. Indica, ademais, que essa crian\u00e7a n\u00e3o desperta o  sentimento de prote\u00e7\u00e3o (que devemos a qualquer crian\u00e7a) em rela\u00e7\u00e3o aos  perigos das ruas, pois ela \u00e9, para eles, uma das representa\u00e7\u00f5es do que  torna as ruas um perigo!<\/p>\n<p>Essa crian\u00e7a, por ser negra, tamb\u00e9m n\u00e3o \u00e9  abrigada pela compaix\u00e3o, pois h\u00e1 quem v\u00ea nelas a \u201csemente do mal\u201d, como  o fez certa vez, o governador do Rio de Janeiro, S\u00e9rgio Cabral,  defendendo a descriminaliza\u00e7\u00e3o do aborto para mulheres faveladas, pois  seus \u00fateros seriam \u201cf\u00e1bricas de marginais.\u201d<\/p>\n<p>H\u00e1 os que defendem a atitude do  funcion\u00e1rio que expulsou a crian\u00e7a do restaurante sob o argumento de a  que regi\u00e3o em que ele est\u00e1 localizado costuma ser assediada por crian\u00e7as  pedintes que aborrecem a clientela dos estabelecimentos comerciais. Na  aus\u00eancia do poder p\u00fablico para dar destino digno a essas crian\u00e7as, cada  um age de acordo com sua consci\u00eancia, via de regra, expulsando-as.  Outros dizem que a culpa pelo ocorrido \u00e9 dos pais, que deixaram a  crian\u00e7a sozinha na mesa. O subtexto desse discurso \u00e9 revelador e  \u201cpedag\u00f3gico\u201d: pais de crian\u00e7as negras deveriam saber que elas podem ser  expulsas de restaurantes enquanto eles se servem, porque elas s\u00e3o  consideradas pedintes, ou menor infrator! O erro n\u00e3o estaria no r\u00f3tulo  ou estigma e, sim, nos desavisados que n\u00e3o compreendem esse c\u00f3digo  social perverso!<\/p>\n<p>Os que assim pensam pertencem \u00e0 mesma  tribo de indignados que consideram que espa\u00e7os at\u00e9 ent\u00e3o privativos de  classes sociais mais abastadas come\u00e7am a serem tomados de \u201cassalto\u201d por  uma gente \u201cdiferenciada\u201d, fazendo aeroportos parecerem rodovi\u00e1rias ou  pra\u00e7as de alimenta\u00e7\u00e3o. Aqueles que n\u00e3o se sentem incomodados com a  desigualdade e a injusti\u00e7a social. Aqueles que reclamam que agora \u201ctudo \u00e9  racismo\u201d porque, para eles, o politicamente correto \u00e9 dizer que nada \u00e9  racismo.<\/p>\n<p>Esses s\u00e3o, enfim, aqueles que condenam o  Estatuto da Crian\u00e7a e do Adolescente, que advogam pela redu\u00e7\u00e3o da  maioridade penal, que revogariam, se pudessem, o inciso constitucional  que define o racismo como crime inafian\u00e7\u00e1vel e imprescrit\u00edvel, ou a lei  Ca\u00f3 que tipifica e estabelece as penalidades por atos de discrimina\u00e7\u00e3o;  conquistas da cidadania brasileira engendradas por aqueles que recusam  as fal\u00e1cias de igualdade de direitos e oportunidades em nosso pa\u00eds.<\/p>\n<p>O aumento da inclus\u00e3o social ocorrida  nos \u00faltimos anos est\u00e1 produzindo deslocamentos numa ordem social  naturalizada na qual cada um \u201csabia o seu lugar\u201d , o fundamento de nossa  \u201cdemocracia racial\u201d. O desconforto que esse deslocamento provoca faz  com que os atos de racismo estejam se tornando cada vez mais frequentes e  virulentos.<\/p>\n<p>Aten\u00e7\u00e3o gente negra! Eles mudaram! O  mito da democracia racial est\u00e1 revelando, sem pejo, a sua verdadeira  face. Ent\u00e3o, \u00e9 hora de se conceber e empreender novas estrat\u00e9gias de  luta!<\/p>\n<p>Fonte: http:\/\/maringa.odiario.com\/blogs\/comunidadeafroemacao\/2012\/01\/09\/racismo-no-restaurante-nono-paollo-abre-feridas-e-deixa-profundas-licoes\/<\/p>\n","protected":false},"excerpt":{"rendered":"<p>Sueli Carneiro: &#8220;O menino negro era o \u00fanico &#8216;ponto escuro&#8217; entre os clientes do restaurante e para esse &#8216;ponto escuro&#8217; h\u00e1 lugares socialmente predeterminados dos quais restaurantes de \u00e1reas consideradas &#8216;nobres&#8217; da cidade de S\u00e3o Paulo est\u00e3o exclu\u00eddos.&#8221;<\/p>\n","protected":false},"author":1,"featured_media":0,"comment_status":"open","ping_status":"open","sticky":false,"template":"","format":"standard","meta":{"site-container-style":"default","site-container-layout":"default","site-sidebar-layout":"default","disable-article-header":"default","disable-site-header":"default","disable-site-footer":"default","disable-content-area-spacing":"default","footnotes":""},"categories":[39,8,41],"tags":[],"class_list":["post-21872","post","type-post","status-publish","format-standard","hentry","category-discriminacao","category-textos-e-artigos","category-preconceito"],"yoast_head":"<!-- This site is optimized with the Yoast SEO plugin v27.4 - https:\/\/yoast.com\/product\/yoast-seo-wordpress\/ -->\n<title>Racismo no restaurante Nono Paollo abre feridas e deixa profundas li\u00e7\u00f5es -<\/title>\n<meta name=\"robots\" content=\"index, follow, max-snippet:-1, max-image-preview:large, max-video-preview:-1\" \/>\n<link rel=\"canonical\" href=\"https:\/\/inclusivenews.com.br\/?p=21872\" \/>\n<meta property=\"og:locale\" content=\"pt_PT\" \/>\n<meta property=\"og:type\" content=\"article\" \/>\n<meta property=\"og:title\" content=\"Racismo no restaurante Nono Paollo abre feridas e deixa profundas li\u00e7\u00f5es -\" \/>\n<meta property=\"og:description\" content=\"Sueli Carneiro: &quot;O menino negro era o \u00fanico &#039;ponto escuro&#039; entre os clientes do restaurante e para esse &#039;ponto escuro&#039; h\u00e1 lugares socialmente predeterminados dos quais restaurantes de \u00e1reas consideradas &#039;nobres&#039; da cidade de S\u00e3o Paulo est\u00e3o exclu\u00eddos.&quot;\" \/>\n<meta property=\"og:url\" content=\"https:\/\/inclusivenews.com.br\/?p=21872\" \/>\n<meta property=\"article:publisher\" content=\"https:\/\/www.facebook.com\/agenciainclusive\/\" \/>\n<meta property=\"article:published_time\" content=\"2012-01-19T02:50:34+00:00\" \/>\n<meta property=\"og:image\" content=\"http:\/\/inclusivenews.com.br\/wp-content\/uploads\/2011\/02\/racismo.jpg\" \/>\n<meta name=\"author\" content=\"inclusivenews2024\" \/>\n<meta name=\"twitter:card\" content=\"summary_large_image\" \/>\n<meta name=\"twitter:label1\" content=\"Escrito por\" \/>\n\t<meta name=\"twitter:data1\" content=\"inclusivenews2024\" \/>\n\t<meta name=\"twitter:label2\" content=\"Tempo estimado de leitura\" \/>\n\t<meta name=\"twitter:data2\" content=\"5 minutos\" \/>\n<script type=\"application\/ld+json\" class=\"yoast-schema-graph\">{\"@context\":\"https:\\\/\\\/schema.org\",\"@graph\":[{\"@type\":\"Article\",\"@id\":\"https:\\\/\\\/inclusivenews.com.br\\\/?p=21872#article\",\"isPartOf\":{\"@id\":\"https:\\\/\\\/inclusivenews.com.br\\\/?p=21872\"},\"author\":{\"name\":\"inclusivenews2024\",\"@id\":\"https:\\\/\\\/inclusivenews.com.br\\\/#\\\/schema\\\/person\\\/ae4ec7087559b8692fb33b6fffd2273b\"},\"headline\":\"Racismo no restaurante Nono Paollo abre feridas e deixa profundas li\u00e7\u00f5es\",\"datePublished\":\"2012-01-19T02:50:34+00:00\",\"mainEntityOfPage\":{\"@id\":\"https:\\\/\\\/inclusivenews.com.br\\\/?p=21872\"},\"wordCount\":922,\"commentCount\":1,\"publisher\":{\"@id\":\"https:\\\/\\\/inclusivenews.com.br\\\/#organization\"},\"image\":{\"@id\":\"https:\\\/\\\/inclusivenews.com.br\\\/?p=21872#primaryimage\"},\"thumbnailUrl\":\"http:\\\/\\\/inclusivenews.com.br\\\/wp-content\\\/uploads\\\/2011\\\/02\\\/racismo.jpg\",\"articleSection\":[\"Discrimina\u00e7\u00e3o\",\"OPINI\u00c3O\",\"Preconceito\"],\"inLanguage\":\"pt-PT\",\"potentialAction\":[{\"@type\":\"CommentAction\",\"name\":\"Comment\",\"target\":[\"https:\\\/\\\/inclusivenews.com.br\\\/?p=21872#respond\"]}]},{\"@type\":\"WebPage\",\"@id\":\"https:\\\/\\\/inclusivenews.com.br\\\/?p=21872\",\"url\":\"https:\\\/\\\/inclusivenews.com.br\\\/?p=21872\",\"name\":\"Racismo no restaurante Nono Paollo abre feridas e deixa profundas li\u00e7\u00f5es -\",\"isPartOf\":{\"@id\":\"https:\\\/\\\/inclusivenews.com.br\\\/#website\"},\"primaryImageOfPage\":{\"@id\":\"https:\\\/\\\/inclusivenews.com.br\\\/?p=21872#primaryimage\"},\"image\":{\"@id\":\"https:\\\/\\\/inclusivenews.com.br\\\/?p=21872#primaryimage\"},\"thumbnailUrl\":\"http:\\\/\\\/inclusivenews.com.br\\\/wp-content\\\/uploads\\\/2011\\\/02\\\/racismo.jpg\",\"datePublished\":\"2012-01-19T02:50:34+00:00\",\"breadcrumb\":{\"@id\":\"https:\\\/\\\/inclusivenews.com.br\\\/?p=21872#breadcrumb\"},\"inLanguage\":\"pt-PT\",\"potentialAction\":[{\"@type\":\"ReadAction\",\"target\":[\"https:\\\/\\\/inclusivenews.com.br\\\/?p=21872\"]}]},{\"@type\":\"ImageObject\",\"inLanguage\":\"pt-PT\",\"@id\":\"https:\\\/\\\/inclusivenews.com.br\\\/?p=21872#primaryimage\",\"url\":\"\",\"contentUrl\":\"\"},{\"@type\":\"BreadcrumbList\",\"@id\":\"https:\\\/\\\/inclusivenews.com.br\\\/?p=21872#breadcrumb\",\"itemListElement\":[{\"@type\":\"ListItem\",\"position\":1,\"name\":\"In\u00edcio\",\"item\":\"https:\\\/\\\/inclusivenews.com.br\\\/\"},{\"@type\":\"ListItem\",\"position\":2,\"name\":\"Racismo no restaurante Nono Paollo abre feridas e deixa profundas li\u00e7\u00f5es\"}]},{\"@type\":\"WebSite\",\"@id\":\"https:\\\/\\\/inclusivenews.com.br\\\/#website\",\"url\":\"https:\\\/\\\/inclusivenews.com.br\\\/\",\"name\":\"Inclusive News\",\"description\":\"Inclusive News\",\"publisher\":{\"@id\":\"https:\\\/\\\/inclusivenews.com.br\\\/#organization\"},\"potentialAction\":[{\"@type\":\"SearchAction\",\"target\":{\"@type\":\"EntryPoint\",\"urlTemplate\":\"https:\\\/\\\/inclusivenews.com.br\\\/?s={search_term_string}\"},\"query-input\":{\"@type\":\"PropertyValueSpecification\",\"valueRequired\":true,\"valueName\":\"search_term_string\"}}],\"inLanguage\":\"pt-PT\"},{\"@type\":\"Organization\",\"@id\":\"https:\\\/\\\/inclusivenews.com.br\\\/#organization\",\"name\":\"Inclusive - inclus\u00e3o e cidadania\",\"url\":\"https:\\\/\\\/inclusivenews.com.br\\\/\",\"logo\":{\"@type\":\"ImageObject\",\"inLanguage\":\"pt-PT\",\"@id\":\"https:\\\/\\\/inclusivenews.com.br\\\/#\\\/schema\\\/logo\\\/image\\\/\",\"url\":\"https:\\\/\\\/inclusivenews.com.br\\\/wp-content\\\/uploads\\\/2024\\\/03\\\/@grandesite.png\",\"contentUrl\":\"https:\\\/\\\/inclusivenews.com.br\\\/wp-content\\\/uploads\\\/2024\\\/03\\\/@grandesite.png\",\"width\":1080,\"height\":1080,\"caption\":\"Inclusive - inclus\u00e3o e cidadania\"},\"image\":{\"@id\":\"https:\\\/\\\/inclusivenews.com.br\\\/#\\\/schema\\\/logo\\\/image\\\/\"},\"sameAs\":[\"https:\\\/\\\/www.facebook.com\\\/agenciainclusive\\\/\",\"https:\\\/\\\/www.instagram.com\\\/newsinclusive\\\/\"]},{\"@type\":\"Person\",\"@id\":\"https:\\\/\\\/inclusivenews.com.br\\\/#\\\/schema\\\/person\\\/ae4ec7087559b8692fb33b6fffd2273b\",\"name\":\"inclusivenews2024\",\"image\":{\"@type\":\"ImageObject\",\"inLanguage\":\"pt-PT\",\"@id\":\"https:\\\/\\\/secure.gravatar.com\\\/avatar\\\/c5a7ef84c66fa914f55bc4f7ce26cfa275a3b9a1c5568b907bd184fb4dde7b40?s=96&d=mm&r=g\",\"url\":\"https:\\\/\\\/secure.gravatar.com\\\/avatar\\\/c5a7ef84c66fa914f55bc4f7ce26cfa275a3b9a1c5568b907bd184fb4dde7b40?s=96&d=mm&r=g\",\"contentUrl\":\"https:\\\/\\\/secure.gravatar.com\\\/avatar\\\/c5a7ef84c66fa914f55bc4f7ce26cfa275a3b9a1c5568b907bd184fb4dde7b40?s=96&d=mm&r=g\",\"caption\":\"inclusivenews2024\"},\"sameAs\":[\"https:\\\/\\\/inclusivenews.com.br\"],\"url\":\"https:\\\/\\\/inclusivenews.com.br\\\/?author=1\"}]}<\/script>\n<!-- \/ Yoast SEO plugin. -->","yoast_head_json":{"title":"Racismo no restaurante Nono Paollo abre feridas e deixa profundas li\u00e7\u00f5es -","robots":{"index":"index","follow":"follow","max-snippet":"max-snippet:-1","max-image-preview":"max-image-preview:large","max-video-preview":"max-video-preview:-1"},"canonical":"https:\/\/inclusivenews.com.br\/?p=21872","og_locale":"pt_PT","og_type":"article","og_title":"Racismo no restaurante Nono Paollo abre feridas e deixa profundas li\u00e7\u00f5es -","og_description":"Sueli Carneiro: \"O menino negro era o \u00fanico 'ponto escuro' entre os clientes do restaurante e para esse 'ponto escuro' h\u00e1 lugares socialmente predeterminados dos quais restaurantes de \u00e1reas consideradas 'nobres' da cidade de S\u00e3o Paulo est\u00e3o exclu\u00eddos.\"","og_url":"https:\/\/inclusivenews.com.br\/?p=21872","article_publisher":"https:\/\/www.facebook.com\/agenciainclusive\/","article_published_time":"2012-01-19T02:50:34+00:00","og_image":[{"url":"http:\/\/inclusivenews.com.br\/wp-content\/uploads\/2011\/02\/racismo.jpg","type":"","width":"","height":""}],"author":"inclusivenews2024","twitter_card":"summary_large_image","twitter_misc":{"Escrito por":"inclusivenews2024","Tempo estimado de leitura":"5 minutos"},"schema":{"@context":"https:\/\/schema.org","@graph":[{"@type":"Article","@id":"https:\/\/inclusivenews.com.br\/?p=21872#article","isPartOf":{"@id":"https:\/\/inclusivenews.com.br\/?p=21872"},"author":{"name":"inclusivenews2024","@id":"https:\/\/inclusivenews.com.br\/#\/schema\/person\/ae4ec7087559b8692fb33b6fffd2273b"},"headline":"Racismo no restaurante Nono Paollo abre feridas e deixa profundas li\u00e7\u00f5es","datePublished":"2012-01-19T02:50:34+00:00","mainEntityOfPage":{"@id":"https:\/\/inclusivenews.com.br\/?p=21872"},"wordCount":922,"commentCount":1,"publisher":{"@id":"https:\/\/inclusivenews.com.br\/#organization"},"image":{"@id":"https:\/\/inclusivenews.com.br\/?p=21872#primaryimage"},"thumbnailUrl":"http:\/\/inclusivenews.com.br\/wp-content\/uploads\/2011\/02\/racismo.jpg","articleSection":["Discrimina\u00e7\u00e3o","OPINI\u00c3O","Preconceito"],"inLanguage":"pt-PT","potentialAction":[{"@type":"CommentAction","name":"Comment","target":["https:\/\/inclusivenews.com.br\/?p=21872#respond"]}]},{"@type":"WebPage","@id":"https:\/\/inclusivenews.com.br\/?p=21872","url":"https:\/\/inclusivenews.com.br\/?p=21872","name":"Racismo no restaurante Nono Paollo abre feridas e deixa profundas li\u00e7\u00f5es -","isPartOf":{"@id":"https:\/\/inclusivenews.com.br\/#website"},"primaryImageOfPage":{"@id":"https:\/\/inclusivenews.com.br\/?p=21872#primaryimage"},"image":{"@id":"https:\/\/inclusivenews.com.br\/?p=21872#primaryimage"},"thumbnailUrl":"http:\/\/inclusivenews.com.br\/wp-content\/uploads\/2011\/02\/racismo.jpg","datePublished":"2012-01-19T02:50:34+00:00","breadcrumb":{"@id":"https:\/\/inclusivenews.com.br\/?p=21872#breadcrumb"},"inLanguage":"pt-PT","potentialAction":[{"@type":"ReadAction","target":["https:\/\/inclusivenews.com.br\/?p=21872"]}]},{"@type":"ImageObject","inLanguage":"pt-PT","@id":"https:\/\/inclusivenews.com.br\/?p=21872#primaryimage","url":"","contentUrl":""},{"@type":"BreadcrumbList","@id":"https:\/\/inclusivenews.com.br\/?p=21872#breadcrumb","itemListElement":[{"@type":"ListItem","position":1,"name":"In\u00edcio","item":"https:\/\/inclusivenews.com.br\/"},{"@type":"ListItem","position":2,"name":"Racismo no restaurante Nono Paollo abre feridas e deixa profundas li\u00e7\u00f5es"}]},{"@type":"WebSite","@id":"https:\/\/inclusivenews.com.br\/#website","url":"https:\/\/inclusivenews.com.br\/","name":"Inclusive News","description":"Inclusive News","publisher":{"@id":"https:\/\/inclusivenews.com.br\/#organization"},"potentialAction":[{"@type":"SearchAction","target":{"@type":"EntryPoint","urlTemplate":"https:\/\/inclusivenews.com.br\/?s={search_term_string}"},"query-input":{"@type":"PropertyValueSpecification","valueRequired":true,"valueName":"search_term_string"}}],"inLanguage":"pt-PT"},{"@type":"Organization","@id":"https:\/\/inclusivenews.com.br\/#organization","name":"Inclusive - inclus\u00e3o e cidadania","url":"https:\/\/inclusivenews.com.br\/","logo":{"@type":"ImageObject","inLanguage":"pt-PT","@id":"https:\/\/inclusivenews.com.br\/#\/schema\/logo\/image\/","url":"https:\/\/inclusivenews.com.br\/wp-content\/uploads\/2024\/03\/@grandesite.png","contentUrl":"https:\/\/inclusivenews.com.br\/wp-content\/uploads\/2024\/03\/@grandesite.png","width":1080,"height":1080,"caption":"Inclusive - inclus\u00e3o e cidadania"},"image":{"@id":"https:\/\/inclusivenews.com.br\/#\/schema\/logo\/image\/"},"sameAs":["https:\/\/www.facebook.com\/agenciainclusive\/","https:\/\/www.instagram.com\/newsinclusive\/"]},{"@type":"Person","@id":"https:\/\/inclusivenews.com.br\/#\/schema\/person\/ae4ec7087559b8692fb33b6fffd2273b","name":"inclusivenews2024","image":{"@type":"ImageObject","inLanguage":"pt-PT","@id":"https:\/\/secure.gravatar.com\/avatar\/c5a7ef84c66fa914f55bc4f7ce26cfa275a3b9a1c5568b907bd184fb4dde7b40?s=96&d=mm&r=g","url":"https:\/\/secure.gravatar.com\/avatar\/c5a7ef84c66fa914f55bc4f7ce26cfa275a3b9a1c5568b907bd184fb4dde7b40?s=96&d=mm&r=g","contentUrl":"https:\/\/secure.gravatar.com\/avatar\/c5a7ef84c66fa914f55bc4f7ce26cfa275a3b9a1c5568b907bd184fb4dde7b40?s=96&d=mm&r=g","caption":"inclusivenews2024"},"sameAs":["https:\/\/inclusivenews.com.br"],"url":"https:\/\/inclusivenews.com.br\/?author=1"}]}},"_links":{"self":[{"href":"https:\/\/inclusivenews.com.br\/index.php?rest_route=\/wp\/v2\/posts\/21872","targetHints":{"allow":["GET"]}}],"collection":[{"href":"https:\/\/inclusivenews.com.br\/index.php?rest_route=\/wp\/v2\/posts"}],"about":[{"href":"https:\/\/inclusivenews.com.br\/index.php?rest_route=\/wp\/v2\/types\/post"}],"author":[{"embeddable":true,"href":"https:\/\/inclusivenews.com.br\/index.php?rest_route=\/wp\/v2\/users\/1"}],"replies":[{"embeddable":true,"href":"https:\/\/inclusivenews.com.br\/index.php?rest_route=%2Fwp%2Fv2%2Fcomments&post=21872"}],"version-history":[{"count":0,"href":"https:\/\/inclusivenews.com.br\/index.php?rest_route=\/wp\/v2\/posts\/21872\/revisions"}],"wp:attachment":[{"href":"https:\/\/inclusivenews.com.br\/index.php?rest_route=%2Fwp%2Fv2%2Fmedia&parent=21872"}],"wp:term":[{"taxonomy":"category","embeddable":true,"href":"https:\/\/inclusivenews.com.br\/index.php?rest_route=%2Fwp%2Fv2%2Fcategories&post=21872"},{"taxonomy":"post_tag","embeddable":true,"href":"https:\/\/inclusivenews.com.br\/index.php?rest_route=%2Fwp%2Fv2%2Ftags&post=21872"}],"curies":[{"name":"wp","href":"https:\/\/api.w.org\/{rel}","templated":true}]}}