{"id":21875,"date":"2012-01-18T23:57:30","date_gmt":"2012-01-19T02:57:30","guid":{"rendered":"http:\/\/www.inclusive.org.br\/?p=21875"},"modified":"2012-01-18T23:57:30","modified_gmt":"2012-01-19T02:57:30","slug":"acesso-a-escola-e-a-saude-e-desigual","status":"publish","type":"post","link":"https:\/\/inclusivenews.com.br\/?p=21875","title":{"rendered":"Acesso \u00e0 escola e \u00e0 sa\u00fade \u00e9 desigual"},"content":{"rendered":"<p><img loading=\"lazy\" decoding=\"async\" class=\"alignleft size-full wp-image-21910\" title=\"diferente-300x209\" src=\"http:\/\/inclusivenews.com.br\/wp-content\/uploads\/diferente-300x209.jpg\" alt=\"Simbolo matematico de diferente branco sobre fundo preto.\" width=\"300\" height=\"209\" \/>Uma pesquisa do Instituto de Pesquisa Econ\u00f4mica Aplicada (Ipea) sobre a  presen\u00e7a do Estado no Brasil mostra um pa\u00eds bastante desigual no acesso  \u00e0\u00a0Educa\u00e7\u00e3o, \u00e0 sa\u00fade e \u00e0 cultura.<\/p>\n<p>Apesar de reconhecer avan\u00e7os na distribui\u00e7\u00e3o de renda, a pesquisa do  instituto mostra que as popula\u00e7\u00f5es do Norte e do Nordeste do pa\u00eds t\u00eam  mais dificuldade de acesso aos servi\u00e7os b\u00e1sicos do Estado do que os  moradores do Sul, Sudeste e Centro-Oeste.<\/p>\n<p>Na \u00e1rea da sa\u00fade, o que mais chama a aten\u00e7\u00e3o \u00e9 a falta de m\u00e9\u00ad\u00addicos em  alguns estados do pa\u00eds. Sergipe, Rio Grande do Sul, Minas Gerais e S\u00e3o  Paulo chegam a ter mais do que tr\u00eas vezes mais m\u00e9dicos do que o  Mara\u00ad\u00adnh\u00e3o, por exemplo.<\/p>\n<p>Para cada mil sergipanos, existem 4,2 m\u00e9dicos atendendo pelo Sistema  \u00danico de Sa\u00fade (SUS), enquanto no Maranh\u00e3o esse n\u00famero cai para 1,3. Com  3,4 m\u00e9dicos por cada mil habitantes, o Paran\u00e1 est\u00e1 pr\u00f3ximo da m\u00e9dia  nacional, que \u00e9 de 3,1. Os dados s\u00e3o do Minist\u00e9\u00ad\u00adrio da Sa\u00fade.<\/p>\n<p><strong>Incentivos<\/strong><br \/>\nPara o presidente do Conselho Regional de Medicina do Paran\u00e1 (CRM),  Carlos Roberto Goytacaz Rocha, faltam incentivos para que os m\u00e9dicos  trabalhem nas regi\u00f5es mais desassistidas do pa\u00eds. O sal\u00e1rio e a  qualidade do trabalho s\u00e3o alguns dos motivos.<\/p>\n<p>\u201cA falta de interesse dos m\u00e9dicos em trabalhar no interior ou em outras  regi\u00f5es se deve, em parte, aos baixos sal\u00e1rios pagos pelo sistema  p\u00fablico e \u00e0s defici\u00eancias de estrutura do sistema, tanto na parte de  exames como de equipe. O n\u00famero excessivo de pessoas a serem atendidas  tamb\u00e9m prejudica muito o trabalho do profissional em locais onde h\u00e1  poucos m\u00e9dicos\u201d, comenta.<\/p>\n<p><strong>Ensino<\/strong><br \/>\nJ\u00e1 a\u00a0Educa\u00e7\u00e3o\u00a0se mostra, tamb\u00e9m, um gargalo para as regi\u00f5es mais pobres  do pa\u00eds, especialmente no ensino m\u00e9dio. En\u00ad\u00adquanto no Sul, no Sudeste e  no Centro-Oeste a porcentagem de jovens matriculados oscila entre os  53% e 68%, no Nordeste e no Norte quase todos os estados t\u00eam mais da  metade dos adolescentes fora da escola \u2013 apenas Sergipe e Bahia superam  os 50% de frequ\u00eancia l\u00edquida. Em Rond\u00f4nia e no Acre, menos de um ter\u00e7o  dos jovens est\u00e3o matriculados.<\/p>\n<p>Para o conselheiro do Movi\u00ad\u00admento Todos pela\u00a0Educa\u00e7\u00e3o\u00a0Mozart Neves  Ramos, essa situa\u00e7\u00e3o pode ser qualificada como \u201ccr\u00edtica\u201d. \u201c\u00c9 muito  importante registrar que a\u00a0Educa\u00e7\u00e3o\u00a0\u00e9 o \u00fanico vetor [entre os temas  avaliados pelo Ipea nesse estudo] capaz de alavancar o desenvolvimento  social e econ\u00f4mico de um pa\u00eds\u201d, afirma.<\/p>\n<p>Logo, essa discrep\u00e2ncia entre os estados ricos e pobres tende a piorar o  abismo socioecon\u00f4mico entre essas regi\u00f5es. Entretanto, Mozart pontua  que mesmo as unidades da federa\u00e7\u00e3o que est\u00e3o acima na tabela, como o  Distrito Federal, est\u00e3o muito distantes do ideal.<\/p>\n<p>A solu\u00e7\u00e3o para evitar a evas\u00e3o apontada pelo estudo do Ipea \u00e9 uma  melhora no pr\u00f3prio ensino, o que passa pela forma\u00e7\u00e3o dos professores.  Entretanto, a\u00ed est\u00e1 outra desigualdade marcante na\u00a0Educa\u00e7\u00e3o\u00a0brasileira:  enquanto no Sul, no Sudeste e no Centro-Oeste mais de 80% dos  professores de ensino fundamental t\u00eam ensino superior completo, no Norte  e no Nordeste esse \u00edndice est\u00e1 pouco acima dos 50%.<\/p>\n<p>Mozart aponta ainda outro problema: a pr\u00f3pria forma\u00e7\u00e3o dada pelas  universidades hoje \u00e9 deficiente. Para ele, a forma\u00e7\u00e3o dos professores  passa longe da realidade das escolas e \u00e9 exageradamente focada em  quest\u00f5es te\u00f3ricas. Logo, o investimento em\u00a0Educa\u00e7\u00e3o\u00a0teria de ser tanto  em quantidade quanto em qualidade.<\/p>\n<p>Fonte: http:\/\/todospelaeducacao.org.br\/comunicacao-e-midia\/educacao-na-midia\/20948\/acesso-a-escola-e-a-saude-e-desigual\/<\/p>\n","protected":false},"excerpt":{"rendered":"<p>Pesquisa do Ipea mostra que as popula\u00e7\u00f5es do Norte e Nordeste do Brasil t\u00eam mais dificuldade de acesso a servi\u00e7os b\u00e1sicos oferecidos pelo Estado.<\/p>\n","protected":false},"author":1,"featured_media":0,"comment_status":"open","ping_status":"open","sticky":false,"template":"","format":"standard","meta":{"site-container-style":"default","site-container-layout":"default","site-sidebar-layout":"default","disable-article-header":"default","disable-site-header":"default","disable-site-footer":"default","disable-content-area-spacing":"default","footnotes":""},"categories":[6,48,37],"tags":[],"class_list":["post-21875","post","type-post","status-publish","format-standard","hentry","category-educacao","category-inclusao","category-saude"],"yoast_head":"<!-- This site is optimized with the Yoast SEO plugin v27.4 - https:\/\/yoast.com\/product\/yoast-seo-wordpress\/ -->\n<title>Acesso \u00e0 escola e \u00e0 sa\u00fade \u00e9 desigual -<\/title>\n<meta name=\"robots\" content=\"index, follow, max-snippet:-1, max-image-preview:large, max-video-preview:-1\" \/>\n<link rel=\"canonical\" href=\"https:\/\/inclusivenews.com.br\/?p=21875\" \/>\n<meta property=\"og:locale\" content=\"pt_PT\" \/>\n<meta property=\"og:type\" content=\"article\" \/>\n<meta property=\"og:title\" content=\"Acesso \u00e0 escola e \u00e0 sa\u00fade \u00e9 desigual -\" \/>\n<meta property=\"og:description\" content=\"Pesquisa do Ipea mostra que as popula\u00e7\u00f5es do Norte e Nordeste do Brasil t\u00eam mais dificuldade de acesso a servi\u00e7os b\u00e1sicos oferecidos pelo Estado.\" \/>\n<meta property=\"og:url\" content=\"https:\/\/inclusivenews.com.br\/?p=21875\" \/>\n<meta property=\"article:publisher\" content=\"https:\/\/www.facebook.com\/agenciainclusive\/\" \/>\n<meta property=\"article:published_time\" content=\"2012-01-19T02:57:30+00:00\" \/>\n<meta property=\"og:image\" content=\"http:\/\/inclusivenews.com.br\/wp-content\/uploads\/diferente-300x209.jpg\" \/>\n<meta name=\"author\" content=\"inclusivenews2024\" \/>\n<meta name=\"twitter:card\" content=\"summary_large_image\" \/>\n<meta name=\"twitter:label1\" content=\"Escrito por\" \/>\n\t<meta name=\"twitter:data1\" content=\"inclusivenews2024\" \/>\n\t<meta name=\"twitter:label2\" content=\"Tempo estimado de leitura\" \/>\n\t<meta name=\"twitter:data2\" content=\"3 minutos\" \/>\n<script type=\"application\/ld+json\" class=\"yoast-schema-graph\">{\"@context\":\"https:\\\/\\\/schema.org\",\"@graph\":[{\"@type\":\"Article\",\"@id\":\"https:\\\/\\\/inclusivenews.com.br\\\/?p=21875#article\",\"isPartOf\":{\"@id\":\"https:\\\/\\\/inclusivenews.com.br\\\/?p=21875\"},\"author\":{\"name\":\"inclusivenews2024\",\"@id\":\"https:\\\/\\\/inclusivenews.com.br\\\/#\\\/schema\\\/person\\\/ae4ec7087559b8692fb33b6fffd2273b\"},\"headline\":\"Acesso \u00e0 escola e \u00e0 sa\u00fade \u00e9 desigual\",\"datePublished\":\"2012-01-19T02:57:30+00:00\",\"mainEntityOfPage\":{\"@id\":\"https:\\\/\\\/inclusivenews.com.br\\\/?p=21875\"},\"wordCount\":625,\"commentCount\":0,\"publisher\":{\"@id\":\"https:\\\/\\\/inclusivenews.com.br\\\/#organization\"},\"image\":{\"@id\":\"https:\\\/\\\/inclusivenews.com.br\\\/?p=21875#primaryimage\"},\"thumbnailUrl\":\"http:\\\/\\\/inclusivenews.com.br\\\/wp-content\\\/uploads\\\/diferente-300x209.jpg\",\"articleSection\":[\"EDUCA\u00c7\u00c3O\",\"INCLUS\u00c3O SOCIAL\",\"Sa\u00fade\"],\"inLanguage\":\"pt-PT\",\"potentialAction\":[{\"@type\":\"CommentAction\",\"name\":\"Comment\",\"target\":[\"https:\\\/\\\/inclusivenews.com.br\\\/?p=21875#respond\"]}]},{\"@type\":\"WebPage\",\"@id\":\"https:\\\/\\\/inclusivenews.com.br\\\/?p=21875\",\"url\":\"https:\\\/\\\/inclusivenews.com.br\\\/?p=21875\",\"name\":\"Acesso \u00e0 escola e \u00e0 sa\u00fade \u00e9 desigual -\",\"isPartOf\":{\"@id\":\"https:\\\/\\\/inclusivenews.com.br\\\/#website\"},\"primaryImageOfPage\":{\"@id\":\"https:\\\/\\\/inclusivenews.com.br\\\/?p=21875#primaryimage\"},\"image\":{\"@id\":\"https:\\\/\\\/inclusivenews.com.br\\\/?p=21875#primaryimage\"},\"thumbnailUrl\":\"http:\\\/\\\/inclusivenews.com.br\\\/wp-content\\\/uploads\\\/diferente-300x209.jpg\",\"datePublished\":\"2012-01-19T02:57:30+00:00\",\"breadcrumb\":{\"@id\":\"https:\\\/\\\/inclusivenews.com.br\\\/?p=21875#breadcrumb\"},\"inLanguage\":\"pt-PT\",\"potentialAction\":[{\"@type\":\"ReadAction\",\"target\":[\"https:\\\/\\\/inclusivenews.com.br\\\/?p=21875\"]}]},{\"@type\":\"ImageObject\",\"inLanguage\":\"pt-PT\",\"@id\":\"https:\\\/\\\/inclusivenews.com.br\\\/?p=21875#primaryimage\",\"url\":\"\",\"contentUrl\":\"\"},{\"@type\":\"BreadcrumbList\",\"@id\":\"https:\\\/\\\/inclusivenews.com.br\\\/?p=21875#breadcrumb\",\"itemListElement\":[{\"@type\":\"ListItem\",\"position\":1,\"name\":\"In\u00edcio\",\"item\":\"https:\\\/\\\/inclusivenews.com.br\\\/\"},{\"@type\":\"ListItem\",\"position\":2,\"name\":\"Acesso \u00e0 escola e \u00e0 sa\u00fade \u00e9 desigual\"}]},{\"@type\":\"WebSite\",\"@id\":\"https:\\\/\\\/inclusivenews.com.br\\\/#website\",\"url\":\"https:\\\/\\\/inclusivenews.com.br\\\/\",\"name\":\"Inclusive News\",\"description\":\"Inclusive News\",\"publisher\":{\"@id\":\"https:\\\/\\\/inclusivenews.com.br\\\/#organization\"},\"potentialAction\":[{\"@type\":\"SearchAction\",\"target\":{\"@type\":\"EntryPoint\",\"urlTemplate\":\"https:\\\/\\\/inclusivenews.com.br\\\/?s={search_term_string}\"},\"query-input\":{\"@type\":\"PropertyValueSpecification\",\"valueRequired\":true,\"valueName\":\"search_term_string\"}}],\"inLanguage\":\"pt-PT\"},{\"@type\":\"Organization\",\"@id\":\"https:\\\/\\\/inclusivenews.com.br\\\/#organization\",\"name\":\"Inclusive - inclus\u00e3o e cidadania\",\"url\":\"https:\\\/\\\/inclusivenews.com.br\\\/\",\"logo\":{\"@type\":\"ImageObject\",\"inLanguage\":\"pt-PT\",\"@id\":\"https:\\\/\\\/inclusivenews.com.br\\\/#\\\/schema\\\/logo\\\/image\\\/\",\"url\":\"https:\\\/\\\/inclusivenews.com.br\\\/wp-content\\\/uploads\\\/2024\\\/03\\\/@grandesite.png\",\"contentUrl\":\"https:\\\/\\\/inclusivenews.com.br\\\/wp-content\\\/uploads\\\/2024\\\/03\\\/@grandesite.png\",\"width\":1080,\"height\":1080,\"caption\":\"Inclusive - inclus\u00e3o e cidadania\"},\"image\":{\"@id\":\"https:\\\/\\\/inclusivenews.com.br\\\/#\\\/schema\\\/logo\\\/image\\\/\"},\"sameAs\":[\"https:\\\/\\\/www.facebook.com\\\/agenciainclusive\\\/\",\"https:\\\/\\\/www.instagram.com\\\/newsinclusive\\\/\"]},{\"@type\":\"Person\",\"@id\":\"https:\\\/\\\/inclusivenews.com.br\\\/#\\\/schema\\\/person\\\/ae4ec7087559b8692fb33b6fffd2273b\",\"name\":\"inclusivenews2024\",\"image\":{\"@type\":\"ImageObject\",\"inLanguage\":\"pt-PT\",\"@id\":\"https:\\\/\\\/secure.gravatar.com\\\/avatar\\\/c5a7ef84c66fa914f55bc4f7ce26cfa275a3b9a1c5568b907bd184fb4dde7b40?s=96&d=mm&r=g\",\"url\":\"https:\\\/\\\/secure.gravatar.com\\\/avatar\\\/c5a7ef84c66fa914f55bc4f7ce26cfa275a3b9a1c5568b907bd184fb4dde7b40?s=96&d=mm&r=g\",\"contentUrl\":\"https:\\\/\\\/secure.gravatar.com\\\/avatar\\\/c5a7ef84c66fa914f55bc4f7ce26cfa275a3b9a1c5568b907bd184fb4dde7b40?s=96&d=mm&r=g\",\"caption\":\"inclusivenews2024\"},\"sameAs\":[\"https:\\\/\\\/inclusivenews.com.br\"],\"url\":\"https:\\\/\\\/inclusivenews.com.br\\\/?author=1\"}]}<\/script>\n<!-- \/ Yoast SEO plugin. -->","yoast_head_json":{"title":"Acesso \u00e0 escola e \u00e0 sa\u00fade \u00e9 desigual -","robots":{"index":"index","follow":"follow","max-snippet":"max-snippet:-1","max-image-preview":"max-image-preview:large","max-video-preview":"max-video-preview:-1"},"canonical":"https:\/\/inclusivenews.com.br\/?p=21875","og_locale":"pt_PT","og_type":"article","og_title":"Acesso \u00e0 escola e \u00e0 sa\u00fade \u00e9 desigual -","og_description":"Pesquisa do Ipea mostra que as popula\u00e7\u00f5es do Norte e Nordeste do Brasil t\u00eam mais dificuldade de acesso a servi\u00e7os b\u00e1sicos oferecidos pelo Estado.","og_url":"https:\/\/inclusivenews.com.br\/?p=21875","article_publisher":"https:\/\/www.facebook.com\/agenciainclusive\/","article_published_time":"2012-01-19T02:57:30+00:00","og_image":[{"url":"http:\/\/inclusivenews.com.br\/wp-content\/uploads\/diferente-300x209.jpg","type":"","width":"","height":""}],"author":"inclusivenews2024","twitter_card":"summary_large_image","twitter_misc":{"Escrito por":"inclusivenews2024","Tempo estimado de leitura":"3 minutos"},"schema":{"@context":"https:\/\/schema.org","@graph":[{"@type":"Article","@id":"https:\/\/inclusivenews.com.br\/?p=21875#article","isPartOf":{"@id":"https:\/\/inclusivenews.com.br\/?p=21875"},"author":{"name":"inclusivenews2024","@id":"https:\/\/inclusivenews.com.br\/#\/schema\/person\/ae4ec7087559b8692fb33b6fffd2273b"},"headline":"Acesso \u00e0 escola e \u00e0 sa\u00fade \u00e9 desigual","datePublished":"2012-01-19T02:57:30+00:00","mainEntityOfPage":{"@id":"https:\/\/inclusivenews.com.br\/?p=21875"},"wordCount":625,"commentCount":0,"publisher":{"@id":"https:\/\/inclusivenews.com.br\/#organization"},"image":{"@id":"https:\/\/inclusivenews.com.br\/?p=21875#primaryimage"},"thumbnailUrl":"http:\/\/inclusivenews.com.br\/wp-content\/uploads\/diferente-300x209.jpg","articleSection":["EDUCA\u00c7\u00c3O","INCLUS\u00c3O SOCIAL","Sa\u00fade"],"inLanguage":"pt-PT","potentialAction":[{"@type":"CommentAction","name":"Comment","target":["https:\/\/inclusivenews.com.br\/?p=21875#respond"]}]},{"@type":"WebPage","@id":"https:\/\/inclusivenews.com.br\/?p=21875","url":"https:\/\/inclusivenews.com.br\/?p=21875","name":"Acesso \u00e0 escola e \u00e0 sa\u00fade \u00e9 desigual -","isPartOf":{"@id":"https:\/\/inclusivenews.com.br\/#website"},"primaryImageOfPage":{"@id":"https:\/\/inclusivenews.com.br\/?p=21875#primaryimage"},"image":{"@id":"https:\/\/inclusivenews.com.br\/?p=21875#primaryimage"},"thumbnailUrl":"http:\/\/inclusivenews.com.br\/wp-content\/uploads\/diferente-300x209.jpg","datePublished":"2012-01-19T02:57:30+00:00","breadcrumb":{"@id":"https:\/\/inclusivenews.com.br\/?p=21875#breadcrumb"},"inLanguage":"pt-PT","potentialAction":[{"@type":"ReadAction","target":["https:\/\/inclusivenews.com.br\/?p=21875"]}]},{"@type":"ImageObject","inLanguage":"pt-PT","@id":"https:\/\/inclusivenews.com.br\/?p=21875#primaryimage","url":"","contentUrl":""},{"@type":"BreadcrumbList","@id":"https:\/\/inclusivenews.com.br\/?p=21875#breadcrumb","itemListElement":[{"@type":"ListItem","position":1,"name":"In\u00edcio","item":"https:\/\/inclusivenews.com.br\/"},{"@type":"ListItem","position":2,"name":"Acesso \u00e0 escola e \u00e0 sa\u00fade \u00e9 desigual"}]},{"@type":"WebSite","@id":"https:\/\/inclusivenews.com.br\/#website","url":"https:\/\/inclusivenews.com.br\/","name":"Inclusive News","description":"Inclusive News","publisher":{"@id":"https:\/\/inclusivenews.com.br\/#organization"},"potentialAction":[{"@type":"SearchAction","target":{"@type":"EntryPoint","urlTemplate":"https:\/\/inclusivenews.com.br\/?s={search_term_string}"},"query-input":{"@type":"PropertyValueSpecification","valueRequired":true,"valueName":"search_term_string"}}],"inLanguage":"pt-PT"},{"@type":"Organization","@id":"https:\/\/inclusivenews.com.br\/#organization","name":"Inclusive - inclus\u00e3o e cidadania","url":"https:\/\/inclusivenews.com.br\/","logo":{"@type":"ImageObject","inLanguage":"pt-PT","@id":"https:\/\/inclusivenews.com.br\/#\/schema\/logo\/image\/","url":"https:\/\/inclusivenews.com.br\/wp-content\/uploads\/2024\/03\/@grandesite.png","contentUrl":"https:\/\/inclusivenews.com.br\/wp-content\/uploads\/2024\/03\/@grandesite.png","width":1080,"height":1080,"caption":"Inclusive - inclus\u00e3o e cidadania"},"image":{"@id":"https:\/\/inclusivenews.com.br\/#\/schema\/logo\/image\/"},"sameAs":["https:\/\/www.facebook.com\/agenciainclusive\/","https:\/\/www.instagram.com\/newsinclusive\/"]},{"@type":"Person","@id":"https:\/\/inclusivenews.com.br\/#\/schema\/person\/ae4ec7087559b8692fb33b6fffd2273b","name":"inclusivenews2024","image":{"@type":"ImageObject","inLanguage":"pt-PT","@id":"https:\/\/secure.gravatar.com\/avatar\/c5a7ef84c66fa914f55bc4f7ce26cfa275a3b9a1c5568b907bd184fb4dde7b40?s=96&d=mm&r=g","url":"https:\/\/secure.gravatar.com\/avatar\/c5a7ef84c66fa914f55bc4f7ce26cfa275a3b9a1c5568b907bd184fb4dde7b40?s=96&d=mm&r=g","contentUrl":"https:\/\/secure.gravatar.com\/avatar\/c5a7ef84c66fa914f55bc4f7ce26cfa275a3b9a1c5568b907bd184fb4dde7b40?s=96&d=mm&r=g","caption":"inclusivenews2024"},"sameAs":["https:\/\/inclusivenews.com.br"],"url":"https:\/\/inclusivenews.com.br\/?author=1"}]}},"_links":{"self":[{"href":"https:\/\/inclusivenews.com.br\/index.php?rest_route=\/wp\/v2\/posts\/21875","targetHints":{"allow":["GET"]}}],"collection":[{"href":"https:\/\/inclusivenews.com.br\/index.php?rest_route=\/wp\/v2\/posts"}],"about":[{"href":"https:\/\/inclusivenews.com.br\/index.php?rest_route=\/wp\/v2\/types\/post"}],"author":[{"embeddable":true,"href":"https:\/\/inclusivenews.com.br\/index.php?rest_route=\/wp\/v2\/users\/1"}],"replies":[{"embeddable":true,"href":"https:\/\/inclusivenews.com.br\/index.php?rest_route=%2Fwp%2Fv2%2Fcomments&post=21875"}],"version-history":[{"count":0,"href":"https:\/\/inclusivenews.com.br\/index.php?rest_route=\/wp\/v2\/posts\/21875\/revisions"}],"wp:attachment":[{"href":"https:\/\/inclusivenews.com.br\/index.php?rest_route=%2Fwp%2Fv2%2Fmedia&parent=21875"}],"wp:term":[{"taxonomy":"category","embeddable":true,"href":"https:\/\/inclusivenews.com.br\/index.php?rest_route=%2Fwp%2Fv2%2Fcategories&post=21875"},{"taxonomy":"post_tag","embeddable":true,"href":"https:\/\/inclusivenews.com.br\/index.php?rest_route=%2Fwp%2Fv2%2Ftags&post=21875"}],"curies":[{"name":"wp","href":"https:\/\/api.w.org\/{rel}","templated":true}]}}