{"id":21880,"date":"2012-01-12T15:17:42","date_gmt":"2012-01-12T18:17:42","guid":{"rendered":"http:\/\/www.inclusive.org.br\/?p=21880"},"modified":"2012-01-12T15:17:42","modified_gmt":"2012-01-12T18:17:42","slug":"visao-monocular-nao-e-considerada-deficiencia-no-rn","status":"publish","type":"post","link":"https:\/\/inclusivenews.com.br\/?p=21880","title":{"rendered":"Vis\u00e3o monocular n\u00e3o \u00e9 considerada defici\u00eancia no RN"},"content":{"rendered":"<p><img loading=\"lazy\" decoding=\"async\" class=\"alignleft size-medium wp-image-21882\" title=\"1309209173-veto\" src=\"http:\/\/inclusivenews.com.br\/wp-content\/uploads\/1309209173-veto-300x204.png\" alt=\"Sobre fundo branco, a palavra veto! escrita em vermelho.\" width=\"300\" height=\"204\" \/>Por Patricia Almeida<\/p>\n<p>A Governadora do Rio Grande do Norte, Rosalba Ciarlini Rosado, vetou a inclus\u00e3o da vis\u00e3o monocular na classifica\u00e7\u00e3o de pessoas com defici\u00eancia. Com a medida, aqueles que enxergam apenas com uma vista n\u00e3o poder\u00e3o pleitear a\u00e7\u00f5es afirmativas como reserva de vagas nos concursos p\u00fablicos e cotas de trabalho em empresas.\u00a0 Nos estados de S\u00e3o Paulo, Alagoas, Macei\u00f3, Mato Grosso, Amazonas, Goi\u00e1s,  Rio Grande do Sul, e Paran\u00e1, as pessoas monoculares conseguiram  acesso \u00e0 lista das defici\u00eancias .<\/p>\n<p>A decis\u00e3o do governo do Rio Grande do Norte foi comemorada pelo movimento das pessoas com defici\u00eancia que entende que os indiv\u00edduos com diagn\u00f3stico de vis\u00e3o monocular n\u00e3o enfrentam tantas barreiras como quem tem outros tipos de defici\u00eancia.<\/p>\n<p>&#8220;A not\u00edcia vem dar um alento para o segmento de pessoas com defici\u00eancia visual, pelo menos a nossos colegas potigu\u00e1s. Essa vergonha de equiparar as pessoas monoculares \u00e0s pessoas cegas \u00e9 um absurdo e somente em Estados que n\u00e3o t\u00eam respeito pelas pessoas com defici\u00eancia visual \u00e9 que tais leiss\u00e3o aprovadas e sancionadas. Penso que o gesto da governadora do Rio Grande do Norte deve ser seguido por outros governadores&#8221;, declarou Naziberto Lopes de Oliveira, Coordenador do MOLLA &#8211; Movimento pelo Livro e Leitura Acess\u00edveis no Brasil, e \u00e9 cego.<\/p>\n<p>S\u00e3o consideradas pessoas com defici\u00eancia, segundo o Decreto Federal 5296\/2004, artigo 5\u00ba, aquelas que se enquadram nas seguintes categorias:<\/p>\n<p>Defici\u00eancia f\u00edsica &#8211; altera\u00e7\u00e3o completa ou parcial de um ou mais segmentos do corpo humano, acarretando o comprometimento da fun\u00e7\u00e3o f\u00edsica, apresentando-se sob a forma de paraplegia, paraparesia, monoplegia, monoparesia, tetraplegia, tetraparesia, triplegia, triparesia, hemiplegia, hemiparesia, ostomia, amputa\u00e7\u00e3o ou aus\u00eancia de membro, paralisia cerebral, nanismo, membros com deformidade cong\u00eanita ou adquirida, exceto as deformidades est\u00e9ticas e as que n\u00e3o produzam dificuldades para o desempenho de fun\u00e7\u00f5es;<\/p>\n<p>Defici\u00eancia auditiva &#8211; perda bilateral, parcial ou total, de quarenta e um decib\u00e9is (dB) ou mais, aferida por audiograma nas freq\u00fc\u00eancias de 500HZ, 1.000HZ, 2.000Hz e 3.000Hz;<\/p>\n<p>Defici\u00eancia visual &#8211; cegueira, na qual a acuidade visual \u00e9 igual ou menor que 0,05 no melhor olho, com a melhor corre\u00e7\u00e3o \u00f3ptica; a baixa vis\u00e3o, que significa acuidade visual entre 0,3 e 0,05 no melhor olho, com a melhor corre\u00e7\u00e3o \u00f3ptica; os casos nos quais a somat\u00f3ria da medida do campo visual em ambos os olhos for igual ou menor que 60, ou a ocorr\u00eancia simult\u00e2nea de quaisquer das condi\u00e7\u00f5es anteriores;<\/p>\n<p>Defici\u00eancia mental (N. E. intelectual) &#8211; funcionamento intelectual significativamente inferior \u00e0 m\u00e9dia, com manifesta\u00e7\u00e3o antes dos dezoito anos e limita\u00e7\u00f5es associadas a duas ou mais \u00e1reas de habilidades adaptativas, tais como:<\/p>\n<p>1. comunica\u00e7\u00e3o;<br \/>\n2. cuidado pessoal;<br \/>\n3. habilidades sociais;<br \/>\n4. utiliza\u00e7\u00e3o dos recursos da comunidade;<br \/>\n5. sa\u00fade e seguran\u00e7a;<br \/>\n6. habilidades acad\u00eamicas;<br \/>\n7. lazer; e<br \/>\n8. trabalho;<\/p>\n<p>Defici\u00eancia m\u00faltipla &#8211; associa\u00e7\u00e3o de duas ou mais defici\u00eancias.<\/p>\n<p>O que vem acontecendo, na pr\u00e1tica \u00e9 que grande parte das vagas  reservadas em concursos e nas empresas est\u00e3o sendo preenchidas por quem  tem vis\u00e3o monocular. Com isso,\u00a0 pessoas com defici\u00eancias mais severas,  para quem as a\u00e7\u00f5es afirmativas s\u00e3o realmente voltadas, t\u00eam cada vez mais  dificuldade de conseguir trabalho. Quem tem vis\u00e3o monocular n\u00e3o  enfrenta, por exemplo, problema de acessibilidade para chegar \u00e0 escola  nem de falta de livro para estudar.<\/p>\n<p>A inclus\u00e3o no rol das defici\u00eancias \u00e9  uma medida injusta, que prejudica quem realmente precisa. Justamente  por terem menos dificuldades do que as pessoas com outras defici\u00eancias, o  movimento monocular \u00e9 mais organizado, tendo conseguido se mobilizar  politica e juridicamente. Atrav\u00e9s de projetos de lei e processos judiciais  em v\u00e1rios estados, o segmento vem ganhando espa\u00e7o e reduzindo as j\u00e1 ex\u00edguas possibilidades dispon\u00edveis para os trabalhadores com defici\u00eancia.<\/p>\n<p>Confira abaixo, os motivos que levaram o governo do Rio Grande do Norte a vetar o Projeto de Lei Estadual.<\/p>\n<p>PROCESSO N\u00ba 281608\/2011-1-GAC<\/p>\n<p>INTERESSADO: Assembl\u00e9ia Legislativa<\/p>\n<p>Assunto: Projeto de Lei n\u00ba 174\/2011<\/p>\n<p>A Governadora do Estado do Rio Grande do Norte, no uso das suas atribui\u00e7\u00f5es constitucionais (art. 49, \u00a7 1\u00ba e art. 64, VI, ambos da Constitui\u00e7\u00e3o Estadual),<br \/>\ndecide vetar integralmente o Projeto de Lei n.\u00ba 174\/2011, constante dos autos do Processo n.\u00ba 1.888\/2011 &#8211; PL\/SL, que &#8220;Disp\u00f5e sobre a classifica\u00e7\u00e3o da vis\u00e3o monocular<br \/>\ncomo defici\u00eancia visual&#8221;, de iniciativa de Sua Excel\u00eancia, a Senhor Deputada gesane marinho, aprovado pela Assembl\u00e9ia Legislativa, em Sess\u00e3o Plen\u00e1ria realizada<\/p>\n<p>em<br \/>\n13 de dezembro de 2011, consoante a fundamenta\u00e7\u00e3o adiante.<\/p>\n<p>RAZ\u00d5ES DE VETO<br \/>\nA Proposta Normativa tem por escopo classificar a vis\u00e3o monocular como defici\u00eancia visual.[1]<\/p>\n<p>Apesar da inten\u00e7\u00e3o do legislador apresente reconhecida dignidade, a Proposta Normativa est\u00e1 eivada de v\u00edcios de constitucionalidade que impossibilitam a sua<\/p>\n<p>transforma\u00e7\u00e3o em lei.<\/p>\n<p>Dentre os princ\u00edpios fundamentais da Constitui\u00e7\u00e3o da Rep\u00fablica e da Constitui\u00e7\u00e3o do Estado, constam o princ\u00edpio federativo pertinente ao exerc\u00edcio de compet\u00eancias<\/p>\n<p>legislativas a ser fielmente observados pelo Estado do Rio Grande do Norte.[2]<\/p>\n<p>No sistema federativo brasileiro, compete privativamente \u00e0 Uni\u00e3o legislar sobre o Sistema \u00danico de Sa\u00fade (SUS)[3] e coordenar e fiscalizar sua atua\u00e7\u00e3o por<\/p>\n<p>meio do Minist\u00e9rio da Sa\u00fade.[4]<\/p>\n<p>Malgrado posicionamento jurisdicional favor\u00e1vel ao estabelecimento da vis\u00e3o monocular como defici\u00eancia para fins dos benef\u00edcios que a Constitui\u00e7\u00e3o da Rep\u00fablica<\/p>\n<p>assegura aos seus portadores no \u00e2mbito dos concursos p\u00fablicos,[5] conv\u00e9m ponderar que a harmonia e a coer\u00eancia do SUS pressup\u00f5em que tais patologias sejam classificadas<\/p>\n<p>e catalogadas pelas inst\u00e2ncias administrativas competentes da Administra\u00e7\u00e3o P\u00fablica da Uni\u00e3o.<\/p>\n<p>Neste sentido, o art. 4\u00ba, III, do Decreto Federal n.\u00ba 3.298, de 20 de dezembro de 1999, ao regulamentar a Lei Federal n.\u00ba 7.853[6], de 24 de outubro de 1989,<\/p>\n<p>descreve as condi\u00e7\u00f5es para considerar a pessoa portadora de defici\u00eancia visual, a saber:<\/p>\n<p>&#8220;Art. 4\u00ba \u00c9 considerada pessoa portadora de defici\u00eancia a que se enquadra nas seguintes categorias:<\/p>\n<p>(&#8230;)<\/p>\n<p>III &#8211; defici\u00eancia visual &#8211; cegueira, na qual a acuidade visual \u00e9 igual ou menor que 0,05 no melhor olho, com a melhor corre\u00e7\u00e3o \u00f3ptica; a baixa vis\u00e3o, que<\/p>\n<p>significa<br \/>\nacuidade visual entre 0,3 e 0,05 no melhor olho, com a melhor corre\u00e7\u00e3o \u00f3ptica; os casos nos quais a somat\u00f3ria da medida do campo visual em ambos os olhos for igual<\/p>\n<p>ou menor que 60o; ou a ocorr\u00eancia simult\u00e2nea de quaisquer das condi\u00e7\u00f5es anteriores;<\/p>\n<p>(&#8230;).&#8221;<\/p>\n<p>A leitura da hip\u00f3tese f\u00e1tica extra\u00edda da legisla\u00e7\u00e3o federal revela que o conceito jur\u00eddico de &#8220;defici\u00eancia visual&#8221; encontra-se baseado na acuidade visual<\/p>\n<p>(capacidade<br \/>\nde identificar objetos a uma determinada dist\u00e2ncia) e no campo visual (no\u00e7\u00e3o de espa\u00e7o percebido e quantificado em graus).<\/p>\n<p>Significa dizer que tanto a acuidade como o campo visual podem ser obtidos por cada olho isoladamente, o que se deduz que a perda da fun\u00e7\u00e3o visual de um olho<\/p>\n<p>n\u00e3o compromete o sentido da vis\u00e3o como um todo, mas apenas a vis\u00e3o binocular, diretamente respons\u00e1vel pela vis\u00e3o de profundidade.<\/p>\n<p>Por essa linha de racioc\u00ednio, o indiv\u00edduo com vis\u00e3o monocular n\u00e3o deve ser considerado como deficiente visual de per se.<\/p>\n<p>Ademais, a Proposta Normativa tendente a inserir a vis\u00e3o monocular no rol das defici\u00eancias ensejar\u00e1 reflexos previdenci\u00e1rios no \u00e2mbito do Estado do Rio Grande<\/p>\n<p>do Norte, pois o art. 46, \u00a7 1\u00ba, II[7], da Lei Complementar Estadual n.\u00ba 308, de 2005, prescreve a redu\u00e7\u00e3o temporal de idade e contribui\u00e7\u00e3o por per\u00edodo de 5 (cinco)<\/p>\n<p>anos.<\/p>\n<p>Significa dizer que a inser\u00e7\u00e3o do Projeto de Lei no ordenamento jur\u00eddico estadual acarretaria tamb\u00e9m afronta reflexa ao art. 24, XII, da Carta de 1988, que<\/p>\n<p>estipula a compet\u00eancia concorrente para disciplinar mat\u00e9rias relacionadas \u00e0 previd\u00eancia, especialmente em face da exig\u00eancia constante do art. 5\u00ba[8] da Lei Federal<\/p>\n<p>n.\u00ba 9.717, de 1998.<\/p>\n<p>Neste sentido, a Proposta tamb\u00e9m atenta contra a ordem constitucional vigente ao omitir a indica\u00e7\u00e3o da fonte de custeio dos benef\u00edcios que seriam concedidos<\/p>\n<p>em virtude de sua convers\u00e3o em Lei, pois a Constitui\u00e7\u00e3o Federal (art. 195, \u00a7 5\u00ba[9]), e a correlata Constitui\u00e7\u00e3o Estadual (art. 124, \u00a7 3\u00ba[10]), estabelece a necessidade<\/p>\n<p>de se indicar a fonte de custeio total para a concess\u00e3o (cria\u00e7\u00e3o, majora\u00e7\u00e3o ou extens\u00e3o) de benef\u00edcio ou de servi\u00e7o da seguridade social.<\/p>\n<p>N\u00e3o \u00e9 excessivo tamb\u00e9m frisar a necessidade de as altera\u00e7\u00f5es relacionadas \u00e0 pol\u00edtica previdenci\u00e1ria estatais serem previamente submetidas \u00e0 delibera\u00e7\u00e3o do<\/p>\n<p>Conselho Estadual da Previd\u00eancia Social (CEPS), cuja composi\u00e7\u00e3o e compet\u00eancias foram detalhadas no art. 30[11] e art. 35[12] da Lei Complementar Estadual n.\u00ba 308\/05.<\/p>\n<p>Como se v\u00ea, o Projeto de Lei n.\u00ba 174\/2011 aprovado pelo Parlamento, ao prever a exist\u00eancia da extens\u00e3o (ou concess\u00e3o) de benef\u00edcio natureza previdenci\u00e1ria,<\/p>\n<p>sem respaldo na respectiva legisla\u00e7\u00e3o vigente, revela-se contr\u00e1ria ao plexo normativo constitucional.<\/p>\n<p>Por fim, surpreende-se igualmente a inadequa\u00e7\u00e3o da cl\u00e1usula revocat\u00f3ria gen\u00e9rica prevista no art. 2\u00ba da Proposi\u00e7\u00e3o sob exame, em face do art.59, par\u00e1grafo<\/p>\n<p>\u00fanico da Constitui\u00e7\u00e3o da Rep\u00fablica[13] e do art. 9\u00ba, caput, da Lei Complementar Federal n.\u00ba 95, de 26 de fevereiro de 1998.[14]<\/p>\n<p>Em face das inconstitucionalidades acima demonstradas, resolvo VETAR INTEGRALMENTE o Projeto de Lei n. \u00ba 174\/2011, constante dos autos do Processo n.\u00ba 1.888\/2011<\/p>\n<p>&#8211; PL\/SL.<\/p>\n<p>D\u00ea-se ci\u00eancia \u00e0 Egr\u00e9gia Assembl\u00e9ia Legislativa do teor do texto vetado, para sua devida aprecia\u00e7\u00e3o, em conformidade com o disposto no art. 49, \u00a7 1\u00ba, da Constitui\u00e7\u00e3o<\/p>\n<p>Estadual.[15]<\/p>\n<p>Pal\u00e1cio de Despachos de Lagoa Nova, em Natal, 02 de janeiro de 2011, 191\u00ba da Independ\u00eancia e 124\u00ba da Rep\u00fablica.<\/p>\n<p>Rosalba Ciarlini<\/p>\n<p>GOVERNADORA<\/p>\n<p>&#8212;&#8212;&#8212;&#8212;&#8212;&#8212;&#8212;&#8212;&#8212;&#8212;&#8212;&#8212;&#8212;&#8212;&#8212;&#8212;&#8212;&#8212;&#8212;-<\/p>\n<p>[1] &#8220;Art. 1\u00ba. Fica classificada como defici\u00eancia visual a vis\u00e3o monocular.<\/p>\n<p>Art. 2\u00ba. Esta lei entra em vigor na data de sua publica\u00e7\u00e3o, revogadas as disposi\u00e7\u00f5es em contr\u00e1rio&#8221;.<\/p>\n<p>[2] Vide o art. 1\u00ba, o art. 18, o art. 25 e o art. 29, todos da Constitui\u00e7\u00e3o da Rep\u00fablica.<\/p>\n<p>Vide o art. 1\u00ba, o art. 18 e o art. 21, todos da Constitui\u00e7\u00e3o do Estado.<\/p>\n<p>[3] Vide o art. 22, XXIII, o art. 194, o art. 198 e o art. 200, todos da Constitui\u00e7\u00e3o da Rep\u00fablica.<\/p>\n<p>[4] Vide o art. 9\u00ba, I, e o art. 16, ambos da Lei Federal n.\u00ba 8.080, de 19 de setembro de 1990.<\/p>\n<p>Vide o art. 27, XX, b, da Lei Federal n.\u00ba 10.683, de 28 de maio de 2003.<\/p>\n<p>[5] Vide o art. 37, VIII, da Constitui\u00e7\u00e3o da Rep\u00fablica.<\/p>\n<p>Vide o art. 26, VIII, da Constitui\u00e7\u00e3o do Estado.<\/p>\n<p>Vide a S\u00famula n.\u00ba 377 do Superior Tribunal de Justi\u00e7a.<\/p>\n<p>Inclusive, o art. 1\u00ba da Lei Estadual n.\u00ba 7.943, de 5 de junho de 2001, assegura prote\u00e7\u00e3o especial aos candidatos com defici\u00eancia nos seguintes termos:<\/p>\n<p>&#8220;Art. 1\u00ba Fica estabelecido em 5% (cinco por cento), assegurado o m\u00ednimo de 01 (uma) vaga, o percentual reservado nos concursos p\u00fablicos de provas ou de provas<\/p>\n<p>e t\u00edtulos, na Administra\u00e7\u00e3o P\u00fablica Estadual, \u00e0s pessoas portadoras de defici\u00eancia, observados a habilita\u00e7\u00e3o t\u00e9cnica e outros crit\u00e9rios pertinentes previstos no<\/p>\n<p>edital do concurso p\u00fablico.<\/p>\n<p>Par\u00e1grafo \u00fanico. As vagas reservadas e n\u00e3o preenchidas por pessoas portadoras de defici\u00eancia voltar\u00e3o a integrar o universo a ser ocupado pelos demais concorrentes<\/p>\n<p>do concurso p\u00fablico&#8221;.<\/p>\n<p>[6] &#8220;Disp\u00f5e sobre a Pol\u00edtica Nacional para a Integra\u00e7\u00e3o da Pessoa Portadora de Defici\u00eancia, consolida as normas de prote\u00e7\u00e3o, e d\u00e1 outras provid\u00eancias.&#8221;<\/p>\n<p>[7] &#8220;Art. 46. O segurado far\u00e1 jus \u00e0 aposentadoria volunt\u00e1ria por idade e tempo de contribui\u00e7\u00e3o com proventos integrais calculados na forma prevista no art.<\/p>\n<p>67 desta Lei Complementar, desde que preencha, cumulativamente, os seguintes requisitos:<\/p>\n<p>(&#8230;)<\/p>\n<p>\u00a7 1\u00ba Os requisitos de idade e tempo de contribui\u00e7\u00e3o previstos neste artigo ser\u00e3o reduzidos em cinco anos para:<\/p>\n<p>(&#8230;)<\/p>\n<p>II &#8211; o portador de defici\u00eancia;<\/p>\n<p>(&#8230;).&#8221;<\/p>\n<p>[8] &#8220;Art. 5\u00ba Os regimes pr\u00f3prios de previd\u00eancia social dos servidores p\u00fablicos da Uni\u00e3o, dos Estados, do Distrito Federal e dos Munic\u00edpios, dos militares<\/p>\n<p>dos<br \/>\nEstados e do Distrito Federal n\u00e3o poder\u00e3o conceder benef\u00edcios distintos dos previstos no Regime Geral de Previd\u00eancia Social, de que trata a Lei n\u00ba 8.213, de 24<\/p>\n<p>de<br \/>\njulho de 1991, salvo disposi\u00e7\u00e3o em contr\u00e1rio da Constitui\u00e7\u00e3o Federal.&#8221;<\/p>\n<p>[9] &#8220;Art. 195. A seguridade social ser\u00e1 financiada por toda a sociedade, de forma direta e indireta, nos termos da lei, mediante recursos provenientes dos<\/p>\n<p>or\u00e7amentos da Uni\u00e3o, dos Estados, do Distrito Federal e dos Munic\u00edpios, e das seguintes contribui\u00e7\u00f5es sociais:<\/p>\n<p>(&#8230;)<\/p>\n<p>\u00a7 5\u00ba Nenhum benef\u00edcio ou servi\u00e7o da seguridade social poder\u00e1 ser criado, majorado ou estendido sem a correspondente fonte de custeio total.<\/p>\n<p>(&#8230;).&#8221;<\/p>\n<p>[10] Art. 124. As receitas do Estado e dos Munic\u00edpios destinadas a seguridade social, constam dos respectivos or\u00e7amentos.<\/p>\n<p>(&#8230;)<\/p>\n<p>\u00a7 3\u00ba Nenhum benef\u00edcio ou servi\u00e7o da seguridade social pode ser criado, majorado ou estendido sem a correspondente fonte de custeio total.<\/p>\n<p>[11] &#8220;Art. 30. Fica institu\u00eddo o Conselho Estadual de Previd\u00eancia Social (CEPS), \u00f3rg\u00e3o superior de delibera\u00e7\u00e3o colegiada, vinculado ao \u00f3rg\u00e3o gestor previdenci\u00e1rio,<\/p>\n<p>composto por dez Conselheiros efetivos e dez Conselheiros suplentes, todos escolhidos dentre profissionais com forma\u00e7\u00e3o superior, experi\u00eancia e not\u00f3rio saber nas<\/p>\n<p>\u00e1reas de Seguridade, Administra\u00e7\u00e3o, Economia, Finan\u00e7as ou Direito, para mandatos de dois anos, admitida uma \u00fanica recondu\u00e7\u00e3o.<\/p>\n<p>\u00a7 1\u00ba O Presidente do CEPS ser\u00e1 escolhido pelos membros do Conselho, que ser\u00e1 composto pelos seguintes representes:<\/p>\n<p>I &#8211; um do Poder Executivo;<\/p>\n<p>II &#8211; um do Poder Legislativo;<\/p>\n<p>III &#8211; um do Poder Judici\u00e1rio;<\/p>\n<p>IV &#8211; um do Minist\u00e9rio P\u00fablico Estadual;<\/p>\n<p>V &#8211; um do Tribunal de Contas do Estado;<\/p>\n<p>VI &#8211; dois dos servidores ativos;<\/p>\n<p>VII &#8211; um representante dos inativos e pensionistas;<\/p>\n<p>VIII &#8211; um militar da ativa; e<\/p>\n<p>IX &#8211; um militar da reserva remunerada.<\/p>\n<p>(&#8230;).&#8221;<\/p>\n<p>[12] &#8220;Art. 35. Compete ao CEPS:<\/p>\n<p>(&#8230;)<\/p>\n<p>V &#8211; examinar e emitir parecer conclusivo sobre propostas de altera\u00e7\u00e3o da pol\u00edtica previdenci\u00e1ria do Estado;<\/p>\n<p>(&#8230;).&#8221;<\/p>\n<p>[13] Esse enunciado constitucional tem a seguinte reda\u00e7\u00e3o:<\/p>\n<p>&#8220;Art. 95. (&#8230;)<\/p>\n<p>Par\u00e1grafo \u00fanico. Lei complementar dispor\u00e1 sobre a elabora\u00e7\u00e3o, reda\u00e7\u00e3o, altera\u00e7\u00e3o e consolida\u00e7\u00e3o das leis.&#8221;<\/p>\n<p>[14] Esse enunciado legal tem a seguinte reda\u00e7\u00e3o:<\/p>\n<p>&#8220;Art. 9\u00ba A cl\u00e1usula de revoga\u00e7\u00e3o dever\u00e1 enumerar, expressamente, as leis ou disposi\u00e7\u00f5es legais revogadas&#8221;.<\/p>\n<p>[15] Esse enunciado constitucional tem a seguinte reda\u00e7\u00e3o:<\/p>\n<p>&#8220;Art. 49. O projeto de lei aprovado pela Assembl\u00e9ia Legislativa \u00e9 enviado \u00e0 san\u00e7\u00e3o do Governador ou arquivado, se rejeitado.<\/p>\n<p>\u00a7 1\u00ba Se o Governador do Estado considerar o projeto, no todo ou em parte, inconstitucional ou contr\u00e1rio ao interesse p\u00fablico, pode vet\u00e1-lo, total ou parcialmente,<br \/>\nno prazo de quinze (15) dias \u00fateis, contados da data do recebimento, comunicando, dentro de quarenta e oito (48) horas, ao Presidente da Assembl\u00e9ia Legislativa.<\/p>\n<p>Fonte: <a href=\"http:\/\/www.gabinetecivil.rn.gov.br\/acess\/razoesdeveto\/GE%20005%20-%20Raz%C3%B5es%20de%20Veto%20ao%20PL%20174-11%20-%20Dispoe%20sobre%20a%20clas%E2%80%A6.pdf\">Governo do Rio Grande do Norte<\/a><\/p>\n","protected":false},"excerpt":{"rendered":"<p>A inclus\u00e3o da vis\u00e3o monocular no rol das defici\u00eancias \u00e9 uma medida injusta, que prejudica quem realmente precisa de a\u00e7\u00f5es afirmativas.<\/p>\n","protected":false},"author":1,"featured_media":0,"comment_status":"open","ping_status":"open","sticky":false,"template":"","format":"standard","meta":{"site-container-style":"default","site-container-layout":"default","site-sidebar-layout":"default","disable-article-header":"default","disable-site-header":"default","disable-site-footer":"default","disable-content-area-spacing":"default","footnotes":""},"categories":[38,48,26,4],"tags":[],"class_list":["post-21880","post","type-post","status-publish","format-standard","hentry","category-deficiencia","category-inclusao","category-legislacao","category-noticias"],"yoast_head":"<!-- This site is optimized with the Yoast SEO plugin v27.5 - https:\/\/yoast.com\/product\/yoast-seo-wordpress\/ -->\n<title>Vis\u00e3o monocular n\u00e3o \u00e9 considerada defici\u00eancia no RN -<\/title>\n<meta name=\"robots\" content=\"index, follow, max-snippet:-1, max-image-preview:large, max-video-preview:-1\" \/>\n<link rel=\"canonical\" href=\"https:\/\/inclusivenews.com.br\/?p=21880\" \/>\n<meta property=\"og:locale\" content=\"pt_PT\" \/>\n<meta property=\"og:type\" content=\"article\" \/>\n<meta property=\"og:title\" content=\"Vis\u00e3o monocular n\u00e3o \u00e9 considerada defici\u00eancia no RN -\" \/>\n<meta property=\"og:description\" content=\"A inclus\u00e3o da vis\u00e3o monocular no rol das defici\u00eancias \u00e9 uma medida injusta, que prejudica quem realmente precisa de a\u00e7\u00f5es afirmativas.\" \/>\n<meta property=\"og:url\" content=\"https:\/\/inclusivenews.com.br\/?p=21880\" \/>\n<meta property=\"article:publisher\" content=\"https:\/\/www.facebook.com\/agenciainclusive\/\" \/>\n<meta property=\"article:published_time\" content=\"2012-01-12T18:17:42+00:00\" \/>\n<meta property=\"og:image\" content=\"http:\/\/inclusivenews.com.br\/wp-content\/uploads\/1309209173-veto-300x204.png\" \/>\n<meta name=\"author\" content=\"inclusivenews2024\" \/>\n<meta name=\"twitter:card\" content=\"summary_large_image\" \/>\n<meta name=\"twitter:label1\" content=\"Escrito por\" \/>\n\t<meta name=\"twitter:data1\" content=\"inclusivenews2024\" \/>\n\t<meta name=\"twitter:label2\" content=\"Tempo estimado de leitura\" \/>\n\t<meta name=\"twitter:data2\" content=\"12 minutos\" \/>\n<script type=\"application\/ld+json\" class=\"yoast-schema-graph\">{\"@context\":\"https:\\\/\\\/schema.org\",\"@graph\":[{\"@type\":\"Article\",\"@id\":\"https:\\\/\\\/inclusivenews.com.br\\\/?p=21880#article\",\"isPartOf\":{\"@id\":\"https:\\\/\\\/inclusivenews.com.br\\\/?p=21880\"},\"author\":{\"name\":\"inclusivenews2024\",\"@id\":\"https:\\\/\\\/inclusivenews.com.br\\\/#\\\/schema\\\/person\\\/ae4ec7087559b8692fb33b6fffd2273b\"},\"headline\":\"Vis\u00e3o monocular n\u00e3o \u00e9 considerada defici\u00eancia no RN\",\"datePublished\":\"2012-01-12T18:17:42+00:00\",\"mainEntityOfPage\":{\"@id\":\"https:\\\/\\\/inclusivenews.com.br\\\/?p=21880\"},\"wordCount\":2463,\"commentCount\":24,\"publisher\":{\"@id\":\"https:\\\/\\\/inclusivenews.com.br\\\/#organization\"},\"image\":{\"@id\":\"https:\\\/\\\/inclusivenews.com.br\\\/?p=21880#primaryimage\"},\"thumbnailUrl\":\"http:\\\/\\\/inclusivenews.com.br\\\/wp-content\\\/uploads\\\/1309209173-veto-300x204.png\",\"articleSection\":[\"Defici\u00eancia\",\"INCLUS\u00c3O SOCIAL\",\"Legisla\u00e7\u00e3o ...\",\"NOT\u00cdCIAS\"],\"inLanguage\":\"pt-PT\",\"potentialAction\":[{\"@type\":\"CommentAction\",\"name\":\"Comment\",\"target\":[\"https:\\\/\\\/inclusivenews.com.br\\\/?p=21880#respond\"]}]},{\"@type\":\"WebPage\",\"@id\":\"https:\\\/\\\/inclusivenews.com.br\\\/?p=21880\",\"url\":\"https:\\\/\\\/inclusivenews.com.br\\\/?p=21880\",\"name\":\"Vis\u00e3o monocular n\u00e3o \u00e9 considerada defici\u00eancia no RN -\",\"isPartOf\":{\"@id\":\"https:\\\/\\\/inclusivenews.com.br\\\/#website\"},\"primaryImageOfPage\":{\"@id\":\"https:\\\/\\\/inclusivenews.com.br\\\/?p=21880#primaryimage\"},\"image\":{\"@id\":\"https:\\\/\\\/inclusivenews.com.br\\\/?p=21880#primaryimage\"},\"thumbnailUrl\":\"http:\\\/\\\/inclusivenews.com.br\\\/wp-content\\\/uploads\\\/1309209173-veto-300x204.png\",\"datePublished\":\"2012-01-12T18:17:42+00:00\",\"breadcrumb\":{\"@id\":\"https:\\\/\\\/inclusivenews.com.br\\\/?p=21880#breadcrumb\"},\"inLanguage\":\"pt-PT\",\"potentialAction\":[{\"@type\":\"ReadAction\",\"target\":[\"https:\\\/\\\/inclusivenews.com.br\\\/?p=21880\"]}]},{\"@type\":\"ImageObject\",\"inLanguage\":\"pt-PT\",\"@id\":\"https:\\\/\\\/inclusivenews.com.br\\\/?p=21880#primaryimage\",\"url\":\"\",\"contentUrl\":\"\"},{\"@type\":\"BreadcrumbList\",\"@id\":\"https:\\\/\\\/inclusivenews.com.br\\\/?p=21880#breadcrumb\",\"itemListElement\":[{\"@type\":\"ListItem\",\"position\":1,\"name\":\"In\u00edcio\",\"item\":\"https:\\\/\\\/inclusivenews.com.br\\\/\"},{\"@type\":\"ListItem\",\"position\":2,\"name\":\"Vis\u00e3o monocular n\u00e3o \u00e9 considerada defici\u00eancia no RN\"}]},{\"@type\":\"WebSite\",\"@id\":\"https:\\\/\\\/inclusivenews.com.br\\\/#website\",\"url\":\"https:\\\/\\\/inclusivenews.com.br\\\/\",\"name\":\"Inclusive News\",\"description\":\"Inclusive News\",\"publisher\":{\"@id\":\"https:\\\/\\\/inclusivenews.com.br\\\/#organization\"},\"potentialAction\":[{\"@type\":\"SearchAction\",\"target\":{\"@type\":\"EntryPoint\",\"urlTemplate\":\"https:\\\/\\\/inclusivenews.com.br\\\/?s={search_term_string}\"},\"query-input\":{\"@type\":\"PropertyValueSpecification\",\"valueRequired\":true,\"valueName\":\"search_term_string\"}}],\"inLanguage\":\"pt-PT\"},{\"@type\":\"Organization\",\"@id\":\"https:\\\/\\\/inclusivenews.com.br\\\/#organization\",\"name\":\"Inclusive - inclus\u00e3o e cidadania\",\"url\":\"https:\\\/\\\/inclusivenews.com.br\\\/\",\"logo\":{\"@type\":\"ImageObject\",\"inLanguage\":\"pt-PT\",\"@id\":\"https:\\\/\\\/inclusivenews.com.br\\\/#\\\/schema\\\/logo\\\/image\\\/\",\"url\":\"https:\\\/\\\/inclusivenews.com.br\\\/wp-content\\\/uploads\\\/2024\\\/03\\\/@grandesite.png\",\"contentUrl\":\"https:\\\/\\\/inclusivenews.com.br\\\/wp-content\\\/uploads\\\/2024\\\/03\\\/@grandesite.png\",\"width\":1080,\"height\":1080,\"caption\":\"Inclusive - inclus\u00e3o e cidadania\"},\"image\":{\"@id\":\"https:\\\/\\\/inclusivenews.com.br\\\/#\\\/schema\\\/logo\\\/image\\\/\"},\"sameAs\":[\"https:\\\/\\\/www.facebook.com\\\/agenciainclusive\\\/\",\"https:\\\/\\\/www.instagram.com\\\/newsinclusive\\\/\"]},{\"@type\":\"Person\",\"@id\":\"https:\\\/\\\/inclusivenews.com.br\\\/#\\\/schema\\\/person\\\/ae4ec7087559b8692fb33b6fffd2273b\",\"name\":\"inclusivenews2024\",\"image\":{\"@type\":\"ImageObject\",\"inLanguage\":\"pt-PT\",\"@id\":\"https:\\\/\\\/secure.gravatar.com\\\/avatar\\\/c5a7ef84c66fa914f55bc4f7ce26cfa275a3b9a1c5568b907bd184fb4dde7b40?s=96&d=mm&r=g\",\"url\":\"https:\\\/\\\/secure.gravatar.com\\\/avatar\\\/c5a7ef84c66fa914f55bc4f7ce26cfa275a3b9a1c5568b907bd184fb4dde7b40?s=96&d=mm&r=g\",\"contentUrl\":\"https:\\\/\\\/secure.gravatar.com\\\/avatar\\\/c5a7ef84c66fa914f55bc4f7ce26cfa275a3b9a1c5568b907bd184fb4dde7b40?s=96&d=mm&r=g\",\"caption\":\"inclusivenews2024\"},\"sameAs\":[\"https:\\\/\\\/inclusivenews.com.br\"],\"url\":\"https:\\\/\\\/inclusivenews.com.br\\\/?author=1\"}]}<\/script>\n<!-- \/ Yoast SEO plugin. -->","yoast_head_json":{"title":"Vis\u00e3o monocular n\u00e3o \u00e9 considerada defici\u00eancia no RN -","robots":{"index":"index","follow":"follow","max-snippet":"max-snippet:-1","max-image-preview":"max-image-preview:large","max-video-preview":"max-video-preview:-1"},"canonical":"https:\/\/inclusivenews.com.br\/?p=21880","og_locale":"pt_PT","og_type":"article","og_title":"Vis\u00e3o monocular n\u00e3o \u00e9 considerada defici\u00eancia no RN -","og_description":"A inclus\u00e3o da vis\u00e3o monocular no rol das defici\u00eancias \u00e9 uma medida injusta, que prejudica quem realmente precisa de a\u00e7\u00f5es afirmativas.","og_url":"https:\/\/inclusivenews.com.br\/?p=21880","article_publisher":"https:\/\/www.facebook.com\/agenciainclusive\/","article_published_time":"2012-01-12T18:17:42+00:00","og_image":[{"url":"http:\/\/inclusivenews.com.br\/wp-content\/uploads\/1309209173-veto-300x204.png","type":"","width":"","height":""}],"author":"inclusivenews2024","twitter_card":"summary_large_image","twitter_misc":{"Escrito por":"inclusivenews2024","Tempo estimado de leitura":"12 minutos"},"schema":{"@context":"https:\/\/schema.org","@graph":[{"@type":"Article","@id":"https:\/\/inclusivenews.com.br\/?p=21880#article","isPartOf":{"@id":"https:\/\/inclusivenews.com.br\/?p=21880"},"author":{"name":"inclusivenews2024","@id":"https:\/\/inclusivenews.com.br\/#\/schema\/person\/ae4ec7087559b8692fb33b6fffd2273b"},"headline":"Vis\u00e3o monocular n\u00e3o \u00e9 considerada defici\u00eancia no RN","datePublished":"2012-01-12T18:17:42+00:00","mainEntityOfPage":{"@id":"https:\/\/inclusivenews.com.br\/?p=21880"},"wordCount":2463,"commentCount":24,"publisher":{"@id":"https:\/\/inclusivenews.com.br\/#organization"},"image":{"@id":"https:\/\/inclusivenews.com.br\/?p=21880#primaryimage"},"thumbnailUrl":"http:\/\/inclusivenews.com.br\/wp-content\/uploads\/1309209173-veto-300x204.png","articleSection":["Defici\u00eancia","INCLUS\u00c3O SOCIAL","Legisla\u00e7\u00e3o ...","NOT\u00cdCIAS"],"inLanguage":"pt-PT","potentialAction":[{"@type":"CommentAction","name":"Comment","target":["https:\/\/inclusivenews.com.br\/?p=21880#respond"]}]},{"@type":"WebPage","@id":"https:\/\/inclusivenews.com.br\/?p=21880","url":"https:\/\/inclusivenews.com.br\/?p=21880","name":"Vis\u00e3o monocular n\u00e3o \u00e9 considerada defici\u00eancia no RN -","isPartOf":{"@id":"https:\/\/inclusivenews.com.br\/#website"},"primaryImageOfPage":{"@id":"https:\/\/inclusivenews.com.br\/?p=21880#primaryimage"},"image":{"@id":"https:\/\/inclusivenews.com.br\/?p=21880#primaryimage"},"thumbnailUrl":"http:\/\/inclusivenews.com.br\/wp-content\/uploads\/1309209173-veto-300x204.png","datePublished":"2012-01-12T18:17:42+00:00","breadcrumb":{"@id":"https:\/\/inclusivenews.com.br\/?p=21880#breadcrumb"},"inLanguage":"pt-PT","potentialAction":[{"@type":"ReadAction","target":["https:\/\/inclusivenews.com.br\/?p=21880"]}]},{"@type":"ImageObject","inLanguage":"pt-PT","@id":"https:\/\/inclusivenews.com.br\/?p=21880#primaryimage","url":"","contentUrl":""},{"@type":"BreadcrumbList","@id":"https:\/\/inclusivenews.com.br\/?p=21880#breadcrumb","itemListElement":[{"@type":"ListItem","position":1,"name":"In\u00edcio","item":"https:\/\/inclusivenews.com.br\/"},{"@type":"ListItem","position":2,"name":"Vis\u00e3o monocular n\u00e3o \u00e9 considerada defici\u00eancia no RN"}]},{"@type":"WebSite","@id":"https:\/\/inclusivenews.com.br\/#website","url":"https:\/\/inclusivenews.com.br\/","name":"Inclusive News","description":"Inclusive News","publisher":{"@id":"https:\/\/inclusivenews.com.br\/#organization"},"potentialAction":[{"@type":"SearchAction","target":{"@type":"EntryPoint","urlTemplate":"https:\/\/inclusivenews.com.br\/?s={search_term_string}"},"query-input":{"@type":"PropertyValueSpecification","valueRequired":true,"valueName":"search_term_string"}}],"inLanguage":"pt-PT"},{"@type":"Organization","@id":"https:\/\/inclusivenews.com.br\/#organization","name":"Inclusive - inclus\u00e3o e cidadania","url":"https:\/\/inclusivenews.com.br\/","logo":{"@type":"ImageObject","inLanguage":"pt-PT","@id":"https:\/\/inclusivenews.com.br\/#\/schema\/logo\/image\/","url":"https:\/\/inclusivenews.com.br\/wp-content\/uploads\/2024\/03\/@grandesite.png","contentUrl":"https:\/\/inclusivenews.com.br\/wp-content\/uploads\/2024\/03\/@grandesite.png","width":1080,"height":1080,"caption":"Inclusive - inclus\u00e3o e cidadania"},"image":{"@id":"https:\/\/inclusivenews.com.br\/#\/schema\/logo\/image\/"},"sameAs":["https:\/\/www.facebook.com\/agenciainclusive\/","https:\/\/www.instagram.com\/newsinclusive\/"]},{"@type":"Person","@id":"https:\/\/inclusivenews.com.br\/#\/schema\/person\/ae4ec7087559b8692fb33b6fffd2273b","name":"inclusivenews2024","image":{"@type":"ImageObject","inLanguage":"pt-PT","@id":"https:\/\/secure.gravatar.com\/avatar\/c5a7ef84c66fa914f55bc4f7ce26cfa275a3b9a1c5568b907bd184fb4dde7b40?s=96&d=mm&r=g","url":"https:\/\/secure.gravatar.com\/avatar\/c5a7ef84c66fa914f55bc4f7ce26cfa275a3b9a1c5568b907bd184fb4dde7b40?s=96&d=mm&r=g","contentUrl":"https:\/\/secure.gravatar.com\/avatar\/c5a7ef84c66fa914f55bc4f7ce26cfa275a3b9a1c5568b907bd184fb4dde7b40?s=96&d=mm&r=g","caption":"inclusivenews2024"},"sameAs":["https:\/\/inclusivenews.com.br"],"url":"https:\/\/inclusivenews.com.br\/?author=1"}]}},"_links":{"self":[{"href":"https:\/\/inclusivenews.com.br\/index.php?rest_route=\/wp\/v2\/posts\/21880","targetHints":{"allow":["GET"]}}],"collection":[{"href":"https:\/\/inclusivenews.com.br\/index.php?rest_route=\/wp\/v2\/posts"}],"about":[{"href":"https:\/\/inclusivenews.com.br\/index.php?rest_route=\/wp\/v2\/types\/post"}],"author":[{"embeddable":true,"href":"https:\/\/inclusivenews.com.br\/index.php?rest_route=\/wp\/v2\/users\/1"}],"replies":[{"embeddable":true,"href":"https:\/\/inclusivenews.com.br\/index.php?rest_route=%2Fwp%2Fv2%2Fcomments&post=21880"}],"version-history":[{"count":0,"href":"https:\/\/inclusivenews.com.br\/index.php?rest_route=\/wp\/v2\/posts\/21880\/revisions"}],"wp:attachment":[{"href":"https:\/\/inclusivenews.com.br\/index.php?rest_route=%2Fwp%2Fv2%2Fmedia&parent=21880"}],"wp:term":[{"taxonomy":"category","embeddable":true,"href":"https:\/\/inclusivenews.com.br\/index.php?rest_route=%2Fwp%2Fv2%2Fcategories&post=21880"},{"taxonomy":"post_tag","embeddable":true,"href":"https:\/\/inclusivenews.com.br\/index.php?rest_route=%2Fwp%2Fv2%2Ftags&post=21880"}],"curies":[{"name":"wp","href":"https:\/\/api.w.org\/{rel}","templated":true}]}}