{"id":21881,"date":"2012-01-18T23:48:38","date_gmt":"2012-01-19T02:48:38","guid":{"rendered":"http:\/\/www.inclusive.org.br\/?p=21881"},"modified":"2012-01-18T23:48:38","modified_gmt":"2012-01-19T02:48:38","slug":"programa-pioneiro-de-acessibilidade-hoteleira-comeca-a-ser-implantado-no-brasil","status":"publish","type":"post","link":"https:\/\/inclusivenews.com.br\/?p=21881","title":{"rendered":"Programa pioneiro de acessibilidade hoteleira come\u00e7a a ser implantado no Brasil"},"content":{"rendered":"<p><img loading=\"lazy\" decoding=\"async\" class=\"alignleft size-medium wp-image-21908\" title=\"programa-de-acessibilidade-hoteleira5\" src=\"http:\/\/inclusivenews.com.br\/wp-content\/uploads\/programa-de-acessibilidade-hoteleira5-300x223.jpg\" alt=\"Em hotel, porteiro abre porta para hospede loura em cadeira de rodas. Letreiro ' Acessibilidade Hoteleira - Logo -Turismo Adaptado.\" width=\"300\" height=\"223\" \/>O crescimento do n\u00famero de pessoas com defici\u00eancia no Brasil (45 milh\u00f5es) e no mundo (1 bilh\u00e3o), al\u00e9m da grande consci\u00eancia social que pa\u00edses de todo o mundo passaram a adotar, acabam direcionando o mercado a prestar aten\u00e7\u00e3o na acessibilidade. Casos de sucesso, onde hospedagens que possuem uma acessibilidade de qualidade, acabam fidelizando seus h\u00f3spedes e chamando a aten\u00e7\u00e3o de outros, pelas facilidade que os recursos de acessibilidade oferecem, mesmo a quem n\u00e3o tem nenhum tipo de defici\u00eancia.<\/p>\n<p>Americanos adultos com defici\u00eancia gastam uma m\u00e9dia de 4.2 bilh\u00f5es de d\u00f3lares por ano com hospedagens. Turistas Europeus e Asi\u00e1ticos com defici\u00eancia tamb\u00e9m seguem a mesma linha de consumo, por\u00e9m todos, inclusive os Brasileiros, procuram qualidade no quesito acessibilidade, al\u00e9m de um bom atendimento.<\/p>\n<p>E a acessibilidade deve estar presente nos itens da estrutura arquitet\u00f4nica do local, mas tamb\u00e9m nem recursos complementares, como por exemplo diret\u00f3rio de servi\u00e7os em Braille, campainhas luminosas para surdos, e cadeira de banhos para pessoas com defici\u00eancia f\u00edsica. Tamb\u00e9m \u00e9 importante saber atender este h\u00f3spede sem lhe causar ofensa ou constrangimento, entender e saber agir para oferecer um pronto atendimento a quem necessita de ajuda e n\u00e3o atrapalhar aqueles que n\u00e3o precisam.<\/p>\n<p>Mas para que esse trabalho tenha um retorno proporcional, \u00e9 preciso trabalhar a comunica\u00e7\u00e3o. Se fazer conhecido para a comunidade de pessoas com defici\u00eancia \u00e9 essencial, afinal eles ser\u00e3o os interessados diretos. Mas tamb\u00e9m, se posicionar entre as empresas que realizam reservas em hot\u00e9is ou oferecem roteiros onde a hospedagem est\u00e1 inclusa, tamb\u00e9m \u00e9 importante, pois muitas vezes eles n\u00e3o sabem aonde recorrer quando recebem um turista com defici\u00eancia. Ent\u00e3o isto tamb\u00e9m est\u00e1 incluso no programa, al\u00e9m de outras a\u00e7\u00f5es promocionais que ir\u00e3o ajudar o estabelecimento a se posicionar na sociedade, criando um forte conceito de responsabilidade social.<\/p>\n<p>Finalmente, outros dois servi\u00e7os que normalmente s\u00e3o oferecidos separadamente, estar\u00e3o inclusos no programa. O primeiro \u00e9 a Certifica\u00e7\u00e3o de Acessibilidade e inclus\u00e3o, que trar\u00e1 confiabilidade, devido aos seus crit\u00e9rios r\u00edgidos, por ter um grande detalhamento, descrevendo os recursos de acessibilidade para cada tipo de defici\u00eancia. Al\u00e9m disso, os itens ter\u00e3o uma atualiza\u00e7\u00e3o constante e o compromisso do estabelecimento em oferec\u00ea-los. \u00c9 o \u00fanico neste formato no Brasil, e com comprovada efic\u00e1cia em outros pa\u00edses onde \u00e9 aplicado.<\/p>\n<p>O segundo \u00e9 o servi\u00e7o de agenciamento de turismo acess\u00edvel, pois muitas pessoas com defici\u00eancia procuram por empresas especializadas que realmente conhe\u00e7am suas necessidades, e a Turismo Adaptado j\u00e1 \u00e9 conhecida e respeitada. A acessibilidade na viagem n\u00e3o \u00e9 verificada somente no local onde o turista ficar\u00e1 hospedado, mas tamb\u00e9m no transporte, passeios, locais de alimenta\u00e7\u00e3o entre outros itens, e tudo isso \u00e9 verificado no servi\u00e7o de agenciamento, potencializando a escolha do cliente pelo hotel.<\/p>\n<p>A acessibilidade \u00e9 um direito garantido por lei, desta forma todos os meios de hospedagens s\u00e3o obrigados a cumpri-la de acordo com as exig\u00eancias espec\u00edficas. Desta forma, o cliente tamb\u00e9m est\u00e1 no direito de exigi-las. Quanto mais isto for refor\u00e7ado, maior ser\u00e1 a transforma\u00e7\u00e3o. Ent\u00e3o \u00e9 de grande import\u00e2ncia que todos que utilizem este tipo de servi\u00e7o, ou mesmo aqueles que simpatizem com a causa de obter uma sociedade mais justa e inclusiva, ajude a espalhar este novo conceito, feito por uma empresa de qualidade. A descri\u00e7\u00e3o completa pode ser vista acessando o link<strong><a href=\"http:\/\/turismoadaptado.wordpress.com\/servicos\/\">Programa de Acessibilidade Hoteleira<\/a><\/strong><\/p>\n<p><strong>Fonte &#8211; <\/strong><strong><a href=\"http:\/\/turismoadaptado.wordpress.com\/2012\/01\/12\/programa-pioneiro-de-acessibilidade-hoteleira-comeca-a-ser-implantado-no-brasil\/\">http:\/\/turismoadaptado.wordpress.com\/2012\/01\/12\/programa-pioneiro-de-acessibilidade-hoteleira-comeca-a-ser-implantado-no-brasil\/<\/a><\/strong><\/p>\n","protected":false},"excerpt":{"rendered":"<p>&#8220;A acessibilidade \u00e9 um direito garantido por lei. Quanto mais isto for refor\u00e7ado, maior ser\u00e1 a transforma\u00e7\u00e3o.&#8221;<\/p>\n","protected":false},"author":1,"featured_media":0,"comment_status":"open","ping_status":"open","sticky":false,"template":"","format":"standard","meta":{"site-container-style":"default","site-container-layout":"default","site-sidebar-layout":"default","disable-article-header":"default","disable-site-header":"default","disable-site-footer":"default","disable-content-area-spacing":"default","footnotes":""},"categories":[44,48,4],"tags":[],"class_list":["post-21881","post","type-post","status-publish","format-standard","hentry","category-acessibilidade","category-inclusao","category-noticias"],"yoast_head":"<!-- This site is optimized with the Yoast SEO plugin v27.4 - https:\/\/yoast.com\/product\/yoast-seo-wordpress\/ -->\n<title>Programa pioneiro de acessibilidade hoteleira come\u00e7a a ser implantado no Brasil -<\/title>\n<meta name=\"robots\" content=\"index, follow, max-snippet:-1, max-image-preview:large, max-video-preview:-1\" \/>\n<link rel=\"canonical\" href=\"https:\/\/inclusivenews.com.br\/?p=21881\" \/>\n<meta property=\"og:locale\" content=\"pt_PT\" \/>\n<meta property=\"og:type\" content=\"article\" \/>\n<meta property=\"og:title\" content=\"Programa pioneiro de acessibilidade hoteleira come\u00e7a a ser implantado no Brasil -\" \/>\n<meta property=\"og:description\" content=\"&quot;A acessibilidade \u00e9 um direito garantido por lei. Quanto mais isto for refor\u00e7ado, maior ser\u00e1 a transforma\u00e7\u00e3o.&quot;\" \/>\n<meta property=\"og:url\" content=\"https:\/\/inclusivenews.com.br\/?p=21881\" \/>\n<meta property=\"article:publisher\" content=\"https:\/\/www.facebook.com\/agenciainclusive\/\" \/>\n<meta property=\"article:published_time\" content=\"2012-01-19T02:48:38+00:00\" \/>\n<meta property=\"og:image\" content=\"http:\/\/inclusivenews.com.br\/wp-content\/uploads\/programa-de-acessibilidade-hoteleira5-300x223.jpg\" \/>\n<meta name=\"author\" content=\"inclusivenews2024\" \/>\n<meta name=\"twitter:card\" content=\"summary_large_image\" \/>\n<meta name=\"twitter:label1\" content=\"Escrito por\" \/>\n\t<meta name=\"twitter:data1\" content=\"inclusivenews2024\" \/>\n\t<meta name=\"twitter:label2\" content=\"Tempo estimado de leitura\" \/>\n\t<meta name=\"twitter:data2\" content=\"3 minutos\" \/>\n<script type=\"application\/ld+json\" class=\"yoast-schema-graph\">{\"@context\":\"https:\\\/\\\/schema.org\",\"@graph\":[{\"@type\":\"Article\",\"@id\":\"https:\\\/\\\/inclusivenews.com.br\\\/?p=21881#article\",\"isPartOf\":{\"@id\":\"https:\\\/\\\/inclusivenews.com.br\\\/?p=21881\"},\"author\":{\"name\":\"inclusivenews2024\",\"@id\":\"https:\\\/\\\/inclusivenews.com.br\\\/#\\\/schema\\\/person\\\/ae4ec7087559b8692fb33b6fffd2273b\"},\"headline\":\"Programa pioneiro de acessibilidade hoteleira come\u00e7a a ser implantado no Brasil\",\"datePublished\":\"2012-01-19T02:48:38+00:00\",\"mainEntityOfPage\":{\"@id\":\"https:\\\/\\\/inclusivenews.com.br\\\/?p=21881\"},\"wordCount\":622,\"commentCount\":1,\"publisher\":{\"@id\":\"https:\\\/\\\/inclusivenews.com.br\\\/#organization\"},\"image\":{\"@id\":\"https:\\\/\\\/inclusivenews.com.br\\\/?p=21881#primaryimage\"},\"thumbnailUrl\":\"http:\\\/\\\/inclusivenews.com.br\\\/wp-content\\\/uploads\\\/programa-de-acessibilidade-hoteleira5-300x223.jpg\",\"articleSection\":[\"ACESSIBILIDADE\",\"INCLUS\u00c3O SOCIAL\",\"NOT\u00cdCIAS\"],\"inLanguage\":\"pt-PT\",\"potentialAction\":[{\"@type\":\"CommentAction\",\"name\":\"Comment\",\"target\":[\"https:\\\/\\\/inclusivenews.com.br\\\/?p=21881#respond\"]}]},{\"@type\":\"WebPage\",\"@id\":\"https:\\\/\\\/inclusivenews.com.br\\\/?p=21881\",\"url\":\"https:\\\/\\\/inclusivenews.com.br\\\/?p=21881\",\"name\":\"Programa pioneiro de acessibilidade hoteleira come\u00e7a a ser implantado no Brasil -\",\"isPartOf\":{\"@id\":\"https:\\\/\\\/inclusivenews.com.br\\\/#website\"},\"primaryImageOfPage\":{\"@id\":\"https:\\\/\\\/inclusivenews.com.br\\\/?p=21881#primaryimage\"},\"image\":{\"@id\":\"https:\\\/\\\/inclusivenews.com.br\\\/?p=21881#primaryimage\"},\"thumbnailUrl\":\"http:\\\/\\\/inclusivenews.com.br\\\/wp-content\\\/uploads\\\/programa-de-acessibilidade-hoteleira5-300x223.jpg\",\"datePublished\":\"2012-01-19T02:48:38+00:00\",\"breadcrumb\":{\"@id\":\"https:\\\/\\\/inclusivenews.com.br\\\/?p=21881#breadcrumb\"},\"inLanguage\":\"pt-PT\",\"potentialAction\":[{\"@type\":\"ReadAction\",\"target\":[\"https:\\\/\\\/inclusivenews.com.br\\\/?p=21881\"]}]},{\"@type\":\"ImageObject\",\"inLanguage\":\"pt-PT\",\"@id\":\"https:\\\/\\\/inclusivenews.com.br\\\/?p=21881#primaryimage\",\"url\":\"\",\"contentUrl\":\"\"},{\"@type\":\"BreadcrumbList\",\"@id\":\"https:\\\/\\\/inclusivenews.com.br\\\/?p=21881#breadcrumb\",\"itemListElement\":[{\"@type\":\"ListItem\",\"position\":1,\"name\":\"In\u00edcio\",\"item\":\"https:\\\/\\\/inclusivenews.com.br\\\/\"},{\"@type\":\"ListItem\",\"position\":2,\"name\":\"Programa pioneiro de acessibilidade hoteleira come\u00e7a a ser implantado no Brasil\"}]},{\"@type\":\"WebSite\",\"@id\":\"https:\\\/\\\/inclusivenews.com.br\\\/#website\",\"url\":\"https:\\\/\\\/inclusivenews.com.br\\\/\",\"name\":\"Inclusive News\",\"description\":\"Inclusive News\",\"publisher\":{\"@id\":\"https:\\\/\\\/inclusivenews.com.br\\\/#organization\"},\"potentialAction\":[{\"@type\":\"SearchAction\",\"target\":{\"@type\":\"EntryPoint\",\"urlTemplate\":\"https:\\\/\\\/inclusivenews.com.br\\\/?s={search_term_string}\"},\"query-input\":{\"@type\":\"PropertyValueSpecification\",\"valueRequired\":true,\"valueName\":\"search_term_string\"}}],\"inLanguage\":\"pt-PT\"},{\"@type\":\"Organization\",\"@id\":\"https:\\\/\\\/inclusivenews.com.br\\\/#organization\",\"name\":\"Inclusive - inclus\u00e3o e cidadania\",\"url\":\"https:\\\/\\\/inclusivenews.com.br\\\/\",\"logo\":{\"@type\":\"ImageObject\",\"inLanguage\":\"pt-PT\",\"@id\":\"https:\\\/\\\/inclusivenews.com.br\\\/#\\\/schema\\\/logo\\\/image\\\/\",\"url\":\"https:\\\/\\\/inclusivenews.com.br\\\/wp-content\\\/uploads\\\/2024\\\/03\\\/@grandesite.png\",\"contentUrl\":\"https:\\\/\\\/inclusivenews.com.br\\\/wp-content\\\/uploads\\\/2024\\\/03\\\/@grandesite.png\",\"width\":1080,\"height\":1080,\"caption\":\"Inclusive - inclus\u00e3o e cidadania\"},\"image\":{\"@id\":\"https:\\\/\\\/inclusivenews.com.br\\\/#\\\/schema\\\/logo\\\/image\\\/\"},\"sameAs\":[\"https:\\\/\\\/www.facebook.com\\\/agenciainclusive\\\/\",\"https:\\\/\\\/www.instagram.com\\\/newsinclusive\\\/\"]},{\"@type\":\"Person\",\"@id\":\"https:\\\/\\\/inclusivenews.com.br\\\/#\\\/schema\\\/person\\\/ae4ec7087559b8692fb33b6fffd2273b\",\"name\":\"inclusivenews2024\",\"image\":{\"@type\":\"ImageObject\",\"inLanguage\":\"pt-PT\",\"@id\":\"https:\\\/\\\/secure.gravatar.com\\\/avatar\\\/c5a7ef84c66fa914f55bc4f7ce26cfa275a3b9a1c5568b907bd184fb4dde7b40?s=96&d=mm&r=g\",\"url\":\"https:\\\/\\\/secure.gravatar.com\\\/avatar\\\/c5a7ef84c66fa914f55bc4f7ce26cfa275a3b9a1c5568b907bd184fb4dde7b40?s=96&d=mm&r=g\",\"contentUrl\":\"https:\\\/\\\/secure.gravatar.com\\\/avatar\\\/c5a7ef84c66fa914f55bc4f7ce26cfa275a3b9a1c5568b907bd184fb4dde7b40?s=96&d=mm&r=g\",\"caption\":\"inclusivenews2024\"},\"sameAs\":[\"https:\\\/\\\/inclusivenews.com.br\"],\"url\":\"https:\\\/\\\/inclusivenews.com.br\\\/?author=1\"}]}<\/script>\n<!-- \/ Yoast SEO plugin. -->","yoast_head_json":{"title":"Programa pioneiro de acessibilidade hoteleira come\u00e7a a ser implantado no Brasil -","robots":{"index":"index","follow":"follow","max-snippet":"max-snippet:-1","max-image-preview":"max-image-preview:large","max-video-preview":"max-video-preview:-1"},"canonical":"https:\/\/inclusivenews.com.br\/?p=21881","og_locale":"pt_PT","og_type":"article","og_title":"Programa pioneiro de acessibilidade hoteleira come\u00e7a a ser implantado no Brasil -","og_description":"\"A acessibilidade \u00e9 um direito garantido por lei. Quanto mais isto for refor\u00e7ado, maior ser\u00e1 a transforma\u00e7\u00e3o.\"","og_url":"https:\/\/inclusivenews.com.br\/?p=21881","article_publisher":"https:\/\/www.facebook.com\/agenciainclusive\/","article_published_time":"2012-01-19T02:48:38+00:00","og_image":[{"url":"http:\/\/inclusivenews.com.br\/wp-content\/uploads\/programa-de-acessibilidade-hoteleira5-300x223.jpg","type":"","width":"","height":""}],"author":"inclusivenews2024","twitter_card":"summary_large_image","twitter_misc":{"Escrito por":"inclusivenews2024","Tempo estimado de leitura":"3 minutos"},"schema":{"@context":"https:\/\/schema.org","@graph":[{"@type":"Article","@id":"https:\/\/inclusivenews.com.br\/?p=21881#article","isPartOf":{"@id":"https:\/\/inclusivenews.com.br\/?p=21881"},"author":{"name":"inclusivenews2024","@id":"https:\/\/inclusivenews.com.br\/#\/schema\/person\/ae4ec7087559b8692fb33b6fffd2273b"},"headline":"Programa pioneiro de acessibilidade hoteleira come\u00e7a a ser implantado no Brasil","datePublished":"2012-01-19T02:48:38+00:00","mainEntityOfPage":{"@id":"https:\/\/inclusivenews.com.br\/?p=21881"},"wordCount":622,"commentCount":1,"publisher":{"@id":"https:\/\/inclusivenews.com.br\/#organization"},"image":{"@id":"https:\/\/inclusivenews.com.br\/?p=21881#primaryimage"},"thumbnailUrl":"http:\/\/inclusivenews.com.br\/wp-content\/uploads\/programa-de-acessibilidade-hoteleira5-300x223.jpg","articleSection":["ACESSIBILIDADE","INCLUS\u00c3O SOCIAL","NOT\u00cdCIAS"],"inLanguage":"pt-PT","potentialAction":[{"@type":"CommentAction","name":"Comment","target":["https:\/\/inclusivenews.com.br\/?p=21881#respond"]}]},{"@type":"WebPage","@id":"https:\/\/inclusivenews.com.br\/?p=21881","url":"https:\/\/inclusivenews.com.br\/?p=21881","name":"Programa pioneiro de acessibilidade hoteleira come\u00e7a a ser implantado no Brasil -","isPartOf":{"@id":"https:\/\/inclusivenews.com.br\/#website"},"primaryImageOfPage":{"@id":"https:\/\/inclusivenews.com.br\/?p=21881#primaryimage"},"image":{"@id":"https:\/\/inclusivenews.com.br\/?p=21881#primaryimage"},"thumbnailUrl":"http:\/\/inclusivenews.com.br\/wp-content\/uploads\/programa-de-acessibilidade-hoteleira5-300x223.jpg","datePublished":"2012-01-19T02:48:38+00:00","breadcrumb":{"@id":"https:\/\/inclusivenews.com.br\/?p=21881#breadcrumb"},"inLanguage":"pt-PT","potentialAction":[{"@type":"ReadAction","target":["https:\/\/inclusivenews.com.br\/?p=21881"]}]},{"@type":"ImageObject","inLanguage":"pt-PT","@id":"https:\/\/inclusivenews.com.br\/?p=21881#primaryimage","url":"","contentUrl":""},{"@type":"BreadcrumbList","@id":"https:\/\/inclusivenews.com.br\/?p=21881#breadcrumb","itemListElement":[{"@type":"ListItem","position":1,"name":"In\u00edcio","item":"https:\/\/inclusivenews.com.br\/"},{"@type":"ListItem","position":2,"name":"Programa pioneiro de acessibilidade hoteleira come\u00e7a a ser implantado no Brasil"}]},{"@type":"WebSite","@id":"https:\/\/inclusivenews.com.br\/#website","url":"https:\/\/inclusivenews.com.br\/","name":"Inclusive News","description":"Inclusive News","publisher":{"@id":"https:\/\/inclusivenews.com.br\/#organization"},"potentialAction":[{"@type":"SearchAction","target":{"@type":"EntryPoint","urlTemplate":"https:\/\/inclusivenews.com.br\/?s={search_term_string}"},"query-input":{"@type":"PropertyValueSpecification","valueRequired":true,"valueName":"search_term_string"}}],"inLanguage":"pt-PT"},{"@type":"Organization","@id":"https:\/\/inclusivenews.com.br\/#organization","name":"Inclusive - inclus\u00e3o e cidadania","url":"https:\/\/inclusivenews.com.br\/","logo":{"@type":"ImageObject","inLanguage":"pt-PT","@id":"https:\/\/inclusivenews.com.br\/#\/schema\/logo\/image\/","url":"https:\/\/inclusivenews.com.br\/wp-content\/uploads\/2024\/03\/@grandesite.png","contentUrl":"https:\/\/inclusivenews.com.br\/wp-content\/uploads\/2024\/03\/@grandesite.png","width":1080,"height":1080,"caption":"Inclusive - inclus\u00e3o e cidadania"},"image":{"@id":"https:\/\/inclusivenews.com.br\/#\/schema\/logo\/image\/"},"sameAs":["https:\/\/www.facebook.com\/agenciainclusive\/","https:\/\/www.instagram.com\/newsinclusive\/"]},{"@type":"Person","@id":"https:\/\/inclusivenews.com.br\/#\/schema\/person\/ae4ec7087559b8692fb33b6fffd2273b","name":"inclusivenews2024","image":{"@type":"ImageObject","inLanguage":"pt-PT","@id":"https:\/\/secure.gravatar.com\/avatar\/c5a7ef84c66fa914f55bc4f7ce26cfa275a3b9a1c5568b907bd184fb4dde7b40?s=96&d=mm&r=g","url":"https:\/\/secure.gravatar.com\/avatar\/c5a7ef84c66fa914f55bc4f7ce26cfa275a3b9a1c5568b907bd184fb4dde7b40?s=96&d=mm&r=g","contentUrl":"https:\/\/secure.gravatar.com\/avatar\/c5a7ef84c66fa914f55bc4f7ce26cfa275a3b9a1c5568b907bd184fb4dde7b40?s=96&d=mm&r=g","caption":"inclusivenews2024"},"sameAs":["https:\/\/inclusivenews.com.br"],"url":"https:\/\/inclusivenews.com.br\/?author=1"}]}},"_links":{"self":[{"href":"https:\/\/inclusivenews.com.br\/index.php?rest_route=\/wp\/v2\/posts\/21881","targetHints":{"allow":["GET"]}}],"collection":[{"href":"https:\/\/inclusivenews.com.br\/index.php?rest_route=\/wp\/v2\/posts"}],"about":[{"href":"https:\/\/inclusivenews.com.br\/index.php?rest_route=\/wp\/v2\/types\/post"}],"author":[{"embeddable":true,"href":"https:\/\/inclusivenews.com.br\/index.php?rest_route=\/wp\/v2\/users\/1"}],"replies":[{"embeddable":true,"href":"https:\/\/inclusivenews.com.br\/index.php?rest_route=%2Fwp%2Fv2%2Fcomments&post=21881"}],"version-history":[{"count":0,"href":"https:\/\/inclusivenews.com.br\/index.php?rest_route=\/wp\/v2\/posts\/21881\/revisions"}],"wp:attachment":[{"href":"https:\/\/inclusivenews.com.br\/index.php?rest_route=%2Fwp%2Fv2%2Fmedia&parent=21881"}],"wp:term":[{"taxonomy":"category","embeddable":true,"href":"https:\/\/inclusivenews.com.br\/index.php?rest_route=%2Fwp%2Fv2%2Fcategories&post=21881"},{"taxonomy":"post_tag","embeddable":true,"href":"https:\/\/inclusivenews.com.br\/index.php?rest_route=%2Fwp%2Fv2%2Ftags&post=21881"}],"curies":[{"name":"wp","href":"https:\/\/api.w.org\/{rel}","templated":true}]}}