{"id":21889,"date":"2012-01-18T23:42:31","date_gmt":"2012-01-19T02:42:31","guid":{"rendered":"http:\/\/www.inclusive.org.br\/?p=21889"},"modified":"2012-01-18T23:42:31","modified_gmt":"2012-01-19T02:42:31","slug":"cotistas-se-dao-bem-na-sua-maior-prova-a-carreira","status":"publish","type":"post","link":"https:\/\/inclusivenews.com.br\/?p=21889","title":{"rendered":"Cotistas se d\u00e3o bem na sua maior prova: a carreira"},"content":{"rendered":"<p><em><img loading=\"lazy\" decoding=\"async\" class=\"alignleft size-full wp-image-21906\" title=\"12551-cotas_para_negros_avaliacao\" src=\"http:\/\/inclusivenews.com.br\/wp-content\/uploads\/12551-cotas_para_negros_avaliacao.jpg\" alt=\"Moca com uniforme branco e touca branca vira para tras e sorri.\" width=\"260\" height=\"162\" \/>POR MARIA LUISA BARROS<\/em><\/p>\n<p>Oito anos ap\u00f3s o in\u00edcio do programa de reserva de vagas no ensino superior para negros e estudantes da rede p\u00fablica, ex-cotistas est\u00e3o se saindo muito bem na prova mais importante: a carreira profissional. Sete em cada dez estudantes que ingressaram na universidade pelo sistema de cotas j\u00e1 conquistaram uma vaga no mercado de trabalho, sendo seis deles na sua \u00e1rea de forma\u00e7\u00e3o. Dois se preparam para concursos e apenas um n\u00e3o conseguiu emprego ap\u00f3s a formatura.<\/p>\n<p>Os dados in\u00e9ditos fazem parte da primeira pesquisa feita, no ano passado, pela Universidade do Estado do Rio (Uerj), com 20% dos 4.280 ex-cotistas. O levantamento coordenado pela Sub-reitoria de Gradua\u00e7\u00e3o revelou que 90% dos cotistas pioneiros n\u00e3o pensam em parar os estudos. Entre os egressos, 67% j\u00e1 conclu\u00edram cursos de p\u00f3s-gradua\u00e7\u00e3o e 39% frequentam mestrado, como Bruna Melo dos Santos, 30 anos.<\/p>\n<p>Formada em Hist\u00f3ria, ela est\u00e1 na segunda faculdade, de Arquivologia, que concilia com o curso de mestrado. &#8220;Eu s\u00f3 precisava de uma chance de provar que era capaz. Daqui a dois anos pretendo fazer doutorado na Inglaterra&#8221;, planeja ela, que agradece aos patr\u00f5es da m\u00e3e, dom\u00e9stica, pela ajuda nos anos dif\u00edceis da faculdade. &#8220;Eles me davam vales-alimenta\u00e7\u00e3o, transporte e at\u00e9 curso de ingl\u00eas. Foram anjos na minha vida&#8221;, conta Bruna, que viu o padr\u00e3o de vida mudar ap\u00f3s os estudos. Ela comprou um apartamento junto com o marido, tamb\u00e9m ex-cotista, e se mudou de Nova Igua\u00e7u, na Baixada Fluminense, para Iraj\u00e1, na Zona Norte do Rio, para ficar mais perto do trabalho.<\/p>\n<p>As amigas Ana Paula Ferreira de Melo, 27, e Camila Rodrigues de Souza, 26, trilharam o mesmo caminho, fazendo as duas faculdades. Ana Paula \u00e9 professora das redes municipal e estadual do Rio e Camila trabalha como arquivista na iniciativa privada.<\/p>\n<p>&#8220;Vejo nos meus alunos que a maioria n\u00e3o sonha. Tento servir de exemplo&#8221;, diz Ana, que tamb\u00e9m comprou apartamento. &#8220;Estud\u00e1vamos muito porque a cobran\u00e7a era maior em cima da gente. N\u00e3o quer\u00edamos que ningu\u00e9m dissesse que jogamos fora a oportunidade&#8221;, conta Camila.<\/p>\n<p><strong>Beneficiados por cota se formam mais que os outros<\/strong><\/p>\n<p>Formada na primeira turma de cotistas da Uerj, em mar\u00e7o de 2007, a dentista Priscila Seraphim, 26 anos, \u00e9 a prova de que, \u00e0s vezes, basta uma oportunidade. Ela se divide em tr\u00eas cl\u00ednicas odontol\u00f3gicas e o curso de especializa\u00e7\u00e3o. Durante a faculdade, Priscila contou com a ajuda da aposentadoria da av\u00f3 para custear R$ 2 mil por semestre com o material da aula pr\u00e1tica, livros, roupa branca, alimenta\u00e7\u00e3o e transporte: &#8220;Havia livros que custavam R$ 300 e n\u00e3o tinha para todos na biblioteca&#8221;.<\/p>\n<p>Como ocorreu com Priscila, a Sub-reitoria de Gradua\u00e7\u00e3o da Uerj identificou que a maior dificuldade dos cotistas era permanecer at\u00e9 a formatura. Por isso ampliou a assist\u00eancia estudantil. Al\u00e9m da bolsa-aux\u00edlio de R$ 300 e de oficinas de refor\u00e7o escolar, a universidade passou a fornecer livros, calculadoras e kits b\u00e1sicos para alunos de Medicina e Odontologia, que incluem instrumentos como estetosc\u00f3pio e material para aulas em laborat\u00f3rio.<\/p>\n<p>Como tartarugas da f\u00e1bula, cotistas come\u00e7am em desvantagem, mas podem ser os primeiros na linha de chegada, incentivados pela determina\u00e7\u00e3o que os leva a seguir sempre em frente. Eles se formam mais (25,9%) do que os n\u00e3o-cotistas (20,5%). &#8220;Agarram com unhas e dentes a oportunidade e fazem melhor uso do dinheiro p\u00fablico, j\u00e1 que n\u00e3o abandonam o curso&#8221;, reconhece a sub-reitora Len\u00e1 Menezes.<\/p>\n<p>Fonte: <a href=\"http:\/\/www.geledes.org.br\/areas-de-atuacao\/educacao\/cotas-para-negros\/12551-cotistas-se-dao-bem-na-sua-maior-prova-a-carreira\">http:\/\/www.geledes.org.br\/areas-de-atuacao\/educacao\/cotas-para-negros\/12551-cotistas-se-dao-bem-na-sua-maior-prova-a-carreira<\/a><\/p>\n","protected":false},"excerpt":{"rendered":"<p>Nove em cada 10 formandos beneficiados por reserva de vagas est\u00e3o no mercado de trabalho. Seis, na sua \u00e1rea de forma\u00e7\u00e3o.<\/p>\n","protected":false},"author":1,"featured_media":0,"comment_status":"open","ping_status":"open","sticky":false,"template":"","format":"standard","meta":{"site-container-style":"default","site-container-layout":"default","site-sidebar-layout":"default","disable-article-header":"default","disable-site-header":"default","disable-site-footer":"default","disable-content-area-spacing":"default","footnotes":""},"categories":[56,6,48],"tags":[],"class_list":["post-21889","post","type-post","status-publish","format-standard","hentry","category-acoes-afirmativas","category-educacao","category-inclusao"],"yoast_head":"<!-- This site is optimized with the Yoast SEO plugin v27.4 - https:\/\/yoast.com\/product\/yoast-seo-wordpress\/ -->\n<title>Cotistas se d\u00e3o bem na sua maior prova: a carreira -<\/title>\n<meta name=\"robots\" content=\"index, follow, max-snippet:-1, max-image-preview:large, max-video-preview:-1\" \/>\n<link rel=\"canonical\" href=\"https:\/\/inclusivenews.com.br\/?p=21889\" \/>\n<meta property=\"og:locale\" content=\"pt_PT\" \/>\n<meta property=\"og:type\" content=\"article\" \/>\n<meta property=\"og:title\" content=\"Cotistas se d\u00e3o bem na sua maior prova: a carreira -\" \/>\n<meta property=\"og:description\" content=\"Nove em cada 10 formandos beneficiados por reserva de vagas est\u00e3o no mercado de trabalho. Seis, na sua \u00e1rea de forma\u00e7\u00e3o.\" \/>\n<meta property=\"og:url\" content=\"https:\/\/inclusivenews.com.br\/?p=21889\" \/>\n<meta property=\"article:publisher\" content=\"https:\/\/www.facebook.com\/agenciainclusive\/\" \/>\n<meta property=\"article:published_time\" content=\"2012-01-19T02:42:31+00:00\" \/>\n<meta property=\"og:image\" content=\"http:\/\/inclusivenews.com.br\/wp-content\/uploads\/12551-cotas_para_negros_avaliacao.jpg\" \/>\n<meta name=\"author\" content=\"inclusivenews2024\" \/>\n<meta name=\"twitter:card\" content=\"summary_large_image\" \/>\n<meta name=\"twitter:label1\" content=\"Escrito por\" \/>\n\t<meta name=\"twitter:data1\" content=\"inclusivenews2024\" \/>\n\t<meta name=\"twitter:label2\" content=\"Tempo estimado de leitura\" \/>\n\t<meta name=\"twitter:data2\" content=\"3 minutos\" \/>\n<script type=\"application\/ld+json\" class=\"yoast-schema-graph\">{\"@context\":\"https:\\\/\\\/schema.org\",\"@graph\":[{\"@type\":\"Article\",\"@id\":\"https:\\\/\\\/inclusivenews.com.br\\\/?p=21889#article\",\"isPartOf\":{\"@id\":\"https:\\\/\\\/inclusivenews.com.br\\\/?p=21889\"},\"author\":{\"name\":\"inclusivenews2024\",\"@id\":\"https:\\\/\\\/inclusivenews.com.br\\\/#\\\/schema\\\/person\\\/ae4ec7087559b8692fb33b6fffd2273b\"},\"headline\":\"Cotistas se d\u00e3o bem na sua maior prova: a carreira\",\"datePublished\":\"2012-01-19T02:42:31+00:00\",\"mainEntityOfPage\":{\"@id\":\"https:\\\/\\\/inclusivenews.com.br\\\/?p=21889\"},\"wordCount\":619,\"commentCount\":1,\"publisher\":{\"@id\":\"https:\\\/\\\/inclusivenews.com.br\\\/#organization\"},\"image\":{\"@id\":\"https:\\\/\\\/inclusivenews.com.br\\\/?p=21889#primaryimage\"},\"thumbnailUrl\":\"http:\\\/\\\/inclusivenews.com.br\\\/wp-content\\\/uploads\\\/12551-cotas_para_negros_avaliacao.jpg\",\"articleSection\":[\"A\u00e7\u00f5es afirmativas\",\"EDUCA\u00c7\u00c3O\",\"INCLUS\u00c3O SOCIAL\"],\"inLanguage\":\"pt-PT\",\"potentialAction\":[{\"@type\":\"CommentAction\",\"name\":\"Comment\",\"target\":[\"https:\\\/\\\/inclusivenews.com.br\\\/?p=21889#respond\"]}]},{\"@type\":\"WebPage\",\"@id\":\"https:\\\/\\\/inclusivenews.com.br\\\/?p=21889\",\"url\":\"https:\\\/\\\/inclusivenews.com.br\\\/?p=21889\",\"name\":\"Cotistas se d\u00e3o bem na sua maior prova: a carreira -\",\"isPartOf\":{\"@id\":\"https:\\\/\\\/inclusivenews.com.br\\\/#website\"},\"primaryImageOfPage\":{\"@id\":\"https:\\\/\\\/inclusivenews.com.br\\\/?p=21889#primaryimage\"},\"image\":{\"@id\":\"https:\\\/\\\/inclusivenews.com.br\\\/?p=21889#primaryimage\"},\"thumbnailUrl\":\"http:\\\/\\\/inclusivenews.com.br\\\/wp-content\\\/uploads\\\/12551-cotas_para_negros_avaliacao.jpg\",\"datePublished\":\"2012-01-19T02:42:31+00:00\",\"breadcrumb\":{\"@id\":\"https:\\\/\\\/inclusivenews.com.br\\\/?p=21889#breadcrumb\"},\"inLanguage\":\"pt-PT\",\"potentialAction\":[{\"@type\":\"ReadAction\",\"target\":[\"https:\\\/\\\/inclusivenews.com.br\\\/?p=21889\"]}]},{\"@type\":\"ImageObject\",\"inLanguage\":\"pt-PT\",\"@id\":\"https:\\\/\\\/inclusivenews.com.br\\\/?p=21889#primaryimage\",\"url\":\"\",\"contentUrl\":\"\"},{\"@type\":\"BreadcrumbList\",\"@id\":\"https:\\\/\\\/inclusivenews.com.br\\\/?p=21889#breadcrumb\",\"itemListElement\":[{\"@type\":\"ListItem\",\"position\":1,\"name\":\"In\u00edcio\",\"item\":\"https:\\\/\\\/inclusivenews.com.br\\\/\"},{\"@type\":\"ListItem\",\"position\":2,\"name\":\"Cotistas se d\u00e3o bem na sua maior prova: a carreira\"}]},{\"@type\":\"WebSite\",\"@id\":\"https:\\\/\\\/inclusivenews.com.br\\\/#website\",\"url\":\"https:\\\/\\\/inclusivenews.com.br\\\/\",\"name\":\"Inclusive News\",\"description\":\"Inclusive News\",\"publisher\":{\"@id\":\"https:\\\/\\\/inclusivenews.com.br\\\/#organization\"},\"potentialAction\":[{\"@type\":\"SearchAction\",\"target\":{\"@type\":\"EntryPoint\",\"urlTemplate\":\"https:\\\/\\\/inclusivenews.com.br\\\/?s={search_term_string}\"},\"query-input\":{\"@type\":\"PropertyValueSpecification\",\"valueRequired\":true,\"valueName\":\"search_term_string\"}}],\"inLanguage\":\"pt-PT\"},{\"@type\":\"Organization\",\"@id\":\"https:\\\/\\\/inclusivenews.com.br\\\/#organization\",\"name\":\"Inclusive - inclus\u00e3o e cidadania\",\"url\":\"https:\\\/\\\/inclusivenews.com.br\\\/\",\"logo\":{\"@type\":\"ImageObject\",\"inLanguage\":\"pt-PT\",\"@id\":\"https:\\\/\\\/inclusivenews.com.br\\\/#\\\/schema\\\/logo\\\/image\\\/\",\"url\":\"https:\\\/\\\/inclusivenews.com.br\\\/wp-content\\\/uploads\\\/2024\\\/03\\\/@grandesite.png\",\"contentUrl\":\"https:\\\/\\\/inclusivenews.com.br\\\/wp-content\\\/uploads\\\/2024\\\/03\\\/@grandesite.png\",\"width\":1080,\"height\":1080,\"caption\":\"Inclusive - inclus\u00e3o e cidadania\"},\"image\":{\"@id\":\"https:\\\/\\\/inclusivenews.com.br\\\/#\\\/schema\\\/logo\\\/image\\\/\"},\"sameAs\":[\"https:\\\/\\\/www.facebook.com\\\/agenciainclusive\\\/\",\"https:\\\/\\\/www.instagram.com\\\/newsinclusive\\\/\"]},{\"@type\":\"Person\",\"@id\":\"https:\\\/\\\/inclusivenews.com.br\\\/#\\\/schema\\\/person\\\/ae4ec7087559b8692fb33b6fffd2273b\",\"name\":\"inclusivenews2024\",\"image\":{\"@type\":\"ImageObject\",\"inLanguage\":\"pt-PT\",\"@id\":\"https:\\\/\\\/secure.gravatar.com\\\/avatar\\\/c5a7ef84c66fa914f55bc4f7ce26cfa275a3b9a1c5568b907bd184fb4dde7b40?s=96&d=mm&r=g\",\"url\":\"https:\\\/\\\/secure.gravatar.com\\\/avatar\\\/c5a7ef84c66fa914f55bc4f7ce26cfa275a3b9a1c5568b907bd184fb4dde7b40?s=96&d=mm&r=g\",\"contentUrl\":\"https:\\\/\\\/secure.gravatar.com\\\/avatar\\\/c5a7ef84c66fa914f55bc4f7ce26cfa275a3b9a1c5568b907bd184fb4dde7b40?s=96&d=mm&r=g\",\"caption\":\"inclusivenews2024\"},\"sameAs\":[\"https:\\\/\\\/inclusivenews.com.br\"],\"url\":\"https:\\\/\\\/inclusivenews.com.br\\\/?author=1\"}]}<\/script>\n<!-- \/ Yoast SEO plugin. -->","yoast_head_json":{"title":"Cotistas se d\u00e3o bem na sua maior prova: a carreira -","robots":{"index":"index","follow":"follow","max-snippet":"max-snippet:-1","max-image-preview":"max-image-preview:large","max-video-preview":"max-video-preview:-1"},"canonical":"https:\/\/inclusivenews.com.br\/?p=21889","og_locale":"pt_PT","og_type":"article","og_title":"Cotistas se d\u00e3o bem na sua maior prova: a carreira -","og_description":"Nove em cada 10 formandos beneficiados por reserva de vagas est\u00e3o no mercado de trabalho. Seis, na sua \u00e1rea de forma\u00e7\u00e3o.","og_url":"https:\/\/inclusivenews.com.br\/?p=21889","article_publisher":"https:\/\/www.facebook.com\/agenciainclusive\/","article_published_time":"2012-01-19T02:42:31+00:00","og_image":[{"url":"http:\/\/inclusivenews.com.br\/wp-content\/uploads\/12551-cotas_para_negros_avaliacao.jpg","type":"","width":"","height":""}],"author":"inclusivenews2024","twitter_card":"summary_large_image","twitter_misc":{"Escrito por":"inclusivenews2024","Tempo estimado de leitura":"3 minutos"},"schema":{"@context":"https:\/\/schema.org","@graph":[{"@type":"Article","@id":"https:\/\/inclusivenews.com.br\/?p=21889#article","isPartOf":{"@id":"https:\/\/inclusivenews.com.br\/?p=21889"},"author":{"name":"inclusivenews2024","@id":"https:\/\/inclusivenews.com.br\/#\/schema\/person\/ae4ec7087559b8692fb33b6fffd2273b"},"headline":"Cotistas se d\u00e3o bem na sua maior prova: a carreira","datePublished":"2012-01-19T02:42:31+00:00","mainEntityOfPage":{"@id":"https:\/\/inclusivenews.com.br\/?p=21889"},"wordCount":619,"commentCount":1,"publisher":{"@id":"https:\/\/inclusivenews.com.br\/#organization"},"image":{"@id":"https:\/\/inclusivenews.com.br\/?p=21889#primaryimage"},"thumbnailUrl":"http:\/\/inclusivenews.com.br\/wp-content\/uploads\/12551-cotas_para_negros_avaliacao.jpg","articleSection":["A\u00e7\u00f5es afirmativas","EDUCA\u00c7\u00c3O","INCLUS\u00c3O SOCIAL"],"inLanguage":"pt-PT","potentialAction":[{"@type":"CommentAction","name":"Comment","target":["https:\/\/inclusivenews.com.br\/?p=21889#respond"]}]},{"@type":"WebPage","@id":"https:\/\/inclusivenews.com.br\/?p=21889","url":"https:\/\/inclusivenews.com.br\/?p=21889","name":"Cotistas se d\u00e3o bem na sua maior prova: a carreira -","isPartOf":{"@id":"https:\/\/inclusivenews.com.br\/#website"},"primaryImageOfPage":{"@id":"https:\/\/inclusivenews.com.br\/?p=21889#primaryimage"},"image":{"@id":"https:\/\/inclusivenews.com.br\/?p=21889#primaryimage"},"thumbnailUrl":"http:\/\/inclusivenews.com.br\/wp-content\/uploads\/12551-cotas_para_negros_avaliacao.jpg","datePublished":"2012-01-19T02:42:31+00:00","breadcrumb":{"@id":"https:\/\/inclusivenews.com.br\/?p=21889#breadcrumb"},"inLanguage":"pt-PT","potentialAction":[{"@type":"ReadAction","target":["https:\/\/inclusivenews.com.br\/?p=21889"]}]},{"@type":"ImageObject","inLanguage":"pt-PT","@id":"https:\/\/inclusivenews.com.br\/?p=21889#primaryimage","url":"","contentUrl":""},{"@type":"BreadcrumbList","@id":"https:\/\/inclusivenews.com.br\/?p=21889#breadcrumb","itemListElement":[{"@type":"ListItem","position":1,"name":"In\u00edcio","item":"https:\/\/inclusivenews.com.br\/"},{"@type":"ListItem","position":2,"name":"Cotistas se d\u00e3o bem na sua maior prova: a carreira"}]},{"@type":"WebSite","@id":"https:\/\/inclusivenews.com.br\/#website","url":"https:\/\/inclusivenews.com.br\/","name":"Inclusive News","description":"Inclusive News","publisher":{"@id":"https:\/\/inclusivenews.com.br\/#organization"},"potentialAction":[{"@type":"SearchAction","target":{"@type":"EntryPoint","urlTemplate":"https:\/\/inclusivenews.com.br\/?s={search_term_string}"},"query-input":{"@type":"PropertyValueSpecification","valueRequired":true,"valueName":"search_term_string"}}],"inLanguage":"pt-PT"},{"@type":"Organization","@id":"https:\/\/inclusivenews.com.br\/#organization","name":"Inclusive - inclus\u00e3o e cidadania","url":"https:\/\/inclusivenews.com.br\/","logo":{"@type":"ImageObject","inLanguage":"pt-PT","@id":"https:\/\/inclusivenews.com.br\/#\/schema\/logo\/image\/","url":"https:\/\/inclusivenews.com.br\/wp-content\/uploads\/2024\/03\/@grandesite.png","contentUrl":"https:\/\/inclusivenews.com.br\/wp-content\/uploads\/2024\/03\/@grandesite.png","width":1080,"height":1080,"caption":"Inclusive - inclus\u00e3o e cidadania"},"image":{"@id":"https:\/\/inclusivenews.com.br\/#\/schema\/logo\/image\/"},"sameAs":["https:\/\/www.facebook.com\/agenciainclusive\/","https:\/\/www.instagram.com\/newsinclusive\/"]},{"@type":"Person","@id":"https:\/\/inclusivenews.com.br\/#\/schema\/person\/ae4ec7087559b8692fb33b6fffd2273b","name":"inclusivenews2024","image":{"@type":"ImageObject","inLanguage":"pt-PT","@id":"https:\/\/secure.gravatar.com\/avatar\/c5a7ef84c66fa914f55bc4f7ce26cfa275a3b9a1c5568b907bd184fb4dde7b40?s=96&d=mm&r=g","url":"https:\/\/secure.gravatar.com\/avatar\/c5a7ef84c66fa914f55bc4f7ce26cfa275a3b9a1c5568b907bd184fb4dde7b40?s=96&d=mm&r=g","contentUrl":"https:\/\/secure.gravatar.com\/avatar\/c5a7ef84c66fa914f55bc4f7ce26cfa275a3b9a1c5568b907bd184fb4dde7b40?s=96&d=mm&r=g","caption":"inclusivenews2024"},"sameAs":["https:\/\/inclusivenews.com.br"],"url":"https:\/\/inclusivenews.com.br\/?author=1"}]}},"_links":{"self":[{"href":"https:\/\/inclusivenews.com.br\/index.php?rest_route=\/wp\/v2\/posts\/21889","targetHints":{"allow":["GET"]}}],"collection":[{"href":"https:\/\/inclusivenews.com.br\/index.php?rest_route=\/wp\/v2\/posts"}],"about":[{"href":"https:\/\/inclusivenews.com.br\/index.php?rest_route=\/wp\/v2\/types\/post"}],"author":[{"embeddable":true,"href":"https:\/\/inclusivenews.com.br\/index.php?rest_route=\/wp\/v2\/users\/1"}],"replies":[{"embeddable":true,"href":"https:\/\/inclusivenews.com.br\/index.php?rest_route=%2Fwp%2Fv2%2Fcomments&post=21889"}],"version-history":[{"count":0,"href":"https:\/\/inclusivenews.com.br\/index.php?rest_route=\/wp\/v2\/posts\/21889\/revisions"}],"wp:attachment":[{"href":"https:\/\/inclusivenews.com.br\/index.php?rest_route=%2Fwp%2Fv2%2Fmedia&parent=21889"}],"wp:term":[{"taxonomy":"category","embeddable":true,"href":"https:\/\/inclusivenews.com.br\/index.php?rest_route=%2Fwp%2Fv2%2Fcategories&post=21889"},{"taxonomy":"post_tag","embeddable":true,"href":"https:\/\/inclusivenews.com.br\/index.php?rest_route=%2Fwp%2Fv2%2Ftags&post=21889"}],"curies":[{"name":"wp","href":"https:\/\/api.w.org\/{rel}","templated":true}]}}