{"id":21900,"date":"2012-01-18T23:38:08","date_gmt":"2012-01-19T02:38:08","guid":{"rendered":"http:\/\/www.inclusive.org.br\/?p=21900"},"modified":"2012-01-18T23:38:08","modified_gmt":"2012-01-19T02:38:08","slug":"o-preco-de-ser-um-estudante-especial","status":"publish","type":"post","link":"https:\/\/inclusivenews.com.br\/?p=21900","title":{"rendered":"O pre\u00e7o de ser um estudante especial"},"content":{"rendered":"<p><img decoding=\"async\" class=\"alignleft size-full wp-image-19287\" title=\"cifrao\" src=\"http:\/\/inclusivenews.com.br\/wp-content\/uploads\/2011\/04\/cifrao.bmp\" alt=\"Imagem iluminada de um cifr\u00e3o amarelo com sua sombra aparecendo por tr\u00e1s\" \/>Visitar escolas, analisar as propostas pedag\u00f3gicas, os valores das  matr\u00edculas, a estrutura f\u00edsica\u2026 A lista de afazeres e preocupa\u00e7\u00f5es antes  do in\u00edcio das aulas parece n\u00e3o ter fim. Mas para os pais de crian\u00e7as  com algum tipo de defici\u00eancia, o in\u00edcio do ano letivo, n\u00e3o raro, tem um  ainda peso maior.No bolso.<\/p>\n<p>O Conselho Nacional de\u00a0Educa\u00e7\u00e3o\u00a0(CNE) determina que as escolas precisam  se organizar para atender os alunos com necessidades especiais,  assegurando uma\u00a0Educa\u00e7\u00e3ode qualidade para todos. Mas o custo muitas  vezes vai parar na mensalidade da crian\u00e7a com defici\u00eancia, o que, para o  Minist\u00e9rio da\u00a0Educa\u00e7\u00e3o, fere o artigo 5\u00ba da Constitui\u00e7\u00e3o, que diz que  todos s\u00e3o iguais perante a lei, sem distin\u00e7\u00e3o de qualquer natureza.<\/p>\n<p>Para o MEC, a cobran\u00e7a \u00e9 ilegal e deve ser denunciada ao Minist\u00e9rio  P\u00fablico.Promotora da 6\u00aa Promotoria de Defesa da Cidadania de Jaboat\u00e3o  dos Guararapes, Isabela Bandeira defende que a cobran\u00e7a de taxas extras \u00e9  uma forma de diferencia\u00e7\u00e3o.<\/p>\n<p>\u201c\u00c9 algo que precisa ser coibido. Estamos querendo  uma\u00a0Educa\u00e7\u00e3o\u00a0inclusiva e essa cobran\u00e7a \u00e9 uma forma de coloca\u00e7\u00e3o de  obst\u00e1culos\u201d, opinou.<\/p>\n<p>Recentemente, o Minist\u00e9rio P\u00fablico do Piau\u00ed seguiu na mesma dire\u00e7\u00e3o. A  Promotoria de Defesa da Pessoa com Defici\u00eancia deu um prazo de 60 dias, a  partir do in\u00edcio do ano letivo, para as escolas particulares tirarem do  contrato taxas adicionais eventualmente cobradas de alunos com  defici\u00eancias.<\/p>\n<p>A professora da Universidade de Pernambuco (UPE) Sandra Vieira resolveu  entrar na Justi\u00e7a. Seu filho, Eduardo Vieira, tem s\u00edndrome de Down. O  menino estudou no Col\u00e9gio Apoio desde o maternal.<\/p>\n<p>Em 2008, quando precisou cursar o infantil pela segunda vez, a  institui\u00e7\u00e3o come\u00e7ou a cobrar uma taxa extra para colocar uma auxiliar de  classe individualizada acompanhando Eduardo durante metade do hor\u00e1rio  de aula. Em 2009, o garoto passou a cursar o 1\u00ba ano.<\/p>\n<p>Era um per\u00edodo importante, de alfabetiza\u00e7\u00e3o, e o col\u00e9gio informou a  Sandra que seu filho precisaria de acompanhamento da auxiliar de classe  por tempo integral. Em cifras, isso significou pagar o dobro da  mensalidade cobrada dos demais alunos.<\/p>\n<p>Na a\u00e7\u00e3o, que ainda tramita na Justi\u00e7a, a m\u00e3e de Eduardo pede R$ 18,2  mil como ressarcimento das taxas extras cobradas, com corre\u00e7\u00e3o  monet\u00e1ria. Mas Sandra quer mais. Quer que o caso siga de exemplo e  beneficie outras crian\u00e7as.<\/p>\n<p>S\u00f3cia fundadora e diretora pedag\u00f3gica do Apoio, Rejane Maia defendeu a  posi\u00e7\u00e3o da escola. Segundo ela, s\u00f3 pagam taxas extras as crian\u00e7as que  necessitam de auxiliar de classe individualizada ou professora  acompanhante pedag\u00f3gica. Dos 1.080 alunos da institui\u00e7\u00e3o, 120 t\u00eam  necessidades especiais e 30 pagam por essa assist\u00eancia a mais.<\/p>\n<p>Para Rejane, a legisla\u00e7\u00e3o brasileira n\u00e3o pro\u00edbe a cobran\u00e7a. \u201cA gente  nunca excluiu ningu\u00e9m, mas na hora em que h\u00e1 30 alunos demandando  profissionais extras, o custo fica muito alto. Para incluir bem, a gente  tem custo. Se a gente colocar esse custo nas mensalidades de todos, a  mensalidade vai para um patamar invi\u00e1vel. Se encararmos todo o \u00f4nus,  ficamos inviabilizados de incluir (alunos com necessidades especiais) na  propor\u00e7\u00e3o que a gente inclui\u201d, disse.<\/p>\n<p>O posicionamento do Sindicato dos Estabelecimentos de Ensino do Estado  de Pernambuco, que representa as escolas particulares, segue a mesma  linha. \u201cN\u00e3o achamos que seja uma taxa extra. Mas h\u00e1 servi\u00e7os mais  qualificados que requerem um custo maior. Como s\u00e3o, normalmente,  individualizados, h\u00e1 um impacto naquela mensalidade espec\u00edfica\u201d, disse o  presidente Jos\u00e9 Ricardo Diniz.<\/p>\n<div><strong>Menino teve matr\u00edcula recusada<\/strong><\/div>\n<div>\u00c0s vezes, a \u00fanica forma de garantir que os direitos das pessoas com  defici\u00eancia n\u00e3o sejam violados \u00e9 mesmo recorrendo ao Minist\u00e9rio P\u00fablico e  \u00e0 Justi\u00e7a. Foi o que fez nesta semana a fam\u00edlia de Jo\u00e3o Gabriel, uma  crian\u00e7a cega. A m\u00e3e do menino de cinco anos, Viviana Polo Norte, quis  matricul\u00e1-lo no Viver Col\u00e9gio e Curso, escola particular localizada em  Candeias. Ela diz que a escola se recusou a receber a inscri\u00e7\u00e3o do  menino.<\/p>\n<p>A dire\u00e7\u00e3o, em nota de esclarecimento publicada no site do col\u00e9gio, se  defende afirmando que informou \u00e0 m\u00e3e que o col\u00e9gio \u201cn\u00e3o disp\u00f5e de  profissional capacitado e de material adequado para proporcionar as  melhores condi\u00e7\u00f5es de ensino aprendizagem para uma crian\u00e7a com  restri\u00e7\u00f5es visuais\u201d e que \u201ccaso a crian\u00e7a fosse matriculada nas  condi\u00e7\u00f5es atuais, ela n\u00e3o receberia a aten\u00e7\u00e3o que o col\u00e9gio gostaria de  proporcionar\u201d.<\/p>\n<p>O caso est\u00e1 sendo investigado pela 6\u00aa Promotoria de Defesa da Cidadania  de Jaboat\u00e3o dos Guararapes, onde foi aberto ontem um Procedimento  Preparat\u00f3rio (PP), para apurar os fatos. Os primeiros depoimentos devem  come\u00e7ar a ser colhidos na pr\u00f3xima semana. O advogado da fam\u00edlia, Fred  Pinheiro, vai aguardar o posicionamento da promotora Isabela Bandeira  para entrar com uma a\u00e7\u00e3o c\u00edvel na Justi\u00e7a.<\/p>\n<p>Resolu\u00e7\u00f5es do Conselho Nacional de\u00a0Educa\u00e7\u00e3o\u00a0determinam que  a\u00a0Educa\u00e7\u00e3o\u00a0especial \u00e9 parte integrante da\u00a0Educa\u00e7\u00e3o\u00a0regular, devendo ser  prevista no projeto pol\u00edtico pedag\u00f3gico da unidade escolar, e que as  escolas da rede regular de ensino devem dispor de professores das  classes comuns e da\u00a0Educa\u00e7\u00e3o\u00a0especial capacitados e especializados para o  atendimento \u00e0s necessidades educacionais dos alunos. Recusar ou  procrastinar a inscri\u00e7\u00e3o do estudante s\u00e3o crimes pun\u00edveis com reclus\u00e3o  de um a quatro anos. (Juliana Colares)<\/p>\n<p>Fonte: <a href=\"http:\/\/todospelaeducacao.org.br\/comunicacao-e-midia\/educacao-na-midia\/21024\/o-preco-de-ser-um-estudante-especial\/\">http:\/\/todospelaeducacao.org.br\/comunicacao-e-midia\/educacao-na-midia\/21024\/o-preco-de-ser-um-estudante-especial\/<\/a><\/p>\n<\/div>\n","protected":false},"excerpt":{"rendered":"<p>Segundo a legisla\u00e7\u00e3o brasileira, as escolas regulares n\u00e3o podem negar a matr\u00edcula para nenhum aluno, nem cobrar taxas extras para alunos com defici\u00eancia.<\/p>\n","protected":false},"author":1,"featured_media":0,"comment_status":"open","ping_status":"open","sticky":false,"template":"","format":"standard","meta":{"site-container-style":"default","site-container-layout":"default","site-sidebar-layout":"default","disable-article-header":"default","disable-site-header":"default","disable-site-footer":"default","disable-content-area-spacing":"default","footnotes":""},"categories":[13,39,6],"tags":[],"class_list":["post-21900","post","type-post","status-publish","format-standard","hentry","category-denuncias","category-discriminacao","category-educacao"],"yoast_head":"<!-- This site is optimized with the Yoast SEO plugin v27.4 - https:\/\/yoast.com\/product\/yoast-seo-wordpress\/ -->\n<title>O pre\u00e7o de ser um estudante especial -<\/title>\n<meta name=\"robots\" content=\"index, follow, max-snippet:-1, max-image-preview:large, max-video-preview:-1\" \/>\n<link rel=\"canonical\" href=\"https:\/\/inclusivenews.com.br\/?p=21900\" \/>\n<meta property=\"og:locale\" content=\"pt_PT\" \/>\n<meta property=\"og:type\" content=\"article\" \/>\n<meta property=\"og:title\" content=\"O pre\u00e7o de ser um estudante especial -\" \/>\n<meta property=\"og:description\" content=\"Segundo a legisla\u00e7\u00e3o brasileira, as escolas regulares n\u00e3o podem negar a matr\u00edcula para nenhum aluno, nem cobrar taxas extras para alunos com defici\u00eancia.\" \/>\n<meta property=\"og:url\" content=\"https:\/\/inclusivenews.com.br\/?p=21900\" \/>\n<meta property=\"article:publisher\" content=\"https:\/\/www.facebook.com\/agenciainclusive\/\" \/>\n<meta property=\"article:published_time\" content=\"2012-01-19T02:38:08+00:00\" \/>\n<meta property=\"og:image\" content=\"http:\/\/inclusivenews.com.br\/wp-content\/uploads\/2011\/04\/cifrao.bmp\" \/>\n<meta name=\"author\" content=\"inclusivenews2024\" \/>\n<meta name=\"twitter:card\" content=\"summary_large_image\" \/>\n<meta name=\"twitter:label1\" content=\"Escrito por\" \/>\n\t<meta name=\"twitter:data1\" content=\"inclusivenews2024\" \/>\n\t<meta name=\"twitter:label2\" content=\"Tempo estimado de leitura\" \/>\n\t<meta name=\"twitter:data2\" content=\"5 minutos\" \/>\n<script type=\"application\/ld+json\" class=\"yoast-schema-graph\">{\"@context\":\"https:\\\/\\\/schema.org\",\"@graph\":[{\"@type\":\"Article\",\"@id\":\"https:\\\/\\\/inclusivenews.com.br\\\/?p=21900#article\",\"isPartOf\":{\"@id\":\"https:\\\/\\\/inclusivenews.com.br\\\/?p=21900\"},\"author\":{\"name\":\"inclusivenews2024\",\"@id\":\"https:\\\/\\\/inclusivenews.com.br\\\/#\\\/schema\\\/person\\\/ae4ec7087559b8692fb33b6fffd2273b\"},\"headline\":\"O pre\u00e7o de ser um estudante especial\",\"datePublished\":\"2012-01-19T02:38:08+00:00\",\"mainEntityOfPage\":{\"@id\":\"https:\\\/\\\/inclusivenews.com.br\\\/?p=21900\"},\"wordCount\":948,\"commentCount\":0,\"publisher\":{\"@id\":\"https:\\\/\\\/inclusivenews.com.br\\\/#organization\"},\"image\":{\"@id\":\"https:\\\/\\\/inclusivenews.com.br\\\/?p=21900#primaryimage\"},\"thumbnailUrl\":\"http:\\\/\\\/inclusivenews.com.br\\\/wp-content\\\/uploads\\\/2011\\\/04\\\/cifrao.bmp\",\"articleSection\":[\"Den\u00fancias\",\"Discrimina\u00e7\u00e3o\",\"EDUCA\u00c7\u00c3O\"],\"inLanguage\":\"pt-PT\",\"potentialAction\":[{\"@type\":\"CommentAction\",\"name\":\"Comment\",\"target\":[\"https:\\\/\\\/inclusivenews.com.br\\\/?p=21900#respond\"]}]},{\"@type\":\"WebPage\",\"@id\":\"https:\\\/\\\/inclusivenews.com.br\\\/?p=21900\",\"url\":\"https:\\\/\\\/inclusivenews.com.br\\\/?p=21900\",\"name\":\"O pre\u00e7o de ser um estudante especial -\",\"isPartOf\":{\"@id\":\"https:\\\/\\\/inclusivenews.com.br\\\/#website\"},\"primaryImageOfPage\":{\"@id\":\"https:\\\/\\\/inclusivenews.com.br\\\/?p=21900#primaryimage\"},\"image\":{\"@id\":\"https:\\\/\\\/inclusivenews.com.br\\\/?p=21900#primaryimage\"},\"thumbnailUrl\":\"http:\\\/\\\/inclusivenews.com.br\\\/wp-content\\\/uploads\\\/2011\\\/04\\\/cifrao.bmp\",\"datePublished\":\"2012-01-19T02:38:08+00:00\",\"breadcrumb\":{\"@id\":\"https:\\\/\\\/inclusivenews.com.br\\\/?p=21900#breadcrumb\"},\"inLanguage\":\"pt-PT\",\"potentialAction\":[{\"@type\":\"ReadAction\",\"target\":[\"https:\\\/\\\/inclusivenews.com.br\\\/?p=21900\"]}]},{\"@type\":\"ImageObject\",\"inLanguage\":\"pt-PT\",\"@id\":\"https:\\\/\\\/inclusivenews.com.br\\\/?p=21900#primaryimage\",\"url\":\"\",\"contentUrl\":\"\"},{\"@type\":\"BreadcrumbList\",\"@id\":\"https:\\\/\\\/inclusivenews.com.br\\\/?p=21900#breadcrumb\",\"itemListElement\":[{\"@type\":\"ListItem\",\"position\":1,\"name\":\"In\u00edcio\",\"item\":\"https:\\\/\\\/inclusivenews.com.br\\\/\"},{\"@type\":\"ListItem\",\"position\":2,\"name\":\"O pre\u00e7o de ser um estudante especial\"}]},{\"@type\":\"WebSite\",\"@id\":\"https:\\\/\\\/inclusivenews.com.br\\\/#website\",\"url\":\"https:\\\/\\\/inclusivenews.com.br\\\/\",\"name\":\"Inclusive News\",\"description\":\"Inclusive News\",\"publisher\":{\"@id\":\"https:\\\/\\\/inclusivenews.com.br\\\/#organization\"},\"potentialAction\":[{\"@type\":\"SearchAction\",\"target\":{\"@type\":\"EntryPoint\",\"urlTemplate\":\"https:\\\/\\\/inclusivenews.com.br\\\/?s={search_term_string}\"},\"query-input\":{\"@type\":\"PropertyValueSpecification\",\"valueRequired\":true,\"valueName\":\"search_term_string\"}}],\"inLanguage\":\"pt-PT\"},{\"@type\":\"Organization\",\"@id\":\"https:\\\/\\\/inclusivenews.com.br\\\/#organization\",\"name\":\"Inclusive - inclus\u00e3o e cidadania\",\"url\":\"https:\\\/\\\/inclusivenews.com.br\\\/\",\"logo\":{\"@type\":\"ImageObject\",\"inLanguage\":\"pt-PT\",\"@id\":\"https:\\\/\\\/inclusivenews.com.br\\\/#\\\/schema\\\/logo\\\/image\\\/\",\"url\":\"https:\\\/\\\/inclusivenews.com.br\\\/wp-content\\\/uploads\\\/2024\\\/03\\\/@grandesite.png\",\"contentUrl\":\"https:\\\/\\\/inclusivenews.com.br\\\/wp-content\\\/uploads\\\/2024\\\/03\\\/@grandesite.png\",\"width\":1080,\"height\":1080,\"caption\":\"Inclusive - inclus\u00e3o e cidadania\"},\"image\":{\"@id\":\"https:\\\/\\\/inclusivenews.com.br\\\/#\\\/schema\\\/logo\\\/image\\\/\"},\"sameAs\":[\"https:\\\/\\\/www.facebook.com\\\/agenciainclusive\\\/\",\"https:\\\/\\\/www.instagram.com\\\/newsinclusive\\\/\"]},{\"@type\":\"Person\",\"@id\":\"https:\\\/\\\/inclusivenews.com.br\\\/#\\\/schema\\\/person\\\/ae4ec7087559b8692fb33b6fffd2273b\",\"name\":\"inclusivenews2024\",\"image\":{\"@type\":\"ImageObject\",\"inLanguage\":\"pt-PT\",\"@id\":\"https:\\\/\\\/secure.gravatar.com\\\/avatar\\\/c5a7ef84c66fa914f55bc4f7ce26cfa275a3b9a1c5568b907bd184fb4dde7b40?s=96&d=mm&r=g\",\"url\":\"https:\\\/\\\/secure.gravatar.com\\\/avatar\\\/c5a7ef84c66fa914f55bc4f7ce26cfa275a3b9a1c5568b907bd184fb4dde7b40?s=96&d=mm&r=g\",\"contentUrl\":\"https:\\\/\\\/secure.gravatar.com\\\/avatar\\\/c5a7ef84c66fa914f55bc4f7ce26cfa275a3b9a1c5568b907bd184fb4dde7b40?s=96&d=mm&r=g\",\"caption\":\"inclusivenews2024\"},\"sameAs\":[\"https:\\\/\\\/inclusivenews.com.br\"],\"url\":\"https:\\\/\\\/inclusivenews.com.br\\\/?author=1\"}]}<\/script>\n<!-- \/ Yoast SEO plugin. -->","yoast_head_json":{"title":"O pre\u00e7o de ser um estudante especial -","robots":{"index":"index","follow":"follow","max-snippet":"max-snippet:-1","max-image-preview":"max-image-preview:large","max-video-preview":"max-video-preview:-1"},"canonical":"https:\/\/inclusivenews.com.br\/?p=21900","og_locale":"pt_PT","og_type":"article","og_title":"O pre\u00e7o de ser um estudante especial -","og_description":"Segundo a legisla\u00e7\u00e3o brasileira, as escolas regulares n\u00e3o podem negar a matr\u00edcula para nenhum aluno, nem cobrar taxas extras para alunos com defici\u00eancia.","og_url":"https:\/\/inclusivenews.com.br\/?p=21900","article_publisher":"https:\/\/www.facebook.com\/agenciainclusive\/","article_published_time":"2012-01-19T02:38:08+00:00","og_image":[{"url":"http:\/\/inclusivenews.com.br\/wp-content\/uploads\/2011\/04\/cifrao.bmp","type":"","width":"","height":""}],"author":"inclusivenews2024","twitter_card":"summary_large_image","twitter_misc":{"Escrito por":"inclusivenews2024","Tempo estimado de leitura":"5 minutos"},"schema":{"@context":"https:\/\/schema.org","@graph":[{"@type":"Article","@id":"https:\/\/inclusivenews.com.br\/?p=21900#article","isPartOf":{"@id":"https:\/\/inclusivenews.com.br\/?p=21900"},"author":{"name":"inclusivenews2024","@id":"https:\/\/inclusivenews.com.br\/#\/schema\/person\/ae4ec7087559b8692fb33b6fffd2273b"},"headline":"O pre\u00e7o de ser um estudante especial","datePublished":"2012-01-19T02:38:08+00:00","mainEntityOfPage":{"@id":"https:\/\/inclusivenews.com.br\/?p=21900"},"wordCount":948,"commentCount":0,"publisher":{"@id":"https:\/\/inclusivenews.com.br\/#organization"},"image":{"@id":"https:\/\/inclusivenews.com.br\/?p=21900#primaryimage"},"thumbnailUrl":"http:\/\/inclusivenews.com.br\/wp-content\/uploads\/2011\/04\/cifrao.bmp","articleSection":["Den\u00fancias","Discrimina\u00e7\u00e3o","EDUCA\u00c7\u00c3O"],"inLanguage":"pt-PT","potentialAction":[{"@type":"CommentAction","name":"Comment","target":["https:\/\/inclusivenews.com.br\/?p=21900#respond"]}]},{"@type":"WebPage","@id":"https:\/\/inclusivenews.com.br\/?p=21900","url":"https:\/\/inclusivenews.com.br\/?p=21900","name":"O pre\u00e7o de ser um estudante especial -","isPartOf":{"@id":"https:\/\/inclusivenews.com.br\/#website"},"primaryImageOfPage":{"@id":"https:\/\/inclusivenews.com.br\/?p=21900#primaryimage"},"image":{"@id":"https:\/\/inclusivenews.com.br\/?p=21900#primaryimage"},"thumbnailUrl":"http:\/\/inclusivenews.com.br\/wp-content\/uploads\/2011\/04\/cifrao.bmp","datePublished":"2012-01-19T02:38:08+00:00","breadcrumb":{"@id":"https:\/\/inclusivenews.com.br\/?p=21900#breadcrumb"},"inLanguage":"pt-PT","potentialAction":[{"@type":"ReadAction","target":["https:\/\/inclusivenews.com.br\/?p=21900"]}]},{"@type":"ImageObject","inLanguage":"pt-PT","@id":"https:\/\/inclusivenews.com.br\/?p=21900#primaryimage","url":"","contentUrl":""},{"@type":"BreadcrumbList","@id":"https:\/\/inclusivenews.com.br\/?p=21900#breadcrumb","itemListElement":[{"@type":"ListItem","position":1,"name":"In\u00edcio","item":"https:\/\/inclusivenews.com.br\/"},{"@type":"ListItem","position":2,"name":"O pre\u00e7o de ser um estudante especial"}]},{"@type":"WebSite","@id":"https:\/\/inclusivenews.com.br\/#website","url":"https:\/\/inclusivenews.com.br\/","name":"Inclusive News","description":"Inclusive News","publisher":{"@id":"https:\/\/inclusivenews.com.br\/#organization"},"potentialAction":[{"@type":"SearchAction","target":{"@type":"EntryPoint","urlTemplate":"https:\/\/inclusivenews.com.br\/?s={search_term_string}"},"query-input":{"@type":"PropertyValueSpecification","valueRequired":true,"valueName":"search_term_string"}}],"inLanguage":"pt-PT"},{"@type":"Organization","@id":"https:\/\/inclusivenews.com.br\/#organization","name":"Inclusive - inclus\u00e3o e cidadania","url":"https:\/\/inclusivenews.com.br\/","logo":{"@type":"ImageObject","inLanguage":"pt-PT","@id":"https:\/\/inclusivenews.com.br\/#\/schema\/logo\/image\/","url":"https:\/\/inclusivenews.com.br\/wp-content\/uploads\/2024\/03\/@grandesite.png","contentUrl":"https:\/\/inclusivenews.com.br\/wp-content\/uploads\/2024\/03\/@grandesite.png","width":1080,"height":1080,"caption":"Inclusive - inclus\u00e3o e cidadania"},"image":{"@id":"https:\/\/inclusivenews.com.br\/#\/schema\/logo\/image\/"},"sameAs":["https:\/\/www.facebook.com\/agenciainclusive\/","https:\/\/www.instagram.com\/newsinclusive\/"]},{"@type":"Person","@id":"https:\/\/inclusivenews.com.br\/#\/schema\/person\/ae4ec7087559b8692fb33b6fffd2273b","name":"inclusivenews2024","image":{"@type":"ImageObject","inLanguage":"pt-PT","@id":"https:\/\/secure.gravatar.com\/avatar\/c5a7ef84c66fa914f55bc4f7ce26cfa275a3b9a1c5568b907bd184fb4dde7b40?s=96&d=mm&r=g","url":"https:\/\/secure.gravatar.com\/avatar\/c5a7ef84c66fa914f55bc4f7ce26cfa275a3b9a1c5568b907bd184fb4dde7b40?s=96&d=mm&r=g","contentUrl":"https:\/\/secure.gravatar.com\/avatar\/c5a7ef84c66fa914f55bc4f7ce26cfa275a3b9a1c5568b907bd184fb4dde7b40?s=96&d=mm&r=g","caption":"inclusivenews2024"},"sameAs":["https:\/\/inclusivenews.com.br"],"url":"https:\/\/inclusivenews.com.br\/?author=1"}]}},"_links":{"self":[{"href":"https:\/\/inclusivenews.com.br\/index.php?rest_route=\/wp\/v2\/posts\/21900","targetHints":{"allow":["GET"]}}],"collection":[{"href":"https:\/\/inclusivenews.com.br\/index.php?rest_route=\/wp\/v2\/posts"}],"about":[{"href":"https:\/\/inclusivenews.com.br\/index.php?rest_route=\/wp\/v2\/types\/post"}],"author":[{"embeddable":true,"href":"https:\/\/inclusivenews.com.br\/index.php?rest_route=\/wp\/v2\/users\/1"}],"replies":[{"embeddable":true,"href":"https:\/\/inclusivenews.com.br\/index.php?rest_route=%2Fwp%2Fv2%2Fcomments&post=21900"}],"version-history":[{"count":0,"href":"https:\/\/inclusivenews.com.br\/index.php?rest_route=\/wp\/v2\/posts\/21900\/revisions"}],"wp:attachment":[{"href":"https:\/\/inclusivenews.com.br\/index.php?rest_route=%2Fwp%2Fv2%2Fmedia&parent=21900"}],"wp:term":[{"taxonomy":"category","embeddable":true,"href":"https:\/\/inclusivenews.com.br\/index.php?rest_route=%2Fwp%2Fv2%2Fcategories&post=21900"},{"taxonomy":"post_tag","embeddable":true,"href":"https:\/\/inclusivenews.com.br\/index.php?rest_route=%2Fwp%2Fv2%2Ftags&post=21900"}],"curies":[{"name":"wp","href":"https:\/\/api.w.org\/{rel}","templated":true}]}}