{"id":21944,"date":"2012-01-31T20:20:06","date_gmt":"2012-01-31T23:20:06","guid":{"rendered":"http:\/\/www.inclusive.org.br\/?p=21944"},"modified":"2012-01-31T20:20:06","modified_gmt":"2012-01-31T23:20:06","slug":"escritor-da-periferia-brasileira-lanca-livro-na-alemanha","status":"publish","type":"post","link":"https:\/\/inclusivenews.com.br\/?p=21944","title":{"rendered":"Escritor da periferia brasileira lan\u00e7a livro na Alemanha"},"content":{"rendered":"<figure id=\"attachment_21945\" aria-describedby=\"caption-attachment-21945\" style=\"width: 154px\" class=\"wp-caption alignleft\"><img loading=\"lazy\" decoding=\"async\" class=\"size-full wp-image-21945\" title=\"rciriaco\" src=\"http:\/\/inclusivenews.com.br\/wp-content\/uploads\/rciriaco.jpg\" alt=\"\" width=\"154\" height=\"205\" \/><figcaption id=\"caption-attachment-21945\" class=\"wp-caption-text\">Rodrigo Cir\u00edaco - Arquivo Pessoal<\/figcaption><\/figure>\n<p><em>Rodrigo Cir\u00edaco \u00e9 educador da rede p\u00fablica em S\u00e3o Paulo, escritor da literatura perif\u00e9rica e lan\u00e7ou o livro \u201c100 m\u00e1goas\u201d em Berlim <\/em><\/p>\n<p>O educador e escritor Rodrigo Cir\u00edaco, da periferia da zona oeste de S\u00e3o Paulo lan\u00e7ou no dia 12 de janeiro, em Berlim, na Alemanha, o livro de contos \u201c100 M\u00e1goas\u201d.<\/p>\n<p>A obra \u00e9 um mosaico de v\u00e1rias hist\u00f3rias que abordam a problem\u00e1tica pol\u00edtica e social da babil\u00f4nia brasileira: a pobreza, o descaso e a viol\u00eancia policial. No entanto, o livro n\u00e3o limita-se ao \u201cmais do mesmo\u201d. Traz tamb\u00e9m tens\u00f5es conjugais, emocionais. Tudo isso carregado de lirismo. Sem deixar de lado o cinismo.O trabalho tem pref\u00e1cio de Marcelino Freire e orelha de \u00c9rica Pe\u00e7anha. O projeto gr\u00e1fico ficou por conta de Silvana Martins.<\/p>\n<p>O evento de lan\u00e7amento acontece na \u201cA Livraria\u201d , um espa\u00e7o especializado em literatura afro-luso-brasileira e que j\u00e1 recebeu nomes da literatura brasileira como Marcos Lopes, Ruy Castro, Ign\u00e1cio de Loyola Brand\u00e3o, Jo\u00e3o Ubaldo Ribeiro e o veterano da cena contempor\u00e2nea\/perif\u00e9rica, Ferr\u00e9z.<\/p>\n<p>Al\u00e9m do lan\u00e7amento, haver\u00e1 tamb\u00e9m leitura e tradu\u00e7\u00e3o de alguns contos para o alem\u00e3o, que contam com a media\u00e7\u00e3o da pesquisadora Ingrid Hapke (Universidade de Hamburgo \u2013 ALE) que est\u00e1 finalizando um doutourado em letras sobre a literatura marginal.<\/p>\n<p>Cir\u00edaco, que j\u00e1 escreveu o livro de contos \u201cTe Pego L\u00e1 Fora\u201d (Edi\u00e7\u00f5es Tor\u00f3, 2008) , chega agora com esta nova proposta e o \u201c100 M\u00e1goas\u201d foi lan\u00e7ado, no Brasil, em dezembro de 2011, percorrendo v\u00e1rios saraus das periferias de S\u00e3o Paulo (Cooperifa, Binho, Elo da Corrente, Suburbano Convicto, Mesquiteiros, Ademar), al\u00e9m da Balada Liter\u00e1ria. O autor visitou tamb\u00e9m o Sarau Bem Black, na Bahia, onde fez o lan\u00e7amento.<\/p>\n<p>Contudo, esta n\u00e3o \u00e9 a primeira experi\u00eancia internacional de Cir\u00edaco. Em 2011 ele esteve na Alemanha e visitou a mesma livraria, onde lan\u00e7ou o primeiro livro e fez leituras dos contos da obra \u201cTe Pego L\u00e1 Fora\u201d.<\/p>\n<p>A outra experi\u00eancia internacional aconteceu com a publica\u00e7\u00e3o na colet\u00e2nea de contos \u201cJe suis favela\u201d (Editora Anacoana, 2011), ao lado de outros escritores como Alessandro Buzo, Sacolinha, Ferr\u00e9z e Marcelino Freire.<\/p>\n<p><strong>Sobre o \u201c100 m\u00e1goas\u201d<\/strong><\/p>\n<p><strong> <\/strong><\/p>\n<p>100 M\u00e1goas \u00e9 um livro de contos. Que poderiam muito bem ser chamados de uivos. Gritos. Abafados. E que n\u00e3o se permitiam mais ficar calados.<\/p>\n<p>Do mendicante, refletindo sobre a gozol\u00e2ndia cultural na Babil\u00f4nia. E com fome de justi\u00e7a na barriga.<\/p>\n<p>Da m\u00e3e, execrada em rede nacional, abusada e violentada na escurid\u00e3o de uma cela, pra depois ser declarada inocente.<\/p>\n<p>Da favelada, que tem por sonho um piso para o seu barraco. Um piso. S\u00f3 isso.<\/p>\n<p>Do \u00edndio, que n\u00e3o aceita mais ser explorado.<\/p>\n<p>100 M\u00e1goas \u00e9 o rasgo no v\u00e9u da morda\u00e7a dos oprimidos: pretos, pobres, perif\u00e9ricos. Dos brancos. E suas vidas miser\u00e1veis. Nossas vidas.<\/p>\n<p>100 M\u00e1goas \u00e9 tamb\u00e9m um livro de amor. Sangrado. Sagrado. Profano. Abusado. Tra\u00eddo. Mal resolvido. Mal amado. Marcado.<\/p>\n<p>Ali\u00e1s, 100 M\u00e1goas \u00e9 isso: o registro de muitas marcas. Hist\u00f3rias, m\u00e1goas. Colhidas nos jornais, retiradas do est\u00f4mago e das mem\u00f3rias. Latejantes. Dolorosas. Pra que fique bem claro por que lutamos. Por que bradamos, por que insistimos. Por que protestamos. Por que escrevemos. Ainda com revolta. Apesar de muitos acharem ser esta uma esta\u00e7\u00e3o fora de moda.<\/p>\n<p>100 M\u00e1goas \u00e9 isso. Um livro de lembran\u00e7as. Literais e liter\u00e1rias.<\/p>\n<p>Porque recordar \u00e9 viver. E lembrar \u00e9 resistir.<\/p>\n<p>Mais informa\u00e7\u00f5es sobre o livro podem ser obtidas atrav\u00e9s do link: <a href=\"http:\/\/www.efeito-colateral.blogspot.com\/\">http:\/\/www.efeito-colateral.blogspot.com\/<\/a><br \/>\nAssista v\u00eddeo de Rodrigo Cir\u00edaco declamando \u201c100 m\u00e1goas\u201d na Cooperifa: <a href=\"http:\/\/youtu.be\/GBvTnGjY8k4\">http:\/\/youtu.be\/GBvTnGjY8k4<\/a><br \/>\nAssista v\u00eddeo de Rodrigo Cir\u00edaco no projeto Marginaliaria: <a href=\"http:\/\/youtu.be\/wwZ_pCjm-mI\">http:\/\/youtu.be\/wwZ_pCjm-mI<\/a><\/p>\n","protected":false},"excerpt":{"rendered":"<p>Rodrigo Cir\u00edaco \u00e9 educador da rede p\u00fablica em S\u00e3o Paulo, escritor da literatura perif\u00e9rica e lan\u00e7ou o livro \u201c100 m\u00e1goas\u201d em Berlim.<\/p>\n","protected":false},"author":1,"featured_media":0,"comment_status":"open","ping_status":"open","sticky":false,"template":"","format":"standard","meta":{"site-container-style":"default","site-container-layout":"default","site-sidebar-layout":"default","disable-article-header":"default","disable-site-header":"default","disable-site-footer":"default","disable-content-area-spacing":"default","footnotes":""},"categories":[50,51,4,10],"tags":[],"class_list":["post-21944","post","type-post","status-publish","format-standard","hentry","category-lancamentos","category-livros","category-noticias","category-publicacoes"],"yoast_head":"<!-- This site is optimized with the Yoast SEO plugin v27.4 - https:\/\/yoast.com\/product\/yoast-seo-wordpress\/ -->\n<title>Escritor da periferia brasileira lan\u00e7a livro na Alemanha -<\/title>\n<meta name=\"robots\" content=\"index, follow, max-snippet:-1, max-image-preview:large, max-video-preview:-1\" \/>\n<link rel=\"canonical\" href=\"https:\/\/inclusivenews.com.br\/?p=21944\" \/>\n<meta property=\"og:locale\" content=\"pt_PT\" \/>\n<meta property=\"og:type\" content=\"article\" \/>\n<meta property=\"og:title\" content=\"Escritor da periferia brasileira lan\u00e7a livro na Alemanha -\" \/>\n<meta property=\"og:description\" content=\"Rodrigo Cir\u00edaco \u00e9 educador da rede p\u00fablica em S\u00e3o Paulo, escritor da literatura perif\u00e9rica e lan\u00e7ou o livro \u201c100 m\u00e1goas\u201d em Berlim.\" \/>\n<meta property=\"og:url\" content=\"https:\/\/inclusivenews.com.br\/?p=21944\" \/>\n<meta property=\"article:publisher\" content=\"https:\/\/www.facebook.com\/agenciainclusive\/\" \/>\n<meta property=\"article:published_time\" content=\"2012-01-31T23:20:06+00:00\" \/>\n<meta property=\"og:image\" content=\"http:\/\/inclusivenews.com.br\/wp-content\/uploads\/rciriaco.jpg\" \/>\n<meta name=\"author\" content=\"inclusivenews2024\" \/>\n<meta name=\"twitter:card\" content=\"summary_large_image\" \/>\n<meta name=\"twitter:label1\" content=\"Escrito por\" \/>\n\t<meta name=\"twitter:data1\" content=\"inclusivenews2024\" \/>\n\t<meta name=\"twitter:label2\" content=\"Tempo estimado de leitura\" \/>\n\t<meta name=\"twitter:data2\" content=\"3 minutos\" \/>\n<script type=\"application\/ld+json\" class=\"yoast-schema-graph\">{\"@context\":\"https:\\\/\\\/schema.org\",\"@graph\":[{\"@type\":\"Article\",\"@id\":\"https:\\\/\\\/inclusivenews.com.br\\\/?p=21944#article\",\"isPartOf\":{\"@id\":\"https:\\\/\\\/inclusivenews.com.br\\\/?p=21944\"},\"author\":{\"name\":\"inclusivenews2024\",\"@id\":\"https:\\\/\\\/inclusivenews.com.br\\\/#\\\/schema\\\/person\\\/ae4ec7087559b8692fb33b6fffd2273b\"},\"headline\":\"Escritor da periferia brasileira lan\u00e7a livro na Alemanha\",\"datePublished\":\"2012-01-31T23:20:06+00:00\",\"mainEntityOfPage\":{\"@id\":\"https:\\\/\\\/inclusivenews.com.br\\\/?p=21944\"},\"wordCount\":675,\"commentCount\":0,\"publisher\":{\"@id\":\"https:\\\/\\\/inclusivenews.com.br\\\/#organization\"},\"image\":{\"@id\":\"https:\\\/\\\/inclusivenews.com.br\\\/?p=21944#primaryimage\"},\"thumbnailUrl\":\"http:\\\/\\\/inclusivenews.com.br\\\/wp-content\\\/uploads\\\/rciriaco.jpg\",\"articleSection\":[\"Lan\u00e7amentos\",\"Livros\",\"NOT\u00cdCIAS\",\"PUBLICA\u00c7\u00d5ES\"],\"inLanguage\":\"pt-PT\",\"potentialAction\":[{\"@type\":\"CommentAction\",\"name\":\"Comment\",\"target\":[\"https:\\\/\\\/inclusivenews.com.br\\\/?p=21944#respond\"]}]},{\"@type\":\"WebPage\",\"@id\":\"https:\\\/\\\/inclusivenews.com.br\\\/?p=21944\",\"url\":\"https:\\\/\\\/inclusivenews.com.br\\\/?p=21944\",\"name\":\"Escritor da periferia brasileira lan\u00e7a livro na Alemanha -\",\"isPartOf\":{\"@id\":\"https:\\\/\\\/inclusivenews.com.br\\\/#website\"},\"primaryImageOfPage\":{\"@id\":\"https:\\\/\\\/inclusivenews.com.br\\\/?p=21944#primaryimage\"},\"image\":{\"@id\":\"https:\\\/\\\/inclusivenews.com.br\\\/?p=21944#primaryimage\"},\"thumbnailUrl\":\"http:\\\/\\\/inclusivenews.com.br\\\/wp-content\\\/uploads\\\/rciriaco.jpg\",\"datePublished\":\"2012-01-31T23:20:06+00:00\",\"breadcrumb\":{\"@id\":\"https:\\\/\\\/inclusivenews.com.br\\\/?p=21944#breadcrumb\"},\"inLanguage\":\"pt-PT\",\"potentialAction\":[{\"@type\":\"ReadAction\",\"target\":[\"https:\\\/\\\/inclusivenews.com.br\\\/?p=21944\"]}]},{\"@type\":\"ImageObject\",\"inLanguage\":\"pt-PT\",\"@id\":\"https:\\\/\\\/inclusivenews.com.br\\\/?p=21944#primaryimage\",\"url\":\"\",\"contentUrl\":\"\"},{\"@type\":\"BreadcrumbList\",\"@id\":\"https:\\\/\\\/inclusivenews.com.br\\\/?p=21944#breadcrumb\",\"itemListElement\":[{\"@type\":\"ListItem\",\"position\":1,\"name\":\"In\u00edcio\",\"item\":\"https:\\\/\\\/inclusivenews.com.br\\\/\"},{\"@type\":\"ListItem\",\"position\":2,\"name\":\"Escritor da periferia brasileira lan\u00e7a livro na Alemanha\"}]},{\"@type\":\"WebSite\",\"@id\":\"https:\\\/\\\/inclusivenews.com.br\\\/#website\",\"url\":\"https:\\\/\\\/inclusivenews.com.br\\\/\",\"name\":\"Inclusive News\",\"description\":\"Inclusive News\",\"publisher\":{\"@id\":\"https:\\\/\\\/inclusivenews.com.br\\\/#organization\"},\"potentialAction\":[{\"@type\":\"SearchAction\",\"target\":{\"@type\":\"EntryPoint\",\"urlTemplate\":\"https:\\\/\\\/inclusivenews.com.br\\\/?s={search_term_string}\"},\"query-input\":{\"@type\":\"PropertyValueSpecification\",\"valueRequired\":true,\"valueName\":\"search_term_string\"}}],\"inLanguage\":\"pt-PT\"},{\"@type\":\"Organization\",\"@id\":\"https:\\\/\\\/inclusivenews.com.br\\\/#organization\",\"name\":\"Inclusive - inclus\u00e3o e cidadania\",\"url\":\"https:\\\/\\\/inclusivenews.com.br\\\/\",\"logo\":{\"@type\":\"ImageObject\",\"inLanguage\":\"pt-PT\",\"@id\":\"https:\\\/\\\/inclusivenews.com.br\\\/#\\\/schema\\\/logo\\\/image\\\/\",\"url\":\"https:\\\/\\\/inclusivenews.com.br\\\/wp-content\\\/uploads\\\/2024\\\/03\\\/@grandesite.png\",\"contentUrl\":\"https:\\\/\\\/inclusivenews.com.br\\\/wp-content\\\/uploads\\\/2024\\\/03\\\/@grandesite.png\",\"width\":1080,\"height\":1080,\"caption\":\"Inclusive - inclus\u00e3o e cidadania\"},\"image\":{\"@id\":\"https:\\\/\\\/inclusivenews.com.br\\\/#\\\/schema\\\/logo\\\/image\\\/\"},\"sameAs\":[\"https:\\\/\\\/www.facebook.com\\\/agenciainclusive\\\/\",\"https:\\\/\\\/www.instagram.com\\\/newsinclusive\\\/\"]},{\"@type\":\"Person\",\"@id\":\"https:\\\/\\\/inclusivenews.com.br\\\/#\\\/schema\\\/person\\\/ae4ec7087559b8692fb33b6fffd2273b\",\"name\":\"inclusivenews2024\",\"image\":{\"@type\":\"ImageObject\",\"inLanguage\":\"pt-PT\",\"@id\":\"https:\\\/\\\/secure.gravatar.com\\\/avatar\\\/c5a7ef84c66fa914f55bc4f7ce26cfa275a3b9a1c5568b907bd184fb4dde7b40?s=96&d=mm&r=g\",\"url\":\"https:\\\/\\\/secure.gravatar.com\\\/avatar\\\/c5a7ef84c66fa914f55bc4f7ce26cfa275a3b9a1c5568b907bd184fb4dde7b40?s=96&d=mm&r=g\",\"contentUrl\":\"https:\\\/\\\/secure.gravatar.com\\\/avatar\\\/c5a7ef84c66fa914f55bc4f7ce26cfa275a3b9a1c5568b907bd184fb4dde7b40?s=96&d=mm&r=g\",\"caption\":\"inclusivenews2024\"},\"sameAs\":[\"https:\\\/\\\/inclusivenews.com.br\"],\"url\":\"https:\\\/\\\/inclusivenews.com.br\\\/?author=1\"}]}<\/script>\n<!-- \/ Yoast SEO plugin. -->","yoast_head_json":{"title":"Escritor da periferia brasileira lan\u00e7a livro na Alemanha -","robots":{"index":"index","follow":"follow","max-snippet":"max-snippet:-1","max-image-preview":"max-image-preview:large","max-video-preview":"max-video-preview:-1"},"canonical":"https:\/\/inclusivenews.com.br\/?p=21944","og_locale":"pt_PT","og_type":"article","og_title":"Escritor da periferia brasileira lan\u00e7a livro na Alemanha -","og_description":"Rodrigo Cir\u00edaco \u00e9 educador da rede p\u00fablica em S\u00e3o Paulo, escritor da literatura perif\u00e9rica e lan\u00e7ou o livro \u201c100 m\u00e1goas\u201d em Berlim.","og_url":"https:\/\/inclusivenews.com.br\/?p=21944","article_publisher":"https:\/\/www.facebook.com\/agenciainclusive\/","article_published_time":"2012-01-31T23:20:06+00:00","og_image":[{"url":"http:\/\/inclusivenews.com.br\/wp-content\/uploads\/rciriaco.jpg","type":"","width":"","height":""}],"author":"inclusivenews2024","twitter_card":"summary_large_image","twitter_misc":{"Escrito por":"inclusivenews2024","Tempo estimado de leitura":"3 minutos"},"schema":{"@context":"https:\/\/schema.org","@graph":[{"@type":"Article","@id":"https:\/\/inclusivenews.com.br\/?p=21944#article","isPartOf":{"@id":"https:\/\/inclusivenews.com.br\/?p=21944"},"author":{"name":"inclusivenews2024","@id":"https:\/\/inclusivenews.com.br\/#\/schema\/person\/ae4ec7087559b8692fb33b6fffd2273b"},"headline":"Escritor da periferia brasileira lan\u00e7a livro na Alemanha","datePublished":"2012-01-31T23:20:06+00:00","mainEntityOfPage":{"@id":"https:\/\/inclusivenews.com.br\/?p=21944"},"wordCount":675,"commentCount":0,"publisher":{"@id":"https:\/\/inclusivenews.com.br\/#organization"},"image":{"@id":"https:\/\/inclusivenews.com.br\/?p=21944#primaryimage"},"thumbnailUrl":"http:\/\/inclusivenews.com.br\/wp-content\/uploads\/rciriaco.jpg","articleSection":["Lan\u00e7amentos","Livros","NOT\u00cdCIAS","PUBLICA\u00c7\u00d5ES"],"inLanguage":"pt-PT","potentialAction":[{"@type":"CommentAction","name":"Comment","target":["https:\/\/inclusivenews.com.br\/?p=21944#respond"]}]},{"@type":"WebPage","@id":"https:\/\/inclusivenews.com.br\/?p=21944","url":"https:\/\/inclusivenews.com.br\/?p=21944","name":"Escritor da periferia brasileira lan\u00e7a livro na Alemanha -","isPartOf":{"@id":"https:\/\/inclusivenews.com.br\/#website"},"primaryImageOfPage":{"@id":"https:\/\/inclusivenews.com.br\/?p=21944#primaryimage"},"image":{"@id":"https:\/\/inclusivenews.com.br\/?p=21944#primaryimage"},"thumbnailUrl":"http:\/\/inclusivenews.com.br\/wp-content\/uploads\/rciriaco.jpg","datePublished":"2012-01-31T23:20:06+00:00","breadcrumb":{"@id":"https:\/\/inclusivenews.com.br\/?p=21944#breadcrumb"},"inLanguage":"pt-PT","potentialAction":[{"@type":"ReadAction","target":["https:\/\/inclusivenews.com.br\/?p=21944"]}]},{"@type":"ImageObject","inLanguage":"pt-PT","@id":"https:\/\/inclusivenews.com.br\/?p=21944#primaryimage","url":"","contentUrl":""},{"@type":"BreadcrumbList","@id":"https:\/\/inclusivenews.com.br\/?p=21944#breadcrumb","itemListElement":[{"@type":"ListItem","position":1,"name":"In\u00edcio","item":"https:\/\/inclusivenews.com.br\/"},{"@type":"ListItem","position":2,"name":"Escritor da periferia brasileira lan\u00e7a livro na Alemanha"}]},{"@type":"WebSite","@id":"https:\/\/inclusivenews.com.br\/#website","url":"https:\/\/inclusivenews.com.br\/","name":"Inclusive News","description":"Inclusive News","publisher":{"@id":"https:\/\/inclusivenews.com.br\/#organization"},"potentialAction":[{"@type":"SearchAction","target":{"@type":"EntryPoint","urlTemplate":"https:\/\/inclusivenews.com.br\/?s={search_term_string}"},"query-input":{"@type":"PropertyValueSpecification","valueRequired":true,"valueName":"search_term_string"}}],"inLanguage":"pt-PT"},{"@type":"Organization","@id":"https:\/\/inclusivenews.com.br\/#organization","name":"Inclusive - inclus\u00e3o e cidadania","url":"https:\/\/inclusivenews.com.br\/","logo":{"@type":"ImageObject","inLanguage":"pt-PT","@id":"https:\/\/inclusivenews.com.br\/#\/schema\/logo\/image\/","url":"https:\/\/inclusivenews.com.br\/wp-content\/uploads\/2024\/03\/@grandesite.png","contentUrl":"https:\/\/inclusivenews.com.br\/wp-content\/uploads\/2024\/03\/@grandesite.png","width":1080,"height":1080,"caption":"Inclusive - inclus\u00e3o e cidadania"},"image":{"@id":"https:\/\/inclusivenews.com.br\/#\/schema\/logo\/image\/"},"sameAs":["https:\/\/www.facebook.com\/agenciainclusive\/","https:\/\/www.instagram.com\/newsinclusive\/"]},{"@type":"Person","@id":"https:\/\/inclusivenews.com.br\/#\/schema\/person\/ae4ec7087559b8692fb33b6fffd2273b","name":"inclusivenews2024","image":{"@type":"ImageObject","inLanguage":"pt-PT","@id":"https:\/\/secure.gravatar.com\/avatar\/c5a7ef84c66fa914f55bc4f7ce26cfa275a3b9a1c5568b907bd184fb4dde7b40?s=96&d=mm&r=g","url":"https:\/\/secure.gravatar.com\/avatar\/c5a7ef84c66fa914f55bc4f7ce26cfa275a3b9a1c5568b907bd184fb4dde7b40?s=96&d=mm&r=g","contentUrl":"https:\/\/secure.gravatar.com\/avatar\/c5a7ef84c66fa914f55bc4f7ce26cfa275a3b9a1c5568b907bd184fb4dde7b40?s=96&d=mm&r=g","caption":"inclusivenews2024"},"sameAs":["https:\/\/inclusivenews.com.br"],"url":"https:\/\/inclusivenews.com.br\/?author=1"}]}},"_links":{"self":[{"href":"https:\/\/inclusivenews.com.br\/index.php?rest_route=\/wp\/v2\/posts\/21944","targetHints":{"allow":["GET"]}}],"collection":[{"href":"https:\/\/inclusivenews.com.br\/index.php?rest_route=\/wp\/v2\/posts"}],"about":[{"href":"https:\/\/inclusivenews.com.br\/index.php?rest_route=\/wp\/v2\/types\/post"}],"author":[{"embeddable":true,"href":"https:\/\/inclusivenews.com.br\/index.php?rest_route=\/wp\/v2\/users\/1"}],"replies":[{"embeddable":true,"href":"https:\/\/inclusivenews.com.br\/index.php?rest_route=%2Fwp%2Fv2%2Fcomments&post=21944"}],"version-history":[{"count":0,"href":"https:\/\/inclusivenews.com.br\/index.php?rest_route=\/wp\/v2\/posts\/21944\/revisions"}],"wp:attachment":[{"href":"https:\/\/inclusivenews.com.br\/index.php?rest_route=%2Fwp%2Fv2%2Fmedia&parent=21944"}],"wp:term":[{"taxonomy":"category","embeddable":true,"href":"https:\/\/inclusivenews.com.br\/index.php?rest_route=%2Fwp%2Fv2%2Fcategories&post=21944"},{"taxonomy":"post_tag","embeddable":true,"href":"https:\/\/inclusivenews.com.br\/index.php?rest_route=%2Fwp%2Fv2%2Ftags&post=21944"}],"curies":[{"name":"wp","href":"https:\/\/api.w.org\/{rel}","templated":true}]}}