{"id":21955,"date":"2012-01-31T20:19:22","date_gmt":"2012-01-31T23:19:22","guid":{"rendered":"http:\/\/www.inclusive.org.br\/?p=21955"},"modified":"2012-01-31T20:19:22","modified_gmt":"2012-01-31T23:19:22","slug":"fundo-brasil-de-direitos-humanos-seleciona-projetos-para-o-combate-a-discriminac-ao-e-a-violencia-institucional","status":"publish","type":"post","link":"https:\/\/inclusivenews.com.br\/?p=21955","title":{"rendered":"Fundo Brasil de Direitos Humanos seleciona projetos para o combate \u00e0 discrimina\u00e7 \u00e3o e \u00e0 viol\u00eancia institucional"},"content":{"rendered":"<p><img loading=\"lazy\" decoding=\"async\" class=\"alignnone\" title=\"Fundo Brasil de Direitos Humanos\" src=\"http:\/\/www.fundodireitoshumanos.org.br\/images\/home_a.gif\" alt=\"\" width=\"227\" height=\"119\" \/><\/p>\n<p>Organiza\u00e7\u00f5es de Direitos Humanos em todo o pa\u00eds que atuem no combate \u00e0 discrimina\u00e7\u00e3o e \u00e0 viol\u00eancia institucional podem participar, at\u00e9 27 de fevereiro, do edital 2012 do Fundo Brasil de Direitos Humanos. A sele\u00e7\u00e3o vai receber projetos com foco na defesa e promo\u00e7\u00e3o dos Direitos Humanos sob a perspectiva de combate \u00e0 discrimina\u00e7\u00e3o e \u00e0 viol\u00eancia institucional \u2013 entendida como qualquer forma de viola\u00e7\u00e3o a direitos humanos promovida por institui\u00e7\u00f5es oficiais e\/ou suas delega\u00e7\u00f5es.<\/p>\n<p>Ap\u00f3s a sele\u00e7\u00e3o, ser\u00e3o apoiados projetos com or\u00e7amento m\u00e1ximo de R$ 25 mil e dura\u00e7\u00e3o de at\u00e9 12 meses. No total, o Fundo Brasil vai contemplar cerca de 30 iniciativas, somando um montante de R$ 800 mil em doa\u00e7\u00f5es.<\/p>\n<p>Ter\u00e3o destaque aquelas iniciativas que, por exemplo, combatam a discrimina\u00e7\u00e3o de g\u00eanero, ra\u00e7a, orienta\u00e7\u00e3o sexual e\/ou em raz\u00e3o de condi\u00e7\u00e3o econ\u00f4mica; a viol\u00eancia policial; a viola\u00e7\u00e3o de direitos socioambientais; a criminaliza\u00e7\u00e3o de organiza\u00e7\u00f5es e movimentos sociais e\/ou a viol\u00eancia contra defensores de direitos humanos; ou que atuem ainda em favor dos direitos das comunidades tradicionais e de outros grupos que tenham seus direitos fundamentais violados, conforme previsto no Edital 2012.<\/p>\n<p>As propostas devem ser feitas somente por correio. A \u00edntegra do edital e o formul\u00e1rio para inscri\u00e7\u00e3o est\u00e3o no site: <a href=\"http:\/\/www.fundodireitoshumanos.org.br\/edi.jsp\" target=\"_blank\" rel=\"noopener\"><span style=\"color: #0000ff;\"><strong>http:\/\/www.fundodireitoshumanos.org.br\/edi.jsp<\/strong><\/span><\/a><\/p>\n<p>Por meio dos editais lan\u00e7ados anualmente, desde 2007, R$ 3.352,7 mil foram investidos em 141 projetos apoiados.<\/p>\n","protected":false},"excerpt":{"rendered":"<p>A sele\u00e7\u00e3o vai receber projetos com foco na defesa e promo\u00e7\u00e3o dos Direitos Humanos sob a perspectiva de combate \u00e0 discrimina\u00e7\u00e3o e \u00e0 viol\u00eancia institucional \u2013 entendida como qualquer forma de viola\u00e7\u00e3o a direitos humanos promovida por institui\u00e7\u00f5es oficiais e\/ou suas delega\u00e7\u00f5es.<\/p>\n","protected":false},"author":1,"featured_media":0,"comment_status":"open","ping_status":"open","sticky":false,"template":"","format":"standard","meta":{"site-container-style":"default","site-container-layout":"default","site-sidebar-layout":"default","disable-article-header":"default","disable-site-header":"default","disable-site-footer":"default","disable-content-area-spacing":"default","footnotes":""},"categories":[11,4],"tags":[],"class_list":["post-21955","post","type-post","status-publish","format-standard","hentry","category-direitos-humanos","category-noticias"],"yoast_head":"<!-- This site is optimized with the Yoast SEO plugin v27.4 - https:\/\/yoast.com\/product\/yoast-seo-wordpress\/ -->\n<title>Fundo Brasil de Direitos Humanos seleciona projetos para o combate \u00e0 discrimina\u00e7 \u00e3o e \u00e0 viol\u00eancia institucional -<\/title>\n<meta name=\"robots\" content=\"index, follow, max-snippet:-1, max-image-preview:large, max-video-preview:-1\" \/>\n<link rel=\"canonical\" href=\"https:\/\/inclusivenews.com.br\/?p=21955\" \/>\n<meta property=\"og:locale\" content=\"pt_PT\" \/>\n<meta property=\"og:type\" content=\"article\" \/>\n<meta property=\"og:title\" content=\"Fundo Brasil de Direitos Humanos seleciona projetos para o combate \u00e0 discrimina\u00e7 \u00e3o e \u00e0 viol\u00eancia institucional -\" \/>\n<meta property=\"og:description\" content=\"A sele\u00e7\u00e3o vai receber projetos com foco na defesa e promo\u00e7\u00e3o dos Direitos Humanos sob a perspectiva de combate \u00e0 discrimina\u00e7\u00e3o e \u00e0 viol\u00eancia institucional \u2013 entendida como qualquer forma de viola\u00e7\u00e3o a direitos humanos promovida por institui\u00e7\u00f5es oficiais e\/ou suas delega\u00e7\u00f5es.\" \/>\n<meta property=\"og:url\" content=\"https:\/\/inclusivenews.com.br\/?p=21955\" \/>\n<meta property=\"article:publisher\" content=\"https:\/\/www.facebook.com\/agenciainclusive\/\" \/>\n<meta property=\"article:published_time\" content=\"2012-01-31T23:19:22+00:00\" \/>\n<meta property=\"og:image\" content=\"http:\/\/www.fundodireitoshumanos.org.br\/images\/home_a.gif\" \/>\n<meta name=\"author\" content=\"inclusivenews2024\" \/>\n<meta name=\"twitter:card\" content=\"summary_large_image\" \/>\n<meta name=\"twitter:label1\" content=\"Escrito por\" \/>\n\t<meta name=\"twitter:data1\" content=\"inclusivenews2024\" \/>\n\t<meta name=\"twitter:label2\" content=\"Tempo estimado de leitura\" \/>\n\t<meta name=\"twitter:data2\" content=\"1 minuto\" \/>\n<script type=\"application\/ld+json\" class=\"yoast-schema-graph\">{\"@context\":\"https:\\\/\\\/schema.org\",\"@graph\":[{\"@type\":\"Article\",\"@id\":\"https:\\\/\\\/inclusivenews.com.br\\\/?p=21955#article\",\"isPartOf\":{\"@id\":\"https:\\\/\\\/inclusivenews.com.br\\\/?p=21955\"},\"author\":{\"name\":\"inclusivenews2024\",\"@id\":\"https:\\\/\\\/inclusivenews.com.br\\\/#\\\/schema\\\/person\\\/ae4ec7087559b8692fb33b6fffd2273b\"},\"headline\":\"Fundo Brasil de Direitos Humanos seleciona projetos para o combate \u00e0 discrimina\u00e7 \u00e3o e \u00e0 viol\u00eancia institucional\",\"datePublished\":\"2012-01-31T23:19:22+00:00\",\"mainEntityOfPage\":{\"@id\":\"https:\\\/\\\/inclusivenews.com.br\\\/?p=21955\"},\"wordCount\":267,\"commentCount\":0,\"publisher\":{\"@id\":\"https:\\\/\\\/inclusivenews.com.br\\\/#organization\"},\"image\":{\"@id\":\"https:\\\/\\\/inclusivenews.com.br\\\/?p=21955#primaryimage\"},\"thumbnailUrl\":\"http:\\\/\\\/www.fundodireitoshumanos.org.br\\\/images\\\/home_a.gif\",\"articleSection\":[\"DIREITOS HUMANOS\",\"NOT\u00cdCIAS\"],\"inLanguage\":\"pt-PT\",\"potentialAction\":[{\"@type\":\"CommentAction\",\"name\":\"Comment\",\"target\":[\"https:\\\/\\\/inclusivenews.com.br\\\/?p=21955#respond\"]}]},{\"@type\":\"WebPage\",\"@id\":\"https:\\\/\\\/inclusivenews.com.br\\\/?p=21955\",\"url\":\"https:\\\/\\\/inclusivenews.com.br\\\/?p=21955\",\"name\":\"Fundo Brasil de Direitos Humanos seleciona projetos para o combate \u00e0 discrimina\u00e7 \u00e3o e \u00e0 viol\u00eancia institucional -\",\"isPartOf\":{\"@id\":\"https:\\\/\\\/inclusivenews.com.br\\\/#website\"},\"primaryImageOfPage\":{\"@id\":\"https:\\\/\\\/inclusivenews.com.br\\\/?p=21955#primaryimage\"},\"image\":{\"@id\":\"https:\\\/\\\/inclusivenews.com.br\\\/?p=21955#primaryimage\"},\"thumbnailUrl\":\"http:\\\/\\\/www.fundodireitoshumanos.org.br\\\/images\\\/home_a.gif\",\"datePublished\":\"2012-01-31T23:19:22+00:00\",\"breadcrumb\":{\"@id\":\"https:\\\/\\\/inclusivenews.com.br\\\/?p=21955#breadcrumb\"},\"inLanguage\":\"pt-PT\",\"potentialAction\":[{\"@type\":\"ReadAction\",\"target\":[\"https:\\\/\\\/inclusivenews.com.br\\\/?p=21955\"]}]},{\"@type\":\"ImageObject\",\"inLanguage\":\"pt-PT\",\"@id\":\"https:\\\/\\\/inclusivenews.com.br\\\/?p=21955#primaryimage\",\"url\":\"http:\\\/\\\/www.fundodireitoshumanos.org.br\\\/images\\\/home_a.gif\",\"contentUrl\":\"http:\\\/\\\/www.fundodireitoshumanos.org.br\\\/images\\\/home_a.gif\"},{\"@type\":\"BreadcrumbList\",\"@id\":\"https:\\\/\\\/inclusivenews.com.br\\\/?p=21955#breadcrumb\",\"itemListElement\":[{\"@type\":\"ListItem\",\"position\":1,\"name\":\"In\u00edcio\",\"item\":\"https:\\\/\\\/inclusivenews.com.br\\\/\"},{\"@type\":\"ListItem\",\"position\":2,\"name\":\"Fundo Brasil de Direitos Humanos seleciona projetos para o combate \u00e0 discrimina\u00e7 \u00e3o e \u00e0 viol\u00eancia institucional\"}]},{\"@type\":\"WebSite\",\"@id\":\"https:\\\/\\\/inclusivenews.com.br\\\/#website\",\"url\":\"https:\\\/\\\/inclusivenews.com.br\\\/\",\"name\":\"Inclusive News\",\"description\":\"Inclusive News\",\"publisher\":{\"@id\":\"https:\\\/\\\/inclusivenews.com.br\\\/#organization\"},\"potentialAction\":[{\"@type\":\"SearchAction\",\"target\":{\"@type\":\"EntryPoint\",\"urlTemplate\":\"https:\\\/\\\/inclusivenews.com.br\\\/?s={search_term_string}\"},\"query-input\":{\"@type\":\"PropertyValueSpecification\",\"valueRequired\":true,\"valueName\":\"search_term_string\"}}],\"inLanguage\":\"pt-PT\"},{\"@type\":\"Organization\",\"@id\":\"https:\\\/\\\/inclusivenews.com.br\\\/#organization\",\"name\":\"Inclusive - inclus\u00e3o e cidadania\",\"url\":\"https:\\\/\\\/inclusivenews.com.br\\\/\",\"logo\":{\"@type\":\"ImageObject\",\"inLanguage\":\"pt-PT\",\"@id\":\"https:\\\/\\\/inclusivenews.com.br\\\/#\\\/schema\\\/logo\\\/image\\\/\",\"url\":\"https:\\\/\\\/inclusivenews.com.br\\\/wp-content\\\/uploads\\\/2024\\\/03\\\/@grandesite.png\",\"contentUrl\":\"https:\\\/\\\/inclusivenews.com.br\\\/wp-content\\\/uploads\\\/2024\\\/03\\\/@grandesite.png\",\"width\":1080,\"height\":1080,\"caption\":\"Inclusive - inclus\u00e3o e cidadania\"},\"image\":{\"@id\":\"https:\\\/\\\/inclusivenews.com.br\\\/#\\\/schema\\\/logo\\\/image\\\/\"},\"sameAs\":[\"https:\\\/\\\/www.facebook.com\\\/agenciainclusive\\\/\",\"https:\\\/\\\/www.instagram.com\\\/newsinclusive\\\/\"]},{\"@type\":\"Person\",\"@id\":\"https:\\\/\\\/inclusivenews.com.br\\\/#\\\/schema\\\/person\\\/ae4ec7087559b8692fb33b6fffd2273b\",\"name\":\"inclusivenews2024\",\"image\":{\"@type\":\"ImageObject\",\"inLanguage\":\"pt-PT\",\"@id\":\"https:\\\/\\\/secure.gravatar.com\\\/avatar\\\/c5a7ef84c66fa914f55bc4f7ce26cfa275a3b9a1c5568b907bd184fb4dde7b40?s=96&d=mm&r=g\",\"url\":\"https:\\\/\\\/secure.gravatar.com\\\/avatar\\\/c5a7ef84c66fa914f55bc4f7ce26cfa275a3b9a1c5568b907bd184fb4dde7b40?s=96&d=mm&r=g\",\"contentUrl\":\"https:\\\/\\\/secure.gravatar.com\\\/avatar\\\/c5a7ef84c66fa914f55bc4f7ce26cfa275a3b9a1c5568b907bd184fb4dde7b40?s=96&d=mm&r=g\",\"caption\":\"inclusivenews2024\"},\"sameAs\":[\"https:\\\/\\\/inclusivenews.com.br\"],\"url\":\"https:\\\/\\\/inclusivenews.com.br\\\/?author=1\"}]}<\/script>\n<!-- \/ Yoast SEO plugin. -->","yoast_head_json":{"title":"Fundo Brasil de Direitos Humanos seleciona projetos para o combate \u00e0 discrimina\u00e7 \u00e3o e \u00e0 viol\u00eancia institucional -","robots":{"index":"index","follow":"follow","max-snippet":"max-snippet:-1","max-image-preview":"max-image-preview:large","max-video-preview":"max-video-preview:-1"},"canonical":"https:\/\/inclusivenews.com.br\/?p=21955","og_locale":"pt_PT","og_type":"article","og_title":"Fundo Brasil de Direitos Humanos seleciona projetos para o combate \u00e0 discrimina\u00e7 \u00e3o e \u00e0 viol\u00eancia institucional -","og_description":"A sele\u00e7\u00e3o vai receber projetos com foco na defesa e promo\u00e7\u00e3o dos Direitos Humanos sob a perspectiva de combate \u00e0 discrimina\u00e7\u00e3o e \u00e0 viol\u00eancia institucional \u2013 entendida como qualquer forma de viola\u00e7\u00e3o a direitos humanos promovida por institui\u00e7\u00f5es oficiais e\/ou suas delega\u00e7\u00f5es.","og_url":"https:\/\/inclusivenews.com.br\/?p=21955","article_publisher":"https:\/\/www.facebook.com\/agenciainclusive\/","article_published_time":"2012-01-31T23:19:22+00:00","og_image":[{"url":"http:\/\/www.fundodireitoshumanos.org.br\/images\/home_a.gif","type":"","width":"","height":""}],"author":"inclusivenews2024","twitter_card":"summary_large_image","twitter_misc":{"Escrito por":"inclusivenews2024","Tempo estimado de leitura":"1 minuto"},"schema":{"@context":"https:\/\/schema.org","@graph":[{"@type":"Article","@id":"https:\/\/inclusivenews.com.br\/?p=21955#article","isPartOf":{"@id":"https:\/\/inclusivenews.com.br\/?p=21955"},"author":{"name":"inclusivenews2024","@id":"https:\/\/inclusivenews.com.br\/#\/schema\/person\/ae4ec7087559b8692fb33b6fffd2273b"},"headline":"Fundo Brasil de Direitos Humanos seleciona projetos para o combate \u00e0 discrimina\u00e7 \u00e3o e \u00e0 viol\u00eancia institucional","datePublished":"2012-01-31T23:19:22+00:00","mainEntityOfPage":{"@id":"https:\/\/inclusivenews.com.br\/?p=21955"},"wordCount":267,"commentCount":0,"publisher":{"@id":"https:\/\/inclusivenews.com.br\/#organization"},"image":{"@id":"https:\/\/inclusivenews.com.br\/?p=21955#primaryimage"},"thumbnailUrl":"http:\/\/www.fundodireitoshumanos.org.br\/images\/home_a.gif","articleSection":["DIREITOS HUMANOS","NOT\u00cdCIAS"],"inLanguage":"pt-PT","potentialAction":[{"@type":"CommentAction","name":"Comment","target":["https:\/\/inclusivenews.com.br\/?p=21955#respond"]}]},{"@type":"WebPage","@id":"https:\/\/inclusivenews.com.br\/?p=21955","url":"https:\/\/inclusivenews.com.br\/?p=21955","name":"Fundo Brasil de Direitos Humanos seleciona projetos para o combate \u00e0 discrimina\u00e7 \u00e3o e \u00e0 viol\u00eancia institucional -","isPartOf":{"@id":"https:\/\/inclusivenews.com.br\/#website"},"primaryImageOfPage":{"@id":"https:\/\/inclusivenews.com.br\/?p=21955#primaryimage"},"image":{"@id":"https:\/\/inclusivenews.com.br\/?p=21955#primaryimage"},"thumbnailUrl":"http:\/\/www.fundodireitoshumanos.org.br\/images\/home_a.gif","datePublished":"2012-01-31T23:19:22+00:00","breadcrumb":{"@id":"https:\/\/inclusivenews.com.br\/?p=21955#breadcrumb"},"inLanguage":"pt-PT","potentialAction":[{"@type":"ReadAction","target":["https:\/\/inclusivenews.com.br\/?p=21955"]}]},{"@type":"ImageObject","inLanguage":"pt-PT","@id":"https:\/\/inclusivenews.com.br\/?p=21955#primaryimage","url":"http:\/\/www.fundodireitoshumanos.org.br\/images\/home_a.gif","contentUrl":"http:\/\/www.fundodireitoshumanos.org.br\/images\/home_a.gif"},{"@type":"BreadcrumbList","@id":"https:\/\/inclusivenews.com.br\/?p=21955#breadcrumb","itemListElement":[{"@type":"ListItem","position":1,"name":"In\u00edcio","item":"https:\/\/inclusivenews.com.br\/"},{"@type":"ListItem","position":2,"name":"Fundo Brasil de Direitos Humanos seleciona projetos para o combate \u00e0 discrimina\u00e7 \u00e3o e \u00e0 viol\u00eancia institucional"}]},{"@type":"WebSite","@id":"https:\/\/inclusivenews.com.br\/#website","url":"https:\/\/inclusivenews.com.br\/","name":"Inclusive News","description":"Inclusive News","publisher":{"@id":"https:\/\/inclusivenews.com.br\/#organization"},"potentialAction":[{"@type":"SearchAction","target":{"@type":"EntryPoint","urlTemplate":"https:\/\/inclusivenews.com.br\/?s={search_term_string}"},"query-input":{"@type":"PropertyValueSpecification","valueRequired":true,"valueName":"search_term_string"}}],"inLanguage":"pt-PT"},{"@type":"Organization","@id":"https:\/\/inclusivenews.com.br\/#organization","name":"Inclusive - inclus\u00e3o e cidadania","url":"https:\/\/inclusivenews.com.br\/","logo":{"@type":"ImageObject","inLanguage":"pt-PT","@id":"https:\/\/inclusivenews.com.br\/#\/schema\/logo\/image\/","url":"https:\/\/inclusivenews.com.br\/wp-content\/uploads\/2024\/03\/@grandesite.png","contentUrl":"https:\/\/inclusivenews.com.br\/wp-content\/uploads\/2024\/03\/@grandesite.png","width":1080,"height":1080,"caption":"Inclusive - inclus\u00e3o e cidadania"},"image":{"@id":"https:\/\/inclusivenews.com.br\/#\/schema\/logo\/image\/"},"sameAs":["https:\/\/www.facebook.com\/agenciainclusive\/","https:\/\/www.instagram.com\/newsinclusive\/"]},{"@type":"Person","@id":"https:\/\/inclusivenews.com.br\/#\/schema\/person\/ae4ec7087559b8692fb33b6fffd2273b","name":"inclusivenews2024","image":{"@type":"ImageObject","inLanguage":"pt-PT","@id":"https:\/\/secure.gravatar.com\/avatar\/c5a7ef84c66fa914f55bc4f7ce26cfa275a3b9a1c5568b907bd184fb4dde7b40?s=96&d=mm&r=g","url":"https:\/\/secure.gravatar.com\/avatar\/c5a7ef84c66fa914f55bc4f7ce26cfa275a3b9a1c5568b907bd184fb4dde7b40?s=96&d=mm&r=g","contentUrl":"https:\/\/secure.gravatar.com\/avatar\/c5a7ef84c66fa914f55bc4f7ce26cfa275a3b9a1c5568b907bd184fb4dde7b40?s=96&d=mm&r=g","caption":"inclusivenews2024"},"sameAs":["https:\/\/inclusivenews.com.br"],"url":"https:\/\/inclusivenews.com.br\/?author=1"}]}},"_links":{"self":[{"href":"https:\/\/inclusivenews.com.br\/index.php?rest_route=\/wp\/v2\/posts\/21955","targetHints":{"allow":["GET"]}}],"collection":[{"href":"https:\/\/inclusivenews.com.br\/index.php?rest_route=\/wp\/v2\/posts"}],"about":[{"href":"https:\/\/inclusivenews.com.br\/index.php?rest_route=\/wp\/v2\/types\/post"}],"author":[{"embeddable":true,"href":"https:\/\/inclusivenews.com.br\/index.php?rest_route=\/wp\/v2\/users\/1"}],"replies":[{"embeddable":true,"href":"https:\/\/inclusivenews.com.br\/index.php?rest_route=%2Fwp%2Fv2%2Fcomments&post=21955"}],"version-history":[{"count":0,"href":"https:\/\/inclusivenews.com.br\/index.php?rest_route=\/wp\/v2\/posts\/21955\/revisions"}],"wp:attachment":[{"href":"https:\/\/inclusivenews.com.br\/index.php?rest_route=%2Fwp%2Fv2%2Fmedia&parent=21955"}],"wp:term":[{"taxonomy":"category","embeddable":true,"href":"https:\/\/inclusivenews.com.br\/index.php?rest_route=%2Fwp%2Fv2%2Fcategories&post=21955"},{"taxonomy":"post_tag","embeddable":true,"href":"https:\/\/inclusivenews.com.br\/index.php?rest_route=%2Fwp%2Fv2%2Ftags&post=21955"}],"curies":[{"name":"wp","href":"https:\/\/api.w.org\/{rel}","templated":true}]}}