{"id":21978,"date":"2012-02-06T17:15:06","date_gmt":"2012-02-06T20:15:06","guid":{"rendered":"http:\/\/www.inclusive.org.br\/?p=21978"},"modified":"2012-02-06T17:15:06","modified_gmt":"2012-02-06T20:15:06","slug":"associacao-elos-da-vida-sensibiliza-empresas-para-inclusao-de-pessoas-com-deficiencia","status":"publish","type":"post","link":"https:\/\/inclusivenews.com.br\/?p=21978","title":{"rendered":"Associa\u00e7\u00e3o Elos da Vida sensibiliza empresas para inclus\u00e3o de pessoas com defici\u00eancia"},"content":{"rendered":"<figure style=\"width: 389px\" class=\"wp-caption alignleft\"><a class=\"moz-txt-link-freetext\" href=\"http:\/\/www.boanoticia.org.br\/arquivos\/Image\/noticias\/dancasobrerodas.JPG\"><img loading=\"lazy\" decoding=\"async\" title=\"Dois bailarinos, uma mo\u00e7a andante e um rapaz cadeirante\" src=\"http:\/\/www.boanoticia.org.br\/arquivos\/Image\/noticias\/dancasobrerodas.JPG\" alt=\"\" width=\"389\" height=\"258\" \/><\/a><figcaption class=\"wp-caption-text\"> <\/figcaption><\/figure>\n<p>Com a Companhia de Dan\u00e7a sobre Rodas, integrada por cadeirantes e andantes, a Associa\u00e7\u00e3o Elos da Vida emociona plateias desde 2002. Na miss\u00e3o de promover a inclus\u00e3o de pessoas com defici\u00eancia, a entidade desenvolve outras a\u00e7\u00f5es al\u00e9m da arte, como oficinas e cursos de orienta\u00e7\u00e3o familiar, social e profissional. Neste in\u00edcio de ano, est\u00e1 com inscri\u00e7\u00f5es abertas para cursos profissionalizantes e vai intensificar a sensibiliza\u00e7\u00e3o nas empresas para que contratem e mantenham pessoas com defici\u00eancia nos postos de trabalho.<\/p>\n<p>As inscri\u00e7\u00f5es abertas s\u00e3o para os cursos de Recepcionista com inform\u00e1tica e ingl\u00eas b\u00e1sico, Operador de computador com ingl\u00eas b\u00e1sico, Auxiliar de escrit\u00f3rio tamb\u00e9m com ingl\u00eas b\u00e1sico, Figurinos e adere\u00e7os, Unhas decorativas\/cabeleireiro e maquiagem. A Associa\u00e7\u00e3o tamb\u00e9m est\u00e1 recebendo inscri\u00e7\u00f5es para os cursos de Dan\u00e7a e m\u00fasica e de Literatura Infanto-Juvenil. A Coordenadora da Elos da Vida, Renata T\u00e1vora, informa que qualquer pessoa com defici\u00eancia pode fazer a inscri\u00e7\u00e3o. Os cursos s\u00e3o gr\u00e1tis, com cargas hor\u00e1rias variando de 200 a 400 horas\/aula.<\/p>\n<p>No Brasil, de acordo com a Lei 8.213\/91, empresas com no m\u00ednimo 100 empregados devem reservar parte das vagas para &#8220;benefici\u00e1rios deficientes reabilitados ou pessoas portadoras de defici\u00eancia, habilitadas&#8221;. As propor\u00e7\u00f5es s\u00e3o as seguintes: 2%, se tiverem entre 100 e 200 empregados; 3%, entre 201 e 500; 4%, entre 501 e 1000; e 5%, de 1001 em diante.<\/p>\n<p>Apesar da lei, os profissionais com algum tipo de defici\u00eancia ainda encontram preconceito. \u201cAs empresas cumprem a lei, mas n\u00e3o ret\u00eam o trabalhador por muito tempo. H\u00e1 muito tira e bota, o que \u00e9 ruim para a empresa e para o profissional\u201d, diz Renata. Por isso, a Associa\u00e7\u00e3o oferece \u00e0s empresas cursos e oficinas para gestores e funcion\u00e1rios, como forma de sensibiliz\u00e1-los, promovendo a inclus\u00e3o das pessoas com defici\u00eancia. A empresa que desejar \u00e9 s\u00f3 entrar em contato com a Elos da Vida.<\/p>\n<p>A Associa\u00e7\u00e3o, com sede na Rua Afonso Celso, 430, Aldeota, em Fortaleza, atende 80 crian\u00e7as, jovens e adultos em seus v\u00e1rios projetos. J\u00e1 a Companhia de Dan\u00e7a conta hoje com 20 integrantes e est\u00e1 montando o espet\u00e1culo Roda da Vida. Nesses anos, a entidade \u00e9 mantida atrav\u00e9s de pr\u00eamios, conv\u00eanios e parcerias (Secretaria do Trabalho e Desenvolvimento Social, Secretaria Municipal de Assist\u00eancia Social, Instituto Cooperforte, Funda\u00e7\u00e3o Beto Studart, UNIMED, e Coelce) e doa\u00e7\u00f5es. Qualquer pessoa da sociedade que deseje doar roupas de dan\u00e7a, cadeiras de roda, alimentos ou aux\u00edlio financeiros pode entrar em contato com a coordena\u00e7\u00e3o.<\/p>\n<p>Mais informa\u00e7\u00f5es: Renata T\u00e1vora, Coordenadora da Associa\u00e7\u00e3o Elos da Vida \u2013 (fone: 85 3244 3536)<br \/>\nFonte: <a href=\"http:\/\/www.boanoticia.org.br\/noticias_detalhes.asp?Cod=3653\">Ag\u00eancia da Boa Not\u00edcia<\/a> \u2013 (fone: 85 3224 5509)<\/p>\n","protected":false},"excerpt":{"rendered":"<p>Neste in\u00edcio de ano, est\u00e1 com inscri\u00e7\u00f5es abertas para cursos profissionalizantes e vai intensificar a sensibiliza\u00e7\u00e3o nas empresas para que contratem e mantenham pessoas com defici\u00eancia nos postos de trabalho. Da Ag\u00eancia da Boa Not\u00edcia<\/p>\n","protected":false},"author":1,"featured_media":0,"comment_status":"open","ping_status":"open","sticky":false,"template":"","format":"standard","meta":{"site-container-style":"default","site-container-layout":"default","site-sidebar-layout":"default","disable-article-header":"default","disable-site-header":"default","disable-site-footer":"default","disable-content-area-spacing":"default","footnotes":""},"categories":[38,48,46,4],"tags":[],"class_list":["post-21978","post","type-post","status-publish","format-standard","hentry","category-deficiencia","category-inclusao","category-mercado-de-trabalho","category-noticias"],"yoast_head":"<!-- This site is optimized with the Yoast SEO plugin v27.4 - https:\/\/yoast.com\/product\/yoast-seo-wordpress\/ -->\n<title>Associa\u00e7\u00e3o Elos da Vida sensibiliza empresas para inclus\u00e3o de pessoas com defici\u00eancia -<\/title>\n<meta name=\"robots\" content=\"index, follow, max-snippet:-1, max-image-preview:large, max-video-preview:-1\" \/>\n<link rel=\"canonical\" href=\"https:\/\/inclusivenews.com.br\/?p=21978\" \/>\n<meta property=\"og:locale\" content=\"pt_PT\" \/>\n<meta property=\"og:type\" content=\"article\" \/>\n<meta property=\"og:title\" content=\"Associa\u00e7\u00e3o Elos da Vida sensibiliza empresas para inclus\u00e3o de pessoas com defici\u00eancia -\" \/>\n<meta property=\"og:description\" content=\"Neste in\u00edcio de ano, est\u00e1 com inscri\u00e7\u00f5es abertas para cursos profissionalizantes e vai intensificar a sensibiliza\u00e7\u00e3o nas empresas para que contratem e mantenham pessoas com defici\u00eancia nos postos de trabalho. Da Ag\u00eancia da Boa Not\u00edcia\" \/>\n<meta property=\"og:url\" content=\"https:\/\/inclusivenews.com.br\/?p=21978\" \/>\n<meta property=\"article:publisher\" content=\"https:\/\/www.facebook.com\/agenciainclusive\/\" \/>\n<meta property=\"article:published_time\" content=\"2012-02-06T20:15:06+00:00\" \/>\n<meta property=\"og:image\" content=\"http:\/\/www.boanoticia.org.br\/arquivos\/Image\/noticias\/dancasobrerodas.JPG\" \/>\n<meta name=\"author\" content=\"inclusivenews2024\" \/>\n<meta name=\"twitter:card\" content=\"summary_large_image\" \/>\n<meta name=\"twitter:label1\" content=\"Escrito por\" \/>\n\t<meta name=\"twitter:data1\" content=\"inclusivenews2024\" \/>\n\t<meta name=\"twitter:label2\" content=\"Tempo estimado de leitura\" \/>\n\t<meta name=\"twitter:data2\" content=\"2 minutos\" \/>\n<script type=\"application\/ld+json\" class=\"yoast-schema-graph\">{\"@context\":\"https:\\\/\\\/schema.org\",\"@graph\":[{\"@type\":\"Article\",\"@id\":\"https:\\\/\\\/inclusivenews.com.br\\\/?p=21978#article\",\"isPartOf\":{\"@id\":\"https:\\\/\\\/inclusivenews.com.br\\\/?p=21978\"},\"author\":{\"name\":\"inclusivenews2024\",\"@id\":\"https:\\\/\\\/inclusivenews.com.br\\\/#\\\/schema\\\/person\\\/ae4ec7087559b8692fb33b6fffd2273b\"},\"headline\":\"Associa\u00e7\u00e3o Elos da Vida sensibiliza empresas para inclus\u00e3o de pessoas com defici\u00eancia\",\"datePublished\":\"2012-02-06T20:15:06+00:00\",\"mainEntityOfPage\":{\"@id\":\"https:\\\/\\\/inclusivenews.com.br\\\/?p=21978\"},\"wordCount\":485,\"commentCount\":1,\"publisher\":{\"@id\":\"https:\\\/\\\/inclusivenews.com.br\\\/#organization\"},\"image\":{\"@id\":\"https:\\\/\\\/inclusivenews.com.br\\\/?p=21978#primaryimage\"},\"thumbnailUrl\":\"http:\\\/\\\/www.boanoticia.org.br\\\/arquivos\\\/Image\\\/noticias\\\/dancasobrerodas.JPG\",\"articleSection\":[\"Defici\u00eancia\",\"INCLUS\u00c3O SOCIAL\",\"Mercado de Trabalho\",\"NOT\u00cdCIAS\"],\"inLanguage\":\"pt-PT\",\"potentialAction\":[{\"@type\":\"CommentAction\",\"name\":\"Comment\",\"target\":[\"https:\\\/\\\/inclusivenews.com.br\\\/?p=21978#respond\"]}]},{\"@type\":\"WebPage\",\"@id\":\"https:\\\/\\\/inclusivenews.com.br\\\/?p=21978\",\"url\":\"https:\\\/\\\/inclusivenews.com.br\\\/?p=21978\",\"name\":\"Associa\u00e7\u00e3o Elos da Vida sensibiliza empresas para inclus\u00e3o de pessoas com defici\u00eancia -\",\"isPartOf\":{\"@id\":\"https:\\\/\\\/inclusivenews.com.br\\\/#website\"},\"primaryImageOfPage\":{\"@id\":\"https:\\\/\\\/inclusivenews.com.br\\\/?p=21978#primaryimage\"},\"image\":{\"@id\":\"https:\\\/\\\/inclusivenews.com.br\\\/?p=21978#primaryimage\"},\"thumbnailUrl\":\"http:\\\/\\\/www.boanoticia.org.br\\\/arquivos\\\/Image\\\/noticias\\\/dancasobrerodas.JPG\",\"datePublished\":\"2012-02-06T20:15:06+00:00\",\"breadcrumb\":{\"@id\":\"https:\\\/\\\/inclusivenews.com.br\\\/?p=21978#breadcrumb\"},\"inLanguage\":\"pt-PT\",\"potentialAction\":[{\"@type\":\"ReadAction\",\"target\":[\"https:\\\/\\\/inclusivenews.com.br\\\/?p=21978\"]}]},{\"@type\":\"ImageObject\",\"inLanguage\":\"pt-PT\",\"@id\":\"https:\\\/\\\/inclusivenews.com.br\\\/?p=21978#primaryimage\",\"url\":\"http:\\\/\\\/www.boanoticia.org.br\\\/arquivos\\\/Image\\\/noticias\\\/dancasobrerodas.JPG\",\"contentUrl\":\"http:\\\/\\\/www.boanoticia.org.br\\\/arquivos\\\/Image\\\/noticias\\\/dancasobrerodas.JPG\"},{\"@type\":\"BreadcrumbList\",\"@id\":\"https:\\\/\\\/inclusivenews.com.br\\\/?p=21978#breadcrumb\",\"itemListElement\":[{\"@type\":\"ListItem\",\"position\":1,\"name\":\"In\u00edcio\",\"item\":\"https:\\\/\\\/inclusivenews.com.br\\\/\"},{\"@type\":\"ListItem\",\"position\":2,\"name\":\"Associa\u00e7\u00e3o Elos da Vida sensibiliza empresas para inclus\u00e3o de pessoas com defici\u00eancia\"}]},{\"@type\":\"WebSite\",\"@id\":\"https:\\\/\\\/inclusivenews.com.br\\\/#website\",\"url\":\"https:\\\/\\\/inclusivenews.com.br\\\/\",\"name\":\"Inclusive News\",\"description\":\"Inclusive News\",\"publisher\":{\"@id\":\"https:\\\/\\\/inclusivenews.com.br\\\/#organization\"},\"potentialAction\":[{\"@type\":\"SearchAction\",\"target\":{\"@type\":\"EntryPoint\",\"urlTemplate\":\"https:\\\/\\\/inclusivenews.com.br\\\/?s={search_term_string}\"},\"query-input\":{\"@type\":\"PropertyValueSpecification\",\"valueRequired\":true,\"valueName\":\"search_term_string\"}}],\"inLanguage\":\"pt-PT\"},{\"@type\":\"Organization\",\"@id\":\"https:\\\/\\\/inclusivenews.com.br\\\/#organization\",\"name\":\"Inclusive - inclus\u00e3o e cidadania\",\"url\":\"https:\\\/\\\/inclusivenews.com.br\\\/\",\"logo\":{\"@type\":\"ImageObject\",\"inLanguage\":\"pt-PT\",\"@id\":\"https:\\\/\\\/inclusivenews.com.br\\\/#\\\/schema\\\/logo\\\/image\\\/\",\"url\":\"https:\\\/\\\/inclusivenews.com.br\\\/wp-content\\\/uploads\\\/2024\\\/03\\\/@grandesite.png\",\"contentUrl\":\"https:\\\/\\\/inclusivenews.com.br\\\/wp-content\\\/uploads\\\/2024\\\/03\\\/@grandesite.png\",\"width\":1080,\"height\":1080,\"caption\":\"Inclusive - inclus\u00e3o e cidadania\"},\"image\":{\"@id\":\"https:\\\/\\\/inclusivenews.com.br\\\/#\\\/schema\\\/logo\\\/image\\\/\"},\"sameAs\":[\"https:\\\/\\\/www.facebook.com\\\/agenciainclusive\\\/\",\"https:\\\/\\\/www.instagram.com\\\/newsinclusive\\\/\"]},{\"@type\":\"Person\",\"@id\":\"https:\\\/\\\/inclusivenews.com.br\\\/#\\\/schema\\\/person\\\/ae4ec7087559b8692fb33b6fffd2273b\",\"name\":\"inclusivenews2024\",\"image\":{\"@type\":\"ImageObject\",\"inLanguage\":\"pt-PT\",\"@id\":\"https:\\\/\\\/secure.gravatar.com\\\/avatar\\\/c5a7ef84c66fa914f55bc4f7ce26cfa275a3b9a1c5568b907bd184fb4dde7b40?s=96&d=mm&r=g\",\"url\":\"https:\\\/\\\/secure.gravatar.com\\\/avatar\\\/c5a7ef84c66fa914f55bc4f7ce26cfa275a3b9a1c5568b907bd184fb4dde7b40?s=96&d=mm&r=g\",\"contentUrl\":\"https:\\\/\\\/secure.gravatar.com\\\/avatar\\\/c5a7ef84c66fa914f55bc4f7ce26cfa275a3b9a1c5568b907bd184fb4dde7b40?s=96&d=mm&r=g\",\"caption\":\"inclusivenews2024\"},\"sameAs\":[\"https:\\\/\\\/inclusivenews.com.br\"],\"url\":\"https:\\\/\\\/inclusivenews.com.br\\\/?author=1\"}]}<\/script>\n<!-- \/ Yoast SEO plugin. -->","yoast_head_json":{"title":"Associa\u00e7\u00e3o Elos da Vida sensibiliza empresas para inclus\u00e3o de pessoas com defici\u00eancia -","robots":{"index":"index","follow":"follow","max-snippet":"max-snippet:-1","max-image-preview":"max-image-preview:large","max-video-preview":"max-video-preview:-1"},"canonical":"https:\/\/inclusivenews.com.br\/?p=21978","og_locale":"pt_PT","og_type":"article","og_title":"Associa\u00e7\u00e3o Elos da Vida sensibiliza empresas para inclus\u00e3o de pessoas com defici\u00eancia -","og_description":"Neste in\u00edcio de ano, est\u00e1 com inscri\u00e7\u00f5es abertas para cursos profissionalizantes e vai intensificar a sensibiliza\u00e7\u00e3o nas empresas para que contratem e mantenham pessoas com defici\u00eancia nos postos de trabalho. Da Ag\u00eancia da Boa Not\u00edcia","og_url":"https:\/\/inclusivenews.com.br\/?p=21978","article_publisher":"https:\/\/www.facebook.com\/agenciainclusive\/","article_published_time":"2012-02-06T20:15:06+00:00","og_image":[{"url":"http:\/\/www.boanoticia.org.br\/arquivos\/Image\/noticias\/dancasobrerodas.JPG","type":"","width":"","height":""}],"author":"inclusivenews2024","twitter_card":"summary_large_image","twitter_misc":{"Escrito por":"inclusivenews2024","Tempo estimado de leitura":"2 minutos"},"schema":{"@context":"https:\/\/schema.org","@graph":[{"@type":"Article","@id":"https:\/\/inclusivenews.com.br\/?p=21978#article","isPartOf":{"@id":"https:\/\/inclusivenews.com.br\/?p=21978"},"author":{"name":"inclusivenews2024","@id":"https:\/\/inclusivenews.com.br\/#\/schema\/person\/ae4ec7087559b8692fb33b6fffd2273b"},"headline":"Associa\u00e7\u00e3o Elos da Vida sensibiliza empresas para inclus\u00e3o de pessoas com defici\u00eancia","datePublished":"2012-02-06T20:15:06+00:00","mainEntityOfPage":{"@id":"https:\/\/inclusivenews.com.br\/?p=21978"},"wordCount":485,"commentCount":1,"publisher":{"@id":"https:\/\/inclusivenews.com.br\/#organization"},"image":{"@id":"https:\/\/inclusivenews.com.br\/?p=21978#primaryimage"},"thumbnailUrl":"http:\/\/www.boanoticia.org.br\/arquivos\/Image\/noticias\/dancasobrerodas.JPG","articleSection":["Defici\u00eancia","INCLUS\u00c3O SOCIAL","Mercado de Trabalho","NOT\u00cdCIAS"],"inLanguage":"pt-PT","potentialAction":[{"@type":"CommentAction","name":"Comment","target":["https:\/\/inclusivenews.com.br\/?p=21978#respond"]}]},{"@type":"WebPage","@id":"https:\/\/inclusivenews.com.br\/?p=21978","url":"https:\/\/inclusivenews.com.br\/?p=21978","name":"Associa\u00e7\u00e3o Elos da Vida sensibiliza empresas para inclus\u00e3o de pessoas com defici\u00eancia -","isPartOf":{"@id":"https:\/\/inclusivenews.com.br\/#website"},"primaryImageOfPage":{"@id":"https:\/\/inclusivenews.com.br\/?p=21978#primaryimage"},"image":{"@id":"https:\/\/inclusivenews.com.br\/?p=21978#primaryimage"},"thumbnailUrl":"http:\/\/www.boanoticia.org.br\/arquivos\/Image\/noticias\/dancasobrerodas.JPG","datePublished":"2012-02-06T20:15:06+00:00","breadcrumb":{"@id":"https:\/\/inclusivenews.com.br\/?p=21978#breadcrumb"},"inLanguage":"pt-PT","potentialAction":[{"@type":"ReadAction","target":["https:\/\/inclusivenews.com.br\/?p=21978"]}]},{"@type":"ImageObject","inLanguage":"pt-PT","@id":"https:\/\/inclusivenews.com.br\/?p=21978#primaryimage","url":"http:\/\/www.boanoticia.org.br\/arquivos\/Image\/noticias\/dancasobrerodas.JPG","contentUrl":"http:\/\/www.boanoticia.org.br\/arquivos\/Image\/noticias\/dancasobrerodas.JPG"},{"@type":"BreadcrumbList","@id":"https:\/\/inclusivenews.com.br\/?p=21978#breadcrumb","itemListElement":[{"@type":"ListItem","position":1,"name":"In\u00edcio","item":"https:\/\/inclusivenews.com.br\/"},{"@type":"ListItem","position":2,"name":"Associa\u00e7\u00e3o Elos da Vida sensibiliza empresas para inclus\u00e3o de pessoas com defici\u00eancia"}]},{"@type":"WebSite","@id":"https:\/\/inclusivenews.com.br\/#website","url":"https:\/\/inclusivenews.com.br\/","name":"Inclusive News","description":"Inclusive News","publisher":{"@id":"https:\/\/inclusivenews.com.br\/#organization"},"potentialAction":[{"@type":"SearchAction","target":{"@type":"EntryPoint","urlTemplate":"https:\/\/inclusivenews.com.br\/?s={search_term_string}"},"query-input":{"@type":"PropertyValueSpecification","valueRequired":true,"valueName":"search_term_string"}}],"inLanguage":"pt-PT"},{"@type":"Organization","@id":"https:\/\/inclusivenews.com.br\/#organization","name":"Inclusive - inclus\u00e3o e cidadania","url":"https:\/\/inclusivenews.com.br\/","logo":{"@type":"ImageObject","inLanguage":"pt-PT","@id":"https:\/\/inclusivenews.com.br\/#\/schema\/logo\/image\/","url":"https:\/\/inclusivenews.com.br\/wp-content\/uploads\/2024\/03\/@grandesite.png","contentUrl":"https:\/\/inclusivenews.com.br\/wp-content\/uploads\/2024\/03\/@grandesite.png","width":1080,"height":1080,"caption":"Inclusive - inclus\u00e3o e cidadania"},"image":{"@id":"https:\/\/inclusivenews.com.br\/#\/schema\/logo\/image\/"},"sameAs":["https:\/\/www.facebook.com\/agenciainclusive\/","https:\/\/www.instagram.com\/newsinclusive\/"]},{"@type":"Person","@id":"https:\/\/inclusivenews.com.br\/#\/schema\/person\/ae4ec7087559b8692fb33b6fffd2273b","name":"inclusivenews2024","image":{"@type":"ImageObject","inLanguage":"pt-PT","@id":"https:\/\/secure.gravatar.com\/avatar\/c5a7ef84c66fa914f55bc4f7ce26cfa275a3b9a1c5568b907bd184fb4dde7b40?s=96&d=mm&r=g","url":"https:\/\/secure.gravatar.com\/avatar\/c5a7ef84c66fa914f55bc4f7ce26cfa275a3b9a1c5568b907bd184fb4dde7b40?s=96&d=mm&r=g","contentUrl":"https:\/\/secure.gravatar.com\/avatar\/c5a7ef84c66fa914f55bc4f7ce26cfa275a3b9a1c5568b907bd184fb4dde7b40?s=96&d=mm&r=g","caption":"inclusivenews2024"},"sameAs":["https:\/\/inclusivenews.com.br"],"url":"https:\/\/inclusivenews.com.br\/?author=1"}]}},"_links":{"self":[{"href":"https:\/\/inclusivenews.com.br\/index.php?rest_route=\/wp\/v2\/posts\/21978","targetHints":{"allow":["GET"]}}],"collection":[{"href":"https:\/\/inclusivenews.com.br\/index.php?rest_route=\/wp\/v2\/posts"}],"about":[{"href":"https:\/\/inclusivenews.com.br\/index.php?rest_route=\/wp\/v2\/types\/post"}],"author":[{"embeddable":true,"href":"https:\/\/inclusivenews.com.br\/index.php?rest_route=\/wp\/v2\/users\/1"}],"replies":[{"embeddable":true,"href":"https:\/\/inclusivenews.com.br\/index.php?rest_route=%2Fwp%2Fv2%2Fcomments&post=21978"}],"version-history":[{"count":0,"href":"https:\/\/inclusivenews.com.br\/index.php?rest_route=\/wp\/v2\/posts\/21978\/revisions"}],"wp:attachment":[{"href":"https:\/\/inclusivenews.com.br\/index.php?rest_route=%2Fwp%2Fv2%2Fmedia&parent=21978"}],"wp:term":[{"taxonomy":"category","embeddable":true,"href":"https:\/\/inclusivenews.com.br\/index.php?rest_route=%2Fwp%2Fv2%2Fcategories&post=21978"},{"taxonomy":"post_tag","embeddable":true,"href":"https:\/\/inclusivenews.com.br\/index.php?rest_route=%2Fwp%2Fv2%2Ftags&post=21978"}],"curies":[{"name":"wp","href":"https:\/\/api.w.org\/{rel}","templated":true}]}}