{"id":22021,"date":"2012-02-14T16:52:38","date_gmt":"2012-02-14T19:52:38","guid":{"rendered":"http:\/\/www.inclusive.org.br\/?p=22021"},"modified":"2012-02-14T16:52:38","modified_gmt":"2012-02-14T19:52:38","slug":"senta-que-eu-empurro","status":"publish","type":"post","link":"https:\/\/inclusivenews.com.br\/?p=22021","title":{"rendered":"Senta Que Eu Empurro"},"content":{"rendered":"<p><a rel=\"attachment wp-att-22027\" href=\"http:\/\/www.inclusive.org.br\/?attachment_id=22027\"><img loading=\"lazy\" decoding=\"async\" class=\"alignnone size-medium wp-image-22027\" title=\"Senta que eu empurro 3\" src=\"http:\/\/inclusivenews.com.br\/wp-content\/uploads\/Senta-que-eu-empurro-3-272x300.jpg\" alt=\"Um foli\u00e3o cego de m\u00e3os com uma foli\u00e3 cadeirante\" width=\"272\" height=\"300\" \/><\/a><\/p>\n<p>Senta Que Eu Empurro<br \/>\nO Bloco de Carnaval que transborda alegria!!!<\/p>\n<p>Venha participar!!!<\/p>\n<p>Dia: 17 de fevereiro (sexta-feira)<br \/>\nHora da Concentra\u00e7\u00e3o: 17 horas<br \/>\nLocal da Concentra\u00e7\u00e3o: Rua Artur Bernardes em frente ao n\u00ba 26 \u2013 Catete \u2013 Rio de Janeiro<br \/>\nHora da Sa\u00edda: 20 horas<br \/>\nPercurso: Rua Artur Bernardes, pequeno trecho da Rua Bento Lisboa, Rua Dois de Dezembro, finalizando em frente ao Restaurante Para\u00edso do Chopp.<\/p>\n<p>As camisetas j\u00e1 est\u00e3o \u00e0 venda, fa\u00e7a sua reserva!!!<br \/>\nValor da Camiseta: R$ 15,00<br \/>\nInforma\u00e7\u00f5es: sentaqueeuempurro@gmail.com<\/p>\n","protected":false},"excerpt":{"rendered":"<p>Senta Que Eu Empurro &#8211; O Bloco de Carnaval que transborda alegria!!! Dia 17 de fevereiro, Rua Artur Bernardes em frente ao n\u00ba 26 \u2013 Catete \u2013 Rio de Janeiro.<\/p>\n","protected":false},"author":1,"featured_media":0,"comment_status":"open","ping_status":"open","sticky":false,"template":"","format":"standard","meta":{"site-container-style":"default","site-container-layout":"default","site-sidebar-layout":"default","disable-article-header":"default","disable-site-header":"default","disable-site-footer":"default","disable-content-area-spacing":"default","footnotes":""},"categories":[4],"tags":[],"class_list":["post-22021","post","type-post","status-publish","format-standard","hentry","category-noticias"],"yoast_head":"<!-- This site is optimized with the Yoast SEO plugin v27.4 - https:\/\/yoast.com\/product\/yoast-seo-wordpress\/ -->\n<title>Senta Que Eu Empurro -<\/title>\n<meta name=\"robots\" content=\"index, follow, max-snippet:-1, max-image-preview:large, max-video-preview:-1\" \/>\n<link rel=\"canonical\" href=\"https:\/\/inclusivenews.com.br\/?p=22021\" \/>\n<meta property=\"og:locale\" content=\"pt_PT\" \/>\n<meta property=\"og:type\" content=\"article\" \/>\n<meta property=\"og:title\" content=\"Senta Que Eu Empurro -\" \/>\n<meta property=\"og:description\" content=\"Senta Que Eu Empurro - O Bloco de Carnaval que transborda alegria!!! Dia 17 de fevereiro, Rua Artur Bernardes em frente ao n\u00ba 26 \u2013 Catete \u2013 Rio de Janeiro.\" \/>\n<meta property=\"og:url\" content=\"https:\/\/inclusivenews.com.br\/?p=22021\" \/>\n<meta property=\"article:publisher\" content=\"https:\/\/www.facebook.com\/agenciainclusive\/\" \/>\n<meta property=\"article:published_time\" content=\"2012-02-14T19:52:38+00:00\" \/>\n<meta property=\"og:image\" content=\"http:\/\/inclusivenews.com.br\/wp-content\/uploads\/Senta-que-eu-empurro-3-272x300.jpg\" \/>\n<meta name=\"author\" content=\"inclusivenews2024\" \/>\n<meta name=\"twitter:card\" content=\"summary_large_image\" \/>\n<meta name=\"twitter:label1\" content=\"Escrito por\" \/>\n\t<meta name=\"twitter:data1\" content=\"inclusivenews2024\" \/>\n<script type=\"application\/ld+json\" class=\"yoast-schema-graph\">{\"@context\":\"https:\\\/\\\/schema.org\",\"@graph\":[{\"@type\":\"Article\",\"@id\":\"https:\\\/\\\/inclusivenews.com.br\\\/?p=22021#article\",\"isPartOf\":{\"@id\":\"https:\\\/\\\/inclusivenews.com.br\\\/?p=22021\"},\"author\":{\"name\":\"inclusivenews2024\",\"@id\":\"https:\\\/\\\/inclusivenews.com.br\\\/#\\\/schema\\\/person\\\/ae4ec7087559b8692fb33b6fffd2273b\"},\"headline\":\"Senta Que Eu Empurro\",\"datePublished\":\"2012-02-14T19:52:38+00:00\",\"mainEntityOfPage\":{\"@id\":\"https:\\\/\\\/inclusivenews.com.br\\\/?p=22021\"},\"wordCount\":88,\"commentCount\":0,\"publisher\":{\"@id\":\"https:\\\/\\\/inclusivenews.com.br\\\/#organization\"},\"image\":{\"@id\":\"https:\\\/\\\/inclusivenews.com.br\\\/?p=22021#primaryimage\"},\"thumbnailUrl\":\"http:\\\/\\\/inclusivenews.com.br\\\/wp-content\\\/uploads\\\/Senta-que-eu-empurro-3-272x300.jpg\",\"articleSection\":[\"NOT\u00cdCIAS\"],\"inLanguage\":\"pt-PT\",\"potentialAction\":[{\"@type\":\"CommentAction\",\"name\":\"Comment\",\"target\":[\"https:\\\/\\\/inclusivenews.com.br\\\/?p=22021#respond\"]}]},{\"@type\":\"WebPage\",\"@id\":\"https:\\\/\\\/inclusivenews.com.br\\\/?p=22021\",\"url\":\"https:\\\/\\\/inclusivenews.com.br\\\/?p=22021\",\"name\":\"Senta Que Eu Empurro -\",\"isPartOf\":{\"@id\":\"https:\\\/\\\/inclusivenews.com.br\\\/#website\"},\"primaryImageOfPage\":{\"@id\":\"https:\\\/\\\/inclusivenews.com.br\\\/?p=22021#primaryimage\"},\"image\":{\"@id\":\"https:\\\/\\\/inclusivenews.com.br\\\/?p=22021#primaryimage\"},\"thumbnailUrl\":\"http:\\\/\\\/inclusivenews.com.br\\\/wp-content\\\/uploads\\\/Senta-que-eu-empurro-3-272x300.jpg\",\"datePublished\":\"2012-02-14T19:52:38+00:00\",\"breadcrumb\":{\"@id\":\"https:\\\/\\\/inclusivenews.com.br\\\/?p=22021#breadcrumb\"},\"inLanguage\":\"pt-PT\",\"potentialAction\":[{\"@type\":\"ReadAction\",\"target\":[\"https:\\\/\\\/inclusivenews.com.br\\\/?p=22021\"]}]},{\"@type\":\"ImageObject\",\"inLanguage\":\"pt-PT\",\"@id\":\"https:\\\/\\\/inclusivenews.com.br\\\/?p=22021#primaryimage\",\"url\":\"\",\"contentUrl\":\"\"},{\"@type\":\"BreadcrumbList\",\"@id\":\"https:\\\/\\\/inclusivenews.com.br\\\/?p=22021#breadcrumb\",\"itemListElement\":[{\"@type\":\"ListItem\",\"position\":1,\"name\":\"In\u00edcio\",\"item\":\"https:\\\/\\\/inclusivenews.com.br\\\/\"},{\"@type\":\"ListItem\",\"position\":2,\"name\":\"Senta Que Eu Empurro\"}]},{\"@type\":\"WebSite\",\"@id\":\"https:\\\/\\\/inclusivenews.com.br\\\/#website\",\"url\":\"https:\\\/\\\/inclusivenews.com.br\\\/\",\"name\":\"Inclusive News\",\"description\":\"Inclusive News\",\"publisher\":{\"@id\":\"https:\\\/\\\/inclusivenews.com.br\\\/#organization\"},\"potentialAction\":[{\"@type\":\"SearchAction\",\"target\":{\"@type\":\"EntryPoint\",\"urlTemplate\":\"https:\\\/\\\/inclusivenews.com.br\\\/?s={search_term_string}\"},\"query-input\":{\"@type\":\"PropertyValueSpecification\",\"valueRequired\":true,\"valueName\":\"search_term_string\"}}],\"inLanguage\":\"pt-PT\"},{\"@type\":\"Organization\",\"@id\":\"https:\\\/\\\/inclusivenews.com.br\\\/#organization\",\"name\":\"Inclusive - inclus\u00e3o e cidadania\",\"url\":\"https:\\\/\\\/inclusivenews.com.br\\\/\",\"logo\":{\"@type\":\"ImageObject\",\"inLanguage\":\"pt-PT\",\"@id\":\"https:\\\/\\\/inclusivenews.com.br\\\/#\\\/schema\\\/logo\\\/image\\\/\",\"url\":\"https:\\\/\\\/inclusivenews.com.br\\\/wp-content\\\/uploads\\\/2024\\\/03\\\/@grandesite.png\",\"contentUrl\":\"https:\\\/\\\/inclusivenews.com.br\\\/wp-content\\\/uploads\\\/2024\\\/03\\\/@grandesite.png\",\"width\":1080,\"height\":1080,\"caption\":\"Inclusive - inclus\u00e3o e cidadania\"},\"image\":{\"@id\":\"https:\\\/\\\/inclusivenews.com.br\\\/#\\\/schema\\\/logo\\\/image\\\/\"},\"sameAs\":[\"https:\\\/\\\/www.facebook.com\\\/agenciainclusive\\\/\",\"https:\\\/\\\/www.instagram.com\\\/newsinclusive\\\/\"]},{\"@type\":\"Person\",\"@id\":\"https:\\\/\\\/inclusivenews.com.br\\\/#\\\/schema\\\/person\\\/ae4ec7087559b8692fb33b6fffd2273b\",\"name\":\"inclusivenews2024\",\"image\":{\"@type\":\"ImageObject\",\"inLanguage\":\"pt-PT\",\"@id\":\"https:\\\/\\\/secure.gravatar.com\\\/avatar\\\/c5a7ef84c66fa914f55bc4f7ce26cfa275a3b9a1c5568b907bd184fb4dde7b40?s=96&d=mm&r=g\",\"url\":\"https:\\\/\\\/secure.gravatar.com\\\/avatar\\\/c5a7ef84c66fa914f55bc4f7ce26cfa275a3b9a1c5568b907bd184fb4dde7b40?s=96&d=mm&r=g\",\"contentUrl\":\"https:\\\/\\\/secure.gravatar.com\\\/avatar\\\/c5a7ef84c66fa914f55bc4f7ce26cfa275a3b9a1c5568b907bd184fb4dde7b40?s=96&d=mm&r=g\",\"caption\":\"inclusivenews2024\"},\"sameAs\":[\"https:\\\/\\\/inclusivenews.com.br\"],\"url\":\"https:\\\/\\\/inclusivenews.com.br\\\/?author=1\"}]}<\/script>\n<!-- \/ Yoast SEO plugin. -->","yoast_head_json":{"title":"Senta Que Eu Empurro -","robots":{"index":"index","follow":"follow","max-snippet":"max-snippet:-1","max-image-preview":"max-image-preview:large","max-video-preview":"max-video-preview:-1"},"canonical":"https:\/\/inclusivenews.com.br\/?p=22021","og_locale":"pt_PT","og_type":"article","og_title":"Senta Que Eu Empurro -","og_description":"Senta Que Eu Empurro - O Bloco de Carnaval que transborda alegria!!! Dia 17 de fevereiro, Rua Artur Bernardes em frente ao n\u00ba 26 \u2013 Catete \u2013 Rio de Janeiro.","og_url":"https:\/\/inclusivenews.com.br\/?p=22021","article_publisher":"https:\/\/www.facebook.com\/agenciainclusive\/","article_published_time":"2012-02-14T19:52:38+00:00","og_image":[{"url":"http:\/\/inclusivenews.com.br\/wp-content\/uploads\/Senta-que-eu-empurro-3-272x300.jpg","type":"","width":"","height":""}],"author":"inclusivenews2024","twitter_card":"summary_large_image","twitter_misc":{"Escrito por":"inclusivenews2024"},"schema":{"@context":"https:\/\/schema.org","@graph":[{"@type":"Article","@id":"https:\/\/inclusivenews.com.br\/?p=22021#article","isPartOf":{"@id":"https:\/\/inclusivenews.com.br\/?p=22021"},"author":{"name":"inclusivenews2024","@id":"https:\/\/inclusivenews.com.br\/#\/schema\/person\/ae4ec7087559b8692fb33b6fffd2273b"},"headline":"Senta Que Eu Empurro","datePublished":"2012-02-14T19:52:38+00:00","mainEntityOfPage":{"@id":"https:\/\/inclusivenews.com.br\/?p=22021"},"wordCount":88,"commentCount":0,"publisher":{"@id":"https:\/\/inclusivenews.com.br\/#organization"},"image":{"@id":"https:\/\/inclusivenews.com.br\/?p=22021#primaryimage"},"thumbnailUrl":"http:\/\/inclusivenews.com.br\/wp-content\/uploads\/Senta-que-eu-empurro-3-272x300.jpg","articleSection":["NOT\u00cdCIAS"],"inLanguage":"pt-PT","potentialAction":[{"@type":"CommentAction","name":"Comment","target":["https:\/\/inclusivenews.com.br\/?p=22021#respond"]}]},{"@type":"WebPage","@id":"https:\/\/inclusivenews.com.br\/?p=22021","url":"https:\/\/inclusivenews.com.br\/?p=22021","name":"Senta Que Eu Empurro -","isPartOf":{"@id":"https:\/\/inclusivenews.com.br\/#website"},"primaryImageOfPage":{"@id":"https:\/\/inclusivenews.com.br\/?p=22021#primaryimage"},"image":{"@id":"https:\/\/inclusivenews.com.br\/?p=22021#primaryimage"},"thumbnailUrl":"http:\/\/inclusivenews.com.br\/wp-content\/uploads\/Senta-que-eu-empurro-3-272x300.jpg","datePublished":"2012-02-14T19:52:38+00:00","breadcrumb":{"@id":"https:\/\/inclusivenews.com.br\/?p=22021#breadcrumb"},"inLanguage":"pt-PT","potentialAction":[{"@type":"ReadAction","target":["https:\/\/inclusivenews.com.br\/?p=22021"]}]},{"@type":"ImageObject","inLanguage":"pt-PT","@id":"https:\/\/inclusivenews.com.br\/?p=22021#primaryimage","url":"","contentUrl":""},{"@type":"BreadcrumbList","@id":"https:\/\/inclusivenews.com.br\/?p=22021#breadcrumb","itemListElement":[{"@type":"ListItem","position":1,"name":"In\u00edcio","item":"https:\/\/inclusivenews.com.br\/"},{"@type":"ListItem","position":2,"name":"Senta Que Eu Empurro"}]},{"@type":"WebSite","@id":"https:\/\/inclusivenews.com.br\/#website","url":"https:\/\/inclusivenews.com.br\/","name":"Inclusive News","description":"Inclusive News","publisher":{"@id":"https:\/\/inclusivenews.com.br\/#organization"},"potentialAction":[{"@type":"SearchAction","target":{"@type":"EntryPoint","urlTemplate":"https:\/\/inclusivenews.com.br\/?s={search_term_string}"},"query-input":{"@type":"PropertyValueSpecification","valueRequired":true,"valueName":"search_term_string"}}],"inLanguage":"pt-PT"},{"@type":"Organization","@id":"https:\/\/inclusivenews.com.br\/#organization","name":"Inclusive - inclus\u00e3o e cidadania","url":"https:\/\/inclusivenews.com.br\/","logo":{"@type":"ImageObject","inLanguage":"pt-PT","@id":"https:\/\/inclusivenews.com.br\/#\/schema\/logo\/image\/","url":"https:\/\/inclusivenews.com.br\/wp-content\/uploads\/2024\/03\/@grandesite.png","contentUrl":"https:\/\/inclusivenews.com.br\/wp-content\/uploads\/2024\/03\/@grandesite.png","width":1080,"height":1080,"caption":"Inclusive - inclus\u00e3o e cidadania"},"image":{"@id":"https:\/\/inclusivenews.com.br\/#\/schema\/logo\/image\/"},"sameAs":["https:\/\/www.facebook.com\/agenciainclusive\/","https:\/\/www.instagram.com\/newsinclusive\/"]},{"@type":"Person","@id":"https:\/\/inclusivenews.com.br\/#\/schema\/person\/ae4ec7087559b8692fb33b6fffd2273b","name":"inclusivenews2024","image":{"@type":"ImageObject","inLanguage":"pt-PT","@id":"https:\/\/secure.gravatar.com\/avatar\/c5a7ef84c66fa914f55bc4f7ce26cfa275a3b9a1c5568b907bd184fb4dde7b40?s=96&d=mm&r=g","url":"https:\/\/secure.gravatar.com\/avatar\/c5a7ef84c66fa914f55bc4f7ce26cfa275a3b9a1c5568b907bd184fb4dde7b40?s=96&d=mm&r=g","contentUrl":"https:\/\/secure.gravatar.com\/avatar\/c5a7ef84c66fa914f55bc4f7ce26cfa275a3b9a1c5568b907bd184fb4dde7b40?s=96&d=mm&r=g","caption":"inclusivenews2024"},"sameAs":["https:\/\/inclusivenews.com.br"],"url":"https:\/\/inclusivenews.com.br\/?author=1"}]}},"_links":{"self":[{"href":"https:\/\/inclusivenews.com.br\/index.php?rest_route=\/wp\/v2\/posts\/22021","targetHints":{"allow":["GET"]}}],"collection":[{"href":"https:\/\/inclusivenews.com.br\/index.php?rest_route=\/wp\/v2\/posts"}],"about":[{"href":"https:\/\/inclusivenews.com.br\/index.php?rest_route=\/wp\/v2\/types\/post"}],"author":[{"embeddable":true,"href":"https:\/\/inclusivenews.com.br\/index.php?rest_route=\/wp\/v2\/users\/1"}],"replies":[{"embeddable":true,"href":"https:\/\/inclusivenews.com.br\/index.php?rest_route=%2Fwp%2Fv2%2Fcomments&post=22021"}],"version-history":[{"count":0,"href":"https:\/\/inclusivenews.com.br\/index.php?rest_route=\/wp\/v2\/posts\/22021\/revisions"}],"wp:attachment":[{"href":"https:\/\/inclusivenews.com.br\/index.php?rest_route=%2Fwp%2Fv2%2Fmedia&parent=22021"}],"wp:term":[{"taxonomy":"category","embeddable":true,"href":"https:\/\/inclusivenews.com.br\/index.php?rest_route=%2Fwp%2Fv2%2Fcategories&post=22021"},{"taxonomy":"post_tag","embeddable":true,"href":"https:\/\/inclusivenews.com.br\/index.php?rest_route=%2Fwp%2Fv2%2Ftags&post=22021"}],"curies":[{"name":"wp","href":"https:\/\/api.w.org\/{rel}","templated":true}]}}