{"id":22101,"date":"2012-03-06T07:48:28","date_gmt":"2012-03-06T10:48:28","guid":{"rendered":"http:\/\/www.inclusive.org.br\/?p=22101"},"modified":"2012-03-06T07:48:28","modified_gmt":"2012-03-06T10:48:28","slug":"terceirizacao-submete-saude-publica-ao-mercado","status":"publish","type":"post","link":"https:\/\/inclusivenews.com.br\/?p=22101","title":{"rendered":"Terceiriza\u00e7\u00e3o submete sa\u00fade p\u00fablica ao mercado"},"content":{"rendered":"<p><a href=\"http:\/\/www.inclusivenews.com.br\/wp-content\/uploads\/2011\/04\/saude.jpg\"><img loading=\"lazy\" decoding=\"async\" class=\"alignleft size-full wp-image-19281\" title=\"Sa\u00fade - uma cruz vermelha feita por band-aids vermelhos.\" src=\"http:\/\/inclusivenews.com.br\/wp-content\/uploads\/2011\/04\/saude.jpg\" alt=\"Sa\u00fade - uma cruz vermelha feita por band-aids vermelhos.\" width=\"240\" height=\"180\" \/><\/a><\/p>\n<p>&#8220;Ah! Quanta espera, desde as frias madrugadas, pelo rem\u00e9dio para aliviar a dor! Este \u00e9 teu povo, em longas filas nas cal\u00e7adas, a mendigar pela sa\u00fade, meu Senhor!&#8221;<\/p>\n<p>O trecho acima faz parte do hino da <strong>Campanha da Fraternidade<\/strong> deste ano, cujo mote central \u00e9 a sa\u00fade p\u00fablica.<\/p>\n<p>\u00c9 a segunda vez que a Igreja Cat\u00f3lica elege o tema &#8211; a primeira foi em 1984.<\/p>\n<p>&#8220;A sa\u00fade vai muito mal do Brasil&#8221;, afirma o arcebispo de S\u00e3o Paulo, dom <strong>Odilo Pedro Scherer<\/strong>. O cardeal tamb\u00e9m critica as <strong>OS (Organiza\u00e7\u00f5es Sociais)<\/strong> em S\u00e3o Paulo.<\/p>\n<p>&#8220;Na medida em que se terceiriza os servi\u00e7os de sa\u00fade, vira com\u00e9rcio, eles acabam sendo submetidos \u00e0s leis de mercado&#8221;, afirma.<\/p>\n<p>A entrevista \u00e9 de <strong>Cl\u00e1udia Collucci<\/strong> e publicada pelo jornal <strong>Folha de S. Paulo<\/strong>, 05-03-2012.<\/p>\n<p>O arcebispo de S\u00e3o Paulo tamb\u00e9m comentou a not\u00edcia do nascimento de uma crian\u00e7a com a finalidade de doar c\u00e9lulas-tronco para a irm\u00e3 que sofre de uma doen\u00e7a hematol\u00f3gica. &#8220;N\u00e3o podemos aplicar de maneira irrestrita todas as possibilidades do conhecimento cient\u00edfico.&#8221;<\/p>\n<p><strong>Eis a entrevista.<\/strong><\/p>\n<p><strong>A sa\u00fade \u00e9 pela segunda vez tema da Campanha da Fraternidade. Agora, h\u00e1 c\u00e2nticos bem cr\u00edticos em rela\u00e7\u00e3o \u00e0 sa\u00fade p\u00fablica. A situa\u00e7\u00e3o piorou?<\/strong><\/p>\n<p>A primeira vez que abordamos o tema foi mais focado no doente. Agora, o olhar est\u00e1 voltado para o acesso aos servi\u00e7os, para as pol\u00edticas em sa\u00fade p\u00fablica, os atendimentos m\u00e9dicos e hospitalares, a falta de acesso a medicamentos. A situa\u00e7\u00e3o est\u00e1 muito s\u00e9ria na adequa\u00e7\u00e3o do <strong>SUS<\/strong>. Os pobres, que n\u00e3o t\u00eam possibilidade de ter plano de sa\u00fade, dependem de um sistema de sa\u00fade deficit\u00e1rio, que est\u00e1 longe de atender os requisitos b\u00e1sicos. A sa\u00fade vai muito mal no Brasil.<\/p>\n<p><strong>Anteontem, o Minist\u00e9rio da Sa\u00fade divulgou um relat\u00f3rio de avalia\u00e7\u00e3o do SUS em que a nota m\u00e9dia ficou em 5,4&#8230;<\/strong><\/p>\n<p>\u00c9, foi muito mal avaliado. N\u00e3o basta que poucos tenham condi\u00e7\u00f5es de ter acesso a \u00f3timos hospitais. \u00c9 uma quest\u00e3o de fraternidade, solidariedade, levantar a quest\u00e3o, reclamar, mostrar a situa\u00e7\u00e3o real nos grot\u00f5es do pa\u00eds, nas periferias das grandes cidades. E n\u00e3o \u00e9 s\u00f3 isso. A sa\u00fade p\u00fablica vive um processo de terceiriza\u00e7\u00e3o, de comercializa\u00e7\u00e3o.<\/p>\n<p><strong>O sr. se refere \u00e0s Organiza\u00e7\u00f5es Sociais em S\u00e3o Paulo?<\/strong><\/p>\n<p>Sim. Na medida em que se terceiriza os servi\u00e7os de sa\u00fade, vira com\u00e9rcio, eles acabam sendo submetidos \u00e0s leis de mercado. Isso pode comprometer o atendimento dos pacientes. Sa\u00fade \u00e9 um bem p\u00fablico, um direito b\u00e1sico, fundamental. Impostos s\u00e3o recolhidos para esse fim.<\/p>\n<p><strong>A Igreja n\u00e3o poderia ser mais atuante na promo\u00e7\u00e3o de sa\u00fade, fazendo campanhas de preven\u00e7\u00e3o a diabetes, hipertens\u00e3o durante as missas, por exemplo?<\/strong><\/p>\n<p>J\u00e1 fazemos isso constantemente nas pastorais da sa\u00fade, da crian\u00e7a. Trabalhamos arduamente n\u00e3o s\u00f3 para atender os doentes mas tamb\u00e9m para promover sa\u00fade.<br \/>\n<strong><br \/>\nRecentemente, foi noticiado o nascimento de uma crian\u00e7a gerada com a finalidade de doar c\u00e9lulas-tronco para a irm\u00e3 que sofre de uma doen\u00e7a hematol\u00f3gica. Como a Igreja v\u00ea isso?<\/strong><\/p>\n<p>Nem tudo que \u00e9 poss\u00edvel em ci\u00eancia \u00e9 bom eticamente. N\u00e3o podemos aplicar de maneira irrestrita todas as possibilidades do conhecimento cient\u00edfico. N\u00e3o podemos produzir beb\u00eas com a finalidade &#8220;para&#8221;. O ser humano nunca pode ser usado como meio para atingir fins. Ele, por si s\u00f3, j\u00e1 \u00e9 o fim.<br \/>\n<strong><br \/>\nMas mesmo que o objetivo tenha sido para salvar uma outra vida?<\/strong><\/p>\n<p>O ser humano agora pode ser um embri\u00e3o, um feto, um beb\u00ea. Nessa fase posso fazer o que for do meu agrado para atingir meus objetivos. Mas depois ele se torna uma pessoa adulta. Como ele vai avaliar a minha a\u00e7\u00e3o? Eu fui usado, eu fui manipulado em fun\u00e7\u00e3o de, me usaram para. Est\u00e1 faltando dignidade para o ser humano, que \u00e9 \u00fanico.<\/p>\n<p>Fonte: <a href=\"http:\/\/www.ihu.unisinos.br\/noticias\/507167-terceirizacaosubmetesaudepublicaaomercado\">IHUonline<\/a><\/p>\n","protected":false},"excerpt":{"rendered":"<p>&#8220;A sa\u00fade vai muito mal do Brasil&#8221;, afirma o arcebispo de S\u00e3o Paulo, dom Odilo Pedro Scherer. O cardeal tamb\u00e9m critica as OS (Organiza\u00e7\u00f5es Sociais) em S\u00e3o Paulo. Entrevista para Claudia Collucci, da Folha de S\u00e3o Paulo.<\/p>\n","protected":false},"author":1,"featured_media":0,"comment_status":"open","ping_status":"open","sticky":false,"template":"","format":"standard","meta":{"site-container-style":"default","site-container-layout":"default","site-sidebar-layout":"default","disable-article-header":"default","disable-site-header":"default","disable-site-footer":"default","disable-content-area-spacing":"default","footnotes":""},"categories":[3,11,4,37],"tags":[],"class_list":["post-22101","post","type-post","status-publish","format-standard","hentry","category-campanhas","category-direitos-humanos","category-noticias","category-saude"],"yoast_head":"<!-- This site is optimized with the Yoast SEO plugin v27.4 - https:\/\/yoast.com\/product\/yoast-seo-wordpress\/ -->\n<title>Terceiriza\u00e7\u00e3o submete sa\u00fade p\u00fablica ao mercado -<\/title>\n<meta name=\"robots\" content=\"index, follow, max-snippet:-1, max-image-preview:large, max-video-preview:-1\" \/>\n<link rel=\"canonical\" href=\"https:\/\/inclusivenews.com.br\/?p=22101\" \/>\n<meta property=\"og:locale\" content=\"pt_PT\" \/>\n<meta property=\"og:type\" content=\"article\" \/>\n<meta property=\"og:title\" content=\"Terceiriza\u00e7\u00e3o submete sa\u00fade p\u00fablica ao mercado -\" \/>\n<meta property=\"og:description\" content=\"&quot;A sa\u00fade vai muito mal do Brasil&quot;, afirma o arcebispo de S\u00e3o Paulo, dom Odilo Pedro Scherer. O cardeal tamb\u00e9m critica as OS (Organiza\u00e7\u00f5es Sociais) em S\u00e3o Paulo. Entrevista para Claudia Collucci, da Folha de S\u00e3o Paulo.\" \/>\n<meta property=\"og:url\" content=\"https:\/\/inclusivenews.com.br\/?p=22101\" \/>\n<meta property=\"article:publisher\" content=\"https:\/\/www.facebook.com\/agenciainclusive\/\" \/>\n<meta property=\"article:published_time\" content=\"2012-03-06T10:48:28+00:00\" \/>\n<meta property=\"og:image\" content=\"http:\/\/inclusivenews.com.br\/wp-content\/uploads\/2011\/04\/saude.jpg\" \/>\n<meta name=\"author\" content=\"inclusivenews2024\" \/>\n<meta name=\"twitter:card\" content=\"summary_large_image\" \/>\n<meta name=\"twitter:label1\" content=\"Escrito por\" \/>\n\t<meta name=\"twitter:data1\" content=\"inclusivenews2024\" \/>\n\t<meta name=\"twitter:label2\" content=\"Tempo estimado de leitura\" \/>\n\t<meta name=\"twitter:data2\" content=\"3 minutos\" \/>\n<script type=\"application\/ld+json\" class=\"yoast-schema-graph\">{\"@context\":\"https:\\\/\\\/schema.org\",\"@graph\":[{\"@type\":\"Article\",\"@id\":\"https:\\\/\\\/inclusivenews.com.br\\\/?p=22101#article\",\"isPartOf\":{\"@id\":\"https:\\\/\\\/inclusivenews.com.br\\\/?p=22101\"},\"author\":{\"name\":\"inclusivenews2024\",\"@id\":\"https:\\\/\\\/inclusivenews.com.br\\\/#\\\/schema\\\/person\\\/ae4ec7087559b8692fb33b6fffd2273b\"},\"headline\":\"Terceiriza\u00e7\u00e3o submete sa\u00fade p\u00fablica ao mercado\",\"datePublished\":\"2012-03-06T10:48:28+00:00\",\"mainEntityOfPage\":{\"@id\":\"https:\\\/\\\/inclusivenews.com.br\\\/?p=22101\"},\"wordCount\":697,\"commentCount\":0,\"publisher\":{\"@id\":\"https:\\\/\\\/inclusivenews.com.br\\\/#organization\"},\"image\":{\"@id\":\"https:\\\/\\\/inclusivenews.com.br\\\/?p=22101#primaryimage\"},\"thumbnailUrl\":\"http:\\\/\\\/inclusivenews.com.br\\\/wp-content\\\/uploads\\\/2011\\\/04\\\/saude.jpg\",\"articleSection\":[\"CAMPANHAS\",\"DIREITOS HUMANOS\",\"NOT\u00cdCIAS\",\"Sa\u00fade\"],\"inLanguage\":\"pt-PT\",\"potentialAction\":[{\"@type\":\"CommentAction\",\"name\":\"Comment\",\"target\":[\"https:\\\/\\\/inclusivenews.com.br\\\/?p=22101#respond\"]}]},{\"@type\":\"WebPage\",\"@id\":\"https:\\\/\\\/inclusivenews.com.br\\\/?p=22101\",\"url\":\"https:\\\/\\\/inclusivenews.com.br\\\/?p=22101\",\"name\":\"Terceiriza\u00e7\u00e3o submete sa\u00fade p\u00fablica ao mercado -\",\"isPartOf\":{\"@id\":\"https:\\\/\\\/inclusivenews.com.br\\\/#website\"},\"primaryImageOfPage\":{\"@id\":\"https:\\\/\\\/inclusivenews.com.br\\\/?p=22101#primaryimage\"},\"image\":{\"@id\":\"https:\\\/\\\/inclusivenews.com.br\\\/?p=22101#primaryimage\"},\"thumbnailUrl\":\"http:\\\/\\\/inclusivenews.com.br\\\/wp-content\\\/uploads\\\/2011\\\/04\\\/saude.jpg\",\"datePublished\":\"2012-03-06T10:48:28+00:00\",\"breadcrumb\":{\"@id\":\"https:\\\/\\\/inclusivenews.com.br\\\/?p=22101#breadcrumb\"},\"inLanguage\":\"pt-PT\",\"potentialAction\":[{\"@type\":\"ReadAction\",\"target\":[\"https:\\\/\\\/inclusivenews.com.br\\\/?p=22101\"]}]},{\"@type\":\"ImageObject\",\"inLanguage\":\"pt-PT\",\"@id\":\"https:\\\/\\\/inclusivenews.com.br\\\/?p=22101#primaryimage\",\"url\":\"\",\"contentUrl\":\"\"},{\"@type\":\"BreadcrumbList\",\"@id\":\"https:\\\/\\\/inclusivenews.com.br\\\/?p=22101#breadcrumb\",\"itemListElement\":[{\"@type\":\"ListItem\",\"position\":1,\"name\":\"In\u00edcio\",\"item\":\"https:\\\/\\\/inclusivenews.com.br\\\/\"},{\"@type\":\"ListItem\",\"position\":2,\"name\":\"Terceiriza\u00e7\u00e3o submete sa\u00fade p\u00fablica ao mercado\"}]},{\"@type\":\"WebSite\",\"@id\":\"https:\\\/\\\/inclusivenews.com.br\\\/#website\",\"url\":\"https:\\\/\\\/inclusivenews.com.br\\\/\",\"name\":\"Inclusive News\",\"description\":\"Inclusive News\",\"publisher\":{\"@id\":\"https:\\\/\\\/inclusivenews.com.br\\\/#organization\"},\"potentialAction\":[{\"@type\":\"SearchAction\",\"target\":{\"@type\":\"EntryPoint\",\"urlTemplate\":\"https:\\\/\\\/inclusivenews.com.br\\\/?s={search_term_string}\"},\"query-input\":{\"@type\":\"PropertyValueSpecification\",\"valueRequired\":true,\"valueName\":\"search_term_string\"}}],\"inLanguage\":\"pt-PT\"},{\"@type\":\"Organization\",\"@id\":\"https:\\\/\\\/inclusivenews.com.br\\\/#organization\",\"name\":\"Inclusive - inclus\u00e3o e cidadania\",\"url\":\"https:\\\/\\\/inclusivenews.com.br\\\/\",\"logo\":{\"@type\":\"ImageObject\",\"inLanguage\":\"pt-PT\",\"@id\":\"https:\\\/\\\/inclusivenews.com.br\\\/#\\\/schema\\\/logo\\\/image\\\/\",\"url\":\"https:\\\/\\\/inclusivenews.com.br\\\/wp-content\\\/uploads\\\/2024\\\/03\\\/@grandesite.png\",\"contentUrl\":\"https:\\\/\\\/inclusivenews.com.br\\\/wp-content\\\/uploads\\\/2024\\\/03\\\/@grandesite.png\",\"width\":1080,\"height\":1080,\"caption\":\"Inclusive - inclus\u00e3o e cidadania\"},\"image\":{\"@id\":\"https:\\\/\\\/inclusivenews.com.br\\\/#\\\/schema\\\/logo\\\/image\\\/\"},\"sameAs\":[\"https:\\\/\\\/www.facebook.com\\\/agenciainclusive\\\/\",\"https:\\\/\\\/www.instagram.com\\\/newsinclusive\\\/\"]},{\"@type\":\"Person\",\"@id\":\"https:\\\/\\\/inclusivenews.com.br\\\/#\\\/schema\\\/person\\\/ae4ec7087559b8692fb33b6fffd2273b\",\"name\":\"inclusivenews2024\",\"image\":{\"@type\":\"ImageObject\",\"inLanguage\":\"pt-PT\",\"@id\":\"https:\\\/\\\/secure.gravatar.com\\\/avatar\\\/c5a7ef84c66fa914f55bc4f7ce26cfa275a3b9a1c5568b907bd184fb4dde7b40?s=96&d=mm&r=g\",\"url\":\"https:\\\/\\\/secure.gravatar.com\\\/avatar\\\/c5a7ef84c66fa914f55bc4f7ce26cfa275a3b9a1c5568b907bd184fb4dde7b40?s=96&d=mm&r=g\",\"contentUrl\":\"https:\\\/\\\/secure.gravatar.com\\\/avatar\\\/c5a7ef84c66fa914f55bc4f7ce26cfa275a3b9a1c5568b907bd184fb4dde7b40?s=96&d=mm&r=g\",\"caption\":\"inclusivenews2024\"},\"sameAs\":[\"https:\\\/\\\/inclusivenews.com.br\"],\"url\":\"https:\\\/\\\/inclusivenews.com.br\\\/?author=1\"}]}<\/script>\n<!-- \/ Yoast SEO plugin. -->","yoast_head_json":{"title":"Terceiriza\u00e7\u00e3o submete sa\u00fade p\u00fablica ao mercado -","robots":{"index":"index","follow":"follow","max-snippet":"max-snippet:-1","max-image-preview":"max-image-preview:large","max-video-preview":"max-video-preview:-1"},"canonical":"https:\/\/inclusivenews.com.br\/?p=22101","og_locale":"pt_PT","og_type":"article","og_title":"Terceiriza\u00e7\u00e3o submete sa\u00fade p\u00fablica ao mercado -","og_description":"\"A sa\u00fade vai muito mal do Brasil\", afirma o arcebispo de S\u00e3o Paulo, dom Odilo Pedro Scherer. O cardeal tamb\u00e9m critica as OS (Organiza\u00e7\u00f5es Sociais) em S\u00e3o Paulo. Entrevista para Claudia Collucci, da Folha de S\u00e3o Paulo.","og_url":"https:\/\/inclusivenews.com.br\/?p=22101","article_publisher":"https:\/\/www.facebook.com\/agenciainclusive\/","article_published_time":"2012-03-06T10:48:28+00:00","og_image":[{"url":"http:\/\/inclusivenews.com.br\/wp-content\/uploads\/2011\/04\/saude.jpg","type":"","width":"","height":""}],"author":"inclusivenews2024","twitter_card":"summary_large_image","twitter_misc":{"Escrito por":"inclusivenews2024","Tempo estimado de leitura":"3 minutos"},"schema":{"@context":"https:\/\/schema.org","@graph":[{"@type":"Article","@id":"https:\/\/inclusivenews.com.br\/?p=22101#article","isPartOf":{"@id":"https:\/\/inclusivenews.com.br\/?p=22101"},"author":{"name":"inclusivenews2024","@id":"https:\/\/inclusivenews.com.br\/#\/schema\/person\/ae4ec7087559b8692fb33b6fffd2273b"},"headline":"Terceiriza\u00e7\u00e3o submete sa\u00fade p\u00fablica ao mercado","datePublished":"2012-03-06T10:48:28+00:00","mainEntityOfPage":{"@id":"https:\/\/inclusivenews.com.br\/?p=22101"},"wordCount":697,"commentCount":0,"publisher":{"@id":"https:\/\/inclusivenews.com.br\/#organization"},"image":{"@id":"https:\/\/inclusivenews.com.br\/?p=22101#primaryimage"},"thumbnailUrl":"http:\/\/inclusivenews.com.br\/wp-content\/uploads\/2011\/04\/saude.jpg","articleSection":["CAMPANHAS","DIREITOS HUMANOS","NOT\u00cdCIAS","Sa\u00fade"],"inLanguage":"pt-PT","potentialAction":[{"@type":"CommentAction","name":"Comment","target":["https:\/\/inclusivenews.com.br\/?p=22101#respond"]}]},{"@type":"WebPage","@id":"https:\/\/inclusivenews.com.br\/?p=22101","url":"https:\/\/inclusivenews.com.br\/?p=22101","name":"Terceiriza\u00e7\u00e3o submete sa\u00fade p\u00fablica ao mercado -","isPartOf":{"@id":"https:\/\/inclusivenews.com.br\/#website"},"primaryImageOfPage":{"@id":"https:\/\/inclusivenews.com.br\/?p=22101#primaryimage"},"image":{"@id":"https:\/\/inclusivenews.com.br\/?p=22101#primaryimage"},"thumbnailUrl":"http:\/\/inclusivenews.com.br\/wp-content\/uploads\/2011\/04\/saude.jpg","datePublished":"2012-03-06T10:48:28+00:00","breadcrumb":{"@id":"https:\/\/inclusivenews.com.br\/?p=22101#breadcrumb"},"inLanguage":"pt-PT","potentialAction":[{"@type":"ReadAction","target":["https:\/\/inclusivenews.com.br\/?p=22101"]}]},{"@type":"ImageObject","inLanguage":"pt-PT","@id":"https:\/\/inclusivenews.com.br\/?p=22101#primaryimage","url":"","contentUrl":""},{"@type":"BreadcrumbList","@id":"https:\/\/inclusivenews.com.br\/?p=22101#breadcrumb","itemListElement":[{"@type":"ListItem","position":1,"name":"In\u00edcio","item":"https:\/\/inclusivenews.com.br\/"},{"@type":"ListItem","position":2,"name":"Terceiriza\u00e7\u00e3o submete sa\u00fade p\u00fablica ao mercado"}]},{"@type":"WebSite","@id":"https:\/\/inclusivenews.com.br\/#website","url":"https:\/\/inclusivenews.com.br\/","name":"Inclusive News","description":"Inclusive News","publisher":{"@id":"https:\/\/inclusivenews.com.br\/#organization"},"potentialAction":[{"@type":"SearchAction","target":{"@type":"EntryPoint","urlTemplate":"https:\/\/inclusivenews.com.br\/?s={search_term_string}"},"query-input":{"@type":"PropertyValueSpecification","valueRequired":true,"valueName":"search_term_string"}}],"inLanguage":"pt-PT"},{"@type":"Organization","@id":"https:\/\/inclusivenews.com.br\/#organization","name":"Inclusive - inclus\u00e3o e cidadania","url":"https:\/\/inclusivenews.com.br\/","logo":{"@type":"ImageObject","inLanguage":"pt-PT","@id":"https:\/\/inclusivenews.com.br\/#\/schema\/logo\/image\/","url":"https:\/\/inclusivenews.com.br\/wp-content\/uploads\/2024\/03\/@grandesite.png","contentUrl":"https:\/\/inclusivenews.com.br\/wp-content\/uploads\/2024\/03\/@grandesite.png","width":1080,"height":1080,"caption":"Inclusive - inclus\u00e3o e cidadania"},"image":{"@id":"https:\/\/inclusivenews.com.br\/#\/schema\/logo\/image\/"},"sameAs":["https:\/\/www.facebook.com\/agenciainclusive\/","https:\/\/www.instagram.com\/newsinclusive\/"]},{"@type":"Person","@id":"https:\/\/inclusivenews.com.br\/#\/schema\/person\/ae4ec7087559b8692fb33b6fffd2273b","name":"inclusivenews2024","image":{"@type":"ImageObject","inLanguage":"pt-PT","@id":"https:\/\/secure.gravatar.com\/avatar\/c5a7ef84c66fa914f55bc4f7ce26cfa275a3b9a1c5568b907bd184fb4dde7b40?s=96&d=mm&r=g","url":"https:\/\/secure.gravatar.com\/avatar\/c5a7ef84c66fa914f55bc4f7ce26cfa275a3b9a1c5568b907bd184fb4dde7b40?s=96&d=mm&r=g","contentUrl":"https:\/\/secure.gravatar.com\/avatar\/c5a7ef84c66fa914f55bc4f7ce26cfa275a3b9a1c5568b907bd184fb4dde7b40?s=96&d=mm&r=g","caption":"inclusivenews2024"},"sameAs":["https:\/\/inclusivenews.com.br"],"url":"https:\/\/inclusivenews.com.br\/?author=1"}]}},"_links":{"self":[{"href":"https:\/\/inclusivenews.com.br\/index.php?rest_route=\/wp\/v2\/posts\/22101","targetHints":{"allow":["GET"]}}],"collection":[{"href":"https:\/\/inclusivenews.com.br\/index.php?rest_route=\/wp\/v2\/posts"}],"about":[{"href":"https:\/\/inclusivenews.com.br\/index.php?rest_route=\/wp\/v2\/types\/post"}],"author":[{"embeddable":true,"href":"https:\/\/inclusivenews.com.br\/index.php?rest_route=\/wp\/v2\/users\/1"}],"replies":[{"embeddable":true,"href":"https:\/\/inclusivenews.com.br\/index.php?rest_route=%2Fwp%2Fv2%2Fcomments&post=22101"}],"version-history":[{"count":0,"href":"https:\/\/inclusivenews.com.br\/index.php?rest_route=\/wp\/v2\/posts\/22101\/revisions"}],"wp:attachment":[{"href":"https:\/\/inclusivenews.com.br\/index.php?rest_route=%2Fwp%2Fv2%2Fmedia&parent=22101"}],"wp:term":[{"taxonomy":"category","embeddable":true,"href":"https:\/\/inclusivenews.com.br\/index.php?rest_route=%2Fwp%2Fv2%2Fcategories&post=22101"},{"taxonomy":"post_tag","embeddable":true,"href":"https:\/\/inclusivenews.com.br\/index.php?rest_route=%2Fwp%2Fv2%2Ftags&post=22101"}],"curies":[{"name":"wp","href":"https:\/\/api.w.org\/{rel}","templated":true}]}}