{"id":22109,"date":"2012-03-06T07:48:14","date_gmt":"2012-03-06T10:48:14","guid":{"rendered":"http:\/\/www.inclusive.org.br\/?p=22109"},"modified":"2012-03-06T07:48:14","modified_gmt":"2012-03-06T10:48:14","slug":"sociedade-civil-aponta-problemas-na-construcao-do-sistemas-de-indicadores-dos-direitos-humanos","status":"publish","type":"post","link":"https:\/\/inclusivenews.com.br\/?p=22109","title":{"rendered":"Sociedade civil aponta problemas na constru\u00e7\u00e3o do Sistemas de Indicadores dos Direitos Humanos"},"content":{"rendered":"<p><a class=\"moz-txt-link-freetext\" href=\"http:\/\/www.inesc.org.br\/noticias\/noticias-do-inesc\/2012\/fevereiro\/sociedade-civil-aponta-problemas-na-construcao-do-sistemas-de-indicadores-dos-direitos-humanos\/image_mini\"><img loading=\"lazy\" decoding=\"async\" class=\"alignnone\" title=\"Crian\u00e7as comendo no ch\u00e7ao de terra batida\" src=\"http:\/\/www.inesc.org.br\/noticias\/noticias-do-inesc\/2012\/fevereiro\/sociedade-civil-aponta-problemas-na-construcao-do-sistemas-de-indicadores-dos-direitos-humanos\/image_mini\" alt=\"\" width=\"200\" height=\"132\" \/><br \/>\n<\/a><\/p>\n<p>&#8220;A forma como a Secretaria dos Direitos Humanos est\u00e1 desenvolvendo o Sistema e como o trabalho t\u00eam se dado nos \u00faltimos meses, n\u00e3o est\u00e1 incorporando os avan\u00e7os e o ac\u00famulo da discuss\u00e3o sobre o tema, que ocorre desde 2007\u201d, afirma Alexandre Ciconello, assessor pol\u00edtico do Inesc.<\/p>\n<p>A iniciativa do governo federal para constru\u00e7\u00e3o do Sistema Nacional de Indicadores de Direitos Humanos (SNIDH)<strong>* <\/strong>voltou a ser discutida neste m\u00eas. Representantes do governo federal, de institutos de pesquisa e de organiza\u00e7\u00f5es da sociedade civil, que integram o Comit\u00ea de Acompanhamento para a cria\u00e7\u00e3o do SNIDH, entre eles o Inesc, participaram de Oficina sobre o tema, em Bras\u00edlia. A oficina foi realizada com o objetivo de definir, com base legal e t\u00e9cnica, atributos de alguns direitos humanos que iriam compor o sistema.<\/p>\n<p>No entanto, segundo Alexandre Ciconello, assessor pol\u00edtico do Inesc que participou do Oficina, \u201ca forma como a Secretaria dos Direitos Humanos est\u00e1 desenvolvendo o Sistema, e como o trabalho t\u00eam se dado nos \u00faltimos meses, n\u00e3o est\u00e1 incorporando os avan\u00e7os e o ac\u00famulo da discuss\u00e3o sobre o tema, que ocorre desde 2007\u201d.<\/p>\n<p>As organiza\u00e7\u00f5es que fizeram parte do encontro apontam que existem problemas relativos \u00e0 estrutura\u00e7\u00e3o do Sistema como, por exemplo: o fato do Programa Nacional de Direitos Humanos-3 n\u00e3o ser considerado nos Termos de Refer\u00eancia da contrata\u00e7\u00e3o dos Consultores respons\u00e1veis pela facilita\u00e7\u00e3o do processo de constru\u00e7\u00e3o do SNIDH; a forma atropelada de como as etapas de constru\u00e7\u00e3o do SNIDH est\u00e3o se dando, posto que as discuss\u00f5es realizadas nos dias 09 e 10 de fevereiro se deram sem que se houvesse se definido premissas b\u00e1sicas e iniciais sobre o pr\u00f3prio Sistema.<\/p>\n<p>Para Ciconello \u00e9 necess\u00e1rio que o processo seja revisto. \u201cEspero que a SDH institua formalmente o Comit\u00ea de Acompanhamento prometido e mude os rumos desse processo, sob pena de desconstruir os esfor\u00e7os da sociedade civil e dos diversos \u00f3rg\u00e3os p\u00fablicos que nos \u00faltimos anos debatem a constru\u00e7\u00e3o do Sistema Nacional de Indicadores de Direitos Humanos\u201d.<\/p>\n<p>Preocupados com os rumos da constru\u00e7\u00e3o do SINDH, as organiza\u00e7\u00f5es da sociedade civil enviaram um of\u00edcio para a SDH onde apontam, detalhadamente, os problemas que verificam na estrutura do Sistema. Veja aqui o documento.<\/p>\n<p><strong>*Saiba mais sobre o SNIDH:<\/strong> A cria\u00e7\u00e3o do SNIDH faz parte do projeto \u201cInforma\u00e7\u00f5es em Direitos Humanos da Presid\u00eancia da Rep\u00fablica (SDH) em parceria com Ag\u00eancia Brasileira de Coopera\u00e7\u00e3o (ABC), o Fundo de Popula\u00e7\u00e3o das Na\u00e7\u00f5es Unidas (UNFPA) e o Programa das Na\u00e7\u00f5es Unidas para o Desenvolvimento (PNUD). O principal objetivo \u00e9 a cria\u00e7\u00e3o de um instrumento que ap\u00f3ie a formula\u00e7\u00e3o de pol\u00edticas e a\u00e7\u00f5es, utilizando dados que expressem a realidade social brasileira tamb\u00e9m pela perspectiva dos direitos humanos e n\u00e3o apenas do ponto de vista sociol\u00f3gico, geogr\u00e1fico ou econ\u00f4mico.<\/p>\n<p>Fonte: <a href=\"http:\/\/www.inesc.org.br\/noticias\/noticias-do-inesc\/2012\/fevereiro\/sociedade-civil-aponta-problemas-na-construcao-do-sistemas-de-indicadores-dos-direitos-humanos\">INESC<\/a><\/p>\n","protected":false},"excerpt":{"rendered":"<p>&#8220;A forma como a Secretaria dos Direitos Humanos est\u00e1 desenvolvendo o Sistema e como o trabalho t\u00eam se dado nos \u00faltimos meses, n\u00e3o est\u00e1 incorporando os avan\u00e7os e o ac\u00famulo da discuss\u00e3o sobre o tema, que ocorre desde 2007\u201d, afirma Alexandre Ciconello, assessor pol\u00edtico do Inesc.<\/p>\n","protected":false},"author":1,"featured_media":0,"comment_status":"open","ping_status":"open","sticky":false,"template":"","format":"standard","meta":{"site-container-style":"default","site-container-layout":"default","site-sidebar-layout":"default","disable-article-header":"default","disable-site-header":"default","disable-site-footer":"default","disable-content-area-spacing":"default","footnotes":""},"categories":[11,4],"tags":[],"class_list":["post-22109","post","type-post","status-publish","format-standard","hentry","category-direitos-humanos","category-noticias"],"yoast_head":"<!-- This site is optimized with the Yoast SEO plugin v27.4 - https:\/\/yoast.com\/product\/yoast-seo-wordpress\/ -->\n<title>Sociedade civil aponta problemas na constru\u00e7\u00e3o do Sistemas de Indicadores dos Direitos Humanos -<\/title>\n<meta name=\"robots\" content=\"index, follow, max-snippet:-1, max-image-preview:large, max-video-preview:-1\" \/>\n<link rel=\"canonical\" href=\"https:\/\/inclusivenews.com.br\/?p=22109\" \/>\n<meta property=\"og:locale\" content=\"pt_PT\" \/>\n<meta property=\"og:type\" content=\"article\" \/>\n<meta property=\"og:title\" content=\"Sociedade civil aponta problemas na constru\u00e7\u00e3o do Sistemas de Indicadores dos Direitos Humanos -\" \/>\n<meta property=\"og:description\" content=\"&quot;A forma como a Secretaria dos Direitos Humanos est\u00e1 desenvolvendo o Sistema e como o trabalho t\u00eam se dado nos \u00faltimos meses, n\u00e3o est\u00e1 incorporando os avan\u00e7os e o ac\u00famulo da discuss\u00e3o sobre o tema, que ocorre desde 2007\u201d, afirma Alexandre Ciconello, assessor pol\u00edtico do Inesc.\" \/>\n<meta property=\"og:url\" content=\"https:\/\/inclusivenews.com.br\/?p=22109\" \/>\n<meta property=\"article:publisher\" content=\"https:\/\/www.facebook.com\/agenciainclusive\/\" \/>\n<meta property=\"article:published_time\" content=\"2012-03-06T10:48:14+00:00\" \/>\n<meta property=\"og:image\" content=\"http:\/\/www.inesc.org.br\/noticias\/noticias-do-inesc\/2012\/fevereiro\/sociedade-civil-aponta-problemas-na-construcao-do-sistemas-de-indicadores-dos-direitos-humanos\/image_mini\" \/>\n<meta name=\"author\" content=\"inclusivenews2024\" \/>\n<meta name=\"twitter:card\" content=\"summary_large_image\" \/>\n<meta name=\"twitter:label1\" content=\"Escrito por\" \/>\n\t<meta name=\"twitter:data1\" content=\"inclusivenews2024\" \/>\n\t<meta name=\"twitter:label2\" content=\"Tempo estimado de leitura\" \/>\n\t<meta name=\"twitter:data2\" content=\"3 minutos\" \/>\n<script type=\"application\/ld+json\" class=\"yoast-schema-graph\">{\"@context\":\"https:\\\/\\\/schema.org\",\"@graph\":[{\"@type\":\"Article\",\"@id\":\"https:\\\/\\\/inclusivenews.com.br\\\/?p=22109#article\",\"isPartOf\":{\"@id\":\"https:\\\/\\\/inclusivenews.com.br\\\/?p=22109\"},\"author\":{\"name\":\"inclusivenews2024\",\"@id\":\"https:\\\/\\\/inclusivenews.com.br\\\/#\\\/schema\\\/person\\\/ae4ec7087559b8692fb33b6fffd2273b\"},\"headline\":\"Sociedade civil aponta problemas na constru\u00e7\u00e3o do Sistemas de Indicadores dos Direitos Humanos\",\"datePublished\":\"2012-03-06T10:48:14+00:00\",\"mainEntityOfPage\":{\"@id\":\"https:\\\/\\\/inclusivenews.com.br\\\/?p=22109\"},\"wordCount\":516,\"commentCount\":0,\"publisher\":{\"@id\":\"https:\\\/\\\/inclusivenews.com.br\\\/#organization\"},\"image\":{\"@id\":\"https:\\\/\\\/inclusivenews.com.br\\\/?p=22109#primaryimage\"},\"thumbnailUrl\":\"http:\\\/\\\/www.inesc.org.br\\\/noticias\\\/noticias-do-inesc\\\/2012\\\/fevereiro\\\/sociedade-civil-aponta-problemas-na-construcao-do-sistemas-de-indicadores-dos-direitos-humanos\\\/image_mini\",\"articleSection\":[\"DIREITOS HUMANOS\",\"NOT\u00cdCIAS\"],\"inLanguage\":\"pt-PT\",\"potentialAction\":[{\"@type\":\"CommentAction\",\"name\":\"Comment\",\"target\":[\"https:\\\/\\\/inclusivenews.com.br\\\/?p=22109#respond\"]}]},{\"@type\":\"WebPage\",\"@id\":\"https:\\\/\\\/inclusivenews.com.br\\\/?p=22109\",\"url\":\"https:\\\/\\\/inclusivenews.com.br\\\/?p=22109\",\"name\":\"Sociedade civil aponta problemas na constru\u00e7\u00e3o do Sistemas de Indicadores dos Direitos Humanos -\",\"isPartOf\":{\"@id\":\"https:\\\/\\\/inclusivenews.com.br\\\/#website\"},\"primaryImageOfPage\":{\"@id\":\"https:\\\/\\\/inclusivenews.com.br\\\/?p=22109#primaryimage\"},\"image\":{\"@id\":\"https:\\\/\\\/inclusivenews.com.br\\\/?p=22109#primaryimage\"},\"thumbnailUrl\":\"http:\\\/\\\/www.inesc.org.br\\\/noticias\\\/noticias-do-inesc\\\/2012\\\/fevereiro\\\/sociedade-civil-aponta-problemas-na-construcao-do-sistemas-de-indicadores-dos-direitos-humanos\\\/image_mini\",\"datePublished\":\"2012-03-06T10:48:14+00:00\",\"breadcrumb\":{\"@id\":\"https:\\\/\\\/inclusivenews.com.br\\\/?p=22109#breadcrumb\"},\"inLanguage\":\"pt-PT\",\"potentialAction\":[{\"@type\":\"ReadAction\",\"target\":[\"https:\\\/\\\/inclusivenews.com.br\\\/?p=22109\"]}]},{\"@type\":\"ImageObject\",\"inLanguage\":\"pt-PT\",\"@id\":\"https:\\\/\\\/inclusivenews.com.br\\\/?p=22109#primaryimage\",\"url\":\"http:\\\/\\\/www.inesc.org.br\\\/noticias\\\/noticias-do-inesc\\\/2012\\\/fevereiro\\\/sociedade-civil-aponta-problemas-na-construcao-do-sistemas-de-indicadores-dos-direitos-humanos\\\/image_mini\",\"contentUrl\":\"http:\\\/\\\/www.inesc.org.br\\\/noticias\\\/noticias-do-inesc\\\/2012\\\/fevereiro\\\/sociedade-civil-aponta-problemas-na-construcao-do-sistemas-de-indicadores-dos-direitos-humanos\\\/image_mini\"},{\"@type\":\"BreadcrumbList\",\"@id\":\"https:\\\/\\\/inclusivenews.com.br\\\/?p=22109#breadcrumb\",\"itemListElement\":[{\"@type\":\"ListItem\",\"position\":1,\"name\":\"In\u00edcio\",\"item\":\"https:\\\/\\\/inclusivenews.com.br\\\/\"},{\"@type\":\"ListItem\",\"position\":2,\"name\":\"Sociedade civil aponta problemas na constru\u00e7\u00e3o do Sistemas de Indicadores dos Direitos Humanos\"}]},{\"@type\":\"WebSite\",\"@id\":\"https:\\\/\\\/inclusivenews.com.br\\\/#website\",\"url\":\"https:\\\/\\\/inclusivenews.com.br\\\/\",\"name\":\"Inclusive News\",\"description\":\"Inclusive News\",\"publisher\":{\"@id\":\"https:\\\/\\\/inclusivenews.com.br\\\/#organization\"},\"potentialAction\":[{\"@type\":\"SearchAction\",\"target\":{\"@type\":\"EntryPoint\",\"urlTemplate\":\"https:\\\/\\\/inclusivenews.com.br\\\/?s={search_term_string}\"},\"query-input\":{\"@type\":\"PropertyValueSpecification\",\"valueRequired\":true,\"valueName\":\"search_term_string\"}}],\"inLanguage\":\"pt-PT\"},{\"@type\":\"Organization\",\"@id\":\"https:\\\/\\\/inclusivenews.com.br\\\/#organization\",\"name\":\"Inclusive - inclus\u00e3o e cidadania\",\"url\":\"https:\\\/\\\/inclusivenews.com.br\\\/\",\"logo\":{\"@type\":\"ImageObject\",\"inLanguage\":\"pt-PT\",\"@id\":\"https:\\\/\\\/inclusivenews.com.br\\\/#\\\/schema\\\/logo\\\/image\\\/\",\"url\":\"https:\\\/\\\/inclusivenews.com.br\\\/wp-content\\\/uploads\\\/2024\\\/03\\\/@grandesite.png\",\"contentUrl\":\"https:\\\/\\\/inclusivenews.com.br\\\/wp-content\\\/uploads\\\/2024\\\/03\\\/@grandesite.png\",\"width\":1080,\"height\":1080,\"caption\":\"Inclusive - inclus\u00e3o e cidadania\"},\"image\":{\"@id\":\"https:\\\/\\\/inclusivenews.com.br\\\/#\\\/schema\\\/logo\\\/image\\\/\"},\"sameAs\":[\"https:\\\/\\\/www.facebook.com\\\/agenciainclusive\\\/\",\"https:\\\/\\\/www.instagram.com\\\/newsinclusive\\\/\"]},{\"@type\":\"Person\",\"@id\":\"https:\\\/\\\/inclusivenews.com.br\\\/#\\\/schema\\\/person\\\/ae4ec7087559b8692fb33b6fffd2273b\",\"name\":\"inclusivenews2024\",\"image\":{\"@type\":\"ImageObject\",\"inLanguage\":\"pt-PT\",\"@id\":\"https:\\\/\\\/secure.gravatar.com\\\/avatar\\\/c5a7ef84c66fa914f55bc4f7ce26cfa275a3b9a1c5568b907bd184fb4dde7b40?s=96&d=mm&r=g\",\"url\":\"https:\\\/\\\/secure.gravatar.com\\\/avatar\\\/c5a7ef84c66fa914f55bc4f7ce26cfa275a3b9a1c5568b907bd184fb4dde7b40?s=96&d=mm&r=g\",\"contentUrl\":\"https:\\\/\\\/secure.gravatar.com\\\/avatar\\\/c5a7ef84c66fa914f55bc4f7ce26cfa275a3b9a1c5568b907bd184fb4dde7b40?s=96&d=mm&r=g\",\"caption\":\"inclusivenews2024\"},\"sameAs\":[\"https:\\\/\\\/inclusivenews.com.br\"],\"url\":\"https:\\\/\\\/inclusivenews.com.br\\\/?author=1\"}]}<\/script>\n<!-- \/ Yoast SEO plugin. -->","yoast_head_json":{"title":"Sociedade civil aponta problemas na constru\u00e7\u00e3o do Sistemas de Indicadores dos Direitos Humanos -","robots":{"index":"index","follow":"follow","max-snippet":"max-snippet:-1","max-image-preview":"max-image-preview:large","max-video-preview":"max-video-preview:-1"},"canonical":"https:\/\/inclusivenews.com.br\/?p=22109","og_locale":"pt_PT","og_type":"article","og_title":"Sociedade civil aponta problemas na constru\u00e7\u00e3o do Sistemas de Indicadores dos Direitos Humanos -","og_description":"\"A forma como a Secretaria dos Direitos Humanos est\u00e1 desenvolvendo o Sistema e como o trabalho t\u00eam se dado nos \u00faltimos meses, n\u00e3o est\u00e1 incorporando os avan\u00e7os e o ac\u00famulo da discuss\u00e3o sobre o tema, que ocorre desde 2007\u201d, afirma Alexandre Ciconello, assessor pol\u00edtico do Inesc.","og_url":"https:\/\/inclusivenews.com.br\/?p=22109","article_publisher":"https:\/\/www.facebook.com\/agenciainclusive\/","article_published_time":"2012-03-06T10:48:14+00:00","og_image":[{"url":"http:\/\/www.inesc.org.br\/noticias\/noticias-do-inesc\/2012\/fevereiro\/sociedade-civil-aponta-problemas-na-construcao-do-sistemas-de-indicadores-dos-direitos-humanos\/image_mini","type":"","width":"","height":""}],"author":"inclusivenews2024","twitter_card":"summary_large_image","twitter_misc":{"Escrito por":"inclusivenews2024","Tempo estimado de leitura":"3 minutos"},"schema":{"@context":"https:\/\/schema.org","@graph":[{"@type":"Article","@id":"https:\/\/inclusivenews.com.br\/?p=22109#article","isPartOf":{"@id":"https:\/\/inclusivenews.com.br\/?p=22109"},"author":{"name":"inclusivenews2024","@id":"https:\/\/inclusivenews.com.br\/#\/schema\/person\/ae4ec7087559b8692fb33b6fffd2273b"},"headline":"Sociedade civil aponta problemas na constru\u00e7\u00e3o do Sistemas de Indicadores dos Direitos Humanos","datePublished":"2012-03-06T10:48:14+00:00","mainEntityOfPage":{"@id":"https:\/\/inclusivenews.com.br\/?p=22109"},"wordCount":516,"commentCount":0,"publisher":{"@id":"https:\/\/inclusivenews.com.br\/#organization"},"image":{"@id":"https:\/\/inclusivenews.com.br\/?p=22109#primaryimage"},"thumbnailUrl":"http:\/\/www.inesc.org.br\/noticias\/noticias-do-inesc\/2012\/fevereiro\/sociedade-civil-aponta-problemas-na-construcao-do-sistemas-de-indicadores-dos-direitos-humanos\/image_mini","articleSection":["DIREITOS HUMANOS","NOT\u00cdCIAS"],"inLanguage":"pt-PT","potentialAction":[{"@type":"CommentAction","name":"Comment","target":["https:\/\/inclusivenews.com.br\/?p=22109#respond"]}]},{"@type":"WebPage","@id":"https:\/\/inclusivenews.com.br\/?p=22109","url":"https:\/\/inclusivenews.com.br\/?p=22109","name":"Sociedade civil aponta problemas na constru\u00e7\u00e3o do Sistemas de Indicadores dos Direitos Humanos -","isPartOf":{"@id":"https:\/\/inclusivenews.com.br\/#website"},"primaryImageOfPage":{"@id":"https:\/\/inclusivenews.com.br\/?p=22109#primaryimage"},"image":{"@id":"https:\/\/inclusivenews.com.br\/?p=22109#primaryimage"},"thumbnailUrl":"http:\/\/www.inesc.org.br\/noticias\/noticias-do-inesc\/2012\/fevereiro\/sociedade-civil-aponta-problemas-na-construcao-do-sistemas-de-indicadores-dos-direitos-humanos\/image_mini","datePublished":"2012-03-06T10:48:14+00:00","breadcrumb":{"@id":"https:\/\/inclusivenews.com.br\/?p=22109#breadcrumb"},"inLanguage":"pt-PT","potentialAction":[{"@type":"ReadAction","target":["https:\/\/inclusivenews.com.br\/?p=22109"]}]},{"@type":"ImageObject","inLanguage":"pt-PT","@id":"https:\/\/inclusivenews.com.br\/?p=22109#primaryimage","url":"http:\/\/www.inesc.org.br\/noticias\/noticias-do-inesc\/2012\/fevereiro\/sociedade-civil-aponta-problemas-na-construcao-do-sistemas-de-indicadores-dos-direitos-humanos\/image_mini","contentUrl":"http:\/\/www.inesc.org.br\/noticias\/noticias-do-inesc\/2012\/fevereiro\/sociedade-civil-aponta-problemas-na-construcao-do-sistemas-de-indicadores-dos-direitos-humanos\/image_mini"},{"@type":"BreadcrumbList","@id":"https:\/\/inclusivenews.com.br\/?p=22109#breadcrumb","itemListElement":[{"@type":"ListItem","position":1,"name":"In\u00edcio","item":"https:\/\/inclusivenews.com.br\/"},{"@type":"ListItem","position":2,"name":"Sociedade civil aponta problemas na constru\u00e7\u00e3o do Sistemas de Indicadores dos Direitos Humanos"}]},{"@type":"WebSite","@id":"https:\/\/inclusivenews.com.br\/#website","url":"https:\/\/inclusivenews.com.br\/","name":"Inclusive News","description":"Inclusive News","publisher":{"@id":"https:\/\/inclusivenews.com.br\/#organization"},"potentialAction":[{"@type":"SearchAction","target":{"@type":"EntryPoint","urlTemplate":"https:\/\/inclusivenews.com.br\/?s={search_term_string}"},"query-input":{"@type":"PropertyValueSpecification","valueRequired":true,"valueName":"search_term_string"}}],"inLanguage":"pt-PT"},{"@type":"Organization","@id":"https:\/\/inclusivenews.com.br\/#organization","name":"Inclusive - inclus\u00e3o e cidadania","url":"https:\/\/inclusivenews.com.br\/","logo":{"@type":"ImageObject","inLanguage":"pt-PT","@id":"https:\/\/inclusivenews.com.br\/#\/schema\/logo\/image\/","url":"https:\/\/inclusivenews.com.br\/wp-content\/uploads\/2024\/03\/@grandesite.png","contentUrl":"https:\/\/inclusivenews.com.br\/wp-content\/uploads\/2024\/03\/@grandesite.png","width":1080,"height":1080,"caption":"Inclusive - inclus\u00e3o e cidadania"},"image":{"@id":"https:\/\/inclusivenews.com.br\/#\/schema\/logo\/image\/"},"sameAs":["https:\/\/www.facebook.com\/agenciainclusive\/","https:\/\/www.instagram.com\/newsinclusive\/"]},{"@type":"Person","@id":"https:\/\/inclusivenews.com.br\/#\/schema\/person\/ae4ec7087559b8692fb33b6fffd2273b","name":"inclusivenews2024","image":{"@type":"ImageObject","inLanguage":"pt-PT","@id":"https:\/\/secure.gravatar.com\/avatar\/c5a7ef84c66fa914f55bc4f7ce26cfa275a3b9a1c5568b907bd184fb4dde7b40?s=96&d=mm&r=g","url":"https:\/\/secure.gravatar.com\/avatar\/c5a7ef84c66fa914f55bc4f7ce26cfa275a3b9a1c5568b907bd184fb4dde7b40?s=96&d=mm&r=g","contentUrl":"https:\/\/secure.gravatar.com\/avatar\/c5a7ef84c66fa914f55bc4f7ce26cfa275a3b9a1c5568b907bd184fb4dde7b40?s=96&d=mm&r=g","caption":"inclusivenews2024"},"sameAs":["https:\/\/inclusivenews.com.br"],"url":"https:\/\/inclusivenews.com.br\/?author=1"}]}},"_links":{"self":[{"href":"https:\/\/inclusivenews.com.br\/index.php?rest_route=\/wp\/v2\/posts\/22109","targetHints":{"allow":["GET"]}}],"collection":[{"href":"https:\/\/inclusivenews.com.br\/index.php?rest_route=\/wp\/v2\/posts"}],"about":[{"href":"https:\/\/inclusivenews.com.br\/index.php?rest_route=\/wp\/v2\/types\/post"}],"author":[{"embeddable":true,"href":"https:\/\/inclusivenews.com.br\/index.php?rest_route=\/wp\/v2\/users\/1"}],"replies":[{"embeddable":true,"href":"https:\/\/inclusivenews.com.br\/index.php?rest_route=%2Fwp%2Fv2%2Fcomments&post=22109"}],"version-history":[{"count":0,"href":"https:\/\/inclusivenews.com.br\/index.php?rest_route=\/wp\/v2\/posts\/22109\/revisions"}],"wp:attachment":[{"href":"https:\/\/inclusivenews.com.br\/index.php?rest_route=%2Fwp%2Fv2%2Fmedia&parent=22109"}],"wp:term":[{"taxonomy":"category","embeddable":true,"href":"https:\/\/inclusivenews.com.br\/index.php?rest_route=%2Fwp%2Fv2%2Fcategories&post=22109"},{"taxonomy":"post_tag","embeddable":true,"href":"https:\/\/inclusivenews.com.br\/index.php?rest_route=%2Fwp%2Fv2%2Ftags&post=22109"}],"curies":[{"name":"wp","href":"https:\/\/api.w.org\/{rel}","templated":true}]}}