{"id":22114,"date":"2012-03-06T07:48:00","date_gmt":"2012-03-06T10:48:00","guid":{"rendered":"http:\/\/www.inclusive.org.br\/?p=22114"},"modified":"2012-03-06T07:48:00","modified_gmt":"2012-03-06T10:48:00","slug":"relatorio-ressalta-discriminacao-de-genero-na-educacao","status":"publish","type":"post","link":"https:\/\/inclusivenews.com.br\/?p=22114","title":{"rendered":"Relat\u00f3rio ressalta discrimina\u00e7\u00e3o de g\u00eanero na educa\u00e7\u00e3o"},"content":{"rendered":"<p><a rel=\"attachment wp-att-22116\" href=\"http:\/\/www.inclusive.org.br\/?attachment_id=22116\"><img loading=\"lazy\" decoding=\"async\" class=\"alignnone size-medium wp-image-22116\" title=\"meninos e meninas na sala de aula\" src=\"http:\/\/inclusivenews.com.br\/wp-content\/uploads\/meninos-e-meninas-na-sala-de-aula-300x183.jpg\" alt=\"\" width=\"300\" height=\"183\" \/><\/a><\/p>\n<p>A Campanha Mundial pela Educa\u00e7\u00e3o (CME) apresentou ao Comit\u00ea sobre a Elimina\u00e7\u00e3o da Discrimina\u00e7\u00e3o contra as Mulheres (Cedaw) o relat\u00f3rio in\u00e9dito\u00a0<em>A Discrimina\u00e7\u00e3o de G\u00eanero na Educa\u00e7\u00e3o: Viola\u00e7\u00e3o dos direitos das mulheres e meninas<\/em>. Baseado em dados, estudos de casos e em uma pesquisa mundial sobre a discrimina\u00e7\u00e3o de g\u00eanero nas escolas, o documento mostra os desafios para se alcan\u00e7ar a igualdade entre homens e mulher no acesso \u00e0 educa\u00e7\u00e3o.<\/p>\n<p>Um dos principais objetivos deste relat\u00f3rio \u00e9 mostrar ao Cedaw a necessidade urgente de chamar aten\u00e7\u00e3o para a falta de oportunidades iguais para meninos e meninas quando o assunto \u00e9 acesso ao ensino e conseguir superar este problema.<\/p>\n<p>Nos \u00faltimos anos, a quantidade de meninas e adolescentes matriculadas na escola aumentou, contudo, o fato n\u00e3o \u00e9 motivo de grandes comemora\u00e7\u00f5es, pois isto n\u00e3o garante que os g\u00eaneros t\u00eam as mesmas oportunidades educativas e muito menos que a discrimina\u00e7\u00e3o foi superada. Ao mesmo tempo em que elas est\u00e3o tendo mais acesso \u00e0 escola, tamb\u00e9m t\u00eam maior probabilidade de deixar os estudos antes de completar a educa\u00e7\u00e3o prim\u00e1ria.<\/p>\n<p>Segundo informa\u00e7\u00f5es de 2011 da Organiza\u00e7\u00e3o das Na\u00e7\u00f5es Unidas para a educa\u00e7\u00e3o, a ci\u00eancia e a cultura (Unesco), 53% das pessoas em idade escolar que n\u00e3o est\u00e3o matriculadas s\u00e3o do sexo feminino, o que significa que cerca de seis milh\u00f5es de mulheres e meninas est\u00e3o fora da escola. O relat\u00f3rio tamb\u00e9m revela que, na Bol\u00edvia, 30% das adultas n\u00e3o sabem ler ou escrever, contra 5% dos homens. CME tamb\u00e9m mostra que 94% das meninas est\u00e3o matriculadas em s\u00e9ries da educa\u00e7\u00e3o prim\u00e1ria, mas apenas 69% est\u00e3o matriculadas na educa\u00e7\u00e3o secund\u00e1ria.<\/p>\n<p>N\u00e3o poder ir \u00e0 escola n\u00e3o \u00e9 o \u00fanico problema enfrentado por mulheres e meninas. Campanha Mundial pela Educa\u00e7\u00e3o alerta para a reprodu\u00e7\u00e3o dos estere\u00f3tipos de g\u00eanero nos materiais de estudo, no curr\u00edculo e no pr\u00f3prio ambiente escolar, assim como para a viol\u00eancia, os abusos e a explora\u00e7\u00e3o.<\/p>\n<p>As estudantes s\u00e3o as principais v\u00edtimas de viol\u00eancia sexual nas escolas. Equador, Col\u00f4mbia e M\u00e9xico publicaram estudos recentes em que denunciam a gravidade da situa\u00e7\u00e3o. Na cidade colombiana de Bogot\u00e1, a viol\u00eancia sexual cresceu 138% de 2004 a 2008. A Promotoria do pa\u00eds recebeu 542 den\u00fancias por maus-tratos e abusos sexuais cometidos em escolas p\u00fablicas. Apenas 32 casos foram resolvidos.<\/p>\n<p>Na cidade do M\u00e9xico, de 2001 a 2010 foram realizadas 3.242 den\u00fancias na Unidade para a Aten\u00e7\u00e3o do Maltrato e Abuso Sexual Infantil (Uamasi). 85,78% dos casos foram praticados por profissionais da escola (diretores, professores, administrados e empregados) e 15% s\u00e3o den\u00fancias de abuso ou ass\u00e9dio sexual. No Equador, uma em cada quatro estudantes j\u00e1 sofreu abuso sexual. Os agressores s\u00e3o, na maioria das vezes, professores, companheiros de sala e vizinhos.<\/p>\n<p>As meninas s\u00e3o preteridas tamb\u00e9m quando o assunto \u00e9 pagar por educa\u00e7\u00e3o. O relat\u00f3rio apresentado ao Comit\u00ea aponta que, quando as fam\u00edlias s\u00e3o obrigadas a escolher, preferem pagar para que os meninos estudem. &#8220;O dado sugere que ainda predomina a ideia de que \u00e9 mais importante educar aos homens e que as mulheres devem ficar em casa cuidando de seus irm\u00e3os e fazendo tarefas dom\u00e9sticas&#8221;.<\/p>\n<p>Falta de liberdade, discrimina\u00e7\u00e3o de g\u00eanero mais intensa nas zonas rurais, discrimina\u00e7\u00e3o contra adolescentes gr\u00e1vidas e casamentos precoces tamb\u00e9m s\u00e3o temas abordados no relat\u00f3rio e que merecem aten\u00e7\u00e3o para que se consiga eliminar as desigualdades de g\u00eanero na educa\u00e7\u00e3o em todo o mundo.<\/p>\n<p>V\u00e1rias informa\u00e7\u00f5es do relat\u00f3rio sobre discrimina\u00e7\u00e3o de g\u00eanero na educa\u00e7\u00e3o foram coletadas pela CME por meio de uma pesquisa que j\u00e1 entrevistou 509 estudantes e 250 professores\/as. Ainda \u00e9 poss\u00edvel responder at\u00e9 maio. O question\u00e1rio est\u00e1 no link:\u00a0<a href=\"http:\/\/www.campanaderechoeducacion.org\/sam2011\/entre-en-accion\/\" target=\"_blank\" rel=\"noopener\">http:\/\/www.campanaderechoeducacion.org\/sam2011\/entre-en-accion\/<\/a>.<\/p>\n<p>O relat\u00f3rio em ingl\u00eas pode ser lido em:\u00a0<a href=\"http:\/\/campaignforeducation.org\/docs\/reports\/GCE_INTERIM_Gender_Report.pdf\" target=\"_blank\" rel=\"noopener\">http:\/\/campaignforeducation.org\/docs\/reports\/GCE_INTERIM_Gender_Report.pdf<\/a>(PORTAL APRENDIZ, 02\/03\/12)<\/p>\n<p>Fonte:\u00a0<a href=\"http:\/\/www.cnte.org.br\/index.php\/component\/content\/article\/166-noticias\/9786-relatorio-ressalta-discriminacao-de-genero-na-educacao\">CNTE<\/a><\/p>\n","protected":false},"excerpt":{"rendered":"<p>Um dos principais objetivos do relat\u00f3rio \u00e9 chamar aten\u00e7\u00e3o para a falta de oportunidades iguais para meninos e meninas quando o assunto \u00e9 acesso ao ensino e conseguir superar esse problema.<\/p>\n","protected":false},"author":1,"featured_media":0,"comment_status":"open","ping_status":"open","sticky":false,"template":"","format":"standard","meta":{"site-container-style":"default","site-container-layout":"default","site-sidebar-layout":"default","disable-article-header":"default","disable-site-header":"default","disable-site-footer":"default","disable-content-area-spacing":"default","footnotes":""},"categories":[39,6,48],"tags":[],"class_list":["post-22114","post","type-post","status-publish","format-standard","hentry","category-discriminacao","category-educacao","category-inclusao"],"yoast_head":"<!-- This site is optimized with the Yoast SEO plugin v27.4 - https:\/\/yoast.com\/product\/yoast-seo-wordpress\/ -->\n<title>Relat\u00f3rio ressalta discrimina\u00e7\u00e3o de g\u00eanero na educa\u00e7\u00e3o -<\/title>\n<meta name=\"robots\" content=\"index, follow, max-snippet:-1, max-image-preview:large, max-video-preview:-1\" \/>\n<link rel=\"canonical\" href=\"https:\/\/inclusivenews.com.br\/?p=22114\" \/>\n<meta property=\"og:locale\" content=\"pt_PT\" \/>\n<meta property=\"og:type\" content=\"article\" \/>\n<meta property=\"og:title\" content=\"Relat\u00f3rio ressalta discrimina\u00e7\u00e3o de g\u00eanero na educa\u00e7\u00e3o -\" \/>\n<meta property=\"og:description\" content=\"Um dos principais objetivos do relat\u00f3rio \u00e9 chamar aten\u00e7\u00e3o para a falta de oportunidades iguais para meninos e meninas quando o assunto \u00e9 acesso ao ensino e conseguir superar esse problema.\" \/>\n<meta property=\"og:url\" content=\"https:\/\/inclusivenews.com.br\/?p=22114\" \/>\n<meta property=\"article:publisher\" content=\"https:\/\/www.facebook.com\/agenciainclusive\/\" \/>\n<meta property=\"article:published_time\" content=\"2012-03-06T10:48:00+00:00\" \/>\n<meta property=\"og:image\" content=\"http:\/\/inclusivenews.com.br\/wp-content\/uploads\/meninos-e-meninas-na-sala-de-aula-300x183.jpg\" \/>\n<meta name=\"author\" content=\"inclusivenews2024\" \/>\n<meta name=\"twitter:card\" content=\"summary_large_image\" \/>\n<meta name=\"twitter:label1\" content=\"Escrito por\" \/>\n\t<meta name=\"twitter:data1\" content=\"inclusivenews2024\" \/>\n\t<meta name=\"twitter:label2\" content=\"Tempo estimado de leitura\" \/>\n\t<meta name=\"twitter:data2\" content=\"3 minutos\" \/>\n<script type=\"application\/ld+json\" class=\"yoast-schema-graph\">{\"@context\":\"https:\\\/\\\/schema.org\",\"@graph\":[{\"@type\":\"Article\",\"@id\":\"https:\\\/\\\/inclusivenews.com.br\\\/?p=22114#article\",\"isPartOf\":{\"@id\":\"https:\\\/\\\/inclusivenews.com.br\\\/?p=22114\"},\"author\":{\"name\":\"inclusivenews2024\",\"@id\":\"https:\\\/\\\/inclusivenews.com.br\\\/#\\\/schema\\\/person\\\/ae4ec7087559b8692fb33b6fffd2273b\"},\"headline\":\"Relat\u00f3rio ressalta discrimina\u00e7\u00e3o de g\u00eanero na educa\u00e7\u00e3o\",\"datePublished\":\"2012-03-06T10:48:00+00:00\",\"mainEntityOfPage\":{\"@id\":\"https:\\\/\\\/inclusivenews.com.br\\\/?p=22114\"},\"wordCount\":705,\"commentCount\":0,\"publisher\":{\"@id\":\"https:\\\/\\\/inclusivenews.com.br\\\/#organization\"},\"image\":{\"@id\":\"https:\\\/\\\/inclusivenews.com.br\\\/?p=22114#primaryimage\"},\"thumbnailUrl\":\"http:\\\/\\\/inclusivenews.com.br\\\/wp-content\\\/uploads\\\/meninos-e-meninas-na-sala-de-aula-300x183.jpg\",\"articleSection\":[\"Discrimina\u00e7\u00e3o\",\"EDUCA\u00c7\u00c3O\",\"INCLUS\u00c3O SOCIAL\"],\"inLanguage\":\"pt-PT\",\"potentialAction\":[{\"@type\":\"CommentAction\",\"name\":\"Comment\",\"target\":[\"https:\\\/\\\/inclusivenews.com.br\\\/?p=22114#respond\"]}]},{\"@type\":\"WebPage\",\"@id\":\"https:\\\/\\\/inclusivenews.com.br\\\/?p=22114\",\"url\":\"https:\\\/\\\/inclusivenews.com.br\\\/?p=22114\",\"name\":\"Relat\u00f3rio ressalta discrimina\u00e7\u00e3o de g\u00eanero na educa\u00e7\u00e3o -\",\"isPartOf\":{\"@id\":\"https:\\\/\\\/inclusivenews.com.br\\\/#website\"},\"primaryImageOfPage\":{\"@id\":\"https:\\\/\\\/inclusivenews.com.br\\\/?p=22114#primaryimage\"},\"image\":{\"@id\":\"https:\\\/\\\/inclusivenews.com.br\\\/?p=22114#primaryimage\"},\"thumbnailUrl\":\"http:\\\/\\\/inclusivenews.com.br\\\/wp-content\\\/uploads\\\/meninos-e-meninas-na-sala-de-aula-300x183.jpg\",\"datePublished\":\"2012-03-06T10:48:00+00:00\",\"breadcrumb\":{\"@id\":\"https:\\\/\\\/inclusivenews.com.br\\\/?p=22114#breadcrumb\"},\"inLanguage\":\"pt-PT\",\"potentialAction\":[{\"@type\":\"ReadAction\",\"target\":[\"https:\\\/\\\/inclusivenews.com.br\\\/?p=22114\"]}]},{\"@type\":\"ImageObject\",\"inLanguage\":\"pt-PT\",\"@id\":\"https:\\\/\\\/inclusivenews.com.br\\\/?p=22114#primaryimage\",\"url\":\"\",\"contentUrl\":\"\"},{\"@type\":\"BreadcrumbList\",\"@id\":\"https:\\\/\\\/inclusivenews.com.br\\\/?p=22114#breadcrumb\",\"itemListElement\":[{\"@type\":\"ListItem\",\"position\":1,\"name\":\"In\u00edcio\",\"item\":\"https:\\\/\\\/inclusivenews.com.br\\\/\"},{\"@type\":\"ListItem\",\"position\":2,\"name\":\"Relat\u00f3rio ressalta discrimina\u00e7\u00e3o de g\u00eanero na educa\u00e7\u00e3o\"}]},{\"@type\":\"WebSite\",\"@id\":\"https:\\\/\\\/inclusivenews.com.br\\\/#website\",\"url\":\"https:\\\/\\\/inclusivenews.com.br\\\/\",\"name\":\"Inclusive News\",\"description\":\"Inclusive News\",\"publisher\":{\"@id\":\"https:\\\/\\\/inclusivenews.com.br\\\/#organization\"},\"potentialAction\":[{\"@type\":\"SearchAction\",\"target\":{\"@type\":\"EntryPoint\",\"urlTemplate\":\"https:\\\/\\\/inclusivenews.com.br\\\/?s={search_term_string}\"},\"query-input\":{\"@type\":\"PropertyValueSpecification\",\"valueRequired\":true,\"valueName\":\"search_term_string\"}}],\"inLanguage\":\"pt-PT\"},{\"@type\":\"Organization\",\"@id\":\"https:\\\/\\\/inclusivenews.com.br\\\/#organization\",\"name\":\"Inclusive - inclus\u00e3o e cidadania\",\"url\":\"https:\\\/\\\/inclusivenews.com.br\\\/\",\"logo\":{\"@type\":\"ImageObject\",\"inLanguage\":\"pt-PT\",\"@id\":\"https:\\\/\\\/inclusivenews.com.br\\\/#\\\/schema\\\/logo\\\/image\\\/\",\"url\":\"https:\\\/\\\/inclusivenews.com.br\\\/wp-content\\\/uploads\\\/2024\\\/03\\\/@grandesite.png\",\"contentUrl\":\"https:\\\/\\\/inclusivenews.com.br\\\/wp-content\\\/uploads\\\/2024\\\/03\\\/@grandesite.png\",\"width\":1080,\"height\":1080,\"caption\":\"Inclusive - inclus\u00e3o e cidadania\"},\"image\":{\"@id\":\"https:\\\/\\\/inclusivenews.com.br\\\/#\\\/schema\\\/logo\\\/image\\\/\"},\"sameAs\":[\"https:\\\/\\\/www.facebook.com\\\/agenciainclusive\\\/\",\"https:\\\/\\\/www.instagram.com\\\/newsinclusive\\\/\"]},{\"@type\":\"Person\",\"@id\":\"https:\\\/\\\/inclusivenews.com.br\\\/#\\\/schema\\\/person\\\/ae4ec7087559b8692fb33b6fffd2273b\",\"name\":\"inclusivenews2024\",\"image\":{\"@type\":\"ImageObject\",\"inLanguage\":\"pt-PT\",\"@id\":\"https:\\\/\\\/secure.gravatar.com\\\/avatar\\\/c5a7ef84c66fa914f55bc4f7ce26cfa275a3b9a1c5568b907bd184fb4dde7b40?s=96&d=mm&r=g\",\"url\":\"https:\\\/\\\/secure.gravatar.com\\\/avatar\\\/c5a7ef84c66fa914f55bc4f7ce26cfa275a3b9a1c5568b907bd184fb4dde7b40?s=96&d=mm&r=g\",\"contentUrl\":\"https:\\\/\\\/secure.gravatar.com\\\/avatar\\\/c5a7ef84c66fa914f55bc4f7ce26cfa275a3b9a1c5568b907bd184fb4dde7b40?s=96&d=mm&r=g\",\"caption\":\"inclusivenews2024\"},\"sameAs\":[\"https:\\\/\\\/inclusivenews.com.br\"],\"url\":\"https:\\\/\\\/inclusivenews.com.br\\\/?author=1\"}]}<\/script>\n<!-- \/ Yoast SEO plugin. -->","yoast_head_json":{"title":"Relat\u00f3rio ressalta discrimina\u00e7\u00e3o de g\u00eanero na educa\u00e7\u00e3o -","robots":{"index":"index","follow":"follow","max-snippet":"max-snippet:-1","max-image-preview":"max-image-preview:large","max-video-preview":"max-video-preview:-1"},"canonical":"https:\/\/inclusivenews.com.br\/?p=22114","og_locale":"pt_PT","og_type":"article","og_title":"Relat\u00f3rio ressalta discrimina\u00e7\u00e3o de g\u00eanero na educa\u00e7\u00e3o -","og_description":"Um dos principais objetivos do relat\u00f3rio \u00e9 chamar aten\u00e7\u00e3o para a falta de oportunidades iguais para meninos e meninas quando o assunto \u00e9 acesso ao ensino e conseguir superar esse problema.","og_url":"https:\/\/inclusivenews.com.br\/?p=22114","article_publisher":"https:\/\/www.facebook.com\/agenciainclusive\/","article_published_time":"2012-03-06T10:48:00+00:00","og_image":[{"url":"http:\/\/inclusivenews.com.br\/wp-content\/uploads\/meninos-e-meninas-na-sala-de-aula-300x183.jpg","type":"","width":"","height":""}],"author":"inclusivenews2024","twitter_card":"summary_large_image","twitter_misc":{"Escrito por":"inclusivenews2024","Tempo estimado de leitura":"3 minutos"},"schema":{"@context":"https:\/\/schema.org","@graph":[{"@type":"Article","@id":"https:\/\/inclusivenews.com.br\/?p=22114#article","isPartOf":{"@id":"https:\/\/inclusivenews.com.br\/?p=22114"},"author":{"name":"inclusivenews2024","@id":"https:\/\/inclusivenews.com.br\/#\/schema\/person\/ae4ec7087559b8692fb33b6fffd2273b"},"headline":"Relat\u00f3rio ressalta discrimina\u00e7\u00e3o de g\u00eanero na educa\u00e7\u00e3o","datePublished":"2012-03-06T10:48:00+00:00","mainEntityOfPage":{"@id":"https:\/\/inclusivenews.com.br\/?p=22114"},"wordCount":705,"commentCount":0,"publisher":{"@id":"https:\/\/inclusivenews.com.br\/#organization"},"image":{"@id":"https:\/\/inclusivenews.com.br\/?p=22114#primaryimage"},"thumbnailUrl":"http:\/\/inclusivenews.com.br\/wp-content\/uploads\/meninos-e-meninas-na-sala-de-aula-300x183.jpg","articleSection":["Discrimina\u00e7\u00e3o","EDUCA\u00c7\u00c3O","INCLUS\u00c3O SOCIAL"],"inLanguage":"pt-PT","potentialAction":[{"@type":"CommentAction","name":"Comment","target":["https:\/\/inclusivenews.com.br\/?p=22114#respond"]}]},{"@type":"WebPage","@id":"https:\/\/inclusivenews.com.br\/?p=22114","url":"https:\/\/inclusivenews.com.br\/?p=22114","name":"Relat\u00f3rio ressalta discrimina\u00e7\u00e3o de g\u00eanero na educa\u00e7\u00e3o -","isPartOf":{"@id":"https:\/\/inclusivenews.com.br\/#website"},"primaryImageOfPage":{"@id":"https:\/\/inclusivenews.com.br\/?p=22114#primaryimage"},"image":{"@id":"https:\/\/inclusivenews.com.br\/?p=22114#primaryimage"},"thumbnailUrl":"http:\/\/inclusivenews.com.br\/wp-content\/uploads\/meninos-e-meninas-na-sala-de-aula-300x183.jpg","datePublished":"2012-03-06T10:48:00+00:00","breadcrumb":{"@id":"https:\/\/inclusivenews.com.br\/?p=22114#breadcrumb"},"inLanguage":"pt-PT","potentialAction":[{"@type":"ReadAction","target":["https:\/\/inclusivenews.com.br\/?p=22114"]}]},{"@type":"ImageObject","inLanguage":"pt-PT","@id":"https:\/\/inclusivenews.com.br\/?p=22114#primaryimage","url":"","contentUrl":""},{"@type":"BreadcrumbList","@id":"https:\/\/inclusivenews.com.br\/?p=22114#breadcrumb","itemListElement":[{"@type":"ListItem","position":1,"name":"In\u00edcio","item":"https:\/\/inclusivenews.com.br\/"},{"@type":"ListItem","position":2,"name":"Relat\u00f3rio ressalta discrimina\u00e7\u00e3o de g\u00eanero na educa\u00e7\u00e3o"}]},{"@type":"WebSite","@id":"https:\/\/inclusivenews.com.br\/#website","url":"https:\/\/inclusivenews.com.br\/","name":"Inclusive News","description":"Inclusive News","publisher":{"@id":"https:\/\/inclusivenews.com.br\/#organization"},"potentialAction":[{"@type":"SearchAction","target":{"@type":"EntryPoint","urlTemplate":"https:\/\/inclusivenews.com.br\/?s={search_term_string}"},"query-input":{"@type":"PropertyValueSpecification","valueRequired":true,"valueName":"search_term_string"}}],"inLanguage":"pt-PT"},{"@type":"Organization","@id":"https:\/\/inclusivenews.com.br\/#organization","name":"Inclusive - inclus\u00e3o e cidadania","url":"https:\/\/inclusivenews.com.br\/","logo":{"@type":"ImageObject","inLanguage":"pt-PT","@id":"https:\/\/inclusivenews.com.br\/#\/schema\/logo\/image\/","url":"https:\/\/inclusivenews.com.br\/wp-content\/uploads\/2024\/03\/@grandesite.png","contentUrl":"https:\/\/inclusivenews.com.br\/wp-content\/uploads\/2024\/03\/@grandesite.png","width":1080,"height":1080,"caption":"Inclusive - inclus\u00e3o e cidadania"},"image":{"@id":"https:\/\/inclusivenews.com.br\/#\/schema\/logo\/image\/"},"sameAs":["https:\/\/www.facebook.com\/agenciainclusive\/","https:\/\/www.instagram.com\/newsinclusive\/"]},{"@type":"Person","@id":"https:\/\/inclusivenews.com.br\/#\/schema\/person\/ae4ec7087559b8692fb33b6fffd2273b","name":"inclusivenews2024","image":{"@type":"ImageObject","inLanguage":"pt-PT","@id":"https:\/\/secure.gravatar.com\/avatar\/c5a7ef84c66fa914f55bc4f7ce26cfa275a3b9a1c5568b907bd184fb4dde7b40?s=96&d=mm&r=g","url":"https:\/\/secure.gravatar.com\/avatar\/c5a7ef84c66fa914f55bc4f7ce26cfa275a3b9a1c5568b907bd184fb4dde7b40?s=96&d=mm&r=g","contentUrl":"https:\/\/secure.gravatar.com\/avatar\/c5a7ef84c66fa914f55bc4f7ce26cfa275a3b9a1c5568b907bd184fb4dde7b40?s=96&d=mm&r=g","caption":"inclusivenews2024"},"sameAs":["https:\/\/inclusivenews.com.br"],"url":"https:\/\/inclusivenews.com.br\/?author=1"}]}},"_links":{"self":[{"href":"https:\/\/inclusivenews.com.br\/index.php?rest_route=\/wp\/v2\/posts\/22114","targetHints":{"allow":["GET"]}}],"collection":[{"href":"https:\/\/inclusivenews.com.br\/index.php?rest_route=\/wp\/v2\/posts"}],"about":[{"href":"https:\/\/inclusivenews.com.br\/index.php?rest_route=\/wp\/v2\/types\/post"}],"author":[{"embeddable":true,"href":"https:\/\/inclusivenews.com.br\/index.php?rest_route=\/wp\/v2\/users\/1"}],"replies":[{"embeddable":true,"href":"https:\/\/inclusivenews.com.br\/index.php?rest_route=%2Fwp%2Fv2%2Fcomments&post=22114"}],"version-history":[{"count":0,"href":"https:\/\/inclusivenews.com.br\/index.php?rest_route=\/wp\/v2\/posts\/22114\/revisions"}],"wp:attachment":[{"href":"https:\/\/inclusivenews.com.br\/index.php?rest_route=%2Fwp%2Fv2%2Fmedia&parent=22114"}],"wp:term":[{"taxonomy":"category","embeddable":true,"href":"https:\/\/inclusivenews.com.br\/index.php?rest_route=%2Fwp%2Fv2%2Fcategories&post=22114"},{"taxonomy":"post_tag","embeddable":true,"href":"https:\/\/inclusivenews.com.br\/index.php?rest_route=%2Fwp%2Fv2%2Ftags&post=22114"}],"curies":[{"name":"wp","href":"https:\/\/api.w.org\/{rel}","templated":true}]}}