{"id":22126,"date":"2012-03-06T07:48:41","date_gmt":"2012-03-06T10:48:41","guid":{"rendered":"http:\/\/www.inclusive.org.br\/?p=22126"},"modified":"2012-03-06T07:48:41","modified_gmt":"2012-03-06T10:48:41","slug":"que-a-saude-se-difunda-sobre-a-terra","status":"publish","type":"post","link":"https:\/\/inclusivenews.com.br\/?p=22126","title":{"rendered":"Que a sa\u00fade se difunda sobre a Terra"},"content":{"rendered":"<figure style=\"width: 188px\" class=\"wp-caption alignleft\"><img loading=\"lazy\" decoding=\"async\" title=\"Cartaz da Camapanha da Fraternidade 2012 - o profissional de p\u00e9 trajando branco, o cliente sentado, olhos nos olhos. Lembra a acolhida e o compromisso do profissional de sa\u00fade gerando uma rela\u00e7\u00e3o de confian\u00e7a.\" src=\"http:\/\/1.bp.blogspot.com\/-CPh0lolyCYU\/T0l6MuKNq5I\/AAAAAAAAAgc\/-s3w0dJbUJ0\/s1600\/fraternidade+12.jpeg\" alt=\"\" width=\"188\" height=\"269\" \/><figcaption class=\"wp-caption-text\"> <\/figcaption><\/figure>\n<p><strong>Por Beto Volpe<\/strong><\/p>\n<p>A CNBB foi muito feliz ao adotar a defesa da sa\u00fade p\u00fablica para a Campanha da Fraternidade 2012, que leva como tema o t\u00edtulo deste texto e \u00e9 extra\u00eddo da B\u00edblia em Eclesi\u00e1stico 38.8. Se tem algo que a Igreja n\u00e3o compreende, tanto quanto os miser\u00e1veis clientes do SUS, \u00e9 o Brasil investir apenas 3,24% do PIB em Sa\u00fade ao passo que pa\u00edses com bons sistemas aplicam em m\u00e9dia 6,7%. Coerentemente defende a &#8216;EC 29 como alternativa para enfrentar essa problem\u00e1tica&#8217;. Assim como foi certeira ao afirmar que a convers\u00e3o desse Sistema &#8216;pede que as estruturas de morte sejam transformadas&#8217;. Estruturas de morte, refer\u00eancia e contra refer\u00eancia.<\/p>\n<p>Faz preciosas considera\u00e7\u00f5es sobre doen\u00e7a, sa\u00fade e salva\u00e7\u00e3o. Conseguiu exprimir um sentimento muitas vezes percebido por mim, o de que aquele corpo com AIDS n\u00e3o era meu corpo. Aquele corpo com defici\u00eancia n\u00e3o era meu corpo. Aquele corpo com c\u00e2ncer n\u00e3o era meu corpo. &#8216;Um outro independente, rebelde e agressor. Ningu\u00e9m escolhe ficar doente. A doen\u00e7a se imp\u00f5e. Ela pode tolher nosso direito de ir e vir. A doen\u00e7a \u00e9, por isso, um forte convite \u00e0 reconcilia\u00e7\u00e3o e \u00e0 harmoniza\u00e7\u00e3o com nosso pr\u00f3prio ser.&#8217; N\u00e3o poderiam ter sido mais precisos, tanto na dificuldade quanto na oportunidade. Mais um d\u00e9j\u00e0 vu. A vernacular rela\u00e7\u00e3o entre sa\u00fade e salva\u00e7\u00e3o, presente no grego e no latim dente outras l\u00ednguas antigas, reconhece que para a promo\u00e7\u00e3o da Sa\u00fade \u00e9 necess\u00e1rio \u00e0 sociedade &#8216;curar-se do medo de se aproximar do outro, de se tornar pr\u00f3ximo do outro, pois isto implica aceitar tornar-se fr\u00e1gil nas m\u00e3os de outrem.&#8217;<\/p>\n<p>Confesso que, mesmo tendo s\u00e9rios questionamentos sobre alguns princ\u00edpios e pr\u00e1ticas da Igreja Cat\u00f3lica, fiquei emocionado pela profundidade com que a A\u00e7\u00e3o Evangelizadora nortear\u00e1 a Igreja para que &#8216;aconte\u00e7a uma convers\u00e3o pastoral que a coloque em estado permanente de miss\u00e3o.&#8217; E essa miss\u00e3o passa por refletir sobre a Sa\u00fade no Brasil e mobilizar a comunidade por melhorias do SUS, especialmente seu justo financiamento, o que implica em qualifica\u00e7\u00e3o de lideran\u00e7as comunit\u00e1rias em direitos humanos e controle social.<\/p>\n<p>Destaca as Pastorais da Sa\u00fade (e nossas Pastorais da AIDS) como agentes priorit\u00e1rios na capilariza\u00e7\u00e3o de toda essa Campanha. Elas dever\u00e3o ser criadas em todos os rinc\u00f5es e fortalecidas onde j\u00e1 existem. E j\u00e1 vem com propostas bem claras para o SUS:<\/p>\n<p>\u2022Priorizar a aten\u00e7\u00e3o b\u00e1sica em rela\u00e7\u00e3o aos outros n\u00edveis de aten\u00e7\u00e3o \u00e0 sa\u00fade, fortalecendo as redes especializadas de aten\u00e7\u00e3o \u00e0 sa\u00fade.<br \/>\n\u2022estudar uma forma de co-participa\u00e7\u00e3o ou contribui\u00e7\u00e3o \u00e0 sa\u00fade p\u00fablica dos setores empresariais que usufruem ou estimulam h\u00e1bitos inadequados \u00e0 sa\u00fade<br \/>\n\u2022cria\u00e7\u00e3o, no Poder Judici\u00e1rio, da \u2018Vara da Sa\u00fade\u2019, para atendimento especializado e eficaz neste segmento.<br \/>\n\u2022estimular a \u2018quarentena pol\u00edtica\u2019 (proibi\u00e7\u00e3o de se candidatar, durante certo per\u00edodo, a cargos) aos gestores t\u00e9cnicos que deixarem o cargo, no governo.<br \/>\nA CNBB faz men\u00e7\u00e3o especial a crian\u00e7as e idosos, trata de h\u00e1bitos e todo tipo de contrapartida social e individual para a efetiva\u00e7\u00e3o do Sistema, menciona a AIDS como uma de suas prioridades mas n\u00e3o toca no assunto preven\u00e7\u00e3o a epidemias. Chamaram-me aten\u00e7\u00e3o as considera\u00e7\u00f5es sobre a dignidade de viver e morrer:<\/p>\n<p>&#8216;\u2022Antes de existir um direito \u00e0 morte humana, h\u00e1 que ressaltar o direito de que a vida possa ter condi\u00e7\u00f5es de ser conservada, preservada e desabrochada plenamente.<br \/>\n\u2022Precisamos de sabedoria e \u00e9tica samaritana para cuidar das pessoas que est\u00e3o se aproximando do final de suas exist\u00eancias. O desafio \u00e9tico \u00e9 considerar a quest\u00e3o da dignidade no adeus \u00e0 vida. \u00c9 a obstina\u00e7\u00e3o terap\u00eautica (distan\u00e1sia) adiando o inevit\u00e1vel, que acrescenta mais sofrimento e vida quantitativa que qualidade de vida.&#8217;<\/p>\n<p>Precisamos da mesma sabedoria e \u00e9tica para cuidar das pessoas que est\u00e3o se acotovelando nos postos de sa\u00fade e hospitais atr\u00e1s de atendimento digno e integral. E tamb\u00e9m para cuidar de gestores e profissionais de sa\u00fade descomprometidos com a sa\u00fade p\u00fablica. E que essa tal distan\u00e1sia se transforme na dedica\u00e7\u00e3o esperada pelos padroeiros de todas as disciplinas envolvidas na aten\u00e7\u00e3o \u00e0 sa\u00fade da comunidade.<\/p>\n<p>Parab\u00e9ns \u00e0 CNBB por essa campanha que \u00e9 a cara do Brasil.<br \/>\nPara que a Sa\u00fade se difunda sobre nosso pa\u00eds.<br \/>\nAm\u00e9m.<\/p>\n<p>Fonte: <a href=\"http:\/\/www.cargaviral.blogspot.com\/2012\/02\/que-saude-se-difunda-sobre-terra.html\">Carga Viral<\/a><\/p>\n","protected":false},"excerpt":{"rendered":"<p>Por Beto Volpe &#8211; A CNBB foi muito feliz ao adotar a defesa da sa\u00fade p\u00fablica para a Campanha da Fraternidade 2012, que leva como tema o t\u00edtulo deste texto e \u00e9 extra\u00eddo da B\u00edblia em Eclesi\u00e1stico 38.8. Se tem algo que a Igreja n\u00e3o compreende, tanto quanto os miser\u00e1veis clientes do SUS, \u00e9 o Brasil investir apenas 3,24% do PIB em Sa\u00fade ao passo que pa\u00edses com bons sistemas aplicam em m\u00e9dia 6,7%. <\/p>\n","protected":false},"author":1,"featured_media":0,"comment_status":"open","ping_status":"open","sticky":false,"template":"","format":"standard","meta":{"site-container-style":"default","site-container-layout":"default","site-sidebar-layout":"default","disable-article-header":"default","disable-site-header":"default","disable-site-footer":"default","disable-content-area-spacing":"default","footnotes":""},"categories":[8,37],"tags":[],"class_list":["post-22126","post","type-post","status-publish","format-standard","hentry","category-textos-e-artigos","category-saude"],"yoast_head":"<!-- This site is optimized with the Yoast SEO plugin v27.4 - https:\/\/yoast.com\/product\/yoast-seo-wordpress\/ -->\n<title>Que a sa\u00fade se difunda sobre a Terra -<\/title>\n<meta name=\"robots\" content=\"index, follow, max-snippet:-1, max-image-preview:large, max-video-preview:-1\" \/>\n<link rel=\"canonical\" href=\"https:\/\/inclusivenews.com.br\/?p=22126\" \/>\n<meta property=\"og:locale\" content=\"pt_PT\" \/>\n<meta property=\"og:type\" content=\"article\" \/>\n<meta property=\"og:title\" content=\"Que a sa\u00fade se difunda sobre a Terra -\" \/>\n<meta property=\"og:description\" content=\"Por Beto Volpe - A CNBB foi muito feliz ao adotar a defesa da sa\u00fade p\u00fablica para a Campanha da Fraternidade 2012, que leva como tema o t\u00edtulo deste texto e \u00e9 extra\u00eddo da B\u00edblia em Eclesi\u00e1stico 38.8. Se tem algo que a Igreja n\u00e3o compreende, tanto quanto os miser\u00e1veis clientes do SUS, \u00e9 o Brasil investir apenas 3,24% do PIB em Sa\u00fade ao passo que pa\u00edses com bons sistemas aplicam em m\u00e9dia 6,7%.\" \/>\n<meta property=\"og:url\" content=\"https:\/\/inclusivenews.com.br\/?p=22126\" \/>\n<meta property=\"article:publisher\" content=\"https:\/\/www.facebook.com\/agenciainclusive\/\" \/>\n<meta property=\"article:published_time\" content=\"2012-03-06T10:48:41+00:00\" \/>\n<meta property=\"og:image\" content=\"http:\/\/1.bp.blogspot.com\/-CPh0lolyCYU\/T0l6MuKNq5I\/AAAAAAAAAgc\/-s3w0dJbUJ0\/s1600\/fraternidade+12.jpeg\" \/>\n<meta name=\"author\" content=\"inclusivenews2024\" \/>\n<meta name=\"twitter:card\" content=\"summary_large_image\" \/>\n<meta name=\"twitter:label1\" content=\"Escrito por\" \/>\n\t<meta name=\"twitter:data1\" content=\"inclusivenews2024\" \/>\n\t<meta name=\"twitter:label2\" content=\"Tempo estimado de leitura\" \/>\n\t<meta name=\"twitter:data2\" content=\"4 minutos\" \/>\n<script type=\"application\/ld+json\" class=\"yoast-schema-graph\">{\"@context\":\"https:\\\/\\\/schema.org\",\"@graph\":[{\"@type\":\"Article\",\"@id\":\"https:\\\/\\\/inclusivenews.com.br\\\/?p=22126#article\",\"isPartOf\":{\"@id\":\"https:\\\/\\\/inclusivenews.com.br\\\/?p=22126\"},\"author\":{\"name\":\"inclusivenews2024\",\"@id\":\"https:\\\/\\\/inclusivenews.com.br\\\/#\\\/schema\\\/person\\\/ae4ec7087559b8692fb33b6fffd2273b\"},\"headline\":\"Que a sa\u00fade se difunda sobre a Terra\",\"datePublished\":\"2012-03-06T10:48:41+00:00\",\"mainEntityOfPage\":{\"@id\":\"https:\\\/\\\/inclusivenews.com.br\\\/?p=22126\"},\"wordCount\":785,\"commentCount\":0,\"publisher\":{\"@id\":\"https:\\\/\\\/inclusivenews.com.br\\\/#organization\"},\"image\":{\"@id\":\"https:\\\/\\\/inclusivenews.com.br\\\/?p=22126#primaryimage\"},\"thumbnailUrl\":\"http:\\\/\\\/1.bp.blogspot.com\\\/-CPh0lolyCYU\\\/T0l6MuKNq5I\\\/AAAAAAAAAgc\\\/-s3w0dJbUJ0\\\/s1600\\\/fraternidade+12.jpeg\",\"articleSection\":[\"OPINI\u00c3O\",\"Sa\u00fade\"],\"inLanguage\":\"pt-PT\",\"potentialAction\":[{\"@type\":\"CommentAction\",\"name\":\"Comment\",\"target\":[\"https:\\\/\\\/inclusivenews.com.br\\\/?p=22126#respond\"]}]},{\"@type\":\"WebPage\",\"@id\":\"https:\\\/\\\/inclusivenews.com.br\\\/?p=22126\",\"url\":\"https:\\\/\\\/inclusivenews.com.br\\\/?p=22126\",\"name\":\"Que a sa\u00fade se difunda sobre a Terra -\",\"isPartOf\":{\"@id\":\"https:\\\/\\\/inclusivenews.com.br\\\/#website\"},\"primaryImageOfPage\":{\"@id\":\"https:\\\/\\\/inclusivenews.com.br\\\/?p=22126#primaryimage\"},\"image\":{\"@id\":\"https:\\\/\\\/inclusivenews.com.br\\\/?p=22126#primaryimage\"},\"thumbnailUrl\":\"http:\\\/\\\/1.bp.blogspot.com\\\/-CPh0lolyCYU\\\/T0l6MuKNq5I\\\/AAAAAAAAAgc\\\/-s3w0dJbUJ0\\\/s1600\\\/fraternidade+12.jpeg\",\"datePublished\":\"2012-03-06T10:48:41+00:00\",\"breadcrumb\":{\"@id\":\"https:\\\/\\\/inclusivenews.com.br\\\/?p=22126#breadcrumb\"},\"inLanguage\":\"pt-PT\",\"potentialAction\":[{\"@type\":\"ReadAction\",\"target\":[\"https:\\\/\\\/inclusivenews.com.br\\\/?p=22126\"]}]},{\"@type\":\"ImageObject\",\"inLanguage\":\"pt-PT\",\"@id\":\"https:\\\/\\\/inclusivenews.com.br\\\/?p=22126#primaryimage\",\"url\":\"http:\\\/\\\/1.bp.blogspot.com\\\/-CPh0lolyCYU\\\/T0l6MuKNq5I\\\/AAAAAAAAAgc\\\/-s3w0dJbUJ0\\\/s1600\\\/fraternidade+12.jpeg\",\"contentUrl\":\"http:\\\/\\\/1.bp.blogspot.com\\\/-CPh0lolyCYU\\\/T0l6MuKNq5I\\\/AAAAAAAAAgc\\\/-s3w0dJbUJ0\\\/s1600\\\/fraternidade+12.jpeg\"},{\"@type\":\"BreadcrumbList\",\"@id\":\"https:\\\/\\\/inclusivenews.com.br\\\/?p=22126#breadcrumb\",\"itemListElement\":[{\"@type\":\"ListItem\",\"position\":1,\"name\":\"In\u00edcio\",\"item\":\"https:\\\/\\\/inclusivenews.com.br\\\/\"},{\"@type\":\"ListItem\",\"position\":2,\"name\":\"Que a sa\u00fade se difunda sobre a Terra\"}]},{\"@type\":\"WebSite\",\"@id\":\"https:\\\/\\\/inclusivenews.com.br\\\/#website\",\"url\":\"https:\\\/\\\/inclusivenews.com.br\\\/\",\"name\":\"Inclusive News\",\"description\":\"Inclusive News\",\"publisher\":{\"@id\":\"https:\\\/\\\/inclusivenews.com.br\\\/#organization\"},\"potentialAction\":[{\"@type\":\"SearchAction\",\"target\":{\"@type\":\"EntryPoint\",\"urlTemplate\":\"https:\\\/\\\/inclusivenews.com.br\\\/?s={search_term_string}\"},\"query-input\":{\"@type\":\"PropertyValueSpecification\",\"valueRequired\":true,\"valueName\":\"search_term_string\"}}],\"inLanguage\":\"pt-PT\"},{\"@type\":\"Organization\",\"@id\":\"https:\\\/\\\/inclusivenews.com.br\\\/#organization\",\"name\":\"Inclusive - inclus\u00e3o e cidadania\",\"url\":\"https:\\\/\\\/inclusivenews.com.br\\\/\",\"logo\":{\"@type\":\"ImageObject\",\"inLanguage\":\"pt-PT\",\"@id\":\"https:\\\/\\\/inclusivenews.com.br\\\/#\\\/schema\\\/logo\\\/image\\\/\",\"url\":\"https:\\\/\\\/inclusivenews.com.br\\\/wp-content\\\/uploads\\\/2024\\\/03\\\/@grandesite.png\",\"contentUrl\":\"https:\\\/\\\/inclusivenews.com.br\\\/wp-content\\\/uploads\\\/2024\\\/03\\\/@grandesite.png\",\"width\":1080,\"height\":1080,\"caption\":\"Inclusive - inclus\u00e3o e cidadania\"},\"image\":{\"@id\":\"https:\\\/\\\/inclusivenews.com.br\\\/#\\\/schema\\\/logo\\\/image\\\/\"},\"sameAs\":[\"https:\\\/\\\/www.facebook.com\\\/agenciainclusive\\\/\",\"https:\\\/\\\/www.instagram.com\\\/newsinclusive\\\/\"]},{\"@type\":\"Person\",\"@id\":\"https:\\\/\\\/inclusivenews.com.br\\\/#\\\/schema\\\/person\\\/ae4ec7087559b8692fb33b6fffd2273b\",\"name\":\"inclusivenews2024\",\"image\":{\"@type\":\"ImageObject\",\"inLanguage\":\"pt-PT\",\"@id\":\"https:\\\/\\\/secure.gravatar.com\\\/avatar\\\/c5a7ef84c66fa914f55bc4f7ce26cfa275a3b9a1c5568b907bd184fb4dde7b40?s=96&d=mm&r=g\",\"url\":\"https:\\\/\\\/secure.gravatar.com\\\/avatar\\\/c5a7ef84c66fa914f55bc4f7ce26cfa275a3b9a1c5568b907bd184fb4dde7b40?s=96&d=mm&r=g\",\"contentUrl\":\"https:\\\/\\\/secure.gravatar.com\\\/avatar\\\/c5a7ef84c66fa914f55bc4f7ce26cfa275a3b9a1c5568b907bd184fb4dde7b40?s=96&d=mm&r=g\",\"caption\":\"inclusivenews2024\"},\"sameAs\":[\"https:\\\/\\\/inclusivenews.com.br\"],\"url\":\"https:\\\/\\\/inclusivenews.com.br\\\/?author=1\"}]}<\/script>\n<!-- \/ Yoast SEO plugin. -->","yoast_head_json":{"title":"Que a sa\u00fade se difunda sobre a Terra -","robots":{"index":"index","follow":"follow","max-snippet":"max-snippet:-1","max-image-preview":"max-image-preview:large","max-video-preview":"max-video-preview:-1"},"canonical":"https:\/\/inclusivenews.com.br\/?p=22126","og_locale":"pt_PT","og_type":"article","og_title":"Que a sa\u00fade se difunda sobre a Terra -","og_description":"Por Beto Volpe - A CNBB foi muito feliz ao adotar a defesa da sa\u00fade p\u00fablica para a Campanha da Fraternidade 2012, que leva como tema o t\u00edtulo deste texto e \u00e9 extra\u00eddo da B\u00edblia em Eclesi\u00e1stico 38.8. Se tem algo que a Igreja n\u00e3o compreende, tanto quanto os miser\u00e1veis clientes do SUS, \u00e9 o Brasil investir apenas 3,24% do PIB em Sa\u00fade ao passo que pa\u00edses com bons sistemas aplicam em m\u00e9dia 6,7%.","og_url":"https:\/\/inclusivenews.com.br\/?p=22126","article_publisher":"https:\/\/www.facebook.com\/agenciainclusive\/","article_published_time":"2012-03-06T10:48:41+00:00","og_image":[{"url":"http:\/\/1.bp.blogspot.com\/-CPh0lolyCYU\/T0l6MuKNq5I\/AAAAAAAAAgc\/-s3w0dJbUJ0\/s1600\/fraternidade+12.jpeg","type":"","width":"","height":""}],"author":"inclusivenews2024","twitter_card":"summary_large_image","twitter_misc":{"Escrito por":"inclusivenews2024","Tempo estimado de leitura":"4 minutos"},"schema":{"@context":"https:\/\/schema.org","@graph":[{"@type":"Article","@id":"https:\/\/inclusivenews.com.br\/?p=22126#article","isPartOf":{"@id":"https:\/\/inclusivenews.com.br\/?p=22126"},"author":{"name":"inclusivenews2024","@id":"https:\/\/inclusivenews.com.br\/#\/schema\/person\/ae4ec7087559b8692fb33b6fffd2273b"},"headline":"Que a sa\u00fade se difunda sobre a Terra","datePublished":"2012-03-06T10:48:41+00:00","mainEntityOfPage":{"@id":"https:\/\/inclusivenews.com.br\/?p=22126"},"wordCount":785,"commentCount":0,"publisher":{"@id":"https:\/\/inclusivenews.com.br\/#organization"},"image":{"@id":"https:\/\/inclusivenews.com.br\/?p=22126#primaryimage"},"thumbnailUrl":"http:\/\/1.bp.blogspot.com\/-CPh0lolyCYU\/T0l6MuKNq5I\/AAAAAAAAAgc\/-s3w0dJbUJ0\/s1600\/fraternidade+12.jpeg","articleSection":["OPINI\u00c3O","Sa\u00fade"],"inLanguage":"pt-PT","potentialAction":[{"@type":"CommentAction","name":"Comment","target":["https:\/\/inclusivenews.com.br\/?p=22126#respond"]}]},{"@type":"WebPage","@id":"https:\/\/inclusivenews.com.br\/?p=22126","url":"https:\/\/inclusivenews.com.br\/?p=22126","name":"Que a sa\u00fade se difunda sobre a Terra -","isPartOf":{"@id":"https:\/\/inclusivenews.com.br\/#website"},"primaryImageOfPage":{"@id":"https:\/\/inclusivenews.com.br\/?p=22126#primaryimage"},"image":{"@id":"https:\/\/inclusivenews.com.br\/?p=22126#primaryimage"},"thumbnailUrl":"http:\/\/1.bp.blogspot.com\/-CPh0lolyCYU\/T0l6MuKNq5I\/AAAAAAAAAgc\/-s3w0dJbUJ0\/s1600\/fraternidade+12.jpeg","datePublished":"2012-03-06T10:48:41+00:00","breadcrumb":{"@id":"https:\/\/inclusivenews.com.br\/?p=22126#breadcrumb"},"inLanguage":"pt-PT","potentialAction":[{"@type":"ReadAction","target":["https:\/\/inclusivenews.com.br\/?p=22126"]}]},{"@type":"ImageObject","inLanguage":"pt-PT","@id":"https:\/\/inclusivenews.com.br\/?p=22126#primaryimage","url":"http:\/\/1.bp.blogspot.com\/-CPh0lolyCYU\/T0l6MuKNq5I\/AAAAAAAAAgc\/-s3w0dJbUJ0\/s1600\/fraternidade+12.jpeg","contentUrl":"http:\/\/1.bp.blogspot.com\/-CPh0lolyCYU\/T0l6MuKNq5I\/AAAAAAAAAgc\/-s3w0dJbUJ0\/s1600\/fraternidade+12.jpeg"},{"@type":"BreadcrumbList","@id":"https:\/\/inclusivenews.com.br\/?p=22126#breadcrumb","itemListElement":[{"@type":"ListItem","position":1,"name":"In\u00edcio","item":"https:\/\/inclusivenews.com.br\/"},{"@type":"ListItem","position":2,"name":"Que a sa\u00fade se difunda sobre a Terra"}]},{"@type":"WebSite","@id":"https:\/\/inclusivenews.com.br\/#website","url":"https:\/\/inclusivenews.com.br\/","name":"Inclusive News","description":"Inclusive News","publisher":{"@id":"https:\/\/inclusivenews.com.br\/#organization"},"potentialAction":[{"@type":"SearchAction","target":{"@type":"EntryPoint","urlTemplate":"https:\/\/inclusivenews.com.br\/?s={search_term_string}"},"query-input":{"@type":"PropertyValueSpecification","valueRequired":true,"valueName":"search_term_string"}}],"inLanguage":"pt-PT"},{"@type":"Organization","@id":"https:\/\/inclusivenews.com.br\/#organization","name":"Inclusive - inclus\u00e3o e cidadania","url":"https:\/\/inclusivenews.com.br\/","logo":{"@type":"ImageObject","inLanguage":"pt-PT","@id":"https:\/\/inclusivenews.com.br\/#\/schema\/logo\/image\/","url":"https:\/\/inclusivenews.com.br\/wp-content\/uploads\/2024\/03\/@grandesite.png","contentUrl":"https:\/\/inclusivenews.com.br\/wp-content\/uploads\/2024\/03\/@grandesite.png","width":1080,"height":1080,"caption":"Inclusive - inclus\u00e3o e cidadania"},"image":{"@id":"https:\/\/inclusivenews.com.br\/#\/schema\/logo\/image\/"},"sameAs":["https:\/\/www.facebook.com\/agenciainclusive\/","https:\/\/www.instagram.com\/newsinclusive\/"]},{"@type":"Person","@id":"https:\/\/inclusivenews.com.br\/#\/schema\/person\/ae4ec7087559b8692fb33b6fffd2273b","name":"inclusivenews2024","image":{"@type":"ImageObject","inLanguage":"pt-PT","@id":"https:\/\/secure.gravatar.com\/avatar\/c5a7ef84c66fa914f55bc4f7ce26cfa275a3b9a1c5568b907bd184fb4dde7b40?s=96&d=mm&r=g","url":"https:\/\/secure.gravatar.com\/avatar\/c5a7ef84c66fa914f55bc4f7ce26cfa275a3b9a1c5568b907bd184fb4dde7b40?s=96&d=mm&r=g","contentUrl":"https:\/\/secure.gravatar.com\/avatar\/c5a7ef84c66fa914f55bc4f7ce26cfa275a3b9a1c5568b907bd184fb4dde7b40?s=96&d=mm&r=g","caption":"inclusivenews2024"},"sameAs":["https:\/\/inclusivenews.com.br"],"url":"https:\/\/inclusivenews.com.br\/?author=1"}]}},"_links":{"self":[{"href":"https:\/\/inclusivenews.com.br\/index.php?rest_route=\/wp\/v2\/posts\/22126","targetHints":{"allow":["GET"]}}],"collection":[{"href":"https:\/\/inclusivenews.com.br\/index.php?rest_route=\/wp\/v2\/posts"}],"about":[{"href":"https:\/\/inclusivenews.com.br\/index.php?rest_route=\/wp\/v2\/types\/post"}],"author":[{"embeddable":true,"href":"https:\/\/inclusivenews.com.br\/index.php?rest_route=\/wp\/v2\/users\/1"}],"replies":[{"embeddable":true,"href":"https:\/\/inclusivenews.com.br\/index.php?rest_route=%2Fwp%2Fv2%2Fcomments&post=22126"}],"version-history":[{"count":0,"href":"https:\/\/inclusivenews.com.br\/index.php?rest_route=\/wp\/v2\/posts\/22126\/revisions"}],"wp:attachment":[{"href":"https:\/\/inclusivenews.com.br\/index.php?rest_route=%2Fwp%2Fv2%2Fmedia&parent=22126"}],"wp:term":[{"taxonomy":"category","embeddable":true,"href":"https:\/\/inclusivenews.com.br\/index.php?rest_route=%2Fwp%2Fv2%2Fcategories&post=22126"},{"taxonomy":"post_tag","embeddable":true,"href":"https:\/\/inclusivenews.com.br\/index.php?rest_route=%2Fwp%2Fv2%2Ftags&post=22126"}],"curies":[{"name":"wp","href":"https:\/\/api.w.org\/{rel}","templated":true}]}}