{"id":22130,"date":"2012-03-07T13:51:02","date_gmt":"2012-03-07T16:51:02","guid":{"rendered":"http:\/\/www.inclusive.org.br\/?p=22130"},"modified":"2012-03-07T13:51:02","modified_gmt":"2012-03-07T16:51:02","slug":"simposio-do-dia-internacional-da-sindrome-de-down-sao-paulosp","status":"publish","type":"post","link":"https:\/\/inclusivenews.com.br\/?p=22130","title":{"rendered":"Simp\u00f3sio do Dia Internacional da S\u00edndrome de Down &#8211; S\u00e3o Paulo\/SP"},"content":{"rendered":"<p><strong><a href=\"http:\/\/www.inclusivenews.com.br\/wp-content\/uploads\/logo-WSDS-portugues-10.jpg\"><img loading=\"lazy\" decoding=\"async\" class=\"alignleft size-medium wp-image-22131\" title=\"Logo do dia internacional da s\u00edndrome de Down em vermelho e azul\" src=\"http:\/\/inclusivenews.com.br\/wp-content\/uploads\/logo-WSDS-portugues-10-300x96.jpg\" alt=\"\" width=\"300\" height=\"96\" \/><\/a>&#8211; 24 DE MAR\u00c7O DE 2012 (s\u00e1bado) &#8211;<\/strong><\/p>\n<p><strong>Sede da Secretaria   de Estado dos Direitos da Pessoa com Defici\u00eancia de S\u00e3o Paulo \u2013 <\/strong>Av. Auro Soares de   Moura Andrade, 564 \u2013 Barra Funda &#8211; <span style=\"text-decoration: underline;\">Port\u00e3o   10 do Memorial da Am\u00e9rica Latina<\/span> (antigo bloco Parlatino) &#8211; S\u00e3o Paulo\/SP<\/p>\n<p><strong>Programa Cient\u00edfico<\/strong><\/p>\n<p><strong>08:00 \u2013 08:30 <\/strong>Retirada de material e novas inscri\u00e7\u00f5es<\/p>\n<p><strong>08:30 \u2013 09:00 <\/strong> Abertura Solene<\/p>\n<p>09:00 \u2013 10:00 \u00a0\u00a0\u00a0\u00a0\u00a0 Confer\u00eancia: <em>Protocolo de sa\u00fade da pessoa com s\u00edndrome de Down do Minist\u00e9rio da Sa\u00fade<\/em><\/p>\n<p>Secret\u00e1rio:<\/p>\n<p>Conferencista: <em>Zan Mustacchi<\/em><\/p>\n<p>10:00 \u2013 10:15 &#8211;\u00a0\u00a0\u00a0\u00a0 Intervalo<\/p>\n<p><em> <\/em><\/p>\n<p>10:15 \u2013 11:15 \u00a0\u00a0\u00a0\u00a0\u00a0 Col\u00f3quio: <em>A realidade do cotidiano X conv\u00edvio social<\/em><\/p>\n<p>Pai e Psic\u00f3logo \u2013 <em>Jo\u00e3o Alfredo Meirelles<\/em><\/p>\n<p><em> <\/em>M\u00e3e e Pediatra \u2013 <em>Ana Cl\u00e1udia Brand\u00e3o<\/em><\/p>\n<p>Filho Down Universit\u00e1rio \u2013 <em>Samuel Sestaro<\/em><\/p>\n<p>M\u00e9dico Geneticista \u2013 <em>Ciro Martinhago<\/em><\/p>\n<p><em> <\/em><\/p>\n<p>11:15 \u2013 12:00 \u00a0\u00a0\u00a0\u00a0\u00a0 Confer\u00eancia: <em>Embriologia na s\u00edndrome de Down<\/em><\/p>\n<p>Secret\u00e1rio: <em>Luis Garcia Alonso<\/em><\/p>\n<p>Conferencista: <em>Ricardo Ghelman<\/em><\/p>\n<p><strong>12:00 \u2013 13:30<\/strong> Intervalo para almo\u00e7o<\/p>\n<p>13:30 \u2013 14:30 \u00a0\u00a0\u00a0\u00a0\u00a0 Mesa Redonda<em>: \u201c<\/em><em>Aprender a ensinar ou ensinar a aprender?\u201d<\/em><\/p>\n<p>Moderador: <em>Roberto M\u00fcller<\/em><\/p>\n<p>13:30 \u2013 14:00\u00a0\u00a0\u00a0\u00a0 <em>Fabiana Abreu Prado de Alencar<\/em><\/p>\n<p>14:00 \u2013 14:30\u00a0\u00a0\u00a0\u00a0 <em>Val\u00e9ria Mondin Alabarse dos Santos<\/em><\/p>\n<p>14:30 \u2013 15:30\u00a0 \u00a0\u00a0\u00a0\u00a0 Palestra<em>: <\/em><em>Imunodefici\u00eancia seletiva?<\/em><\/p>\n<p>Secret\u00e1rio: <em>Zan Mustacchi<\/em><\/p>\n<p>14:30 \u2013 15:15\u00a0\u00a0\u00a0\u00a0 Palestrante: <em>Magda Carneiro-Sampaio<\/em><\/p>\n<p>15:15 \u2013 15:30 \u00a0\u00a0\u00a0 Perguntas e Respostas<\/p>\n<p>15:30 \u2013 16:30\u00a0 \u00a0\u00a0\u00a0\u00a0 Palestra<em>: <\/em><em>Dist\u00farbio de comportamento e d\u00e9ficit de aten\u00e7\u00e3o<\/em><\/p>\n<p>Secret\u00e1rio: <em>Patr\u00edcia Salmona<\/em><\/p>\n<p>15:30 \u2013 16:15\u00a0\u00a0\u00a0\u00a0 Palestrante: <em>Rubens Wajnsztejn<\/em><\/p>\n<p>16:15 \u2013 16:30 \u00a0\u00a0\u00a0 Perguntas e Respostas<\/p>\n<table border=\"0\" cellspacing=\"0\" cellpadding=\"0\" width=\"573\">\n<tbody>\n<tr>\n<td width=\"181\" valign=\"top\"><strong>INFORMA\u00c7\u00d5ES<\/strong><\/p>\n<p><strong> <\/strong><\/p>\n<p><strong>Meeting   Eventos<\/strong><\/p>\n<p>Tel: 11   3849-0379\/8263<\/p>\n<p>Fax: 11   3845-6818<\/p>\n<p><a href=\"http:\/\/www.meetingeventos.com.br\/\">www.meetingeventos.com.br<\/a><\/p>\n<p><a href=\"mailto:pediatria@meetingeventos.com.br\">pediatria@meetingeventos.com.br<\/a><\/td>\n<td width=\"239\" valign=\"top\"><strong><span style=\"text-decoration: underline;\">INSCRI\u00c7\u00c3O GRATUITA, POR\u00c9M OBRIGAT\u00d3RIA<\/span><\/strong><\/p>\n<p><strong> <\/strong><\/p>\n<p><strong><span style=\"text-decoration: underline;\">VAGAS   LIMITADAS<\/span><\/strong><\/p>\n<p><strong> <\/strong><\/p>\n<p><strong>Formas de   Inscri\u00e7\u00e3o:<\/strong><\/p>\n<p><strong>On-line: <\/strong><strong><a href=\"http:\/\/www.meetingeventos.com.br\/\">www.meetingeventos.com.br<\/a><\/strong><strong> <\/strong>(obrigat\u00f3rio   ter CPF)<strong> <\/strong><\/p>\n<p><strong>Fax: 11 3845-6818 <\/strong>(enviar   ficha abaixo)<\/p>\n<p><strong>Email: pediatria@meetingeventos.com.br<\/strong><\/td>\n<td width=\"153\" valign=\"top\"><strong>ORGANIZA\u00c7\u00c3O:<\/strong><\/p>\n<p>Sociedade de Pediatria de S\u00e3o   Paulo \u2013 SPSP<\/p>\n<p><strong>COORDENA\u00c7\u00c3O:<\/strong><\/p>\n<p>Dr. Zan Mustacchi<\/p>\n<p>Presidente do Departamento   Cient\u00edfico de Gen\u00e9tica da Sociedade de Pediatria de S\u00e3o Paulo<\/td>\n<\/tr>\n<\/tbody>\n<\/table>\n","protected":false},"excerpt":{"rendered":"<p>Dia 24 de mar\u00e7o, no Memorial da Am\u00e9rica Latina.<\/p>\n","protected":false},"author":1,"featured_media":0,"comment_status":"open","ping_status":"open","sticky":false,"template":"","format":"standard","meta":{"site-container-style":"default","site-container-layout":"default","site-sidebar-layout":"default","disable-article-header":"default","disable-site-header":"default","disable-site-footer":"default","disable-content-area-spacing":"default","footnotes":""},"categories":[12,38,37,179],"tags":[],"class_list":["post-22130","post","type-post","status-publish","format-standard","hentry","category-cursos-e-eventos","category-deficiencia","category-saude","category-wdsd2012-campanhas"],"yoast_head":"<!-- This site is optimized with the Yoast SEO plugin v27.4 - https:\/\/yoast.com\/product\/yoast-seo-wordpress\/ -->\n<title>Simp\u00f3sio do Dia Internacional da S\u00edndrome de Down - S\u00e3o Paulo\/SP -<\/title>\n<meta name=\"robots\" content=\"index, follow, max-snippet:-1, max-image-preview:large, max-video-preview:-1\" \/>\n<link rel=\"canonical\" href=\"https:\/\/inclusivenews.com.br\/?p=22130\" \/>\n<meta property=\"og:locale\" content=\"pt_PT\" \/>\n<meta property=\"og:type\" content=\"article\" \/>\n<meta property=\"og:title\" content=\"Simp\u00f3sio do Dia Internacional da S\u00edndrome de Down - S\u00e3o Paulo\/SP -\" \/>\n<meta property=\"og:description\" content=\"Dia 24 de mar\u00e7o, no Memorial da Am\u00e9rica Latina.\" \/>\n<meta property=\"og:url\" content=\"https:\/\/inclusivenews.com.br\/?p=22130\" \/>\n<meta property=\"article:publisher\" content=\"https:\/\/www.facebook.com\/agenciainclusive\/\" \/>\n<meta property=\"article:published_time\" content=\"2012-03-07T16:51:02+00:00\" \/>\n<meta property=\"og:image\" content=\"http:\/\/inclusivenews.com.br\/wp-content\/uploads\/logo-WSDS-portugues-10-300x96.jpg\" \/>\n<meta name=\"author\" content=\"inclusivenews2024\" \/>\n<meta name=\"twitter:card\" content=\"summary_large_image\" \/>\n<meta name=\"twitter:label1\" content=\"Escrito por\" \/>\n\t<meta name=\"twitter:data1\" content=\"inclusivenews2024\" \/>\n\t<meta name=\"twitter:label2\" content=\"Tempo estimado de leitura\" \/>\n\t<meta name=\"twitter:data2\" content=\"1 minuto\" \/>\n<script type=\"application\/ld+json\" class=\"yoast-schema-graph\">{\"@context\":\"https:\\\/\\\/schema.org\",\"@graph\":[{\"@type\":\"Article\",\"@id\":\"https:\\\/\\\/inclusivenews.com.br\\\/?p=22130#article\",\"isPartOf\":{\"@id\":\"https:\\\/\\\/inclusivenews.com.br\\\/?p=22130\"},\"author\":{\"name\":\"inclusivenews2024\",\"@id\":\"https:\\\/\\\/inclusivenews.com.br\\\/#\\\/schema\\\/person\\\/ae4ec7087559b8692fb33b6fffd2273b\"},\"headline\":\"Simp\u00f3sio do Dia Internacional da S\u00edndrome de Down &#8211; S\u00e3o Paulo\\\/SP\",\"datePublished\":\"2012-03-07T16:51:02+00:00\",\"mainEntityOfPage\":{\"@id\":\"https:\\\/\\\/inclusivenews.com.br\\\/?p=22130\"},\"wordCount\":299,\"commentCount\":1,\"publisher\":{\"@id\":\"https:\\\/\\\/inclusivenews.com.br\\\/#organization\"},\"image\":{\"@id\":\"https:\\\/\\\/inclusivenews.com.br\\\/?p=22130#primaryimage\"},\"thumbnailUrl\":\"http:\\\/\\\/inclusivenews.com.br\\\/wp-content\\\/uploads\\\/logo-WSDS-portugues-10-300x96.jpg\",\"articleSection\":[\"Cursos e eventos\",\"Defici\u00eancia\",\"Sa\u00fade\",\"WDSD2012\"],\"inLanguage\":\"pt-PT\",\"potentialAction\":[{\"@type\":\"CommentAction\",\"name\":\"Comment\",\"target\":[\"https:\\\/\\\/inclusivenews.com.br\\\/?p=22130#respond\"]}]},{\"@type\":\"WebPage\",\"@id\":\"https:\\\/\\\/inclusivenews.com.br\\\/?p=22130\",\"url\":\"https:\\\/\\\/inclusivenews.com.br\\\/?p=22130\",\"name\":\"Simp\u00f3sio do Dia Internacional da S\u00edndrome de Down - S\u00e3o Paulo\\\/SP -\",\"isPartOf\":{\"@id\":\"https:\\\/\\\/inclusivenews.com.br\\\/#website\"},\"primaryImageOfPage\":{\"@id\":\"https:\\\/\\\/inclusivenews.com.br\\\/?p=22130#primaryimage\"},\"image\":{\"@id\":\"https:\\\/\\\/inclusivenews.com.br\\\/?p=22130#primaryimage\"},\"thumbnailUrl\":\"http:\\\/\\\/inclusivenews.com.br\\\/wp-content\\\/uploads\\\/logo-WSDS-portugues-10-300x96.jpg\",\"datePublished\":\"2012-03-07T16:51:02+00:00\",\"breadcrumb\":{\"@id\":\"https:\\\/\\\/inclusivenews.com.br\\\/?p=22130#breadcrumb\"},\"inLanguage\":\"pt-PT\",\"potentialAction\":[{\"@type\":\"ReadAction\",\"target\":[\"https:\\\/\\\/inclusivenews.com.br\\\/?p=22130\"]}]},{\"@type\":\"ImageObject\",\"inLanguage\":\"pt-PT\",\"@id\":\"https:\\\/\\\/inclusivenews.com.br\\\/?p=22130#primaryimage\",\"url\":\"\",\"contentUrl\":\"\"},{\"@type\":\"BreadcrumbList\",\"@id\":\"https:\\\/\\\/inclusivenews.com.br\\\/?p=22130#breadcrumb\",\"itemListElement\":[{\"@type\":\"ListItem\",\"position\":1,\"name\":\"In\u00edcio\",\"item\":\"https:\\\/\\\/inclusivenews.com.br\\\/\"},{\"@type\":\"ListItem\",\"position\":2,\"name\":\"Simp\u00f3sio do Dia Internacional da S\u00edndrome de Down &#8211; S\u00e3o Paulo\\\/SP\"}]},{\"@type\":\"WebSite\",\"@id\":\"https:\\\/\\\/inclusivenews.com.br\\\/#website\",\"url\":\"https:\\\/\\\/inclusivenews.com.br\\\/\",\"name\":\"Inclusive News\",\"description\":\"Inclusive News\",\"publisher\":{\"@id\":\"https:\\\/\\\/inclusivenews.com.br\\\/#organization\"},\"potentialAction\":[{\"@type\":\"SearchAction\",\"target\":{\"@type\":\"EntryPoint\",\"urlTemplate\":\"https:\\\/\\\/inclusivenews.com.br\\\/?s={search_term_string}\"},\"query-input\":{\"@type\":\"PropertyValueSpecification\",\"valueRequired\":true,\"valueName\":\"search_term_string\"}}],\"inLanguage\":\"pt-PT\"},{\"@type\":\"Organization\",\"@id\":\"https:\\\/\\\/inclusivenews.com.br\\\/#organization\",\"name\":\"Inclusive - inclus\u00e3o e cidadania\",\"url\":\"https:\\\/\\\/inclusivenews.com.br\\\/\",\"logo\":{\"@type\":\"ImageObject\",\"inLanguage\":\"pt-PT\",\"@id\":\"https:\\\/\\\/inclusivenews.com.br\\\/#\\\/schema\\\/logo\\\/image\\\/\",\"url\":\"https:\\\/\\\/inclusivenews.com.br\\\/wp-content\\\/uploads\\\/2024\\\/03\\\/@grandesite.png\",\"contentUrl\":\"https:\\\/\\\/inclusivenews.com.br\\\/wp-content\\\/uploads\\\/2024\\\/03\\\/@grandesite.png\",\"width\":1080,\"height\":1080,\"caption\":\"Inclusive - inclus\u00e3o e cidadania\"},\"image\":{\"@id\":\"https:\\\/\\\/inclusivenews.com.br\\\/#\\\/schema\\\/logo\\\/image\\\/\"},\"sameAs\":[\"https:\\\/\\\/www.facebook.com\\\/agenciainclusive\\\/\",\"https:\\\/\\\/www.instagram.com\\\/newsinclusive\\\/\"]},{\"@type\":\"Person\",\"@id\":\"https:\\\/\\\/inclusivenews.com.br\\\/#\\\/schema\\\/person\\\/ae4ec7087559b8692fb33b6fffd2273b\",\"name\":\"inclusivenews2024\",\"image\":{\"@type\":\"ImageObject\",\"inLanguage\":\"pt-PT\",\"@id\":\"https:\\\/\\\/secure.gravatar.com\\\/avatar\\\/c5a7ef84c66fa914f55bc4f7ce26cfa275a3b9a1c5568b907bd184fb4dde7b40?s=96&d=mm&r=g\",\"url\":\"https:\\\/\\\/secure.gravatar.com\\\/avatar\\\/c5a7ef84c66fa914f55bc4f7ce26cfa275a3b9a1c5568b907bd184fb4dde7b40?s=96&d=mm&r=g\",\"contentUrl\":\"https:\\\/\\\/secure.gravatar.com\\\/avatar\\\/c5a7ef84c66fa914f55bc4f7ce26cfa275a3b9a1c5568b907bd184fb4dde7b40?s=96&d=mm&r=g\",\"caption\":\"inclusivenews2024\"},\"sameAs\":[\"https:\\\/\\\/inclusivenews.com.br\"],\"url\":\"https:\\\/\\\/inclusivenews.com.br\\\/?author=1\"}]}<\/script>\n<!-- \/ Yoast SEO plugin. -->","yoast_head_json":{"title":"Simp\u00f3sio do Dia Internacional da S\u00edndrome de Down - S\u00e3o Paulo\/SP -","robots":{"index":"index","follow":"follow","max-snippet":"max-snippet:-1","max-image-preview":"max-image-preview:large","max-video-preview":"max-video-preview:-1"},"canonical":"https:\/\/inclusivenews.com.br\/?p=22130","og_locale":"pt_PT","og_type":"article","og_title":"Simp\u00f3sio do Dia Internacional da S\u00edndrome de Down - S\u00e3o Paulo\/SP -","og_description":"Dia 24 de mar\u00e7o, no Memorial da Am\u00e9rica Latina.","og_url":"https:\/\/inclusivenews.com.br\/?p=22130","article_publisher":"https:\/\/www.facebook.com\/agenciainclusive\/","article_published_time":"2012-03-07T16:51:02+00:00","og_image":[{"url":"http:\/\/inclusivenews.com.br\/wp-content\/uploads\/logo-WSDS-portugues-10-300x96.jpg","type":"","width":"","height":""}],"author":"inclusivenews2024","twitter_card":"summary_large_image","twitter_misc":{"Escrito por":"inclusivenews2024","Tempo estimado de leitura":"1 minuto"},"schema":{"@context":"https:\/\/schema.org","@graph":[{"@type":"Article","@id":"https:\/\/inclusivenews.com.br\/?p=22130#article","isPartOf":{"@id":"https:\/\/inclusivenews.com.br\/?p=22130"},"author":{"name":"inclusivenews2024","@id":"https:\/\/inclusivenews.com.br\/#\/schema\/person\/ae4ec7087559b8692fb33b6fffd2273b"},"headline":"Simp\u00f3sio do Dia Internacional da S\u00edndrome de Down &#8211; S\u00e3o Paulo\/SP","datePublished":"2012-03-07T16:51:02+00:00","mainEntityOfPage":{"@id":"https:\/\/inclusivenews.com.br\/?p=22130"},"wordCount":299,"commentCount":1,"publisher":{"@id":"https:\/\/inclusivenews.com.br\/#organization"},"image":{"@id":"https:\/\/inclusivenews.com.br\/?p=22130#primaryimage"},"thumbnailUrl":"http:\/\/inclusivenews.com.br\/wp-content\/uploads\/logo-WSDS-portugues-10-300x96.jpg","articleSection":["Cursos e eventos","Defici\u00eancia","Sa\u00fade","WDSD2012"],"inLanguage":"pt-PT","potentialAction":[{"@type":"CommentAction","name":"Comment","target":["https:\/\/inclusivenews.com.br\/?p=22130#respond"]}]},{"@type":"WebPage","@id":"https:\/\/inclusivenews.com.br\/?p=22130","url":"https:\/\/inclusivenews.com.br\/?p=22130","name":"Simp\u00f3sio do Dia Internacional da S\u00edndrome de Down - S\u00e3o Paulo\/SP -","isPartOf":{"@id":"https:\/\/inclusivenews.com.br\/#website"},"primaryImageOfPage":{"@id":"https:\/\/inclusivenews.com.br\/?p=22130#primaryimage"},"image":{"@id":"https:\/\/inclusivenews.com.br\/?p=22130#primaryimage"},"thumbnailUrl":"http:\/\/inclusivenews.com.br\/wp-content\/uploads\/logo-WSDS-portugues-10-300x96.jpg","datePublished":"2012-03-07T16:51:02+00:00","breadcrumb":{"@id":"https:\/\/inclusivenews.com.br\/?p=22130#breadcrumb"},"inLanguage":"pt-PT","potentialAction":[{"@type":"ReadAction","target":["https:\/\/inclusivenews.com.br\/?p=22130"]}]},{"@type":"ImageObject","inLanguage":"pt-PT","@id":"https:\/\/inclusivenews.com.br\/?p=22130#primaryimage","url":"","contentUrl":""},{"@type":"BreadcrumbList","@id":"https:\/\/inclusivenews.com.br\/?p=22130#breadcrumb","itemListElement":[{"@type":"ListItem","position":1,"name":"In\u00edcio","item":"https:\/\/inclusivenews.com.br\/"},{"@type":"ListItem","position":2,"name":"Simp\u00f3sio do Dia Internacional da S\u00edndrome de Down &#8211; S\u00e3o Paulo\/SP"}]},{"@type":"WebSite","@id":"https:\/\/inclusivenews.com.br\/#website","url":"https:\/\/inclusivenews.com.br\/","name":"Inclusive News","description":"Inclusive News","publisher":{"@id":"https:\/\/inclusivenews.com.br\/#organization"},"potentialAction":[{"@type":"SearchAction","target":{"@type":"EntryPoint","urlTemplate":"https:\/\/inclusivenews.com.br\/?s={search_term_string}"},"query-input":{"@type":"PropertyValueSpecification","valueRequired":true,"valueName":"search_term_string"}}],"inLanguage":"pt-PT"},{"@type":"Organization","@id":"https:\/\/inclusivenews.com.br\/#organization","name":"Inclusive - inclus\u00e3o e cidadania","url":"https:\/\/inclusivenews.com.br\/","logo":{"@type":"ImageObject","inLanguage":"pt-PT","@id":"https:\/\/inclusivenews.com.br\/#\/schema\/logo\/image\/","url":"https:\/\/inclusivenews.com.br\/wp-content\/uploads\/2024\/03\/@grandesite.png","contentUrl":"https:\/\/inclusivenews.com.br\/wp-content\/uploads\/2024\/03\/@grandesite.png","width":1080,"height":1080,"caption":"Inclusive - inclus\u00e3o e cidadania"},"image":{"@id":"https:\/\/inclusivenews.com.br\/#\/schema\/logo\/image\/"},"sameAs":["https:\/\/www.facebook.com\/agenciainclusive\/","https:\/\/www.instagram.com\/newsinclusive\/"]},{"@type":"Person","@id":"https:\/\/inclusivenews.com.br\/#\/schema\/person\/ae4ec7087559b8692fb33b6fffd2273b","name":"inclusivenews2024","image":{"@type":"ImageObject","inLanguage":"pt-PT","@id":"https:\/\/secure.gravatar.com\/avatar\/c5a7ef84c66fa914f55bc4f7ce26cfa275a3b9a1c5568b907bd184fb4dde7b40?s=96&d=mm&r=g","url":"https:\/\/secure.gravatar.com\/avatar\/c5a7ef84c66fa914f55bc4f7ce26cfa275a3b9a1c5568b907bd184fb4dde7b40?s=96&d=mm&r=g","contentUrl":"https:\/\/secure.gravatar.com\/avatar\/c5a7ef84c66fa914f55bc4f7ce26cfa275a3b9a1c5568b907bd184fb4dde7b40?s=96&d=mm&r=g","caption":"inclusivenews2024"},"sameAs":["https:\/\/inclusivenews.com.br"],"url":"https:\/\/inclusivenews.com.br\/?author=1"}]}},"_links":{"self":[{"href":"https:\/\/inclusivenews.com.br\/index.php?rest_route=\/wp\/v2\/posts\/22130","targetHints":{"allow":["GET"]}}],"collection":[{"href":"https:\/\/inclusivenews.com.br\/index.php?rest_route=\/wp\/v2\/posts"}],"about":[{"href":"https:\/\/inclusivenews.com.br\/index.php?rest_route=\/wp\/v2\/types\/post"}],"author":[{"embeddable":true,"href":"https:\/\/inclusivenews.com.br\/index.php?rest_route=\/wp\/v2\/users\/1"}],"replies":[{"embeddable":true,"href":"https:\/\/inclusivenews.com.br\/index.php?rest_route=%2Fwp%2Fv2%2Fcomments&post=22130"}],"version-history":[{"count":0,"href":"https:\/\/inclusivenews.com.br\/index.php?rest_route=\/wp\/v2\/posts\/22130\/revisions"}],"wp:attachment":[{"href":"https:\/\/inclusivenews.com.br\/index.php?rest_route=%2Fwp%2Fv2%2Fmedia&parent=22130"}],"wp:term":[{"taxonomy":"category","embeddable":true,"href":"https:\/\/inclusivenews.com.br\/index.php?rest_route=%2Fwp%2Fv2%2Fcategories&post=22130"},{"taxonomy":"post_tag","embeddable":true,"href":"https:\/\/inclusivenews.com.br\/index.php?rest_route=%2Fwp%2Fv2%2Ftags&post=22130"}],"curies":[{"name":"wp","href":"https:\/\/api.w.org\/{rel}","templated":true}]}}