{"id":22133,"date":"2012-03-07T20:52:09","date_gmt":"2012-03-07T23:52:09","guid":{"rendered":"http:\/\/www.inclusive.org.br\/?p=22133"},"modified":"2012-03-07T20:52:09","modified_gmt":"2012-03-07T23:52:09","slug":"ativando-empatia-transformando-escolas-para-ensinar-o-que-importa-2","status":"publish","type":"post","link":"https:\/\/inclusivenews.com.br\/?p=22133","title":{"rendered":"Ativando empatia: transformando escolas para ensinar o que importa"},"content":{"rendered":"<div>\n<p><a class=\"moz-txt-link-freetext\" href=\"http:\/\/cdn.changemakers.com\/sites\/default\/files\/logobw.gif\"><\/a><img loading=\"lazy\" decoding=\"async\" class=\"alignleft\" title=\"Start empaty\" src=\"http:\/\/cdn.changemakers.com\/sites\/default\/files\/logobw.gif\" alt=\"\" width=\"202\" height=\"309\" \/><\/p>\n<p>Empatia \u00e9 uma habilidade essencial em um mundo definido por r\u00e1pidas mudan\u00e7as &#8211; \u00e9 fundamental para <strong>as habilidades sociais, trabalho em equipe e lideran\u00e7a para contribuir com o sucesso da sociedade.<\/strong><\/p>\n<p>Como o ritmo de mudan\u00e7a se acelera, o n\u00edvel de empatia necess\u00e1ria para colaborar no trabalho ou em outros tipos de equipes que trazem a mudan\u00e7a para o mundo \u00e9 maior do que nunca.<\/p>\n<p>Se voc\u00ea n\u00e3o for perito em empatia, voc\u00ea est\u00e1 limitando severamente suas oportunidades de contribuir com a sociedade, al\u00e9m de correr o risco de ficar para tr\u00e1s. Se quisermos criar um mundo onde todos possam atuar, dar ideias e criar valor, devemos entender, praticar e desenvolver a empatia.<\/p>\n<p>A empatia \u00e9 mais do que conscientiza\u00e7\u00e3o e preocupa\u00e7\u00e3o. Trata-se de sensibilidade cultural e resolu\u00e7\u00e3o de conflitos. Est\u00e1 relacionada com a capacidade de se comunicar de forma eficaz e compreender as motiva\u00e7\u00f5es dos outros. Empatia \u00e9 envolver-se, descobrindo o que est\u00e1 abaixo da superf\u00edcie atrav\u00e9s da escuta ativa e colocando as palavras em pr\u00e1tica.<\/p>\n<p>Esta \u00e9 a raz\u00e3o pela qual a Ashoka est\u00e1 lan\u00e7ando <a href=\"http:\/\/empathy.ashoka.org\/\" target=\"_blank\" rel=\"noopener\">uma iniciativa global<\/a> para garantir que as crian\u00e7as dominem a habilidade da empatia, <strong>permitindo que elas possam exercer seu papel como cidad\u00e3os, l\u00edderes, e inovadores de maneira efetiva.<\/strong><\/p>\n<p style=\"display: inline;\">Criar o futuro que vislumbramos requer repensar nossa abordagem junto \u00e0 cultura e curr\u00edculos escolares. Atrav\u00e9s do lan\u00e7amento do desafio colaborativo online \u201cAtivando Empatia: Transformando Escolas para Ensinar o que importa\u201d, estamos desafiando professores, diretores, pais, alunos e outros inovadores a compartilharem ideias \u2013 seja com um projeto, um programa ou uma experi\u00eancia de aprendizagem \u2013 para avan\u00e7ar com a empatia na educa\u00e7\u00e3o.<\/p>\n<p>Participe deste desafio para compartilhar sua paix\u00e3o na cria\u00e7\u00e3o de um mundo orientado por empatia e colabora\u00e7\u00e3o, liderado por <strong>jovens inovadores<\/strong> que foram bem sucedidos em sala de aula e na sua jornada de vida.<\/p>\n<p><em>Ativando Empatia<\/em> \u00e9 um desafio colaborativo global para buscar as melhores ideias, programas e modelos de aprendizagem ao redor do mundo que:<\/p>\n<p>&#8211; Incentivam o desenvolvimento social e emocional<\/p>\n<div class=\"bbbullets\">&#8211; Permitem um novo olhar para os problemas, abrindo portas para um novo mundo com solu\u00e7\u00f5es potenciais<\/div>\n<div class=\"bbbullets\">&#8211; Solucionem o problema de bullying ou agress\u00f5es, promovendo avan\u00e7os na compreens\u00e3o da perspectiva do outro<\/div>\n<div class=\"bbbullets\">\n<p>&#8211; Promovam diversidade na comunidade, respeito \u00e0s diferen\u00e7as e fa\u00e7am com que crian\u00e7as desenvolvam solu\u00e7\u00f5es para os problemas do mundo real em vez de atuarem como simples expectadores.<\/p>\n<p>Para mais informa\u00e7\u00f5es, veja as <a href=\"http:\/\/www.changemakers.com\/pt-br\/empatia\/competicao?section=criteria\">orienta\u00e7\u00f5es e crit\u00e9rios<\/a> e a p\u00e1gina <a href=\"http:\/\/www.changemakers.com\/pt-br\/empatia\/competicao\/premios\">pr\u00eamios<\/a>.<\/p>\n<\/div>\n<\/div>\n","protected":false},"excerpt":{"rendered":"<p>Inscri\u00e7\u00f5es v\u00e3o at\u00e9 30\/03. Ativando Empatia \u00e9 um desafio colaborativo global proposto pela Ashoka para buscar as melhores ideias, programas e modelos de aprendizagem ao redor do mundo.<\/p>\n","protected":false},"author":1,"featured_media":0,"comment_status":"open","ping_status":"open","sticky":false,"template":"","format":"standard","meta":{"site-container-style":"default","site-container-layout":"default","site-sidebar-layout":"default","disable-article-header":"default","disable-site-header":"default","disable-site-footer":"default","disable-content-area-spacing":"default","footnotes":""},"categories":[6,4],"tags":[],"class_list":["post-22133","post","type-post","status-publish","format-standard","hentry","category-educacao","category-noticias"],"yoast_head":"<!-- This site is optimized with the Yoast SEO plugin v27.4 - https:\/\/yoast.com\/product\/yoast-seo-wordpress\/ -->\n<title>Ativando empatia: transformando escolas para ensinar o que importa -<\/title>\n<meta name=\"robots\" content=\"index, follow, max-snippet:-1, max-image-preview:large, max-video-preview:-1\" \/>\n<link rel=\"canonical\" href=\"https:\/\/inclusivenews.com.br\/?p=22133\" \/>\n<meta property=\"og:locale\" content=\"pt_PT\" \/>\n<meta property=\"og:type\" content=\"article\" \/>\n<meta property=\"og:title\" content=\"Ativando empatia: transformando escolas para ensinar o que importa -\" \/>\n<meta property=\"og:description\" content=\"Inscri\u00e7\u00f5es v\u00e3o at\u00e9 30\/03. Ativando Empatia \u00e9 um desafio colaborativo global proposto pela Ashoka para buscar as melhores ideias, programas e modelos de aprendizagem ao redor do mundo.\" \/>\n<meta property=\"og:url\" content=\"https:\/\/inclusivenews.com.br\/?p=22133\" \/>\n<meta property=\"article:publisher\" content=\"https:\/\/www.facebook.com\/agenciainclusive\/\" \/>\n<meta property=\"article:published_time\" content=\"2012-03-07T23:52:09+00:00\" \/>\n<meta property=\"og:image\" content=\"http:\/\/cdn.changemakers.com\/sites\/default\/files\/logobw.gif\" \/>\n<meta name=\"author\" content=\"inclusivenews2024\" \/>\n<meta name=\"twitter:card\" content=\"summary_large_image\" \/>\n<meta name=\"twitter:label1\" content=\"Escrito por\" \/>\n\t<meta name=\"twitter:data1\" content=\"inclusivenews2024\" \/>\n\t<meta name=\"twitter:label2\" content=\"Tempo estimado de leitura\" \/>\n\t<meta name=\"twitter:data2\" content=\"2 minutos\" \/>\n<script type=\"application\/ld+json\" class=\"yoast-schema-graph\">{\"@context\":\"https:\\\/\\\/schema.org\",\"@graph\":[{\"@type\":\"Article\",\"@id\":\"https:\\\/\\\/inclusivenews.com.br\\\/?p=22133#article\",\"isPartOf\":{\"@id\":\"https:\\\/\\\/inclusivenews.com.br\\\/?p=22133\"},\"author\":{\"name\":\"inclusivenews2024\",\"@id\":\"https:\\\/\\\/inclusivenews.com.br\\\/#\\\/schema\\\/person\\\/ae4ec7087559b8692fb33b6fffd2273b\"},\"headline\":\"Ativando empatia: transformando escolas para ensinar o que importa\",\"datePublished\":\"2012-03-07T23:52:09+00:00\",\"mainEntityOfPage\":{\"@id\":\"https:\\\/\\\/inclusivenews.com.br\\\/?p=22133\"},\"wordCount\":448,\"commentCount\":0,\"publisher\":{\"@id\":\"https:\\\/\\\/inclusivenews.com.br\\\/#organization\"},\"image\":{\"@id\":\"https:\\\/\\\/inclusivenews.com.br\\\/?p=22133#primaryimage\"},\"thumbnailUrl\":\"http:\\\/\\\/cdn.changemakers.com\\\/sites\\\/default\\\/files\\\/logobw.gif\",\"articleSection\":[\"EDUCA\u00c7\u00c3O\",\"NOT\u00cdCIAS\"],\"inLanguage\":\"pt-PT\",\"potentialAction\":[{\"@type\":\"CommentAction\",\"name\":\"Comment\",\"target\":[\"https:\\\/\\\/inclusivenews.com.br\\\/?p=22133#respond\"]}]},{\"@type\":\"WebPage\",\"@id\":\"https:\\\/\\\/inclusivenews.com.br\\\/?p=22133\",\"url\":\"https:\\\/\\\/inclusivenews.com.br\\\/?p=22133\",\"name\":\"Ativando empatia: transformando escolas para ensinar o que importa -\",\"isPartOf\":{\"@id\":\"https:\\\/\\\/inclusivenews.com.br\\\/#website\"},\"primaryImageOfPage\":{\"@id\":\"https:\\\/\\\/inclusivenews.com.br\\\/?p=22133#primaryimage\"},\"image\":{\"@id\":\"https:\\\/\\\/inclusivenews.com.br\\\/?p=22133#primaryimage\"},\"thumbnailUrl\":\"http:\\\/\\\/cdn.changemakers.com\\\/sites\\\/default\\\/files\\\/logobw.gif\",\"datePublished\":\"2012-03-07T23:52:09+00:00\",\"breadcrumb\":{\"@id\":\"https:\\\/\\\/inclusivenews.com.br\\\/?p=22133#breadcrumb\"},\"inLanguage\":\"pt-PT\",\"potentialAction\":[{\"@type\":\"ReadAction\",\"target\":[\"https:\\\/\\\/inclusivenews.com.br\\\/?p=22133\"]}]},{\"@type\":\"ImageObject\",\"inLanguage\":\"pt-PT\",\"@id\":\"https:\\\/\\\/inclusivenews.com.br\\\/?p=22133#primaryimage\",\"url\":\"http:\\\/\\\/cdn.changemakers.com\\\/sites\\\/default\\\/files\\\/logobw.gif\",\"contentUrl\":\"http:\\\/\\\/cdn.changemakers.com\\\/sites\\\/default\\\/files\\\/logobw.gif\"},{\"@type\":\"BreadcrumbList\",\"@id\":\"https:\\\/\\\/inclusivenews.com.br\\\/?p=22133#breadcrumb\",\"itemListElement\":[{\"@type\":\"ListItem\",\"position\":1,\"name\":\"In\u00edcio\",\"item\":\"https:\\\/\\\/inclusivenews.com.br\\\/\"},{\"@type\":\"ListItem\",\"position\":2,\"name\":\"Ativando empatia: transformando escolas para ensinar o que importa\"}]},{\"@type\":\"WebSite\",\"@id\":\"https:\\\/\\\/inclusivenews.com.br\\\/#website\",\"url\":\"https:\\\/\\\/inclusivenews.com.br\\\/\",\"name\":\"Inclusive News\",\"description\":\"Inclusive News\",\"publisher\":{\"@id\":\"https:\\\/\\\/inclusivenews.com.br\\\/#organization\"},\"potentialAction\":[{\"@type\":\"SearchAction\",\"target\":{\"@type\":\"EntryPoint\",\"urlTemplate\":\"https:\\\/\\\/inclusivenews.com.br\\\/?s={search_term_string}\"},\"query-input\":{\"@type\":\"PropertyValueSpecification\",\"valueRequired\":true,\"valueName\":\"search_term_string\"}}],\"inLanguage\":\"pt-PT\"},{\"@type\":\"Organization\",\"@id\":\"https:\\\/\\\/inclusivenews.com.br\\\/#organization\",\"name\":\"Inclusive - inclus\u00e3o e cidadania\",\"url\":\"https:\\\/\\\/inclusivenews.com.br\\\/\",\"logo\":{\"@type\":\"ImageObject\",\"inLanguage\":\"pt-PT\",\"@id\":\"https:\\\/\\\/inclusivenews.com.br\\\/#\\\/schema\\\/logo\\\/image\\\/\",\"url\":\"https:\\\/\\\/inclusivenews.com.br\\\/wp-content\\\/uploads\\\/2024\\\/03\\\/@grandesite.png\",\"contentUrl\":\"https:\\\/\\\/inclusivenews.com.br\\\/wp-content\\\/uploads\\\/2024\\\/03\\\/@grandesite.png\",\"width\":1080,\"height\":1080,\"caption\":\"Inclusive - inclus\u00e3o e cidadania\"},\"image\":{\"@id\":\"https:\\\/\\\/inclusivenews.com.br\\\/#\\\/schema\\\/logo\\\/image\\\/\"},\"sameAs\":[\"https:\\\/\\\/www.facebook.com\\\/agenciainclusive\\\/\",\"https:\\\/\\\/www.instagram.com\\\/newsinclusive\\\/\"]},{\"@type\":\"Person\",\"@id\":\"https:\\\/\\\/inclusivenews.com.br\\\/#\\\/schema\\\/person\\\/ae4ec7087559b8692fb33b6fffd2273b\",\"name\":\"inclusivenews2024\",\"image\":{\"@type\":\"ImageObject\",\"inLanguage\":\"pt-PT\",\"@id\":\"https:\\\/\\\/secure.gravatar.com\\\/avatar\\\/c5a7ef84c66fa914f55bc4f7ce26cfa275a3b9a1c5568b907bd184fb4dde7b40?s=96&d=mm&r=g\",\"url\":\"https:\\\/\\\/secure.gravatar.com\\\/avatar\\\/c5a7ef84c66fa914f55bc4f7ce26cfa275a3b9a1c5568b907bd184fb4dde7b40?s=96&d=mm&r=g\",\"contentUrl\":\"https:\\\/\\\/secure.gravatar.com\\\/avatar\\\/c5a7ef84c66fa914f55bc4f7ce26cfa275a3b9a1c5568b907bd184fb4dde7b40?s=96&d=mm&r=g\",\"caption\":\"inclusivenews2024\"},\"sameAs\":[\"https:\\\/\\\/inclusivenews.com.br\"],\"url\":\"https:\\\/\\\/inclusivenews.com.br\\\/?author=1\"}]}<\/script>\n<!-- \/ Yoast SEO plugin. -->","yoast_head_json":{"title":"Ativando empatia: transformando escolas para ensinar o que importa -","robots":{"index":"index","follow":"follow","max-snippet":"max-snippet:-1","max-image-preview":"max-image-preview:large","max-video-preview":"max-video-preview:-1"},"canonical":"https:\/\/inclusivenews.com.br\/?p=22133","og_locale":"pt_PT","og_type":"article","og_title":"Ativando empatia: transformando escolas para ensinar o que importa -","og_description":"Inscri\u00e7\u00f5es v\u00e3o at\u00e9 30\/03. Ativando Empatia \u00e9 um desafio colaborativo global proposto pela Ashoka para buscar as melhores ideias, programas e modelos de aprendizagem ao redor do mundo.","og_url":"https:\/\/inclusivenews.com.br\/?p=22133","article_publisher":"https:\/\/www.facebook.com\/agenciainclusive\/","article_published_time":"2012-03-07T23:52:09+00:00","og_image":[{"url":"http:\/\/cdn.changemakers.com\/sites\/default\/files\/logobw.gif","type":"","width":"","height":""}],"author":"inclusivenews2024","twitter_card":"summary_large_image","twitter_misc":{"Escrito por":"inclusivenews2024","Tempo estimado de leitura":"2 minutos"},"schema":{"@context":"https:\/\/schema.org","@graph":[{"@type":"Article","@id":"https:\/\/inclusivenews.com.br\/?p=22133#article","isPartOf":{"@id":"https:\/\/inclusivenews.com.br\/?p=22133"},"author":{"name":"inclusivenews2024","@id":"https:\/\/inclusivenews.com.br\/#\/schema\/person\/ae4ec7087559b8692fb33b6fffd2273b"},"headline":"Ativando empatia: transformando escolas para ensinar o que importa","datePublished":"2012-03-07T23:52:09+00:00","mainEntityOfPage":{"@id":"https:\/\/inclusivenews.com.br\/?p=22133"},"wordCount":448,"commentCount":0,"publisher":{"@id":"https:\/\/inclusivenews.com.br\/#organization"},"image":{"@id":"https:\/\/inclusivenews.com.br\/?p=22133#primaryimage"},"thumbnailUrl":"http:\/\/cdn.changemakers.com\/sites\/default\/files\/logobw.gif","articleSection":["EDUCA\u00c7\u00c3O","NOT\u00cdCIAS"],"inLanguage":"pt-PT","potentialAction":[{"@type":"CommentAction","name":"Comment","target":["https:\/\/inclusivenews.com.br\/?p=22133#respond"]}]},{"@type":"WebPage","@id":"https:\/\/inclusivenews.com.br\/?p=22133","url":"https:\/\/inclusivenews.com.br\/?p=22133","name":"Ativando empatia: transformando escolas para ensinar o que importa -","isPartOf":{"@id":"https:\/\/inclusivenews.com.br\/#website"},"primaryImageOfPage":{"@id":"https:\/\/inclusivenews.com.br\/?p=22133#primaryimage"},"image":{"@id":"https:\/\/inclusivenews.com.br\/?p=22133#primaryimage"},"thumbnailUrl":"http:\/\/cdn.changemakers.com\/sites\/default\/files\/logobw.gif","datePublished":"2012-03-07T23:52:09+00:00","breadcrumb":{"@id":"https:\/\/inclusivenews.com.br\/?p=22133#breadcrumb"},"inLanguage":"pt-PT","potentialAction":[{"@type":"ReadAction","target":["https:\/\/inclusivenews.com.br\/?p=22133"]}]},{"@type":"ImageObject","inLanguage":"pt-PT","@id":"https:\/\/inclusivenews.com.br\/?p=22133#primaryimage","url":"http:\/\/cdn.changemakers.com\/sites\/default\/files\/logobw.gif","contentUrl":"http:\/\/cdn.changemakers.com\/sites\/default\/files\/logobw.gif"},{"@type":"BreadcrumbList","@id":"https:\/\/inclusivenews.com.br\/?p=22133#breadcrumb","itemListElement":[{"@type":"ListItem","position":1,"name":"In\u00edcio","item":"https:\/\/inclusivenews.com.br\/"},{"@type":"ListItem","position":2,"name":"Ativando empatia: transformando escolas para ensinar o que importa"}]},{"@type":"WebSite","@id":"https:\/\/inclusivenews.com.br\/#website","url":"https:\/\/inclusivenews.com.br\/","name":"Inclusive News","description":"Inclusive News","publisher":{"@id":"https:\/\/inclusivenews.com.br\/#organization"},"potentialAction":[{"@type":"SearchAction","target":{"@type":"EntryPoint","urlTemplate":"https:\/\/inclusivenews.com.br\/?s={search_term_string}"},"query-input":{"@type":"PropertyValueSpecification","valueRequired":true,"valueName":"search_term_string"}}],"inLanguage":"pt-PT"},{"@type":"Organization","@id":"https:\/\/inclusivenews.com.br\/#organization","name":"Inclusive - inclus\u00e3o e cidadania","url":"https:\/\/inclusivenews.com.br\/","logo":{"@type":"ImageObject","inLanguage":"pt-PT","@id":"https:\/\/inclusivenews.com.br\/#\/schema\/logo\/image\/","url":"https:\/\/inclusivenews.com.br\/wp-content\/uploads\/2024\/03\/@grandesite.png","contentUrl":"https:\/\/inclusivenews.com.br\/wp-content\/uploads\/2024\/03\/@grandesite.png","width":1080,"height":1080,"caption":"Inclusive - inclus\u00e3o e cidadania"},"image":{"@id":"https:\/\/inclusivenews.com.br\/#\/schema\/logo\/image\/"},"sameAs":["https:\/\/www.facebook.com\/agenciainclusive\/","https:\/\/www.instagram.com\/newsinclusive\/"]},{"@type":"Person","@id":"https:\/\/inclusivenews.com.br\/#\/schema\/person\/ae4ec7087559b8692fb33b6fffd2273b","name":"inclusivenews2024","image":{"@type":"ImageObject","inLanguage":"pt-PT","@id":"https:\/\/secure.gravatar.com\/avatar\/c5a7ef84c66fa914f55bc4f7ce26cfa275a3b9a1c5568b907bd184fb4dde7b40?s=96&d=mm&r=g","url":"https:\/\/secure.gravatar.com\/avatar\/c5a7ef84c66fa914f55bc4f7ce26cfa275a3b9a1c5568b907bd184fb4dde7b40?s=96&d=mm&r=g","contentUrl":"https:\/\/secure.gravatar.com\/avatar\/c5a7ef84c66fa914f55bc4f7ce26cfa275a3b9a1c5568b907bd184fb4dde7b40?s=96&d=mm&r=g","caption":"inclusivenews2024"},"sameAs":["https:\/\/inclusivenews.com.br"],"url":"https:\/\/inclusivenews.com.br\/?author=1"}]}},"_links":{"self":[{"href":"https:\/\/inclusivenews.com.br\/index.php?rest_route=\/wp\/v2\/posts\/22133","targetHints":{"allow":["GET"]}}],"collection":[{"href":"https:\/\/inclusivenews.com.br\/index.php?rest_route=\/wp\/v2\/posts"}],"about":[{"href":"https:\/\/inclusivenews.com.br\/index.php?rest_route=\/wp\/v2\/types\/post"}],"author":[{"embeddable":true,"href":"https:\/\/inclusivenews.com.br\/index.php?rest_route=\/wp\/v2\/users\/1"}],"replies":[{"embeddable":true,"href":"https:\/\/inclusivenews.com.br\/index.php?rest_route=%2Fwp%2Fv2%2Fcomments&post=22133"}],"version-history":[{"count":0,"href":"https:\/\/inclusivenews.com.br\/index.php?rest_route=\/wp\/v2\/posts\/22133\/revisions"}],"wp:attachment":[{"href":"https:\/\/inclusivenews.com.br\/index.php?rest_route=%2Fwp%2Fv2%2Fmedia&parent=22133"}],"wp:term":[{"taxonomy":"category","embeddable":true,"href":"https:\/\/inclusivenews.com.br\/index.php?rest_route=%2Fwp%2Fv2%2Fcategories&post=22133"},{"taxonomy":"post_tag","embeddable":true,"href":"https:\/\/inclusivenews.com.br\/index.php?rest_route=%2Fwp%2Fv2%2Ftags&post=22133"}],"curies":[{"name":"wp","href":"https:\/\/api.w.org\/{rel}","templated":true}]}}