{"id":22144,"date":"2012-03-08T00:54:35","date_gmt":"2012-03-08T03:54:35","guid":{"rendered":"http:\/\/www.inclusive.org.br\/?p=22144"},"modified":"2012-03-08T00:54:35","modified_gmt":"2012-03-08T03:54:35","slug":"1%c2%ba-congresso-amapaense-sobre-sindrome-de-down","status":"publish","type":"post","link":"https:\/\/inclusivenews.com.br\/?p=22144","title":{"rendered":"1\u00ba Congresso Amapaense sobre S\u00edndrome de Down"},"content":{"rendered":"<div><a href=\"http:\/\/2.bp.blogspot.com\/-5UNzgOY6ccs\/TxZLXqNb20I\/AAAAAAAAAEk\/XESSAHWj2Mw\/s1600\/topologo1.jpg\"><img decoding=\"async\" src=\"http:\/\/2.bp.blogspot.com\/-5UNzgOY6ccs\/TxZLXqNb20I\/AAAAAAAAAEk\/XESSAHWj2Mw\/s1600\/topologo1.jpg\" border=\"0\" alt=\"\" \/><\/a><\/div>\n<div><em>&#8220;Por um mundo onde sejamos socialmente iguais, humanamente diferentes e totalmente livres.&#8221; <\/em><\/div>\n<div>(R. Luxembugo)<\/div>\n<h3>PROGRAMA\u00c7\u00c3O<\/h3>\n<div><strong> Dia 16\/03\/2012 (sexta-feira) <\/strong><\/div>\n<div><strong>TARDE<\/strong><\/div>\n<div><strong>14h \u00e0s 17h:<\/strong> Recep\u00e7\u00e3o e Credenciamento<\/div>\n<div><strong>17h30min:<\/strong> Apresenta\u00e7\u00e3o Musical<\/div>\n<div><strong>18h:<\/strong> Solenidade de Abertura<\/div>\n<div><strong>18h30min:<\/strong> Palestra \u201cSons e Gestos que alfabetizam \u2013 estrat\u00e9gia multissensorial  para facilitar a alfabetiza\u00e7\u00e3o de crian\u00e7as, jovens e adultos com  dificuldade de aprendizagem\u201d- Msc. Adriana Alc\u00e2ntara Teixeira<\/div>\n<div><strong>20h:<\/strong> Debate<\/div>\n<div><strong>21h30min:<\/strong> Encerramento<\/div>\n<div><em><strong>Local:<\/strong> Teatro das Bacabeiras<\/em><\/div>\n<div><strong> Dia 17\/03\/2012 (s\u00e1bado) <\/strong><\/div>\n<div><strong>MANH\u00c3<\/strong><\/div>\n<div><strong>08h30min:<\/strong> Palestra \u201cProjeto Roma \u2013 uma abordagem inclusiva para a educa\u00e7\u00e3o\u201d. F\u00e1bio Adiron<\/div>\n<div><strong>09h30min:<\/strong> Debate<\/div>\n<div><strong>10h30min:<\/strong> Desafios para Implanta\u00e7\u00e3o de uma Pol\u00edtica de Educa\u00e7\u00e3o Inclusiva\u201cUma  an\u00e1lise em n\u00edvel nacional, estadual e municipal\u201d (NEC\/UNIFAP; SINSEPEAP;  DIEES\/SEMED) Maria do Carmo Lobato \u2013 Msc. em Desenvolvimento Regional;  Cleidenira Vieira \u2013 Mestranda em Desenvolvimento regional.<\/div>\n<div><em><strong>Local:<\/strong> Audit\u00f3rio Multiuso da UNIFAP<\/em><\/div>\n<div><strong>12h-14h30min:<\/strong> Almo\u00e7o<\/div>\n<div><strong>TARDE<\/strong><\/div>\n<div><strong>14h30min-17h30min:<\/strong> Workshop \u201cProjeto Roma \u2013 pensando a pr\u00e1tica\u201d- F\u00e1bio Adiron<\/div>\n<div><em><strong>Local:<\/strong> Audit\u00f3rio 2 do Departamento de Recursos Humanos- DRH\/ UNIFAP<\/em><\/div>\n<div><strong>14h30min-17h30min:<\/strong> Workshop \u201cSons e Gestos que alfabetizam \u2013 estrat\u00e9gia multissensorial  para facilitar a alfabetiza\u00e7\u00e3o de crian\u00e7as, jovens e adultos com  dificuldade de aprendizagem\u201d- Msc. Adriana Alc\u00e2ntara Teixeira<\/div>\n<div><em><strong>Local:<\/strong> Audit\u00f3rio da Biblioteca da UNIFAP<\/em><\/div>\n<div><strong>14h30min-17h30min:<\/strong> Curso \u201cA Tecnologia Assistiva como ferramenta no processo de  alfabetiza\u00e7\u00e3o da crian\u00e7a com s\u00edndrome de Down\u201d -Rosinete Rodrigues \u2013  Msc.em Desenvolvimento Regional e integrante do Grupo de Pesquisa do  NEC\/UNIFAP e Zeildes Paiva- Mestranda do PPGDR e Terapeuta Ocupacional;  Adriana de Oliveira Freitas \u2013 Fonoaudi\u00f3loga.<\/div>\n<div><em><strong>Local:<\/strong> Audit\u00f3rio da Reitoria\/ UNIFAP<\/em><\/div>\n<div><strong>15h-18h:<\/strong> Roda de conversa com pais e profissionais da sa\u00fade que trabalham e atendem pessoas com s\u00edndrome de Down- Dr. ZanMustacchi<\/div>\n<div><em><strong>Local:<\/strong> Audit\u00f3rio 1 do Departamento de Recursos Humanos- DRH\/ UNIFAP<\/em><\/div>\n<div><strong> 18\/03\/2012 (domingo) <\/strong><\/div>\n<div><strong>MANH\u00c3<\/strong><\/div>\n<div><strong>9h-10h30min:<\/strong> Palestra\u201cAvan\u00e7os Cient\u00edficos e Tratamento na s\u00edndrome de Down: Novas Perspectivas\u201d- Dr. Zan Mustacchi<\/div>\n<div><strong>10h30min:<\/strong> Intervalo<\/div>\n<div><strong>10h45min:<\/strong> Debate com Dr. Zan Mustacchi<\/div>\n<div><em><strong>Local:<\/strong> Audit\u00f3rio Multiuso da UNIFAP<\/em><\/div>\n<div><strong>12h-14h:<\/strong> Almo\u00e7o<\/div>\n<div><strong>TARDE<\/strong><\/div>\n<div><strong>14h-15h:<\/strong> Palestra\u201cO papel da neurologia no desenvolvimento intelectual da pessoa  com s\u00edndrome de Down: aspectos como aten\u00e7\u00e3o e mem\u00f3ria e uso de  medicamentos\u201d &#8211; Dr. Dorimar dos Santos Barbosa &#8211; Diretor do CRM-AP .<\/div>\n<div><strong>15h-15h45min:<\/strong> Debate<\/div>\n<div><strong>15h45min:<\/strong> Intervalo<\/div>\n<div><strong>16h-17h30min:<\/strong> Mesa Redonda\u201cPesquisas sobre inclus\u00e3o escolar de crian\u00e7as com s\u00edndrome de Down no Amap\u00e1: fatos e perspectivas\u201d (NEC\/UNIFAP)<\/div>\n<div><strong>17h30min- 18h15min:<\/strong> Debate<\/div>\n<div><strong>18h15min-18h30min:<\/strong> Intervalo<\/div>\n<div><strong>18h30min:<\/strong> Apresenta\u00e7\u00e3o de Comunica\u00e7\u00e3o Cient\u00edfica e Experi\u00eancia em Debate (trabalhos inscritos no Congresso)<\/div>\n<div><strong><em>Local:<\/em><\/strong> <em>Audit\u00f3rio Multiuso da UNIFAP<\/em><\/div>\n<div><strong> 19\/03\/2012 (segunda-feira) <\/strong><\/div>\n<div><strong>MANH\u00c3<\/strong><\/div>\n<div><strong>09h:<\/strong> Plen\u00e1ria para cria\u00e7\u00e3o da Associa\u00e7\u00e3o e elei\u00e7\u00e3o da Diretoria provis\u00f3ria<\/div>\n<div><strong>11h30min:<\/strong> Encerramento<\/div>\n<div><em><strong>Local:<\/strong> Audit\u00f3rio da Reitoria\/UNIFAP<\/em><\/div>\n","protected":false},"excerpt":{"rendered":"<p>16 a 19\/3, na Universidade Federal do Amap\u00e1.<\/p>\n","protected":false},"author":1,"featured_media":0,"comment_status":"open","ping_status":"open","sticky":false,"template":"","format":"standard","meta":{"site-container-style":"default","site-container-layout":"default","site-sidebar-layout":"default","disable-article-header":"default","disable-site-header":"default","disable-site-footer":"default","disable-content-area-spacing":"default","footnotes":""},"categories":[12,38,179],"tags":[],"class_list":["post-22144","post","type-post","status-publish","format-standard","hentry","category-cursos-e-eventos","category-deficiencia","category-wdsd2012-campanhas"],"yoast_head":"<!-- This site is optimized with the Yoast SEO plugin v27.4 - https:\/\/yoast.com\/product\/yoast-seo-wordpress\/ -->\n<title>1\u00ba Congresso Amapaense sobre S\u00edndrome de Down -<\/title>\n<meta name=\"robots\" content=\"index, follow, max-snippet:-1, max-image-preview:large, max-video-preview:-1\" \/>\n<link rel=\"canonical\" href=\"https:\/\/inclusivenews.com.br\/?p=22144\" \/>\n<meta property=\"og:locale\" content=\"pt_PT\" \/>\n<meta property=\"og:type\" content=\"article\" \/>\n<meta property=\"og:title\" content=\"1\u00ba Congresso Amapaense sobre S\u00edndrome de Down -\" \/>\n<meta property=\"og:description\" content=\"16 a 19\/3, na Universidade Federal do Amap\u00e1.\" \/>\n<meta property=\"og:url\" content=\"https:\/\/inclusivenews.com.br\/?p=22144\" \/>\n<meta property=\"article:publisher\" content=\"https:\/\/www.facebook.com\/agenciainclusive\/\" \/>\n<meta property=\"article:published_time\" content=\"2012-03-08T03:54:35+00:00\" \/>\n<meta property=\"og:image\" content=\"http:\/\/2.bp.blogspot.com\/-5UNzgOY6ccs\/TxZLXqNb20I\/AAAAAAAAAEk\/XESSAHWj2Mw\/s1600\/topologo1.jpg\" \/>\n<meta name=\"author\" content=\"inclusivenews2024\" \/>\n<meta name=\"twitter:card\" content=\"summary_large_image\" \/>\n<meta name=\"twitter:label1\" content=\"Escrito por\" \/>\n\t<meta name=\"twitter:data1\" content=\"inclusivenews2024\" \/>\n\t<meta name=\"twitter:label2\" content=\"Tempo estimado de leitura\" \/>\n\t<meta name=\"twitter:data2\" content=\"2 minutos\" \/>\n<script type=\"application\/ld+json\" class=\"yoast-schema-graph\">{\"@context\":\"https:\\\/\\\/schema.org\",\"@graph\":[{\"@type\":\"Article\",\"@id\":\"https:\\\/\\\/inclusivenews.com.br\\\/?p=22144#article\",\"isPartOf\":{\"@id\":\"https:\\\/\\\/inclusivenews.com.br\\\/?p=22144\"},\"author\":{\"name\":\"inclusivenews2024\",\"@id\":\"https:\\\/\\\/inclusivenews.com.br\\\/#\\\/schema\\\/person\\\/ae4ec7087559b8692fb33b6fffd2273b\"},\"headline\":\"1\u00ba Congresso Amapaense sobre S\u00edndrome de Down\",\"datePublished\":\"2012-03-08T03:54:35+00:00\",\"mainEntityOfPage\":{\"@id\":\"https:\\\/\\\/inclusivenews.com.br\\\/?p=22144\"},\"wordCount\":494,\"commentCount\":1,\"publisher\":{\"@id\":\"https:\\\/\\\/inclusivenews.com.br\\\/#organization\"},\"image\":{\"@id\":\"https:\\\/\\\/inclusivenews.com.br\\\/?p=22144#primaryimage\"},\"thumbnailUrl\":\"http:\\\/\\\/2.bp.blogspot.com\\\/-5UNzgOY6ccs\\\/TxZLXqNb20I\\\/AAAAAAAAAEk\\\/XESSAHWj2Mw\\\/s1600\\\/topologo1.jpg\",\"articleSection\":[\"Cursos e eventos\",\"Defici\u00eancia\",\"WDSD2012\"],\"inLanguage\":\"pt-PT\",\"potentialAction\":[{\"@type\":\"CommentAction\",\"name\":\"Comment\",\"target\":[\"https:\\\/\\\/inclusivenews.com.br\\\/?p=22144#respond\"]}]},{\"@type\":\"WebPage\",\"@id\":\"https:\\\/\\\/inclusivenews.com.br\\\/?p=22144\",\"url\":\"https:\\\/\\\/inclusivenews.com.br\\\/?p=22144\",\"name\":\"1\u00ba Congresso Amapaense sobre S\u00edndrome de Down -\",\"isPartOf\":{\"@id\":\"https:\\\/\\\/inclusivenews.com.br\\\/#website\"},\"primaryImageOfPage\":{\"@id\":\"https:\\\/\\\/inclusivenews.com.br\\\/?p=22144#primaryimage\"},\"image\":{\"@id\":\"https:\\\/\\\/inclusivenews.com.br\\\/?p=22144#primaryimage\"},\"thumbnailUrl\":\"http:\\\/\\\/2.bp.blogspot.com\\\/-5UNzgOY6ccs\\\/TxZLXqNb20I\\\/AAAAAAAAAEk\\\/XESSAHWj2Mw\\\/s1600\\\/topologo1.jpg\",\"datePublished\":\"2012-03-08T03:54:35+00:00\",\"breadcrumb\":{\"@id\":\"https:\\\/\\\/inclusivenews.com.br\\\/?p=22144#breadcrumb\"},\"inLanguage\":\"pt-PT\",\"potentialAction\":[{\"@type\":\"ReadAction\",\"target\":[\"https:\\\/\\\/inclusivenews.com.br\\\/?p=22144\"]}]},{\"@type\":\"ImageObject\",\"inLanguage\":\"pt-PT\",\"@id\":\"https:\\\/\\\/inclusivenews.com.br\\\/?p=22144#primaryimage\",\"url\":\"http:\\\/\\\/2.bp.blogspot.com\\\/-5UNzgOY6ccs\\\/TxZLXqNb20I\\\/AAAAAAAAAEk\\\/XESSAHWj2Mw\\\/s1600\\\/topologo1.jpg\",\"contentUrl\":\"http:\\\/\\\/2.bp.blogspot.com\\\/-5UNzgOY6ccs\\\/TxZLXqNb20I\\\/AAAAAAAAAEk\\\/XESSAHWj2Mw\\\/s1600\\\/topologo1.jpg\"},{\"@type\":\"BreadcrumbList\",\"@id\":\"https:\\\/\\\/inclusivenews.com.br\\\/?p=22144#breadcrumb\",\"itemListElement\":[{\"@type\":\"ListItem\",\"position\":1,\"name\":\"In\u00edcio\",\"item\":\"https:\\\/\\\/inclusivenews.com.br\\\/\"},{\"@type\":\"ListItem\",\"position\":2,\"name\":\"1\u00ba Congresso Amapaense sobre S\u00edndrome de Down\"}]},{\"@type\":\"WebSite\",\"@id\":\"https:\\\/\\\/inclusivenews.com.br\\\/#website\",\"url\":\"https:\\\/\\\/inclusivenews.com.br\\\/\",\"name\":\"Inclusive News\",\"description\":\"Inclusive News\",\"publisher\":{\"@id\":\"https:\\\/\\\/inclusivenews.com.br\\\/#organization\"},\"potentialAction\":[{\"@type\":\"SearchAction\",\"target\":{\"@type\":\"EntryPoint\",\"urlTemplate\":\"https:\\\/\\\/inclusivenews.com.br\\\/?s={search_term_string}\"},\"query-input\":{\"@type\":\"PropertyValueSpecification\",\"valueRequired\":true,\"valueName\":\"search_term_string\"}}],\"inLanguage\":\"pt-PT\"},{\"@type\":\"Organization\",\"@id\":\"https:\\\/\\\/inclusivenews.com.br\\\/#organization\",\"name\":\"Inclusive - inclus\u00e3o e cidadania\",\"url\":\"https:\\\/\\\/inclusivenews.com.br\\\/\",\"logo\":{\"@type\":\"ImageObject\",\"inLanguage\":\"pt-PT\",\"@id\":\"https:\\\/\\\/inclusivenews.com.br\\\/#\\\/schema\\\/logo\\\/image\\\/\",\"url\":\"https:\\\/\\\/inclusivenews.com.br\\\/wp-content\\\/uploads\\\/2024\\\/03\\\/@grandesite.png\",\"contentUrl\":\"https:\\\/\\\/inclusivenews.com.br\\\/wp-content\\\/uploads\\\/2024\\\/03\\\/@grandesite.png\",\"width\":1080,\"height\":1080,\"caption\":\"Inclusive - inclus\u00e3o e cidadania\"},\"image\":{\"@id\":\"https:\\\/\\\/inclusivenews.com.br\\\/#\\\/schema\\\/logo\\\/image\\\/\"},\"sameAs\":[\"https:\\\/\\\/www.facebook.com\\\/agenciainclusive\\\/\",\"https:\\\/\\\/www.instagram.com\\\/newsinclusive\\\/\"]},{\"@type\":\"Person\",\"@id\":\"https:\\\/\\\/inclusivenews.com.br\\\/#\\\/schema\\\/person\\\/ae4ec7087559b8692fb33b6fffd2273b\",\"name\":\"inclusivenews2024\",\"image\":{\"@type\":\"ImageObject\",\"inLanguage\":\"pt-PT\",\"@id\":\"https:\\\/\\\/secure.gravatar.com\\\/avatar\\\/c5a7ef84c66fa914f55bc4f7ce26cfa275a3b9a1c5568b907bd184fb4dde7b40?s=96&d=mm&r=g\",\"url\":\"https:\\\/\\\/secure.gravatar.com\\\/avatar\\\/c5a7ef84c66fa914f55bc4f7ce26cfa275a3b9a1c5568b907bd184fb4dde7b40?s=96&d=mm&r=g\",\"contentUrl\":\"https:\\\/\\\/secure.gravatar.com\\\/avatar\\\/c5a7ef84c66fa914f55bc4f7ce26cfa275a3b9a1c5568b907bd184fb4dde7b40?s=96&d=mm&r=g\",\"caption\":\"inclusivenews2024\"},\"sameAs\":[\"https:\\\/\\\/inclusivenews.com.br\"],\"url\":\"https:\\\/\\\/inclusivenews.com.br\\\/?author=1\"}]}<\/script>\n<!-- \/ Yoast SEO plugin. -->","yoast_head_json":{"title":"1\u00ba Congresso Amapaense sobre S\u00edndrome de Down -","robots":{"index":"index","follow":"follow","max-snippet":"max-snippet:-1","max-image-preview":"max-image-preview:large","max-video-preview":"max-video-preview:-1"},"canonical":"https:\/\/inclusivenews.com.br\/?p=22144","og_locale":"pt_PT","og_type":"article","og_title":"1\u00ba Congresso Amapaense sobre S\u00edndrome de Down -","og_description":"16 a 19\/3, na Universidade Federal do Amap\u00e1.","og_url":"https:\/\/inclusivenews.com.br\/?p=22144","article_publisher":"https:\/\/www.facebook.com\/agenciainclusive\/","article_published_time":"2012-03-08T03:54:35+00:00","og_image":[{"url":"http:\/\/2.bp.blogspot.com\/-5UNzgOY6ccs\/TxZLXqNb20I\/AAAAAAAAAEk\/XESSAHWj2Mw\/s1600\/topologo1.jpg","type":"","width":"","height":""}],"author":"inclusivenews2024","twitter_card":"summary_large_image","twitter_misc":{"Escrito por":"inclusivenews2024","Tempo estimado de leitura":"2 minutos"},"schema":{"@context":"https:\/\/schema.org","@graph":[{"@type":"Article","@id":"https:\/\/inclusivenews.com.br\/?p=22144#article","isPartOf":{"@id":"https:\/\/inclusivenews.com.br\/?p=22144"},"author":{"name":"inclusivenews2024","@id":"https:\/\/inclusivenews.com.br\/#\/schema\/person\/ae4ec7087559b8692fb33b6fffd2273b"},"headline":"1\u00ba Congresso Amapaense sobre S\u00edndrome de Down","datePublished":"2012-03-08T03:54:35+00:00","mainEntityOfPage":{"@id":"https:\/\/inclusivenews.com.br\/?p=22144"},"wordCount":494,"commentCount":1,"publisher":{"@id":"https:\/\/inclusivenews.com.br\/#organization"},"image":{"@id":"https:\/\/inclusivenews.com.br\/?p=22144#primaryimage"},"thumbnailUrl":"http:\/\/2.bp.blogspot.com\/-5UNzgOY6ccs\/TxZLXqNb20I\/AAAAAAAAAEk\/XESSAHWj2Mw\/s1600\/topologo1.jpg","articleSection":["Cursos e eventos","Defici\u00eancia","WDSD2012"],"inLanguage":"pt-PT","potentialAction":[{"@type":"CommentAction","name":"Comment","target":["https:\/\/inclusivenews.com.br\/?p=22144#respond"]}]},{"@type":"WebPage","@id":"https:\/\/inclusivenews.com.br\/?p=22144","url":"https:\/\/inclusivenews.com.br\/?p=22144","name":"1\u00ba Congresso Amapaense sobre S\u00edndrome de Down -","isPartOf":{"@id":"https:\/\/inclusivenews.com.br\/#website"},"primaryImageOfPage":{"@id":"https:\/\/inclusivenews.com.br\/?p=22144#primaryimage"},"image":{"@id":"https:\/\/inclusivenews.com.br\/?p=22144#primaryimage"},"thumbnailUrl":"http:\/\/2.bp.blogspot.com\/-5UNzgOY6ccs\/TxZLXqNb20I\/AAAAAAAAAEk\/XESSAHWj2Mw\/s1600\/topologo1.jpg","datePublished":"2012-03-08T03:54:35+00:00","breadcrumb":{"@id":"https:\/\/inclusivenews.com.br\/?p=22144#breadcrumb"},"inLanguage":"pt-PT","potentialAction":[{"@type":"ReadAction","target":["https:\/\/inclusivenews.com.br\/?p=22144"]}]},{"@type":"ImageObject","inLanguage":"pt-PT","@id":"https:\/\/inclusivenews.com.br\/?p=22144#primaryimage","url":"http:\/\/2.bp.blogspot.com\/-5UNzgOY6ccs\/TxZLXqNb20I\/AAAAAAAAAEk\/XESSAHWj2Mw\/s1600\/topologo1.jpg","contentUrl":"http:\/\/2.bp.blogspot.com\/-5UNzgOY6ccs\/TxZLXqNb20I\/AAAAAAAAAEk\/XESSAHWj2Mw\/s1600\/topologo1.jpg"},{"@type":"BreadcrumbList","@id":"https:\/\/inclusivenews.com.br\/?p=22144#breadcrumb","itemListElement":[{"@type":"ListItem","position":1,"name":"In\u00edcio","item":"https:\/\/inclusivenews.com.br\/"},{"@type":"ListItem","position":2,"name":"1\u00ba Congresso Amapaense sobre S\u00edndrome de Down"}]},{"@type":"WebSite","@id":"https:\/\/inclusivenews.com.br\/#website","url":"https:\/\/inclusivenews.com.br\/","name":"Inclusive News","description":"Inclusive News","publisher":{"@id":"https:\/\/inclusivenews.com.br\/#organization"},"potentialAction":[{"@type":"SearchAction","target":{"@type":"EntryPoint","urlTemplate":"https:\/\/inclusivenews.com.br\/?s={search_term_string}"},"query-input":{"@type":"PropertyValueSpecification","valueRequired":true,"valueName":"search_term_string"}}],"inLanguage":"pt-PT"},{"@type":"Organization","@id":"https:\/\/inclusivenews.com.br\/#organization","name":"Inclusive - inclus\u00e3o e cidadania","url":"https:\/\/inclusivenews.com.br\/","logo":{"@type":"ImageObject","inLanguage":"pt-PT","@id":"https:\/\/inclusivenews.com.br\/#\/schema\/logo\/image\/","url":"https:\/\/inclusivenews.com.br\/wp-content\/uploads\/2024\/03\/@grandesite.png","contentUrl":"https:\/\/inclusivenews.com.br\/wp-content\/uploads\/2024\/03\/@grandesite.png","width":1080,"height":1080,"caption":"Inclusive - inclus\u00e3o e cidadania"},"image":{"@id":"https:\/\/inclusivenews.com.br\/#\/schema\/logo\/image\/"},"sameAs":["https:\/\/www.facebook.com\/agenciainclusive\/","https:\/\/www.instagram.com\/newsinclusive\/"]},{"@type":"Person","@id":"https:\/\/inclusivenews.com.br\/#\/schema\/person\/ae4ec7087559b8692fb33b6fffd2273b","name":"inclusivenews2024","image":{"@type":"ImageObject","inLanguage":"pt-PT","@id":"https:\/\/secure.gravatar.com\/avatar\/c5a7ef84c66fa914f55bc4f7ce26cfa275a3b9a1c5568b907bd184fb4dde7b40?s=96&d=mm&r=g","url":"https:\/\/secure.gravatar.com\/avatar\/c5a7ef84c66fa914f55bc4f7ce26cfa275a3b9a1c5568b907bd184fb4dde7b40?s=96&d=mm&r=g","contentUrl":"https:\/\/secure.gravatar.com\/avatar\/c5a7ef84c66fa914f55bc4f7ce26cfa275a3b9a1c5568b907bd184fb4dde7b40?s=96&d=mm&r=g","caption":"inclusivenews2024"},"sameAs":["https:\/\/inclusivenews.com.br"],"url":"https:\/\/inclusivenews.com.br\/?author=1"}]}},"_links":{"self":[{"href":"https:\/\/inclusivenews.com.br\/index.php?rest_route=\/wp\/v2\/posts\/22144","targetHints":{"allow":["GET"]}}],"collection":[{"href":"https:\/\/inclusivenews.com.br\/index.php?rest_route=\/wp\/v2\/posts"}],"about":[{"href":"https:\/\/inclusivenews.com.br\/index.php?rest_route=\/wp\/v2\/types\/post"}],"author":[{"embeddable":true,"href":"https:\/\/inclusivenews.com.br\/index.php?rest_route=\/wp\/v2\/users\/1"}],"replies":[{"embeddable":true,"href":"https:\/\/inclusivenews.com.br\/index.php?rest_route=%2Fwp%2Fv2%2Fcomments&post=22144"}],"version-history":[{"count":0,"href":"https:\/\/inclusivenews.com.br\/index.php?rest_route=\/wp\/v2\/posts\/22144\/revisions"}],"wp:attachment":[{"href":"https:\/\/inclusivenews.com.br\/index.php?rest_route=%2Fwp%2Fv2%2Fmedia&parent=22144"}],"wp:term":[{"taxonomy":"category","embeddable":true,"href":"https:\/\/inclusivenews.com.br\/index.php?rest_route=%2Fwp%2Fv2%2Fcategories&post=22144"},{"taxonomy":"post_tag","embeddable":true,"href":"https:\/\/inclusivenews.com.br\/index.php?rest_route=%2Fwp%2Fv2%2Ftags&post=22144"}],"curies":[{"name":"wp","href":"https:\/\/api.w.org\/{rel}","templated":true}]}}