{"id":22189,"date":"2012-03-23T07:47:48","date_gmt":"2012-03-23T10:47:48","guid":{"rendered":"http:\/\/www.inclusive.org.br\/?p=22189"},"modified":"2012-03-23T07:47:48","modified_gmt":"2012-03-23T10:47:48","slug":"quanto-e-a-agua","status":"publish","type":"post","link":"https:\/\/inclusivenews.com.br\/?p=22189","title":{"rendered":"Quanto \u00e9 a \u00e1gua?"},"content":{"rendered":"<p><a rel=\"attachment wp-att-22191\" href=\"http:\/\/www.inclusive.org.br\/?attachment_id=22191\"><img loading=\"lazy\" decoding=\"async\" class=\"alignnone size-medium wp-image-22191\" title=\"Rosilene Silva da Costa\" src=\"http:\/\/inclusivenews.com.br\/wp-content\/uploads\/Rosilene-Silva-da-Costa-256x300.jpg\" alt=\"\" width=\"256\" height=\"300\" \/><\/a><\/p>\n<p><strong>Por Rosilene Silva da Costa<\/strong><\/p>\n<p><em>&#8211; Quanto \u00e9 a \u00e1gua?<\/em><\/p>\n<p><em>&#8211; Dois reais.<\/em><\/p>\n<p><em>&#8211; Me v\u00ea duas, mas quero geladas.<\/em><\/p>\n<p><em>&#8211; N\u00e3o estou vendendo \u00e1gua.<\/em><\/p>\n<p><em>&#8211; Desculpa, pensei que estivesse com ele (apontando o vendedor ambulante negro).<\/em><\/p>\n<p><em>&#8211; Por que voc\u00ea pensou isso?<\/em><\/p>\n<p><em>&#8211; Desculpa, mo\u00e7a, eu me enganei mesmo (sai apressado e envergonhado).<\/em><\/p>\n<p>Di\u00e1logo bobinho este, mas reflete uma das facetas mais cru\u00e9is e vergonhosas de nosso pa\u00eds: o preconceito racial. Eu falando em preconceito novamente? Sim, eu falando em preconceito novamente, mas digo o motivo. Neste domingo fiz provas para um dos concursos mais concorridos do Brasil: Senado. Cheguei cedinho fiz uma prova, sa\u00ed para almo\u00e7ar e quando retornei comprei duas garrafas d\u2019\u00e1gua para enfrentar as outras cinco horas e trinta minutos que teria de prova. Enquanto aguardava para entrar no pr\u00e9dio, fui interpelada por um homem branco de trinta e poucos anos, com o qual mantive o di\u00e1logo acima. A pessoa que me abordou imaginou que pela cor da minha pele eu n\u00e3o deveria estar ali para prestar uma prova, mas sim para vender \u00e1gua. Devido a minha caminhada e experi\u00eancia, eu pude confrontar o rapaz e perguntar o porqu\u00ea dele pensar que eu era uma vendedora ambulante, por\u00e9m a atitude de algumas pessoas que estavam pr\u00f3ximas fez com que ele depressa sa\u00edsse, pois diante do ocorrido algu\u00e9m disse: \u201cIsso d\u00e1 processo.\u201d Eu discordo disso, afinal ele n\u00e3o foi grosseiro, n\u00e3o discrimou, apenas mostrou o que se pensa no Brasil: o lugar do negro \u00e9 na cozinha.<\/p>\n<p>No turno da manh\u00e3, as provas haviam sido para n\u00edvel m\u00e9dio, e eu observei que o n\u00famero de negros era bem pequeno, mas vi alguns circulando \u2013 havia como dizer: \u201cnegros fizeram a prova\u201d. No turno da tarde, as provas foram para n\u00edvel superior, e depois do ocorrido eu comecei a procurar meus pares que estivessem vis\u00edveis, mas para minha surpresa, vi apenas mais duas mulheres negras e um homem negro naquele local. Se a presen\u00e7a dos negros \u00e9 t\u00e3o pequena nestes espa\u00e7os at\u00e9 que justifica a confus\u00e3o que o homem fez. Ele n\u00e3o conseguiu perceber que eu usava um vestido longo, sand\u00e1lia de salto alto, nem que carregava uma pasta (Datelli, por sinal) em uma das m\u00e3os e, na outra m\u00e3o, eu equilibrava as duas garrafas de \u00e1gua que ele queria comprar. O que a roupa significa? Minha apresenta\u00e7\u00e3o pessoal em nada diferia da apresenta\u00e7\u00e3o das demais mulheres que ali estavam, contudo o meu \u201cdefeito de cor\u201d n\u00e3o me colocava ali como concorrente do certame, mas sim como vendedora ambulante.<\/p>\n<p>Quando isto ocorre, \u00e9 imposs\u00edvel n\u00e3o nos sentirmos desvalorizados, menosprezados e humilhados por causa do racismo. N\u00e3o vejo nenhum mal em ser vendedor ambulante, o senhor negro que vendia \u00e1guas em nada difere de mim, no entanto, atitudes assim demonstram o imagin\u00e1rio brasileiro que ainda n\u00e3o admite que o negro saia da cozinha. E este imagin\u00e1rio aflora quando as pessoas menos esperam, no momento em que est\u00e3o fazendo as suas lidas cotidianas. Para aquele homem, um negro n\u00e3o poderia prestar aquela prova, pois afinal ela exigia uma boa forma\u00e7\u00e3o acad\u00eamica, boa prepara\u00e7\u00e3o te\u00f3rica e ainda o indiv\u00edduo precisou desembolsar algum dinheiro. Estes tr\u00eas fatores realmente afastam os negros destas concorr\u00eancias. Temos hoje um pequeno n\u00famero de negros com boa forma\u00e7\u00e3o (mesmo com as cotas e Enem ainda \u00e9 pequeno o n\u00famero de afrodescendentes na universidade); a prepara\u00e7\u00e3o para um concurso exige tempo de estudo e dinheiro, o que nem sempre os negros t\u00eam, pois eles acabam os estudos na gradua\u00e7\u00e3o e precisam trabalhar muito; e a inscri\u00e7\u00e3o para o concurso custou cento e noventa reais (valor alto para pessoas que mesmo com curso superior ainda n\u00e3o t\u00eam boa coloca\u00e7\u00e3o no mercado de trabalho). Outro fator que deve ter levado o rapaz a esta conclus\u00e3o deve ser \u00a0que negros n\u00e3o ocupam espa\u00e7os de trabalho onde o sal\u00e1rio beira ou ultrapassa vinte mil reais. Assim, nada justificaria a minha presen\u00e7a ali.<\/p>\n<p>Eu fiz a prova e estou aguardando o resultado, mas isto n\u00e3o sai da minha mente e tenho pensado no quanto \u00e9 urgente que os negros ocupem espa\u00e7os que historicamente lhes foram negados. Em concursos deste tipo n\u00e3o podemos abrir m\u00e3o de exigir que exista uma reserva de vagas, porque isso motivar\u00e1 os negros a se inscreverem e concorrer, pois sabemos que a concorr\u00eancia n\u00e3o \u00e9 igual: brancos e negros t\u00eam forma\u00e7\u00f5es diferentes. E garantir vagas em concursos deste tipo, colocar\u00e1 negros em posi\u00e7\u00f5es importantes nos servi\u00e7os p\u00fablicos do Brasil, o que come\u00e7ar\u00e1 a transformar o imagin\u00e1rio que diz que \u201ca negra faz a cocada e o negro sai para vender\u201d.<\/p>\n<p>Fonte: A autora<\/p>\n","protected":false},"excerpt":{"rendered":"<p>&#8220;No turno da tarde, as provas foram para n\u00edvel superior, e depois do ocorrido eu comecei a procurar meus pares que estivessem vis\u00edveis, mas para minha surpresa, vi apenas mais duas mulheres negras e um homem negro naquele local.&#8221;<\/p>\n","protected":false},"author":1,"featured_media":0,"comment_status":"open","ping_status":"open","sticky":false,"template":"","format":"standard","meta":{"site-container-style":"default","site-container-layout":"default","site-sidebar-layout":"default","disable-article-header":"default","disable-site-header":"default","disable-site-footer":"default","disable-content-area-spacing":"default","footnotes":""},"categories":[56,8,41],"tags":[],"class_list":["post-22189","post","type-post","status-publish","format-standard","hentry","category-acoes-afirmativas","category-textos-e-artigos","category-preconceito"],"yoast_head":"<!-- This site is optimized with the Yoast SEO plugin v27.4 - https:\/\/yoast.com\/product\/yoast-seo-wordpress\/ -->\n<title>Quanto \u00e9 a \u00e1gua? -<\/title>\n<meta name=\"robots\" content=\"index, follow, max-snippet:-1, max-image-preview:large, max-video-preview:-1\" \/>\n<link rel=\"canonical\" href=\"https:\/\/inclusivenews.com.br\/?p=22189\" \/>\n<meta property=\"og:locale\" content=\"pt_PT\" \/>\n<meta property=\"og:type\" content=\"article\" \/>\n<meta property=\"og:title\" content=\"Quanto \u00e9 a \u00e1gua? -\" \/>\n<meta property=\"og:description\" content=\"&quot;No turno da tarde, as provas foram para n\u00edvel superior, e depois do ocorrido eu comecei a procurar meus pares que estivessem vis\u00edveis, mas para minha surpresa, vi apenas mais duas mulheres negras e um homem negro naquele local.&quot;\" \/>\n<meta property=\"og:url\" content=\"https:\/\/inclusivenews.com.br\/?p=22189\" \/>\n<meta property=\"article:publisher\" content=\"https:\/\/www.facebook.com\/agenciainclusive\/\" \/>\n<meta property=\"article:published_time\" content=\"2012-03-23T10:47:48+00:00\" \/>\n<meta property=\"og:image\" content=\"http:\/\/inclusivenews.com.br\/wp-content\/uploads\/Rosilene-Silva-da-Costa-256x300.jpg\" \/>\n<meta name=\"author\" content=\"inclusivenews2024\" \/>\n<meta name=\"twitter:card\" content=\"summary_large_image\" \/>\n<meta name=\"twitter:label1\" content=\"Escrito por\" \/>\n\t<meta name=\"twitter:data1\" content=\"inclusivenews2024\" \/>\n\t<meta name=\"twitter:label2\" content=\"Tempo estimado de leitura\" \/>\n\t<meta name=\"twitter:data2\" content=\"4 minutos\" \/>\n<script type=\"application\/ld+json\" class=\"yoast-schema-graph\">{\"@context\":\"https:\\\/\\\/schema.org\",\"@graph\":[{\"@type\":\"Article\",\"@id\":\"https:\\\/\\\/inclusivenews.com.br\\\/?p=22189#article\",\"isPartOf\":{\"@id\":\"https:\\\/\\\/inclusivenews.com.br\\\/?p=22189\"},\"author\":{\"name\":\"inclusivenews2024\",\"@id\":\"https:\\\/\\\/inclusivenews.com.br\\\/#\\\/schema\\\/person\\\/ae4ec7087559b8692fb33b6fffd2273b\"},\"headline\":\"Quanto \u00e9 a \u00e1gua?\",\"datePublished\":\"2012-03-23T10:47:48+00:00\",\"mainEntityOfPage\":{\"@id\":\"https:\\\/\\\/inclusivenews.com.br\\\/?p=22189\"},\"wordCount\":835,\"commentCount\":2,\"publisher\":{\"@id\":\"https:\\\/\\\/inclusivenews.com.br\\\/#organization\"},\"image\":{\"@id\":\"https:\\\/\\\/inclusivenews.com.br\\\/?p=22189#primaryimage\"},\"thumbnailUrl\":\"http:\\\/\\\/inclusivenews.com.br\\\/wp-content\\\/uploads\\\/Rosilene-Silva-da-Costa-256x300.jpg\",\"articleSection\":[\"A\u00e7\u00f5es afirmativas\",\"OPINI\u00c3O\",\"Preconceito\"],\"inLanguage\":\"pt-PT\",\"potentialAction\":[{\"@type\":\"CommentAction\",\"name\":\"Comment\",\"target\":[\"https:\\\/\\\/inclusivenews.com.br\\\/?p=22189#respond\"]}]},{\"@type\":\"WebPage\",\"@id\":\"https:\\\/\\\/inclusivenews.com.br\\\/?p=22189\",\"url\":\"https:\\\/\\\/inclusivenews.com.br\\\/?p=22189\",\"name\":\"Quanto \u00e9 a \u00e1gua? -\",\"isPartOf\":{\"@id\":\"https:\\\/\\\/inclusivenews.com.br\\\/#website\"},\"primaryImageOfPage\":{\"@id\":\"https:\\\/\\\/inclusivenews.com.br\\\/?p=22189#primaryimage\"},\"image\":{\"@id\":\"https:\\\/\\\/inclusivenews.com.br\\\/?p=22189#primaryimage\"},\"thumbnailUrl\":\"http:\\\/\\\/inclusivenews.com.br\\\/wp-content\\\/uploads\\\/Rosilene-Silva-da-Costa-256x300.jpg\",\"datePublished\":\"2012-03-23T10:47:48+00:00\",\"breadcrumb\":{\"@id\":\"https:\\\/\\\/inclusivenews.com.br\\\/?p=22189#breadcrumb\"},\"inLanguage\":\"pt-PT\",\"potentialAction\":[{\"@type\":\"ReadAction\",\"target\":[\"https:\\\/\\\/inclusivenews.com.br\\\/?p=22189\"]}]},{\"@type\":\"ImageObject\",\"inLanguage\":\"pt-PT\",\"@id\":\"https:\\\/\\\/inclusivenews.com.br\\\/?p=22189#primaryimage\",\"url\":\"\",\"contentUrl\":\"\"},{\"@type\":\"BreadcrumbList\",\"@id\":\"https:\\\/\\\/inclusivenews.com.br\\\/?p=22189#breadcrumb\",\"itemListElement\":[{\"@type\":\"ListItem\",\"position\":1,\"name\":\"In\u00edcio\",\"item\":\"https:\\\/\\\/inclusivenews.com.br\\\/\"},{\"@type\":\"ListItem\",\"position\":2,\"name\":\"Quanto \u00e9 a \u00e1gua?\"}]},{\"@type\":\"WebSite\",\"@id\":\"https:\\\/\\\/inclusivenews.com.br\\\/#website\",\"url\":\"https:\\\/\\\/inclusivenews.com.br\\\/\",\"name\":\"Inclusive News\",\"description\":\"Inclusive News\",\"publisher\":{\"@id\":\"https:\\\/\\\/inclusivenews.com.br\\\/#organization\"},\"potentialAction\":[{\"@type\":\"SearchAction\",\"target\":{\"@type\":\"EntryPoint\",\"urlTemplate\":\"https:\\\/\\\/inclusivenews.com.br\\\/?s={search_term_string}\"},\"query-input\":{\"@type\":\"PropertyValueSpecification\",\"valueRequired\":true,\"valueName\":\"search_term_string\"}}],\"inLanguage\":\"pt-PT\"},{\"@type\":\"Organization\",\"@id\":\"https:\\\/\\\/inclusivenews.com.br\\\/#organization\",\"name\":\"Inclusive - inclus\u00e3o e cidadania\",\"url\":\"https:\\\/\\\/inclusivenews.com.br\\\/\",\"logo\":{\"@type\":\"ImageObject\",\"inLanguage\":\"pt-PT\",\"@id\":\"https:\\\/\\\/inclusivenews.com.br\\\/#\\\/schema\\\/logo\\\/image\\\/\",\"url\":\"https:\\\/\\\/inclusivenews.com.br\\\/wp-content\\\/uploads\\\/2024\\\/03\\\/@grandesite.png\",\"contentUrl\":\"https:\\\/\\\/inclusivenews.com.br\\\/wp-content\\\/uploads\\\/2024\\\/03\\\/@grandesite.png\",\"width\":1080,\"height\":1080,\"caption\":\"Inclusive - inclus\u00e3o e cidadania\"},\"image\":{\"@id\":\"https:\\\/\\\/inclusivenews.com.br\\\/#\\\/schema\\\/logo\\\/image\\\/\"},\"sameAs\":[\"https:\\\/\\\/www.facebook.com\\\/agenciainclusive\\\/\",\"https:\\\/\\\/www.instagram.com\\\/newsinclusive\\\/\"]},{\"@type\":\"Person\",\"@id\":\"https:\\\/\\\/inclusivenews.com.br\\\/#\\\/schema\\\/person\\\/ae4ec7087559b8692fb33b6fffd2273b\",\"name\":\"inclusivenews2024\",\"image\":{\"@type\":\"ImageObject\",\"inLanguage\":\"pt-PT\",\"@id\":\"https:\\\/\\\/secure.gravatar.com\\\/avatar\\\/c5a7ef84c66fa914f55bc4f7ce26cfa275a3b9a1c5568b907bd184fb4dde7b40?s=96&d=mm&r=g\",\"url\":\"https:\\\/\\\/secure.gravatar.com\\\/avatar\\\/c5a7ef84c66fa914f55bc4f7ce26cfa275a3b9a1c5568b907bd184fb4dde7b40?s=96&d=mm&r=g\",\"contentUrl\":\"https:\\\/\\\/secure.gravatar.com\\\/avatar\\\/c5a7ef84c66fa914f55bc4f7ce26cfa275a3b9a1c5568b907bd184fb4dde7b40?s=96&d=mm&r=g\",\"caption\":\"inclusivenews2024\"},\"sameAs\":[\"https:\\\/\\\/inclusivenews.com.br\"],\"url\":\"https:\\\/\\\/inclusivenews.com.br\\\/?author=1\"}]}<\/script>\n<!-- \/ Yoast SEO plugin. -->","yoast_head_json":{"title":"Quanto \u00e9 a \u00e1gua? -","robots":{"index":"index","follow":"follow","max-snippet":"max-snippet:-1","max-image-preview":"max-image-preview:large","max-video-preview":"max-video-preview:-1"},"canonical":"https:\/\/inclusivenews.com.br\/?p=22189","og_locale":"pt_PT","og_type":"article","og_title":"Quanto \u00e9 a \u00e1gua? -","og_description":"\"No turno da tarde, as provas foram para n\u00edvel superior, e depois do ocorrido eu comecei a procurar meus pares que estivessem vis\u00edveis, mas para minha surpresa, vi apenas mais duas mulheres negras e um homem negro naquele local.\"","og_url":"https:\/\/inclusivenews.com.br\/?p=22189","article_publisher":"https:\/\/www.facebook.com\/agenciainclusive\/","article_published_time":"2012-03-23T10:47:48+00:00","og_image":[{"url":"http:\/\/inclusivenews.com.br\/wp-content\/uploads\/Rosilene-Silva-da-Costa-256x300.jpg","type":"","width":"","height":""}],"author":"inclusivenews2024","twitter_card":"summary_large_image","twitter_misc":{"Escrito por":"inclusivenews2024","Tempo estimado de leitura":"4 minutos"},"schema":{"@context":"https:\/\/schema.org","@graph":[{"@type":"Article","@id":"https:\/\/inclusivenews.com.br\/?p=22189#article","isPartOf":{"@id":"https:\/\/inclusivenews.com.br\/?p=22189"},"author":{"name":"inclusivenews2024","@id":"https:\/\/inclusivenews.com.br\/#\/schema\/person\/ae4ec7087559b8692fb33b6fffd2273b"},"headline":"Quanto \u00e9 a \u00e1gua?","datePublished":"2012-03-23T10:47:48+00:00","mainEntityOfPage":{"@id":"https:\/\/inclusivenews.com.br\/?p=22189"},"wordCount":835,"commentCount":2,"publisher":{"@id":"https:\/\/inclusivenews.com.br\/#organization"},"image":{"@id":"https:\/\/inclusivenews.com.br\/?p=22189#primaryimage"},"thumbnailUrl":"http:\/\/inclusivenews.com.br\/wp-content\/uploads\/Rosilene-Silva-da-Costa-256x300.jpg","articleSection":["A\u00e7\u00f5es afirmativas","OPINI\u00c3O","Preconceito"],"inLanguage":"pt-PT","potentialAction":[{"@type":"CommentAction","name":"Comment","target":["https:\/\/inclusivenews.com.br\/?p=22189#respond"]}]},{"@type":"WebPage","@id":"https:\/\/inclusivenews.com.br\/?p=22189","url":"https:\/\/inclusivenews.com.br\/?p=22189","name":"Quanto \u00e9 a \u00e1gua? -","isPartOf":{"@id":"https:\/\/inclusivenews.com.br\/#website"},"primaryImageOfPage":{"@id":"https:\/\/inclusivenews.com.br\/?p=22189#primaryimage"},"image":{"@id":"https:\/\/inclusivenews.com.br\/?p=22189#primaryimage"},"thumbnailUrl":"http:\/\/inclusivenews.com.br\/wp-content\/uploads\/Rosilene-Silva-da-Costa-256x300.jpg","datePublished":"2012-03-23T10:47:48+00:00","breadcrumb":{"@id":"https:\/\/inclusivenews.com.br\/?p=22189#breadcrumb"},"inLanguage":"pt-PT","potentialAction":[{"@type":"ReadAction","target":["https:\/\/inclusivenews.com.br\/?p=22189"]}]},{"@type":"ImageObject","inLanguage":"pt-PT","@id":"https:\/\/inclusivenews.com.br\/?p=22189#primaryimage","url":"","contentUrl":""},{"@type":"BreadcrumbList","@id":"https:\/\/inclusivenews.com.br\/?p=22189#breadcrumb","itemListElement":[{"@type":"ListItem","position":1,"name":"In\u00edcio","item":"https:\/\/inclusivenews.com.br\/"},{"@type":"ListItem","position":2,"name":"Quanto \u00e9 a \u00e1gua?"}]},{"@type":"WebSite","@id":"https:\/\/inclusivenews.com.br\/#website","url":"https:\/\/inclusivenews.com.br\/","name":"Inclusive News","description":"Inclusive News","publisher":{"@id":"https:\/\/inclusivenews.com.br\/#organization"},"potentialAction":[{"@type":"SearchAction","target":{"@type":"EntryPoint","urlTemplate":"https:\/\/inclusivenews.com.br\/?s={search_term_string}"},"query-input":{"@type":"PropertyValueSpecification","valueRequired":true,"valueName":"search_term_string"}}],"inLanguage":"pt-PT"},{"@type":"Organization","@id":"https:\/\/inclusivenews.com.br\/#organization","name":"Inclusive - inclus\u00e3o e cidadania","url":"https:\/\/inclusivenews.com.br\/","logo":{"@type":"ImageObject","inLanguage":"pt-PT","@id":"https:\/\/inclusivenews.com.br\/#\/schema\/logo\/image\/","url":"https:\/\/inclusivenews.com.br\/wp-content\/uploads\/2024\/03\/@grandesite.png","contentUrl":"https:\/\/inclusivenews.com.br\/wp-content\/uploads\/2024\/03\/@grandesite.png","width":1080,"height":1080,"caption":"Inclusive - inclus\u00e3o e cidadania"},"image":{"@id":"https:\/\/inclusivenews.com.br\/#\/schema\/logo\/image\/"},"sameAs":["https:\/\/www.facebook.com\/agenciainclusive\/","https:\/\/www.instagram.com\/newsinclusive\/"]},{"@type":"Person","@id":"https:\/\/inclusivenews.com.br\/#\/schema\/person\/ae4ec7087559b8692fb33b6fffd2273b","name":"inclusivenews2024","image":{"@type":"ImageObject","inLanguage":"pt-PT","@id":"https:\/\/secure.gravatar.com\/avatar\/c5a7ef84c66fa914f55bc4f7ce26cfa275a3b9a1c5568b907bd184fb4dde7b40?s=96&d=mm&r=g","url":"https:\/\/secure.gravatar.com\/avatar\/c5a7ef84c66fa914f55bc4f7ce26cfa275a3b9a1c5568b907bd184fb4dde7b40?s=96&d=mm&r=g","contentUrl":"https:\/\/secure.gravatar.com\/avatar\/c5a7ef84c66fa914f55bc4f7ce26cfa275a3b9a1c5568b907bd184fb4dde7b40?s=96&d=mm&r=g","caption":"inclusivenews2024"},"sameAs":["https:\/\/inclusivenews.com.br"],"url":"https:\/\/inclusivenews.com.br\/?author=1"}]}},"_links":{"self":[{"href":"https:\/\/inclusivenews.com.br\/index.php?rest_route=\/wp\/v2\/posts\/22189","targetHints":{"allow":["GET"]}}],"collection":[{"href":"https:\/\/inclusivenews.com.br\/index.php?rest_route=\/wp\/v2\/posts"}],"about":[{"href":"https:\/\/inclusivenews.com.br\/index.php?rest_route=\/wp\/v2\/types\/post"}],"author":[{"embeddable":true,"href":"https:\/\/inclusivenews.com.br\/index.php?rest_route=\/wp\/v2\/users\/1"}],"replies":[{"embeddable":true,"href":"https:\/\/inclusivenews.com.br\/index.php?rest_route=%2Fwp%2Fv2%2Fcomments&post=22189"}],"version-history":[{"count":0,"href":"https:\/\/inclusivenews.com.br\/index.php?rest_route=\/wp\/v2\/posts\/22189\/revisions"}],"wp:attachment":[{"href":"https:\/\/inclusivenews.com.br\/index.php?rest_route=%2Fwp%2Fv2%2Fmedia&parent=22189"}],"wp:term":[{"taxonomy":"category","embeddable":true,"href":"https:\/\/inclusivenews.com.br\/index.php?rest_route=%2Fwp%2Fv2%2Fcategories&post=22189"},{"taxonomy":"post_tag","embeddable":true,"href":"https:\/\/inclusivenews.com.br\/index.php?rest_route=%2Fwp%2Fv2%2Ftags&post=22189"}],"curies":[{"name":"wp","href":"https:\/\/api.w.org\/{rel}","templated":true}]}}