{"id":22195,"date":"2012-03-16T07:33:32","date_gmt":"2012-03-16T10:33:32","guid":{"rendered":"http:\/\/www.inclusive.org.br\/?p=22195"},"modified":"2012-03-16T07:33:32","modified_gmt":"2012-03-16T10:33:32","slug":"eu-quero-aprender-video-global-para-o-dia-da-sindrome-de-down","status":"publish","type":"post","link":"https:\/\/inclusivenews.com.br\/?p=22195","title":{"rendered":"Eu quero aprender! V\u00eddeo global para o dia da S\u00edndrome de Down"},"content":{"rendered":"<p><a href=\"http:\/\/www.inclusivenews.com.br\/wp-content\/uploads\/I-want-to-learn.jpg\"><img loading=\"lazy\" decoding=\"async\" class=\"alignleft size-medium wp-image-22196\" title=\"I want to learn\" src=\"http:\/\/inclusivenews.com.br\/wp-content\/uploads\/I-want-to-learn-300x168.jpg\" alt=\"Sobre fundo branco, a frase &quot;Eu quero aprender!&quot;, em letras cinza, em v\u00e1rias l\u00ednguas, e os logotipos do dia internacional da s\u00edndrome de Down e da Down Syndrome International.\" width=\"300\" height=\"168\" \/><\/a>A Down Syndrome International, organiza\u00e7\u00e3o que congrega associa\u00e7\u00f5es de s\u00edndrome de Down de todo o mundo, lan\u00e7ou hoje a iniciativa global &#8211; &#8220;Let us In! &#8211; I want to Learn!&#8221;<\/p>\n<p>Produzido com contribui\u00e7\u00f5es de 68 pa\u00edses, o v\u00eddeo &#8220;Me inclua! Eu quero aprender!&#8221; teve a participa\u00e7\u00e3o da brasileirinha Iara Figueiredo Bonatti, de Campinas, atrav\u00e9s do Instituto MetaSocial, em colabora\u00e7\u00e3o com o Canal 8.<\/p>\n<p>Abaixo, o an\u00fancio da DSi a respeito do v\u00eddeo:<\/p>\n<p>A Down Syndrome International apresenta o v\u00eddeo Global &#8211; Me inclua! Eu quero aprender!&#8221;, em parceria com 68 pa\u00edses para o Dia Internacional da S\u00edndrome de Down 2012.<\/p>\n<p><a href=\"http:\/\/www.inclusivenews.com.br\/wp-content\/uploads\/iara2.png\"><img loading=\"lazy\" decoding=\"async\" class=\"alignleft size-medium wp-image-22200\" title=\"iara2\" src=\"http:\/\/inclusivenews.com.br\/wp-content\/uploads\/iara2-300x264.png\" alt=\"Menina Iara, de \u00f3culos, sentada a mesa, com um papel e marcador na m\u00e3o.\" width=\"300\" height=\"264\" \/><\/a><\/p>\n<p>Assista ao v\u00eddeo e ajude-nos a criar uma voz \u00fanica e global pelos direitos, inclus\u00e3o e bem-estar da pessoas com s\u00edndrome de Down em 21\/3.<\/p>\n<p style=\"text-align: center;\"><object style=\"width: 640px; height: 360px;\" classid=\"clsid:d27cdb6e-ae6d-11cf-96b8-444553540000\" width=\"640\" height=\"360\" codebase=\"http:\/\/download.macromedia.com\/pub\/shockwave\/cabs\/flash\/swflash.cab#version=6,0,40,0\"><param name=\"src\" value=\"http:\/\/www.youtube.com\/v\/479CziJHTFo\" \/><embed style=\"width: 640px; height: 360px;\" type=\"application\/x-shockwave-flash\" width=\"640\" height=\"360\" src=\"http:\/\/www.youtube.com\/v\/479CziJHTFo\"><\/embed><\/object><\/p>\n<p>Agradecimentos as seguintes organiza\u00e7\u00f5es pela contribui\u00e7\u00e3o de seus v\u00eddeos:<\/p>\n<p>Jonathan Center &#8211; Albania\u00a0<a href=\"http:\/\/www.downsyndromealbania.yolasite.com\/\" target=\"_blank\" rel=\"noopener\">www.downsyndromealbania.yolasite.com<\/a><br \/>\nAsociaci\u00f3n S\u00edndrome de Down de la Rep\u00fablica Argentina (ASDRA) &#8211; Argentina\u00a0<a href=\"http:\/\/www.asdra.org.ar\/\" target=\"_blank\" rel=\"noopener\">www.asdra.org.ar<\/a><br \/>\nDown Syndrome New South Wales &#8211; Australia\u00a0<a href=\"http:\/\/www.dsansw.org.au\/\" target=\"_blank\" rel=\"noopener\">www.dsansw.org.au<\/a><br \/>\nDown-Syndrom \u00d6sterreich &#8211; Austria\u00a0<a href=\"http:\/\/www.down-syndrom.at\/\" target=\"_blank\" rel=\"noopener\">www.down-syndrom.at<\/a><br \/>\nAywi\u00f1a Sindrome de Down &#8211; Bolivia\u00a0<a href=\"http:\/\/www.aywinasindromededown.wordpress.com\/\" target=\"_blank\" rel=\"noopener\">www.aywinasindromededown.wordpress.com<\/a><br \/>\n\u017divot Sa Down Syndromom &#8211; Bosnia &amp; Herzegovina\u00a0<a href=\"http:\/\/www.downsy.ba\/\" target=\"_blank\" rel=\"noopener\">www.downsy.ba<\/a><br \/>\nInstituto MetaSocial &#8211; Brazil\u00a0<a href=\"http:\/\/www.metasocial.org.br\/\" target=\"_blank\" rel=\"noopener\">www.metasocial.org.br<\/a><br \/>\nAssociation of Parents of Children with Down Syndrome &#8211; Bulgaria\u00a0<a href=\"http:\/\/www.downsyndromebg.com\/en\" target=\"_blank\" rel=\"noopener\">www.downsyndromebg.com\/en<\/a><br \/>\nKyle Sumrow &#8211; American School of Yaound\u00e9 &#8211; Cameroon<br \/>\nCanadian Down Syndrome Society &#8211; Canada\u00a0<a href=\"http:\/\/www.cdss.ca\/\" target=\"_blank\" rel=\"noopener\">www.cdss.ca<\/a><br \/>\nFundaci\u00f3n S\u00edndrome de Down del Caribe &#8211; Colombia\u00a0<a href=\"http:\/\/www.fundowncaribe.org\/\" target=\"_blank\" rel=\"noopener\">www.fundowncaribe.org<\/a><br \/>\nDown Syndrom Centar Pula &#8211; Croatia\u00a0<a href=\"http:\/\/www.facebook.com\/pages\/Down-syndrom-Centar-Pula\/165392440226282\" target=\"_blank\" rel=\"noopener\">www.facebook.com\/pages\/Down-syndrom-Centar-Pula\/165392440226282<\/a><br \/>\nDownSyndrom CZ &#8211; Czech Republic\u00a0<a href=\"http:\/\/www.downsyndrom.cz\/\" target=\"_blank\" rel=\"noopener\">www.downsyndrom.cz<\/a><br \/>\nAsociacion Ecuatoriana Sindrome de Down &#8211; Ecuador\u00a0<a href=\"mailto:aesd_07@yahoo.com\">aesd_07@yahoo.com<\/a><br \/>\nJevgenia Jepifanova &#8211; Estonia\u00a0<a href=\"mailto:janesh81@mail.ru\">janesh81@mail.ru<\/a><br \/>\nDowniaiset &#8211; Suomen Downin Syndrooma ry. &#8211; Finland\u00a0<a href=\"http:\/\/www.downiaiset.com\/\" target=\"_blank\" rel=\"noopener\">www.downiaiset.com<\/a><br \/>\nTrisomie 21 France &#8211; France\u00a0<a href=\"http:\/\/www.trisomie21-france.org\/\" target=\"_blank\" rel=\"noopener\">www.trisomie21-france.org<\/a><br \/>\nAssociation of Professionals and Parents of Children with Down Syndrome &#8211; Georgia\u00a0<a href=\"http:\/\/www.downsyndrome.ge\/\" target=\"_blank\" rel=\"noopener\">www.downsyndrome.ge<\/a><br \/>\nDeutsches Down-Syndrom InfoCenter &#8211; Germany\u00a0<a href=\"http:\/\/www.ds-infocenter.de\/\" target=\"_blank\" rel=\"noopener\">www.ds-infocenter.de<\/a><br \/>\nThe Disablement Foundation of Ghana &#8211; Ghana\u00a0<a href=\"http:\/\/www.dfog.org\/\" target=\"_blank\" rel=\"noopener\">www.dfog.org<\/a><br \/>\nDown Syndrome Association of Greece &#8211; Greece\u00a0<a href=\"http:\/\/www.down.gr\/\" target=\"_blank\" rel=\"noopener\">www.down.gr<\/a><br \/>\nAsociacion Guatemalteca para el S\u00edndrome de Down &#8211; Guatemala\u00a0<a href=\"http:\/\/www.downguatemala.org\/\" target=\"_blank\" rel=\"noopener\">www.downguatemala.org<\/a><br \/>\nHong Kong Down Syndrome Association &#8211; Hong Kong\u00a0<a href=\"http:\/\/www.hk-dsa.org.hk\/\" target=\"_blank\" rel=\"noopener\">www.hk-dsa.org.hk<\/a><br \/>\nAngyalsz\u00edv Down Alap\u00edtv\u00e1ny &#8211; Hungary\u00a0<a href=\"http:\/\/www.angyalszivalapitvany.hu\/\" target=\"_blank\" rel=\"noopener\">www.angyalszivalapitvany.hu<\/a><br \/>\nDown&#8217;s Syndrome Care Association (DSCA) &#8211; India\u00a0<a href=\"http:\/\/www.dscaindia.org\/\" target=\"_blank\" rel=\"noopener\">www.dscaindia.org<\/a><br \/>\nIkatan Sindroma Down Indonesia (ISDI) &#8211; Indonesia\u00a0<a href=\"http:\/\/www.isdijakarta.org\/\" target=\"_blank\" rel=\"noopener\">www.isdijakarta.org<\/a><br \/>\nDown Syndrome Association of Iraq (Hiba Centre for Down Syndrome) &#8211; Iraq\u00a0<a href=\"mailto:hibains@yahoo.com\">hibains@yahoo.com<\/a><br \/>\nDown Syndrome Ireland &#8211; Ireland\u00a0<a href=\"http:\/\/www.downsyndrome.ie\/\" target=\"_blank\" rel=\"noopener\">www.downsyndrome.ie<\/a><br \/>\nAssociazione Italiana Persone Down (AIPD) &#8211; Italy\u00a0<a href=\"http:\/\/www.aipd.it\/\" target=\"_blank\" rel=\"noopener\">www.aipd.it<\/a><br \/>\nWerathah Forum &#8211; Jordan\u00a0<a href=\"http:\/\/www.werathah.com\/phpbb\/index.php\" target=\"_blank\" rel=\"noopener\">www.werathah.com\/phpbb\/index.php<\/a><br \/>\nDown Syndrome Kosova &#8211; Kosovo\u00a0<a href=\"http:\/\/www.downsyndromekosova.org\/\" target=\"_blank\" rel=\"noopener\">www.downsyndromekosova.org<\/a><br \/>\nYousef Ahmad Almuhanna &#8211; Kuwait\u00a0<a href=\"mailto:ny.92@hotmail.com\">ny.92@hotmail.com<\/a><br \/>\nLebanese Down Syndrome Association &#8211; Lebanon\u00a0<a href=\"http:\/\/www.lebanesedownsyndrome.org\/\" target=\"_blank\" rel=\"noopener\">www.lebanesedownsyndrome.org<\/a><br \/>\nSinolicka &#8211; Macedonia\u00a0<a href=\"mailto:koleva.rosica@gmail.com\">koleva.rosica@gmail.com<\/a><br \/>\nKiwanis Down Syndrome Foundation &#8211; Malaysia\u00a0<a href=\"http:\/\/www.kdsf.org.my\/\" target=\"_blank\" rel=\"noopener\">www.kdsf.org.my<\/a><br \/>\nMrs Gakou Aissata Diop &#8211; Mali\u00a0<a href=\"mailto:gakoudiop@yahoo.fr\">gakoudiop@yahoo.fr<\/a><br \/>\nDown Syndrome Association Malta &#8211; Malta\u00a0<a href=\"http:\/\/www.dsa.org.mt\/\" target=\"_blank\" rel=\"noopener\">www.dsa.org.mt<\/a><br \/>\nDown Syndrome Association of Mauritius &#8211; Mauritius\u00a0<a href=\"mailto:feroziahosaneea@yahoo.com\">feroziahosaneea@yahoo.com<\/a><br \/>\nFundaci\u00f3n John Langdon Down &#8211; Mexico\u00a0<a href=\"http:\/\/www.fjldown.org.mx\/\" target=\"_blank\" rel=\"noopener\">www.fjldown.org.mx<\/a><br \/>\nOshana Down syndrome Group &#8211; Namibia &#8211; Hannah Kambowe\u00a0<a href=\"mailto:hkambowe@yahoo.com\">hkambowe@yahoo.com<\/a><br \/>\nDown&#8217;s Syndrome Association of Nepal &#8211; Nepal\u00a0<a href=\"mailto:info@dsanepal.org.np\">info@dsanepal.org.np<\/a><br \/>\nNew Zealand Down Syndrome Association &#8211; New Zealand\u00a0<a href=\"http:\/\/www.nzdsa.org.nz\/\" target=\"_blank\" rel=\"noopener\">www.nzdsa.org.nz<\/a><br \/>\nDown Syndrome Foundation Nigeria &#8211; Nigeria\u00a0<a href=\"http:\/\/www.dsanigeria.org\/\" target=\"_blank\" rel=\"noopener\">www.dsanigeria.org<\/a><br \/>\nPakistan Down Syndrome Association (PDSA) &#8211; Pakistan\u00a0<a href=\"http:\/\/www.pdsa-pakistan.webs.com\/\" target=\"_blank\" rel=\"noopener\">www.pdsa-pakistan.webs.com<\/a><br \/>\nSociedad Peruana de Sindrome Down &#8211; Peru\u00a0<a href=\"http:\/\/www.spsd.org.pe\/\" target=\"_blank\" rel=\"noopener\">www.spsd.org.pe<\/a><br \/>\nZespoldowna.info &#8211; Poland\u00a0<a href=\"http:\/\/www.zespoldowna.info\/\" target=\"_blank\" rel=\"noopener\">www.zespoldowna.info<\/a><br \/>\nAssocia\u00e7\u0101o Portuguesa de Portadores de Trissomia 21 (APPT 21) &#8211; Portugal\u00a0<a href=\"http:\/\/www.appt21.org.pt\/\" target=\"_blank\" rel=\"noopener\">www.appt21.org.pt<\/a><br \/>\nDownside Up &#8211; Russia\u00a0<a href=\"http:\/\/www.downsideup.org\/\" target=\"_blank\" rel=\"noopener\">www.downsideup.org<\/a><br \/>\nWerathah Forum &#8211; Saudi Arabia\u00a0<a href=\"http:\/\/www.werathah.com\/phpbb\/index.php\" target=\"_blank\" rel=\"noopener\">www.werathah.com\/phpbb\/index.php<\/a><br \/>\nDown Syndrome Association Singapore &#8211; Singapore\u00a0<a href=\"http:\/\/www.downsyndrome-singapore.org\/\" target=\"_blank\" rel=\"noopener\">www.downsyndrome-singapore.org<\/a><br \/>\nSekcija za Downov sindrom, So\u017eitje Ljubljana &#8211; Slovenia\u00a0<a href=\"http:\/\/www.sekcija-ds.si\/\" target=\"_blank\" rel=\"noopener\">www.sekcija-ds.si<\/a><br \/>\nDown Syndrome South Africa &#8211; South Africa\u00a0<a href=\"http:\/\/www.downsyndrome.org.za\/\" target=\"_blank\" rel=\"noopener\">www.downsyndrome.org.za<\/a><br \/>\nAsociaci\u00f3n s\u00edndrome de Down de las Islas Baleares (ASNIMO) &#8211; Spain\u00a0<a href=\"http:\/\/www.asnimo.com\/\" target=\"_blank\" rel=\"noopener\">www.asnimo.com<\/a><br \/>\nRanjith WM. &#8211; Sri Lanka\u00a0<a href=\"mailto:ranjiman2000@yahoo.com\">ranjiman2000@yahoo.com<\/a><br \/>\nSudan Center for Down Syndrome &#8211; Sudan\u00a0<a href=\"mailto:ds.sudan@yahoo.com\">ds.sudan@yahoo.com<\/a><br \/>\nSvenska Downforeningen &#8211; Sweden\u00a0<a href=\"http:\/\/www.svenskadownforeningen.se\/\" target=\"_blank\" rel=\"noopener\">www.svenskadownforeningen.se<\/a><br \/>\nInsieme 21 &#8211; Switzerland\u00a0<a href=\"http:\/\/www.insieme21.ch\/\" target=\"_blank\" rel=\"noopener\">www.insieme21.ch<\/a><br \/>\nPenny Aika Pettit Down Syndrome Foundation &#8211; Tanzania\u00a0<a href=\"mailto:mteripettit@yahoo.co.uk\">mteripettit@yahoo.co.uk<\/a><br \/>\nGood Child Foundation &#8211; Thailand\u00a0<a href=\"http:\/\/www.goodchildfoundation.com\/\" target=\"_blank\" rel=\"noopener\">www.goodchildfoundation.com<\/a><br \/>\nAssociation des Parents et Amis des Personnes Enc\u00e9phalopathes (APAPE) &#8211; Togo\u00a0<a href=\"http:\/\/www.apape.wahost.org\/\" target=\"_blank\" rel=\"noopener\">www.apape.wahost.org<\/a><br \/>\nDown T\u00fcrkiye Down Sendromu Derne\u011fi &#8211; Turkey\u00a0<a href=\"http:\/\/www.downturkiye.com\/\" target=\"_blank\" rel=\"noopener\">www.downturkiye.com<\/a><br \/>\nUAE Down Syndrome Association &#8211; United Arab Emirates\u00a0<a href=\"http:\/\/www.uaedsa.ae\/\" target=\"_blank\" rel=\"noopener\">www.uaedsa.ae<\/a><br \/>\nDown\u2019s Syndrome Association &#8211; United Kingdom\u00a0<a href=\"http:\/\/www.downs-syndrome.org.uk\/\" target=\"_blank\" rel=\"noopener\">www.downs-syndrome.org.uk<\/a><br \/>\nUkrainian Down Syndrome Organization &#8211; Ukraine\u00a0<a href=\"http:\/\/www.downsyndrome.org.ua\/\" target=\"_blank\" rel=\"noopener\">www.downsyndrome.org.ua<\/a><br \/>\nNational Down Syndrome Society &#8211; USA\u00a0<a href=\"http:\/\/www.ndss.org\/\" target=\"_blank\" rel=\"noopener\">www.ndss.org<\/a><br \/>\nLa Asociaci\u00f3n Venezolana para el s\u00edndrome de Down (AVESID) &#8211; Venezuela\u00a0<a href=\"http:\/\/www.avesid.org\/\" target=\"_blank\" rel=\"noopener\">www.avesid.org<\/a><br \/>\nZanzibar Association of Down Syndrome (ZADOC) &#8211; Zanzibar\u00a0<a href=\"http:\/\/www.zadoczanzibar.org\/\" target=\"_blank\" rel=\"noopener\">www.zadoczanzibar.org<\/a><br \/>\nZimbabwe Down Syndrome Association &#8211; Zimbabwe\u00a0<a href=\"mailto:zdsabyo@ymail.com\">zdsabyo@ymail.com<\/a><br \/>\nAnd very special thanks for the generous and continued sponsorship of:<br \/>\nDown\u2019s Syndrome Association &#8211; United Kingdom <a href=\"http:\/\/www.downs-syndrome.org.uk\/\" target=\"_blank\" rel=\"noopener\">www.downs-syndrome.org.uk<\/a> and,<br \/>\nDown\u2019s Syndrome Federation of India &#8211; India <a href=\"http:\/\/www.downsyndrome.in\/\" target=\"_blank\" rel=\"noopener\">www.downsyndrome.in<\/a><br \/>\nwithout which DSi&#8217;s global WDSD initiatives would not be possible.<\/p>\n<p>www.down.gr<\/p>\n","protected":false},"excerpt":{"rendered":"<p>Com a participa\u00e7\u00e3o da brasileirinha Iara Figueiredo Bonatti, de Campinas, atrav\u00e9s do Instituto MetaSocial, em colabora\u00e7\u00e3o com o Canal 8.<\/p>\n","protected":false},"author":1,"featured_media":0,"comment_status":"open","ping_status":"open","sticky":false,"template":"","format":"standard","meta":{"site-container-style":"default","site-container-layout":"default","site-sidebar-layout":"default","disable-article-header":"default","disable-site-header":"default","disable-site-footer":"default","disable-content-area-spacing":"default","footnotes":""},"categories":[3,38,6,48,179],"tags":[],"class_list":["post-22195","post","type-post","status-publish","format-standard","hentry","category-campanhas","category-deficiencia","category-educacao","category-inclusao","category-wdsd2012-campanhas"],"yoast_head":"<!-- This site is optimized with the Yoast SEO plugin v27.4 - https:\/\/yoast.com\/product\/yoast-seo-wordpress\/ -->\n<title>Eu quero aprender! V\u00eddeo global para o dia da S\u00edndrome de Down -<\/title>\n<meta name=\"robots\" content=\"index, follow, max-snippet:-1, max-image-preview:large, max-video-preview:-1\" \/>\n<link rel=\"canonical\" href=\"https:\/\/inclusivenews.com.br\/?p=22195\" \/>\n<meta property=\"og:locale\" content=\"pt_PT\" \/>\n<meta property=\"og:type\" content=\"article\" \/>\n<meta property=\"og:title\" content=\"Eu quero aprender! V\u00eddeo global para o dia da S\u00edndrome de Down -\" \/>\n<meta property=\"og:description\" content=\"Com a participa\u00e7\u00e3o da brasileirinha Iara Figueiredo Bonatti, de Campinas, atrav\u00e9s do Instituto MetaSocial, em colabora\u00e7\u00e3o com o Canal 8.\" \/>\n<meta property=\"og:url\" content=\"https:\/\/inclusivenews.com.br\/?p=22195\" \/>\n<meta property=\"article:publisher\" content=\"https:\/\/www.facebook.com\/agenciainclusive\/\" \/>\n<meta property=\"article:published_time\" content=\"2012-03-16T10:33:32+00:00\" \/>\n<meta property=\"og:image\" content=\"http:\/\/inclusivenews.com.br\/wp-content\/uploads\/I-want-to-learn-300x168.jpg\" \/>\n<meta name=\"author\" content=\"inclusivenews2024\" \/>\n<meta name=\"twitter:card\" content=\"summary_large_image\" \/>\n<meta name=\"twitter:label1\" content=\"Escrito por\" \/>\n\t<meta name=\"twitter:data1\" content=\"inclusivenews2024\" \/>\n\t<meta name=\"twitter:label2\" content=\"Tempo estimado de leitura\" \/>\n\t<meta name=\"twitter:data2\" content=\"5 minutos\" \/>\n<script type=\"application\/ld+json\" class=\"yoast-schema-graph\">{\"@context\":\"https:\\\/\\\/schema.org\",\"@graph\":[{\"@type\":\"Article\",\"@id\":\"https:\\\/\\\/inclusivenews.com.br\\\/?p=22195#article\",\"isPartOf\":{\"@id\":\"https:\\\/\\\/inclusivenews.com.br\\\/?p=22195\"},\"author\":{\"name\":\"inclusivenews2024\",\"@id\":\"https:\\\/\\\/inclusivenews.com.br\\\/#\\\/schema\\\/person\\\/ae4ec7087559b8692fb33b6fffd2273b\"},\"headline\":\"Eu quero aprender! V\u00eddeo global para o dia da S\u00edndrome de Down\",\"datePublished\":\"2012-03-16T10:33:32+00:00\",\"mainEntityOfPage\":{\"@id\":\"https:\\\/\\\/inclusivenews.com.br\\\/?p=22195\"},\"wordCount\":922,\"commentCount\":6,\"publisher\":{\"@id\":\"https:\\\/\\\/inclusivenews.com.br\\\/#organization\"},\"image\":{\"@id\":\"https:\\\/\\\/inclusivenews.com.br\\\/?p=22195#primaryimage\"},\"thumbnailUrl\":\"http:\\\/\\\/inclusivenews.com.br\\\/wp-content\\\/uploads\\\/I-want-to-learn-300x168.jpg\",\"articleSection\":[\"CAMPANHAS\",\"Defici\u00eancia\",\"EDUCA\u00c7\u00c3O\",\"INCLUS\u00c3O SOCIAL\",\"WDSD2012\"],\"inLanguage\":\"pt-PT\",\"potentialAction\":[{\"@type\":\"CommentAction\",\"name\":\"Comment\",\"target\":[\"https:\\\/\\\/inclusivenews.com.br\\\/?p=22195#respond\"]}]},{\"@type\":\"WebPage\",\"@id\":\"https:\\\/\\\/inclusivenews.com.br\\\/?p=22195\",\"url\":\"https:\\\/\\\/inclusivenews.com.br\\\/?p=22195\",\"name\":\"Eu quero aprender! V\u00eddeo global para o dia da S\u00edndrome de Down -\",\"isPartOf\":{\"@id\":\"https:\\\/\\\/inclusivenews.com.br\\\/#website\"},\"primaryImageOfPage\":{\"@id\":\"https:\\\/\\\/inclusivenews.com.br\\\/?p=22195#primaryimage\"},\"image\":{\"@id\":\"https:\\\/\\\/inclusivenews.com.br\\\/?p=22195#primaryimage\"},\"thumbnailUrl\":\"http:\\\/\\\/inclusivenews.com.br\\\/wp-content\\\/uploads\\\/I-want-to-learn-300x168.jpg\",\"datePublished\":\"2012-03-16T10:33:32+00:00\",\"breadcrumb\":{\"@id\":\"https:\\\/\\\/inclusivenews.com.br\\\/?p=22195#breadcrumb\"},\"inLanguage\":\"pt-PT\",\"potentialAction\":[{\"@type\":\"ReadAction\",\"target\":[\"https:\\\/\\\/inclusivenews.com.br\\\/?p=22195\"]}]},{\"@type\":\"ImageObject\",\"inLanguage\":\"pt-PT\",\"@id\":\"https:\\\/\\\/inclusivenews.com.br\\\/?p=22195#primaryimage\",\"url\":\"\",\"contentUrl\":\"\"},{\"@type\":\"BreadcrumbList\",\"@id\":\"https:\\\/\\\/inclusivenews.com.br\\\/?p=22195#breadcrumb\",\"itemListElement\":[{\"@type\":\"ListItem\",\"position\":1,\"name\":\"In\u00edcio\",\"item\":\"https:\\\/\\\/inclusivenews.com.br\\\/\"},{\"@type\":\"ListItem\",\"position\":2,\"name\":\"Eu quero aprender! V\u00eddeo global para o dia da S\u00edndrome de Down\"}]},{\"@type\":\"WebSite\",\"@id\":\"https:\\\/\\\/inclusivenews.com.br\\\/#website\",\"url\":\"https:\\\/\\\/inclusivenews.com.br\\\/\",\"name\":\"Inclusive News\",\"description\":\"Inclusive News\",\"publisher\":{\"@id\":\"https:\\\/\\\/inclusivenews.com.br\\\/#organization\"},\"potentialAction\":[{\"@type\":\"SearchAction\",\"target\":{\"@type\":\"EntryPoint\",\"urlTemplate\":\"https:\\\/\\\/inclusivenews.com.br\\\/?s={search_term_string}\"},\"query-input\":{\"@type\":\"PropertyValueSpecification\",\"valueRequired\":true,\"valueName\":\"search_term_string\"}}],\"inLanguage\":\"pt-PT\"},{\"@type\":\"Organization\",\"@id\":\"https:\\\/\\\/inclusivenews.com.br\\\/#organization\",\"name\":\"Inclusive - inclus\u00e3o e cidadania\",\"url\":\"https:\\\/\\\/inclusivenews.com.br\\\/\",\"logo\":{\"@type\":\"ImageObject\",\"inLanguage\":\"pt-PT\",\"@id\":\"https:\\\/\\\/inclusivenews.com.br\\\/#\\\/schema\\\/logo\\\/image\\\/\",\"url\":\"https:\\\/\\\/inclusivenews.com.br\\\/wp-content\\\/uploads\\\/2024\\\/03\\\/@grandesite.png\",\"contentUrl\":\"https:\\\/\\\/inclusivenews.com.br\\\/wp-content\\\/uploads\\\/2024\\\/03\\\/@grandesite.png\",\"width\":1080,\"height\":1080,\"caption\":\"Inclusive - inclus\u00e3o e cidadania\"},\"image\":{\"@id\":\"https:\\\/\\\/inclusivenews.com.br\\\/#\\\/schema\\\/logo\\\/image\\\/\"},\"sameAs\":[\"https:\\\/\\\/www.facebook.com\\\/agenciainclusive\\\/\",\"https:\\\/\\\/www.instagram.com\\\/newsinclusive\\\/\"]},{\"@type\":\"Person\",\"@id\":\"https:\\\/\\\/inclusivenews.com.br\\\/#\\\/schema\\\/person\\\/ae4ec7087559b8692fb33b6fffd2273b\",\"name\":\"inclusivenews2024\",\"image\":{\"@type\":\"ImageObject\",\"inLanguage\":\"pt-PT\",\"@id\":\"https:\\\/\\\/secure.gravatar.com\\\/avatar\\\/c5a7ef84c66fa914f55bc4f7ce26cfa275a3b9a1c5568b907bd184fb4dde7b40?s=96&d=mm&r=g\",\"url\":\"https:\\\/\\\/secure.gravatar.com\\\/avatar\\\/c5a7ef84c66fa914f55bc4f7ce26cfa275a3b9a1c5568b907bd184fb4dde7b40?s=96&d=mm&r=g\",\"contentUrl\":\"https:\\\/\\\/secure.gravatar.com\\\/avatar\\\/c5a7ef84c66fa914f55bc4f7ce26cfa275a3b9a1c5568b907bd184fb4dde7b40?s=96&d=mm&r=g\",\"caption\":\"inclusivenews2024\"},\"sameAs\":[\"https:\\\/\\\/inclusivenews.com.br\"],\"url\":\"https:\\\/\\\/inclusivenews.com.br\\\/?author=1\"}]}<\/script>\n<!-- \/ Yoast SEO plugin. -->","yoast_head_json":{"title":"Eu quero aprender! V\u00eddeo global para o dia da S\u00edndrome de Down -","robots":{"index":"index","follow":"follow","max-snippet":"max-snippet:-1","max-image-preview":"max-image-preview:large","max-video-preview":"max-video-preview:-1"},"canonical":"https:\/\/inclusivenews.com.br\/?p=22195","og_locale":"pt_PT","og_type":"article","og_title":"Eu quero aprender! V\u00eddeo global para o dia da S\u00edndrome de Down -","og_description":"Com a participa\u00e7\u00e3o da brasileirinha Iara Figueiredo Bonatti, de Campinas, atrav\u00e9s do Instituto MetaSocial, em colabora\u00e7\u00e3o com o Canal 8.","og_url":"https:\/\/inclusivenews.com.br\/?p=22195","article_publisher":"https:\/\/www.facebook.com\/agenciainclusive\/","article_published_time":"2012-03-16T10:33:32+00:00","og_image":[{"url":"http:\/\/inclusivenews.com.br\/wp-content\/uploads\/I-want-to-learn-300x168.jpg","type":"","width":"","height":""}],"author":"inclusivenews2024","twitter_card":"summary_large_image","twitter_misc":{"Escrito por":"inclusivenews2024","Tempo estimado de leitura":"5 minutos"},"schema":{"@context":"https:\/\/schema.org","@graph":[{"@type":"Article","@id":"https:\/\/inclusivenews.com.br\/?p=22195#article","isPartOf":{"@id":"https:\/\/inclusivenews.com.br\/?p=22195"},"author":{"name":"inclusivenews2024","@id":"https:\/\/inclusivenews.com.br\/#\/schema\/person\/ae4ec7087559b8692fb33b6fffd2273b"},"headline":"Eu quero aprender! V\u00eddeo global para o dia da S\u00edndrome de Down","datePublished":"2012-03-16T10:33:32+00:00","mainEntityOfPage":{"@id":"https:\/\/inclusivenews.com.br\/?p=22195"},"wordCount":922,"commentCount":6,"publisher":{"@id":"https:\/\/inclusivenews.com.br\/#organization"},"image":{"@id":"https:\/\/inclusivenews.com.br\/?p=22195#primaryimage"},"thumbnailUrl":"http:\/\/inclusivenews.com.br\/wp-content\/uploads\/I-want-to-learn-300x168.jpg","articleSection":["CAMPANHAS","Defici\u00eancia","EDUCA\u00c7\u00c3O","INCLUS\u00c3O SOCIAL","WDSD2012"],"inLanguage":"pt-PT","potentialAction":[{"@type":"CommentAction","name":"Comment","target":["https:\/\/inclusivenews.com.br\/?p=22195#respond"]}]},{"@type":"WebPage","@id":"https:\/\/inclusivenews.com.br\/?p=22195","url":"https:\/\/inclusivenews.com.br\/?p=22195","name":"Eu quero aprender! V\u00eddeo global para o dia da S\u00edndrome de Down -","isPartOf":{"@id":"https:\/\/inclusivenews.com.br\/#website"},"primaryImageOfPage":{"@id":"https:\/\/inclusivenews.com.br\/?p=22195#primaryimage"},"image":{"@id":"https:\/\/inclusivenews.com.br\/?p=22195#primaryimage"},"thumbnailUrl":"http:\/\/inclusivenews.com.br\/wp-content\/uploads\/I-want-to-learn-300x168.jpg","datePublished":"2012-03-16T10:33:32+00:00","breadcrumb":{"@id":"https:\/\/inclusivenews.com.br\/?p=22195#breadcrumb"},"inLanguage":"pt-PT","potentialAction":[{"@type":"ReadAction","target":["https:\/\/inclusivenews.com.br\/?p=22195"]}]},{"@type":"ImageObject","inLanguage":"pt-PT","@id":"https:\/\/inclusivenews.com.br\/?p=22195#primaryimage","url":"","contentUrl":""},{"@type":"BreadcrumbList","@id":"https:\/\/inclusivenews.com.br\/?p=22195#breadcrumb","itemListElement":[{"@type":"ListItem","position":1,"name":"In\u00edcio","item":"https:\/\/inclusivenews.com.br\/"},{"@type":"ListItem","position":2,"name":"Eu quero aprender! V\u00eddeo global para o dia da S\u00edndrome de Down"}]},{"@type":"WebSite","@id":"https:\/\/inclusivenews.com.br\/#website","url":"https:\/\/inclusivenews.com.br\/","name":"Inclusive News","description":"Inclusive News","publisher":{"@id":"https:\/\/inclusivenews.com.br\/#organization"},"potentialAction":[{"@type":"SearchAction","target":{"@type":"EntryPoint","urlTemplate":"https:\/\/inclusivenews.com.br\/?s={search_term_string}"},"query-input":{"@type":"PropertyValueSpecification","valueRequired":true,"valueName":"search_term_string"}}],"inLanguage":"pt-PT"},{"@type":"Organization","@id":"https:\/\/inclusivenews.com.br\/#organization","name":"Inclusive - inclus\u00e3o e cidadania","url":"https:\/\/inclusivenews.com.br\/","logo":{"@type":"ImageObject","inLanguage":"pt-PT","@id":"https:\/\/inclusivenews.com.br\/#\/schema\/logo\/image\/","url":"https:\/\/inclusivenews.com.br\/wp-content\/uploads\/2024\/03\/@grandesite.png","contentUrl":"https:\/\/inclusivenews.com.br\/wp-content\/uploads\/2024\/03\/@grandesite.png","width":1080,"height":1080,"caption":"Inclusive - inclus\u00e3o e cidadania"},"image":{"@id":"https:\/\/inclusivenews.com.br\/#\/schema\/logo\/image\/"},"sameAs":["https:\/\/www.facebook.com\/agenciainclusive\/","https:\/\/www.instagram.com\/newsinclusive\/"]},{"@type":"Person","@id":"https:\/\/inclusivenews.com.br\/#\/schema\/person\/ae4ec7087559b8692fb33b6fffd2273b","name":"inclusivenews2024","image":{"@type":"ImageObject","inLanguage":"pt-PT","@id":"https:\/\/secure.gravatar.com\/avatar\/c5a7ef84c66fa914f55bc4f7ce26cfa275a3b9a1c5568b907bd184fb4dde7b40?s=96&d=mm&r=g","url":"https:\/\/secure.gravatar.com\/avatar\/c5a7ef84c66fa914f55bc4f7ce26cfa275a3b9a1c5568b907bd184fb4dde7b40?s=96&d=mm&r=g","contentUrl":"https:\/\/secure.gravatar.com\/avatar\/c5a7ef84c66fa914f55bc4f7ce26cfa275a3b9a1c5568b907bd184fb4dde7b40?s=96&d=mm&r=g","caption":"inclusivenews2024"},"sameAs":["https:\/\/inclusivenews.com.br"],"url":"https:\/\/inclusivenews.com.br\/?author=1"}]}},"_links":{"self":[{"href":"https:\/\/inclusivenews.com.br\/index.php?rest_route=\/wp\/v2\/posts\/22195","targetHints":{"allow":["GET"]}}],"collection":[{"href":"https:\/\/inclusivenews.com.br\/index.php?rest_route=\/wp\/v2\/posts"}],"about":[{"href":"https:\/\/inclusivenews.com.br\/index.php?rest_route=\/wp\/v2\/types\/post"}],"author":[{"embeddable":true,"href":"https:\/\/inclusivenews.com.br\/index.php?rest_route=\/wp\/v2\/users\/1"}],"replies":[{"embeddable":true,"href":"https:\/\/inclusivenews.com.br\/index.php?rest_route=%2Fwp%2Fv2%2Fcomments&post=22195"}],"version-history":[{"count":0,"href":"https:\/\/inclusivenews.com.br\/index.php?rest_route=\/wp\/v2\/posts\/22195\/revisions"}],"wp:attachment":[{"href":"https:\/\/inclusivenews.com.br\/index.php?rest_route=%2Fwp%2Fv2%2Fmedia&parent=22195"}],"wp:term":[{"taxonomy":"category","embeddable":true,"href":"https:\/\/inclusivenews.com.br\/index.php?rest_route=%2Fwp%2Fv2%2Fcategories&post=22195"},{"taxonomy":"post_tag","embeddable":true,"href":"https:\/\/inclusivenews.com.br\/index.php?rest_route=%2Fwp%2Fv2%2Ftags&post=22195"}],"curies":[{"name":"wp","href":"https:\/\/api.w.org\/{rel}","templated":true}]}}