{"id":22220,"date":"2012-03-23T07:56:32","date_gmt":"2012-03-23T10:56:32","guid":{"rendered":"http:\/\/www.inclusive.org.br\/?p=22220"},"modified":"2012-03-23T07:56:32","modified_gmt":"2012-03-23T10:56:32","slug":"uma-legiao-de-mentes-brilhantes-e-anonimas","status":"publish","type":"post","link":"https:\/\/inclusivenews.com.br\/?p=22220","title":{"rendered":"Uma legi\u00e3o de mentes brilhantes e an\u00f4nimas"},"content":{"rendered":"<p><img loading=\"lazy\" decoding=\"async\" class=\"alignleft\" src=\"http:\/\/1.bp.blogspot.com\/_GgG2I0456gI\/TGrteccL1BI\/AAAAAAAAAAM\/wtqNAtTI00w\/S220\/Lampadinha150c.png\" alt=\"Lampandinha, persnonagem da Disney que imita uma lumin\u00e1ria viva\" width=\"150\" height=\"150\" \/><\/p>\n<p><em>Brasil n\u00e3o tem estrutura eficaz para identificar o desenvolvimento de crian\u00e7as superdotadas e fica aqu\u00e9m de outros pa\u00edses. Segundo proje\u00e7\u00e3o da ONU, estima-se que haja 1,2 milh\u00e3o de jovens talentos desperdi\u00e7ados<\/em><\/p>\n<p>Correio Braziliense\/DF  &#8211;  18\/3\/2012<\/p>\n<p>Para cada crian\u00e7a ou adolescente superdotado no Brasil, h\u00e1 outras 140 mentes brilhantes an\u00f4nimas. O n\u00famero de talentos n\u00e3o identificados e, portanto, desperdi\u00e7ados no pa\u00eds chega a 1,2 milh\u00e3o de meninos e meninas \u2014 considerando a estimativa mais rigorosa da Organiza\u00e7\u00e3o Mundial da Sa\u00fade, de 3% de detentores de altas habilidades em qualquer popula\u00e7\u00e3o analisada. Reconhecidos pelo Minist\u00e9rio da Educa\u00e7\u00e3o (MEC), entretanto, s\u00f3 existem 9.208 alunos, das redes p\u00fablica e privada, nas turmas da creche ao ensino m\u00e9dio, incluindo as s\u00e9ries para jovens e adultos. O Distrito Federal se destaca, com a maior propor\u00e7\u00e3o de superdotados, cerca de 5% (leia quadro).<\/p>\n<p>\u201cPa\u00edses que j\u00e1 perceberam que esse capital humano pode ajud\u00e1-los a crescer socialmente passaram a investir, alcan\u00e7ando o \u00edndice aceito hoje na literatura, de 15% a 20% de alunos altamente capazes. Estados Unidos, Coreia do Sul e Jap\u00e3o, entre outros, t\u00eam pol\u00edticas s\u00e9rias\u201d, afirma Maria Cristina Dellou, presidente do Conselho Brasileiro para Superdota\u00e7\u00e3o. No Brasil, embora haja legisla\u00e7\u00e3o, programa federal e recursos para trabalhar com os superdotados, faltam professores capacitados para identificar e lapidar os talentosos, na avalia\u00e7\u00e3o de Maria Cristina, que \u00e9 doutora em Educa\u00e7\u00e3o.<\/p>\n<p>Docente do Instituto de Psicologia da Universidade de Bras\u00edlia (UnB), Denise de Souza Fleith tem percep\u00e7\u00e3o igual. \u201cProfessores com 20 anos de sala de aula dizem que nunca tiveram um superdotado. Ser\u00e1? \u00c9 preciso romper tamb\u00e9m com uma quest\u00e3o cultural e ideol\u00f3gica, que desconsidera a exist\u00eancia das pessoas com altas habilidades ou chega a hostiliz\u00e1-las\u201d, afirma Denise. O mito de que o superdotado tem de ser g\u00eanio em todas as \u00e1reas do conhecimento tamb\u00e9m dificulta a identifica\u00e7\u00e3o.<\/p>\n<p>\u201cN\u00e3o \u00e9 raro o aluno se tornar desinteressado, porque tem de ficar repetindo mecanicamente o que ele sabe analiticamente, em fun\u00e7\u00e3o do racioc\u00ednio adiantado em rela\u00e7\u00e3o \u00e0 turma\u201d, diz o professor Benilton Rezende Monteiro, que atende superdotados na \u00e1rea de ci\u00eancias no DF. Em 2006, o MEC instalou n\u00facleos para superdotados nas 27 unidades da Federa\u00e7\u00e3o. Muitos, por\u00e9m, funcionam precariamente. \u201cTemos conhecimento que DF, Mato Grosso do Sul e Paran\u00e1 desenvolvem pol\u00edticas adequadas. Os demais estados fazem do jeito que podem\u201d, diz Maria Cristina. O MEC foi procurado, mas n\u00e3o retornou os contatos da reportagem.<\/p>\n<p>Fonte: Correio Braziliense<\/p>\n","protected":false},"excerpt":{"rendered":"<p>Brasil n\u00e3o tem estrutura eficaz para identificar o desenvolvimento de crian\u00e7as superdotadas e fica aqu\u00e9m de outros pa\u00edses. Segundo proje\u00e7\u00e3o da ONU, estima-se que haja 1,2 milh\u00e3o de jovens talentos desperdi\u00e7ados. Reportagem \u00e9 do Correio Braziliense.<\/p>\n","protected":false},"author":1,"featured_media":0,"comment_status":"open","ping_status":"open","sticky":false,"template":"","format":"standard","meta":{"site-container-style":"default","site-container-layout":"default","site-sidebar-layout":"default","disable-article-header":"default","disable-site-header":"default","disable-site-footer":"default","disable-content-area-spacing":"default","footnotes":""},"categories":[6,48],"tags":[92],"class_list":["post-22220","post","type-post","status-publish","format-standard","hentry","category-educacao","category-inclusao","tag-altas-habilidadessuperdotacao"],"yoast_head":"<!-- This site is optimized with the Yoast SEO plugin v27.4 - https:\/\/yoast.com\/product\/yoast-seo-wordpress\/ -->\n<title>Uma legi\u00e3o de mentes brilhantes e an\u00f4nimas -<\/title>\n<meta name=\"robots\" content=\"index, follow, max-snippet:-1, max-image-preview:large, max-video-preview:-1\" \/>\n<link rel=\"canonical\" href=\"https:\/\/inclusivenews.com.br\/?p=22220\" \/>\n<meta property=\"og:locale\" content=\"pt_PT\" \/>\n<meta property=\"og:type\" content=\"article\" \/>\n<meta property=\"og:title\" content=\"Uma legi\u00e3o de mentes brilhantes e an\u00f4nimas -\" \/>\n<meta property=\"og:description\" content=\"Brasil n\u00e3o tem estrutura eficaz para identificar o desenvolvimento de crian\u00e7as superdotadas e fica aqu\u00e9m de outros pa\u00edses. Segundo proje\u00e7\u00e3o da ONU, estima-se que haja 1,2 milh\u00e3o de jovens talentos desperdi\u00e7ados. Reportagem \u00e9 do Correio Braziliense.\" \/>\n<meta property=\"og:url\" content=\"https:\/\/inclusivenews.com.br\/?p=22220\" \/>\n<meta property=\"article:publisher\" content=\"https:\/\/www.facebook.com\/agenciainclusive\/\" \/>\n<meta property=\"article:published_time\" content=\"2012-03-23T10:56:32+00:00\" \/>\n<meta property=\"og:image\" content=\"http:\/\/1.bp.blogspot.com\/_GgG2I0456gI\/TGrteccL1BI\/AAAAAAAAAAM\/wtqNAtTI00w\/S220\/Lampadinha150c.png\" \/>\n<meta name=\"author\" content=\"inclusivenews2024\" \/>\n<meta name=\"twitter:card\" content=\"summary_large_image\" \/>\n<meta name=\"twitter:label1\" content=\"Escrito por\" \/>\n\t<meta name=\"twitter:data1\" content=\"inclusivenews2024\" \/>\n\t<meta name=\"twitter:label2\" content=\"Tempo estimado de leitura\" \/>\n\t<meta name=\"twitter:data2\" content=\"2 minutos\" \/>\n<script type=\"application\/ld+json\" class=\"yoast-schema-graph\">{\"@context\":\"https:\\\/\\\/schema.org\",\"@graph\":[{\"@type\":\"Article\",\"@id\":\"https:\\\/\\\/inclusivenews.com.br\\\/?p=22220#article\",\"isPartOf\":{\"@id\":\"https:\\\/\\\/inclusivenews.com.br\\\/?p=22220\"},\"author\":{\"name\":\"inclusivenews2024\",\"@id\":\"https:\\\/\\\/inclusivenews.com.br\\\/#\\\/schema\\\/person\\\/ae4ec7087559b8692fb33b6fffd2273b\"},\"headline\":\"Uma legi\u00e3o de mentes brilhantes e an\u00f4nimas\",\"datePublished\":\"2012-03-23T10:56:32+00:00\",\"mainEntityOfPage\":{\"@id\":\"https:\\\/\\\/inclusivenews.com.br\\\/?p=22220\"},\"wordCount\":444,\"commentCount\":0,\"publisher\":{\"@id\":\"https:\\\/\\\/inclusivenews.com.br\\\/#organization\"},\"image\":{\"@id\":\"https:\\\/\\\/inclusivenews.com.br\\\/?p=22220#primaryimage\"},\"thumbnailUrl\":\"http:\\\/\\\/1.bp.blogspot.com\\\/_GgG2I0456gI\\\/TGrteccL1BI\\\/AAAAAAAAAAM\\\/wtqNAtTI00w\\\/S220\\\/Lampadinha150c.png\",\"keywords\":[\"Altas habilidades\\\/superdota\u00e7\u00e3o\"],\"articleSection\":[\"EDUCA\u00c7\u00c3O\",\"INCLUS\u00c3O SOCIAL\"],\"inLanguage\":\"pt-PT\",\"potentialAction\":[{\"@type\":\"CommentAction\",\"name\":\"Comment\",\"target\":[\"https:\\\/\\\/inclusivenews.com.br\\\/?p=22220#respond\"]}]},{\"@type\":\"WebPage\",\"@id\":\"https:\\\/\\\/inclusivenews.com.br\\\/?p=22220\",\"url\":\"https:\\\/\\\/inclusivenews.com.br\\\/?p=22220\",\"name\":\"Uma legi\u00e3o de mentes brilhantes e an\u00f4nimas -\",\"isPartOf\":{\"@id\":\"https:\\\/\\\/inclusivenews.com.br\\\/#website\"},\"primaryImageOfPage\":{\"@id\":\"https:\\\/\\\/inclusivenews.com.br\\\/?p=22220#primaryimage\"},\"image\":{\"@id\":\"https:\\\/\\\/inclusivenews.com.br\\\/?p=22220#primaryimage\"},\"thumbnailUrl\":\"http:\\\/\\\/1.bp.blogspot.com\\\/_GgG2I0456gI\\\/TGrteccL1BI\\\/AAAAAAAAAAM\\\/wtqNAtTI00w\\\/S220\\\/Lampadinha150c.png\",\"datePublished\":\"2012-03-23T10:56:32+00:00\",\"breadcrumb\":{\"@id\":\"https:\\\/\\\/inclusivenews.com.br\\\/?p=22220#breadcrumb\"},\"inLanguage\":\"pt-PT\",\"potentialAction\":[{\"@type\":\"ReadAction\",\"target\":[\"https:\\\/\\\/inclusivenews.com.br\\\/?p=22220\"]}]},{\"@type\":\"ImageObject\",\"inLanguage\":\"pt-PT\",\"@id\":\"https:\\\/\\\/inclusivenews.com.br\\\/?p=22220#primaryimage\",\"url\":\"http:\\\/\\\/1.bp.blogspot.com\\\/_GgG2I0456gI\\\/TGrteccL1BI\\\/AAAAAAAAAAM\\\/wtqNAtTI00w\\\/S220\\\/Lampadinha150c.png\",\"contentUrl\":\"http:\\\/\\\/1.bp.blogspot.com\\\/_GgG2I0456gI\\\/TGrteccL1BI\\\/AAAAAAAAAAM\\\/wtqNAtTI00w\\\/S220\\\/Lampadinha150c.png\"},{\"@type\":\"BreadcrumbList\",\"@id\":\"https:\\\/\\\/inclusivenews.com.br\\\/?p=22220#breadcrumb\",\"itemListElement\":[{\"@type\":\"ListItem\",\"position\":1,\"name\":\"In\u00edcio\",\"item\":\"https:\\\/\\\/inclusivenews.com.br\\\/\"},{\"@type\":\"ListItem\",\"position\":2,\"name\":\"Uma legi\u00e3o de mentes brilhantes e an\u00f4nimas\"}]},{\"@type\":\"WebSite\",\"@id\":\"https:\\\/\\\/inclusivenews.com.br\\\/#website\",\"url\":\"https:\\\/\\\/inclusivenews.com.br\\\/\",\"name\":\"Inclusive News\",\"description\":\"Inclusive News\",\"publisher\":{\"@id\":\"https:\\\/\\\/inclusivenews.com.br\\\/#organization\"},\"potentialAction\":[{\"@type\":\"SearchAction\",\"target\":{\"@type\":\"EntryPoint\",\"urlTemplate\":\"https:\\\/\\\/inclusivenews.com.br\\\/?s={search_term_string}\"},\"query-input\":{\"@type\":\"PropertyValueSpecification\",\"valueRequired\":true,\"valueName\":\"search_term_string\"}}],\"inLanguage\":\"pt-PT\"},{\"@type\":\"Organization\",\"@id\":\"https:\\\/\\\/inclusivenews.com.br\\\/#organization\",\"name\":\"Inclusive - inclus\u00e3o e cidadania\",\"url\":\"https:\\\/\\\/inclusivenews.com.br\\\/\",\"logo\":{\"@type\":\"ImageObject\",\"inLanguage\":\"pt-PT\",\"@id\":\"https:\\\/\\\/inclusivenews.com.br\\\/#\\\/schema\\\/logo\\\/image\\\/\",\"url\":\"https:\\\/\\\/inclusivenews.com.br\\\/wp-content\\\/uploads\\\/2024\\\/03\\\/@grandesite.png\",\"contentUrl\":\"https:\\\/\\\/inclusivenews.com.br\\\/wp-content\\\/uploads\\\/2024\\\/03\\\/@grandesite.png\",\"width\":1080,\"height\":1080,\"caption\":\"Inclusive - inclus\u00e3o e cidadania\"},\"image\":{\"@id\":\"https:\\\/\\\/inclusivenews.com.br\\\/#\\\/schema\\\/logo\\\/image\\\/\"},\"sameAs\":[\"https:\\\/\\\/www.facebook.com\\\/agenciainclusive\\\/\",\"https:\\\/\\\/www.instagram.com\\\/newsinclusive\\\/\"]},{\"@type\":\"Person\",\"@id\":\"https:\\\/\\\/inclusivenews.com.br\\\/#\\\/schema\\\/person\\\/ae4ec7087559b8692fb33b6fffd2273b\",\"name\":\"inclusivenews2024\",\"image\":{\"@type\":\"ImageObject\",\"inLanguage\":\"pt-PT\",\"@id\":\"https:\\\/\\\/secure.gravatar.com\\\/avatar\\\/c5a7ef84c66fa914f55bc4f7ce26cfa275a3b9a1c5568b907bd184fb4dde7b40?s=96&d=mm&r=g\",\"url\":\"https:\\\/\\\/secure.gravatar.com\\\/avatar\\\/c5a7ef84c66fa914f55bc4f7ce26cfa275a3b9a1c5568b907bd184fb4dde7b40?s=96&d=mm&r=g\",\"contentUrl\":\"https:\\\/\\\/secure.gravatar.com\\\/avatar\\\/c5a7ef84c66fa914f55bc4f7ce26cfa275a3b9a1c5568b907bd184fb4dde7b40?s=96&d=mm&r=g\",\"caption\":\"inclusivenews2024\"},\"sameAs\":[\"https:\\\/\\\/inclusivenews.com.br\"],\"url\":\"https:\\\/\\\/inclusivenews.com.br\\\/?author=1\"}]}<\/script>\n<!-- \/ Yoast SEO plugin. -->","yoast_head_json":{"title":"Uma legi\u00e3o de mentes brilhantes e an\u00f4nimas -","robots":{"index":"index","follow":"follow","max-snippet":"max-snippet:-1","max-image-preview":"max-image-preview:large","max-video-preview":"max-video-preview:-1"},"canonical":"https:\/\/inclusivenews.com.br\/?p=22220","og_locale":"pt_PT","og_type":"article","og_title":"Uma legi\u00e3o de mentes brilhantes e an\u00f4nimas -","og_description":"Brasil n\u00e3o tem estrutura eficaz para identificar o desenvolvimento de crian\u00e7as superdotadas e fica aqu\u00e9m de outros pa\u00edses. Segundo proje\u00e7\u00e3o da ONU, estima-se que haja 1,2 milh\u00e3o de jovens talentos desperdi\u00e7ados. Reportagem \u00e9 do Correio Braziliense.","og_url":"https:\/\/inclusivenews.com.br\/?p=22220","article_publisher":"https:\/\/www.facebook.com\/agenciainclusive\/","article_published_time":"2012-03-23T10:56:32+00:00","og_image":[{"url":"http:\/\/1.bp.blogspot.com\/_GgG2I0456gI\/TGrteccL1BI\/AAAAAAAAAAM\/wtqNAtTI00w\/S220\/Lampadinha150c.png","type":"","width":"","height":""}],"author":"inclusivenews2024","twitter_card":"summary_large_image","twitter_misc":{"Escrito por":"inclusivenews2024","Tempo estimado de leitura":"2 minutos"},"schema":{"@context":"https:\/\/schema.org","@graph":[{"@type":"Article","@id":"https:\/\/inclusivenews.com.br\/?p=22220#article","isPartOf":{"@id":"https:\/\/inclusivenews.com.br\/?p=22220"},"author":{"name":"inclusivenews2024","@id":"https:\/\/inclusivenews.com.br\/#\/schema\/person\/ae4ec7087559b8692fb33b6fffd2273b"},"headline":"Uma legi\u00e3o de mentes brilhantes e an\u00f4nimas","datePublished":"2012-03-23T10:56:32+00:00","mainEntityOfPage":{"@id":"https:\/\/inclusivenews.com.br\/?p=22220"},"wordCount":444,"commentCount":0,"publisher":{"@id":"https:\/\/inclusivenews.com.br\/#organization"},"image":{"@id":"https:\/\/inclusivenews.com.br\/?p=22220#primaryimage"},"thumbnailUrl":"http:\/\/1.bp.blogspot.com\/_GgG2I0456gI\/TGrteccL1BI\/AAAAAAAAAAM\/wtqNAtTI00w\/S220\/Lampadinha150c.png","keywords":["Altas habilidades\/superdota\u00e7\u00e3o"],"articleSection":["EDUCA\u00c7\u00c3O","INCLUS\u00c3O SOCIAL"],"inLanguage":"pt-PT","potentialAction":[{"@type":"CommentAction","name":"Comment","target":["https:\/\/inclusivenews.com.br\/?p=22220#respond"]}]},{"@type":"WebPage","@id":"https:\/\/inclusivenews.com.br\/?p=22220","url":"https:\/\/inclusivenews.com.br\/?p=22220","name":"Uma legi\u00e3o de mentes brilhantes e an\u00f4nimas -","isPartOf":{"@id":"https:\/\/inclusivenews.com.br\/#website"},"primaryImageOfPage":{"@id":"https:\/\/inclusivenews.com.br\/?p=22220#primaryimage"},"image":{"@id":"https:\/\/inclusivenews.com.br\/?p=22220#primaryimage"},"thumbnailUrl":"http:\/\/1.bp.blogspot.com\/_GgG2I0456gI\/TGrteccL1BI\/AAAAAAAAAAM\/wtqNAtTI00w\/S220\/Lampadinha150c.png","datePublished":"2012-03-23T10:56:32+00:00","breadcrumb":{"@id":"https:\/\/inclusivenews.com.br\/?p=22220#breadcrumb"},"inLanguage":"pt-PT","potentialAction":[{"@type":"ReadAction","target":["https:\/\/inclusivenews.com.br\/?p=22220"]}]},{"@type":"ImageObject","inLanguage":"pt-PT","@id":"https:\/\/inclusivenews.com.br\/?p=22220#primaryimage","url":"http:\/\/1.bp.blogspot.com\/_GgG2I0456gI\/TGrteccL1BI\/AAAAAAAAAAM\/wtqNAtTI00w\/S220\/Lampadinha150c.png","contentUrl":"http:\/\/1.bp.blogspot.com\/_GgG2I0456gI\/TGrteccL1BI\/AAAAAAAAAAM\/wtqNAtTI00w\/S220\/Lampadinha150c.png"},{"@type":"BreadcrumbList","@id":"https:\/\/inclusivenews.com.br\/?p=22220#breadcrumb","itemListElement":[{"@type":"ListItem","position":1,"name":"In\u00edcio","item":"https:\/\/inclusivenews.com.br\/"},{"@type":"ListItem","position":2,"name":"Uma legi\u00e3o de mentes brilhantes e an\u00f4nimas"}]},{"@type":"WebSite","@id":"https:\/\/inclusivenews.com.br\/#website","url":"https:\/\/inclusivenews.com.br\/","name":"Inclusive News","description":"Inclusive News","publisher":{"@id":"https:\/\/inclusivenews.com.br\/#organization"},"potentialAction":[{"@type":"SearchAction","target":{"@type":"EntryPoint","urlTemplate":"https:\/\/inclusivenews.com.br\/?s={search_term_string}"},"query-input":{"@type":"PropertyValueSpecification","valueRequired":true,"valueName":"search_term_string"}}],"inLanguage":"pt-PT"},{"@type":"Organization","@id":"https:\/\/inclusivenews.com.br\/#organization","name":"Inclusive - inclus\u00e3o e cidadania","url":"https:\/\/inclusivenews.com.br\/","logo":{"@type":"ImageObject","inLanguage":"pt-PT","@id":"https:\/\/inclusivenews.com.br\/#\/schema\/logo\/image\/","url":"https:\/\/inclusivenews.com.br\/wp-content\/uploads\/2024\/03\/@grandesite.png","contentUrl":"https:\/\/inclusivenews.com.br\/wp-content\/uploads\/2024\/03\/@grandesite.png","width":1080,"height":1080,"caption":"Inclusive - inclus\u00e3o e cidadania"},"image":{"@id":"https:\/\/inclusivenews.com.br\/#\/schema\/logo\/image\/"},"sameAs":["https:\/\/www.facebook.com\/agenciainclusive\/","https:\/\/www.instagram.com\/newsinclusive\/"]},{"@type":"Person","@id":"https:\/\/inclusivenews.com.br\/#\/schema\/person\/ae4ec7087559b8692fb33b6fffd2273b","name":"inclusivenews2024","image":{"@type":"ImageObject","inLanguage":"pt-PT","@id":"https:\/\/secure.gravatar.com\/avatar\/c5a7ef84c66fa914f55bc4f7ce26cfa275a3b9a1c5568b907bd184fb4dde7b40?s=96&d=mm&r=g","url":"https:\/\/secure.gravatar.com\/avatar\/c5a7ef84c66fa914f55bc4f7ce26cfa275a3b9a1c5568b907bd184fb4dde7b40?s=96&d=mm&r=g","contentUrl":"https:\/\/secure.gravatar.com\/avatar\/c5a7ef84c66fa914f55bc4f7ce26cfa275a3b9a1c5568b907bd184fb4dde7b40?s=96&d=mm&r=g","caption":"inclusivenews2024"},"sameAs":["https:\/\/inclusivenews.com.br"],"url":"https:\/\/inclusivenews.com.br\/?author=1"}]}},"_links":{"self":[{"href":"https:\/\/inclusivenews.com.br\/index.php?rest_route=\/wp\/v2\/posts\/22220","targetHints":{"allow":["GET"]}}],"collection":[{"href":"https:\/\/inclusivenews.com.br\/index.php?rest_route=\/wp\/v2\/posts"}],"about":[{"href":"https:\/\/inclusivenews.com.br\/index.php?rest_route=\/wp\/v2\/types\/post"}],"author":[{"embeddable":true,"href":"https:\/\/inclusivenews.com.br\/index.php?rest_route=\/wp\/v2\/users\/1"}],"replies":[{"embeddable":true,"href":"https:\/\/inclusivenews.com.br\/index.php?rest_route=%2Fwp%2Fv2%2Fcomments&post=22220"}],"version-history":[{"count":0,"href":"https:\/\/inclusivenews.com.br\/index.php?rest_route=\/wp\/v2\/posts\/22220\/revisions"}],"wp:attachment":[{"href":"https:\/\/inclusivenews.com.br\/index.php?rest_route=%2Fwp%2Fv2%2Fmedia&parent=22220"}],"wp:term":[{"taxonomy":"category","embeddable":true,"href":"https:\/\/inclusivenews.com.br\/index.php?rest_route=%2Fwp%2Fv2%2Fcategories&post=22220"},{"taxonomy":"post_tag","embeddable":true,"href":"https:\/\/inclusivenews.com.br\/index.php?rest_route=%2Fwp%2Fv2%2Ftags&post=22220"}],"curies":[{"name":"wp","href":"https:\/\/api.w.org\/{rel}","templated":true}]}}