{"id":22234,"date":"2012-03-23T07:56:02","date_gmt":"2012-03-23T10:56:02","guid":{"rendered":"http:\/\/www.inclusive.org.br\/?p=22234"},"modified":"2012-03-23T07:56:02","modified_gmt":"2012-03-23T10:56:02","slug":"ministra-dos-direitos-humanos-impede-leitura-de-nota-publica-e-retira-questionamentos-a-belo-monte-de-relatorio","status":"publish","type":"post","link":"https:\/\/inclusivenews.com.br\/?p=22234","title":{"rendered":"Ministra dos Direitos Humanos impede leitura de nota p\u00fablica e retira questionamentos a Belo Monte de relat\u00f3rio"},"content":{"rendered":"<figure id=\"attachment_22235\" aria-describedby=\"caption-attachment-22235\" style=\"width: 210px\" class=\"wp-caption alignleft\"><a href=\"http:\/\/www.inclusivenews.com.br\/wp-content\/uploads\/silence.jpg\"><img loading=\"lazy\" decoding=\"async\" class=\"size-medium wp-image-22235\" title=\"\u00cdcone representando uma figura exigindo sl\u00eancio com o dedo sobre a boca\" src=\"http:\/\/inclusivenews.com.br\/wp-content\/uploads\/silence-300x300.jpg\" alt=\"\" width=\"210\" height=\"210\" \/><\/a><figcaption id=\"caption-attachment-22235\" class=\"wp-caption-text\"> <\/figcaption><\/figure>\n<p>A ministra da Secretaria de Direitos Humanos da Presid\u00eancia da Rep\u00fablica, Maria do Ros\u00e1rio, n\u00e3o concedeu a palavra aos representantes da sociedade civil convidados para a reuni\u00e3o desta segunda-feira, 19, do Conselho de Defesa dos Direitos da Pessoa Humana (CDDPH). Na ocasi\u00e3o foi apresentado e votado o Relat\u00f3rio de Impress\u00f5es sobre as Viola\u00e7\u00f5es de Direitos Humanos da Terra do Meio, no Par\u00e1, executada pela Comiss\u00e3o Especial designada pelo CDDPH. Depois de apelar para o regimento interno do conselho, que diz que os presentes s\u00f3 podem se manifestar ap\u00f3s a delibera\u00e7\u00e3o dos conselheiros, a ministra mudou repentinamente de pauta sem oferecer a possibilidade de fala.<\/p>\n<p>Isso porque o conselho aprovou de forma parcial o relat\u00f3rio, excluindo todos os questionamentos e recomenda\u00e7\u00f5es relacionados \u00e0 constru\u00e7\u00e3o da Usina Hidrel\u00e9trica de Belo Monte, no Par\u00e1, apresentados pelo relator Leonardo Sakamoto. Com a informa\u00e7\u00e3o de que Maria do Ros\u00e1rio tinha determinado que o relator retirasse as refer\u00eancias \u00e0s viola\u00e7\u00f5es decorrentes da constru\u00e7\u00e3o da usina, cerca de 50 organiza\u00e7\u00f5es da sociedade civil constru\u00edram nota conjunta denunciando tal postura da ministra e defendendo o relat\u00f3rio, n\u00e3o modificado por Sakamoto.<\/p>\n<p>O assessor jur\u00eddico do Conselho Indigenista Mission\u00e1rio (Cimi) Adelar Cupsinski foi o escolhido para ler a nota. \u201cMesmo depois de n\u00e3o conceder espa\u00e7o para a leitura da nota p\u00fablica, a ministra rebateu a nota dizendo que n\u00e3o interveio nas fun\u00e7\u00f5es do relator, conforme foi divulgado pela imprensa e sociedade civil\u201d, disse Adelar. O advogado e ind\u00edgenas presentes insistiram em v\u00e3o pelo direito de falar. A ministra, seguindo em suas manifesta\u00e7\u00f5es de claro abuso de poder e arb\u00edtrio, criticou duramente o Minist\u00e9rio P\u00fablico Federal do Par\u00e1 (MPF\/PA) por ter solicitado e dado prazo para a apresenta\u00e7\u00e3o do relat\u00f3rio.<\/p>\n<p>Maria do Ros\u00e1rio disse que todas as quest\u00f5es relacionadas a Belo Monte ser\u00e3o encaminhadas ao Comit\u00ea Gestor, que acompanha a constru\u00e7\u00e3o da usina, mas n\u00e3o tem tido atua\u00e7\u00e3o nenhuma na regi\u00e3o. O relat\u00f3rio da Terra do Meio ter\u00e1 seguimento, por\u00e9m com outro relator, pois o atual pediu para sair da fun\u00e7\u00e3o. Por\u00e9m antes, Sakamoto solicitou que a comiss\u00e3o acolha os relatos e as reivindica\u00e7\u00f5es da sociedade civil, bem como encaminhe as viola\u00e7\u00f5es de direitos humanos que acontecem nas regi\u00f5es afetadas pela constru\u00e7\u00e3o de Belo Monte.<\/p>\n<p>Alguns conselheiros, apesar de votarem pela aprova\u00e7\u00e3o parcial do relat\u00f3rio, se posicionaram dizendo que a Terra do Meio ser\u00e1 afetada pela constru\u00e7\u00e3o da usina, sobretudo nos aspectos sociais. Tais contradi\u00e7\u00f5es aparecem em v\u00e1rios epis\u00f3dios envolvendo Belo Monte: quando o presidente da Funda\u00e7\u00e3o Nacional do \u00cdndio (Funai) M\u00e1rcio Meira assinou laudo dizendo que a obra n\u00e3o afetaria as comunidades ind\u00edgenas, contrariou o parecer t\u00e9cnico do pr\u00f3prio \u00f3rg\u00e3o. Trucul\u00eancia e despotismo movimentam a usina antes mesmo das \u00e1guas do rio Xingu.<\/p>\n<p>A ministra Maria do Ros\u00e1rio \u00e9 apenas mais um joguete controlado pela m\u00e3o de ferro da presidenta Dilma Rousseff, que de forma inescrupulosa transforma a m\u00e1quina estatal num rolo compressor sobre comunidades ind\u00edgenas, ribeirinhas e camponesas afetadas pela obra e que disseram n\u00e3o para Belo Monte. A Advocacia Geral da Uni\u00e3o (AGU) chegou a interpelar judicialmente o procurador federal do Par\u00e1 Fel\u00edcio Pontes, pedindo para que ele n\u00e3o atuasse mais sobre quest\u00f5es envolvendo a usina.<\/p>\n<p>Divulgamos aqui a nota p\u00fablica censurada pela ministra Maria do Ros\u00e1rio durante a sess\u00e3o desta segunda-feira, 19, do CDDPH.<\/p>\n<p>NOTA P\u00daBLICA<\/p>\n<p>19 de mar\u00e7o de 2012<\/p>\n<p>Criado em 16 de mar\u00e7o de 1964 \u2013 apenas duas semanas antes do golpe militar que instaurou o regime de exce\u00e7\u00e3o no pa\u00eds &#8211; o  Conselho de Defesa dos Direitos da Pessoa Humana (CDDPH) \u00e9 dos \u00f3rg\u00e3os colegiados mais antigos da Rep\u00fablica e de fundamental relev\u00e2ncia para a promo\u00e7\u00e3o e defesa dos direitos humanos no Brasil.<\/p>\n<p>Na \u00faltima semana, a valorosa hist\u00f3ria de autonomia e independ\u00eancia deste Conselho foi gravemente maculada.<\/p>\n<p>Como \u00e9 de conhecimento p\u00fablico, h\u00e1 quase um ano, este Conselho instituiu \u2013 atrav\u00e9s da Resolu\u00e7\u00e3o n.3, de 24 de maio de 2011 \u2013 uma Comiss\u00e3o Especial para apurar den\u00fancias de viola\u00e7\u00f5es dos direitos humanos, \u201ccom o objetivo de levantar dados e informa\u00e7\u00f5es pertinentes sobre os casos de viol\u00eancia no campo e sugerir provid\u00eancias junto \u00e0s autoridades respons\u00e1veis\u201d na regi\u00e3o da Terra do Meio, no Par\u00e1.<\/p>\n<p>Pela primeira vez na hist\u00f3ria deste Conselho, diante da injustificada morosidade da Presidente do CDDPH em apresentar o relat\u00f3rio da Comiss\u00e3o Especial para aprecia\u00e7\u00e3o, o Minist\u00e9rio P\u00fablico Federal expediu uma requisi\u00e7\u00e3o formal para que, no prazo de 10 dias, o documento fosse apresentado e que fossem explicitados os motivos da demora na aprecia\u00e7\u00e3o do mesmo.<\/p>\n<p>N\u00e3o bastasse isso, de acordo com not\u00edcias veiculadas pela Ag\u00eancia Brasil (Empresa Brasileira de Comunica\u00e7\u00e3o) \u2013 e que n\u00e3o foram em nenhum momento desmentidas pela Secretaria de Direitos Humanos \u2013 a ministra Maria do Ros\u00e1rio Nunes pediu ao Relator da Comiss\u00e3o Terra do Meio que modificasse o teor do seu relat\u00f3rio e que n\u00e3o abordasse as den\u00fancias de viola\u00e7\u00f5es de direitos humanos decorrentes da constru\u00e7\u00e3o da Usina Hidrel\u00e9trica de Belo Monte. Segundo o pr\u00f3prio representante do Minist\u00e9rio P\u00fablico Federal, a ministra pediu que fosse retirado qualquer men\u00e7\u00e3o sobre Belo Monte do relat\u00f3rio.<\/p>\n<p>A n\u00e3o apresenta\u00e7\u00e3o do documento para aprecia\u00e7\u00e3o deste Conselho e o pedido de reformula\u00e7\u00e3o do parecer do Relator constituem evidentes e grav\u00edssimos atos de inger\u00eancia e arbitrariedade praticados pela mais alta autoridade de direitos humanos do Poder Executivo federal contra a autonomia e a independ\u00eancia do CDDPH.<\/p>\n<p>Tornamos p\u00fablico nosso rep\u00fadio por esta amea\u00e7a de censura. O princ\u00edpio da imparcialidade deve ser a t\u00f4nica da atua\u00e7\u00e3o da Presid\u00eancia do CDDPH, que n\u00e3o pode de forma alguma privilegiar os interesses do atual governo \u2013 bem como dos demais grupos privados que participam da constru\u00e7\u00e3o da Usina Hidrel\u00e9trica de Belo Monte \u2013 em detrimento do direito \u00e0 informa\u00e7\u00e3o e \u00e0 transpar\u00eancia e em total desrespeito aos homens e mulheres que vem sendo violentados com a execu\u00e7\u00e3o deste mega-projeto.<\/p>\n<p>No \u00faltimo ano, por exemplo, a viol\u00eancia sexual contra crian\u00e7as e adolescentes aumentou mais de 130% na regi\u00e3o de Altamira. H\u00e1 um expressivo aumento da mortalidade infantil e os casos de mal\u00e1ria v\u00eam se acentuando.<\/p>\n<p>A inst\u00e2ncia m\u00e1xima de direitos humanos do pa\u00eds deve atuar para promover e proteger os direitos humanos de todos os cidad\u00e3os e comunidades e n\u00e3o para esconder as graves viola\u00e7\u00f5es de direitos humanos, arbitrariedades e impactos ambientais que um projeto como o de Belo Monte vem acarretando. Em respeito a este Honor\u00e1vel Conselho, a atual ministra da Secretaria de Direitos Humanos e presidente em exerc\u00edcio do CDDPH deve explica\u00e7\u00f5es a toda sociedade brasileira.<\/p>\n<p>O CDDPH n\u00e3o pode se omitir nem compactuar com a arbitrariedade e com a viola\u00e7\u00e3o ao direito \u00e0 transpar\u00eancia e \u00e0 informa\u00e7\u00e3o. Muito menos pode deixar de ouvir as vozes de milhares de brasileiros que t\u00eam sido atingidos e sofrido graves viola\u00e7\u00f5es de direitos humanos em decorr\u00eancia da constru\u00e7\u00e3o da Usina Hidrel\u00e9trica de Belo Monte.<\/p>\n<p>EM DEFESA DOS DIREITOS HUMANOS DOS POVOS DO XINGU<br \/>\nEM RESPEITO \u00c0 HIST\u00d3RIA DE AUTONOMIA E INDEPEND\u00caNCIA DO CDDPH<br \/>\nPELO DIREITO \u00c0 INFORMA\u00c7\u00c3O, \u00c0 VERDADE E \u00c0 JUSTI\u00c7A<\/p>\n<p>Subscrevem:<\/p>\n<p>Movimento Xingu Vivo Para Sempre<\/p>\n<p>Justi\u00e7a Global<\/p>\n<p>Sociedade Paraense de Direitos Humanos \u2013 SDDH<\/p>\n<p>Prelazia do Xingu<\/p>\n<p>Conselho Indigenista Mission\u00e1rio \u2013 CIMI<\/p>\n<p>CESE &#8211; Coordenadoria Ecum\u00eanica de Servi\u00e7o<\/p>\n<p>Dignitatis &#8211; Assessoria T\u00e9cnica Popular<\/p>\n<p>Centro de Assessoria Popular Mariana Criola<\/p>\n<p>Conectas Direitos Humanos<\/p>\n<p>Rede Brasil sobre Institui\u00e7\u00f5es Financeiras Multilaterais<\/p>\n<p>PACS \u2013 Instituto de Pol\u00edticas Alternativas para o Cone Sul<\/p>\n<p>Rios Internacionais \u2013 Brasil<\/p>\n<p>Associa\u00e7\u00e3o Inter-Americana de Defesa Ambiental &#8211; AIDA<\/p>\n<p>Amazon Watch<\/p>\n<p>Terra de Direitos<\/p>\n<p>KOINONIA \u2013 Presen\u00e7a Ecum\u00eanica e Servi\u00e7o<\/p>\n<p>F\u00f3rum da Amaz\u00f4nia Oriental \u2013 FAOR<\/p>\n<p>F\u00f3rum de Mulheres da Amaz\u00f4nia Parense<\/p>\n<p>Rede de Mulheres Empreendedoras da Amaz\u00f4nia<\/p>\n<p>APA-TO &#8211; Alternativas para a Pequena Agricultura no Tocantins<\/p>\n<p>ABO &#8211; Associa\u00e7\u00e3o Brasileira dos Og\u00e3s<\/p>\n<p>AOMT BAM &#8211; Associa\u00e7\u00e3o das Organiza\u00e7\u00f5es das Mulheres Trabalhadoras do Baixo Amazonas<\/p>\n<p>AART -AP &#8211; Associa\u00e7\u00e3o de Artes\u00e3os do Estado do Amap\u00e1<\/p>\n<p>ACANH &#8211; Associa\u00e7\u00e3o de Comunica\u00e7\u00e3o Alternativa Novo Horizonte<\/p>\n<p>ADCP &#8211; Associa\u00e7\u00e3o de Divis\u00e3o Comunit\u00e1ria e Popular<\/p>\n<p>AGLTS &#8211; Associa\u00e7\u00e3o de gays, l\u00e9sbicas e transg\u00eaneros de Santana<\/p>\n<p>AHPRIM &#8211; Associa\u00e7\u00e3o de Hortifrutigranjeiros Pescadores e Ribeirinhos de Marab\u00e1<\/p>\n<p>AMQCSTA &#8211; Associa\u00e7\u00e3o de Moradores Quilombolas da Comunidade de S\u00e3o Tom\u00e9 do Aporema<\/p>\n<p>AMAP &#8211; Associa\u00e7\u00e3o de Mulheres do Abacate da Pedreira<\/p>\n<p>AMVQC &#8211; Associa\u00e7\u00e3o de Mulheres M\u00e3e Venina do Quilombo do Curia\u00fa<\/p>\n<p>APREMA &#8211; Associa\u00e7\u00e3o de Prote\u00e7\u00e3o ao Riacho Estrela e Meio Ambiente<\/p>\n<p>AMOB &#8211; Associa\u00e7\u00e3o dos Moradores do Bengui<\/p>\n<p>AEM &#8211; Associa\u00e7\u00e3o Educacional Mari\u00e1<\/p>\n<p>ASSEMA &#8211; Associa\u00e7\u00e3o em \u00c1reas de Assentamento no Estado do Maranh\u00e3o<\/p>\n<p>GBNM &#8211; Associa\u00e7\u00e3o Grupo Beneficente Novo Mundo<\/p>\n<p>APACC &#8211; Associa\u00e7\u00e3o Paraense de Apoio \u00e0s Comunidades Carentes<\/p>\n<p>ACUMNAGRA &#8211; Associa\u00e7\u00e3o S\u00f3ciocultural de Umbanda e Mina Nag\u00f4<\/p>\n<p>Encanto &#8211; Casa Oito de Mar\u00e7o &#8211; Oragniza\u00e7\u00e3o Feminista do Tocantins<\/p>\n<p>CCN &#8211; CENTRO DE CULTURA NEGRA DO MARANH\u00c3O<\/p>\n<p>CEDENPA &#8211; Centro de Estudos e Defesa do Negro do Par\u00e1<\/p>\n<p>CENTRO TIPITI &#8211; Centro de Treinamento e Tecnologia Alternativa Tipiti<\/p>\n<p>CPCVN &#8211; Centro Pedag\u00f3gico e Cultural da Vila Nova<\/p>\n<p>CPDC &#8211; CENTRO POPULAR PELO DIREITO A CIDADE.<\/p>\n<p>CJ-PA &#8211; Coletivo Jovem de meio Ambiente do Par\u00e1<\/p>\n<p>CPT &#8211; Comiss\u00e3o Pastoral da Terra<\/p>\n<p>COMSA\u00daDE &#8211; Comunidade de sa\u00fade, desenvolvimento e educa\u00e7\u00e3o<\/p>\n<p>CONAM &#8211; Confedera\u00e7\u00e3o Nacional das Associa\u00e7\u00f5es de Moradores<\/p>\n<p>CONAM &#8211; Confedera\u00e7\u00e3o Nacional das Associa\u00e7\u00f5es de Moradores<\/p>\n<p>Cimi &#8211; Conselho Indigenista Mission\u00e1rio Regional N II<\/p>\n<p>COMTRABB &#8211; Cooperativa de Mulheres Trabalhadoras da Bacia do Bacanga<\/p>\n<p>COOPTER &#8211; Cooperativa de Trabalho, Assistencia T\u00e9cnica, Presta\u00e7\u00e3o de Servi\u00e7o e Extens\u00e3o Rural<\/p>\n<p>FAMCOS &#8211; Federa\u00e7\u00e3o das Associa\u00e7\u00f5es de Moradores e Organiza\u00e7\u00f5es Comunit\u00e1rias de Santar\u00e9m<\/p>\n<p>FECAP &#8211; Federa\u00e7\u00e3o das Entidades Comunit\u00e1rias do Estado do Amap\u00e1<\/p>\n<p>FECARUMINA &#8211; Federa\u00e7\u00e3o de Cultos Afroreligiosos de Umbanda e Mina Nag\u00f4<\/p>\n<p>FASE &#8211; FEDERA\u00c7\u00c3O DE \u00d3RG\u00c3OS PARA ASSIST\u00caNCIA SOCIAL E EDUCACIONAL &#8211; Programa Amaz\u00f4nia<\/p>\n<p>FETAGRI-PA &#8211; Federa\u00e7\u00e3o dos Trabalhadores e Trabalhadoras na Agricultura do Estado do Par\u00e1<\/p>\n<p>F\u00d3RUM CARAJ\u00c1S &#8211; F\u00f3rum Caraj\u00e1s<\/p>\n<p>F\u00f3rum dos Lagos &#8211; F\u00f3rum de Participa\u00e7\u00e3o Popular em Defesa dos Lagos Bolonha e \u00c1gua Preta e da APA\/Bel\u00e9m<\/p>\n<p>FMS BR163 &#8211; Forum dos Movimentos Sociais da Br 163 Pa<\/p>\n<p>FunTocaia &#8211; Funda\u00e7\u00e3o Tocaia<\/p>\n<p>GHATA &#8211; Grupo das Homossexuais Thildes do Amap\u00e1<\/p>\n<p>GMB &#8211; Grupo de Mulheres Brasileiras<\/p>\n<p>ISAHC &#8211; Instituto de Desenvolvimento Social e Apoio aos Direitos Humanos Caratateua<\/p>\n<p>IDA &#8211; INSTITUTO DE DIVULGA\u00c7\u00c3O DA AMAZ\u00d4NIA<\/p>\n<p>IMENA &#8211; Instituto de Mulheres Negras do Amap\u00e1<\/p>\n<p>EcoVida &#8211; INSTITUTO ECOVIDA<\/p>\n<p>ISSAR &#8211; Instituto Saber ser Amaz\u00f4nia Ribeirinha<\/p>\n<p>ITV &#8211; Instituto Trabalho Vivo<\/p>\n<p>UNIPOP &#8211; Instituto Universidade Popular<\/p>\n<p>SNDdeN &#8211; IRM\u00c3S DE NOTRE DAME DE NAMUR<\/p>\n<p>MMM &#8211; AP &#8211; Marcha Mundial das Mulheres<\/p>\n<p>MSTU &#8211; MOVIMENTO DOS TRABALHADORES SEM TETO URBANO<\/p>\n<p>MMIB &#8211; MOVIMENTO DE MULHERES DAS ILHAS DE BEL\u00c9M<\/p>\n<p>MOEMA &#8211; MOVIMENTO DE MULHERES EMPREENDEDORAS DA AMAZONIA<\/p>\n<p>MOPROM &#8211; MOVIMENTO DE PROMO\u00c7\u00c3O DA MULHER<\/p>\n<p>MRE &#8211; MOVIMENTO REP\u00daBLICA DE EMA\u00daS<\/p>\n<p>Mulheres de Ax\u00e9 &#8211; Mulheres de Ax\u00e9<\/p>\n<p>SINDOMESTICA &#8211; Sindicato das Empregadas Dom\u00e9sticas do Estado do Amap\u00e1<\/p>\n<p>STTR\/STM &#8211; Sindicato dos Trabalhadores e Trabalhadoras Rurais de Santar\u00e9m<\/p>\n<p>SINDNAPI &#8211; AP &#8211; Sindicato Nacional dos Aposentados, Pensionistas e Idosos da For\u00e7a Sindical<\/p>\n<p>STTR MA &#8211; Sindicatos dos Trabalhadores e Trabalhadoras Rurais<\/p>\n<p>SODIREITOS &#8211; SOCIEDADE DE DEFESA DOS DIREITOS SEXUAIS NA AMAZ\u00d4NIA<\/p>\n<p>UFCG &#8211; Uni\u00e3o Folcl\u00f3rica de Campina Grande<\/p>\n<p>UMAMLAJ &#8211; Uni\u00e3o Municipal das Associa\u00e7\u00e3o Morodores de Laranjal do Jari<\/p>\n<p>Fonte: <a href=\"http:\/\/www.cimi.org.br\/site\/pt-br\/?system=news&amp;conteudo_id=6145&amp;action=read\">CIMI<\/a><\/p>\n","protected":false},"excerpt":{"rendered":"<p>Depois de apelar para o regimento interno do conselho, que diz que os presentes s\u00f3 podem se manifestar ap\u00f3s a delibera\u00e7\u00e3o dos conselheiros, a ministra mudou repentinamente de pauta sem oferecer a possibilidade de fala. Informa\u00e7\u00e3o \u00e9 do CIMI.<\/p>\n","protected":false},"author":1,"featured_media":0,"comment_status":"open","ping_status":"open","sticky":false,"template":"","format":"standard","meta":{"site-container-style":"default","site-container-layout":"default","site-sidebar-layout":"default","disable-article-header":"default","disable-site-header":"default","disable-site-footer":"default","disable-content-area-spacing":"default","footnotes":""},"categories":[13,11],"tags":[100],"class_list":["post-22234","post","type-post","status-publish","format-standard","hentry","category-denuncias","category-direitos-humanos","tag-indigenas"],"yoast_head":"<!-- This site is optimized with the Yoast SEO plugin v27.4 - https:\/\/yoast.com\/product\/yoast-seo-wordpress\/ -->\n<title>Ministra dos Direitos Humanos impede leitura de nota p\u00fablica e retira questionamentos a Belo Monte de relat\u00f3rio -<\/title>\n<meta name=\"robots\" content=\"index, follow, max-snippet:-1, max-image-preview:large, max-video-preview:-1\" \/>\n<link rel=\"canonical\" href=\"https:\/\/inclusivenews.com.br\/?p=22234\" \/>\n<meta property=\"og:locale\" content=\"pt_PT\" \/>\n<meta property=\"og:type\" content=\"article\" \/>\n<meta property=\"og:title\" content=\"Ministra dos Direitos Humanos impede leitura de nota p\u00fablica e retira questionamentos a Belo Monte de relat\u00f3rio -\" \/>\n<meta property=\"og:description\" content=\"Depois de apelar para o regimento interno do conselho, que diz que os presentes s\u00f3 podem se manifestar ap\u00f3s a delibera\u00e7\u00e3o dos conselheiros, a ministra mudou repentinamente de pauta sem oferecer a possibilidade de fala. Informa\u00e7\u00e3o \u00e9 do CIMI.\" \/>\n<meta property=\"og:url\" content=\"https:\/\/inclusivenews.com.br\/?p=22234\" \/>\n<meta property=\"article:publisher\" content=\"https:\/\/www.facebook.com\/agenciainclusive\/\" \/>\n<meta property=\"article:published_time\" content=\"2012-03-23T10:56:02+00:00\" \/>\n<meta property=\"og:image\" content=\"http:\/\/inclusivenews.com.br\/wp-content\/uploads\/silence-300x300.jpg\" \/>\n<meta name=\"author\" content=\"inclusivenews2024\" \/>\n<meta name=\"twitter:card\" content=\"summary_large_image\" \/>\n<meta name=\"twitter:label1\" content=\"Escrito por\" \/>\n\t<meta name=\"twitter:data1\" content=\"inclusivenews2024\" \/>\n\t<meta name=\"twitter:label2\" content=\"Tempo estimado de leitura\" \/>\n\t<meta name=\"twitter:data2\" content=\"10 minutos\" \/>\n<script type=\"application\/ld+json\" class=\"yoast-schema-graph\">{\"@context\":\"https:\\\/\\\/schema.org\",\"@graph\":[{\"@type\":\"Article\",\"@id\":\"https:\\\/\\\/inclusivenews.com.br\\\/?p=22234#article\",\"isPartOf\":{\"@id\":\"https:\\\/\\\/inclusivenews.com.br\\\/?p=22234\"},\"author\":{\"name\":\"inclusivenews2024\",\"@id\":\"https:\\\/\\\/inclusivenews.com.br\\\/#\\\/schema\\\/person\\\/ae4ec7087559b8692fb33b6fffd2273b\"},\"headline\":\"Ministra dos Direitos Humanos impede leitura de nota p\u00fablica e retira questionamentos a Belo Monte de relat\u00f3rio\",\"datePublished\":\"2012-03-23T10:56:02+00:00\",\"mainEntityOfPage\":{\"@id\":\"https:\\\/\\\/inclusivenews.com.br\\\/?p=22234\"},\"wordCount\":2101,\"commentCount\":0,\"publisher\":{\"@id\":\"https:\\\/\\\/inclusivenews.com.br\\\/#organization\"},\"image\":{\"@id\":\"https:\\\/\\\/inclusivenews.com.br\\\/?p=22234#primaryimage\"},\"thumbnailUrl\":\"http:\\\/\\\/inclusivenews.com.br\\\/wp-content\\\/uploads\\\/silence-300x300.jpg\",\"keywords\":[\"Ind\u00edgenas\"],\"articleSection\":[\"Den\u00fancias\",\"DIREITOS HUMANOS\"],\"inLanguage\":\"pt-PT\",\"potentialAction\":[{\"@type\":\"CommentAction\",\"name\":\"Comment\",\"target\":[\"https:\\\/\\\/inclusivenews.com.br\\\/?p=22234#respond\"]}]},{\"@type\":\"WebPage\",\"@id\":\"https:\\\/\\\/inclusivenews.com.br\\\/?p=22234\",\"url\":\"https:\\\/\\\/inclusivenews.com.br\\\/?p=22234\",\"name\":\"Ministra dos Direitos Humanos impede leitura de nota p\u00fablica e retira questionamentos a Belo Monte de relat\u00f3rio -\",\"isPartOf\":{\"@id\":\"https:\\\/\\\/inclusivenews.com.br\\\/#website\"},\"primaryImageOfPage\":{\"@id\":\"https:\\\/\\\/inclusivenews.com.br\\\/?p=22234#primaryimage\"},\"image\":{\"@id\":\"https:\\\/\\\/inclusivenews.com.br\\\/?p=22234#primaryimage\"},\"thumbnailUrl\":\"http:\\\/\\\/inclusivenews.com.br\\\/wp-content\\\/uploads\\\/silence-300x300.jpg\",\"datePublished\":\"2012-03-23T10:56:02+00:00\",\"breadcrumb\":{\"@id\":\"https:\\\/\\\/inclusivenews.com.br\\\/?p=22234#breadcrumb\"},\"inLanguage\":\"pt-PT\",\"potentialAction\":[{\"@type\":\"ReadAction\",\"target\":[\"https:\\\/\\\/inclusivenews.com.br\\\/?p=22234\"]}]},{\"@type\":\"ImageObject\",\"inLanguage\":\"pt-PT\",\"@id\":\"https:\\\/\\\/inclusivenews.com.br\\\/?p=22234#primaryimage\",\"url\":\"\",\"contentUrl\":\"\"},{\"@type\":\"BreadcrumbList\",\"@id\":\"https:\\\/\\\/inclusivenews.com.br\\\/?p=22234#breadcrumb\",\"itemListElement\":[{\"@type\":\"ListItem\",\"position\":1,\"name\":\"In\u00edcio\",\"item\":\"https:\\\/\\\/inclusivenews.com.br\\\/\"},{\"@type\":\"ListItem\",\"position\":2,\"name\":\"Ministra dos Direitos Humanos impede leitura de nota p\u00fablica e retira questionamentos a Belo Monte de relat\u00f3rio\"}]},{\"@type\":\"WebSite\",\"@id\":\"https:\\\/\\\/inclusivenews.com.br\\\/#website\",\"url\":\"https:\\\/\\\/inclusivenews.com.br\\\/\",\"name\":\"Inclusive News\",\"description\":\"Inclusive News\",\"publisher\":{\"@id\":\"https:\\\/\\\/inclusivenews.com.br\\\/#organization\"},\"potentialAction\":[{\"@type\":\"SearchAction\",\"target\":{\"@type\":\"EntryPoint\",\"urlTemplate\":\"https:\\\/\\\/inclusivenews.com.br\\\/?s={search_term_string}\"},\"query-input\":{\"@type\":\"PropertyValueSpecification\",\"valueRequired\":true,\"valueName\":\"search_term_string\"}}],\"inLanguage\":\"pt-PT\"},{\"@type\":\"Organization\",\"@id\":\"https:\\\/\\\/inclusivenews.com.br\\\/#organization\",\"name\":\"Inclusive - inclus\u00e3o e cidadania\",\"url\":\"https:\\\/\\\/inclusivenews.com.br\\\/\",\"logo\":{\"@type\":\"ImageObject\",\"inLanguage\":\"pt-PT\",\"@id\":\"https:\\\/\\\/inclusivenews.com.br\\\/#\\\/schema\\\/logo\\\/image\\\/\",\"url\":\"https:\\\/\\\/inclusivenews.com.br\\\/wp-content\\\/uploads\\\/2024\\\/03\\\/@grandesite.png\",\"contentUrl\":\"https:\\\/\\\/inclusivenews.com.br\\\/wp-content\\\/uploads\\\/2024\\\/03\\\/@grandesite.png\",\"width\":1080,\"height\":1080,\"caption\":\"Inclusive - inclus\u00e3o e cidadania\"},\"image\":{\"@id\":\"https:\\\/\\\/inclusivenews.com.br\\\/#\\\/schema\\\/logo\\\/image\\\/\"},\"sameAs\":[\"https:\\\/\\\/www.facebook.com\\\/agenciainclusive\\\/\",\"https:\\\/\\\/www.instagram.com\\\/newsinclusive\\\/\"]},{\"@type\":\"Person\",\"@id\":\"https:\\\/\\\/inclusivenews.com.br\\\/#\\\/schema\\\/person\\\/ae4ec7087559b8692fb33b6fffd2273b\",\"name\":\"inclusivenews2024\",\"image\":{\"@type\":\"ImageObject\",\"inLanguage\":\"pt-PT\",\"@id\":\"https:\\\/\\\/secure.gravatar.com\\\/avatar\\\/c5a7ef84c66fa914f55bc4f7ce26cfa275a3b9a1c5568b907bd184fb4dde7b40?s=96&d=mm&r=g\",\"url\":\"https:\\\/\\\/secure.gravatar.com\\\/avatar\\\/c5a7ef84c66fa914f55bc4f7ce26cfa275a3b9a1c5568b907bd184fb4dde7b40?s=96&d=mm&r=g\",\"contentUrl\":\"https:\\\/\\\/secure.gravatar.com\\\/avatar\\\/c5a7ef84c66fa914f55bc4f7ce26cfa275a3b9a1c5568b907bd184fb4dde7b40?s=96&d=mm&r=g\",\"caption\":\"inclusivenews2024\"},\"sameAs\":[\"https:\\\/\\\/inclusivenews.com.br\"],\"url\":\"https:\\\/\\\/inclusivenews.com.br\\\/?author=1\"}]}<\/script>\n<!-- \/ Yoast SEO plugin. -->","yoast_head_json":{"title":"Ministra dos Direitos Humanos impede leitura de nota p\u00fablica e retira questionamentos a Belo Monte de relat\u00f3rio -","robots":{"index":"index","follow":"follow","max-snippet":"max-snippet:-1","max-image-preview":"max-image-preview:large","max-video-preview":"max-video-preview:-1"},"canonical":"https:\/\/inclusivenews.com.br\/?p=22234","og_locale":"pt_PT","og_type":"article","og_title":"Ministra dos Direitos Humanos impede leitura de nota p\u00fablica e retira questionamentos a Belo Monte de relat\u00f3rio -","og_description":"Depois de apelar para o regimento interno do conselho, que diz que os presentes s\u00f3 podem se manifestar ap\u00f3s a delibera\u00e7\u00e3o dos conselheiros, a ministra mudou repentinamente de pauta sem oferecer a possibilidade de fala. Informa\u00e7\u00e3o \u00e9 do CIMI.","og_url":"https:\/\/inclusivenews.com.br\/?p=22234","article_publisher":"https:\/\/www.facebook.com\/agenciainclusive\/","article_published_time":"2012-03-23T10:56:02+00:00","og_image":[{"url":"http:\/\/inclusivenews.com.br\/wp-content\/uploads\/silence-300x300.jpg","type":"","width":"","height":""}],"author":"inclusivenews2024","twitter_card":"summary_large_image","twitter_misc":{"Escrito por":"inclusivenews2024","Tempo estimado de leitura":"10 minutos"},"schema":{"@context":"https:\/\/schema.org","@graph":[{"@type":"Article","@id":"https:\/\/inclusivenews.com.br\/?p=22234#article","isPartOf":{"@id":"https:\/\/inclusivenews.com.br\/?p=22234"},"author":{"name":"inclusivenews2024","@id":"https:\/\/inclusivenews.com.br\/#\/schema\/person\/ae4ec7087559b8692fb33b6fffd2273b"},"headline":"Ministra dos Direitos Humanos impede leitura de nota p\u00fablica e retira questionamentos a Belo Monte de relat\u00f3rio","datePublished":"2012-03-23T10:56:02+00:00","mainEntityOfPage":{"@id":"https:\/\/inclusivenews.com.br\/?p=22234"},"wordCount":2101,"commentCount":0,"publisher":{"@id":"https:\/\/inclusivenews.com.br\/#organization"},"image":{"@id":"https:\/\/inclusivenews.com.br\/?p=22234#primaryimage"},"thumbnailUrl":"http:\/\/inclusivenews.com.br\/wp-content\/uploads\/silence-300x300.jpg","keywords":["Ind\u00edgenas"],"articleSection":["Den\u00fancias","DIREITOS HUMANOS"],"inLanguage":"pt-PT","potentialAction":[{"@type":"CommentAction","name":"Comment","target":["https:\/\/inclusivenews.com.br\/?p=22234#respond"]}]},{"@type":"WebPage","@id":"https:\/\/inclusivenews.com.br\/?p=22234","url":"https:\/\/inclusivenews.com.br\/?p=22234","name":"Ministra dos Direitos Humanos impede leitura de nota p\u00fablica e retira questionamentos a Belo Monte de relat\u00f3rio -","isPartOf":{"@id":"https:\/\/inclusivenews.com.br\/#website"},"primaryImageOfPage":{"@id":"https:\/\/inclusivenews.com.br\/?p=22234#primaryimage"},"image":{"@id":"https:\/\/inclusivenews.com.br\/?p=22234#primaryimage"},"thumbnailUrl":"http:\/\/inclusivenews.com.br\/wp-content\/uploads\/silence-300x300.jpg","datePublished":"2012-03-23T10:56:02+00:00","breadcrumb":{"@id":"https:\/\/inclusivenews.com.br\/?p=22234#breadcrumb"},"inLanguage":"pt-PT","potentialAction":[{"@type":"ReadAction","target":["https:\/\/inclusivenews.com.br\/?p=22234"]}]},{"@type":"ImageObject","inLanguage":"pt-PT","@id":"https:\/\/inclusivenews.com.br\/?p=22234#primaryimage","url":"","contentUrl":""},{"@type":"BreadcrumbList","@id":"https:\/\/inclusivenews.com.br\/?p=22234#breadcrumb","itemListElement":[{"@type":"ListItem","position":1,"name":"In\u00edcio","item":"https:\/\/inclusivenews.com.br\/"},{"@type":"ListItem","position":2,"name":"Ministra dos Direitos Humanos impede leitura de nota p\u00fablica e retira questionamentos a Belo Monte de relat\u00f3rio"}]},{"@type":"WebSite","@id":"https:\/\/inclusivenews.com.br\/#website","url":"https:\/\/inclusivenews.com.br\/","name":"Inclusive News","description":"Inclusive News","publisher":{"@id":"https:\/\/inclusivenews.com.br\/#organization"},"potentialAction":[{"@type":"SearchAction","target":{"@type":"EntryPoint","urlTemplate":"https:\/\/inclusivenews.com.br\/?s={search_term_string}"},"query-input":{"@type":"PropertyValueSpecification","valueRequired":true,"valueName":"search_term_string"}}],"inLanguage":"pt-PT"},{"@type":"Organization","@id":"https:\/\/inclusivenews.com.br\/#organization","name":"Inclusive - inclus\u00e3o e cidadania","url":"https:\/\/inclusivenews.com.br\/","logo":{"@type":"ImageObject","inLanguage":"pt-PT","@id":"https:\/\/inclusivenews.com.br\/#\/schema\/logo\/image\/","url":"https:\/\/inclusivenews.com.br\/wp-content\/uploads\/2024\/03\/@grandesite.png","contentUrl":"https:\/\/inclusivenews.com.br\/wp-content\/uploads\/2024\/03\/@grandesite.png","width":1080,"height":1080,"caption":"Inclusive - inclus\u00e3o e cidadania"},"image":{"@id":"https:\/\/inclusivenews.com.br\/#\/schema\/logo\/image\/"},"sameAs":["https:\/\/www.facebook.com\/agenciainclusive\/","https:\/\/www.instagram.com\/newsinclusive\/"]},{"@type":"Person","@id":"https:\/\/inclusivenews.com.br\/#\/schema\/person\/ae4ec7087559b8692fb33b6fffd2273b","name":"inclusivenews2024","image":{"@type":"ImageObject","inLanguage":"pt-PT","@id":"https:\/\/secure.gravatar.com\/avatar\/c5a7ef84c66fa914f55bc4f7ce26cfa275a3b9a1c5568b907bd184fb4dde7b40?s=96&d=mm&r=g","url":"https:\/\/secure.gravatar.com\/avatar\/c5a7ef84c66fa914f55bc4f7ce26cfa275a3b9a1c5568b907bd184fb4dde7b40?s=96&d=mm&r=g","contentUrl":"https:\/\/secure.gravatar.com\/avatar\/c5a7ef84c66fa914f55bc4f7ce26cfa275a3b9a1c5568b907bd184fb4dde7b40?s=96&d=mm&r=g","caption":"inclusivenews2024"},"sameAs":["https:\/\/inclusivenews.com.br"],"url":"https:\/\/inclusivenews.com.br\/?author=1"}]}},"_links":{"self":[{"href":"https:\/\/inclusivenews.com.br\/index.php?rest_route=\/wp\/v2\/posts\/22234","targetHints":{"allow":["GET"]}}],"collection":[{"href":"https:\/\/inclusivenews.com.br\/index.php?rest_route=\/wp\/v2\/posts"}],"about":[{"href":"https:\/\/inclusivenews.com.br\/index.php?rest_route=\/wp\/v2\/types\/post"}],"author":[{"embeddable":true,"href":"https:\/\/inclusivenews.com.br\/index.php?rest_route=\/wp\/v2\/users\/1"}],"replies":[{"embeddable":true,"href":"https:\/\/inclusivenews.com.br\/index.php?rest_route=%2Fwp%2Fv2%2Fcomments&post=22234"}],"version-history":[{"count":0,"href":"https:\/\/inclusivenews.com.br\/index.php?rest_route=\/wp\/v2\/posts\/22234\/revisions"}],"wp:attachment":[{"href":"https:\/\/inclusivenews.com.br\/index.php?rest_route=%2Fwp%2Fv2%2Fmedia&parent=22234"}],"wp:term":[{"taxonomy":"category","embeddable":true,"href":"https:\/\/inclusivenews.com.br\/index.php?rest_route=%2Fwp%2Fv2%2Fcategories&post=22234"},{"taxonomy":"post_tag","embeddable":true,"href":"https:\/\/inclusivenews.com.br\/index.php?rest_route=%2Fwp%2Fv2%2Ftags&post=22234"}],"curies":[{"name":"wp","href":"https:\/\/api.w.org\/{rel}","templated":true}]}}