{"id":22245,"date":"2012-03-26T19:49:52","date_gmt":"2012-03-26T22:49:52","guid":{"rendered":"http:\/\/www.inclusive.org.br\/?p=22245"},"modified":"2012-03-26T19:49:52","modified_gmt":"2012-03-26T22:49:52","slug":"2%c2%aa-edicao-do-dia-mundial-de-conscientizacao-do-autismo-em-porto-alegrers","status":"publish","type":"post","link":"https:\/\/inclusivenews.com.br\/?p=22245","title":{"rendered":"2\u00aa Edi\u00e7\u00e3o do Dia Mundial de Conscientiza\u00e7\u00e3o do Autismo em Porto Alegre\/RS"},"content":{"rendered":"<div><a rel=\"attachment wp-att-22247\" href=\"http:\/\/www.inclusive.org.br\/?attachment_id=22247\"><img loading=\"lazy\" decoding=\"async\" class=\"alignnone size-full wp-image-22247\" title=\"Conscientizacao do Autismo2 JPEG\" src=\"http:\/\/inclusivenews.com.br\/wp-content\/uploads\/Conscientizacao-do-Autismo2-JPEG.jpg\" alt=\"\" width=\"150\" height=\"150\" \/><\/a><\/div>\n<div>O autismo \u00e9 um dist\u00farbio global do desenvolvimento que se\u00a0<strong>manifesta na inf\u00e2ncia, normalmente at\u00e9 os 3 anos de idade, e afeta as habilidades da comunica\u00e7\u00e3o, comportamento e intera\u00e7\u00e3o social, podendo se manifestar de diferentes formas, sem distin\u00e7\u00e3o de classe social<\/strong>, ra\u00e7a ou cor. \u00a0Um dos grandes objetivos da data marcada pela ONU \u00e9 chamar a aten\u00e7\u00e3o da sociedade acerca do transtorno do Autismo que, segundo dados estat\u00edsticos oficiais dos Estados Unidos da Am\u00e9rica<strong>, acaba por atingir quase 1% da<\/strong> popula\u00e7\u00e3o norte-americana, sendo mais comum que o diabetes e o c\u00e2ncer infantil juntos.<\/div>\n<div><\/div>\n<div>N\u00e3o h\u00e1 pesquisas em \u00e2mbito nacional acerca do n\u00famero de casos de autismo, estimando a ONU que existam cerca de 2 milh\u00f5es de pessoas com o transtorno no Brasil e 70 milh\u00f5es no mundo.<\/div>\n<div><\/div>\n<div><strong>Em Porto Alegre<\/strong><strong>, 2\u00aa edi\u00e7\u00e3o do evento acontecer\u00e1 a partir do dia 1\u00b0 de abril, domingo, junto ao Parque da Reden\u00e7\u00e3o<\/strong>. A partir das 9h da manh\u00e3, haver\u00e1 a montagem de tendas no parque para repassar informa\u00e7\u00f5es, bem como proporcionar recrea\u00e7\u00e3o \u00e0s crian\u00e7as, tudo com o objetivo de angariar apoio e produzir conscientiza\u00e7\u00e3o da sociedade em face da causa do Autismo.<\/div>\n<div><\/div>\n<div><strong>A partir das 11h30min, acontecer\u00e1 uma caminhada organizada de conscientiza\u00e7\u00e3o, com in\u00edcio no Monumento ao Expedicion\u00e1rio, junto ao Brique da Reden\u00e7\u00e3o, onde as pessoas poder\u00e3o vir com roupas na cor azul, cor alusiva ao autismo. No dia 2 de abril, os principais s\u00edmbolos da cidade ser\u00e3o iluminados pela cor azul, alusiva ao autismo.<\/strong><\/div>\n<div><\/div>\n<div>A manifesta\u00e7\u00e3o tamb\u00e9m tem o objetivo de chamar a aten\u00e7\u00e3o dos governantes de um modo geral, nos \u00e2mbitos municipais e estadual, a fim de que possam ser implementadas pol\u00edticas de estado s\u00e9rias e efetivas \u00e0s pessoas com o transtorno do autismo e, em consequ\u00eancia, dar-lhes condi\u00e7\u00f5es de vida compat\u00edvel com a dignidade e com os direitos humanos &#8211; a exemplo de qualquer cidad\u00e3o brasileiro, com defici\u00eancia ou n\u00e3o -, notadamente no que se refere \u00e0 sa\u00fade p\u00fablica (com a capacita\u00e7\u00e3o de m\u00e9dicos a fim de que possa ser diagnosticado o autismo o mais precocemente poss\u00edvel, bem como a possibilidade do tratamento das pessoas com autismo de modo multidisciplinar, com profissionais de v\u00e1rias \u00e1reas da sa\u00fade e educacional).<\/div>\n<p><strong>Outros eventos ser\u00e3o realizados ao longo da primeira semana de abril. Abaixo, a programa\u00e7\u00e3o completa:<\/strong><\/p>\n<p><strong><span style=\"text-decoration: underline;\">01 de abril<\/span><\/strong><\/p>\n<p>9h &#8211;\u00a0 Evento do Brique da Reden\u00e7\u00e3o (Tendas, recrea\u00e7\u00e3o infantil, distribui\u00e7\u00e3o de bal\u00f5es, cataventos e panfletos informativos, entre outras atividades)<\/p>\n<p>11h30min &#8211; Caminhada alusiva ao Dia Mundial de Conscientiza\u00e7\u00e3o do Autismo<\/p>\n<p><strong><span style=\"text-decoration: underline;\">02 de abril<\/span><\/strong><\/p>\n<p>20h &#8211; Pocket Show na Usina do Gas\u00f4metro em homenagem ao\u00a0<strong><em>&#8220;Dia Mundial de Conscientiza\u00e7\u00e3o do Autismo&#8221;<\/em><\/strong>, com a participa\u00e7\u00e3o das Bandas\u00a0<strong>&#8220;Papas da L\u00edngua&#8221;<\/strong> e<strong>&#8220;Chimarruts&#8221;<\/strong> e da dupla sertaneja\u00a0<strong>&#8220;Edu e Renan&#8221;<\/strong>. Abertura com a Banda\u00a0<strong>&#8220;Ilus\u00e3o de \u00d3tica&#8221;<\/strong>. Entrada Franca.<\/p>\n<p><strong><span style=\"text-decoration: underline;\">03 de abril<\/span><\/strong><\/p>\n<p>17h &#8211; Palestra com Dr. Carlos Gadia, intitulada\u00a0<strong><em>&#8220;Autismo: Como chegamos at\u00e9 aqui e para onde vamos&#8221;<\/em><\/strong>, na Assembleia Legislativa do RS, iniciativa do Deputado Alexandre Lindenmeyer.<\/p>\n<p>20h30min &#8211; Concerto da OSPA em homenagem ao\u00a0<strong><em>&#8220;Dia Mundial de Conscientiza\u00e7\u00e3o do Autismo&#8221;<\/em><\/strong>, no Sal\u00e3o de Atos da UFRGS.<\/p>\n<p><strong><span style=\"text-decoration: underline;\">04 de abril<\/span><\/strong><\/p>\n<p>22h &#8211; Jogadores do Sport Club Internacional entrar\u00e3o com faixa alusiva ao\u00a0<strong><em>&#8220;Dia Mundial de Conscientiza\u00e7\u00e3o do Autismo&#8221;<\/em><\/strong>, em jogo contra o Santos FC, no Gigante da Beira-Rio.<\/p>\n<p>Ser\u00e1 uma oportunidade para pais, familiares, amigos, profissionais, estudantes e demais interessados se unirem pela causa do Autismo.<\/p>\n<p>Mais informa\u00e7\u00f5es podem ser obtidas pelo\u00a0<em>e-mail<\/em> <a href=\"mailto:contato@autismoevida.org.br\" target=\"_blank\" rel=\"noopener\">contato@autismoevida.org.br<\/a>, no\u00a0<em>site<\/em><a href=\"http:\/\/www.autismoevida.org.br\/\" target=\"_blank\" rel=\"noopener\">http:\/\/www.autismoevida.org.br\/<\/a> ou por meio do telefone 9335-4053.<\/p>\n","protected":false},"excerpt":{"rendered":"<p>A data escolhida pela ONU, 2 de abril, tem o objetivo de possibilitar a\u00e7\u00f5es pelo mundo a fim de diminuir o preconceito, a intoler\u00e2ncia, a aceita\u00e7\u00e3o quanto \u00e0 diferen\u00e7a e a inclus\u00e3o das pessoas com a defici\u00eancia. A ONU estima que existam cerca de 2 milh\u00f5es de pessoas com o transtorno no Brasil e 70 milh\u00f5es no mundo.<\/p>\n","protected":false},"author":1,"featured_media":0,"comment_status":"open","ping_status":"open","sticky":false,"template":"","format":"standard","meta":{"site-container-style":"default","site-container-layout":"default","site-sidebar-layout":"default","disable-article-header":"default","disable-site-header":"default","disable-site-footer":"default","disable-content-area-spacing":"default","footnotes":""},"categories":[12,38],"tags":[34],"class_list":["post-22245","post","type-post","status-publish","format-standard","hentry","category-cursos-e-eventos","category-deficiencia","tag-autismo"],"yoast_head":"<!-- This site is optimized with the Yoast SEO plugin v27.4 - https:\/\/yoast.com\/product\/yoast-seo-wordpress\/ -->\n<title>2\u00aa Edi\u00e7\u00e3o do Dia Mundial de Conscientiza\u00e7\u00e3o do Autismo em Porto Alegre\/RS -<\/title>\n<meta name=\"robots\" content=\"index, follow, max-snippet:-1, max-image-preview:large, max-video-preview:-1\" \/>\n<link rel=\"canonical\" href=\"https:\/\/inclusivenews.com.br\/?p=22245\" \/>\n<meta property=\"og:locale\" content=\"pt_PT\" \/>\n<meta property=\"og:type\" content=\"article\" \/>\n<meta property=\"og:title\" content=\"2\u00aa Edi\u00e7\u00e3o do Dia Mundial de Conscientiza\u00e7\u00e3o do Autismo em Porto Alegre\/RS -\" \/>\n<meta property=\"og:description\" content=\"A data escolhida pela ONU, 2 de abril, tem o objetivo de possibilitar a\u00e7\u00f5es pelo mundo a fim de diminuir o preconceito, a intoler\u00e2ncia, a aceita\u00e7\u00e3o quanto \u00e0 diferen\u00e7a e a inclus\u00e3o das pessoas com a defici\u00eancia. A ONU estima que existam cerca de 2 milh\u00f5es de pessoas com o transtorno no Brasil e 70 milh\u00f5es no mundo.\" \/>\n<meta property=\"og:url\" content=\"https:\/\/inclusivenews.com.br\/?p=22245\" \/>\n<meta property=\"article:publisher\" content=\"https:\/\/www.facebook.com\/agenciainclusive\/\" \/>\n<meta property=\"article:published_time\" content=\"2012-03-26T22:49:52+00:00\" \/>\n<meta property=\"og:image\" content=\"http:\/\/inclusivenews.com.br\/wp-content\/uploads\/Conscientizacao-do-Autismo2-JPEG.jpg\" \/>\n<meta name=\"author\" content=\"inclusivenews2024\" \/>\n<meta name=\"twitter:card\" content=\"summary_large_image\" \/>\n<meta name=\"twitter:label1\" content=\"Escrito por\" \/>\n\t<meta name=\"twitter:data1\" content=\"inclusivenews2024\" \/>\n\t<meta name=\"twitter:label2\" content=\"Tempo estimado de leitura\" \/>\n\t<meta name=\"twitter:data2\" content=\"3 minutos\" \/>\n<script type=\"application\/ld+json\" class=\"yoast-schema-graph\">{\"@context\":\"https:\\\/\\\/schema.org\",\"@graph\":[{\"@type\":\"Article\",\"@id\":\"https:\\\/\\\/inclusivenews.com.br\\\/?p=22245#article\",\"isPartOf\":{\"@id\":\"https:\\\/\\\/inclusivenews.com.br\\\/?p=22245\"},\"author\":{\"name\":\"inclusivenews2024\",\"@id\":\"https:\\\/\\\/inclusivenews.com.br\\\/#\\\/schema\\\/person\\\/ae4ec7087559b8692fb33b6fffd2273b\"},\"headline\":\"2\u00aa Edi\u00e7\u00e3o do Dia Mundial de Conscientiza\u00e7\u00e3o do Autismo em Porto Alegre\\\/RS\",\"datePublished\":\"2012-03-26T22:49:52+00:00\",\"mainEntityOfPage\":{\"@id\":\"https:\\\/\\\/inclusivenews.com.br\\\/?p=22245\"},\"wordCount\":642,\"commentCount\":1,\"publisher\":{\"@id\":\"https:\\\/\\\/inclusivenews.com.br\\\/#organization\"},\"image\":{\"@id\":\"https:\\\/\\\/inclusivenews.com.br\\\/?p=22245#primaryimage\"},\"thumbnailUrl\":\"http:\\\/\\\/inclusivenews.com.br\\\/wp-content\\\/uploads\\\/Conscientizacao-do-Autismo2-JPEG.jpg\",\"keywords\":[\"Autismo\"],\"articleSection\":[\"Cursos e eventos\",\"Defici\u00eancia\"],\"inLanguage\":\"pt-PT\",\"potentialAction\":[{\"@type\":\"CommentAction\",\"name\":\"Comment\",\"target\":[\"https:\\\/\\\/inclusivenews.com.br\\\/?p=22245#respond\"]}]},{\"@type\":\"WebPage\",\"@id\":\"https:\\\/\\\/inclusivenews.com.br\\\/?p=22245\",\"url\":\"https:\\\/\\\/inclusivenews.com.br\\\/?p=22245\",\"name\":\"2\u00aa Edi\u00e7\u00e3o do Dia Mundial de Conscientiza\u00e7\u00e3o do Autismo em Porto Alegre\\\/RS -\",\"isPartOf\":{\"@id\":\"https:\\\/\\\/inclusivenews.com.br\\\/#website\"},\"primaryImageOfPage\":{\"@id\":\"https:\\\/\\\/inclusivenews.com.br\\\/?p=22245#primaryimage\"},\"image\":{\"@id\":\"https:\\\/\\\/inclusivenews.com.br\\\/?p=22245#primaryimage\"},\"thumbnailUrl\":\"http:\\\/\\\/inclusivenews.com.br\\\/wp-content\\\/uploads\\\/Conscientizacao-do-Autismo2-JPEG.jpg\",\"datePublished\":\"2012-03-26T22:49:52+00:00\",\"breadcrumb\":{\"@id\":\"https:\\\/\\\/inclusivenews.com.br\\\/?p=22245#breadcrumb\"},\"inLanguage\":\"pt-PT\",\"potentialAction\":[{\"@type\":\"ReadAction\",\"target\":[\"https:\\\/\\\/inclusivenews.com.br\\\/?p=22245\"]}]},{\"@type\":\"ImageObject\",\"inLanguage\":\"pt-PT\",\"@id\":\"https:\\\/\\\/inclusivenews.com.br\\\/?p=22245#primaryimage\",\"url\":\"\",\"contentUrl\":\"\"},{\"@type\":\"BreadcrumbList\",\"@id\":\"https:\\\/\\\/inclusivenews.com.br\\\/?p=22245#breadcrumb\",\"itemListElement\":[{\"@type\":\"ListItem\",\"position\":1,\"name\":\"In\u00edcio\",\"item\":\"https:\\\/\\\/inclusivenews.com.br\\\/\"},{\"@type\":\"ListItem\",\"position\":2,\"name\":\"2\u00aa Edi\u00e7\u00e3o do Dia Mundial de Conscientiza\u00e7\u00e3o do Autismo em Porto Alegre\\\/RS\"}]},{\"@type\":\"WebSite\",\"@id\":\"https:\\\/\\\/inclusivenews.com.br\\\/#website\",\"url\":\"https:\\\/\\\/inclusivenews.com.br\\\/\",\"name\":\"Inclusive News\",\"description\":\"Inclusive News\",\"publisher\":{\"@id\":\"https:\\\/\\\/inclusivenews.com.br\\\/#organization\"},\"potentialAction\":[{\"@type\":\"SearchAction\",\"target\":{\"@type\":\"EntryPoint\",\"urlTemplate\":\"https:\\\/\\\/inclusivenews.com.br\\\/?s={search_term_string}\"},\"query-input\":{\"@type\":\"PropertyValueSpecification\",\"valueRequired\":true,\"valueName\":\"search_term_string\"}}],\"inLanguage\":\"pt-PT\"},{\"@type\":\"Organization\",\"@id\":\"https:\\\/\\\/inclusivenews.com.br\\\/#organization\",\"name\":\"Inclusive - inclus\u00e3o e cidadania\",\"url\":\"https:\\\/\\\/inclusivenews.com.br\\\/\",\"logo\":{\"@type\":\"ImageObject\",\"inLanguage\":\"pt-PT\",\"@id\":\"https:\\\/\\\/inclusivenews.com.br\\\/#\\\/schema\\\/logo\\\/image\\\/\",\"url\":\"https:\\\/\\\/inclusivenews.com.br\\\/wp-content\\\/uploads\\\/2024\\\/03\\\/@grandesite.png\",\"contentUrl\":\"https:\\\/\\\/inclusivenews.com.br\\\/wp-content\\\/uploads\\\/2024\\\/03\\\/@grandesite.png\",\"width\":1080,\"height\":1080,\"caption\":\"Inclusive - inclus\u00e3o e cidadania\"},\"image\":{\"@id\":\"https:\\\/\\\/inclusivenews.com.br\\\/#\\\/schema\\\/logo\\\/image\\\/\"},\"sameAs\":[\"https:\\\/\\\/www.facebook.com\\\/agenciainclusive\\\/\",\"https:\\\/\\\/www.instagram.com\\\/newsinclusive\\\/\"]},{\"@type\":\"Person\",\"@id\":\"https:\\\/\\\/inclusivenews.com.br\\\/#\\\/schema\\\/person\\\/ae4ec7087559b8692fb33b6fffd2273b\",\"name\":\"inclusivenews2024\",\"image\":{\"@type\":\"ImageObject\",\"inLanguage\":\"pt-PT\",\"@id\":\"https:\\\/\\\/secure.gravatar.com\\\/avatar\\\/c5a7ef84c66fa914f55bc4f7ce26cfa275a3b9a1c5568b907bd184fb4dde7b40?s=96&d=mm&r=g\",\"url\":\"https:\\\/\\\/secure.gravatar.com\\\/avatar\\\/c5a7ef84c66fa914f55bc4f7ce26cfa275a3b9a1c5568b907bd184fb4dde7b40?s=96&d=mm&r=g\",\"contentUrl\":\"https:\\\/\\\/secure.gravatar.com\\\/avatar\\\/c5a7ef84c66fa914f55bc4f7ce26cfa275a3b9a1c5568b907bd184fb4dde7b40?s=96&d=mm&r=g\",\"caption\":\"inclusivenews2024\"},\"sameAs\":[\"https:\\\/\\\/inclusivenews.com.br\"],\"url\":\"https:\\\/\\\/inclusivenews.com.br\\\/?author=1\"}]}<\/script>\n<!-- \/ Yoast SEO plugin. -->","yoast_head_json":{"title":"2\u00aa Edi\u00e7\u00e3o do Dia Mundial de Conscientiza\u00e7\u00e3o do Autismo em Porto Alegre\/RS -","robots":{"index":"index","follow":"follow","max-snippet":"max-snippet:-1","max-image-preview":"max-image-preview:large","max-video-preview":"max-video-preview:-1"},"canonical":"https:\/\/inclusivenews.com.br\/?p=22245","og_locale":"pt_PT","og_type":"article","og_title":"2\u00aa Edi\u00e7\u00e3o do Dia Mundial de Conscientiza\u00e7\u00e3o do Autismo em Porto Alegre\/RS -","og_description":"A data escolhida pela ONU, 2 de abril, tem o objetivo de possibilitar a\u00e7\u00f5es pelo mundo a fim de diminuir o preconceito, a intoler\u00e2ncia, a aceita\u00e7\u00e3o quanto \u00e0 diferen\u00e7a e a inclus\u00e3o das pessoas com a defici\u00eancia. A ONU estima que existam cerca de 2 milh\u00f5es de pessoas com o transtorno no Brasil e 70 milh\u00f5es no mundo.","og_url":"https:\/\/inclusivenews.com.br\/?p=22245","article_publisher":"https:\/\/www.facebook.com\/agenciainclusive\/","article_published_time":"2012-03-26T22:49:52+00:00","og_image":[{"url":"http:\/\/inclusivenews.com.br\/wp-content\/uploads\/Conscientizacao-do-Autismo2-JPEG.jpg","type":"","width":"","height":""}],"author":"inclusivenews2024","twitter_card":"summary_large_image","twitter_misc":{"Escrito por":"inclusivenews2024","Tempo estimado de leitura":"3 minutos"},"schema":{"@context":"https:\/\/schema.org","@graph":[{"@type":"Article","@id":"https:\/\/inclusivenews.com.br\/?p=22245#article","isPartOf":{"@id":"https:\/\/inclusivenews.com.br\/?p=22245"},"author":{"name":"inclusivenews2024","@id":"https:\/\/inclusivenews.com.br\/#\/schema\/person\/ae4ec7087559b8692fb33b6fffd2273b"},"headline":"2\u00aa Edi\u00e7\u00e3o do Dia Mundial de Conscientiza\u00e7\u00e3o do Autismo em Porto Alegre\/RS","datePublished":"2012-03-26T22:49:52+00:00","mainEntityOfPage":{"@id":"https:\/\/inclusivenews.com.br\/?p=22245"},"wordCount":642,"commentCount":1,"publisher":{"@id":"https:\/\/inclusivenews.com.br\/#organization"},"image":{"@id":"https:\/\/inclusivenews.com.br\/?p=22245#primaryimage"},"thumbnailUrl":"http:\/\/inclusivenews.com.br\/wp-content\/uploads\/Conscientizacao-do-Autismo2-JPEG.jpg","keywords":["Autismo"],"articleSection":["Cursos e eventos","Defici\u00eancia"],"inLanguage":"pt-PT","potentialAction":[{"@type":"CommentAction","name":"Comment","target":["https:\/\/inclusivenews.com.br\/?p=22245#respond"]}]},{"@type":"WebPage","@id":"https:\/\/inclusivenews.com.br\/?p=22245","url":"https:\/\/inclusivenews.com.br\/?p=22245","name":"2\u00aa Edi\u00e7\u00e3o do Dia Mundial de Conscientiza\u00e7\u00e3o do Autismo em Porto Alegre\/RS -","isPartOf":{"@id":"https:\/\/inclusivenews.com.br\/#website"},"primaryImageOfPage":{"@id":"https:\/\/inclusivenews.com.br\/?p=22245#primaryimage"},"image":{"@id":"https:\/\/inclusivenews.com.br\/?p=22245#primaryimage"},"thumbnailUrl":"http:\/\/inclusivenews.com.br\/wp-content\/uploads\/Conscientizacao-do-Autismo2-JPEG.jpg","datePublished":"2012-03-26T22:49:52+00:00","breadcrumb":{"@id":"https:\/\/inclusivenews.com.br\/?p=22245#breadcrumb"},"inLanguage":"pt-PT","potentialAction":[{"@type":"ReadAction","target":["https:\/\/inclusivenews.com.br\/?p=22245"]}]},{"@type":"ImageObject","inLanguage":"pt-PT","@id":"https:\/\/inclusivenews.com.br\/?p=22245#primaryimage","url":"","contentUrl":""},{"@type":"BreadcrumbList","@id":"https:\/\/inclusivenews.com.br\/?p=22245#breadcrumb","itemListElement":[{"@type":"ListItem","position":1,"name":"In\u00edcio","item":"https:\/\/inclusivenews.com.br\/"},{"@type":"ListItem","position":2,"name":"2\u00aa Edi\u00e7\u00e3o do Dia Mundial de Conscientiza\u00e7\u00e3o do Autismo em Porto Alegre\/RS"}]},{"@type":"WebSite","@id":"https:\/\/inclusivenews.com.br\/#website","url":"https:\/\/inclusivenews.com.br\/","name":"Inclusive News","description":"Inclusive News","publisher":{"@id":"https:\/\/inclusivenews.com.br\/#organization"},"potentialAction":[{"@type":"SearchAction","target":{"@type":"EntryPoint","urlTemplate":"https:\/\/inclusivenews.com.br\/?s={search_term_string}"},"query-input":{"@type":"PropertyValueSpecification","valueRequired":true,"valueName":"search_term_string"}}],"inLanguage":"pt-PT"},{"@type":"Organization","@id":"https:\/\/inclusivenews.com.br\/#organization","name":"Inclusive - inclus\u00e3o e cidadania","url":"https:\/\/inclusivenews.com.br\/","logo":{"@type":"ImageObject","inLanguage":"pt-PT","@id":"https:\/\/inclusivenews.com.br\/#\/schema\/logo\/image\/","url":"https:\/\/inclusivenews.com.br\/wp-content\/uploads\/2024\/03\/@grandesite.png","contentUrl":"https:\/\/inclusivenews.com.br\/wp-content\/uploads\/2024\/03\/@grandesite.png","width":1080,"height":1080,"caption":"Inclusive - inclus\u00e3o e cidadania"},"image":{"@id":"https:\/\/inclusivenews.com.br\/#\/schema\/logo\/image\/"},"sameAs":["https:\/\/www.facebook.com\/agenciainclusive\/","https:\/\/www.instagram.com\/newsinclusive\/"]},{"@type":"Person","@id":"https:\/\/inclusivenews.com.br\/#\/schema\/person\/ae4ec7087559b8692fb33b6fffd2273b","name":"inclusivenews2024","image":{"@type":"ImageObject","inLanguage":"pt-PT","@id":"https:\/\/secure.gravatar.com\/avatar\/c5a7ef84c66fa914f55bc4f7ce26cfa275a3b9a1c5568b907bd184fb4dde7b40?s=96&d=mm&r=g","url":"https:\/\/secure.gravatar.com\/avatar\/c5a7ef84c66fa914f55bc4f7ce26cfa275a3b9a1c5568b907bd184fb4dde7b40?s=96&d=mm&r=g","contentUrl":"https:\/\/secure.gravatar.com\/avatar\/c5a7ef84c66fa914f55bc4f7ce26cfa275a3b9a1c5568b907bd184fb4dde7b40?s=96&d=mm&r=g","caption":"inclusivenews2024"},"sameAs":["https:\/\/inclusivenews.com.br"],"url":"https:\/\/inclusivenews.com.br\/?author=1"}]}},"_links":{"self":[{"href":"https:\/\/inclusivenews.com.br\/index.php?rest_route=\/wp\/v2\/posts\/22245","targetHints":{"allow":["GET"]}}],"collection":[{"href":"https:\/\/inclusivenews.com.br\/index.php?rest_route=\/wp\/v2\/posts"}],"about":[{"href":"https:\/\/inclusivenews.com.br\/index.php?rest_route=\/wp\/v2\/types\/post"}],"author":[{"embeddable":true,"href":"https:\/\/inclusivenews.com.br\/index.php?rest_route=\/wp\/v2\/users\/1"}],"replies":[{"embeddable":true,"href":"https:\/\/inclusivenews.com.br\/index.php?rest_route=%2Fwp%2Fv2%2Fcomments&post=22245"}],"version-history":[{"count":0,"href":"https:\/\/inclusivenews.com.br\/index.php?rest_route=\/wp\/v2\/posts\/22245\/revisions"}],"wp:attachment":[{"href":"https:\/\/inclusivenews.com.br\/index.php?rest_route=%2Fwp%2Fv2%2Fmedia&parent=22245"}],"wp:term":[{"taxonomy":"category","embeddable":true,"href":"https:\/\/inclusivenews.com.br\/index.php?rest_route=%2Fwp%2Fv2%2Fcategories&post=22245"},{"taxonomy":"post_tag","embeddable":true,"href":"https:\/\/inclusivenews.com.br\/index.php?rest_route=%2Fwp%2Fv2%2Ftags&post=22245"}],"curies":[{"name":"wp","href":"https:\/\/api.w.org\/{rel}","templated":true}]}}