{"id":22255,"date":"2012-03-28T09:40:32","date_gmt":"2012-03-28T12:40:32","guid":{"rendered":"http:\/\/www.inclusive.org.br\/?p=22255"},"modified":"2012-03-28T09:40:32","modified_gmt":"2012-03-28T12:40:32","slug":"onu-recebe-jovens-brasileiros-com-sindrome-de-down","status":"publish","type":"post","link":"https:\/\/inclusivenews.com.br\/?p=22255","title":{"rendered":"ONU recebe jovens brasileiros com s\u00edndrome de Down"},"content":{"rendered":"<div>\n<p>Pela primeira vez, organiza\u00e7\u00e3o marca o Dia Mundial da S\u00edndrome de Down; grupo do Brasil lan\u00e7a em Nova York livro sobre acessibilidade para portadores de defici\u00eancia intelectual.<\/p>\n<div id=\"attachment_213189\"><a href=\"http:\/\/www.unmultimedia.org\/radio\/portuguese\/wp-content\/uploads\/2012\/03\/CLAUDIO-DOWN-.jpg\"><img loading=\"lazy\" decoding=\"async\" title=\"CLAUDIO DOWN\" src=\"http:\/\/www.unmultimedia.org\/radio\/portuguese\/wp-content\/uploads\/2012\/03\/CLAUDIO-DOWN-.jpg\" alt=\"\" width=\"300\" height=\"224\" \/><\/a>Cl\u00e1udio \u00e9 instrutor de hipismo em S\u00e3o Paulo<\/p>\n<\/div>\n<p><em>Leda Letra, da R\u00e1dio ONU em Nova York.*<\/em><\/p>\n<p>21 de mar\u00e7o de 2012: os 193 pa\u00edses-membros das Na\u00e7\u00f5es Unidas marcaram pela primeira vez o Dia Mundial da S\u00edndrome de Down. A data foi escolhida em refer\u00eancia \u00e0 origem da s\u00edndrome: a presen\u00e7a de um terceiro cromossomo de n\u00famero 21, que causa a defici\u00eancia.<\/p>\n<p>Um grupo de ativistas brasileiros que t\u00eam a s\u00edndrome participou, na sede da ONU em Nova York, de uma confer\u00eancia para marcar a data. Inclus\u00e3o social e respeito foram termos recorrentes no evento. Para Carol, de 24 anos, a autoaceita\u00e7\u00e3o \u00e9 fundamental.<\/p>\n<p><strong>Respeito<\/strong><\/p>\n<p>\u201cNossa, \u00e9 a primeira vez que vim a Nova York. Isto aqui \u00e9 um sonho, estar aqui na ONU. Eu estou muito feliz. A pessoa com a s\u00edndrome de down, ela mesma t\u00eam que se respeitar, aceitar, ter um respeito.\u201d<\/p>\n<div id=\"attachment_213190\"><a href=\"http:\/\/www.unmultimedia.org\/radio\/portuguese\/wp-content\/uploads\/2012\/03\/CAROL.jpg\"><img loading=\"lazy\" decoding=\"async\" title=\"CAROL\" src=\"http:\/\/www.unmultimedia.org\/radio\/portuguese\/wp-content\/uploads\/2012\/03\/CAROL.jpg\" alt=\"\" width=\"300\" height=\"274\" \/><\/a>Carol, pela primeira vez em Nova York<\/p>\n<\/div>\n<p>O evento foi co-patrocinado pelas Miss\u00f5es do Brasil e da Pol\u00f4nia junto \u00e0s Na\u00e7\u00f5es Unidas.<\/p>\n<p>Os brasileiros aproveitaram o primeiro Dia Mundial da S\u00edndrome de Down para lan\u00e7ar na ONU o livro<em>Mude seu Falar que Eu Mudo meu Ouvir. <\/em>O manual, bil\u00edngue em portugu\u00eas e ingl\u00eas, foi escrito pelos pr\u00f3prios portadores e organizado pela Associa\u00e7\u00e3o Carpe Diem.<\/p>\n<p><strong>Preparo<\/strong><\/p>\n<p>A presidente da entidade, Gl\u00f3ria Moreira Salles, \u00e9 m\u00e3e de uma jovem de 33 anos com Down. Para Gl\u00f3ria, o Brasil est\u00e1 hoje mais preparado para apoiar as pessoas com a s\u00edndrome do que h\u00e1 30 anos.<\/p>\n<p><strong> <\/strong><\/p>\n<p>&#8220;N\u00e3o vou dizer que a inclus\u00e3o na educa\u00e7\u00e3o esteja perfeita n\u00e3o. Mas tudo foi melhorando. Eu acho que o preconceito diminuiu demais, ainda existe. Mas melhorou muito, muito. E eles est\u00e3o procurando o espa\u00e7o deles. Eu acho que isso \u00e9 o melhor de tudo. Eles est\u00e3o sendo protagonistas desse trabalho todo de estar presente nos lugares e falando por eles.&#8221;<\/p>\n<p><strong>Rotina<\/strong><\/p>\n<p>O preconceito ainda existe, mas os jovens com s\u00edndrome de Down se esfor\u00e7am para provar que \u00e9 poss\u00edvel ter uma rotina como qualquer pessoa. Beatriz, de 20 anos, trabalha em um restaurante e h\u00e1 tr\u00eas meses, est\u00e1 namorando. Mas lembra das dificuldades que enfrentou nos tempos de escola.<\/p>\n<p>&#8220;Todos devem respeitar nosso ritmo e noso tempo. Eu frequentei uma escola regular, normal. (A rela\u00e7\u00e3o com os colegas de sala) era tranquila. Tudo bem que tinha gente que n\u00e3o ia com a minha cara, mas tudo bem. Eu quero falar, para todo mundo ouvir, que n\u00f3s somos capazes de tudo. At\u00e9 para namorar, casar, at\u00e9 trabalhar n\u00f3s conseguimos.&#8221;<\/p>\n<p><strong>Inclus\u00e3o Social<\/strong><\/p>\n<div id=\"attachment_213191\"><a href=\"http:\/\/www.unmultimedia.org\/radio\/portuguese\/wp-content\/uploads\/2012\/03\/EVENT-DOWN-SINDROME.jpg\"><img loading=\"lazy\" decoding=\"async\" title=\"EVENT DOWN SINDROME\" src=\"http:\/\/www.unmultimedia.org\/radio\/portuguese\/wp-content\/uploads\/2012\/03\/EVENT-DOWN-SINDROME.jpg\" alt=\"\" width=\"300\" height=\"274\" \/><\/a>Evento na ONU foi organizado pelas Miss\u00f5es do Brasil e Pol\u00f4nia<\/p>\n<\/div>\n<p>Ao discursar na abertura da confer\u00eancia, a embaixadora do Brasil, Maria Luiza Ribeiro Viotti, destacou a import\u00e2ncia de incluir os portadores de Down na sociedade:<\/p>\n<p>\u201cO Brasil tem avan\u00e7ado na implementa\u00e7\u00e3o dos apoios necess\u00e1rios ao pleno e efetivo exerc\u00edcio da capacidade legal por todas e cada uma das pessoas com defici\u00eancia. Cada vez mais, nos empenhamos na equipara\u00e7\u00e3o de oportunidades para que a defici\u00eancia n\u00e3o seja utilizada como motivo de impedimento \u00e0 realiza\u00e7\u00e3o dos sonhos, dos desejos e dos projetos.\u201d<\/p>\n<p>E foi exatamente o sonho pelo hipismo e a paix\u00e3o por cavalos que levou Cl\u00e1udio, de 26 anos, a conseguir um trabalho na Sociedade H\u00edpica Paulista. A m\u00e3e dele, Lisabeth Arruda, fala com emo\u00e7\u00e3o sobre a determina\u00e7\u00e3o do filho:<\/p>\n<p><strong>Sonho e Esperan\u00e7a<\/strong><\/p>\n<p>&#8220;O sonho de Cl\u00e1udio sempre foi o hipismo, ele salta. E hoje, depois de muita batalha, ele conseguiu uma carteira assinada. Ent\u00e3o isso para mim foi a maior prova de que a sociedade mudou. Na adolesc\u00eancia do Cl\u00e1udio, eu sonhava com que ele trabalhasse, com que ele tivesse alguma inser\u00e7\u00e3o (na sociedade). E eu cheguei a n\u00e3o acreditar que isso fosse poss\u00edvel. E ele dizia: &#8216;Mam\u00e3e, eu vou trabalhar com cavalos&#8217;. E eu dizia a ele que n\u00e3o havia lei de cotas. E hoje ele est\u00e1 l\u00e1. Trabalha, com carteira assinada.&#8221;<\/p>\n<div id=\"attachment_213192\"><a href=\"http:\/\/www.unmultimedia.org\/radio\/portuguese\/wp-content\/uploads\/2012\/03\/MARIANA-DOWN-SINDROME.jpg\"><img loading=\"lazy\" decoding=\"async\" title=\"MARIANA DOWN SINDROME\" src=\"http:\/\/www.unmultimedia.org\/radio\/portuguese\/wp-content\/uploads\/2012\/03\/MARIANA-DOWN-SINDROME.jpg\" alt=\"\" width=\"300\" height=\"274\" \/><\/a>Mariana: desejo por conviv\u00eancia harmoniosa<\/p>\n<\/div>\n<p>J\u00e1 para Mariana, de 33 anos, o Dia Mundial da S\u00edndrome de Down traz uma esperan\u00e7a:<\/p>\n<p><strong> <\/strong><\/p>\n<p>&#8220;Para a gente poder conviver com as outras pessoas no mundo inteiro. E para a gente poder se conhecer melhor. Eu sou muito feliz com s\u00edndrome de Down.&#8221;<\/p>\n<p>*Fotos: Camilo Freire.<\/p>\n<p>Fonte: <a href=\"http:\/\/www.unmultimedia.org\/radio\/portuguese\/2012\/03\/onu-recebe-jovens-brasileiros-com-sindrome-de-down\/\">Radio ONU<\/a><\/p>\n<\/div>\n","protected":false},"excerpt":{"rendered":"<p>Pela primeira vez, organiza\u00e7\u00e3o marca o Dia Mundial da S\u00edndrome de Down; grupo do Brasil lan\u00e7a em Nova York livro sobre acessibilidade para defici\u00eancia intelectual.<\/p>\n","protected":false},"author":1,"featured_media":0,"comment_status":"open","ping_status":"open","sticky":false,"template":"","format":"standard","meta":{"site-container-style":"default","site-container-layout":"default","site-sidebar-layout":"default","disable-article-header":"default","disable-site-header":"default","disable-site-footer":"default","disable-content-area-spacing":"default","footnotes":""},"categories":[6,48,179],"tags":[],"class_list":["post-22255","post","type-post","status-publish","format-standard","hentry","category-educacao","category-inclusao","category-wdsd2012-campanhas"],"yoast_head":"<!-- This site is optimized with the Yoast SEO plugin v27.4 - https:\/\/yoast.com\/product\/yoast-seo-wordpress\/ -->\n<title>ONU recebe jovens brasileiros com s\u00edndrome de Down -<\/title>\n<meta name=\"robots\" content=\"index, follow, max-snippet:-1, max-image-preview:large, max-video-preview:-1\" \/>\n<link rel=\"canonical\" href=\"https:\/\/inclusivenews.com.br\/?p=22255\" \/>\n<meta property=\"og:locale\" content=\"pt_PT\" \/>\n<meta property=\"og:type\" content=\"article\" \/>\n<meta property=\"og:title\" content=\"ONU recebe jovens brasileiros com s\u00edndrome de Down -\" \/>\n<meta property=\"og:description\" content=\"Pela primeira vez, organiza\u00e7\u00e3o marca o Dia Mundial da S\u00edndrome de Down; grupo do Brasil lan\u00e7a em Nova York livro sobre acessibilidade para defici\u00eancia intelectual.\" \/>\n<meta property=\"og:url\" content=\"https:\/\/inclusivenews.com.br\/?p=22255\" \/>\n<meta property=\"article:publisher\" content=\"https:\/\/www.facebook.com\/agenciainclusive\/\" \/>\n<meta property=\"article:published_time\" content=\"2012-03-28T12:40:32+00:00\" \/>\n<meta property=\"og:image\" content=\"http:\/\/www.unmultimedia.org\/radio\/portuguese\/wp-content\/uploads\/2012\/03\/CLAUDIO-DOWN-.jpg\" \/>\n<meta name=\"author\" content=\"inclusivenews2024\" \/>\n<meta name=\"twitter:card\" content=\"summary_large_image\" \/>\n<meta name=\"twitter:label1\" content=\"Escrito por\" \/>\n\t<meta name=\"twitter:data1\" content=\"inclusivenews2024\" \/>\n\t<meta name=\"twitter:label2\" content=\"Tempo estimado de leitura\" \/>\n\t<meta name=\"twitter:data2\" content=\"4 minutos\" \/>\n<script type=\"application\/ld+json\" class=\"yoast-schema-graph\">{\"@context\":\"https:\\\/\\\/schema.org\",\"@graph\":[{\"@type\":\"Article\",\"@id\":\"https:\\\/\\\/inclusivenews.com.br\\\/?p=22255#article\",\"isPartOf\":{\"@id\":\"https:\\\/\\\/inclusivenews.com.br\\\/?p=22255\"},\"author\":{\"name\":\"inclusivenews2024\",\"@id\":\"https:\\\/\\\/inclusivenews.com.br\\\/#\\\/schema\\\/person\\\/ae4ec7087559b8692fb33b6fffd2273b\"},\"headline\":\"ONU recebe jovens brasileiros com s\u00edndrome de Down\",\"datePublished\":\"2012-03-28T12:40:32+00:00\",\"mainEntityOfPage\":{\"@id\":\"https:\\\/\\\/inclusivenews.com.br\\\/?p=22255\"},\"wordCount\":798,\"commentCount\":2,\"publisher\":{\"@id\":\"https:\\\/\\\/inclusivenews.com.br\\\/#organization\"},\"image\":{\"@id\":\"https:\\\/\\\/inclusivenews.com.br\\\/?p=22255#primaryimage\"},\"thumbnailUrl\":\"http:\\\/\\\/www.unmultimedia.org\\\/radio\\\/portuguese\\\/wp-content\\\/uploads\\\/2012\\\/03\\\/CLAUDIO-DOWN-.jpg\",\"articleSection\":[\"EDUCA\u00c7\u00c3O\",\"INCLUS\u00c3O SOCIAL\",\"WDSD2012\"],\"inLanguage\":\"pt-PT\",\"potentialAction\":[{\"@type\":\"CommentAction\",\"name\":\"Comment\",\"target\":[\"https:\\\/\\\/inclusivenews.com.br\\\/?p=22255#respond\"]}]},{\"@type\":\"WebPage\",\"@id\":\"https:\\\/\\\/inclusivenews.com.br\\\/?p=22255\",\"url\":\"https:\\\/\\\/inclusivenews.com.br\\\/?p=22255\",\"name\":\"ONU recebe jovens brasileiros com s\u00edndrome de Down -\",\"isPartOf\":{\"@id\":\"https:\\\/\\\/inclusivenews.com.br\\\/#website\"},\"primaryImageOfPage\":{\"@id\":\"https:\\\/\\\/inclusivenews.com.br\\\/?p=22255#primaryimage\"},\"image\":{\"@id\":\"https:\\\/\\\/inclusivenews.com.br\\\/?p=22255#primaryimage\"},\"thumbnailUrl\":\"http:\\\/\\\/www.unmultimedia.org\\\/radio\\\/portuguese\\\/wp-content\\\/uploads\\\/2012\\\/03\\\/CLAUDIO-DOWN-.jpg\",\"datePublished\":\"2012-03-28T12:40:32+00:00\",\"breadcrumb\":{\"@id\":\"https:\\\/\\\/inclusivenews.com.br\\\/?p=22255#breadcrumb\"},\"inLanguage\":\"pt-PT\",\"potentialAction\":[{\"@type\":\"ReadAction\",\"target\":[\"https:\\\/\\\/inclusivenews.com.br\\\/?p=22255\"]}]},{\"@type\":\"ImageObject\",\"inLanguage\":\"pt-PT\",\"@id\":\"https:\\\/\\\/inclusivenews.com.br\\\/?p=22255#primaryimage\",\"url\":\"http:\\\/\\\/www.unmultimedia.org\\\/radio\\\/portuguese\\\/wp-content\\\/uploads\\\/2012\\\/03\\\/CLAUDIO-DOWN-.jpg\",\"contentUrl\":\"http:\\\/\\\/www.unmultimedia.org\\\/radio\\\/portuguese\\\/wp-content\\\/uploads\\\/2012\\\/03\\\/CLAUDIO-DOWN-.jpg\"},{\"@type\":\"BreadcrumbList\",\"@id\":\"https:\\\/\\\/inclusivenews.com.br\\\/?p=22255#breadcrumb\",\"itemListElement\":[{\"@type\":\"ListItem\",\"position\":1,\"name\":\"In\u00edcio\",\"item\":\"https:\\\/\\\/inclusivenews.com.br\\\/\"},{\"@type\":\"ListItem\",\"position\":2,\"name\":\"ONU recebe jovens brasileiros com s\u00edndrome de Down\"}]},{\"@type\":\"WebSite\",\"@id\":\"https:\\\/\\\/inclusivenews.com.br\\\/#website\",\"url\":\"https:\\\/\\\/inclusivenews.com.br\\\/\",\"name\":\"Inclusive News\",\"description\":\"Inclusive News\",\"publisher\":{\"@id\":\"https:\\\/\\\/inclusivenews.com.br\\\/#organization\"},\"potentialAction\":[{\"@type\":\"SearchAction\",\"target\":{\"@type\":\"EntryPoint\",\"urlTemplate\":\"https:\\\/\\\/inclusivenews.com.br\\\/?s={search_term_string}\"},\"query-input\":{\"@type\":\"PropertyValueSpecification\",\"valueRequired\":true,\"valueName\":\"search_term_string\"}}],\"inLanguage\":\"pt-PT\"},{\"@type\":\"Organization\",\"@id\":\"https:\\\/\\\/inclusivenews.com.br\\\/#organization\",\"name\":\"Inclusive - inclus\u00e3o e cidadania\",\"url\":\"https:\\\/\\\/inclusivenews.com.br\\\/\",\"logo\":{\"@type\":\"ImageObject\",\"inLanguage\":\"pt-PT\",\"@id\":\"https:\\\/\\\/inclusivenews.com.br\\\/#\\\/schema\\\/logo\\\/image\\\/\",\"url\":\"https:\\\/\\\/inclusivenews.com.br\\\/wp-content\\\/uploads\\\/2024\\\/03\\\/@grandesite.png\",\"contentUrl\":\"https:\\\/\\\/inclusivenews.com.br\\\/wp-content\\\/uploads\\\/2024\\\/03\\\/@grandesite.png\",\"width\":1080,\"height\":1080,\"caption\":\"Inclusive - inclus\u00e3o e cidadania\"},\"image\":{\"@id\":\"https:\\\/\\\/inclusivenews.com.br\\\/#\\\/schema\\\/logo\\\/image\\\/\"},\"sameAs\":[\"https:\\\/\\\/www.facebook.com\\\/agenciainclusive\\\/\",\"https:\\\/\\\/www.instagram.com\\\/newsinclusive\\\/\"]},{\"@type\":\"Person\",\"@id\":\"https:\\\/\\\/inclusivenews.com.br\\\/#\\\/schema\\\/person\\\/ae4ec7087559b8692fb33b6fffd2273b\",\"name\":\"inclusivenews2024\",\"image\":{\"@type\":\"ImageObject\",\"inLanguage\":\"pt-PT\",\"@id\":\"https:\\\/\\\/secure.gravatar.com\\\/avatar\\\/c5a7ef84c66fa914f55bc4f7ce26cfa275a3b9a1c5568b907bd184fb4dde7b40?s=96&d=mm&r=g\",\"url\":\"https:\\\/\\\/secure.gravatar.com\\\/avatar\\\/c5a7ef84c66fa914f55bc4f7ce26cfa275a3b9a1c5568b907bd184fb4dde7b40?s=96&d=mm&r=g\",\"contentUrl\":\"https:\\\/\\\/secure.gravatar.com\\\/avatar\\\/c5a7ef84c66fa914f55bc4f7ce26cfa275a3b9a1c5568b907bd184fb4dde7b40?s=96&d=mm&r=g\",\"caption\":\"inclusivenews2024\"},\"sameAs\":[\"https:\\\/\\\/inclusivenews.com.br\"],\"url\":\"https:\\\/\\\/inclusivenews.com.br\\\/?author=1\"}]}<\/script>\n<!-- \/ Yoast SEO plugin. -->","yoast_head_json":{"title":"ONU recebe jovens brasileiros com s\u00edndrome de Down -","robots":{"index":"index","follow":"follow","max-snippet":"max-snippet:-1","max-image-preview":"max-image-preview:large","max-video-preview":"max-video-preview:-1"},"canonical":"https:\/\/inclusivenews.com.br\/?p=22255","og_locale":"pt_PT","og_type":"article","og_title":"ONU recebe jovens brasileiros com s\u00edndrome de Down -","og_description":"Pela primeira vez, organiza\u00e7\u00e3o marca o Dia Mundial da S\u00edndrome de Down; grupo do Brasil lan\u00e7a em Nova York livro sobre acessibilidade para defici\u00eancia intelectual.","og_url":"https:\/\/inclusivenews.com.br\/?p=22255","article_publisher":"https:\/\/www.facebook.com\/agenciainclusive\/","article_published_time":"2012-03-28T12:40:32+00:00","og_image":[{"url":"http:\/\/www.unmultimedia.org\/radio\/portuguese\/wp-content\/uploads\/2012\/03\/CLAUDIO-DOWN-.jpg","type":"","width":"","height":""}],"author":"inclusivenews2024","twitter_card":"summary_large_image","twitter_misc":{"Escrito por":"inclusivenews2024","Tempo estimado de leitura":"4 minutos"},"schema":{"@context":"https:\/\/schema.org","@graph":[{"@type":"Article","@id":"https:\/\/inclusivenews.com.br\/?p=22255#article","isPartOf":{"@id":"https:\/\/inclusivenews.com.br\/?p=22255"},"author":{"name":"inclusivenews2024","@id":"https:\/\/inclusivenews.com.br\/#\/schema\/person\/ae4ec7087559b8692fb33b6fffd2273b"},"headline":"ONU recebe jovens brasileiros com s\u00edndrome de Down","datePublished":"2012-03-28T12:40:32+00:00","mainEntityOfPage":{"@id":"https:\/\/inclusivenews.com.br\/?p=22255"},"wordCount":798,"commentCount":2,"publisher":{"@id":"https:\/\/inclusivenews.com.br\/#organization"},"image":{"@id":"https:\/\/inclusivenews.com.br\/?p=22255#primaryimage"},"thumbnailUrl":"http:\/\/www.unmultimedia.org\/radio\/portuguese\/wp-content\/uploads\/2012\/03\/CLAUDIO-DOWN-.jpg","articleSection":["EDUCA\u00c7\u00c3O","INCLUS\u00c3O SOCIAL","WDSD2012"],"inLanguage":"pt-PT","potentialAction":[{"@type":"CommentAction","name":"Comment","target":["https:\/\/inclusivenews.com.br\/?p=22255#respond"]}]},{"@type":"WebPage","@id":"https:\/\/inclusivenews.com.br\/?p=22255","url":"https:\/\/inclusivenews.com.br\/?p=22255","name":"ONU recebe jovens brasileiros com s\u00edndrome de Down -","isPartOf":{"@id":"https:\/\/inclusivenews.com.br\/#website"},"primaryImageOfPage":{"@id":"https:\/\/inclusivenews.com.br\/?p=22255#primaryimage"},"image":{"@id":"https:\/\/inclusivenews.com.br\/?p=22255#primaryimage"},"thumbnailUrl":"http:\/\/www.unmultimedia.org\/radio\/portuguese\/wp-content\/uploads\/2012\/03\/CLAUDIO-DOWN-.jpg","datePublished":"2012-03-28T12:40:32+00:00","breadcrumb":{"@id":"https:\/\/inclusivenews.com.br\/?p=22255#breadcrumb"},"inLanguage":"pt-PT","potentialAction":[{"@type":"ReadAction","target":["https:\/\/inclusivenews.com.br\/?p=22255"]}]},{"@type":"ImageObject","inLanguage":"pt-PT","@id":"https:\/\/inclusivenews.com.br\/?p=22255#primaryimage","url":"http:\/\/www.unmultimedia.org\/radio\/portuguese\/wp-content\/uploads\/2012\/03\/CLAUDIO-DOWN-.jpg","contentUrl":"http:\/\/www.unmultimedia.org\/radio\/portuguese\/wp-content\/uploads\/2012\/03\/CLAUDIO-DOWN-.jpg"},{"@type":"BreadcrumbList","@id":"https:\/\/inclusivenews.com.br\/?p=22255#breadcrumb","itemListElement":[{"@type":"ListItem","position":1,"name":"In\u00edcio","item":"https:\/\/inclusivenews.com.br\/"},{"@type":"ListItem","position":2,"name":"ONU recebe jovens brasileiros com s\u00edndrome de Down"}]},{"@type":"WebSite","@id":"https:\/\/inclusivenews.com.br\/#website","url":"https:\/\/inclusivenews.com.br\/","name":"Inclusive News","description":"Inclusive News","publisher":{"@id":"https:\/\/inclusivenews.com.br\/#organization"},"potentialAction":[{"@type":"SearchAction","target":{"@type":"EntryPoint","urlTemplate":"https:\/\/inclusivenews.com.br\/?s={search_term_string}"},"query-input":{"@type":"PropertyValueSpecification","valueRequired":true,"valueName":"search_term_string"}}],"inLanguage":"pt-PT"},{"@type":"Organization","@id":"https:\/\/inclusivenews.com.br\/#organization","name":"Inclusive - inclus\u00e3o e cidadania","url":"https:\/\/inclusivenews.com.br\/","logo":{"@type":"ImageObject","inLanguage":"pt-PT","@id":"https:\/\/inclusivenews.com.br\/#\/schema\/logo\/image\/","url":"https:\/\/inclusivenews.com.br\/wp-content\/uploads\/2024\/03\/@grandesite.png","contentUrl":"https:\/\/inclusivenews.com.br\/wp-content\/uploads\/2024\/03\/@grandesite.png","width":1080,"height":1080,"caption":"Inclusive - inclus\u00e3o e cidadania"},"image":{"@id":"https:\/\/inclusivenews.com.br\/#\/schema\/logo\/image\/"},"sameAs":["https:\/\/www.facebook.com\/agenciainclusive\/","https:\/\/www.instagram.com\/newsinclusive\/"]},{"@type":"Person","@id":"https:\/\/inclusivenews.com.br\/#\/schema\/person\/ae4ec7087559b8692fb33b6fffd2273b","name":"inclusivenews2024","image":{"@type":"ImageObject","inLanguage":"pt-PT","@id":"https:\/\/secure.gravatar.com\/avatar\/c5a7ef84c66fa914f55bc4f7ce26cfa275a3b9a1c5568b907bd184fb4dde7b40?s=96&d=mm&r=g","url":"https:\/\/secure.gravatar.com\/avatar\/c5a7ef84c66fa914f55bc4f7ce26cfa275a3b9a1c5568b907bd184fb4dde7b40?s=96&d=mm&r=g","contentUrl":"https:\/\/secure.gravatar.com\/avatar\/c5a7ef84c66fa914f55bc4f7ce26cfa275a3b9a1c5568b907bd184fb4dde7b40?s=96&d=mm&r=g","caption":"inclusivenews2024"},"sameAs":["https:\/\/inclusivenews.com.br"],"url":"https:\/\/inclusivenews.com.br\/?author=1"}]}},"_links":{"self":[{"href":"https:\/\/inclusivenews.com.br\/index.php?rest_route=\/wp\/v2\/posts\/22255","targetHints":{"allow":["GET"]}}],"collection":[{"href":"https:\/\/inclusivenews.com.br\/index.php?rest_route=\/wp\/v2\/posts"}],"about":[{"href":"https:\/\/inclusivenews.com.br\/index.php?rest_route=\/wp\/v2\/types\/post"}],"author":[{"embeddable":true,"href":"https:\/\/inclusivenews.com.br\/index.php?rest_route=\/wp\/v2\/users\/1"}],"replies":[{"embeddable":true,"href":"https:\/\/inclusivenews.com.br\/index.php?rest_route=%2Fwp%2Fv2%2Fcomments&post=22255"}],"version-history":[{"count":0,"href":"https:\/\/inclusivenews.com.br\/index.php?rest_route=\/wp\/v2\/posts\/22255\/revisions"}],"wp:attachment":[{"href":"https:\/\/inclusivenews.com.br\/index.php?rest_route=%2Fwp%2Fv2%2Fmedia&parent=22255"}],"wp:term":[{"taxonomy":"category","embeddable":true,"href":"https:\/\/inclusivenews.com.br\/index.php?rest_route=%2Fwp%2Fv2%2Fcategories&post=22255"},{"taxonomy":"post_tag","embeddable":true,"href":"https:\/\/inclusivenews.com.br\/index.php?rest_route=%2Fwp%2Fv2%2Ftags&post=22255"}],"curies":[{"name":"wp","href":"https:\/\/api.w.org\/{rel}","templated":true}]}}