{"id":22258,"date":"2012-03-28T16:32:19","date_gmt":"2012-03-28T19:32:19","guid":{"rendered":"http:\/\/www.inclusive.org.br\/?p=22258"},"modified":"2012-03-28T16:32:19","modified_gmt":"2012-03-28T19:32:19","slug":"aluno-da-ufscar-e-o-primeiro-indio-bolsista-de-iniciacao-cientifica-da-fapesp","status":"publish","type":"post","link":"https:\/\/inclusivenews.com.br\/?p=22258","title":{"rendered":"Aluno da UFSCar \u00e9 o primeiro \u00edndio bolsista de inicia\u00e7\u00e3o cient\u00edfica da Fapesp"},"content":{"rendered":"<p>Luciano Ariabo Kezo, de 22 anos, \u00e9 umas das poucas pessoas que falam umutina no mundo. Ele aprendeu a l\u00edngua, considerada extinta pela Unesco, com um anci\u00e3o da aldeia onde nasceu e cresceu, em Barra do Bugres, no interior de Mato Grosso. Luciano agora estuda Letras na Federal de S\u00e3o Carlos (UFSCar) e quer mudar a realidade de sua tribo: prepara um livro did\u00e1tico para ensinar umutina \u00e0s crian\u00e7as de Barra do Bugres. A Funda\u00e7\u00e3o de Amparo \u00e0 Pesquisa do Estado de S\u00e3o Paulo (Fapesp) apostou na ideia e pela primeira vez financia um projeto realizado por um ind\u00edgena.<\/p>\n<div class=\"bb-md-noticia-extras\">\n<div class=\"bb-md-noticia-foto\">\n<div><a class=\"moz-txt-link-freetext\" href=\"http:\/\/www.estadao.com.br\/fotos\/297733_106422896134258_100002996457353_49305_1121570518_n_288.jpg\"><\/a><\/div>\n<div class=\"bb-md-noticia-foto-autor\"><img loading=\"lazy\" decoding=\"async\" src=\"http:\/\/www.estadao.com.br\/fotos\/297733_106422896134258_100002996457353_49305_1121570518_n_288.jpg\" alt=\"\" width=\"288\" height=\"212\" \/><\/div>\n<div class=\"bb-md-noticia-foto-autor\">O estudante trabalha no livro h\u00e1 8 meses, orientado pela professora Maria S\u00edlvia Martins, especialista em lingu\u00edstica aplicada. \u201cO livro nasceu do interesse coletivo. Ele colabora para mim enquanto estudante e para o meu povo, que poder\u00e1 ter acesso \u00e0 l\u00edngua\u201d, diz Luciano.<\/div>\n<\/div>\n<\/div>\n<p>Maria S\u00edlvia conta que o problema das l\u00ednguas ind\u00edgenas aparece com frequ\u00eancia em suas aulas. \u201cOs ind\u00edgenas, de modo geral, est\u00e3o em processo de revitaliza\u00e7\u00e3o da cultura e de recupera\u00e7\u00e3o de l\u00ednguas que muitas vezes ficaram perdidas\u201d, afirma. Desde 2008, a UFSCar abre um vestibular exclusivo para alunos ind\u00edgenas. Oferece uma vaga em cada curso de gradua\u00e7\u00e3o.<\/p>\n<p>A publica\u00e7\u00e3o deve ficar pronta em abril. A ideia \u00e9 que seja usada por crian\u00e7as do 4.\u00ba ano do ensino fundamental. Tem exerc\u00edcios bil\u00edngues (umutina &#8211; portugu\u00eas) e\u00a0 hist\u00f3rias da aldeia escritas exclusivamente em umutina. Todas as ilustra\u00e7\u00f5es est\u00e3o sendo feitas pelo pr\u00f3prio Luciano. \u201cUma preocupa\u00e7\u00e3o nossa \u00e9 fugir das imagens estereotipadas do ind\u00edgena, t\u00e3o presentes nos livros did\u00e1ticos\u201d, conta Maria S\u00edlvia. \u201cMeu maior desejo \u00e9 que todos vejam o ind\u00edgena da forma correta e real\u201d, completa Luciano.<\/p>\n<p>Na reserva em Barra do Bugres moram mais de 500 \u00edndios de diferentes etnias. O pr\u00f3prio Luciano, apesar de se identificar como umutina, \u00e9 paresi por parte de pai. H\u00e1 apenas uma escola ind\u00edgena na regi\u00e3o e o ensino das l\u00ednguas locais depende da vontade e do esfor\u00e7o dos integrantes da pr\u00f3pria aldeia.<\/p>\n<p>Segundo Maria S\u00edlvia, o objetivo \u00e9 que outros ind\u00edgenas sigam os passos de Luciano para fazer mais livros did\u00e1ticos. \u201cRevitalizar a l\u00edngua contribui para o aumento da autoestima da popula\u00e7\u00e3o em geral, \u00e9 uma a\u00e7\u00e3o afirmativa muito importante\u201d, diz a professora. \u201cE o Luciano ter recebido a bolsa da Fapesp demonstra o in\u00edcio de alguma coisa, \u00e9 um exemplo para outros alunos.\u201d<\/p>\n<p>Luciano ainda n\u00e3o entrou em contato com nenhuma editora, mas quer procurar apoio no setor p\u00fablico e na iniciativa privada para conseguir publicar o livro. A vontade dele, no entanto, tamb\u00e9m \u00e9 atingir crian\u00e7as n\u00e3o ind\u00edgenas, usando uma lei federal que prev\u00ea a inclus\u00e3o de elementos da cultura ind\u00edgena nos curr\u00edculos de todas as escolas brasileiras. \u201c\u00c9 s\u00f3 in\u00edcio de um processo. Se as pessoas conhecerem um pouco da hist\u00f3ria do povo umutina, j\u00e1 estou satisfeito.\u201d<\/p>\n<p>Fonte: <a href=\"http:\/\/www.estadao.com.br\/noticias\/vidae,aluno-da-ufscar-e-o-primeiro-indio-bolsista-de-iniciacao-cientifica-da-fapesp,852483,0.htm\">Estad\u00e3o<\/a><\/p>\n","protected":false},"excerpt":{"rendered":"<p>Luciano agora estuda Letras n Federal de S\u00e3o Carlos (UFSCar) e quer mudar a realidade de sua tribo: prepara um livro did\u00e1tico para ensinar umutina \u00e0s crian\u00e7as de Barra do Bugres. Reportagem est\u00e1 no Estad\u00e3o.<\/p>\n","protected":false},"author":1,"featured_media":0,"comment_status":"open","ping_status":"open","sticky":false,"template":"","format":"standard","meta":{"site-container-style":"default","site-container-layout":"default","site-sidebar-layout":"default","disable-article-header":"default","disable-site-header":"default","disable-site-footer":"default","disable-content-area-spacing":"default","footnotes":""},"categories":[6,48,33],"tags":[100],"class_list":["post-22258","post","type-post","status-publish","format-standard","hentry","category-educacao","category-inclusao","category-reportagem","tag-indigenas"],"yoast_head":"<!-- This site is optimized with the Yoast SEO plugin v27.4 - https:\/\/yoast.com\/product\/yoast-seo-wordpress\/ -->\n<title>Aluno da UFSCar \u00e9 o primeiro \u00edndio bolsista de inicia\u00e7\u00e3o cient\u00edfica da Fapesp -<\/title>\n<meta name=\"robots\" content=\"index, follow, max-snippet:-1, max-image-preview:large, max-video-preview:-1\" \/>\n<link rel=\"canonical\" href=\"https:\/\/inclusivenews.com.br\/?p=22258\" \/>\n<meta property=\"og:locale\" content=\"pt_PT\" \/>\n<meta property=\"og:type\" content=\"article\" \/>\n<meta property=\"og:title\" content=\"Aluno da UFSCar \u00e9 o primeiro \u00edndio bolsista de inicia\u00e7\u00e3o cient\u00edfica da Fapesp -\" \/>\n<meta property=\"og:description\" content=\"Luciano agora estuda Letras n Federal de S\u00e3o Carlos (UFSCar) e quer mudar a realidade de sua tribo: prepara um livro did\u00e1tico para ensinar umutina \u00e0s crian\u00e7as de Barra do Bugres. Reportagem est\u00e1 no Estad\u00e3o.\" \/>\n<meta property=\"og:url\" content=\"https:\/\/inclusivenews.com.br\/?p=22258\" \/>\n<meta property=\"article:publisher\" content=\"https:\/\/www.facebook.com\/agenciainclusive\/\" \/>\n<meta property=\"article:published_time\" content=\"2012-03-28T19:32:19+00:00\" \/>\n<meta property=\"og:image\" content=\"http:\/\/www.estadao.com.br\/fotos\/297733_106422896134258_100002996457353_49305_1121570518_n_288.jpg\" \/>\n<meta name=\"author\" content=\"inclusivenews2024\" \/>\n<meta name=\"twitter:card\" content=\"summary_large_image\" \/>\n<meta name=\"twitter:label1\" content=\"Escrito por\" \/>\n\t<meta name=\"twitter:data1\" content=\"inclusivenews2024\" \/>\n\t<meta name=\"twitter:label2\" content=\"Tempo estimado de leitura\" \/>\n\t<meta name=\"twitter:data2\" content=\"3 minutos\" \/>\n<script type=\"application\/ld+json\" class=\"yoast-schema-graph\">{\"@context\":\"https:\\\/\\\/schema.org\",\"@graph\":[{\"@type\":\"Article\",\"@id\":\"https:\\\/\\\/inclusivenews.com.br\\\/?p=22258#article\",\"isPartOf\":{\"@id\":\"https:\\\/\\\/inclusivenews.com.br\\\/?p=22258\"},\"author\":{\"name\":\"inclusivenews2024\",\"@id\":\"https:\\\/\\\/inclusivenews.com.br\\\/#\\\/schema\\\/person\\\/ae4ec7087559b8692fb33b6fffd2273b\"},\"headline\":\"Aluno da UFSCar \u00e9 o primeiro \u00edndio bolsista de inicia\u00e7\u00e3o cient\u00edfica da Fapesp\",\"datePublished\":\"2012-03-28T19:32:19+00:00\",\"mainEntityOfPage\":{\"@id\":\"https:\\\/\\\/inclusivenews.com.br\\\/?p=22258\"},\"wordCount\":529,\"commentCount\":0,\"publisher\":{\"@id\":\"https:\\\/\\\/inclusivenews.com.br\\\/#organization\"},\"image\":{\"@id\":\"https:\\\/\\\/inclusivenews.com.br\\\/?p=22258#primaryimage\"},\"thumbnailUrl\":\"http:\\\/\\\/www.estadao.com.br\\\/fotos\\\/297733_106422896134258_100002996457353_49305_1121570518_n_288.jpg\",\"keywords\":[\"Ind\u00edgenas\"],\"articleSection\":[\"EDUCA\u00c7\u00c3O\",\"INCLUS\u00c3O SOCIAL\",\"Reportagem\"],\"inLanguage\":\"pt-PT\",\"potentialAction\":[{\"@type\":\"CommentAction\",\"name\":\"Comment\",\"target\":[\"https:\\\/\\\/inclusivenews.com.br\\\/?p=22258#respond\"]}]},{\"@type\":\"WebPage\",\"@id\":\"https:\\\/\\\/inclusivenews.com.br\\\/?p=22258\",\"url\":\"https:\\\/\\\/inclusivenews.com.br\\\/?p=22258\",\"name\":\"Aluno da UFSCar \u00e9 o primeiro \u00edndio bolsista de inicia\u00e7\u00e3o cient\u00edfica da Fapesp -\",\"isPartOf\":{\"@id\":\"https:\\\/\\\/inclusivenews.com.br\\\/#website\"},\"primaryImageOfPage\":{\"@id\":\"https:\\\/\\\/inclusivenews.com.br\\\/?p=22258#primaryimage\"},\"image\":{\"@id\":\"https:\\\/\\\/inclusivenews.com.br\\\/?p=22258#primaryimage\"},\"thumbnailUrl\":\"http:\\\/\\\/www.estadao.com.br\\\/fotos\\\/297733_106422896134258_100002996457353_49305_1121570518_n_288.jpg\",\"datePublished\":\"2012-03-28T19:32:19+00:00\",\"breadcrumb\":{\"@id\":\"https:\\\/\\\/inclusivenews.com.br\\\/?p=22258#breadcrumb\"},\"inLanguage\":\"pt-PT\",\"potentialAction\":[{\"@type\":\"ReadAction\",\"target\":[\"https:\\\/\\\/inclusivenews.com.br\\\/?p=22258\"]}]},{\"@type\":\"ImageObject\",\"inLanguage\":\"pt-PT\",\"@id\":\"https:\\\/\\\/inclusivenews.com.br\\\/?p=22258#primaryimage\",\"url\":\"http:\\\/\\\/www.estadao.com.br\\\/fotos\\\/297733_106422896134258_100002996457353_49305_1121570518_n_288.jpg\",\"contentUrl\":\"http:\\\/\\\/www.estadao.com.br\\\/fotos\\\/297733_106422896134258_100002996457353_49305_1121570518_n_288.jpg\"},{\"@type\":\"BreadcrumbList\",\"@id\":\"https:\\\/\\\/inclusivenews.com.br\\\/?p=22258#breadcrumb\",\"itemListElement\":[{\"@type\":\"ListItem\",\"position\":1,\"name\":\"In\u00edcio\",\"item\":\"https:\\\/\\\/inclusivenews.com.br\\\/\"},{\"@type\":\"ListItem\",\"position\":2,\"name\":\"Aluno da UFSCar \u00e9 o primeiro \u00edndio bolsista de inicia\u00e7\u00e3o cient\u00edfica da Fapesp\"}]},{\"@type\":\"WebSite\",\"@id\":\"https:\\\/\\\/inclusivenews.com.br\\\/#website\",\"url\":\"https:\\\/\\\/inclusivenews.com.br\\\/\",\"name\":\"Inclusive News\",\"description\":\"Inclusive News\",\"publisher\":{\"@id\":\"https:\\\/\\\/inclusivenews.com.br\\\/#organization\"},\"potentialAction\":[{\"@type\":\"SearchAction\",\"target\":{\"@type\":\"EntryPoint\",\"urlTemplate\":\"https:\\\/\\\/inclusivenews.com.br\\\/?s={search_term_string}\"},\"query-input\":{\"@type\":\"PropertyValueSpecification\",\"valueRequired\":true,\"valueName\":\"search_term_string\"}}],\"inLanguage\":\"pt-PT\"},{\"@type\":\"Organization\",\"@id\":\"https:\\\/\\\/inclusivenews.com.br\\\/#organization\",\"name\":\"Inclusive - inclus\u00e3o e cidadania\",\"url\":\"https:\\\/\\\/inclusivenews.com.br\\\/\",\"logo\":{\"@type\":\"ImageObject\",\"inLanguage\":\"pt-PT\",\"@id\":\"https:\\\/\\\/inclusivenews.com.br\\\/#\\\/schema\\\/logo\\\/image\\\/\",\"url\":\"https:\\\/\\\/inclusivenews.com.br\\\/wp-content\\\/uploads\\\/2024\\\/03\\\/@grandesite.png\",\"contentUrl\":\"https:\\\/\\\/inclusivenews.com.br\\\/wp-content\\\/uploads\\\/2024\\\/03\\\/@grandesite.png\",\"width\":1080,\"height\":1080,\"caption\":\"Inclusive - inclus\u00e3o e cidadania\"},\"image\":{\"@id\":\"https:\\\/\\\/inclusivenews.com.br\\\/#\\\/schema\\\/logo\\\/image\\\/\"},\"sameAs\":[\"https:\\\/\\\/www.facebook.com\\\/agenciainclusive\\\/\",\"https:\\\/\\\/www.instagram.com\\\/newsinclusive\\\/\"]},{\"@type\":\"Person\",\"@id\":\"https:\\\/\\\/inclusivenews.com.br\\\/#\\\/schema\\\/person\\\/ae4ec7087559b8692fb33b6fffd2273b\",\"name\":\"inclusivenews2024\",\"image\":{\"@type\":\"ImageObject\",\"inLanguage\":\"pt-PT\",\"@id\":\"https:\\\/\\\/secure.gravatar.com\\\/avatar\\\/c5a7ef84c66fa914f55bc4f7ce26cfa275a3b9a1c5568b907bd184fb4dde7b40?s=96&d=mm&r=g\",\"url\":\"https:\\\/\\\/secure.gravatar.com\\\/avatar\\\/c5a7ef84c66fa914f55bc4f7ce26cfa275a3b9a1c5568b907bd184fb4dde7b40?s=96&d=mm&r=g\",\"contentUrl\":\"https:\\\/\\\/secure.gravatar.com\\\/avatar\\\/c5a7ef84c66fa914f55bc4f7ce26cfa275a3b9a1c5568b907bd184fb4dde7b40?s=96&d=mm&r=g\",\"caption\":\"inclusivenews2024\"},\"sameAs\":[\"https:\\\/\\\/inclusivenews.com.br\"],\"url\":\"https:\\\/\\\/inclusivenews.com.br\\\/?author=1\"}]}<\/script>\n<!-- \/ Yoast SEO plugin. -->","yoast_head_json":{"title":"Aluno da UFSCar \u00e9 o primeiro \u00edndio bolsista de inicia\u00e7\u00e3o cient\u00edfica da Fapesp -","robots":{"index":"index","follow":"follow","max-snippet":"max-snippet:-1","max-image-preview":"max-image-preview:large","max-video-preview":"max-video-preview:-1"},"canonical":"https:\/\/inclusivenews.com.br\/?p=22258","og_locale":"pt_PT","og_type":"article","og_title":"Aluno da UFSCar \u00e9 o primeiro \u00edndio bolsista de inicia\u00e7\u00e3o cient\u00edfica da Fapesp -","og_description":"Luciano agora estuda Letras n Federal de S\u00e3o Carlos (UFSCar) e quer mudar a realidade de sua tribo: prepara um livro did\u00e1tico para ensinar umutina \u00e0s crian\u00e7as de Barra do Bugres. Reportagem est\u00e1 no Estad\u00e3o.","og_url":"https:\/\/inclusivenews.com.br\/?p=22258","article_publisher":"https:\/\/www.facebook.com\/agenciainclusive\/","article_published_time":"2012-03-28T19:32:19+00:00","og_image":[{"url":"http:\/\/www.estadao.com.br\/fotos\/297733_106422896134258_100002996457353_49305_1121570518_n_288.jpg","type":"","width":"","height":""}],"author":"inclusivenews2024","twitter_card":"summary_large_image","twitter_misc":{"Escrito por":"inclusivenews2024","Tempo estimado de leitura":"3 minutos"},"schema":{"@context":"https:\/\/schema.org","@graph":[{"@type":"Article","@id":"https:\/\/inclusivenews.com.br\/?p=22258#article","isPartOf":{"@id":"https:\/\/inclusivenews.com.br\/?p=22258"},"author":{"name":"inclusivenews2024","@id":"https:\/\/inclusivenews.com.br\/#\/schema\/person\/ae4ec7087559b8692fb33b6fffd2273b"},"headline":"Aluno da UFSCar \u00e9 o primeiro \u00edndio bolsista de inicia\u00e7\u00e3o cient\u00edfica da Fapesp","datePublished":"2012-03-28T19:32:19+00:00","mainEntityOfPage":{"@id":"https:\/\/inclusivenews.com.br\/?p=22258"},"wordCount":529,"commentCount":0,"publisher":{"@id":"https:\/\/inclusivenews.com.br\/#organization"},"image":{"@id":"https:\/\/inclusivenews.com.br\/?p=22258#primaryimage"},"thumbnailUrl":"http:\/\/www.estadao.com.br\/fotos\/297733_106422896134258_100002996457353_49305_1121570518_n_288.jpg","keywords":["Ind\u00edgenas"],"articleSection":["EDUCA\u00c7\u00c3O","INCLUS\u00c3O SOCIAL","Reportagem"],"inLanguage":"pt-PT","potentialAction":[{"@type":"CommentAction","name":"Comment","target":["https:\/\/inclusivenews.com.br\/?p=22258#respond"]}]},{"@type":"WebPage","@id":"https:\/\/inclusivenews.com.br\/?p=22258","url":"https:\/\/inclusivenews.com.br\/?p=22258","name":"Aluno da UFSCar \u00e9 o primeiro \u00edndio bolsista de inicia\u00e7\u00e3o cient\u00edfica da Fapesp -","isPartOf":{"@id":"https:\/\/inclusivenews.com.br\/#website"},"primaryImageOfPage":{"@id":"https:\/\/inclusivenews.com.br\/?p=22258#primaryimage"},"image":{"@id":"https:\/\/inclusivenews.com.br\/?p=22258#primaryimage"},"thumbnailUrl":"http:\/\/www.estadao.com.br\/fotos\/297733_106422896134258_100002996457353_49305_1121570518_n_288.jpg","datePublished":"2012-03-28T19:32:19+00:00","breadcrumb":{"@id":"https:\/\/inclusivenews.com.br\/?p=22258#breadcrumb"},"inLanguage":"pt-PT","potentialAction":[{"@type":"ReadAction","target":["https:\/\/inclusivenews.com.br\/?p=22258"]}]},{"@type":"ImageObject","inLanguage":"pt-PT","@id":"https:\/\/inclusivenews.com.br\/?p=22258#primaryimage","url":"http:\/\/www.estadao.com.br\/fotos\/297733_106422896134258_100002996457353_49305_1121570518_n_288.jpg","contentUrl":"http:\/\/www.estadao.com.br\/fotos\/297733_106422896134258_100002996457353_49305_1121570518_n_288.jpg"},{"@type":"BreadcrumbList","@id":"https:\/\/inclusivenews.com.br\/?p=22258#breadcrumb","itemListElement":[{"@type":"ListItem","position":1,"name":"In\u00edcio","item":"https:\/\/inclusivenews.com.br\/"},{"@type":"ListItem","position":2,"name":"Aluno da UFSCar \u00e9 o primeiro \u00edndio bolsista de inicia\u00e7\u00e3o cient\u00edfica da Fapesp"}]},{"@type":"WebSite","@id":"https:\/\/inclusivenews.com.br\/#website","url":"https:\/\/inclusivenews.com.br\/","name":"Inclusive News","description":"Inclusive News","publisher":{"@id":"https:\/\/inclusivenews.com.br\/#organization"},"potentialAction":[{"@type":"SearchAction","target":{"@type":"EntryPoint","urlTemplate":"https:\/\/inclusivenews.com.br\/?s={search_term_string}"},"query-input":{"@type":"PropertyValueSpecification","valueRequired":true,"valueName":"search_term_string"}}],"inLanguage":"pt-PT"},{"@type":"Organization","@id":"https:\/\/inclusivenews.com.br\/#organization","name":"Inclusive - inclus\u00e3o e cidadania","url":"https:\/\/inclusivenews.com.br\/","logo":{"@type":"ImageObject","inLanguage":"pt-PT","@id":"https:\/\/inclusivenews.com.br\/#\/schema\/logo\/image\/","url":"https:\/\/inclusivenews.com.br\/wp-content\/uploads\/2024\/03\/@grandesite.png","contentUrl":"https:\/\/inclusivenews.com.br\/wp-content\/uploads\/2024\/03\/@grandesite.png","width":1080,"height":1080,"caption":"Inclusive - inclus\u00e3o e cidadania"},"image":{"@id":"https:\/\/inclusivenews.com.br\/#\/schema\/logo\/image\/"},"sameAs":["https:\/\/www.facebook.com\/agenciainclusive\/","https:\/\/www.instagram.com\/newsinclusive\/"]},{"@type":"Person","@id":"https:\/\/inclusivenews.com.br\/#\/schema\/person\/ae4ec7087559b8692fb33b6fffd2273b","name":"inclusivenews2024","image":{"@type":"ImageObject","inLanguage":"pt-PT","@id":"https:\/\/secure.gravatar.com\/avatar\/c5a7ef84c66fa914f55bc4f7ce26cfa275a3b9a1c5568b907bd184fb4dde7b40?s=96&d=mm&r=g","url":"https:\/\/secure.gravatar.com\/avatar\/c5a7ef84c66fa914f55bc4f7ce26cfa275a3b9a1c5568b907bd184fb4dde7b40?s=96&d=mm&r=g","contentUrl":"https:\/\/secure.gravatar.com\/avatar\/c5a7ef84c66fa914f55bc4f7ce26cfa275a3b9a1c5568b907bd184fb4dde7b40?s=96&d=mm&r=g","caption":"inclusivenews2024"},"sameAs":["https:\/\/inclusivenews.com.br"],"url":"https:\/\/inclusivenews.com.br\/?author=1"}]}},"_links":{"self":[{"href":"https:\/\/inclusivenews.com.br\/index.php?rest_route=\/wp\/v2\/posts\/22258","targetHints":{"allow":["GET"]}}],"collection":[{"href":"https:\/\/inclusivenews.com.br\/index.php?rest_route=\/wp\/v2\/posts"}],"about":[{"href":"https:\/\/inclusivenews.com.br\/index.php?rest_route=\/wp\/v2\/types\/post"}],"author":[{"embeddable":true,"href":"https:\/\/inclusivenews.com.br\/index.php?rest_route=\/wp\/v2\/users\/1"}],"replies":[{"embeddable":true,"href":"https:\/\/inclusivenews.com.br\/index.php?rest_route=%2Fwp%2Fv2%2Fcomments&post=22258"}],"version-history":[{"count":0,"href":"https:\/\/inclusivenews.com.br\/index.php?rest_route=\/wp\/v2\/posts\/22258\/revisions"}],"wp:attachment":[{"href":"https:\/\/inclusivenews.com.br\/index.php?rest_route=%2Fwp%2Fv2%2Fmedia&parent=22258"}],"wp:term":[{"taxonomy":"category","embeddable":true,"href":"https:\/\/inclusivenews.com.br\/index.php?rest_route=%2Fwp%2Fv2%2Fcategories&post=22258"},{"taxonomy":"post_tag","embeddable":true,"href":"https:\/\/inclusivenews.com.br\/index.php?rest_route=%2Fwp%2Fv2%2Ftags&post=22258"}],"curies":[{"name":"wp","href":"https:\/\/api.w.org\/{rel}","templated":true}]}}