{"id":22260,"date":"2012-03-28T16:33:26","date_gmt":"2012-03-28T19:33:26","guid":{"rendered":"http:\/\/www.inclusive.org.br\/?p=22260"},"modified":"2012-03-28T16:33:26","modified_gmt":"2012-03-28T19:33:26","slug":"primeira-travesti-a-fazer-doutorado-no-brasil-defende-tese-sobre-discriminacao","status":"publish","type":"post","link":"https:\/\/inclusivenews.com.br\/?p=22260","title":{"rendered":"Primeira travesti a fazer doutorado no Brasil defende tese sobre discrimina\u00e7\u00e3o"},"content":{"rendered":"<figure style=\"width: 316px\" class=\"wp-caption alignnone\"><img loading=\"lazy\" decoding=\"async\" src=\"http:\/\/i0.ig.com\/bancodeimagens\/4q\/62\/g1\/4q62g10311cnp213d4csai3g4.jpg\" alt=\"\" width=\"316\" height=\"237\" \/><figcaption class=\"wp-caption-text\">Foto: Arquivo pessoal<\/figcaption><\/figure>\n<p>Luma Andrade descreve o preconceito sofrido por travestis na rede p\u00fablica de ensino e aponta lacunas na forma\u00e7\u00e3o de professores; defesa ser\u00e1 em julho<\/p>\n<p>Antes de se tornar supervisora regional de 26 escolas p\u00fablicas e ingressar no doutorado em Educa\u00e7\u00e3o da Universidade Federal do Cear\u00e1 (UFC), Luma Andrade assinou o nome Jo\u00e3o por 30 anos, foi rejeitada pelos pais na inf\u00e2ncia, discriminada na escola e, mais tarde, no trabalho.<\/p>\n<p>Na tese de quase 400 p\u00e1ginas que ir\u00e1 defender em tr\u00eas meses, a primeira travesti a cursar um doutorado no Brasil relata a discrimina\u00e7\u00e3o sofrida por pessoas como ela na rede p\u00fablica de ensino. Ela tamb\u00e9m aponta lacunas na forma\u00e7\u00e3o dos professores.<\/p>\n<p>Crian\u00e7a nos anos de 1970, no munic\u00edpio de Morada Nova, a 170 quil\u00f4metros de Fortaleza, o \u00fanico filho homem de um casal de agricultores, era Jo\u00e3o, mas j\u00e1 se sentia Luma. Em casa, escondia-se para evitar ser confrontada. Na escola, apanhava dos meninos por querer parecer uma menina. Em uma das vezes que foi espancada, aos nove anos, queixou-se com a professora e, ao inv\u00e9s de apoio, ouviu que tinha culpa por ser daquele jeito.<\/p>\n<p>Mais tarde, j\u00e1 com cabelos longos e roupa feminina, sofria de segunda a sexta-feira na chamada dos alunos, ao ser tratada pelo nome de batismo. N\u00e3o se reconhecia no uniforme masculino que era obrigada a usar. Evitava ao m\u00e1ximo usar o banheiro. Aturava em sil\u00eancio as piadas que os colegas insistiam em fazer. &#8220;Se a travesti n\u00e3o se sujeitar e resistir, acaba sucumbindo&#8221;, lamenta.<\/p>\n<p>Luma se concentrou nos estudos e evitou os confrontos. &#8220;Tem momento que a gente quer desistir. Eu n\u00e3o ia ao banheiro urinar, porque eu queria usar o feminino, mas n\u00e3o podia. Ent\u00e3o eu me continha e, \u00e0s vezes, era insuport\u00e1vel&#8221;, relembra. Mas ela concluiu o ensino m\u00e9dio e, aos 18 anos, entrou na universidade. Quando se formou aos 22, j\u00e1 dava aulas e resolveu assumir a homossexualidade. Quando contou que tinha um namorado, foi expulsa de casa.<\/p>\n<p>Em 2003, j\u00e1 com o t\u00edtulo de mestre, prestou concurso para lecionar biologia. Eram quatro vagas para uma escola estadual do munic\u00edpio de Aracati, a 153 quil\u00f4metros de Fortaleza. Apenas ela passou. Contudo, o diretor da escola n\u00e3o a aceitou. Luma pediu a interven\u00e7\u00e3o da Secretaria de Educa\u00e7\u00e3o do Estado e conseguiu assumir o posto.<\/p>\n<p>&#8220;Eu n\u00e3o era tida como um bom exemplo&#8221;. Durante o per\u00edodo de est\u00e1gio probat\u00f3rio, tentaram sabotar sua perman\u00eancia na escola. &#8220;Uma coordenadora denunciou que eu estava mostrando os seios para os alunos na aula&#8221;. Luma havia acabado de fazer o implante de proteses de silicone. &#8220;Eu j\u00e1 previa isso e passei a usar bata para me proteger, esconder. Eu tinha certeza que isso ia acontecer&#8221;.<\/p>\n<p>Anos depois, Luma assumiu um cargo na Coordenadoria Regional de Desenvolvimento de Educa\u00e7\u00e3o de Russas, justamente a regi\u00e3o onde nasceu. Como supervisora das escolas estaduais de diversos munic\u00edpios, passou a interceder em casos de agress\u00f5es semelhantes ao que ela viveu quando era estudante.<\/p>\n<p>&#8220;Uma diretora de escola fez uma lista de alunos que, para ela, eram homossexuais. E a\u00ed mandou chamar os pais, pedindo para que eles tomassem provid\u00eancias&#8221;. A provid\u00eancia, segundo ela, foi &#8220;muito surra&#8221;. &#8220;O primeiro que foi espancado me procurou&#8221;, lembra. Luma procurou a escola. Todos os gestores e professores passaram por uma capacita\u00e7\u00e3o para aprender como lidar com a sexualidade dos estudantes.<\/p>\n<p>Um ano depois, em 2008, Luma se tornou a primeira travesti a ingressar em um doutorado no Brasil. Ela come\u00e7ou a pesquisar a situa\u00e7\u00e3o de travestis que estudam na rede p\u00fablica de ensino e constatou que o caso da diretora que levou um aluno a ser espancado pelos pais e todas as outras agress\u00f5es sofridas por homossexuais tinham mesma a origem.<\/p>\n<p>&#8220;Comecei o levantamento das travestis nas escolas p\u00fablicas. Eu pedia para que os gestores informassem. Quando ia averiguar a exist\u00eancia real do travesti, os diretores diziam: &#8216;tem aquele ali, mas n\u00e3o \u00e9 assumido&#8217;. Percebi que estavam falando de gays&#8221;, relata.<\/p>\n<p>A partir desse contato, Luma trata em sua tese de que as travestis n\u00e3o podem esbo\u00e7ar rea\u00e7\u00f5es a ataques homof\u00f3bicos para concluir os estudos.<\/p>\n<p>Mas tamb\u00e9m sugere que os cursos de gradua\u00e7\u00e3o em licenciatura formem profissionais mais preparados n\u00e3o apenas para tratar da homossexualidade no curr\u00edculo escolar, mas tamb\u00e9m como lidar com as especificidades de cada pessoa e fazer da escola um lugar sem preconceitos.<\/p>\n<p>&#8220;Cada pessoa tem uma forma de viver. Conforme ela se apresenta, vai se comunicar e interagir. O gay tem uma forma de interagir diferente de uma travesti ou de uma transexual. O n\u00e3o reconhecimento dessas singularidades provoca uma padroniza\u00e7\u00e3o. A ideia de que todo mundo \u00e9 &#8216;veado'&#8221;.<\/p>\n<p>A tese de Luma j\u00e1 passou por duas qualifica\u00e7\u00f5es. Ela est\u00e1 em fase final, corrigindo alguns detalhes e vai defend\u00ea-la em julho, na UFC, em Fortaleza.<\/p>\n<p>Fonte: IG <a href=\"http:\/\/ultimosegundo.ig.com.br\/educacao\/primeira-travesti-a-fazer-doutorado-no-brasil-defende-tese-sobre\/n1597707581246.html\">http:\/\/ultimosegundo.ig.com.br\/educacao\/primeira-travesti-a-fazer-doutorado-no-brasil-defende-tese-sobre\/n1597707581246.html<\/a><\/p>\n","protected":false},"excerpt":{"rendered":"<p>Luma Andrade descreve o preconceito sofrido por travestis na rede p\u00fablica de ensino e aponta lacunas na forma\u00e7\u00e3o de professores; defesa ser\u00e1 em julho Antes de se tornar supervisora regional de 26 escolas p\u00fablicas e ingressar no doutorado em Educa\u00e7\u00e3o da Universidade Federal do Cear\u00e1 (UFC), Luma Andrade assinou o nome Jo\u00e3o por 30 anos, [&hellip;]<\/p>\n","protected":false},"author":1,"featured_media":0,"comment_status":"open","ping_status":"open","sticky":false,"template":"","format":"standard","meta":{"site-container-style":"default","site-container-layout":"default","site-sidebar-layout":"default","disable-article-header":"default","disable-site-header":"default","disable-site-footer":"default","disable-content-area-spacing":"default","footnotes":""},"categories":[48,4,41],"tags":[],"class_list":["post-22260","post","type-post","status-publish","format-standard","hentry","category-inclusao","category-noticias","category-preconceito"],"yoast_head":"<!-- This site is optimized with the Yoast SEO plugin v27.4 - https:\/\/yoast.com\/product\/yoast-seo-wordpress\/ -->\n<title>Primeira travesti a fazer doutorado no Brasil defende tese sobre discrimina\u00e7\u00e3o -<\/title>\n<meta name=\"robots\" content=\"index, follow, max-snippet:-1, max-image-preview:large, max-video-preview:-1\" \/>\n<link rel=\"canonical\" href=\"https:\/\/inclusivenews.com.br\/?p=22260\" \/>\n<meta property=\"og:locale\" content=\"pt_PT\" \/>\n<meta property=\"og:type\" content=\"article\" \/>\n<meta property=\"og:title\" content=\"Primeira travesti a fazer doutorado no Brasil defende tese sobre discrimina\u00e7\u00e3o -\" \/>\n<meta property=\"og:description\" content=\"Luma Andrade descreve o preconceito sofrido por travestis na rede p\u00fablica de ensino e aponta lacunas na forma\u00e7\u00e3o de professores; defesa ser\u00e1 em julho Antes de se tornar supervisora regional de 26 escolas p\u00fablicas e ingressar no doutorado em Educa\u00e7\u00e3o da Universidade Federal do Cear\u00e1 (UFC), Luma Andrade assinou o nome Jo\u00e3o por 30 anos, [&hellip;]\" \/>\n<meta property=\"og:url\" content=\"https:\/\/inclusivenews.com.br\/?p=22260\" \/>\n<meta property=\"article:publisher\" content=\"https:\/\/www.facebook.com\/agenciainclusive\/\" \/>\n<meta property=\"article:published_time\" content=\"2012-03-28T19:33:26+00:00\" \/>\n<meta property=\"og:image\" content=\"http:\/\/i0.ig.com\/bancodeimagens\/4q\/62\/g1\/4q62g10311cnp213d4csai3g4.jpg\" \/>\n<meta name=\"author\" content=\"inclusivenews2024\" \/>\n<meta name=\"twitter:card\" content=\"summary_large_image\" \/>\n<meta name=\"twitter:label1\" content=\"Escrito por\" \/>\n\t<meta name=\"twitter:data1\" content=\"inclusivenews2024\" \/>\n\t<meta name=\"twitter:label2\" content=\"Tempo estimado de leitura\" \/>\n\t<meta name=\"twitter:data2\" content=\"4 minutos\" \/>\n<script type=\"application\/ld+json\" class=\"yoast-schema-graph\">{\"@context\":\"https:\\\/\\\/schema.org\",\"@graph\":[{\"@type\":\"Article\",\"@id\":\"https:\\\/\\\/inclusivenews.com.br\\\/?p=22260#article\",\"isPartOf\":{\"@id\":\"https:\\\/\\\/inclusivenews.com.br\\\/?p=22260\"},\"author\":{\"name\":\"inclusivenews2024\",\"@id\":\"https:\\\/\\\/inclusivenews.com.br\\\/#\\\/schema\\\/person\\\/ae4ec7087559b8692fb33b6fffd2273b\"},\"headline\":\"Primeira travesti a fazer doutorado no Brasil defende tese sobre discrimina\u00e7\u00e3o\",\"datePublished\":\"2012-03-28T19:33:26+00:00\",\"mainEntityOfPage\":{\"@id\":\"https:\\\/\\\/inclusivenews.com.br\\\/?p=22260\"},\"wordCount\":877,\"commentCount\":1,\"publisher\":{\"@id\":\"https:\\\/\\\/inclusivenews.com.br\\\/#organization\"},\"image\":{\"@id\":\"https:\\\/\\\/inclusivenews.com.br\\\/?p=22260#primaryimage\"},\"thumbnailUrl\":\"http:\\\/\\\/i0.ig.com\\\/bancodeimagens\\\/4q\\\/62\\\/g1\\\/4q62g10311cnp213d4csai3g4.jpg\",\"articleSection\":[\"INCLUS\u00c3O SOCIAL\",\"NOT\u00cdCIAS\",\"Preconceito\"],\"inLanguage\":\"pt-PT\",\"potentialAction\":[{\"@type\":\"CommentAction\",\"name\":\"Comment\",\"target\":[\"https:\\\/\\\/inclusivenews.com.br\\\/?p=22260#respond\"]}]},{\"@type\":\"WebPage\",\"@id\":\"https:\\\/\\\/inclusivenews.com.br\\\/?p=22260\",\"url\":\"https:\\\/\\\/inclusivenews.com.br\\\/?p=22260\",\"name\":\"Primeira travesti a fazer doutorado no Brasil defende tese sobre discrimina\u00e7\u00e3o -\",\"isPartOf\":{\"@id\":\"https:\\\/\\\/inclusivenews.com.br\\\/#website\"},\"primaryImageOfPage\":{\"@id\":\"https:\\\/\\\/inclusivenews.com.br\\\/?p=22260#primaryimage\"},\"image\":{\"@id\":\"https:\\\/\\\/inclusivenews.com.br\\\/?p=22260#primaryimage\"},\"thumbnailUrl\":\"http:\\\/\\\/i0.ig.com\\\/bancodeimagens\\\/4q\\\/62\\\/g1\\\/4q62g10311cnp213d4csai3g4.jpg\",\"datePublished\":\"2012-03-28T19:33:26+00:00\",\"breadcrumb\":{\"@id\":\"https:\\\/\\\/inclusivenews.com.br\\\/?p=22260#breadcrumb\"},\"inLanguage\":\"pt-PT\",\"potentialAction\":[{\"@type\":\"ReadAction\",\"target\":[\"https:\\\/\\\/inclusivenews.com.br\\\/?p=22260\"]}]},{\"@type\":\"ImageObject\",\"inLanguage\":\"pt-PT\",\"@id\":\"https:\\\/\\\/inclusivenews.com.br\\\/?p=22260#primaryimage\",\"url\":\"http:\\\/\\\/i0.ig.com\\\/bancodeimagens\\\/4q\\\/62\\\/g1\\\/4q62g10311cnp213d4csai3g4.jpg\",\"contentUrl\":\"http:\\\/\\\/i0.ig.com\\\/bancodeimagens\\\/4q\\\/62\\\/g1\\\/4q62g10311cnp213d4csai3g4.jpg\"},{\"@type\":\"BreadcrumbList\",\"@id\":\"https:\\\/\\\/inclusivenews.com.br\\\/?p=22260#breadcrumb\",\"itemListElement\":[{\"@type\":\"ListItem\",\"position\":1,\"name\":\"In\u00edcio\",\"item\":\"https:\\\/\\\/inclusivenews.com.br\\\/\"},{\"@type\":\"ListItem\",\"position\":2,\"name\":\"Primeira travesti a fazer doutorado no Brasil defende tese sobre discrimina\u00e7\u00e3o\"}]},{\"@type\":\"WebSite\",\"@id\":\"https:\\\/\\\/inclusivenews.com.br\\\/#website\",\"url\":\"https:\\\/\\\/inclusivenews.com.br\\\/\",\"name\":\"Inclusive News\",\"description\":\"Inclusive News\",\"publisher\":{\"@id\":\"https:\\\/\\\/inclusivenews.com.br\\\/#organization\"},\"potentialAction\":[{\"@type\":\"SearchAction\",\"target\":{\"@type\":\"EntryPoint\",\"urlTemplate\":\"https:\\\/\\\/inclusivenews.com.br\\\/?s={search_term_string}\"},\"query-input\":{\"@type\":\"PropertyValueSpecification\",\"valueRequired\":true,\"valueName\":\"search_term_string\"}}],\"inLanguage\":\"pt-PT\"},{\"@type\":\"Organization\",\"@id\":\"https:\\\/\\\/inclusivenews.com.br\\\/#organization\",\"name\":\"Inclusive - inclus\u00e3o e cidadania\",\"url\":\"https:\\\/\\\/inclusivenews.com.br\\\/\",\"logo\":{\"@type\":\"ImageObject\",\"inLanguage\":\"pt-PT\",\"@id\":\"https:\\\/\\\/inclusivenews.com.br\\\/#\\\/schema\\\/logo\\\/image\\\/\",\"url\":\"https:\\\/\\\/inclusivenews.com.br\\\/wp-content\\\/uploads\\\/2024\\\/03\\\/@grandesite.png\",\"contentUrl\":\"https:\\\/\\\/inclusivenews.com.br\\\/wp-content\\\/uploads\\\/2024\\\/03\\\/@grandesite.png\",\"width\":1080,\"height\":1080,\"caption\":\"Inclusive - inclus\u00e3o e cidadania\"},\"image\":{\"@id\":\"https:\\\/\\\/inclusivenews.com.br\\\/#\\\/schema\\\/logo\\\/image\\\/\"},\"sameAs\":[\"https:\\\/\\\/www.facebook.com\\\/agenciainclusive\\\/\",\"https:\\\/\\\/www.instagram.com\\\/newsinclusive\\\/\"]},{\"@type\":\"Person\",\"@id\":\"https:\\\/\\\/inclusivenews.com.br\\\/#\\\/schema\\\/person\\\/ae4ec7087559b8692fb33b6fffd2273b\",\"name\":\"inclusivenews2024\",\"image\":{\"@type\":\"ImageObject\",\"inLanguage\":\"pt-PT\",\"@id\":\"https:\\\/\\\/secure.gravatar.com\\\/avatar\\\/c5a7ef84c66fa914f55bc4f7ce26cfa275a3b9a1c5568b907bd184fb4dde7b40?s=96&d=mm&r=g\",\"url\":\"https:\\\/\\\/secure.gravatar.com\\\/avatar\\\/c5a7ef84c66fa914f55bc4f7ce26cfa275a3b9a1c5568b907bd184fb4dde7b40?s=96&d=mm&r=g\",\"contentUrl\":\"https:\\\/\\\/secure.gravatar.com\\\/avatar\\\/c5a7ef84c66fa914f55bc4f7ce26cfa275a3b9a1c5568b907bd184fb4dde7b40?s=96&d=mm&r=g\",\"caption\":\"inclusivenews2024\"},\"sameAs\":[\"https:\\\/\\\/inclusivenews.com.br\"],\"url\":\"https:\\\/\\\/inclusivenews.com.br\\\/?author=1\"}]}<\/script>\n<!-- \/ Yoast SEO plugin. -->","yoast_head_json":{"title":"Primeira travesti a fazer doutorado no Brasil defende tese sobre discrimina\u00e7\u00e3o -","robots":{"index":"index","follow":"follow","max-snippet":"max-snippet:-1","max-image-preview":"max-image-preview:large","max-video-preview":"max-video-preview:-1"},"canonical":"https:\/\/inclusivenews.com.br\/?p=22260","og_locale":"pt_PT","og_type":"article","og_title":"Primeira travesti a fazer doutorado no Brasil defende tese sobre discrimina\u00e7\u00e3o -","og_description":"Luma Andrade descreve o preconceito sofrido por travestis na rede p\u00fablica de ensino e aponta lacunas na forma\u00e7\u00e3o de professores; defesa ser\u00e1 em julho Antes de se tornar supervisora regional de 26 escolas p\u00fablicas e ingressar no doutorado em Educa\u00e7\u00e3o da Universidade Federal do Cear\u00e1 (UFC), Luma Andrade assinou o nome Jo\u00e3o por 30 anos, [&hellip;]","og_url":"https:\/\/inclusivenews.com.br\/?p=22260","article_publisher":"https:\/\/www.facebook.com\/agenciainclusive\/","article_published_time":"2012-03-28T19:33:26+00:00","og_image":[{"url":"http:\/\/i0.ig.com\/bancodeimagens\/4q\/62\/g1\/4q62g10311cnp213d4csai3g4.jpg","type":"","width":"","height":""}],"author":"inclusivenews2024","twitter_card":"summary_large_image","twitter_misc":{"Escrito por":"inclusivenews2024","Tempo estimado de leitura":"4 minutos"},"schema":{"@context":"https:\/\/schema.org","@graph":[{"@type":"Article","@id":"https:\/\/inclusivenews.com.br\/?p=22260#article","isPartOf":{"@id":"https:\/\/inclusivenews.com.br\/?p=22260"},"author":{"name":"inclusivenews2024","@id":"https:\/\/inclusivenews.com.br\/#\/schema\/person\/ae4ec7087559b8692fb33b6fffd2273b"},"headline":"Primeira travesti a fazer doutorado no Brasil defende tese sobre discrimina\u00e7\u00e3o","datePublished":"2012-03-28T19:33:26+00:00","mainEntityOfPage":{"@id":"https:\/\/inclusivenews.com.br\/?p=22260"},"wordCount":877,"commentCount":1,"publisher":{"@id":"https:\/\/inclusivenews.com.br\/#organization"},"image":{"@id":"https:\/\/inclusivenews.com.br\/?p=22260#primaryimage"},"thumbnailUrl":"http:\/\/i0.ig.com\/bancodeimagens\/4q\/62\/g1\/4q62g10311cnp213d4csai3g4.jpg","articleSection":["INCLUS\u00c3O SOCIAL","NOT\u00cdCIAS","Preconceito"],"inLanguage":"pt-PT","potentialAction":[{"@type":"CommentAction","name":"Comment","target":["https:\/\/inclusivenews.com.br\/?p=22260#respond"]}]},{"@type":"WebPage","@id":"https:\/\/inclusivenews.com.br\/?p=22260","url":"https:\/\/inclusivenews.com.br\/?p=22260","name":"Primeira travesti a fazer doutorado no Brasil defende tese sobre discrimina\u00e7\u00e3o -","isPartOf":{"@id":"https:\/\/inclusivenews.com.br\/#website"},"primaryImageOfPage":{"@id":"https:\/\/inclusivenews.com.br\/?p=22260#primaryimage"},"image":{"@id":"https:\/\/inclusivenews.com.br\/?p=22260#primaryimage"},"thumbnailUrl":"http:\/\/i0.ig.com\/bancodeimagens\/4q\/62\/g1\/4q62g10311cnp213d4csai3g4.jpg","datePublished":"2012-03-28T19:33:26+00:00","breadcrumb":{"@id":"https:\/\/inclusivenews.com.br\/?p=22260#breadcrumb"},"inLanguage":"pt-PT","potentialAction":[{"@type":"ReadAction","target":["https:\/\/inclusivenews.com.br\/?p=22260"]}]},{"@type":"ImageObject","inLanguage":"pt-PT","@id":"https:\/\/inclusivenews.com.br\/?p=22260#primaryimage","url":"http:\/\/i0.ig.com\/bancodeimagens\/4q\/62\/g1\/4q62g10311cnp213d4csai3g4.jpg","contentUrl":"http:\/\/i0.ig.com\/bancodeimagens\/4q\/62\/g1\/4q62g10311cnp213d4csai3g4.jpg"},{"@type":"BreadcrumbList","@id":"https:\/\/inclusivenews.com.br\/?p=22260#breadcrumb","itemListElement":[{"@type":"ListItem","position":1,"name":"In\u00edcio","item":"https:\/\/inclusivenews.com.br\/"},{"@type":"ListItem","position":2,"name":"Primeira travesti a fazer doutorado no Brasil defende tese sobre discrimina\u00e7\u00e3o"}]},{"@type":"WebSite","@id":"https:\/\/inclusivenews.com.br\/#website","url":"https:\/\/inclusivenews.com.br\/","name":"Inclusive News","description":"Inclusive News","publisher":{"@id":"https:\/\/inclusivenews.com.br\/#organization"},"potentialAction":[{"@type":"SearchAction","target":{"@type":"EntryPoint","urlTemplate":"https:\/\/inclusivenews.com.br\/?s={search_term_string}"},"query-input":{"@type":"PropertyValueSpecification","valueRequired":true,"valueName":"search_term_string"}}],"inLanguage":"pt-PT"},{"@type":"Organization","@id":"https:\/\/inclusivenews.com.br\/#organization","name":"Inclusive - inclus\u00e3o e cidadania","url":"https:\/\/inclusivenews.com.br\/","logo":{"@type":"ImageObject","inLanguage":"pt-PT","@id":"https:\/\/inclusivenews.com.br\/#\/schema\/logo\/image\/","url":"https:\/\/inclusivenews.com.br\/wp-content\/uploads\/2024\/03\/@grandesite.png","contentUrl":"https:\/\/inclusivenews.com.br\/wp-content\/uploads\/2024\/03\/@grandesite.png","width":1080,"height":1080,"caption":"Inclusive - inclus\u00e3o e cidadania"},"image":{"@id":"https:\/\/inclusivenews.com.br\/#\/schema\/logo\/image\/"},"sameAs":["https:\/\/www.facebook.com\/agenciainclusive\/","https:\/\/www.instagram.com\/newsinclusive\/"]},{"@type":"Person","@id":"https:\/\/inclusivenews.com.br\/#\/schema\/person\/ae4ec7087559b8692fb33b6fffd2273b","name":"inclusivenews2024","image":{"@type":"ImageObject","inLanguage":"pt-PT","@id":"https:\/\/secure.gravatar.com\/avatar\/c5a7ef84c66fa914f55bc4f7ce26cfa275a3b9a1c5568b907bd184fb4dde7b40?s=96&d=mm&r=g","url":"https:\/\/secure.gravatar.com\/avatar\/c5a7ef84c66fa914f55bc4f7ce26cfa275a3b9a1c5568b907bd184fb4dde7b40?s=96&d=mm&r=g","contentUrl":"https:\/\/secure.gravatar.com\/avatar\/c5a7ef84c66fa914f55bc4f7ce26cfa275a3b9a1c5568b907bd184fb4dde7b40?s=96&d=mm&r=g","caption":"inclusivenews2024"},"sameAs":["https:\/\/inclusivenews.com.br"],"url":"https:\/\/inclusivenews.com.br\/?author=1"}]}},"_links":{"self":[{"href":"https:\/\/inclusivenews.com.br\/index.php?rest_route=\/wp\/v2\/posts\/22260","targetHints":{"allow":["GET"]}}],"collection":[{"href":"https:\/\/inclusivenews.com.br\/index.php?rest_route=\/wp\/v2\/posts"}],"about":[{"href":"https:\/\/inclusivenews.com.br\/index.php?rest_route=\/wp\/v2\/types\/post"}],"author":[{"embeddable":true,"href":"https:\/\/inclusivenews.com.br\/index.php?rest_route=\/wp\/v2\/users\/1"}],"replies":[{"embeddable":true,"href":"https:\/\/inclusivenews.com.br\/index.php?rest_route=%2Fwp%2Fv2%2Fcomments&post=22260"}],"version-history":[{"count":0,"href":"https:\/\/inclusivenews.com.br\/index.php?rest_route=\/wp\/v2\/posts\/22260\/revisions"}],"wp:attachment":[{"href":"https:\/\/inclusivenews.com.br\/index.php?rest_route=%2Fwp%2Fv2%2Fmedia&parent=22260"}],"wp:term":[{"taxonomy":"category","embeddable":true,"href":"https:\/\/inclusivenews.com.br\/index.php?rest_route=%2Fwp%2Fv2%2Fcategories&post=22260"},{"taxonomy":"post_tag","embeddable":true,"href":"https:\/\/inclusivenews.com.br\/index.php?rest_route=%2Fwp%2Fv2%2Ftags&post=22260"}],"curies":[{"name":"wp","href":"https:\/\/api.w.org\/{rel}","templated":true}]}}