{"id":22262,"date":"2012-03-28T16:26:53","date_gmt":"2012-03-28T19:26:53","guid":{"rendered":"http:\/\/www.inclusive.org.br\/?p=22262"},"modified":"2012-03-28T16:26:53","modified_gmt":"2012-03-28T19:26:53","slug":"a-hora-e-a-vez-das-favelas","status":"publish","type":"post","link":"https:\/\/inclusivenews.com.br\/?p=22262","title":{"rendered":"A hora e a vez das favelas"},"content":{"rendered":"<p><strong>Por Bruna Ventura<\/strong><\/p>\n<p>L\u00edder do <a href=\"http:\/\/www.afroreggae.org\/\">AfroReggae<\/a>, ONG refer\u00eancia no trabalho social com jovens carentes de diversas comunidades da capital fluminense, <a href=\"https:\/\/twitter.com\/#%21\/JJAfroReggae\">Jos\u00e9 Junior<\/a> participou do encontro \u201c<a href=\"http:\/\/www.afroreggae.org\/por-aqui\/57086\">Comunicando a Favela<\/a>\u201d, realizado na <a href=\"http:\/\/eco.ufrj.br\/\">Escola de Comunica\u00e7\u00e3o<\/a> da Universidade Federal do Rio de Janeiro (UFRJ), no dia 21 de mar\u00e7o. O apresentador do programa de TV <a href=\"http:\/\/multishow.globo.com\/Conexoes-Urbanas\/\">Conex\u00f5es Urbanas<\/a> e diretor do <em>reality show<\/em> Papo de Pol\u00edcia debateu temas como cultura da favela, processo de ocupa\u00e7\u00e3o dos territ\u00f3rios pelas Unidades de Pol\u00edcia Pacificadora (UPPs), media\u00e7\u00e3o de conflitos e iniciativas voltadas para a ressocializa\u00e7\u00e3o de ex-presidi\u00e1rios e ex-traficantes.<\/p>\n<p style=\"text-align: center;\"><a href=\"http:\/\/www.ibase.br\/pt\/wp-content\/uploads\/2012\/03\/jjafroreggae.jpg\"><img loading=\"lazy\" decoding=\"async\" class=\"alignnone\" src=\"http:\/\/www.ibase.br\/pt\/wp-content\/uploads\/2012\/03\/jjafroreggae-300x199.jpg\" alt=\"\" width=\"300\" height=\"199\" \/><br \/>\n<\/a><\/p>\n<p style=\"text-align: center;\">Cr\u00e9dito: <a href=\"https:\/\/www.facebook.com\/afroreggaeoficial\">Grupo Cultural AfroReggae<\/a><\/p>\n<p>Entre os projetos mais pol\u00eamicos encabe\u00e7ados por J\u00fanior est\u00e1 o que prev\u00ea anistia aos traficantes que desejam sair da criminalidade e conseguir um emprego. \u201cN\u00e3o significa dizer que eles n\u00e3o cumprir\u00e3o pena alguma, cada caso deve ser analisado\u201d, explica Junior. \u201cO crime hoje n\u00e3o \u00e9 mais rent\u00e1vel como era no passado e \u00e9 muito mais genocida. Pode perguntar a qualquer um desses rapazes que largaram a criminalidade e hoje trabalham no AfroReggae e voc\u00eas ver\u00e3o que a vida deles melhorou e que eles conhecem muitos outros que gostariam de fazer o mesmo\u201d, completou, ressaltando que a ONG j\u00e1 ajudou na contrata\u00e7\u00e3o de duas mil pessoas, 900 delas ex-traficantes e ex-presidi\u00e1rios.<\/p>\n<p>Sobre as <a href=\"http:\/\/www.ibase.br\/pt\/2011\/09\/upp-em-revista\/\">UPP<\/a>s, Junior afirmou: \u201cAs Unidades n\u00e3o s\u00e3o respons\u00e1veis pela falta de infraestrutura das comunidades. Isso \u00e9 uma atribui\u00e7\u00e3o do Estado, dos programas sociais como o PAC \u2013 <a href=\"http:\/\/pt.wikipedia.org\/wiki\/Programa_de_Acelera%C3%A7%C3%A3o_do_Crescimento\">Programa de Acelera\u00e7\u00e3o do Crescimento<\/a> \u2013 e, na falta destes, das ONGs. O gestor de seguran\u00e7a n\u00e3o pode ser considerado um gestor da comunidade\u201d. Para ele, um l\u00edder comunit\u00e1rio, eleito pela maioria dos moradores, \u00e9 quem deve exercer esse papel. \u201cAl\u00e9m disso, para que exista di\u00e1logo, tamb\u00e9m \u00e9 necess\u00e1rio que um porta-voz da comunidade possua um cargo em alguma das secretarias do governo\u201d, acrescentou.<\/p>\n<p>O problema, segundo ele, \u00e9 que o mercado tem mais interesse em estar presente nas favelas do que o pr\u00f3prio governo. \u201cNo dia seguinte \u00e0 <a href=\"http:\/\/www.cartacapital.com.br\/sociedade\/a-ocupacao-do-complexo-do-alemao-e-as-analises-sobre-a-guerra-ao-trafico-no-rio\/\">ocupa\u00e7\u00e3o do Alem\u00e3o<\/a>, j\u00e1 havia antenas de TV por assinatura no telhado das casas. Mas n\u00e3o havia novos postos de sa\u00fade, novas escolas, novos centros culturais\u201d, criticou. Outra quest\u00e3o que recebe pouca aten\u00e7\u00e3o do Estado e da m\u00eddia \u00e9 o deslocamento de traficantes para outras \u00e1reas do Rio de Janeiro. Ap\u00f3s a ocupa\u00e7\u00e3o, locais como Maca\u00e9, S\u00e3o Gon\u00e7alo e Campo Grande foram alvo de fugitivos. \u201cPor mais que as autoridades neguem, est\u00e1 havendo uma migra\u00e7\u00e3o de bandidos. Infelizmente, a quest\u00e3o s\u00f3 ganha visibilidade quando acontece na Zona Sul. O pr\u00f3prio Morro do Cantagalo s\u00f3 \u00e9 um \u2018shopping de ONGs\u2019 porque est\u00e1 ao lado de Ipanema\u201d, lamentou.<\/p>\n<p>J\u00e1 sobre o temor de que os investimentos no Rio de Janeiro estejam atrelados aos grandes eventos previstos para a cidade \u2013 Copa do Mundo e Jogos Ol\u00edmpicos \u2013 Junior se mostrou otimista. \u201cA UPP n\u00e3o tem mais volta, mesmo depois de 2016, acredito que exista continuidade de pol\u00edticas voltadas para as comunidades\u201d, afirmou. \u201cAcho fundamental aproveitarmos esse momento em que o Rio \u00e9 a bola da vez, tem recebido mais investimentos, foi notado at\u00e9 por Hollywood\u201d, lembrou.<\/p>\n<p>Entretanto, o l\u00edder comunit\u00e1rio ressaltou que a <a href=\"http:\/\/www.ibase.br\/pt\/2011\/11\/lider-comunitario-fala-sobre-upp-do-complexo-da-rocinha\/\">imagem da favela continua atrelada \u00e0 viol\u00eancia<\/a>. \u201cPara a grande m\u00eddia, a favela ainda \u00e9 um produto e, se n\u00e3o houver viol\u00eancia, n\u00e3o h\u00e1 sucesso e n\u00e3o h\u00e1 lucro\u201d, disse. \u201cEsse \u00e9 um universo que ainda n\u00e3o foi sistematizado, \u00e9 blindado. S\u00f3 agora estamos come\u00e7ando a nos relacionar e a transitar por diferentes meios, como universidades, empresas, televis\u00e3o\u201d.<\/p>\n<p><a href=\"https:\/\/twitter.com\/#%21\/ivanabentes\">Ivana Bentes<\/a>, diretora do Curso de Comunica\u00e7\u00e3o da UFRJ e coordenadora do evento, ressaltou a import\u00e2ncia da periferia para a cidade: \u201cEssa \u00e9 a vitrine do Rio para o mundo. O que atraiu os olhares de fora foi o samba, o morro, o futebol, e n\u00e3o a classe m\u00e9dia\u201d, concluiu.<\/p>\n<p>Fonte: <a href=\"http:\/\/www.ibase.br\/pt\/2012\/03\/favela-pop\/\">Ibase<\/a><\/p>\n","protected":false},"excerpt":{"rendered":"<p>Jos\u00e9 J\u00fanior debateu temas como cultura da favela, processo de ocupa\u00e7\u00e3o dos territ\u00f3rios pelas Unidades de Pol\u00edcia Pacificadora (UPPs), media\u00e7\u00e3o de conflitos e iniciativas voltadas para a ressocializa\u00e7\u00e3o de ex-presidi\u00e1rios e ex-traficantes. Do Ibase.<\/p>\n","protected":false},"author":1,"featured_media":0,"comment_status":"open","ping_status":"open","sticky":false,"template":"","format":"standard","meta":{"site-container-style":"default","site-container-layout":"default","site-sidebar-layout":"default","disable-article-header":"default","disable-site-header":"default","disable-site-footer":"default","disable-content-area-spacing":"default","footnotes":""},"categories":[11,4],"tags":[],"class_list":["post-22262","post","type-post","status-publish","format-standard","hentry","category-direitos-humanos","category-noticias"],"yoast_head":"<!-- This site is optimized with the Yoast SEO plugin v27.4 - https:\/\/yoast.com\/product\/yoast-seo-wordpress\/ -->\n<title>A hora e a vez das favelas -<\/title>\n<meta name=\"robots\" content=\"index, follow, max-snippet:-1, max-image-preview:large, max-video-preview:-1\" \/>\n<link rel=\"canonical\" href=\"https:\/\/inclusivenews.com.br\/?p=22262\" \/>\n<meta property=\"og:locale\" content=\"pt_PT\" \/>\n<meta property=\"og:type\" content=\"article\" \/>\n<meta property=\"og:title\" content=\"A hora e a vez das favelas -\" \/>\n<meta property=\"og:description\" content=\"Jos\u00e9 J\u00fanior debateu temas como cultura da favela, processo de ocupa\u00e7\u00e3o dos territ\u00f3rios pelas Unidades de Pol\u00edcia Pacificadora (UPPs), media\u00e7\u00e3o de conflitos e iniciativas voltadas para a ressocializa\u00e7\u00e3o de ex-presidi\u00e1rios e ex-traficantes. Do Ibase.\" \/>\n<meta property=\"og:url\" content=\"https:\/\/inclusivenews.com.br\/?p=22262\" \/>\n<meta property=\"article:publisher\" content=\"https:\/\/www.facebook.com\/agenciainclusive\/\" \/>\n<meta property=\"article:published_time\" content=\"2012-03-28T19:26:53+00:00\" \/>\n<meta property=\"og:image\" content=\"http:\/\/www.ibase.br\/pt\/wp-content\/uploads\/2012\/03\/jjafroreggae-300x199.jpg\" \/>\n<meta name=\"author\" content=\"inclusivenews2024\" \/>\n<meta name=\"twitter:card\" content=\"summary_large_image\" \/>\n<meta name=\"twitter:label1\" content=\"Escrito por\" \/>\n\t<meta name=\"twitter:data1\" content=\"inclusivenews2024\" \/>\n\t<meta name=\"twitter:label2\" content=\"Tempo estimado de leitura\" \/>\n\t<meta name=\"twitter:data2\" content=\"3 minutos\" \/>\n<script type=\"application\/ld+json\" class=\"yoast-schema-graph\">{\"@context\":\"https:\\\/\\\/schema.org\",\"@graph\":[{\"@type\":\"Article\",\"@id\":\"https:\\\/\\\/inclusivenews.com.br\\\/?p=22262#article\",\"isPartOf\":{\"@id\":\"https:\\\/\\\/inclusivenews.com.br\\\/?p=22262\"},\"author\":{\"name\":\"inclusivenews2024\",\"@id\":\"https:\\\/\\\/inclusivenews.com.br\\\/#\\\/schema\\\/person\\\/ae4ec7087559b8692fb33b6fffd2273b\"},\"headline\":\"A hora e a vez das favelas\",\"datePublished\":\"2012-03-28T19:26:53+00:00\",\"mainEntityOfPage\":{\"@id\":\"https:\\\/\\\/inclusivenews.com.br\\\/?p=22262\"},\"wordCount\":681,\"commentCount\":0,\"publisher\":{\"@id\":\"https:\\\/\\\/inclusivenews.com.br\\\/#organization\"},\"image\":{\"@id\":\"https:\\\/\\\/inclusivenews.com.br\\\/?p=22262#primaryimage\"},\"thumbnailUrl\":\"http:\\\/\\\/www.ibase.br\\\/pt\\\/wp-content\\\/uploads\\\/2012\\\/03\\\/jjafroreggae-300x199.jpg\",\"articleSection\":[\"DIREITOS HUMANOS\",\"NOT\u00cdCIAS\"],\"inLanguage\":\"pt-PT\",\"potentialAction\":[{\"@type\":\"CommentAction\",\"name\":\"Comment\",\"target\":[\"https:\\\/\\\/inclusivenews.com.br\\\/?p=22262#respond\"]}]},{\"@type\":\"WebPage\",\"@id\":\"https:\\\/\\\/inclusivenews.com.br\\\/?p=22262\",\"url\":\"https:\\\/\\\/inclusivenews.com.br\\\/?p=22262\",\"name\":\"A hora e a vez das favelas -\",\"isPartOf\":{\"@id\":\"https:\\\/\\\/inclusivenews.com.br\\\/#website\"},\"primaryImageOfPage\":{\"@id\":\"https:\\\/\\\/inclusivenews.com.br\\\/?p=22262#primaryimage\"},\"image\":{\"@id\":\"https:\\\/\\\/inclusivenews.com.br\\\/?p=22262#primaryimage\"},\"thumbnailUrl\":\"http:\\\/\\\/www.ibase.br\\\/pt\\\/wp-content\\\/uploads\\\/2012\\\/03\\\/jjafroreggae-300x199.jpg\",\"datePublished\":\"2012-03-28T19:26:53+00:00\",\"breadcrumb\":{\"@id\":\"https:\\\/\\\/inclusivenews.com.br\\\/?p=22262#breadcrumb\"},\"inLanguage\":\"pt-PT\",\"potentialAction\":[{\"@type\":\"ReadAction\",\"target\":[\"https:\\\/\\\/inclusivenews.com.br\\\/?p=22262\"]}]},{\"@type\":\"ImageObject\",\"inLanguage\":\"pt-PT\",\"@id\":\"https:\\\/\\\/inclusivenews.com.br\\\/?p=22262#primaryimage\",\"url\":\"http:\\\/\\\/www.ibase.br\\\/pt\\\/wp-content\\\/uploads\\\/2012\\\/03\\\/jjafroreggae-300x199.jpg\",\"contentUrl\":\"http:\\\/\\\/www.ibase.br\\\/pt\\\/wp-content\\\/uploads\\\/2012\\\/03\\\/jjafroreggae-300x199.jpg\"},{\"@type\":\"BreadcrumbList\",\"@id\":\"https:\\\/\\\/inclusivenews.com.br\\\/?p=22262#breadcrumb\",\"itemListElement\":[{\"@type\":\"ListItem\",\"position\":1,\"name\":\"In\u00edcio\",\"item\":\"https:\\\/\\\/inclusivenews.com.br\\\/\"},{\"@type\":\"ListItem\",\"position\":2,\"name\":\"A hora e a vez das favelas\"}]},{\"@type\":\"WebSite\",\"@id\":\"https:\\\/\\\/inclusivenews.com.br\\\/#website\",\"url\":\"https:\\\/\\\/inclusivenews.com.br\\\/\",\"name\":\"Inclusive News\",\"description\":\"Inclusive News\",\"publisher\":{\"@id\":\"https:\\\/\\\/inclusivenews.com.br\\\/#organization\"},\"potentialAction\":[{\"@type\":\"SearchAction\",\"target\":{\"@type\":\"EntryPoint\",\"urlTemplate\":\"https:\\\/\\\/inclusivenews.com.br\\\/?s={search_term_string}\"},\"query-input\":{\"@type\":\"PropertyValueSpecification\",\"valueRequired\":true,\"valueName\":\"search_term_string\"}}],\"inLanguage\":\"pt-PT\"},{\"@type\":\"Organization\",\"@id\":\"https:\\\/\\\/inclusivenews.com.br\\\/#organization\",\"name\":\"Inclusive - inclus\u00e3o e cidadania\",\"url\":\"https:\\\/\\\/inclusivenews.com.br\\\/\",\"logo\":{\"@type\":\"ImageObject\",\"inLanguage\":\"pt-PT\",\"@id\":\"https:\\\/\\\/inclusivenews.com.br\\\/#\\\/schema\\\/logo\\\/image\\\/\",\"url\":\"https:\\\/\\\/inclusivenews.com.br\\\/wp-content\\\/uploads\\\/2024\\\/03\\\/@grandesite.png\",\"contentUrl\":\"https:\\\/\\\/inclusivenews.com.br\\\/wp-content\\\/uploads\\\/2024\\\/03\\\/@grandesite.png\",\"width\":1080,\"height\":1080,\"caption\":\"Inclusive - inclus\u00e3o e cidadania\"},\"image\":{\"@id\":\"https:\\\/\\\/inclusivenews.com.br\\\/#\\\/schema\\\/logo\\\/image\\\/\"},\"sameAs\":[\"https:\\\/\\\/www.facebook.com\\\/agenciainclusive\\\/\",\"https:\\\/\\\/www.instagram.com\\\/newsinclusive\\\/\"]},{\"@type\":\"Person\",\"@id\":\"https:\\\/\\\/inclusivenews.com.br\\\/#\\\/schema\\\/person\\\/ae4ec7087559b8692fb33b6fffd2273b\",\"name\":\"inclusivenews2024\",\"image\":{\"@type\":\"ImageObject\",\"inLanguage\":\"pt-PT\",\"@id\":\"https:\\\/\\\/secure.gravatar.com\\\/avatar\\\/c5a7ef84c66fa914f55bc4f7ce26cfa275a3b9a1c5568b907bd184fb4dde7b40?s=96&d=mm&r=g\",\"url\":\"https:\\\/\\\/secure.gravatar.com\\\/avatar\\\/c5a7ef84c66fa914f55bc4f7ce26cfa275a3b9a1c5568b907bd184fb4dde7b40?s=96&d=mm&r=g\",\"contentUrl\":\"https:\\\/\\\/secure.gravatar.com\\\/avatar\\\/c5a7ef84c66fa914f55bc4f7ce26cfa275a3b9a1c5568b907bd184fb4dde7b40?s=96&d=mm&r=g\",\"caption\":\"inclusivenews2024\"},\"sameAs\":[\"https:\\\/\\\/inclusivenews.com.br\"],\"url\":\"https:\\\/\\\/inclusivenews.com.br\\\/?author=1\"}]}<\/script>\n<!-- \/ Yoast SEO plugin. -->","yoast_head_json":{"title":"A hora e a vez das favelas -","robots":{"index":"index","follow":"follow","max-snippet":"max-snippet:-1","max-image-preview":"max-image-preview:large","max-video-preview":"max-video-preview:-1"},"canonical":"https:\/\/inclusivenews.com.br\/?p=22262","og_locale":"pt_PT","og_type":"article","og_title":"A hora e a vez das favelas -","og_description":"Jos\u00e9 J\u00fanior debateu temas como cultura da favela, processo de ocupa\u00e7\u00e3o dos territ\u00f3rios pelas Unidades de Pol\u00edcia Pacificadora (UPPs), media\u00e7\u00e3o de conflitos e iniciativas voltadas para a ressocializa\u00e7\u00e3o de ex-presidi\u00e1rios e ex-traficantes. Do Ibase.","og_url":"https:\/\/inclusivenews.com.br\/?p=22262","article_publisher":"https:\/\/www.facebook.com\/agenciainclusive\/","article_published_time":"2012-03-28T19:26:53+00:00","og_image":[{"url":"http:\/\/www.ibase.br\/pt\/wp-content\/uploads\/2012\/03\/jjafroreggae-300x199.jpg","type":"","width":"","height":""}],"author":"inclusivenews2024","twitter_card":"summary_large_image","twitter_misc":{"Escrito por":"inclusivenews2024","Tempo estimado de leitura":"3 minutos"},"schema":{"@context":"https:\/\/schema.org","@graph":[{"@type":"Article","@id":"https:\/\/inclusivenews.com.br\/?p=22262#article","isPartOf":{"@id":"https:\/\/inclusivenews.com.br\/?p=22262"},"author":{"name":"inclusivenews2024","@id":"https:\/\/inclusivenews.com.br\/#\/schema\/person\/ae4ec7087559b8692fb33b6fffd2273b"},"headline":"A hora e a vez das favelas","datePublished":"2012-03-28T19:26:53+00:00","mainEntityOfPage":{"@id":"https:\/\/inclusivenews.com.br\/?p=22262"},"wordCount":681,"commentCount":0,"publisher":{"@id":"https:\/\/inclusivenews.com.br\/#organization"},"image":{"@id":"https:\/\/inclusivenews.com.br\/?p=22262#primaryimage"},"thumbnailUrl":"http:\/\/www.ibase.br\/pt\/wp-content\/uploads\/2012\/03\/jjafroreggae-300x199.jpg","articleSection":["DIREITOS HUMANOS","NOT\u00cdCIAS"],"inLanguage":"pt-PT","potentialAction":[{"@type":"CommentAction","name":"Comment","target":["https:\/\/inclusivenews.com.br\/?p=22262#respond"]}]},{"@type":"WebPage","@id":"https:\/\/inclusivenews.com.br\/?p=22262","url":"https:\/\/inclusivenews.com.br\/?p=22262","name":"A hora e a vez das favelas -","isPartOf":{"@id":"https:\/\/inclusivenews.com.br\/#website"},"primaryImageOfPage":{"@id":"https:\/\/inclusivenews.com.br\/?p=22262#primaryimage"},"image":{"@id":"https:\/\/inclusivenews.com.br\/?p=22262#primaryimage"},"thumbnailUrl":"http:\/\/www.ibase.br\/pt\/wp-content\/uploads\/2012\/03\/jjafroreggae-300x199.jpg","datePublished":"2012-03-28T19:26:53+00:00","breadcrumb":{"@id":"https:\/\/inclusivenews.com.br\/?p=22262#breadcrumb"},"inLanguage":"pt-PT","potentialAction":[{"@type":"ReadAction","target":["https:\/\/inclusivenews.com.br\/?p=22262"]}]},{"@type":"ImageObject","inLanguage":"pt-PT","@id":"https:\/\/inclusivenews.com.br\/?p=22262#primaryimage","url":"http:\/\/www.ibase.br\/pt\/wp-content\/uploads\/2012\/03\/jjafroreggae-300x199.jpg","contentUrl":"http:\/\/www.ibase.br\/pt\/wp-content\/uploads\/2012\/03\/jjafroreggae-300x199.jpg"},{"@type":"BreadcrumbList","@id":"https:\/\/inclusivenews.com.br\/?p=22262#breadcrumb","itemListElement":[{"@type":"ListItem","position":1,"name":"In\u00edcio","item":"https:\/\/inclusivenews.com.br\/"},{"@type":"ListItem","position":2,"name":"A hora e a vez das favelas"}]},{"@type":"WebSite","@id":"https:\/\/inclusivenews.com.br\/#website","url":"https:\/\/inclusivenews.com.br\/","name":"Inclusive News","description":"Inclusive News","publisher":{"@id":"https:\/\/inclusivenews.com.br\/#organization"},"potentialAction":[{"@type":"SearchAction","target":{"@type":"EntryPoint","urlTemplate":"https:\/\/inclusivenews.com.br\/?s={search_term_string}"},"query-input":{"@type":"PropertyValueSpecification","valueRequired":true,"valueName":"search_term_string"}}],"inLanguage":"pt-PT"},{"@type":"Organization","@id":"https:\/\/inclusivenews.com.br\/#organization","name":"Inclusive - inclus\u00e3o e cidadania","url":"https:\/\/inclusivenews.com.br\/","logo":{"@type":"ImageObject","inLanguage":"pt-PT","@id":"https:\/\/inclusivenews.com.br\/#\/schema\/logo\/image\/","url":"https:\/\/inclusivenews.com.br\/wp-content\/uploads\/2024\/03\/@grandesite.png","contentUrl":"https:\/\/inclusivenews.com.br\/wp-content\/uploads\/2024\/03\/@grandesite.png","width":1080,"height":1080,"caption":"Inclusive - inclus\u00e3o e cidadania"},"image":{"@id":"https:\/\/inclusivenews.com.br\/#\/schema\/logo\/image\/"},"sameAs":["https:\/\/www.facebook.com\/agenciainclusive\/","https:\/\/www.instagram.com\/newsinclusive\/"]},{"@type":"Person","@id":"https:\/\/inclusivenews.com.br\/#\/schema\/person\/ae4ec7087559b8692fb33b6fffd2273b","name":"inclusivenews2024","image":{"@type":"ImageObject","inLanguage":"pt-PT","@id":"https:\/\/secure.gravatar.com\/avatar\/c5a7ef84c66fa914f55bc4f7ce26cfa275a3b9a1c5568b907bd184fb4dde7b40?s=96&d=mm&r=g","url":"https:\/\/secure.gravatar.com\/avatar\/c5a7ef84c66fa914f55bc4f7ce26cfa275a3b9a1c5568b907bd184fb4dde7b40?s=96&d=mm&r=g","contentUrl":"https:\/\/secure.gravatar.com\/avatar\/c5a7ef84c66fa914f55bc4f7ce26cfa275a3b9a1c5568b907bd184fb4dde7b40?s=96&d=mm&r=g","caption":"inclusivenews2024"},"sameAs":["https:\/\/inclusivenews.com.br"],"url":"https:\/\/inclusivenews.com.br\/?author=1"}]}},"_links":{"self":[{"href":"https:\/\/inclusivenews.com.br\/index.php?rest_route=\/wp\/v2\/posts\/22262","targetHints":{"allow":["GET"]}}],"collection":[{"href":"https:\/\/inclusivenews.com.br\/index.php?rest_route=\/wp\/v2\/posts"}],"about":[{"href":"https:\/\/inclusivenews.com.br\/index.php?rest_route=\/wp\/v2\/types\/post"}],"author":[{"embeddable":true,"href":"https:\/\/inclusivenews.com.br\/index.php?rest_route=\/wp\/v2\/users\/1"}],"replies":[{"embeddable":true,"href":"https:\/\/inclusivenews.com.br\/index.php?rest_route=%2Fwp%2Fv2%2Fcomments&post=22262"}],"version-history":[{"count":0,"href":"https:\/\/inclusivenews.com.br\/index.php?rest_route=\/wp\/v2\/posts\/22262\/revisions"}],"wp:attachment":[{"href":"https:\/\/inclusivenews.com.br\/index.php?rest_route=%2Fwp%2Fv2%2Fmedia&parent=22262"}],"wp:term":[{"taxonomy":"category","embeddable":true,"href":"https:\/\/inclusivenews.com.br\/index.php?rest_route=%2Fwp%2Fv2%2Fcategories&post=22262"},{"taxonomy":"post_tag","embeddable":true,"href":"https:\/\/inclusivenews.com.br\/index.php?rest_route=%2Fwp%2Fv2%2Ftags&post=22262"}],"curies":[{"name":"wp","href":"https:\/\/api.w.org\/{rel}","templated":true}]}}