{"id":22268,"date":"2012-03-28T16:30:21","date_gmt":"2012-03-28T19:30:21","guid":{"rendered":"http:\/\/www.inclusive.org.br\/?p=22268"},"modified":"2012-03-28T16:30:21","modified_gmt":"2012-03-28T19:30:21","slug":"da-vagabundizacao-ao-esquecimento","status":"publish","type":"post","link":"https:\/\/inclusivenews.com.br\/?p=22268","title":{"rendered":"Da vagabundiza\u00e7\u00e3o ao esquecimento"},"content":{"rendered":"<p><a href=\"http:\/\/www.inclusivenews.com.br\/wp-content\/uploads\/2011\/04\/professor-maca.jpg\"><img loading=\"lazy\" decoding=\"async\" class=\"size-full wp-image-19202 alignleft\" title=\"Desenho de professora com uma ma\u00e7\u00e3 na m\u00e3o\" src=\"http:\/\/inclusivenews.com.br\/wp-content\/uploads\/2011\/04\/professor-maca.jpg\" alt=\"Desenho de professora com uma ma\u00e7\u00e3 na m\u00e3o\" width=\"215\" height=\"203\" \/><\/a><\/p>\n<p><strong>Por Lucio Carvalho<\/strong><\/p>\n<p>Em geral, \u00e9 no come\u00e7o do ano, no in\u00edcio do ano letivo ou quando a viol\u00eancia explode nos arredores ou interior de uma escola que a educa\u00e7\u00e3o ganha as manchetes da m\u00eddia. H\u00e1 tamb\u00e9m a m\u00eddia especializada, especialmente preocupada com quest\u00f5es de cunho pedag\u00f3gico e, mais recentemente, com os assuntos de \u201cgest\u00e3o\u201d. Mas a m\u00eddia especializada tem como foco principal o ensino privado e sua realidade diferenciada, n\u00e3o sendo raro encontrar ali a figura de experts que procuram eventualmente replicar na escola p\u00fablica o que, em outras condi\u00e7\u00f5es, acontece l\u00e1, nos espa\u00e7os privados. S\u00e3o passes de m\u00e1gica e solu\u00e7\u00f5es fant\u00e1sticas que t\u00eam muito pouco a ver com a realidade que enfrentam os professores da rede p\u00fablica.<\/p>\n<p>N\u00e3o gosto de neologismos, nunca gostei, mas tamb\u00e9m n\u00e3o concordo em vitimizar os professores, especialmente os que atuam no ensino b\u00e1sico, na rede p\u00fablica. Penso que ali est\u00e3o por verdadeira voca\u00e7\u00e3o e, por isso, talvez devessem suportar qualquer coisa, inclusive condi\u00e7\u00f5es indignas de trabalho. Bem, o problema \u00e9 que isso eles j\u00e1 v\u00eam fazendo h\u00e1 tempos. Por isso \u00e9 preciso vilaniz\u00e1-los sob outro prisma. Esse j\u00e1 est\u00e1 batido. Est\u00e1 provado que n\u00e3o convence nem comove ningu\u00e9m. Pretendo valer-me, daqui em diante, de um termo que escutei de um jornalista aqui de Porto Alegre que classificou, em seu programa de r\u00e1dio, os professores que faziam paralisa\u00e7\u00e3o por tr\u00eas dias em protesto ao n\u00e3o cumprimento da Lei do Piso Nacional pelo governador Tarso Genro, como vagabundos.<\/p>\n<p>\u00c9 o tipo de declara\u00e7\u00e3o que faz sucesso entre seu p\u00fablico, provavelmente. De outra forma, n\u00e3o estaria ocupando aquela posi\u00e7\u00e3o. O uso do termo deriva da no\u00e7\u00e3o imprecisa e ap\u00f3crifa de que o brasileiro, de um modo geral, \u00e9 um vagabundo e que circula bastante em an\u00e1lises profundas como a tigela do gato. Os brasileiros que eu vejo pela rua provavelmente s\u00e3o estrangeiros. N\u00e3o, n\u00e3o. Na verdade, no estrangeiro passeiam seus chefes e patr\u00f5es, eles continuam por aqui, basta que se acorde bem cedo para checar a informa\u00e7\u00e3o. Para aumentar a dose de realidade, talvez fosse conveniente acompanhar igualmente o trajeto de volta, bem mais tarde, no conforto do transporte coletivo e no clima cordial que h\u00e1 no tr\u00e2nsito de Porto Alegre. Caso n\u00e3o seja poss\u00edvel ou relevante, h\u00e1 v\u00eddeos no YouTube com professores reais.<\/p>\n<p>A hip\u00f3tese da vagabundiza\u00e7\u00e3o do professorado \u00e9 coerente com muitas outras ideias, principalmente com as de pol\u00edticos furta-cor que abusam de um termo que n\u00e3o lhes \u00e9 caro, a educa\u00e7\u00e3o p\u00fablica, em campanhas eleitorais, mas que, de posse das cadeiras do executivo, jamais ousam enfrentar o problema onde precisa ser enfrentado \u2013 no financiamento de sua estrutura e valoriza\u00e7\u00e3o de seus profissionais. Em que pese n\u00e3o ser novidade alguma, tenho a suspeita de que s\u00e3o estas senhoras e senhores que v\u00eam inspirando os demais setores da sociedade a vagabundizar a profiss\u00e3o e a chutar sua reputa\u00e7\u00e3o m\u00eddia afora. O triste \u00e9 constatar que a cobertura jornal\u00edstica vem se amparando cada vez mais nesse tipo de an\u00e1lise e de conduta para tratar de um tema particularmente sens\u00edvel para toda a sociedade.<\/p>\n<p>No Rio Grande do Sul, onde governa o pr\u00f3prio autor da Lei do Piso, o ex-ministro da Justi\u00e7a e da Educa\u00e7\u00e3o governador Tarso Genro, os professores s\u00e3o especialmente descritos como seres radicais encolerizados e os governantes como esfalfadas e interessadas personalidade p\u00fablicas. Isso vale para o atual governo e para os anteriores, de outras matizes ideol\u00f3gicas. A cobertura \u00e9 sempre igual: s\u00e3o greves e manifesta\u00e7\u00f5es p\u00fablicas trazendo preju\u00edzos \u00e0s comunidades e fam\u00edlias e governos apavorados em procurar moedas no fundo do cofre. Em defesa da dignidade dos professores, h\u00e1 algumas vozes, felizmente. O azar \u00e9 que parece que os \u00fanicos interessados nelas s\u00e3o os pr\u00f3prios professores. Deve ser problema de autoestima.<\/p>\n<p>Antes o tema ocupasse o desinteresse habitual que cerca os assuntos ditos insol\u00faveis, como \u00e9 a educa\u00e7\u00e3o p\u00fablica. Talvez assim, pelo menos, os professores pudessem ser poupados de tantos adjetivos negativos e do vilip\u00eandio p\u00fablico. At\u00e9 ao saco de pancada \u00e9 dado o direito de revidar, basta que n\u00e3o se foque sempre o pugilista.<\/p>\n<p>Fonte: <a href=\"http:\/\/observatoriodaimprensa.com.br\/news\/view\/_ed687_da_vagabundizacao_ao_esquecimento\">Observat\u00f3rio da Imprensa<\/a><\/p>\n","protected":false},"excerpt":{"rendered":"<p>Por Lucio Carvalho &#8211; Antes o tema ocupasse o desinteresse habitual que cerca os assuntos ditos insol\u00faveis, como \u00e9 a educa\u00e7\u00e3o p\u00fablica. Talvez assim, pelo menos, os professores pudessem ser poupados de tantos adjetivos negativos e do vilip\u00eandio p\u00fablico. Do Observat\u00f3rio da Imprensa.<\/p>\n","protected":false},"author":1,"featured_media":0,"comment_status":"open","ping_status":"open","sticky":false,"template":"","format":"standard","meta":{"site-container-style":"default","site-container-layout":"default","site-sidebar-layout":"default","disable-article-header":"default","disable-site-header":"default","disable-site-footer":"default","disable-content-area-spacing":"default","footnotes":""},"categories":[6,8],"tags":[],"class_list":["post-22268","post","type-post","status-publish","format-standard","hentry","category-educacao","category-textos-e-artigos"],"yoast_head":"<!-- This site is optimized with the Yoast SEO plugin v27.4 - https:\/\/yoast.com\/product\/yoast-seo-wordpress\/ -->\n<title>Da vagabundiza\u00e7\u00e3o ao esquecimento -<\/title>\n<meta name=\"robots\" content=\"index, follow, max-snippet:-1, max-image-preview:large, max-video-preview:-1\" \/>\n<link rel=\"canonical\" href=\"https:\/\/inclusivenews.com.br\/?p=22268\" \/>\n<meta property=\"og:locale\" content=\"pt_PT\" \/>\n<meta property=\"og:type\" content=\"article\" \/>\n<meta property=\"og:title\" content=\"Da vagabundiza\u00e7\u00e3o ao esquecimento -\" \/>\n<meta property=\"og:description\" content=\"Por Lucio Carvalho - Antes o tema ocupasse o desinteresse habitual que cerca os assuntos ditos insol\u00faveis, como \u00e9 a educa\u00e7\u00e3o p\u00fablica. Talvez assim, pelo menos, os professores pudessem ser poupados de tantos adjetivos negativos e do vilip\u00eandio p\u00fablico. Do Observat\u00f3rio da Imprensa.\" \/>\n<meta property=\"og:url\" content=\"https:\/\/inclusivenews.com.br\/?p=22268\" \/>\n<meta property=\"article:publisher\" content=\"https:\/\/www.facebook.com\/agenciainclusive\/\" \/>\n<meta property=\"article:published_time\" content=\"2012-03-28T19:30:21+00:00\" \/>\n<meta property=\"og:image\" content=\"http:\/\/inclusivenews.com.br\/wp-content\/uploads\/2011\/04\/professor-maca.jpg\" \/>\n<meta name=\"author\" content=\"inclusivenews2024\" \/>\n<meta name=\"twitter:card\" content=\"summary_large_image\" \/>\n<meta name=\"twitter:label1\" content=\"Escrito por\" \/>\n\t<meta name=\"twitter:data1\" content=\"inclusivenews2024\" \/>\n\t<meta name=\"twitter:label2\" content=\"Tempo estimado de leitura\" \/>\n\t<meta name=\"twitter:data2\" content=\"4 minutos\" \/>\n<script type=\"application\/ld+json\" class=\"yoast-schema-graph\">{\"@context\":\"https:\\\/\\\/schema.org\",\"@graph\":[{\"@type\":\"Article\",\"@id\":\"https:\\\/\\\/inclusivenews.com.br\\\/?p=22268#article\",\"isPartOf\":{\"@id\":\"https:\\\/\\\/inclusivenews.com.br\\\/?p=22268\"},\"author\":{\"name\":\"inclusivenews2024\",\"@id\":\"https:\\\/\\\/inclusivenews.com.br\\\/#\\\/schema\\\/person\\\/ae4ec7087559b8692fb33b6fffd2273b\"},\"headline\":\"Da vagabundiza\u00e7\u00e3o ao esquecimento\",\"datePublished\":\"2012-03-28T19:30:21+00:00\",\"mainEntityOfPage\":{\"@id\":\"https:\\\/\\\/inclusivenews.com.br\\\/?p=22268\"},\"wordCount\":758,\"commentCount\":0,\"publisher\":{\"@id\":\"https:\\\/\\\/inclusivenews.com.br\\\/#organization\"},\"image\":{\"@id\":\"https:\\\/\\\/inclusivenews.com.br\\\/?p=22268#primaryimage\"},\"thumbnailUrl\":\"http:\\\/\\\/inclusivenews.com.br\\\/wp-content\\\/uploads\\\/2011\\\/04\\\/professor-maca.jpg\",\"articleSection\":[\"EDUCA\u00c7\u00c3O\",\"OPINI\u00c3O\"],\"inLanguage\":\"pt-PT\",\"potentialAction\":[{\"@type\":\"CommentAction\",\"name\":\"Comment\",\"target\":[\"https:\\\/\\\/inclusivenews.com.br\\\/?p=22268#respond\"]}]},{\"@type\":\"WebPage\",\"@id\":\"https:\\\/\\\/inclusivenews.com.br\\\/?p=22268\",\"url\":\"https:\\\/\\\/inclusivenews.com.br\\\/?p=22268\",\"name\":\"Da vagabundiza\u00e7\u00e3o ao esquecimento -\",\"isPartOf\":{\"@id\":\"https:\\\/\\\/inclusivenews.com.br\\\/#website\"},\"primaryImageOfPage\":{\"@id\":\"https:\\\/\\\/inclusivenews.com.br\\\/?p=22268#primaryimage\"},\"image\":{\"@id\":\"https:\\\/\\\/inclusivenews.com.br\\\/?p=22268#primaryimage\"},\"thumbnailUrl\":\"http:\\\/\\\/inclusivenews.com.br\\\/wp-content\\\/uploads\\\/2011\\\/04\\\/professor-maca.jpg\",\"datePublished\":\"2012-03-28T19:30:21+00:00\",\"breadcrumb\":{\"@id\":\"https:\\\/\\\/inclusivenews.com.br\\\/?p=22268#breadcrumb\"},\"inLanguage\":\"pt-PT\",\"potentialAction\":[{\"@type\":\"ReadAction\",\"target\":[\"https:\\\/\\\/inclusivenews.com.br\\\/?p=22268\"]}]},{\"@type\":\"ImageObject\",\"inLanguage\":\"pt-PT\",\"@id\":\"https:\\\/\\\/inclusivenews.com.br\\\/?p=22268#primaryimage\",\"url\":\"\",\"contentUrl\":\"\"},{\"@type\":\"BreadcrumbList\",\"@id\":\"https:\\\/\\\/inclusivenews.com.br\\\/?p=22268#breadcrumb\",\"itemListElement\":[{\"@type\":\"ListItem\",\"position\":1,\"name\":\"In\u00edcio\",\"item\":\"https:\\\/\\\/inclusivenews.com.br\\\/\"},{\"@type\":\"ListItem\",\"position\":2,\"name\":\"Da vagabundiza\u00e7\u00e3o ao esquecimento\"}]},{\"@type\":\"WebSite\",\"@id\":\"https:\\\/\\\/inclusivenews.com.br\\\/#website\",\"url\":\"https:\\\/\\\/inclusivenews.com.br\\\/\",\"name\":\"Inclusive News\",\"description\":\"Inclusive News\",\"publisher\":{\"@id\":\"https:\\\/\\\/inclusivenews.com.br\\\/#organization\"},\"potentialAction\":[{\"@type\":\"SearchAction\",\"target\":{\"@type\":\"EntryPoint\",\"urlTemplate\":\"https:\\\/\\\/inclusivenews.com.br\\\/?s={search_term_string}\"},\"query-input\":{\"@type\":\"PropertyValueSpecification\",\"valueRequired\":true,\"valueName\":\"search_term_string\"}}],\"inLanguage\":\"pt-PT\"},{\"@type\":\"Organization\",\"@id\":\"https:\\\/\\\/inclusivenews.com.br\\\/#organization\",\"name\":\"Inclusive - inclus\u00e3o e cidadania\",\"url\":\"https:\\\/\\\/inclusivenews.com.br\\\/\",\"logo\":{\"@type\":\"ImageObject\",\"inLanguage\":\"pt-PT\",\"@id\":\"https:\\\/\\\/inclusivenews.com.br\\\/#\\\/schema\\\/logo\\\/image\\\/\",\"url\":\"https:\\\/\\\/inclusivenews.com.br\\\/wp-content\\\/uploads\\\/2024\\\/03\\\/@grandesite.png\",\"contentUrl\":\"https:\\\/\\\/inclusivenews.com.br\\\/wp-content\\\/uploads\\\/2024\\\/03\\\/@grandesite.png\",\"width\":1080,\"height\":1080,\"caption\":\"Inclusive - inclus\u00e3o e cidadania\"},\"image\":{\"@id\":\"https:\\\/\\\/inclusivenews.com.br\\\/#\\\/schema\\\/logo\\\/image\\\/\"},\"sameAs\":[\"https:\\\/\\\/www.facebook.com\\\/agenciainclusive\\\/\",\"https:\\\/\\\/www.instagram.com\\\/newsinclusive\\\/\"]},{\"@type\":\"Person\",\"@id\":\"https:\\\/\\\/inclusivenews.com.br\\\/#\\\/schema\\\/person\\\/ae4ec7087559b8692fb33b6fffd2273b\",\"name\":\"inclusivenews2024\",\"image\":{\"@type\":\"ImageObject\",\"inLanguage\":\"pt-PT\",\"@id\":\"https:\\\/\\\/secure.gravatar.com\\\/avatar\\\/c5a7ef84c66fa914f55bc4f7ce26cfa275a3b9a1c5568b907bd184fb4dde7b40?s=96&d=mm&r=g\",\"url\":\"https:\\\/\\\/secure.gravatar.com\\\/avatar\\\/c5a7ef84c66fa914f55bc4f7ce26cfa275a3b9a1c5568b907bd184fb4dde7b40?s=96&d=mm&r=g\",\"contentUrl\":\"https:\\\/\\\/secure.gravatar.com\\\/avatar\\\/c5a7ef84c66fa914f55bc4f7ce26cfa275a3b9a1c5568b907bd184fb4dde7b40?s=96&d=mm&r=g\",\"caption\":\"inclusivenews2024\"},\"sameAs\":[\"https:\\\/\\\/inclusivenews.com.br\"],\"url\":\"https:\\\/\\\/inclusivenews.com.br\\\/?author=1\"}]}<\/script>\n<!-- \/ Yoast SEO plugin. -->","yoast_head_json":{"title":"Da vagabundiza\u00e7\u00e3o ao esquecimento -","robots":{"index":"index","follow":"follow","max-snippet":"max-snippet:-1","max-image-preview":"max-image-preview:large","max-video-preview":"max-video-preview:-1"},"canonical":"https:\/\/inclusivenews.com.br\/?p=22268","og_locale":"pt_PT","og_type":"article","og_title":"Da vagabundiza\u00e7\u00e3o ao esquecimento -","og_description":"Por Lucio Carvalho - Antes o tema ocupasse o desinteresse habitual que cerca os assuntos ditos insol\u00faveis, como \u00e9 a educa\u00e7\u00e3o p\u00fablica. Talvez assim, pelo menos, os professores pudessem ser poupados de tantos adjetivos negativos e do vilip\u00eandio p\u00fablico. Do Observat\u00f3rio da Imprensa.","og_url":"https:\/\/inclusivenews.com.br\/?p=22268","article_publisher":"https:\/\/www.facebook.com\/agenciainclusive\/","article_published_time":"2012-03-28T19:30:21+00:00","og_image":[{"url":"http:\/\/inclusivenews.com.br\/wp-content\/uploads\/2011\/04\/professor-maca.jpg","type":"","width":"","height":""}],"author":"inclusivenews2024","twitter_card":"summary_large_image","twitter_misc":{"Escrito por":"inclusivenews2024","Tempo estimado de leitura":"4 minutos"},"schema":{"@context":"https:\/\/schema.org","@graph":[{"@type":"Article","@id":"https:\/\/inclusivenews.com.br\/?p=22268#article","isPartOf":{"@id":"https:\/\/inclusivenews.com.br\/?p=22268"},"author":{"name":"inclusivenews2024","@id":"https:\/\/inclusivenews.com.br\/#\/schema\/person\/ae4ec7087559b8692fb33b6fffd2273b"},"headline":"Da vagabundiza\u00e7\u00e3o ao esquecimento","datePublished":"2012-03-28T19:30:21+00:00","mainEntityOfPage":{"@id":"https:\/\/inclusivenews.com.br\/?p=22268"},"wordCount":758,"commentCount":0,"publisher":{"@id":"https:\/\/inclusivenews.com.br\/#organization"},"image":{"@id":"https:\/\/inclusivenews.com.br\/?p=22268#primaryimage"},"thumbnailUrl":"http:\/\/inclusivenews.com.br\/wp-content\/uploads\/2011\/04\/professor-maca.jpg","articleSection":["EDUCA\u00c7\u00c3O","OPINI\u00c3O"],"inLanguage":"pt-PT","potentialAction":[{"@type":"CommentAction","name":"Comment","target":["https:\/\/inclusivenews.com.br\/?p=22268#respond"]}]},{"@type":"WebPage","@id":"https:\/\/inclusivenews.com.br\/?p=22268","url":"https:\/\/inclusivenews.com.br\/?p=22268","name":"Da vagabundiza\u00e7\u00e3o ao esquecimento -","isPartOf":{"@id":"https:\/\/inclusivenews.com.br\/#website"},"primaryImageOfPage":{"@id":"https:\/\/inclusivenews.com.br\/?p=22268#primaryimage"},"image":{"@id":"https:\/\/inclusivenews.com.br\/?p=22268#primaryimage"},"thumbnailUrl":"http:\/\/inclusivenews.com.br\/wp-content\/uploads\/2011\/04\/professor-maca.jpg","datePublished":"2012-03-28T19:30:21+00:00","breadcrumb":{"@id":"https:\/\/inclusivenews.com.br\/?p=22268#breadcrumb"},"inLanguage":"pt-PT","potentialAction":[{"@type":"ReadAction","target":["https:\/\/inclusivenews.com.br\/?p=22268"]}]},{"@type":"ImageObject","inLanguage":"pt-PT","@id":"https:\/\/inclusivenews.com.br\/?p=22268#primaryimage","url":"","contentUrl":""},{"@type":"BreadcrumbList","@id":"https:\/\/inclusivenews.com.br\/?p=22268#breadcrumb","itemListElement":[{"@type":"ListItem","position":1,"name":"In\u00edcio","item":"https:\/\/inclusivenews.com.br\/"},{"@type":"ListItem","position":2,"name":"Da vagabundiza\u00e7\u00e3o ao esquecimento"}]},{"@type":"WebSite","@id":"https:\/\/inclusivenews.com.br\/#website","url":"https:\/\/inclusivenews.com.br\/","name":"Inclusive News","description":"Inclusive News","publisher":{"@id":"https:\/\/inclusivenews.com.br\/#organization"},"potentialAction":[{"@type":"SearchAction","target":{"@type":"EntryPoint","urlTemplate":"https:\/\/inclusivenews.com.br\/?s={search_term_string}"},"query-input":{"@type":"PropertyValueSpecification","valueRequired":true,"valueName":"search_term_string"}}],"inLanguage":"pt-PT"},{"@type":"Organization","@id":"https:\/\/inclusivenews.com.br\/#organization","name":"Inclusive - inclus\u00e3o e cidadania","url":"https:\/\/inclusivenews.com.br\/","logo":{"@type":"ImageObject","inLanguage":"pt-PT","@id":"https:\/\/inclusivenews.com.br\/#\/schema\/logo\/image\/","url":"https:\/\/inclusivenews.com.br\/wp-content\/uploads\/2024\/03\/@grandesite.png","contentUrl":"https:\/\/inclusivenews.com.br\/wp-content\/uploads\/2024\/03\/@grandesite.png","width":1080,"height":1080,"caption":"Inclusive - inclus\u00e3o e cidadania"},"image":{"@id":"https:\/\/inclusivenews.com.br\/#\/schema\/logo\/image\/"},"sameAs":["https:\/\/www.facebook.com\/agenciainclusive\/","https:\/\/www.instagram.com\/newsinclusive\/"]},{"@type":"Person","@id":"https:\/\/inclusivenews.com.br\/#\/schema\/person\/ae4ec7087559b8692fb33b6fffd2273b","name":"inclusivenews2024","image":{"@type":"ImageObject","inLanguage":"pt-PT","@id":"https:\/\/secure.gravatar.com\/avatar\/c5a7ef84c66fa914f55bc4f7ce26cfa275a3b9a1c5568b907bd184fb4dde7b40?s=96&d=mm&r=g","url":"https:\/\/secure.gravatar.com\/avatar\/c5a7ef84c66fa914f55bc4f7ce26cfa275a3b9a1c5568b907bd184fb4dde7b40?s=96&d=mm&r=g","contentUrl":"https:\/\/secure.gravatar.com\/avatar\/c5a7ef84c66fa914f55bc4f7ce26cfa275a3b9a1c5568b907bd184fb4dde7b40?s=96&d=mm&r=g","caption":"inclusivenews2024"},"sameAs":["https:\/\/inclusivenews.com.br"],"url":"https:\/\/inclusivenews.com.br\/?author=1"}]}},"_links":{"self":[{"href":"https:\/\/inclusivenews.com.br\/index.php?rest_route=\/wp\/v2\/posts\/22268","targetHints":{"allow":["GET"]}}],"collection":[{"href":"https:\/\/inclusivenews.com.br\/index.php?rest_route=\/wp\/v2\/posts"}],"about":[{"href":"https:\/\/inclusivenews.com.br\/index.php?rest_route=\/wp\/v2\/types\/post"}],"author":[{"embeddable":true,"href":"https:\/\/inclusivenews.com.br\/index.php?rest_route=\/wp\/v2\/users\/1"}],"replies":[{"embeddable":true,"href":"https:\/\/inclusivenews.com.br\/index.php?rest_route=%2Fwp%2Fv2%2Fcomments&post=22268"}],"version-history":[{"count":0,"href":"https:\/\/inclusivenews.com.br\/index.php?rest_route=\/wp\/v2\/posts\/22268\/revisions"}],"wp:attachment":[{"href":"https:\/\/inclusivenews.com.br\/index.php?rest_route=%2Fwp%2Fv2%2Fmedia&parent=22268"}],"wp:term":[{"taxonomy":"category","embeddable":true,"href":"https:\/\/inclusivenews.com.br\/index.php?rest_route=%2Fwp%2Fv2%2Fcategories&post=22268"},{"taxonomy":"post_tag","embeddable":true,"href":"https:\/\/inclusivenews.com.br\/index.php?rest_route=%2Fwp%2Fv2%2Ftags&post=22268"}],"curies":[{"name":"wp","href":"https:\/\/api.w.org\/{rel}","templated":true}]}}