{"id":22281,"date":"2012-04-02T08:12:43","date_gmt":"2012-04-02T11:12:43","guid":{"rendered":"http:\/\/www.inclusive.org.br\/?p=22281"},"modified":"2012-04-02T08:12:43","modified_gmt":"2012-04-02T11:12:43","slug":"dia-mundial-de-conscientizacao-do-autismo-2012-2","status":"publish","type":"post","link":"https:\/\/inclusivenews.com.br\/?p=22281","title":{"rendered":"Dia Mundial de Conscientiza\u00e7\u00e3o do Autismo 2012"},"content":{"rendered":"<p><a href=\"http:\/\/www.inclusivenews.com.br\/wp-content\/uploads\/Logo_Dia_A.jpg\"><img loading=\"lazy\" decoding=\"async\" class=\"alignleft size-medium wp-image-22241\" title=\"Dia A - Dia Mundial de Conscientiza\u00e7\u00e3o do Autismo\" src=\"http:\/\/inclusivenews.com.br\/wp-content\/uploads\/Logo_Dia_A-183x300.jpg\" alt=\"\" width=\"183\" height=\"300\" \/><\/a><\/p>\n<p>Todo 2 de abril comemora-se o Dia Mundial da Conscientiza\u00e7\u00e3o do Autismo, data decretada pela ONU (Organiza\u00e7\u00e3o das Na\u00e7\u00f5es Unidas), desde 2008, pedindo mais aten\u00e7\u00e3o ao transtorno do espectro autista (nome &#8220;oficial&#8221; do autismo), cuja incid\u00eancia em crian\u00e7as \u00e9 mais comum e maior do que a soma dos casos de AIDS, c\u00e2ncer e diabetes juntos. No Brasil estima-se que tenhamos 2 milh\u00f5es de autistas, mais da metada ainda sem diagn\u00f3stico.<\/p>\n<p>O Brasil fez o maior evento de sua hist\u00f3ria para a data no ano passado (2011) em todos os Estados. E agora, em 2012, repete-se com ainda mais for\u00e7a, monumentos ser\u00e3o iluminados de azul na data, como o Cristo Redentor (no Rio de Janeiro), a Ponte Estaiada, o Viaduto do Ch\u00e1, o Monumento \u00e0 Bandeira, a Fiesp e a Assembleia Legislativa (em S\u00e3o Paulo), a torre da Unisa do Gas\u00f4metro (em Porto Alegre), o pr\u00e9dio do Minist\u00e9rio da Sa\u00fade (em Bras\u00edlia) e muitos outros locais (veja a lista completa em http:\/\/RevistaAutismo.com.br\/DiaMundial. No mundo estar\u00e3o iluminados tamb\u00e9m v\u00e1rios cart\u00f5es-postais, como o Empire State Building (nos Estados Unidos), a CN Tower (no Canad\u00e1) entre outros \u2014 \u00e9 o movimento mundial chamado &#8220;Light It Up Blue&#8221;, iniciado pelos estadunidenses. O azul foi definido como a cor s\u00edmbolo do autismo, porque a s\u00edndrome \u00e9 mais comum nos meninos \u2014 na propor\u00e7\u00e3o de quatro meninos para cada menina. A ideia \u00e9 iluminar pontos importantes do planeta na cor azul para chamar a aten\u00e7\u00e3o da sociedade, poder falar sobre autismo e levantar a discuss\u00e3o a respeito dessa complexa s\u00edndrome. O logo brasileiro do &#8220;Dia A&#8221;, adaptado pelo publicit\u00e1rio Martim Fanucchi sobre a arte do logo oficial, assim como o cartaz e o v\u00eddeo da campanha est\u00e3o dispon\u00edveis no site RevistaAutismo.com.br\/DiaMundial, p\u00e1gina oficial do evento no Brasil. Martim \u00e9 editor de Arte da \u00fanica revista a respeito dessa s\u00edndrome na Am\u00e9rica Latina, a Revista Autismo, uma publica\u00e7\u00e3o gratuita, sem fins lucrativos, feita por pais de autistas, que pode ser acessada \u00edntegralmente no site citado, sem restri\u00e7\u00f5es.<\/p>\n<p>\u00c0 espera dos deputados federais<\/p>\n<p>Muitos podem pensar que autismo \u00e9 algo raro, por\u00e9m, os n\u00fameros aceitos pela comunidade internacional s\u00e3o de um autista para cada 110, estat\u00edstica do CDC (Center of Deseases Control and Prevention), \u00f3rg\u00e3o do governo dos Estados Unidos. N\u00fameros alarmantes, que deveriam colocar o autismo entre as prioridades nas pol\u00edticas de sa\u00fade p\u00fablica.<\/p>\n<p>Em junho de 2011, o Senado aprovou um projeto de lei que garantir\u00e1 direitos e atendimento aos autistas do Brasil \u2014 que atualmente n\u00e3o contam com tratamento pela rede p\u00fablica de sa\u00fade.  Para ir \u00e0 san\u00e7\u00e3o da presidente Dilma e virar lei, o projeto precisa ainda ser aprovado pela C\u00e2mara Federal, mas est\u00e1 parado sem entrar na pauta dos deputados h\u00e1 mais de oito meses. Muitos pais perguntam: &#8220;At\u00e9 quando?&#8221; \u2014 o andamento do projeto pode ser acompanhado online em http:\/\/LeiFederal.RevistaAutismo.com.br com informa\u00e7\u00f5es do site da C\u00e2mara. O autismo n\u00e3o \u00e9 considerado uma defici\u00eancia f\u00edsica nem mental, portanto n\u00e3o se encaixa na maioria dos direitos j\u00e1 conquistados pelas pessoas com defici\u00eancias no pa\u00eds. No in\u00edcio deste ano, no Rio de Janeiro (RJ) e em Belo Horizonte (MG) pais se mobilizaram para derrubar vetos do Executivo a leis que beneficiam os autistas.<\/p>\n<p>Outro epis\u00f3dio de destaque em 2011, foi o lan\u00e7amento no Brasil do primeiro videoclipe a respeito de autismo, com a m\u00fasica &#8220;At\u00e9 o Fim&#8221;, da cantora Fantine Th\u00f3 (ex-integrante do grupo Rouge), dirigido pelo cineasta Marco Rodrigues \u2014 o clipe pode ser visto online no Youtube e na MTV Brasil.<\/p>\n<p>V\u00e1rios n\u00edveis no espectro<\/p>\n<p>Um dos \u00fanicos consensos entre a comunidade m\u00e9dica em todo o mundo \u00e9 de que quanto antes o diagn\u00f3stico for feito e o tratamento iniciado, melhor ser\u00e1 a qualidade de vida da pessoa com autismo. A fim de auxiliar a descoberta precoce e para que a sociedade comece a conhecer os sutis sinais do autismo em beb\u00eas e crian\u00e7as cada vez mais cedo, a editora M.Books est\u00e1 lan\u00e7ando o livro &#8220;Autismo \u2014 N\u00e3o espere, aja logo!&#8221; (132 p\u00e1ginas, R$ 39), sem linguagem t\u00e9cnica, de leigo para leigo, do jornalista Paiva Junior, pai de um garoto que est\u00e1 no espectro do autismo e editor-chefe da Revista Autismo. O livro, que tem pref\u00e1cio do neuropediatra Jos\u00e9 Salom\u00e3o Schwartzman e contra-capa com texto do neurocientista Alysson Muotri, da Universidade da Calif\u00f3rnia (EUA), poder\u00e1 ser encontrado no site do autor (PaivaJunior.com.br) a partir de abril, o m\u00eas do autismo.<\/p>\n<p>Para muitos, o autismo remete \u00e0 imagem dos casos mais graves, por\u00e9m h\u00e1 v\u00e1rios n\u00edveis dentro do espectro autista. Nos limites dessa varia\u00e7\u00e3o, h\u00e1 desde casos com s\u00e9rios comprometimentos do c\u00e9rebro, at\u00e9 raros casos com diversas habilidades mentais, como a S\u00edndrome de Asperger (um tipo leve de autismo) \u2013 atribu\u00edda inclusive aos g\u00eanios Leonardo Da Vinci, Michel\u00e2ngelo, Mozart e Einstein. Mas \u00e9 preciso desfazer o mito de que todo autista tem \u201csuperpoderes\u201d. Os casos de genialidade s\u00e3o rar\u00edssimos.<\/p>\n<p>A medicina e a ci\u00eancia, de um modo geral, sabem muito pouco sobre o autismo, descrito pela primeira vez em 1943 e somente 1993 inclu\u00eddo na Classifica\u00e7\u00e3o Internacional de Doen\u00e7as (CID 10) da Organiza\u00e7\u00e3o Mundial de Sa\u00fade como um Transtorno do Desenvolvimento, que afeta a comunica\u00e7\u00e3o, a socializa\u00e7\u00e3o e o comportamento.<\/p>\n<p>Outro mito \u00e9 o de que o autista vive em seu pr\u00f3prio mundo. N\u00e3o. Ele vive em nosso mundo. Muitos autistas, por\u00e9m, t\u00eam dificuldade em interagir e se comunicar, por isso n\u00e3o estabelecem uma conversa, ou mant\u00eam uma brincadeira, e tendem a isolar-se \u2014 n\u00e3o porque querem, mas por n\u00e3o conseguirem. Ao pensar que o autista n\u00e3o tem um mundo pr\u00f3prio, teremos mais chances de inclu\u00ed-lo em &#8220;nosso mundo&#8221; com o respeito que merecem, pois preconceito se combate com informa\u00e7\u00e3o. Para contribuir, procure saber mais sobre o autismo e ajude a divulgar o 2 de abril.<\/p>\n<p><a href=\"http:\/\/www.revistaautismo.com.br\/diamundial\">Eventos programados para 2012 <\/a><\/p>\n<p>Fonte: <a href=\"http:\/\/www.revistaautismo.com.br\/diamundial2012\">Revista Autismo<\/a><\/p>\n","protected":false},"excerpt":{"rendered":"<p>Todo 2 de abril comemora-se o Dia Mundial da Conscientiza\u00e7\u00e3o do Autismo, data decretada pela ONU (Organiza\u00e7\u00e3o das Na\u00e7\u00f5es Unidas), desde 2008, pedindo mais aten\u00e7\u00e3o ao transtorno do espectro autista (nome &#8220;oficial&#8221; do autismo), cuja incid\u00eancia em crian\u00e7as \u00e9 mais comum e maior do que a soma dos casos de AIDS, c\u00e2ncer e diabetes juntos. No Brasil estima-se que tenhamos 2 milh\u00f5es de autistas, mais da metada ainda sem diagn\u00f3stico. Da Revista Autismo.<\/p>\n","protected":false},"author":1,"featured_media":0,"comment_status":"open","ping_status":"open","sticky":false,"template":"","format":"standard","meta":{"site-container-style":"default","site-container-layout":"default","site-sidebar-layout":"default","disable-article-header":"default","disable-site-header":"default","disable-site-footer":"default","disable-content-area-spacing":"default","footnotes":""},"categories":[3],"tags":[34],"class_list":["post-22281","post","type-post","status-publish","format-standard","hentry","category-campanhas","tag-autismo"],"yoast_head":"<!-- This site is optimized with the Yoast SEO plugin v27.4 - https:\/\/yoast.com\/product\/yoast-seo-wordpress\/ -->\n<title>Dia Mundial de Conscientiza\u00e7\u00e3o do Autismo 2012 -<\/title>\n<meta name=\"robots\" content=\"index, follow, max-snippet:-1, max-image-preview:large, max-video-preview:-1\" \/>\n<link rel=\"canonical\" href=\"https:\/\/inclusivenews.com.br\/?p=22281\" \/>\n<meta property=\"og:locale\" content=\"pt_PT\" \/>\n<meta property=\"og:type\" content=\"article\" \/>\n<meta property=\"og:title\" content=\"Dia Mundial de Conscientiza\u00e7\u00e3o do Autismo 2012 -\" \/>\n<meta property=\"og:description\" content=\"Todo 2 de abril comemora-se o Dia Mundial da Conscientiza\u00e7\u00e3o do Autismo, data decretada pela ONU (Organiza\u00e7\u00e3o das Na\u00e7\u00f5es Unidas), desde 2008, pedindo mais aten\u00e7\u00e3o ao transtorno do espectro autista (nome &quot;oficial&quot; do autismo), cuja incid\u00eancia em crian\u00e7as \u00e9 mais comum e maior do que a soma dos casos de AIDS, c\u00e2ncer e diabetes juntos. No Brasil estima-se que tenhamos 2 milh\u00f5es de autistas, mais da metada ainda sem diagn\u00f3stico. Da Revista Autismo.\" \/>\n<meta property=\"og:url\" content=\"https:\/\/inclusivenews.com.br\/?p=22281\" \/>\n<meta property=\"article:publisher\" content=\"https:\/\/www.facebook.com\/agenciainclusive\/\" \/>\n<meta property=\"article:published_time\" content=\"2012-04-02T11:12:43+00:00\" \/>\n<meta property=\"og:image\" content=\"http:\/\/inclusivenews.com.br\/wp-content\/uploads\/Logo_Dia_A-183x300.jpg\" \/>\n<meta name=\"author\" content=\"inclusivenews2024\" \/>\n<meta name=\"twitter:card\" content=\"summary_large_image\" \/>\n<meta name=\"twitter:label1\" content=\"Escrito por\" \/>\n\t<meta name=\"twitter:data1\" content=\"inclusivenews2024\" \/>\n\t<meta name=\"twitter:label2\" content=\"Tempo estimado de leitura\" \/>\n\t<meta name=\"twitter:data2\" content=\"5 minutos\" \/>\n<script type=\"application\/ld+json\" class=\"yoast-schema-graph\">{\"@context\":\"https:\\\/\\\/schema.org\",\"@graph\":[{\"@type\":\"Article\",\"@id\":\"https:\\\/\\\/inclusivenews.com.br\\\/?p=22281#article\",\"isPartOf\":{\"@id\":\"https:\\\/\\\/inclusivenews.com.br\\\/?p=22281\"},\"author\":{\"name\":\"inclusivenews2024\",\"@id\":\"https:\\\/\\\/inclusivenews.com.br\\\/#\\\/schema\\\/person\\\/ae4ec7087559b8692fb33b6fffd2273b\"},\"headline\":\"Dia Mundial de Conscientiza\u00e7\u00e3o do Autismo 2012\",\"datePublished\":\"2012-04-02T11:12:43+00:00\",\"mainEntityOfPage\":{\"@id\":\"https:\\\/\\\/inclusivenews.com.br\\\/?p=22281\"},\"wordCount\":1051,\"commentCount\":0,\"publisher\":{\"@id\":\"https:\\\/\\\/inclusivenews.com.br\\\/#organization\"},\"image\":{\"@id\":\"https:\\\/\\\/inclusivenews.com.br\\\/?p=22281#primaryimage\"},\"thumbnailUrl\":\"http:\\\/\\\/inclusivenews.com.br\\\/wp-content\\\/uploads\\\/Logo_Dia_A-183x300.jpg\",\"keywords\":[\"Autismo\"],\"articleSection\":[\"CAMPANHAS\"],\"inLanguage\":\"pt-PT\",\"potentialAction\":[{\"@type\":\"CommentAction\",\"name\":\"Comment\",\"target\":[\"https:\\\/\\\/inclusivenews.com.br\\\/?p=22281#respond\"]}]},{\"@type\":\"WebPage\",\"@id\":\"https:\\\/\\\/inclusivenews.com.br\\\/?p=22281\",\"url\":\"https:\\\/\\\/inclusivenews.com.br\\\/?p=22281\",\"name\":\"Dia Mundial de Conscientiza\u00e7\u00e3o do Autismo 2012 -\",\"isPartOf\":{\"@id\":\"https:\\\/\\\/inclusivenews.com.br\\\/#website\"},\"primaryImageOfPage\":{\"@id\":\"https:\\\/\\\/inclusivenews.com.br\\\/?p=22281#primaryimage\"},\"image\":{\"@id\":\"https:\\\/\\\/inclusivenews.com.br\\\/?p=22281#primaryimage\"},\"thumbnailUrl\":\"http:\\\/\\\/inclusivenews.com.br\\\/wp-content\\\/uploads\\\/Logo_Dia_A-183x300.jpg\",\"datePublished\":\"2012-04-02T11:12:43+00:00\",\"breadcrumb\":{\"@id\":\"https:\\\/\\\/inclusivenews.com.br\\\/?p=22281#breadcrumb\"},\"inLanguage\":\"pt-PT\",\"potentialAction\":[{\"@type\":\"ReadAction\",\"target\":[\"https:\\\/\\\/inclusivenews.com.br\\\/?p=22281\"]}]},{\"@type\":\"ImageObject\",\"inLanguage\":\"pt-PT\",\"@id\":\"https:\\\/\\\/inclusivenews.com.br\\\/?p=22281#primaryimage\",\"url\":\"\",\"contentUrl\":\"\"},{\"@type\":\"BreadcrumbList\",\"@id\":\"https:\\\/\\\/inclusivenews.com.br\\\/?p=22281#breadcrumb\",\"itemListElement\":[{\"@type\":\"ListItem\",\"position\":1,\"name\":\"In\u00edcio\",\"item\":\"https:\\\/\\\/inclusivenews.com.br\\\/\"},{\"@type\":\"ListItem\",\"position\":2,\"name\":\"Dia Mundial de Conscientiza\u00e7\u00e3o do Autismo 2012\"}]},{\"@type\":\"WebSite\",\"@id\":\"https:\\\/\\\/inclusivenews.com.br\\\/#website\",\"url\":\"https:\\\/\\\/inclusivenews.com.br\\\/\",\"name\":\"Inclusive News\",\"description\":\"Inclusive News\",\"publisher\":{\"@id\":\"https:\\\/\\\/inclusivenews.com.br\\\/#organization\"},\"potentialAction\":[{\"@type\":\"SearchAction\",\"target\":{\"@type\":\"EntryPoint\",\"urlTemplate\":\"https:\\\/\\\/inclusivenews.com.br\\\/?s={search_term_string}\"},\"query-input\":{\"@type\":\"PropertyValueSpecification\",\"valueRequired\":true,\"valueName\":\"search_term_string\"}}],\"inLanguage\":\"pt-PT\"},{\"@type\":\"Organization\",\"@id\":\"https:\\\/\\\/inclusivenews.com.br\\\/#organization\",\"name\":\"Inclusive - inclus\u00e3o e cidadania\",\"url\":\"https:\\\/\\\/inclusivenews.com.br\\\/\",\"logo\":{\"@type\":\"ImageObject\",\"inLanguage\":\"pt-PT\",\"@id\":\"https:\\\/\\\/inclusivenews.com.br\\\/#\\\/schema\\\/logo\\\/image\\\/\",\"url\":\"https:\\\/\\\/inclusivenews.com.br\\\/wp-content\\\/uploads\\\/2024\\\/03\\\/@grandesite.png\",\"contentUrl\":\"https:\\\/\\\/inclusivenews.com.br\\\/wp-content\\\/uploads\\\/2024\\\/03\\\/@grandesite.png\",\"width\":1080,\"height\":1080,\"caption\":\"Inclusive - inclus\u00e3o e cidadania\"},\"image\":{\"@id\":\"https:\\\/\\\/inclusivenews.com.br\\\/#\\\/schema\\\/logo\\\/image\\\/\"},\"sameAs\":[\"https:\\\/\\\/www.facebook.com\\\/agenciainclusive\\\/\",\"https:\\\/\\\/www.instagram.com\\\/newsinclusive\\\/\"]},{\"@type\":\"Person\",\"@id\":\"https:\\\/\\\/inclusivenews.com.br\\\/#\\\/schema\\\/person\\\/ae4ec7087559b8692fb33b6fffd2273b\",\"name\":\"inclusivenews2024\",\"image\":{\"@type\":\"ImageObject\",\"inLanguage\":\"pt-PT\",\"@id\":\"https:\\\/\\\/secure.gravatar.com\\\/avatar\\\/c5a7ef84c66fa914f55bc4f7ce26cfa275a3b9a1c5568b907bd184fb4dde7b40?s=96&d=mm&r=g\",\"url\":\"https:\\\/\\\/secure.gravatar.com\\\/avatar\\\/c5a7ef84c66fa914f55bc4f7ce26cfa275a3b9a1c5568b907bd184fb4dde7b40?s=96&d=mm&r=g\",\"contentUrl\":\"https:\\\/\\\/secure.gravatar.com\\\/avatar\\\/c5a7ef84c66fa914f55bc4f7ce26cfa275a3b9a1c5568b907bd184fb4dde7b40?s=96&d=mm&r=g\",\"caption\":\"inclusivenews2024\"},\"sameAs\":[\"https:\\\/\\\/inclusivenews.com.br\"],\"url\":\"https:\\\/\\\/inclusivenews.com.br\\\/?author=1\"}]}<\/script>\n<!-- \/ Yoast SEO plugin. -->","yoast_head_json":{"title":"Dia Mundial de Conscientiza\u00e7\u00e3o do Autismo 2012 -","robots":{"index":"index","follow":"follow","max-snippet":"max-snippet:-1","max-image-preview":"max-image-preview:large","max-video-preview":"max-video-preview:-1"},"canonical":"https:\/\/inclusivenews.com.br\/?p=22281","og_locale":"pt_PT","og_type":"article","og_title":"Dia Mundial de Conscientiza\u00e7\u00e3o do Autismo 2012 -","og_description":"Todo 2 de abril comemora-se o Dia Mundial da Conscientiza\u00e7\u00e3o do Autismo, data decretada pela ONU (Organiza\u00e7\u00e3o das Na\u00e7\u00f5es Unidas), desde 2008, pedindo mais aten\u00e7\u00e3o ao transtorno do espectro autista (nome \"oficial\" do autismo), cuja incid\u00eancia em crian\u00e7as \u00e9 mais comum e maior do que a soma dos casos de AIDS, c\u00e2ncer e diabetes juntos. No Brasil estima-se que tenhamos 2 milh\u00f5es de autistas, mais da metada ainda sem diagn\u00f3stico. Da Revista Autismo.","og_url":"https:\/\/inclusivenews.com.br\/?p=22281","article_publisher":"https:\/\/www.facebook.com\/agenciainclusive\/","article_published_time":"2012-04-02T11:12:43+00:00","og_image":[{"url":"http:\/\/inclusivenews.com.br\/wp-content\/uploads\/Logo_Dia_A-183x300.jpg","type":"","width":"","height":""}],"author":"inclusivenews2024","twitter_card":"summary_large_image","twitter_misc":{"Escrito por":"inclusivenews2024","Tempo estimado de leitura":"5 minutos"},"schema":{"@context":"https:\/\/schema.org","@graph":[{"@type":"Article","@id":"https:\/\/inclusivenews.com.br\/?p=22281#article","isPartOf":{"@id":"https:\/\/inclusivenews.com.br\/?p=22281"},"author":{"name":"inclusivenews2024","@id":"https:\/\/inclusivenews.com.br\/#\/schema\/person\/ae4ec7087559b8692fb33b6fffd2273b"},"headline":"Dia Mundial de Conscientiza\u00e7\u00e3o do Autismo 2012","datePublished":"2012-04-02T11:12:43+00:00","mainEntityOfPage":{"@id":"https:\/\/inclusivenews.com.br\/?p=22281"},"wordCount":1051,"commentCount":0,"publisher":{"@id":"https:\/\/inclusivenews.com.br\/#organization"},"image":{"@id":"https:\/\/inclusivenews.com.br\/?p=22281#primaryimage"},"thumbnailUrl":"http:\/\/inclusivenews.com.br\/wp-content\/uploads\/Logo_Dia_A-183x300.jpg","keywords":["Autismo"],"articleSection":["CAMPANHAS"],"inLanguage":"pt-PT","potentialAction":[{"@type":"CommentAction","name":"Comment","target":["https:\/\/inclusivenews.com.br\/?p=22281#respond"]}]},{"@type":"WebPage","@id":"https:\/\/inclusivenews.com.br\/?p=22281","url":"https:\/\/inclusivenews.com.br\/?p=22281","name":"Dia Mundial de Conscientiza\u00e7\u00e3o do Autismo 2012 -","isPartOf":{"@id":"https:\/\/inclusivenews.com.br\/#website"},"primaryImageOfPage":{"@id":"https:\/\/inclusivenews.com.br\/?p=22281#primaryimage"},"image":{"@id":"https:\/\/inclusivenews.com.br\/?p=22281#primaryimage"},"thumbnailUrl":"http:\/\/inclusivenews.com.br\/wp-content\/uploads\/Logo_Dia_A-183x300.jpg","datePublished":"2012-04-02T11:12:43+00:00","breadcrumb":{"@id":"https:\/\/inclusivenews.com.br\/?p=22281#breadcrumb"},"inLanguage":"pt-PT","potentialAction":[{"@type":"ReadAction","target":["https:\/\/inclusivenews.com.br\/?p=22281"]}]},{"@type":"ImageObject","inLanguage":"pt-PT","@id":"https:\/\/inclusivenews.com.br\/?p=22281#primaryimage","url":"","contentUrl":""},{"@type":"BreadcrumbList","@id":"https:\/\/inclusivenews.com.br\/?p=22281#breadcrumb","itemListElement":[{"@type":"ListItem","position":1,"name":"In\u00edcio","item":"https:\/\/inclusivenews.com.br\/"},{"@type":"ListItem","position":2,"name":"Dia Mundial de Conscientiza\u00e7\u00e3o do Autismo 2012"}]},{"@type":"WebSite","@id":"https:\/\/inclusivenews.com.br\/#website","url":"https:\/\/inclusivenews.com.br\/","name":"Inclusive News","description":"Inclusive News","publisher":{"@id":"https:\/\/inclusivenews.com.br\/#organization"},"potentialAction":[{"@type":"SearchAction","target":{"@type":"EntryPoint","urlTemplate":"https:\/\/inclusivenews.com.br\/?s={search_term_string}"},"query-input":{"@type":"PropertyValueSpecification","valueRequired":true,"valueName":"search_term_string"}}],"inLanguage":"pt-PT"},{"@type":"Organization","@id":"https:\/\/inclusivenews.com.br\/#organization","name":"Inclusive - inclus\u00e3o e cidadania","url":"https:\/\/inclusivenews.com.br\/","logo":{"@type":"ImageObject","inLanguage":"pt-PT","@id":"https:\/\/inclusivenews.com.br\/#\/schema\/logo\/image\/","url":"https:\/\/inclusivenews.com.br\/wp-content\/uploads\/2024\/03\/@grandesite.png","contentUrl":"https:\/\/inclusivenews.com.br\/wp-content\/uploads\/2024\/03\/@grandesite.png","width":1080,"height":1080,"caption":"Inclusive - inclus\u00e3o e cidadania"},"image":{"@id":"https:\/\/inclusivenews.com.br\/#\/schema\/logo\/image\/"},"sameAs":["https:\/\/www.facebook.com\/agenciainclusive\/","https:\/\/www.instagram.com\/newsinclusive\/"]},{"@type":"Person","@id":"https:\/\/inclusivenews.com.br\/#\/schema\/person\/ae4ec7087559b8692fb33b6fffd2273b","name":"inclusivenews2024","image":{"@type":"ImageObject","inLanguage":"pt-PT","@id":"https:\/\/secure.gravatar.com\/avatar\/c5a7ef84c66fa914f55bc4f7ce26cfa275a3b9a1c5568b907bd184fb4dde7b40?s=96&d=mm&r=g","url":"https:\/\/secure.gravatar.com\/avatar\/c5a7ef84c66fa914f55bc4f7ce26cfa275a3b9a1c5568b907bd184fb4dde7b40?s=96&d=mm&r=g","contentUrl":"https:\/\/secure.gravatar.com\/avatar\/c5a7ef84c66fa914f55bc4f7ce26cfa275a3b9a1c5568b907bd184fb4dde7b40?s=96&d=mm&r=g","caption":"inclusivenews2024"},"sameAs":["https:\/\/inclusivenews.com.br"],"url":"https:\/\/inclusivenews.com.br\/?author=1"}]}},"_links":{"self":[{"href":"https:\/\/inclusivenews.com.br\/index.php?rest_route=\/wp\/v2\/posts\/22281","targetHints":{"allow":["GET"]}}],"collection":[{"href":"https:\/\/inclusivenews.com.br\/index.php?rest_route=\/wp\/v2\/posts"}],"about":[{"href":"https:\/\/inclusivenews.com.br\/index.php?rest_route=\/wp\/v2\/types\/post"}],"author":[{"embeddable":true,"href":"https:\/\/inclusivenews.com.br\/index.php?rest_route=\/wp\/v2\/users\/1"}],"replies":[{"embeddable":true,"href":"https:\/\/inclusivenews.com.br\/index.php?rest_route=%2Fwp%2Fv2%2Fcomments&post=22281"}],"version-history":[{"count":0,"href":"https:\/\/inclusivenews.com.br\/index.php?rest_route=\/wp\/v2\/posts\/22281\/revisions"}],"wp:attachment":[{"href":"https:\/\/inclusivenews.com.br\/index.php?rest_route=%2Fwp%2Fv2%2Fmedia&parent=22281"}],"wp:term":[{"taxonomy":"category","embeddable":true,"href":"https:\/\/inclusivenews.com.br\/index.php?rest_route=%2Fwp%2Fv2%2Fcategories&post=22281"},{"taxonomy":"post_tag","embeddable":true,"href":"https:\/\/inclusivenews.com.br\/index.php?rest_route=%2Fwp%2Fv2%2Ftags&post=22281"}],"curies":[{"name":"wp","href":"https:\/\/api.w.org\/{rel}","templated":true}]}}